{"id":3872,"date":"2019-03-21T18:10:35","date_gmt":"2019-03-21T18:10:35","guid":{"rendered":"http:\/\/noti-america.com\/site\/mexico\/?p=3872"},"modified":"2019-03-21T18:10:35","modified_gmt":"2019-03-21T18:10:35","slug":"la-muerte-en-cifras","status":"publish","type":"post","link":"https:\/\/noti-america.com\/site\/mexico\/2019\/03\/21\/la-muerte-en-cifras\/","title":{"rendered":"La muerte en cifras"},"content":{"rendered":"<h3><img loading=\"lazy\" decoding=\"async\" class=\" wp-image-3873 aligncenter\" src=\"http:\/\/noti-america.com\/site\/mexico\/wp-content\/uploads\/sites\/13\/2019\/03\/1-46-300x171.jpg\" alt=\"\" width=\"442\" height=\"252\" srcset=\"https:\/\/noti-america.com\/site\/mexico\/wp-content\/uploads\/sites\/13\/2019\/03\/1-46-300x171.jpg 300w, https:\/\/noti-america.com\/site\/mexico\/wp-content\/uploads\/sites\/13\/2019\/03\/1-46-768x438.jpg 768w, https:\/\/noti-america.com\/site\/mexico\/wp-content\/uploads\/sites\/13\/2019\/03\/1-46-1024x584.jpg 1024w, https:\/\/noti-america.com\/site\/mexico\/wp-content\/uploads\/sites\/13\/2019\/03\/1-46.jpg 1960w\" sizes=\"auto, (max-width: 442px) 100vw, 442px\" \/><\/h3>\n<h3><\/h3>\n<h3>Fuente:\u00a0 https:\/\/elpais.com<\/h3>\n<p>&nbsp;<\/p>\n<p dir=\"ltr\">Lo sabemos: M\u00e9xico es un pa\u00eds aplastado por la violencia. Y de tanto en tanto conviene recordar el tama\u00f1o de su horror. Esta semana se present\u00f3 el informe anual del Consejo Ciudadano para la Seguridad P\u00fablica y la Justicia Penal respecto a las 50 ciudades m\u00e1s violentas del mundo, es decir, las que tienen mayor n\u00famero de homicidios por cada 100.000 habitantes. Y el listado que arroja este informe, correspondiente al 2018, contempla ni m\u00e1s ni menos que 15 ciudades mexicanas (insistamos en la dimensi\u00f3n de la tragedia: 15 de 50, casi la tercera parte del total), incluidas las que ocupan los puestos uno, dos, cuatro, cinco y seis. Solo una extranjera, la convulsa Caracas, se nos cuela por ah\u00ed, en el tercer puesto. M\u00e9xico, pues, supera en el n\u00famero de ciudades y en los \u00edndices que presentan a Brasil (con 14 localidades en la lista), Venezuela (con seis), Estados Unidos (con cuatro) y Colombia y Honduras (con dos cada cual). Reinamos en la oscuridad.<\/p>\n<p>Los focos rojos cubren nuestro mapa: Tijuana (con una tasa de 138,6 homicidios anuales por cada 100.000 habitantes), Acapulco (110,50), Ciudad Victoria (86,01), Ciudad Ju\u00e1rez (85,56) e Irapuato (peque\u00f1a urbe, por cierto, sin una tradici\u00f3n de sangre como las antes citadas, pero que alcanza una tasa de 81,44) copan la cima del triste compendio. Pero tambi\u00e9n aparecen por all\u00ed Canc\u00fan (en el puesto 13), Culiac\u00e1n (en el 16), Uruapan (18), Ciudad Obreg\u00f3n (20), Coatzacoalcos (26), Celaya (32), Ensenada (34), Tepic (36), Reynosa (42) y Chihuahua (49). Un panorama como para llevarse las manos a la cabeza, sin duda. Y remachado por el hecho de que incluso metr\u00f3polis que no aparecen en la lista, como las dos principales del pa\u00eds, es decir, Ciudad de M\u00e9xico y Guadalajara, atraviesan por crisis de seguridad in\u00e9ditas. El propio presidente L\u00f3pez Obrador (a quien no le agrada particularmente hablar del tema) reconoci\u00f3 el mes pasado el aumento notable de los homicidios en la capital y prometi\u00f3 tomar medidas inmediatas. Y en Guadalajara, diciembre de 2018 y febrero de 2019 han sido, con 198 y 199 homicidios respectivamente, los dos meses m\u00e1s violentos desde que se llevan estad\u00edsticas.<\/p>\n<p>Pero pareciera que en este pa\u00eds el problema principal, a veces, no es que las cosas sucedan sino que se digan en voz alta. Y por eso algunos alcaldes de las ciudades que encabezan la lista protestaron de inmediato. Se quejan de que la metodolog\u00eda del Consejo no se basa en las cifras del Secretariado Ejecutivo del Sistema Nacional de Seguridad P\u00fablica sino en las que asienta en sus conteos el Inegi (la diferencia es que las del Secretariado se refieren a las carpetas de investigaci\u00f3n abiertas por homicidio y las del Inegi, a las muertes reportadas en ese rubro, que generalmente arrojan datos distintos). Y se\u00f1alan, adem\u00e1s, que el informe excluye a las urbes de menos de 300.000 habitantes y a las ubicadas en zonas en guerra abierta (es decir, en Siria o algunas \u00e1reas de Ucrania, por ejemplo, en donde llevar estad\u00edsticas precisas es francamente imposible). Pero incluso concedi\u00e9ndoles la importancia de estos matices, queda claro que es un consuelo muy flaco el que ofrecen nuestros pol\u00edticos. Porque lo importante no es que la metodolog\u00eda de un informe (que puede discrepar de cualquier otra) nos ponga en el tope y que, medidas de otro modo las variables, estemos en realidad en el segundo, quinto o d\u00e9cimo lugar del podio del asesinato mundial. Lo crucial es que nuestro pa\u00eds est\u00e1 cubierto de calles, zanjas y fosas cuajadas de cuerpos abatidos. Y lleno de miedo. Que da v\u00e9rtigo.<\/p>\n<p>Y resulta intranquilizador que desde los m\u00e1s altos cargos del nuevo Gobierno federal y m\u00e1s de uno de los nuevos Gobiernos estatales comiencen a emitirse, como en pesadilla, las mismas explicaciones (o excusas) de los Gobiernos anteriores, es decir, que todo se trata de ajustes de cuentas entre criminales. Durante la campa\u00f1a, el actual presidente habl\u00f3 del perd\u00f3n y la reconciliaci\u00f3n. Una vez tomado el poder, ha impulsado el proyecto de una Guardia Nacional para enfrentar el problema. \u00bfPero eso bastar\u00e1? \u00bfQu\u00e9 pasa con el sistema judicial, responsable de la impunidad casi absoluta en que vivimos? \u00bfY con el rebasado y podrido sistema penitenciario? \u00bfQu\u00e9 con las investigaciones pendientes sobre miles de muertos y desaparecidos? \u00bfC\u00f3mo reconciliar a deudos y perjudicados con victimarios que andan tan campantes por las calles? En fin. Hay tantas dudas como v\u00edctimas en espera de justicia.<\/p>\n","protected":false},"excerpt":{"rendered":"<p>Fuente:\u00a0 https:\/\/elpais.com &nbsp; Lo sabemos: M\u00e9xico es un pa\u00eds aplastado por la violencia. Y de tanto en tanto conviene recordar el tama\u00f1o de su horror. Esta semana se present\u00f3 el informe anual del Consejo&#46;&#46;&#46;<\/p>\n","protected":false},"author":28,"featured_media":3873,"comment_status":"open","ping_status":"open","sticky":false,"template":"","format":"standard","meta":{"_acf_changed":false,"om_disable_all_campaigns":false,"rop_custom_images_group":[],"rop_custom_messages_group":[],"rop_publish_now":"initial","rop_publish_now_accounts":{"twitter_242054905_242054905":""},"rop_publish_now_history":[],"rop_publish_now_status":"pending","_uf_show_specific_survey":0,"_uf_disable_surveys":false,"footnotes":""},"categories":[337,12],"tags":[506],"class_list":["post-3872","post","type-post","status-publish","format-standard","has-post-thumbnail","hentry","category-noticias","category-opinion","tag-la-muerte-en-cifras"],"acf":[],"aioseo_notices":[],"yoast_head":"<!-- This site is optimized with the Yoast SEO Premium plugin v24.9 (Yoast SEO v27.2) - https:\/\/yoast.com\/product\/yoast-seo-premium-wordpress\/ -->\n<title>La muerte en cifras - M\u00e9xico<\/title>\n<meta name=\"robots\" content=\"index, follow, max-snippet:-1, max-image-preview:large, max-video-preview:-1\" \/>\n<link rel=\"canonical\" href=\"https:\/\/noti-america.com\/site\/mexico\/2019\/03\/21\/la-muerte-en-cifras\/\" \/>\n<meta property=\"og:locale\" content=\"es_ES\" \/>\n<meta property=\"og:type\" content=\"article\" \/>\n<meta property=\"og:title\" content=\"La muerte en cifras\" \/>\n<meta property=\"og:description\" content=\"Fuente:\u00a0 https:\/\/elpais.com &nbsp; Lo sabemos: M\u00e9xico es un pa\u00eds aplastado por la violencia. Y de tanto en tanto conviene recordar el tama\u00f1o de su horror. Esta semana se present\u00f3 el informe anual del Consejo&#046;&#046;&#046;\" \/>\n<meta property=\"og:url\" content=\"https:\/\/noti-america.com\/site\/mexico\/2019\/03\/21\/la-muerte-en-cifras\/\" \/>\n<meta property=\"og:site_name\" content=\"M\u00e9xico\" \/>\n<meta property=\"article:published_time\" content=\"2019-03-21T18:10:35+00:00\" \/>\n<meta property=\"og:image\" content=\"https:\/\/noti-america.com\/site\/mexico\/wp-content\/uploads\/sites\/13\/2019\/03\/1-46.jpg\" \/>\n\t<meta property=\"og:image:width\" content=\"1960\" \/>\n\t<meta property=\"og:image:height\" content=\"1118\" \/>\n\t<meta property=\"og:image:type\" content=\"image\/jpeg\" \/>\n<meta name=\"author\" content=\"Redacci\u00f3n NA-NY\" \/>\n<meta name=\"twitter:card\" content=\"summary_large_image\" \/>\n<meta name=\"twitter:label1\" content=\"Escrito por\" \/>\n\t<meta name=\"twitter:data1\" content=\"Redacci\u00f3n NA-NY\" \/>\n\t<meta name=\"twitter:label2\" content=\"Tiempo estimado de lectura\" \/>\n\t<meta name=\"twitter:data2\" content=\"4 minutos\" \/>\n<script type=\"application\/ld+json\" class=\"yoast-schema-graph\">{\"@context\":\"https:\/\/schema.org\",\"@graph\":[{\"@type\":\"Article\",\"@id\":\"https:\/\/noti-america.com\/site\/mexico\/2019\/03\/21\/la-muerte-en-cifras\/#article\",\"isPartOf\":{\"@id\":\"https:\/\/noti-america.com\/site\/mexico\/2019\/03\/21\/la-muerte-en-cifras\/\"},\"author\":{\"name\":\"Redacci\u00f3n NA-NY\",\"@id\":\"https:\/\/noti-america.com\/site\/mexico\/#\/schema\/person\/db5a6527aaddfc34b3753d557a1292f0\"},\"headline\":\"La muerte en cifras\",\"datePublished\":\"2019-03-21T18:10:35+00:00\",\"mainEntityOfPage\":{\"@id\":\"https:\/\/noti-america.com\/site\/mexico\/2019\/03\/21\/la-muerte-en-cifras\/\"},\"wordCount\":761,\"commentCount\":0,\"publisher\":{\"@id\":\"https:\/\/noti-america.com\/site\/mexico\/#organization\"},\"image\":{\"@id\":\"https:\/\/noti-america.com\/site\/mexico\/2019\/03\/21\/la-muerte-en-cifras\/#primaryimage\"},\"thumbnailUrl\":\"https:\/\/noti-america.com\/site\/mexico\/wp-content\/uploads\/sites\/13\/2019\/03\/1-46.jpg\",\"keywords\":[\"La muerte en cifras\"],\"articleSection\":[\"Noticias\",\"Opini\u00f3n\"],\"inLanguage\":\"es\",\"potentialAction\":[{\"@type\":\"CommentAction\",\"name\":\"Comment\",\"target\":[\"https:\/\/noti-america.com\/site\/mexico\/2019\/03\/21\/la-muerte-en-cifras\/#respond\"]}]},{\"@type\":\"WebPage\",\"@id\":\"https:\/\/noti-america.com\/site\/mexico\/2019\/03\/21\/la-muerte-en-cifras\/\",\"url\":\"https:\/\/noti-america.com\/site\/mexico\/2019\/03\/21\/la-muerte-en-cifras\/\",\"name\":\"La muerte en cifras - M\u00e9xico\",\"isPartOf\":{\"@id\":\"https:\/\/noti-america.com\/site\/mexico\/#website\"},\"primaryImageOfPage\":{\"@id\":\"https:\/\/noti-america.com\/site\/mexico\/2019\/03\/21\/la-muerte-en-cifras\/#primaryimage\"},\"image\":{\"@id\":\"https:\/\/noti-america.com\/site\/mexico\/2019\/03\/21\/la-muerte-en-cifras\/#primaryimage\"},\"thumbnailUrl\":\"https:\/\/noti-america.com\/site\/mexico\/wp-content\/uploads\/sites\/13\/2019\/03\/1-46.jpg\",\"datePublished\":\"2019-03-21T18:10:35+00:00\",\"breadcrumb\":{\"@id\":\"https:\/\/noti-america.com\/site\/mexico\/2019\/03\/21\/la-muerte-en-cifras\/#breadcrumb\"},\"inLanguage\":\"es\",\"potentialAction\":[{\"@type\":\"ReadAction\",\"target\":[\"https:\/\/noti-america.com\/site\/mexico\/2019\/03\/21\/la-muerte-en-cifras\/\"]}]},{\"@type\":\"ImageObject\",\"inLanguage\":\"es\",\"@id\":\"https:\/\/noti-america.com\/site\/mexico\/2019\/03\/21\/la-muerte-en-cifras\/#primaryimage\",\"url\":\"https:\/\/noti-america.com\/site\/mexico\/wp-content\/uploads\/sites\/13\/2019\/03\/1-46.jpg\",\"contentUrl\":\"https:\/\/noti-america.com\/site\/mexico\/wp-content\/uploads\/sites\/13\/2019\/03\/1-46.jpg\",\"width\":1960,\"height\":1118},{\"@type\":\"BreadcrumbList\",\"@id\":\"https:\/\/noti-america.com\/site\/mexico\/2019\/03\/21\/la-muerte-en-cifras\/#breadcrumb\",\"itemListElement\":[{\"@type\":\"ListItem\",\"position\":1,\"name\":\"Portada\",\"item\":\"https:\/\/noti-america.com\/site\/mexico\/\"},{\"@type\":\"ListItem\",\"position\":2,\"name\":\"La muerte en cifras\"}]},{\"@type\":\"WebSite\",\"@id\":\"https:\/\/noti-america.com\/site\/mexico\/#website\",\"url\":\"https:\/\/noti-america.com\/site\/mexico\/\",\"name\":\"M\u00e9xico | Noti-America.com\",\"description\":\"\",\"publisher\":{\"@id\":\"https:\/\/noti-america.com\/site\/mexico\/#organization\"},\"potentialAction\":[{\"@type\":\"SearchAction\",\"target\":{\"@type\":\"EntryPoint\",\"urlTemplate\":\"https:\/\/noti-america.com\/site\/mexico\/?s={search_term_string}\"},\"query-input\":{\"@type\":\"PropertyValueSpecification\",\"valueRequired\":true,\"valueName\":\"search_term_string\"}}],\"inLanguage\":\"es\"},{\"@type\":\"Organization\",\"@id\":\"https:\/\/noti-america.com\/site\/mexico\/#organization\",\"name\":\"Noti-America LLC | M\u00e9xico\",\"url\":\"https:\/\/noti-america.com\/site\/mexico\/\",\"logo\":{\"@type\":\"ImageObject\",\"inLanguage\":\"es\",\"@id\":\"https:\/\/noti-america.com\/site\/mexico\/#\/schema\/logo\/image\/\",\"url\":\"https:\/\/noti-america.com\/site\/mexico\/wp-content\/uploads\/sites\/13\/2020\/07\/LogoNA-4x3-1.jpg\",\"contentUrl\":\"https:\/\/noti-america.com\/site\/mexico\/wp-content\/uploads\/sites\/13\/2020\/07\/LogoNA-4x3-1.jpg\",\"width\":1236,\"height\":1080,\"caption\":\"Noti-America LLC | M\u00e9xico\"},\"image\":{\"@id\":\"https:\/\/noti-america.com\/site\/mexico\/#\/schema\/logo\/image\/\"}},{\"@type\":\"Person\",\"@id\":\"https:\/\/noti-america.com\/site\/mexico\/#\/schema\/person\/db5a6527aaddfc34b3753d557a1292f0\",\"name\":\"Redacci\u00f3n NA-NY\",\"image\":{\"@type\":\"ImageObject\",\"inLanguage\":\"es\",\"@id\":\"https:\/\/secure.gravatar.com\/avatar\/2bd75bb500a8deb1390f777293a9af32d934c46613d2fbac7cceb2aaa2679ae8?s=96&d=mm&r=g\",\"url\":\"https:\/\/secure.gravatar.com\/avatar\/2bd75bb500a8deb1390f777293a9af32d934c46613d2fbac7cceb2aaa2679ae8?s=96&d=mm&r=g\",\"contentUrl\":\"https:\/\/secure.gravatar.com\/avatar\/2bd75bb500a8deb1390f777293a9af32d934c46613d2fbac7cceb2aaa2679ae8?s=96&d=mm&r=g\",\"caption\":\"Redacci\u00f3n NA-NY\"},\"url\":\"https:\/\/noti-america.com\/site\/mexico\/author\/redaccionny\/\"}]}<\/script>\n<!-- \/ Yoast SEO Premium plugin. -->","yoast_head_json":{"title":"La muerte en cifras - M\u00e9xico","robots":{"index":"index","follow":"follow","max-snippet":"max-snippet:-1","max-image-preview":"max-image-preview:large","max-video-preview":"max-video-preview:-1"},"canonical":"https:\/\/noti-america.com\/site\/mexico\/2019\/03\/21\/la-muerte-en-cifras\/","og_locale":"es_ES","og_type":"article","og_title":"La muerte en cifras","og_description":"Fuente:\u00a0 https:\/\/elpais.com &nbsp; Lo sabemos: M\u00e9xico es un pa\u00eds aplastado por la violencia. Y de tanto en tanto conviene recordar el tama\u00f1o de su horror. Esta semana se present\u00f3 el informe anual del Consejo&#46;&#46;&#46;","og_url":"https:\/\/noti-america.com\/site\/mexico\/2019\/03\/21\/la-muerte-en-cifras\/","og_site_name":"M\u00e9xico","article_published_time":"2019-03-21T18:10:35+00:00","og_image":[{"width":1960,"height":1118,"url":"https:\/\/noti-america.com\/site\/mexico\/wp-content\/uploads\/sites\/13\/2019\/03\/1-46.jpg","type":"image\/jpeg"}],"author":"Redacci\u00f3n NA-NY","twitter_card":"summary_large_image","twitter_misc":{"Escrito por":"Redacci\u00f3n NA-NY","Tiempo estimado de lectura":"4 minutos"},"schema":{"@context":"https:\/\/schema.org","@graph":[{"@type":"Article","@id":"https:\/\/noti-america.com\/site\/mexico\/2019\/03\/21\/la-muerte-en-cifras\/#article","isPartOf":{"@id":"https:\/\/noti-america.com\/site\/mexico\/2019\/03\/21\/la-muerte-en-cifras\/"},"author":{"name":"Redacci\u00f3n NA-NY","@id":"https:\/\/noti-america.com\/site\/mexico\/#\/schema\/person\/db5a6527aaddfc34b3753d557a1292f0"},"headline":"La muerte en cifras","datePublished":"2019-03-21T18:10:35+00:00","mainEntityOfPage":{"@id":"https:\/\/noti-america.com\/site\/mexico\/2019\/03\/21\/la-muerte-en-cifras\/"},"wordCount":761,"commentCount":0,"publisher":{"@id":"https:\/\/noti-america.com\/site\/mexico\/#organization"},"image":{"@id":"https:\/\/noti-america.com\/site\/mexico\/2019\/03\/21\/la-muerte-en-cifras\/#primaryimage"},"thumbnailUrl":"https:\/\/noti-america.com\/site\/mexico\/wp-content\/uploads\/sites\/13\/2019\/03\/1-46.jpg","keywords":["La muerte en cifras"],"articleSection":["Noticias","Opini\u00f3n"],"inLanguage":"es","potentialAction":[{"@type":"CommentAction","name":"Comment","target":["https:\/\/noti-america.com\/site\/mexico\/2019\/03\/21\/la-muerte-en-cifras\/#respond"]}]},{"@type":"WebPage","@id":"https:\/\/noti-america.com\/site\/mexico\/2019\/03\/21\/la-muerte-en-cifras\/","url":"https:\/\/noti-america.com\/site\/mexico\/2019\/03\/21\/la-muerte-en-cifras\/","name":"La muerte en cifras - M\u00e9xico","isPartOf":{"@id":"https:\/\/noti-america.com\/site\/mexico\/#website"},"primaryImageOfPage":{"@id":"https:\/\/noti-america.com\/site\/mexico\/2019\/03\/21\/la-muerte-en-cifras\/#primaryimage"},"image":{"@id":"https:\/\/noti-america.com\/site\/mexico\/2019\/03\/21\/la-muerte-en-cifras\/#primaryimage"},"thumbnailUrl":"https:\/\/noti-america.com\/site\/mexico\/wp-content\/uploads\/sites\/13\/2019\/03\/1-46.jpg","datePublished":"2019-03-21T18:10:35+00:00","breadcrumb":{"@id":"https:\/\/noti-america.com\/site\/mexico\/2019\/03\/21\/la-muerte-en-cifras\/#breadcrumb"},"inLanguage":"es","potentialAction":[{"@type":"ReadAction","target":["https:\/\/noti-america.com\/site\/mexico\/2019\/03\/21\/la-muerte-en-cifras\/"]}]},{"@type":"ImageObject","inLanguage":"es","@id":"https:\/\/noti-america.com\/site\/mexico\/2019\/03\/21\/la-muerte-en-cifras\/#primaryimage","url":"https:\/\/noti-america.com\/site\/mexico\/wp-content\/uploads\/sites\/13\/2019\/03\/1-46.jpg","contentUrl":"https:\/\/noti-america.com\/site\/mexico\/wp-content\/uploads\/sites\/13\/2019\/03\/1-46.jpg","width":1960,"height":1118},{"@type":"BreadcrumbList","@id":"https:\/\/noti-america.com\/site\/mexico\/2019\/03\/21\/la-muerte-en-cifras\/#breadcrumb","itemListElement":[{"@type":"ListItem","position":1,"name":"Portada","item":"https:\/\/noti-america.com\/site\/mexico\/"},{"@type":"ListItem","position":2,"name":"La muerte en cifras"}]},{"@type":"WebSite","@id":"https:\/\/noti-america.com\/site\/mexico\/#website","url":"https:\/\/noti-america.com\/site\/mexico\/","name":"M\u00e9xico | Noti-America.com","description":"","publisher":{"@id":"https:\/\/noti-america.com\/site\/mexico\/#organization"},"potentialAction":[{"@type":"SearchAction","target":{"@type":"EntryPoint","urlTemplate":"https:\/\/noti-america.com\/site\/mexico\/?s={search_term_string}"},"query-input":{"@type":"PropertyValueSpecification","valueRequired":true,"valueName":"search_term_string"}}],"inLanguage":"es"},{"@type":"Organization","@id":"https:\/\/noti-america.com\/site\/mexico\/#organization","name":"Noti-America LLC | M\u00e9xico","url":"https:\/\/noti-america.com\/site\/mexico\/","logo":{"@type":"ImageObject","inLanguage":"es","@id":"https:\/\/noti-america.com\/site\/mexico\/#\/schema\/logo\/image\/","url":"https:\/\/noti-america.com\/site\/mexico\/wp-content\/uploads\/sites\/13\/2020\/07\/LogoNA-4x3-1.jpg","contentUrl":"https:\/\/noti-america.com\/site\/mexico\/wp-content\/uploads\/sites\/13\/2020\/07\/LogoNA-4x3-1.jpg","width":1236,"height":1080,"caption":"Noti-America LLC | M\u00e9xico"},"image":{"@id":"https:\/\/noti-america.com\/site\/mexico\/#\/schema\/logo\/image\/"}},{"@type":"Person","@id":"https:\/\/noti-america.com\/site\/mexico\/#\/schema\/person\/db5a6527aaddfc34b3753d557a1292f0","name":"Redacci\u00f3n NA-NY","image":{"@type":"ImageObject","inLanguage":"es","@id":"https:\/\/secure.gravatar.com\/avatar\/2bd75bb500a8deb1390f777293a9af32d934c46613d2fbac7cceb2aaa2679ae8?s=96&d=mm&r=g","url":"https:\/\/secure.gravatar.com\/avatar\/2bd75bb500a8deb1390f777293a9af32d934c46613d2fbac7cceb2aaa2679ae8?s=96&d=mm&r=g","contentUrl":"https:\/\/secure.gravatar.com\/avatar\/2bd75bb500a8deb1390f777293a9af32d934c46613d2fbac7cceb2aaa2679ae8?s=96&d=mm&r=g","caption":"Redacci\u00f3n NA-NY"},"url":"https:\/\/noti-america.com\/site\/mexico\/author\/redaccionny\/"}]}},"_links":{"self":[{"href":"https:\/\/noti-america.com\/site\/mexico\/wp-json\/wp\/v2\/posts\/3872","targetHints":{"allow":["GET"]}}],"collection":[{"href":"https:\/\/noti-america.com\/site\/mexico\/wp-json\/wp\/v2\/posts"}],"about":[{"href":"https:\/\/noti-america.com\/site\/mexico\/wp-json\/wp\/v2\/types\/post"}],"author":[{"embeddable":true,"href":"https:\/\/noti-america.com\/site\/mexico\/wp-json\/wp\/v2\/users\/28"}],"replies":[{"embeddable":true,"href":"https:\/\/noti-america.com\/site\/mexico\/wp-json\/wp\/v2\/comments?post=3872"}],"version-history":[{"count":1,"href":"https:\/\/noti-america.com\/site\/mexico\/wp-json\/wp\/v2\/posts\/3872\/revisions"}],"predecessor-version":[{"id":3874,"href":"https:\/\/noti-america.com\/site\/mexico\/wp-json\/wp\/v2\/posts\/3872\/revisions\/3874"}],"wp:featuredmedia":[{"embeddable":true,"href":"https:\/\/noti-america.com\/site\/mexico\/wp-json\/wp\/v2\/media\/3873"}],"wp:attachment":[{"href":"https:\/\/noti-america.com\/site\/mexico\/wp-json\/wp\/v2\/media?parent=3872"}],"wp:term":[{"taxonomy":"category","embeddable":true,"href":"https:\/\/noti-america.com\/site\/mexico\/wp-json\/wp\/v2\/categories?post=3872"},{"taxonomy":"post_tag","embeddable":true,"href":"https:\/\/noti-america.com\/site\/mexico\/wp-json\/wp\/v2\/tags?post=3872"}],"curies":[{"name":"wp","href":"https:\/\/api.w.org\/{rel}","templated":true}]}}