{"id":3848,"date":"2019-03-20T22:33:07","date_gmt":"2019-03-20T22:33:07","guid":{"rendered":"http:\/\/noti-america.com\/site\/mexico\/?p=3848"},"modified":"2019-03-20T22:33:07","modified_gmt":"2019-03-20T22:33:07","slug":"ana-karina-rote-consigna-nazi-caribe-y-chavista","status":"publish","type":"post","link":"https:\/\/noti-america.com\/site\/mexico\/2019\/03\/20\/ana-karina-rote-consigna-nazi-caribe-y-chavista\/","title":{"rendered":"Ana Karina Rote: Consigna nazi, caribe y chavista"},"content":{"rendered":"<h3><img loading=\"lazy\" decoding=\"async\" class=\"alignnone  wp-image-3849 aligncenter\" src=\"http:\/\/noti-america.com\/site\/mexico\/wp-content\/uploads\/sites\/13\/2019\/03\/1-42-300x168.jpg\" alt=\"\" width=\"448\" height=\"251\" srcset=\"https:\/\/noti-america.com\/site\/mexico\/wp-content\/uploads\/sites\/13\/2019\/03\/1-42-300x168.jpg 300w, https:\/\/noti-america.com\/site\/mexico\/wp-content\/uploads\/sites\/13\/2019\/03\/1-42.jpg 620w\" sizes=\"auto, (max-width: 448px) 100vw, 448px\" \/><\/h3>\n<h3><\/h3>\n<h3>Fuente:\u00a0\u00a0<strong>PabVen\/ Redacci\u00f3n Franck Armas\/ Fuente: Padre Gumilla\/ Foto: Cortes\u00eda Redes sociales.<\/strong><\/h3>\n<p>&nbsp;<\/p>\n<h5><strong>Bajo la consigna Nazi fascista \u00a1Ana Karina Rote\u201d, Padrino L\u00f3pez anunci\u00f3 un ejercicio c\u00edvico militar con la intenci\u00f3n de derrotar a las fuerzas militares norteamericanas, en caso de lo que supone una inminente invasi\u00f3n, luego del supuesto ataque con ondas electro magn\u00e9ticas al moribundo sistema el\u00e9ctrico venezolano.<\/strong><\/h5>\n<h5><strong>El ministro endos\u00f3 a sus maniobras el grito de guerra caribe, proferido por la Alemania nazista a su llegada al poder en el a\u00f1o 1933 y reiterada hasta el cansancio por el ministro de propaganda de Hitler, Joseph Goebbels, durante todo el desarrollo de la segunda guerra mundial.<\/strong><\/h5>\n<h5><strong>Ana Karina Rote, cuya traducci\u00f3n significa \u201cS\u00f3lo los caribes somos gente\u201d, es la s\u00edntesis racista de la supremac\u00eda de un grupo humano sobre el resto de sus cong\u00e9neres. La Historia se encarg\u00f3 de actualizarla \u201cS\u00f3lo los chavistas somos gente\u201d. As\u00ed de sencillo.<\/strong><\/h5>\n<h5><strong>El chavismo se apoder\u00f3 del saludo caribe nazista en 1988, cuando a\u00fan no exist\u00eda Wikipedia y quiz\u00e1s por descuido, el futuro comandante eterno salt\u00f3 la consulta en el texto de bachillerato de Siso Mart\u00ednez, o de manera consciente lo rescat\u00f3 con sus infames intenciones de racismo al rev\u00e9s.<\/strong><\/h5>\n<h5><strong>Como si fueran colectivos del pasado, los guerreros caribes la gritaban al atacar a otras tribus originarias para asesinarlos o esclavizarlos. El grito se escuch\u00f3 desde las islas antillanas hasta Santo Domingo.<\/strong><\/h5>\n<h5><strong>Esa especie de chavismo originario no contaba con los opositores de entonces, llamados\u00a0<em>otomacos,<\/em>\u00a0un pueblo aborigen que no se doblegaba ante los genocidas caribes y por el contrario, los pon\u00edan en retirada. Como en estos tiempos de liberaci\u00f3n, tambi\u00e9n evad\u00edan atacarlos.<\/strong><\/h5>\n<h5><strong>El grito \u201cs\u00f3lo los caribes somos gente y los dem\u00e1s nuestros esclavos\u201d revela la supuesta supremac\u00eda racial anticipada a la del nazismo, el comunismo o el socialismo por muchos siglos y el desprecio por la libertad y la vida de los dem\u00e1s.<\/strong><\/h5>\n<h5><\/h5>\n","protected":false},"excerpt":{"rendered":"<p>Fuente:\u00a0\u00a0PabVen\/ Redacci\u00f3n Franck Armas\/ Fuente: Padre Gumilla\/ Foto: Cortes\u00eda Redes sociales. &nbsp; Bajo la consigna Nazi fascista \u00a1Ana Karina Rote\u201d, Padrino L\u00f3pez anunci\u00f3 un ejercicio c\u00edvico militar con la intenci\u00f3n de derrotar a las&#46;&#46;&#46;<\/p>\n","protected":false},"author":28,"featured_media":3849,"comment_status":"open","ping_status":"open","sticky":false,"template":"","format":"standard","meta":{"_acf_changed":false,"om_disable_all_campaigns":false,"rop_custom_images_group":[],"rop_custom_messages_group":[],"rop_publish_now":"initial","rop_publish_now_accounts":{"twitter_242054905_242054905":""},"rop_publish_now_history":[],"rop_publish_now_status":"pending","_uf_show_specific_survey":0,"_uf_disable_surveys":false,"footnotes":""},"categories":[4],"tags":[501,502],"class_list":["post-3848","post","type-post","status-publish","format-standard","has-post-thumbnail","hentry","category-internacionales","tag-ana-karina-rote-consigna-nazi","tag-caribe-y-chavista"],"acf":[],"aioseo_notices":[],"yoast_head":"<!-- This site is optimized with the Yoast SEO Premium plugin v24.9 (Yoast SEO v27.2) - https:\/\/yoast.com\/product\/yoast-seo-premium-wordpress\/ -->\n<title>Ana Karina Rote: Consigna nazi, caribe y chavista - M\u00e9xico<\/title>\n<meta name=\"robots\" content=\"index, follow, max-snippet:-1, max-image-preview:large, max-video-preview:-1\" \/>\n<link rel=\"canonical\" href=\"https:\/\/noti-america.com\/site\/mexico\/2019\/03\/20\/ana-karina-rote-consigna-nazi-caribe-y-chavista\/\" \/>\n<meta property=\"og:locale\" content=\"es_ES\" \/>\n<meta property=\"og:type\" content=\"article\" \/>\n<meta property=\"og:title\" content=\"Ana Karina Rote: Consigna nazi, caribe y chavista\" \/>\n<meta property=\"og:description\" content=\"Fuente:\u00a0\u00a0PabVen\/ Redacci\u00f3n Franck Armas\/ Fuente: Padre Gumilla\/ Foto: Cortes\u00eda Redes sociales. &nbsp; Bajo la consigna Nazi fascista \u00a1Ana Karina Rote\u201d, Padrino L\u00f3pez anunci\u00f3 un ejercicio c\u00edvico militar con la intenci\u00f3n de derrotar a las&#046;&#046;&#046;\" \/>\n<meta property=\"og:url\" content=\"https:\/\/noti-america.com\/site\/mexico\/2019\/03\/20\/ana-karina-rote-consigna-nazi-caribe-y-chavista\/\" \/>\n<meta property=\"og:site_name\" content=\"M\u00e9xico\" \/>\n<meta property=\"article:published_time\" content=\"2019-03-20T22:33:07+00:00\" \/>\n<meta property=\"og:image\" content=\"https:\/\/noti-america.com\/site\/mexico\/wp-content\/uploads\/sites\/13\/2019\/03\/1-42.jpg\" \/>\n\t<meta property=\"og:image:width\" content=\"620\" \/>\n\t<meta property=\"og:image:height\" content=\"348\" \/>\n\t<meta property=\"og:image:type\" content=\"image\/jpeg\" \/>\n<meta name=\"author\" content=\"Redacci\u00f3n NA-NY\" \/>\n<meta name=\"twitter:card\" content=\"summary_large_image\" \/>\n<meta name=\"twitter:label1\" content=\"Escrito por\" \/>\n\t<meta name=\"twitter:data1\" content=\"Redacci\u00f3n NA-NY\" \/>\n\t<meta name=\"twitter:label2\" content=\"Tiempo estimado de lectura\" \/>\n\t<meta name=\"twitter:data2\" content=\"2 minutos\" \/>\n<script type=\"application\/ld+json\" class=\"yoast-schema-graph\">{\"@context\":\"https:\/\/schema.org\",\"@graph\":[{\"@type\":\"Article\",\"@id\":\"https:\/\/noti-america.com\/site\/mexico\/2019\/03\/20\/ana-karina-rote-consigna-nazi-caribe-y-chavista\/#article\",\"isPartOf\":{\"@id\":\"https:\/\/noti-america.com\/site\/mexico\/2019\/03\/20\/ana-karina-rote-consigna-nazi-caribe-y-chavista\/\"},\"author\":{\"name\":\"Redacci\u00f3n NA-NY\",\"@id\":\"https:\/\/noti-america.com\/site\/mexico\/#\/schema\/person\/db5a6527aaddfc34b3753d557a1292f0\"},\"headline\":\"Ana Karina Rote: Consigna nazi, caribe y chavista\",\"datePublished\":\"2019-03-20T22:33:07+00:00\",\"mainEntityOfPage\":{\"@id\":\"https:\/\/noti-america.com\/site\/mexico\/2019\/03\/20\/ana-karina-rote-consigna-nazi-caribe-y-chavista\/\"},\"wordCount\":348,\"commentCount\":0,\"publisher\":{\"@id\":\"https:\/\/noti-america.com\/site\/mexico\/#organization\"},\"image\":{\"@id\":\"https:\/\/noti-america.com\/site\/mexico\/2019\/03\/20\/ana-karina-rote-consigna-nazi-caribe-y-chavista\/#primaryimage\"},\"thumbnailUrl\":\"https:\/\/noti-america.com\/site\/mexico\/wp-content\/uploads\/sites\/13\/2019\/03\/1-42.jpg\",\"keywords\":[\"Ana Karina Rote: Consigna nazi\",\"caribe y chavista\"],\"articleSection\":[\"Internacionales\"],\"inLanguage\":\"es\",\"potentialAction\":[{\"@type\":\"CommentAction\",\"name\":\"Comment\",\"target\":[\"https:\/\/noti-america.com\/site\/mexico\/2019\/03\/20\/ana-karina-rote-consigna-nazi-caribe-y-chavista\/#respond\"]}]},{\"@type\":\"WebPage\",\"@id\":\"https:\/\/noti-america.com\/site\/mexico\/2019\/03\/20\/ana-karina-rote-consigna-nazi-caribe-y-chavista\/\",\"url\":\"https:\/\/noti-america.com\/site\/mexico\/2019\/03\/20\/ana-karina-rote-consigna-nazi-caribe-y-chavista\/\",\"name\":\"Ana Karina Rote: Consigna nazi, caribe y chavista - M\u00e9xico\",\"isPartOf\":{\"@id\":\"https:\/\/noti-america.com\/site\/mexico\/#website\"},\"primaryImageOfPage\":{\"@id\":\"https:\/\/noti-america.com\/site\/mexico\/2019\/03\/20\/ana-karina-rote-consigna-nazi-caribe-y-chavista\/#primaryimage\"},\"image\":{\"@id\":\"https:\/\/noti-america.com\/site\/mexico\/2019\/03\/20\/ana-karina-rote-consigna-nazi-caribe-y-chavista\/#primaryimage\"},\"thumbnailUrl\":\"https:\/\/noti-america.com\/site\/mexico\/wp-content\/uploads\/sites\/13\/2019\/03\/1-42.jpg\",\"datePublished\":\"2019-03-20T22:33:07+00:00\",\"breadcrumb\":{\"@id\":\"https:\/\/noti-america.com\/site\/mexico\/2019\/03\/20\/ana-karina-rote-consigna-nazi-caribe-y-chavista\/#breadcrumb\"},\"inLanguage\":\"es\",\"potentialAction\":[{\"@type\":\"ReadAction\",\"target\":[\"https:\/\/noti-america.com\/site\/mexico\/2019\/03\/20\/ana-karina-rote-consigna-nazi-caribe-y-chavista\/\"]}]},{\"@type\":\"ImageObject\",\"inLanguage\":\"es\",\"@id\":\"https:\/\/noti-america.com\/site\/mexico\/2019\/03\/20\/ana-karina-rote-consigna-nazi-caribe-y-chavista\/#primaryimage\",\"url\":\"https:\/\/noti-america.com\/site\/mexico\/wp-content\/uploads\/sites\/13\/2019\/03\/1-42.jpg\",\"contentUrl\":\"https:\/\/noti-america.com\/site\/mexico\/wp-content\/uploads\/sites\/13\/2019\/03\/1-42.jpg\",\"width\":620,\"height\":348},{\"@type\":\"BreadcrumbList\",\"@id\":\"https:\/\/noti-america.com\/site\/mexico\/2019\/03\/20\/ana-karina-rote-consigna-nazi-caribe-y-chavista\/#breadcrumb\",\"itemListElement\":[{\"@type\":\"ListItem\",\"position\":1,\"name\":\"Portada\",\"item\":\"https:\/\/noti-america.com\/site\/mexico\/\"},{\"@type\":\"ListItem\",\"position\":2,\"name\":\"Ana Karina Rote: Consigna nazi, caribe y chavista\"}]},{\"@type\":\"WebSite\",\"@id\":\"https:\/\/noti-america.com\/site\/mexico\/#website\",\"url\":\"https:\/\/noti-america.com\/site\/mexico\/\",\"name\":\"M\u00e9xico | Noti-America.com\",\"description\":\"\",\"publisher\":{\"@id\":\"https:\/\/noti-america.com\/site\/mexico\/#organization\"},\"potentialAction\":[{\"@type\":\"SearchAction\",\"target\":{\"@type\":\"EntryPoint\",\"urlTemplate\":\"https:\/\/noti-america.com\/site\/mexico\/?s={search_term_string}\"},\"query-input\":{\"@type\":\"PropertyValueSpecification\",\"valueRequired\":true,\"valueName\":\"search_term_string\"}}],\"inLanguage\":\"es\"},{\"@type\":\"Organization\",\"@id\":\"https:\/\/noti-america.com\/site\/mexico\/#organization\",\"name\":\"Noti-America LLC | M\u00e9xico\",\"url\":\"https:\/\/noti-america.com\/site\/mexico\/\",\"logo\":{\"@type\":\"ImageObject\",\"inLanguage\":\"es\",\"@id\":\"https:\/\/noti-america.com\/site\/mexico\/#\/schema\/logo\/image\/\",\"url\":\"https:\/\/noti-america.com\/site\/mexico\/wp-content\/uploads\/sites\/13\/2020\/07\/LogoNA-4x3-1.jpg\",\"contentUrl\":\"https:\/\/noti-america.com\/site\/mexico\/wp-content\/uploads\/sites\/13\/2020\/07\/LogoNA-4x3-1.jpg\",\"width\":1236,\"height\":1080,\"caption\":\"Noti-America LLC | M\u00e9xico\"},\"image\":{\"@id\":\"https:\/\/noti-america.com\/site\/mexico\/#\/schema\/logo\/image\/\"}},{\"@type\":\"Person\",\"@id\":\"https:\/\/noti-america.com\/site\/mexico\/#\/schema\/person\/db5a6527aaddfc34b3753d557a1292f0\",\"name\":\"Redacci\u00f3n NA-NY\",\"image\":{\"@type\":\"ImageObject\",\"inLanguage\":\"es\",\"@id\":\"https:\/\/secure.gravatar.com\/avatar\/2bd75bb500a8deb1390f777293a9af32d934c46613d2fbac7cceb2aaa2679ae8?s=96&d=mm&r=g\",\"url\":\"https:\/\/secure.gravatar.com\/avatar\/2bd75bb500a8deb1390f777293a9af32d934c46613d2fbac7cceb2aaa2679ae8?s=96&d=mm&r=g\",\"contentUrl\":\"https:\/\/secure.gravatar.com\/avatar\/2bd75bb500a8deb1390f777293a9af32d934c46613d2fbac7cceb2aaa2679ae8?s=96&d=mm&r=g\",\"caption\":\"Redacci\u00f3n NA-NY\"},\"url\":\"https:\/\/noti-america.com\/site\/mexico\/author\/redaccionny\/\"}]}<\/script>\n<!-- \/ Yoast SEO Premium plugin. -->","yoast_head_json":{"title":"Ana Karina Rote: Consigna nazi, caribe y chavista - M\u00e9xico","robots":{"index":"index","follow":"follow","max-snippet":"max-snippet:-1","max-image-preview":"max-image-preview:large","max-video-preview":"max-video-preview:-1"},"canonical":"https:\/\/noti-america.com\/site\/mexico\/2019\/03\/20\/ana-karina-rote-consigna-nazi-caribe-y-chavista\/","og_locale":"es_ES","og_type":"article","og_title":"Ana Karina Rote: Consigna nazi, caribe y chavista","og_description":"Fuente:\u00a0\u00a0PabVen\/ Redacci\u00f3n Franck Armas\/ Fuente: Padre Gumilla\/ Foto: Cortes\u00eda Redes sociales. &nbsp; Bajo la consigna Nazi fascista \u00a1Ana Karina Rote\u201d, Padrino L\u00f3pez anunci\u00f3 un ejercicio c\u00edvico militar con la intenci\u00f3n de derrotar a las&#46;&#46;&#46;","og_url":"https:\/\/noti-america.com\/site\/mexico\/2019\/03\/20\/ana-karina-rote-consigna-nazi-caribe-y-chavista\/","og_site_name":"M\u00e9xico","article_published_time":"2019-03-20T22:33:07+00:00","og_image":[{"width":620,"height":348,"url":"https:\/\/noti-america.com\/site\/mexico\/wp-content\/uploads\/sites\/13\/2019\/03\/1-42.jpg","type":"image\/jpeg"}],"author":"Redacci\u00f3n NA-NY","twitter_card":"summary_large_image","twitter_misc":{"Escrito por":"Redacci\u00f3n NA-NY","Tiempo estimado de lectura":"2 minutos"},"schema":{"@context":"https:\/\/schema.org","@graph":[{"@type":"Article","@id":"https:\/\/noti-america.com\/site\/mexico\/2019\/03\/20\/ana-karina-rote-consigna-nazi-caribe-y-chavista\/#article","isPartOf":{"@id":"https:\/\/noti-america.com\/site\/mexico\/2019\/03\/20\/ana-karina-rote-consigna-nazi-caribe-y-chavista\/"},"author":{"name":"Redacci\u00f3n NA-NY","@id":"https:\/\/noti-america.com\/site\/mexico\/#\/schema\/person\/db5a6527aaddfc34b3753d557a1292f0"},"headline":"Ana Karina Rote: Consigna nazi, caribe y chavista","datePublished":"2019-03-20T22:33:07+00:00","mainEntityOfPage":{"@id":"https:\/\/noti-america.com\/site\/mexico\/2019\/03\/20\/ana-karina-rote-consigna-nazi-caribe-y-chavista\/"},"wordCount":348,"commentCount":0,"publisher":{"@id":"https:\/\/noti-america.com\/site\/mexico\/#organization"},"image":{"@id":"https:\/\/noti-america.com\/site\/mexico\/2019\/03\/20\/ana-karina-rote-consigna-nazi-caribe-y-chavista\/#primaryimage"},"thumbnailUrl":"https:\/\/noti-america.com\/site\/mexico\/wp-content\/uploads\/sites\/13\/2019\/03\/1-42.jpg","keywords":["Ana Karina Rote: Consigna nazi","caribe y chavista"],"articleSection":["Internacionales"],"inLanguage":"es","potentialAction":[{"@type":"CommentAction","name":"Comment","target":["https:\/\/noti-america.com\/site\/mexico\/2019\/03\/20\/ana-karina-rote-consigna-nazi-caribe-y-chavista\/#respond"]}]},{"@type":"WebPage","@id":"https:\/\/noti-america.com\/site\/mexico\/2019\/03\/20\/ana-karina-rote-consigna-nazi-caribe-y-chavista\/","url":"https:\/\/noti-america.com\/site\/mexico\/2019\/03\/20\/ana-karina-rote-consigna-nazi-caribe-y-chavista\/","name":"Ana Karina Rote: Consigna nazi, caribe y chavista - M\u00e9xico","isPartOf":{"@id":"https:\/\/noti-america.com\/site\/mexico\/#website"},"primaryImageOfPage":{"@id":"https:\/\/noti-america.com\/site\/mexico\/2019\/03\/20\/ana-karina-rote-consigna-nazi-caribe-y-chavista\/#primaryimage"},"image":{"@id":"https:\/\/noti-america.com\/site\/mexico\/2019\/03\/20\/ana-karina-rote-consigna-nazi-caribe-y-chavista\/#primaryimage"},"thumbnailUrl":"https:\/\/noti-america.com\/site\/mexico\/wp-content\/uploads\/sites\/13\/2019\/03\/1-42.jpg","datePublished":"2019-03-20T22:33:07+00:00","breadcrumb":{"@id":"https:\/\/noti-america.com\/site\/mexico\/2019\/03\/20\/ana-karina-rote-consigna-nazi-caribe-y-chavista\/#breadcrumb"},"inLanguage":"es","potentialAction":[{"@type":"ReadAction","target":["https:\/\/noti-america.com\/site\/mexico\/2019\/03\/20\/ana-karina-rote-consigna-nazi-caribe-y-chavista\/"]}]},{"@type":"ImageObject","inLanguage":"es","@id":"https:\/\/noti-america.com\/site\/mexico\/2019\/03\/20\/ana-karina-rote-consigna-nazi-caribe-y-chavista\/#primaryimage","url":"https:\/\/noti-america.com\/site\/mexico\/wp-content\/uploads\/sites\/13\/2019\/03\/1-42.jpg","contentUrl":"https:\/\/noti-america.com\/site\/mexico\/wp-content\/uploads\/sites\/13\/2019\/03\/1-42.jpg","width":620,"height":348},{"@type":"BreadcrumbList","@id":"https:\/\/noti-america.com\/site\/mexico\/2019\/03\/20\/ana-karina-rote-consigna-nazi-caribe-y-chavista\/#breadcrumb","itemListElement":[{"@type":"ListItem","position":1,"name":"Portada","item":"https:\/\/noti-america.com\/site\/mexico\/"},{"@type":"ListItem","position":2,"name":"Ana Karina Rote: Consigna nazi, caribe y chavista"}]},{"@type":"WebSite","@id":"https:\/\/noti-america.com\/site\/mexico\/#website","url":"https:\/\/noti-america.com\/site\/mexico\/","name":"M\u00e9xico | Noti-America.com","description":"","publisher":{"@id":"https:\/\/noti-america.com\/site\/mexico\/#organization"},"potentialAction":[{"@type":"SearchAction","target":{"@type":"EntryPoint","urlTemplate":"https:\/\/noti-america.com\/site\/mexico\/?s={search_term_string}"},"query-input":{"@type":"PropertyValueSpecification","valueRequired":true,"valueName":"search_term_string"}}],"inLanguage":"es"},{"@type":"Organization","@id":"https:\/\/noti-america.com\/site\/mexico\/#organization","name":"Noti-America LLC | M\u00e9xico","url":"https:\/\/noti-america.com\/site\/mexico\/","logo":{"@type":"ImageObject","inLanguage":"es","@id":"https:\/\/noti-america.com\/site\/mexico\/#\/schema\/logo\/image\/","url":"https:\/\/noti-america.com\/site\/mexico\/wp-content\/uploads\/sites\/13\/2020\/07\/LogoNA-4x3-1.jpg","contentUrl":"https:\/\/noti-america.com\/site\/mexico\/wp-content\/uploads\/sites\/13\/2020\/07\/LogoNA-4x3-1.jpg","width":1236,"height":1080,"caption":"Noti-America LLC | M\u00e9xico"},"image":{"@id":"https:\/\/noti-america.com\/site\/mexico\/#\/schema\/logo\/image\/"}},{"@type":"Person","@id":"https:\/\/noti-america.com\/site\/mexico\/#\/schema\/person\/db5a6527aaddfc34b3753d557a1292f0","name":"Redacci\u00f3n NA-NY","image":{"@type":"ImageObject","inLanguage":"es","@id":"https:\/\/secure.gravatar.com\/avatar\/2bd75bb500a8deb1390f777293a9af32d934c46613d2fbac7cceb2aaa2679ae8?s=96&d=mm&r=g","url":"https:\/\/secure.gravatar.com\/avatar\/2bd75bb500a8deb1390f777293a9af32d934c46613d2fbac7cceb2aaa2679ae8?s=96&d=mm&r=g","contentUrl":"https:\/\/secure.gravatar.com\/avatar\/2bd75bb500a8deb1390f777293a9af32d934c46613d2fbac7cceb2aaa2679ae8?s=96&d=mm&r=g","caption":"Redacci\u00f3n NA-NY"},"url":"https:\/\/noti-america.com\/site\/mexico\/author\/redaccionny\/"}]}},"_links":{"self":[{"href":"https:\/\/noti-america.com\/site\/mexico\/wp-json\/wp\/v2\/posts\/3848","targetHints":{"allow":["GET"]}}],"collection":[{"href":"https:\/\/noti-america.com\/site\/mexico\/wp-json\/wp\/v2\/posts"}],"about":[{"href":"https:\/\/noti-america.com\/site\/mexico\/wp-json\/wp\/v2\/types\/post"}],"author":[{"embeddable":true,"href":"https:\/\/noti-america.com\/site\/mexico\/wp-json\/wp\/v2\/users\/28"}],"replies":[{"embeddable":true,"href":"https:\/\/noti-america.com\/site\/mexico\/wp-json\/wp\/v2\/comments?post=3848"}],"version-history":[{"count":1,"href":"https:\/\/noti-america.com\/site\/mexico\/wp-json\/wp\/v2\/posts\/3848\/revisions"}],"predecessor-version":[{"id":3850,"href":"https:\/\/noti-america.com\/site\/mexico\/wp-json\/wp\/v2\/posts\/3848\/revisions\/3850"}],"wp:featuredmedia":[{"embeddable":true,"href":"https:\/\/noti-america.com\/site\/mexico\/wp-json\/wp\/v2\/media\/3849"}],"wp:attachment":[{"href":"https:\/\/noti-america.com\/site\/mexico\/wp-json\/wp\/v2\/media?parent=3848"}],"wp:term":[{"taxonomy":"category","embeddable":true,"href":"https:\/\/noti-america.com\/site\/mexico\/wp-json\/wp\/v2\/categories?post=3848"},{"taxonomy":"post_tag","embeddable":true,"href":"https:\/\/noti-america.com\/site\/mexico\/wp-json\/wp\/v2\/tags?post=3848"}],"curies":[{"name":"wp","href":"https:\/\/api.w.org\/{rel}","templated":true}]}}