{"id":3805,"date":"2019-03-18T19:21:59","date_gmt":"2019-03-18T19:21:59","guid":{"rendered":"http:\/\/noti-america.com\/site\/mexico\/?p=3805"},"modified":"2019-03-18T19:21:59","modified_gmt":"2019-03-18T19:21:59","slug":"alarma-a-vecinos-fuga-de-gas-en-la-roma-los-evacuan","status":"publish","type":"post","link":"https:\/\/noti-america.com\/site\/mexico\/2019\/03\/18\/alarma-a-vecinos-fuga-de-gas-en-la-roma-los-evacuan\/","title":{"rendered":"Alarma a vecinos fuga de gas en la Roma; los evacuan"},"content":{"rendered":"<h3><img loading=\"lazy\" decoding=\"async\" class=\"alignnone  wp-image-3807 aligncenter\" src=\"http:\/\/noti-america.com\/site\/mexico\/wp-content\/uploads\/sites\/13\/2019\/03\/1-38-300x225.jpg\" alt=\"\" width=\"440\" height=\"330\" srcset=\"https:\/\/noti-america.com\/site\/mexico\/wp-content\/uploads\/sites\/13\/2019\/03\/1-38-300x225.jpg 300w, https:\/\/noti-america.com\/site\/mexico\/wp-content\/uploads\/sites\/13\/2019\/03\/1-38.jpg 664w\" sizes=\"auto, (max-width: 440px) 100vw, 440px\" \/><\/h3>\n<h3><\/h3>\n<h3>Fuente:\u00a0 https:\/\/www.excelsior.com.mx<\/h3>\n<p>&nbsp;<\/p>\n<p class=\"letter-capitular\">Una fuga de gas en la<strong>\u00a0calle de Puebla<\/strong>\u00a0en la<strong>\u00a0colonia Roma Norte<\/strong>\u00a0provoc\u00f3 intensa movilizaci\u00f3n de servicios de emergencia la ma\u00f1ana de este lunes.<\/p>\n<p>De acuerdo con los reportes, el sonido que emit\u00eda el gas al salir de la tuber\u00eda se pod\u00eda alcanzar a varios metros de distancia, lo que provoc\u00f3 alarma entre los vecinos quienes solicitaron el apoyo de elementos del Heroico Cuerpo de Bomberos.<\/p>\n<p>Hasta el n\u00famero 69 de la calle de Puebla entre Frontera y Flora arribaron los servicios de emergencia quienes cerraron la v\u00e1lvula que conecta la tuber\u00eda subterr\u00e1nea con el edificio, por lo qu<strong>e luego de varios minutos la situaci\u00f3n fue finalmente controlada.<\/strong><\/p>\n<div class=\"media media-element-container media-default media-wysiwyg-align-center\"><img loading=\"lazy\" decoding=\"async\" class=\"media-element file-default\" src=\"https:\/\/cdn2.excelsior.com.mx\/media\/inside-the-note\/pictures\/2019\/03\/18\/fuga-de-gas-roma-2.jpg\" alt=\"\" width=\"1200\" height=\"900\" data-delta=\"1\" \/><\/div>\n<p>&nbsp;<\/p>\n<p>Sin embargo, fue<strong>\u00a0necesario evacuar a todos los habitantes\u00a0<\/strong>de la cuadra debido al intenso olor a gas que se percib\u00eda en la zona de la alcald\u00eda Cuauht\u00e9moc. La zona fue resguardada por agentes de la Secretar\u00eda de Seguridad Ciudadana (SSC).<\/p>\n<blockquote><p>Me comentan los vecinos que una persona estaba tratando de arrancar un objeto entonces al momento de hacer una palanca desprendi\u00f3 la uni\u00f3n de la tuber\u00eda de gas natural \u201c, indic\u00f3 uno de los bomberos.<\/p><\/blockquote>\n","protected":false},"excerpt":{"rendered":"<p>Fuente:\u00a0 https:\/\/www.excelsior.com.mx &nbsp; Una fuga de gas en la\u00a0calle de Puebla\u00a0en la\u00a0colonia Roma Norte\u00a0provoc\u00f3 intensa movilizaci\u00f3n de servicios de emergencia la ma\u00f1ana de este lunes. De acuerdo con los reportes, el sonido que emit\u00eda&#46;&#46;&#46;<\/p>\n","protected":false},"author":28,"featured_media":3807,"comment_status":"open","ping_status":"open","sticky":false,"template":"","format":"standard","meta":{"_acf_changed":false,"om_disable_all_campaigns":false,"rop_custom_images_group":[],"rop_custom_messages_group":[],"rop_publish_now":"initial","rop_publish_now_accounts":{"twitter_242054905_242054905":""},"rop_publish_now_history":[],"rop_publish_now_status":"pending","_uf_show_specific_survey":0,"_uf_disable_surveys":false,"footnotes":""},"categories":[337],"tags":[496],"class_list":["post-3805","post","type-post","status-publish","format-standard","has-post-thumbnail","hentry","category-noticias","tag-alarma-a-vecinos-fuga-de-gas-en-la-roma-los-evacuan"],"acf":[],"aioseo_notices":[],"yoast_head":"<!-- This site is optimized with the Yoast SEO Premium plugin v24.9 (Yoast SEO v27.2) - https:\/\/yoast.com\/product\/yoast-seo-premium-wordpress\/ -->\n<title>Alarma a vecinos fuga de gas en la Roma; los evacuan - M\u00e9xico<\/title>\n<meta name=\"robots\" content=\"index, follow, max-snippet:-1, max-image-preview:large, max-video-preview:-1\" \/>\n<link rel=\"canonical\" href=\"https:\/\/noti-america.com\/site\/mexico\/2019\/03\/18\/alarma-a-vecinos-fuga-de-gas-en-la-roma-los-evacuan\/\" \/>\n<meta property=\"og:locale\" content=\"es_ES\" \/>\n<meta property=\"og:type\" content=\"article\" \/>\n<meta property=\"og:title\" content=\"Alarma a vecinos fuga de gas en la Roma; los evacuan\" \/>\n<meta property=\"og:description\" content=\"Fuente:\u00a0 https:\/\/www.excelsior.com.mx &nbsp; Una fuga de gas en la\u00a0calle de Puebla\u00a0en la\u00a0colonia Roma Norte\u00a0provoc\u00f3 intensa movilizaci\u00f3n de servicios de emergencia la ma\u00f1ana de este lunes. De acuerdo con los reportes, el sonido que emit\u00eda&#046;&#046;&#046;\" \/>\n<meta property=\"og:url\" content=\"https:\/\/noti-america.com\/site\/mexico\/2019\/03\/18\/alarma-a-vecinos-fuga-de-gas-en-la-roma-los-evacuan\/\" \/>\n<meta property=\"og:site_name\" content=\"M\u00e9xico\" \/>\n<meta property=\"article:published_time\" content=\"2019-03-18T19:21:59+00:00\" \/>\n<meta property=\"og:image\" content=\"https:\/\/noti-america.com\/site\/mexico\/wp-content\/uploads\/sites\/13\/2019\/03\/1-38.jpg\" \/>\n\t<meta property=\"og:image:width\" content=\"664\" \/>\n\t<meta property=\"og:image:height\" content=\"498\" \/>\n\t<meta property=\"og:image:type\" content=\"image\/jpeg\" \/>\n<meta name=\"author\" content=\"Redacci\u00f3n NA-NY\" \/>\n<meta name=\"twitter:card\" content=\"summary_large_image\" \/>\n<meta name=\"twitter:label1\" content=\"Escrito por\" \/>\n\t<meta name=\"twitter:data1\" content=\"Redacci\u00f3n NA-NY\" \/>\n\t<meta name=\"twitter:label2\" content=\"Tiempo estimado de lectura\" \/>\n\t<meta name=\"twitter:data2\" content=\"1 minuto\" \/>\n<script type=\"application\/ld+json\" class=\"yoast-schema-graph\">{\"@context\":\"https:\/\/schema.org\",\"@graph\":[{\"@type\":\"Article\",\"@id\":\"https:\/\/noti-america.com\/site\/mexico\/2019\/03\/18\/alarma-a-vecinos-fuga-de-gas-en-la-roma-los-evacuan\/#article\",\"isPartOf\":{\"@id\":\"https:\/\/noti-america.com\/site\/mexico\/2019\/03\/18\/alarma-a-vecinos-fuga-de-gas-en-la-roma-los-evacuan\/\"},\"author\":{\"name\":\"Redacci\u00f3n NA-NY\",\"@id\":\"https:\/\/noti-america.com\/site\/mexico\/#\/schema\/person\/db5a6527aaddfc34b3753d557a1292f0\"},\"headline\":\"Alarma a vecinos fuga de gas en la Roma; los evacuan\",\"datePublished\":\"2019-03-18T19:21:59+00:00\",\"mainEntityOfPage\":{\"@id\":\"https:\/\/noti-america.com\/site\/mexico\/2019\/03\/18\/alarma-a-vecinos-fuga-de-gas-en-la-roma-los-evacuan\/\"},\"wordCount\":219,\"commentCount\":0,\"publisher\":{\"@id\":\"https:\/\/noti-america.com\/site\/mexico\/#organization\"},\"image\":{\"@id\":\"https:\/\/noti-america.com\/site\/mexico\/2019\/03\/18\/alarma-a-vecinos-fuga-de-gas-en-la-roma-los-evacuan\/#primaryimage\"},\"thumbnailUrl\":\"https:\/\/noti-america.com\/site\/mexico\/wp-content\/uploads\/sites\/13\/2019\/03\/1-38.jpg\",\"keywords\":[\"Alarma a vecinos fuga de gas en la Roma; los evacuan\"],\"articleSection\":[\"Noticias\"],\"inLanguage\":\"es\",\"potentialAction\":[{\"@type\":\"CommentAction\",\"name\":\"Comment\",\"target\":[\"https:\/\/noti-america.com\/site\/mexico\/2019\/03\/18\/alarma-a-vecinos-fuga-de-gas-en-la-roma-los-evacuan\/#respond\"]}]},{\"@type\":\"WebPage\",\"@id\":\"https:\/\/noti-america.com\/site\/mexico\/2019\/03\/18\/alarma-a-vecinos-fuga-de-gas-en-la-roma-los-evacuan\/\",\"url\":\"https:\/\/noti-america.com\/site\/mexico\/2019\/03\/18\/alarma-a-vecinos-fuga-de-gas-en-la-roma-los-evacuan\/\",\"name\":\"Alarma a vecinos fuga de gas en la Roma; los evacuan - M\u00e9xico\",\"isPartOf\":{\"@id\":\"https:\/\/noti-america.com\/site\/mexico\/#website\"},\"primaryImageOfPage\":{\"@id\":\"https:\/\/noti-america.com\/site\/mexico\/2019\/03\/18\/alarma-a-vecinos-fuga-de-gas-en-la-roma-los-evacuan\/#primaryimage\"},\"image\":{\"@id\":\"https:\/\/noti-america.com\/site\/mexico\/2019\/03\/18\/alarma-a-vecinos-fuga-de-gas-en-la-roma-los-evacuan\/#primaryimage\"},\"thumbnailUrl\":\"https:\/\/noti-america.com\/site\/mexico\/wp-content\/uploads\/sites\/13\/2019\/03\/1-38.jpg\",\"datePublished\":\"2019-03-18T19:21:59+00:00\",\"breadcrumb\":{\"@id\":\"https:\/\/noti-america.com\/site\/mexico\/2019\/03\/18\/alarma-a-vecinos-fuga-de-gas-en-la-roma-los-evacuan\/#breadcrumb\"},\"inLanguage\":\"es\",\"potentialAction\":[{\"@type\":\"ReadAction\",\"target\":[\"https:\/\/noti-america.com\/site\/mexico\/2019\/03\/18\/alarma-a-vecinos-fuga-de-gas-en-la-roma-los-evacuan\/\"]}]},{\"@type\":\"ImageObject\",\"inLanguage\":\"es\",\"@id\":\"https:\/\/noti-america.com\/site\/mexico\/2019\/03\/18\/alarma-a-vecinos-fuga-de-gas-en-la-roma-los-evacuan\/#primaryimage\",\"url\":\"https:\/\/noti-america.com\/site\/mexico\/wp-content\/uploads\/sites\/13\/2019\/03\/1-38.jpg\",\"contentUrl\":\"https:\/\/noti-america.com\/site\/mexico\/wp-content\/uploads\/sites\/13\/2019\/03\/1-38.jpg\",\"width\":664,\"height\":498},{\"@type\":\"BreadcrumbList\",\"@id\":\"https:\/\/noti-america.com\/site\/mexico\/2019\/03\/18\/alarma-a-vecinos-fuga-de-gas-en-la-roma-los-evacuan\/#breadcrumb\",\"itemListElement\":[{\"@type\":\"ListItem\",\"position\":1,\"name\":\"Portada\",\"item\":\"https:\/\/noti-america.com\/site\/mexico\/\"},{\"@type\":\"ListItem\",\"position\":2,\"name\":\"Alarma a vecinos fuga de gas en la Roma; los evacuan\"}]},{\"@type\":\"WebSite\",\"@id\":\"https:\/\/noti-america.com\/site\/mexico\/#website\",\"url\":\"https:\/\/noti-america.com\/site\/mexico\/\",\"name\":\"M\u00e9xico | Noti-America.com\",\"description\":\"\",\"publisher\":{\"@id\":\"https:\/\/noti-america.com\/site\/mexico\/#organization\"},\"potentialAction\":[{\"@type\":\"SearchAction\",\"target\":{\"@type\":\"EntryPoint\",\"urlTemplate\":\"https:\/\/noti-america.com\/site\/mexico\/?s={search_term_string}\"},\"query-input\":{\"@type\":\"PropertyValueSpecification\",\"valueRequired\":true,\"valueName\":\"search_term_string\"}}],\"inLanguage\":\"es\"},{\"@type\":\"Organization\",\"@id\":\"https:\/\/noti-america.com\/site\/mexico\/#organization\",\"name\":\"Noti-America LLC | M\u00e9xico\",\"url\":\"https:\/\/noti-america.com\/site\/mexico\/\",\"logo\":{\"@type\":\"ImageObject\",\"inLanguage\":\"es\",\"@id\":\"https:\/\/noti-america.com\/site\/mexico\/#\/schema\/logo\/image\/\",\"url\":\"https:\/\/noti-america.com\/site\/mexico\/wp-content\/uploads\/sites\/13\/2020\/07\/LogoNA-4x3-1.jpg\",\"contentUrl\":\"https:\/\/noti-america.com\/site\/mexico\/wp-content\/uploads\/sites\/13\/2020\/07\/LogoNA-4x3-1.jpg\",\"width\":1236,\"height\":1080,\"caption\":\"Noti-America LLC | M\u00e9xico\"},\"image\":{\"@id\":\"https:\/\/noti-america.com\/site\/mexico\/#\/schema\/logo\/image\/\"}},{\"@type\":\"Person\",\"@id\":\"https:\/\/noti-america.com\/site\/mexico\/#\/schema\/person\/db5a6527aaddfc34b3753d557a1292f0\",\"name\":\"Redacci\u00f3n NA-NY\",\"image\":{\"@type\":\"ImageObject\",\"inLanguage\":\"es\",\"@id\":\"https:\/\/secure.gravatar.com\/avatar\/2bd75bb500a8deb1390f777293a9af32d934c46613d2fbac7cceb2aaa2679ae8?s=96&d=mm&r=g\",\"url\":\"https:\/\/secure.gravatar.com\/avatar\/2bd75bb500a8deb1390f777293a9af32d934c46613d2fbac7cceb2aaa2679ae8?s=96&d=mm&r=g\",\"contentUrl\":\"https:\/\/secure.gravatar.com\/avatar\/2bd75bb500a8deb1390f777293a9af32d934c46613d2fbac7cceb2aaa2679ae8?s=96&d=mm&r=g\",\"caption\":\"Redacci\u00f3n NA-NY\"},\"url\":\"https:\/\/noti-america.com\/site\/mexico\/author\/redaccionny\/\"}]}<\/script>\n<!-- \/ Yoast SEO Premium plugin. -->","yoast_head_json":{"title":"Alarma a vecinos fuga de gas en la Roma; los evacuan - M\u00e9xico","robots":{"index":"index","follow":"follow","max-snippet":"max-snippet:-1","max-image-preview":"max-image-preview:large","max-video-preview":"max-video-preview:-1"},"canonical":"https:\/\/noti-america.com\/site\/mexico\/2019\/03\/18\/alarma-a-vecinos-fuga-de-gas-en-la-roma-los-evacuan\/","og_locale":"es_ES","og_type":"article","og_title":"Alarma a vecinos fuga de gas en la Roma; los evacuan","og_description":"Fuente:\u00a0 https:\/\/www.excelsior.com.mx &nbsp; Una fuga de gas en la\u00a0calle de Puebla\u00a0en la\u00a0colonia Roma Norte\u00a0provoc\u00f3 intensa movilizaci\u00f3n de servicios de emergencia la ma\u00f1ana de este lunes. De acuerdo con los reportes, el sonido que emit\u00eda&#46;&#46;&#46;","og_url":"https:\/\/noti-america.com\/site\/mexico\/2019\/03\/18\/alarma-a-vecinos-fuga-de-gas-en-la-roma-los-evacuan\/","og_site_name":"M\u00e9xico","article_published_time":"2019-03-18T19:21:59+00:00","og_image":[{"width":664,"height":498,"url":"https:\/\/noti-america.com\/site\/mexico\/wp-content\/uploads\/sites\/13\/2019\/03\/1-38.jpg","type":"image\/jpeg"}],"author":"Redacci\u00f3n NA-NY","twitter_card":"summary_large_image","twitter_misc":{"Escrito por":"Redacci\u00f3n NA-NY","Tiempo estimado de lectura":"1 minuto"},"schema":{"@context":"https:\/\/schema.org","@graph":[{"@type":"Article","@id":"https:\/\/noti-america.com\/site\/mexico\/2019\/03\/18\/alarma-a-vecinos-fuga-de-gas-en-la-roma-los-evacuan\/#article","isPartOf":{"@id":"https:\/\/noti-america.com\/site\/mexico\/2019\/03\/18\/alarma-a-vecinos-fuga-de-gas-en-la-roma-los-evacuan\/"},"author":{"name":"Redacci\u00f3n NA-NY","@id":"https:\/\/noti-america.com\/site\/mexico\/#\/schema\/person\/db5a6527aaddfc34b3753d557a1292f0"},"headline":"Alarma a vecinos fuga de gas en la Roma; los evacuan","datePublished":"2019-03-18T19:21:59+00:00","mainEntityOfPage":{"@id":"https:\/\/noti-america.com\/site\/mexico\/2019\/03\/18\/alarma-a-vecinos-fuga-de-gas-en-la-roma-los-evacuan\/"},"wordCount":219,"commentCount":0,"publisher":{"@id":"https:\/\/noti-america.com\/site\/mexico\/#organization"},"image":{"@id":"https:\/\/noti-america.com\/site\/mexico\/2019\/03\/18\/alarma-a-vecinos-fuga-de-gas-en-la-roma-los-evacuan\/#primaryimage"},"thumbnailUrl":"https:\/\/noti-america.com\/site\/mexico\/wp-content\/uploads\/sites\/13\/2019\/03\/1-38.jpg","keywords":["Alarma a vecinos fuga de gas en la Roma; los evacuan"],"articleSection":["Noticias"],"inLanguage":"es","potentialAction":[{"@type":"CommentAction","name":"Comment","target":["https:\/\/noti-america.com\/site\/mexico\/2019\/03\/18\/alarma-a-vecinos-fuga-de-gas-en-la-roma-los-evacuan\/#respond"]}]},{"@type":"WebPage","@id":"https:\/\/noti-america.com\/site\/mexico\/2019\/03\/18\/alarma-a-vecinos-fuga-de-gas-en-la-roma-los-evacuan\/","url":"https:\/\/noti-america.com\/site\/mexico\/2019\/03\/18\/alarma-a-vecinos-fuga-de-gas-en-la-roma-los-evacuan\/","name":"Alarma a vecinos fuga de gas en la Roma; los evacuan - M\u00e9xico","isPartOf":{"@id":"https:\/\/noti-america.com\/site\/mexico\/#website"},"primaryImageOfPage":{"@id":"https:\/\/noti-america.com\/site\/mexico\/2019\/03\/18\/alarma-a-vecinos-fuga-de-gas-en-la-roma-los-evacuan\/#primaryimage"},"image":{"@id":"https:\/\/noti-america.com\/site\/mexico\/2019\/03\/18\/alarma-a-vecinos-fuga-de-gas-en-la-roma-los-evacuan\/#primaryimage"},"thumbnailUrl":"https:\/\/noti-america.com\/site\/mexico\/wp-content\/uploads\/sites\/13\/2019\/03\/1-38.jpg","datePublished":"2019-03-18T19:21:59+00:00","breadcrumb":{"@id":"https:\/\/noti-america.com\/site\/mexico\/2019\/03\/18\/alarma-a-vecinos-fuga-de-gas-en-la-roma-los-evacuan\/#breadcrumb"},"inLanguage":"es","potentialAction":[{"@type":"ReadAction","target":["https:\/\/noti-america.com\/site\/mexico\/2019\/03\/18\/alarma-a-vecinos-fuga-de-gas-en-la-roma-los-evacuan\/"]}]},{"@type":"ImageObject","inLanguage":"es","@id":"https:\/\/noti-america.com\/site\/mexico\/2019\/03\/18\/alarma-a-vecinos-fuga-de-gas-en-la-roma-los-evacuan\/#primaryimage","url":"https:\/\/noti-america.com\/site\/mexico\/wp-content\/uploads\/sites\/13\/2019\/03\/1-38.jpg","contentUrl":"https:\/\/noti-america.com\/site\/mexico\/wp-content\/uploads\/sites\/13\/2019\/03\/1-38.jpg","width":664,"height":498},{"@type":"BreadcrumbList","@id":"https:\/\/noti-america.com\/site\/mexico\/2019\/03\/18\/alarma-a-vecinos-fuga-de-gas-en-la-roma-los-evacuan\/#breadcrumb","itemListElement":[{"@type":"ListItem","position":1,"name":"Portada","item":"https:\/\/noti-america.com\/site\/mexico\/"},{"@type":"ListItem","position":2,"name":"Alarma a vecinos fuga de gas en la Roma; los evacuan"}]},{"@type":"WebSite","@id":"https:\/\/noti-america.com\/site\/mexico\/#website","url":"https:\/\/noti-america.com\/site\/mexico\/","name":"M\u00e9xico | Noti-America.com","description":"","publisher":{"@id":"https:\/\/noti-america.com\/site\/mexico\/#organization"},"potentialAction":[{"@type":"SearchAction","target":{"@type":"EntryPoint","urlTemplate":"https:\/\/noti-america.com\/site\/mexico\/?s={search_term_string}"},"query-input":{"@type":"PropertyValueSpecification","valueRequired":true,"valueName":"search_term_string"}}],"inLanguage":"es"},{"@type":"Organization","@id":"https:\/\/noti-america.com\/site\/mexico\/#organization","name":"Noti-America LLC | M\u00e9xico","url":"https:\/\/noti-america.com\/site\/mexico\/","logo":{"@type":"ImageObject","inLanguage":"es","@id":"https:\/\/noti-america.com\/site\/mexico\/#\/schema\/logo\/image\/","url":"https:\/\/noti-america.com\/site\/mexico\/wp-content\/uploads\/sites\/13\/2020\/07\/LogoNA-4x3-1.jpg","contentUrl":"https:\/\/noti-america.com\/site\/mexico\/wp-content\/uploads\/sites\/13\/2020\/07\/LogoNA-4x3-1.jpg","width":1236,"height":1080,"caption":"Noti-America LLC | M\u00e9xico"},"image":{"@id":"https:\/\/noti-america.com\/site\/mexico\/#\/schema\/logo\/image\/"}},{"@type":"Person","@id":"https:\/\/noti-america.com\/site\/mexico\/#\/schema\/person\/db5a6527aaddfc34b3753d557a1292f0","name":"Redacci\u00f3n NA-NY","image":{"@type":"ImageObject","inLanguage":"es","@id":"https:\/\/secure.gravatar.com\/avatar\/2bd75bb500a8deb1390f777293a9af32d934c46613d2fbac7cceb2aaa2679ae8?s=96&d=mm&r=g","url":"https:\/\/secure.gravatar.com\/avatar\/2bd75bb500a8deb1390f777293a9af32d934c46613d2fbac7cceb2aaa2679ae8?s=96&d=mm&r=g","contentUrl":"https:\/\/secure.gravatar.com\/avatar\/2bd75bb500a8deb1390f777293a9af32d934c46613d2fbac7cceb2aaa2679ae8?s=96&d=mm&r=g","caption":"Redacci\u00f3n NA-NY"},"url":"https:\/\/noti-america.com\/site\/mexico\/author\/redaccionny\/"}]}},"_links":{"self":[{"href":"https:\/\/noti-america.com\/site\/mexico\/wp-json\/wp\/v2\/posts\/3805","targetHints":{"allow":["GET"]}}],"collection":[{"href":"https:\/\/noti-america.com\/site\/mexico\/wp-json\/wp\/v2\/posts"}],"about":[{"href":"https:\/\/noti-america.com\/site\/mexico\/wp-json\/wp\/v2\/types\/post"}],"author":[{"embeddable":true,"href":"https:\/\/noti-america.com\/site\/mexico\/wp-json\/wp\/v2\/users\/28"}],"replies":[{"embeddable":true,"href":"https:\/\/noti-america.com\/site\/mexico\/wp-json\/wp\/v2\/comments?post=3805"}],"version-history":[{"count":1,"href":"https:\/\/noti-america.com\/site\/mexico\/wp-json\/wp\/v2\/posts\/3805\/revisions"}],"predecessor-version":[{"id":3808,"href":"https:\/\/noti-america.com\/site\/mexico\/wp-json\/wp\/v2\/posts\/3805\/revisions\/3808"}],"wp:featuredmedia":[{"embeddable":true,"href":"https:\/\/noti-america.com\/site\/mexico\/wp-json\/wp\/v2\/media\/3807"}],"wp:attachment":[{"href":"https:\/\/noti-america.com\/site\/mexico\/wp-json\/wp\/v2\/media?parent=3805"}],"wp:term":[{"taxonomy":"category","embeddable":true,"href":"https:\/\/noti-america.com\/site\/mexico\/wp-json\/wp\/v2\/categories?post=3805"},{"taxonomy":"post_tag","embeddable":true,"href":"https:\/\/noti-america.com\/site\/mexico\/wp-json\/wp\/v2\/tags?post=3805"}],"curies":[{"name":"wp","href":"https:\/\/api.w.org\/{rel}","templated":true}]}}