{"id":3770,"date":"2019-03-12T17:44:51","date_gmt":"2019-03-12T17:44:51","guid":{"rendered":"http:\/\/noti-america.com\/site\/mexico\/?p=3770"},"modified":"2019-03-12T17:44:51","modified_gmt":"2019-03-12T17:44:51","slug":"amlo-excluye-comedores-de-epn-del-presupuesto-como-parte-de-una-limpia-de-programas","status":"publish","type":"post","link":"https:\/\/noti-america.com\/site\/mexico\/2019\/03\/12\/amlo-excluye-comedores-de-epn-del-presupuesto-como-parte-de-una-limpia-de-programas\/","title":{"rendered":"AMLO excluye comedores de EPN del Presupuesto como parte de una \u00ablimpia\u00bb de programas"},"content":{"rendered":"<h3><img loading=\"lazy\" decoding=\"async\" class=\" wp-image-3771 aligncenter\" src=\"http:\/\/noti-america.com\/site\/mexico\/wp-content\/uploads\/sites\/13\/2019\/03\/1-35-300x200.jpg\" alt=\"\" width=\"553\" height=\"368\" srcset=\"https:\/\/noti-america.com\/site\/mexico\/wp-content\/uploads\/sites\/13\/2019\/03\/1-35-300x200.jpg 300w, https:\/\/noti-america.com\/site\/mexico\/wp-content\/uploads\/sites\/13\/2019\/03\/1-35-272x182.jpg 272w, https:\/\/noti-america.com\/site\/mexico\/wp-content\/uploads\/sites\/13\/2019\/03\/1-35.jpg 710w\" sizes=\"auto, (max-width: 553px) 100vw, 553px\" \/><\/h3>\n<h3><\/h3>\n<h3>Fuente:\u00a0 https:\/\/www.frontera.info\/<\/h3>\n<p>&nbsp;<\/p>\n<p>A pesar de que\u00a0<strong>ofrec\u00edan una opci\u00f3n alimentaria para m\u00e1s de medio mill\u00f3n de personas de escasos recursos<\/strong>, el\u00a0<strong>presupuesto para 5 mil comedores comunitarios operados por la Sedesol (ahora Secretar\u00eda de Bienestar) desapareci\u00f3<\/strong>\u00a0del Presupuesto de Egresos de la Federaci\u00f3n 2019, por lo que\u00a0<strong>no se contempla que el programa contin\u00fae para este a\u00f1o<\/strong>, aseguraron fuentes consultadas de la dependencia.<\/p>\n<p>Al revisar el Presupuesto de Egresos de la Federaci\u00f3n 2019 de Bienestar, este programa no aparece enlistado.<\/p>\n<p>Su presupuesto en 2018 fue de 3 mil 205 millones 757 mil 494 pesos, inversi\u00f3n que aument\u00f3 con el paso de los a\u00f1os, puesto que su monto en 2014 fue de mil 555 millones 500 mil pesos, es decir, la mitad de lo que se dio el a\u00f1o pasado.<\/p>\n<p>Los comedores comunitarios, los cuales\u00a0<strong>iniciaron operaciones en septiembre de 2013, constitu\u00edan una soluci\u00f3n al problema de hambre en zonas con poblaci\u00f3n de bajos recursos<\/strong>, debido a que con 10 pesos por raci\u00f3n, ni\u00f1os de cero a 11 a\u00f1os, estudiantes de 12 a 19 a\u00f1os, mujeres embarazadas y en periodo de lactancia, personas con discapacidad, mayores de 65 a\u00f1os y en situaci\u00f3n de vulnerabilidad, ten\u00edan acceso a alimentaci\u00f3n.<\/p>\n<div class=\"wrap-box1-desktop\">\n<div class=\"col-md-12 col-lg-12 col-sm-12 banner_box banner_box_p\">\n<div><\/div>\n<\/div>\n<div class=\"box1-desktop\"><\/div>\n<\/div>\n<p>Seg\u00fan datos de la Sedesol,\u00a0<strong>el a\u00f1o pasado cada comedor comunitario serv\u00eda en promedio 120 comidas diariamente<\/strong>, lo que significa que a nivel nacional se superaban las 622 mil raciones de alimentos.<\/p>\n<p>Las entidades federativas que cuentan con mayor n\u00famero de este tipo de establecimientos son: Estado de M\u00e9xico, con 2 mil; seguido de Guerrero, que suma mil 200; Michoac\u00e1n, con 500, mientras que Chiapas y Veracruz registran 408 y 352, respectivamente.<\/p>\n<p>En el informe Evaluaci\u00f3n de Consistencia y Resultados 2017-2018 Comedores Comunitarios, realizado por la Sedesol, se encontr\u00f3 que 92.3% de los comensales consideraban que estos espacios \u201cles permit\u00edan mejorar su alimentaci\u00f3n, dado que comen m\u00e1s sano y nutritivo, con mayor variedad, y en mayores cantidades\u201d.<\/p>\n<p>De igual manera, alrededor de 90% de los usuarios de estos establecimientos calificaron el trato recibido, el tiempo de entrada, el sabor, variedad y cantidad de los alimentos ofrecidos como \u201cbueno o excelente\u201d.<\/p>\n<div class=\"wrap-parrafo1-desktop\">\n<div class=\"div-parrafo1\"><\/div>\n<div class=\"parrafo1-desktop\"><\/div>\n<\/div>\n<p>En cuanto a los voluntarios, 94% de ellos considera \u201cseguir apoyando en los comedores\u201d.<\/p>\n<p>Sin embargo, 72.9% de los comensales consider\u00f3 que el comedor comunitario podr\u00eda mejorar en alg\u00fan aspecto; 54% mencion\u00f3 que se requieren mejoras en las instalaciones, y 20.2% pidi\u00f3 la inclusi\u00f3n de talleres o clases, entre otros.<\/p>\n<p>Fundado a partir del decreto por el que se estableci\u00f3 el Sistema Nacional para la Cruzada contra el Hambre (SINHAMBRE), se busc\u00f3 que este programa se instrumentara para mejorar e incrementar las condiciones de acceso a la alimentaci\u00f3n de la poblaci\u00f3n con prioridad de atenci\u00f3n, ubicada en las Zonas de Atenci\u00f3n Primarias (ZAP) rurales o urbanas, mediante su equipamiento y abastecimiento.<\/p>\n<p>\u201cLos comedores comunitarios se constituyen en el espacio f\u00edsico y social del quehacer comunitario para la preparaci\u00f3n y el consumo de alimentos preparados por mujeres y hombres de la comunidad.<\/p>\n<div class=\"wrap-parrafo2-desktop\">\n<div class=\"div-parrafo2\"><\/div>\n<div class=\"parrafo2-desktop\"><\/div>\n<\/div>\n<p>\u201cLas personas que asisten a los comedores cuentan con soluciones a sus necesidades prioritarias, como el acceso al consumo de alimentos y la transformaci\u00f3n de h\u00e1bitos alimenticios\u201d, se detalla en el informe.<\/p>\n<p><strong>Arranca programa<\/strong><\/p>\n<p><strong>El 19 de abril de 2013<\/strong>, en gira por Chiapas, el entonces presidente\u00a0<strong>Enrique Pe\u00f1a Nieto y la titular de Sedesol, Rosario Robles, pusieron en marcha el programa<\/strong>\u00a0de comedores comunitarios, incluido dentro de la estrategia de la Cruzada contra el Hombre. El Ejecutivo federal pronunci\u00f3 una de las frases m\u00e1s recordadas de su sexenio: \u201cNo te preocupes, Rosario, hay que aguantar\u201d.<\/p>\n<p>Acompa\u00f1ado por el ex presidente de Brasil, Luiz In\u00e1cio Lula da Silva, en la comunidad de Navenchauc, municipio de Zinacant\u00e1n,\u00a0<strong>Enrique Pe\u00f1a Nieto afirm\u00f3 que el gobierno que \u00e9l encabezaba quer\u00eda cambiar las condiciones de pobreza<\/strong>\u00a0en las que viv\u00edan millones de mexicanos.<\/p>\n<div class=\"wrap-especial-desktop\">\n<div class=\"div-box-especial\"><\/div>\n<div class=\"especial-desktop\"><\/div>\n<\/div>\n<p>&nbsp;<\/p>\n<blockquote><p>\u201cQuienes padecen hambre viven en una realidad que para los mexicanos es inadmisible y debe llevarnos a que sumemos esfuerzos. Por eso esta convocatoria que hemos lanzado, para que hagamos converger nuestros esfuerzos en atender, precisamente, a n\u00facleos sociales que padecen hambre, que no les ocupa o les preocupa otra acci\u00f3n u otra actividad, menos de car\u00e1cter pol\u00edtico\u201d, mencion\u00f3 el ex mandatario federal.<\/p><\/blockquote>\n<p>En el evento, Pe\u00f1a Nieto asegur\u00f3 que ese programa buscaba que 7.5 millones de mexicanos \u201cpuedan revertir la condici\u00f3n de pobreza extrema y poder garantizarles un m\u00ednimo y b\u00e1sico de bienestar social que les permita vivir con dignidad.<\/p>\n<p>\u201cEse es el esfuerzo del gobierno de la Rep\u00fablica, con participaci\u00f3n del sector privado y del social, estamos trabajando para que M\u00e9xico en pleno siglo XXI pueda tener condiciones de mayor dignidad, igualdad y oportunidad entre toda la poblaci\u00f3n mexicana\u201d, asegur\u00f3.<\/p>\n<p>Seg\u00fan el estudio de la Organizaci\u00f3n de las Naciones Unidas para la Alimentaci\u00f3n y la Agricultura (FAO) El sistema alimentario en M\u00e9xico, dado a conocer en noviembre de 2018, en el pa\u00eds m\u00e1s de dos quintas partes de la poblaci\u00f3n vive en condiciones de pobreza. En 2016, 53.4 millones de mexicanos viv\u00edan en pobreza, lo que equivale a 43.6% de la poblaci\u00f3n.<\/p>\n<p>El informe detalla que, de esta poblaci\u00f3n, 9.4 millones de personas, es decir 7.6% de la poblaci\u00f3n del pa\u00eds, se encontraban en condiciones de extrema pobreza.<\/p>\n<p>\u201cLa tasa de pobreza en las \u00e1reas rurales contin\u00faa siendo m\u00e1s alta que en zonas urbanas: seis de cada 10 habitantes de zonas rurales eran considerados pobres, en 2016; en contraste con los cuatro de cada 10 en zonas urbanas\u201d, indica el documento.<\/p>\n<p>La FAO se\u00f1ala que exist\u00edan 24.6 millones de mexicanos que viv\u00edan con carencia alimentaria en 2016, la cual es m\u00e1s intensa en grupos de poblaci\u00f3n como los ind\u00edgenas, discapacitados y los menores de edad.<\/p>\n<p><strong>Retiro de comedores comunitarios, por desv\u00edo de recursos<\/strong><\/p>\n<p>El presidente Andr\u00e9s Manuel L\u00f3pez Obrador afirm\u00f3 que el retiro de presupuesto para 5 mil comedores comunitarios -informaci\u00f3n que hoy p\u00fablica EL UNIVERSAL-, es parte de una limpia de programas sociales vinculados a corrupci\u00f3n y desv\u00edo de recursos.<\/p>\n<p>En conferencia de prensa ma\u00f1anera, el Jefe del Ejecutivo Federal detall\u00f3 que se hace la revisi\u00f3n de programas de la otrora Sedesol, ahora Secretar\u00eda de Bienestar, pues estaban supuestamente dirigidos a la gente con escasos recursos pero no llegaba ese dinero a las personas.<\/p>\n<p>\u00abYa no existe la Sedesol, ni sus pr\u00e1cticas, se terminan alrededor de 30 a\u00f1os de Programas electoreros, que solo mediatizaban, incurrir\u00e1n en corrupci\u00f3n, utilizando el nombre de gente humilde y gente pobre, eso se termina. Estancias infantiles, personas con discapacidad, comedores, se piensa que eran programas muy buenos. Cuando menos hab\u00eda irregularidades y desviaciones y no se ayudaba realmente a la gente\u00bb, acus\u00f3.<\/p>\n<p>Sostuvo que en gobiernos anteriores plagiaron t\u00e9rminos que se utilizaban en la lucha social: Solidaridad, Oportunidades, Progresa, Pr\u00f3spera, no funcionaban esos programas y aumentaban la pobreza\u00bb, dijo.<\/p>\n<p>Anunci\u00f3 que despu\u00e9s de la \u00ablimpia\u00bb, va a presentar un informe de c\u00f3mo \u00faltimos tiempos se manipulaban los programas sociales<\/p>\n","protected":false},"excerpt":{"rendered":"<p>Fuente:\u00a0 https:\/\/www.frontera.info\/ &nbsp; A pesar de que\u00a0ofrec\u00edan una opci\u00f3n alimentaria para m\u00e1s de medio mill\u00f3n de personas de escasos recursos, el\u00a0presupuesto para 5 mil comedores comunitarios operados por la Sedesol (ahora Secretar\u00eda de Bienestar)&#46;&#46;&#46;<\/p>\n","protected":false},"author":28,"featured_media":3771,"comment_status":"open","ping_status":"open","sticky":false,"template":"","format":"standard","meta":{"_acf_changed":false,"om_disable_all_campaigns":false,"rop_custom_images_group":[],"rop_custom_messages_group":[],"rop_publish_now":"initial","rop_publish_now_accounts":{"twitter_242054905_242054905":""},"rop_publish_now_history":[],"rop_publish_now_status":"pending","_uf_show_specific_survey":0,"_uf_disable_surveys":false,"footnotes":""},"categories":[337],"tags":[493],"class_list":["post-3770","post","type-post","status-publish","format-standard","has-post-thumbnail","hentry","category-noticias","tag-amlo-excluye-comedores-de-epn-del-presupuesto-como-parte-de-una-limpia-de-programas"],"acf":[],"aioseo_notices":[],"yoast_head":"<!-- This site is optimized with the Yoast SEO Premium plugin v24.9 (Yoast SEO v27.2) - https:\/\/yoast.com\/product\/yoast-seo-premium-wordpress\/ -->\n<title>AMLO excluye comedores de EPN del Presupuesto como parte de una &quot;limpia&quot; de programas - M\u00e9xico<\/title>\n<meta name=\"robots\" content=\"index, follow, max-snippet:-1, max-image-preview:large, max-video-preview:-1\" \/>\n<link rel=\"canonical\" href=\"https:\/\/noti-america.com\/site\/mexico\/2019\/03\/12\/amlo-excluye-comedores-de-epn-del-presupuesto-como-parte-de-una-limpia-de-programas\/\" \/>\n<meta property=\"og:locale\" content=\"es_ES\" \/>\n<meta property=\"og:type\" content=\"article\" \/>\n<meta property=\"og:title\" content=\"AMLO excluye comedores de EPN del Presupuesto como parte de una &quot;limpia&quot; de programas\" \/>\n<meta property=\"og:description\" content=\"Fuente:\u00a0 https:\/\/www.frontera.info\/ &nbsp; A pesar de que\u00a0ofrec\u00edan una opci\u00f3n alimentaria para m\u00e1s de medio mill\u00f3n de personas de escasos recursos, el\u00a0presupuesto para 5 mil comedores comunitarios operados por la Sedesol (ahora Secretar\u00eda de Bienestar)&#046;&#046;&#046;\" \/>\n<meta property=\"og:url\" content=\"https:\/\/noti-america.com\/site\/mexico\/2019\/03\/12\/amlo-excluye-comedores-de-epn-del-presupuesto-como-parte-de-una-limpia-de-programas\/\" \/>\n<meta property=\"og:site_name\" content=\"M\u00e9xico\" \/>\n<meta property=\"article:published_time\" content=\"2019-03-12T17:44:51+00:00\" \/>\n<meta property=\"og:image\" content=\"https:\/\/noti-america.com\/site\/mexico\/wp-content\/uploads\/sites\/13\/2019\/03\/1-35.jpg\" \/>\n\t<meta property=\"og:image:width\" content=\"710\" \/>\n\t<meta property=\"og:image:height\" content=\"474\" \/>\n\t<meta property=\"og:image:type\" content=\"image\/jpeg\" \/>\n<meta name=\"author\" content=\"Redacci\u00f3n NA-NY\" \/>\n<meta name=\"twitter:card\" content=\"summary_large_image\" \/>\n<meta name=\"twitter:label1\" content=\"Escrito por\" \/>\n\t<meta name=\"twitter:data1\" content=\"Redacci\u00f3n NA-NY\" \/>\n\t<meta name=\"twitter:label2\" content=\"Tiempo estimado de lectura\" \/>\n\t<meta name=\"twitter:data2\" content=\"6 minutos\" \/>\n<script type=\"application\/ld+json\" class=\"yoast-schema-graph\">{\"@context\":\"https:\/\/schema.org\",\"@graph\":[{\"@type\":\"Article\",\"@id\":\"https:\/\/noti-america.com\/site\/mexico\/2019\/03\/12\/amlo-excluye-comedores-de-epn-del-presupuesto-como-parte-de-una-limpia-de-programas\/#article\",\"isPartOf\":{\"@id\":\"https:\/\/noti-america.com\/site\/mexico\/2019\/03\/12\/amlo-excluye-comedores-de-epn-del-presupuesto-como-parte-de-una-limpia-de-programas\/\"},\"author\":{\"name\":\"Redacci\u00f3n NA-NY\",\"@id\":\"https:\/\/noti-america.com\/site\/mexico\/#\/schema\/person\/db5a6527aaddfc34b3753d557a1292f0\"},\"headline\":\"AMLO excluye comedores de EPN del Presupuesto como parte de una \u00ablimpia\u00bb de programas\",\"datePublished\":\"2019-03-12T17:44:51+00:00\",\"mainEntityOfPage\":{\"@id\":\"https:\/\/noti-america.com\/site\/mexico\/2019\/03\/12\/amlo-excluye-comedores-de-epn-del-presupuesto-como-parte-de-una-limpia-de-programas\/\"},\"wordCount\":1210,\"commentCount\":0,\"publisher\":{\"@id\":\"https:\/\/noti-america.com\/site\/mexico\/#organization\"},\"image\":{\"@id\":\"https:\/\/noti-america.com\/site\/mexico\/2019\/03\/12\/amlo-excluye-comedores-de-epn-del-presupuesto-como-parte-de-una-limpia-de-programas\/#primaryimage\"},\"thumbnailUrl\":\"https:\/\/noti-america.com\/site\/mexico\/wp-content\/uploads\/sites\/13\/2019\/03\/1-35.jpg\",\"keywords\":[\"AMLO excluye comedores de EPN del Presupuesto como parte de una \\\"limpia\\\" de programas\"],\"articleSection\":[\"Noticias\"],\"inLanguage\":\"es\",\"potentialAction\":[{\"@type\":\"CommentAction\",\"name\":\"Comment\",\"target\":[\"https:\/\/noti-america.com\/site\/mexico\/2019\/03\/12\/amlo-excluye-comedores-de-epn-del-presupuesto-como-parte-de-una-limpia-de-programas\/#respond\"]}]},{\"@type\":\"WebPage\",\"@id\":\"https:\/\/noti-america.com\/site\/mexico\/2019\/03\/12\/amlo-excluye-comedores-de-epn-del-presupuesto-como-parte-de-una-limpia-de-programas\/\",\"url\":\"https:\/\/noti-america.com\/site\/mexico\/2019\/03\/12\/amlo-excluye-comedores-de-epn-del-presupuesto-como-parte-de-una-limpia-de-programas\/\",\"name\":\"AMLO excluye comedores de EPN del Presupuesto como parte de una \\\"limpia\\\" de programas - M\u00e9xico\",\"isPartOf\":{\"@id\":\"https:\/\/noti-america.com\/site\/mexico\/#website\"},\"primaryImageOfPage\":{\"@id\":\"https:\/\/noti-america.com\/site\/mexico\/2019\/03\/12\/amlo-excluye-comedores-de-epn-del-presupuesto-como-parte-de-una-limpia-de-programas\/#primaryimage\"},\"image\":{\"@id\":\"https:\/\/noti-america.com\/site\/mexico\/2019\/03\/12\/amlo-excluye-comedores-de-epn-del-presupuesto-como-parte-de-una-limpia-de-programas\/#primaryimage\"},\"thumbnailUrl\":\"https:\/\/noti-america.com\/site\/mexico\/wp-content\/uploads\/sites\/13\/2019\/03\/1-35.jpg\",\"datePublished\":\"2019-03-12T17:44:51+00:00\",\"breadcrumb\":{\"@id\":\"https:\/\/noti-america.com\/site\/mexico\/2019\/03\/12\/amlo-excluye-comedores-de-epn-del-presupuesto-como-parte-de-una-limpia-de-programas\/#breadcrumb\"},\"inLanguage\":\"es\",\"potentialAction\":[{\"@type\":\"ReadAction\",\"target\":[\"https:\/\/noti-america.com\/site\/mexico\/2019\/03\/12\/amlo-excluye-comedores-de-epn-del-presupuesto-como-parte-de-una-limpia-de-programas\/\"]}]},{\"@type\":\"ImageObject\",\"inLanguage\":\"es\",\"@id\":\"https:\/\/noti-america.com\/site\/mexico\/2019\/03\/12\/amlo-excluye-comedores-de-epn-del-presupuesto-como-parte-de-una-limpia-de-programas\/#primaryimage\",\"url\":\"https:\/\/noti-america.com\/site\/mexico\/wp-content\/uploads\/sites\/13\/2019\/03\/1-35.jpg\",\"contentUrl\":\"https:\/\/noti-america.com\/site\/mexico\/wp-content\/uploads\/sites\/13\/2019\/03\/1-35.jpg\",\"width\":710,\"height\":474},{\"@type\":\"BreadcrumbList\",\"@id\":\"https:\/\/noti-america.com\/site\/mexico\/2019\/03\/12\/amlo-excluye-comedores-de-epn-del-presupuesto-como-parte-de-una-limpia-de-programas\/#breadcrumb\",\"itemListElement\":[{\"@type\":\"ListItem\",\"position\":1,\"name\":\"Portada\",\"item\":\"https:\/\/noti-america.com\/site\/mexico\/\"},{\"@type\":\"ListItem\",\"position\":2,\"name\":\"AMLO excluye comedores de EPN del Presupuesto como parte de una \u00ablimpia\u00bb de programas\"}]},{\"@type\":\"WebSite\",\"@id\":\"https:\/\/noti-america.com\/site\/mexico\/#website\",\"url\":\"https:\/\/noti-america.com\/site\/mexico\/\",\"name\":\"M\u00e9xico | Noti-America.com\",\"description\":\"\",\"publisher\":{\"@id\":\"https:\/\/noti-america.com\/site\/mexico\/#organization\"},\"potentialAction\":[{\"@type\":\"SearchAction\",\"target\":{\"@type\":\"EntryPoint\",\"urlTemplate\":\"https:\/\/noti-america.com\/site\/mexico\/?s={search_term_string}\"},\"query-input\":{\"@type\":\"PropertyValueSpecification\",\"valueRequired\":true,\"valueName\":\"search_term_string\"}}],\"inLanguage\":\"es\"},{\"@type\":\"Organization\",\"@id\":\"https:\/\/noti-america.com\/site\/mexico\/#organization\",\"name\":\"Noti-America LLC | M\u00e9xico\",\"url\":\"https:\/\/noti-america.com\/site\/mexico\/\",\"logo\":{\"@type\":\"ImageObject\",\"inLanguage\":\"es\",\"@id\":\"https:\/\/noti-america.com\/site\/mexico\/#\/schema\/logo\/image\/\",\"url\":\"https:\/\/noti-america.com\/site\/mexico\/wp-content\/uploads\/sites\/13\/2020\/07\/LogoNA-4x3-1.jpg\",\"contentUrl\":\"https:\/\/noti-america.com\/site\/mexico\/wp-content\/uploads\/sites\/13\/2020\/07\/LogoNA-4x3-1.jpg\",\"width\":1236,\"height\":1080,\"caption\":\"Noti-America LLC | M\u00e9xico\"},\"image\":{\"@id\":\"https:\/\/noti-america.com\/site\/mexico\/#\/schema\/logo\/image\/\"}},{\"@type\":\"Person\",\"@id\":\"https:\/\/noti-america.com\/site\/mexico\/#\/schema\/person\/db5a6527aaddfc34b3753d557a1292f0\",\"name\":\"Redacci\u00f3n NA-NY\",\"image\":{\"@type\":\"ImageObject\",\"inLanguage\":\"es\",\"@id\":\"https:\/\/secure.gravatar.com\/avatar\/2bd75bb500a8deb1390f777293a9af32d934c46613d2fbac7cceb2aaa2679ae8?s=96&d=mm&r=g\",\"url\":\"https:\/\/secure.gravatar.com\/avatar\/2bd75bb500a8deb1390f777293a9af32d934c46613d2fbac7cceb2aaa2679ae8?s=96&d=mm&r=g\",\"contentUrl\":\"https:\/\/secure.gravatar.com\/avatar\/2bd75bb500a8deb1390f777293a9af32d934c46613d2fbac7cceb2aaa2679ae8?s=96&d=mm&r=g\",\"caption\":\"Redacci\u00f3n NA-NY\"},\"url\":\"https:\/\/noti-america.com\/site\/mexico\/author\/redaccionny\/\"}]}<\/script>\n<!-- \/ Yoast SEO Premium plugin. -->","yoast_head_json":{"title":"AMLO excluye comedores de EPN del Presupuesto como parte de una \"limpia\" de programas - M\u00e9xico","robots":{"index":"index","follow":"follow","max-snippet":"max-snippet:-1","max-image-preview":"max-image-preview:large","max-video-preview":"max-video-preview:-1"},"canonical":"https:\/\/noti-america.com\/site\/mexico\/2019\/03\/12\/amlo-excluye-comedores-de-epn-del-presupuesto-como-parte-de-una-limpia-de-programas\/","og_locale":"es_ES","og_type":"article","og_title":"AMLO excluye comedores de EPN del Presupuesto como parte de una \"limpia\" de programas","og_description":"Fuente:\u00a0 https:\/\/www.frontera.info\/ &nbsp; A pesar de que\u00a0ofrec\u00edan una opci\u00f3n alimentaria para m\u00e1s de medio mill\u00f3n de personas de escasos recursos, el\u00a0presupuesto para 5 mil comedores comunitarios operados por la Sedesol (ahora Secretar\u00eda de Bienestar)&#46;&#46;&#46;","og_url":"https:\/\/noti-america.com\/site\/mexico\/2019\/03\/12\/amlo-excluye-comedores-de-epn-del-presupuesto-como-parte-de-una-limpia-de-programas\/","og_site_name":"M\u00e9xico","article_published_time":"2019-03-12T17:44:51+00:00","og_image":[{"width":710,"height":474,"url":"https:\/\/noti-america.com\/site\/mexico\/wp-content\/uploads\/sites\/13\/2019\/03\/1-35.jpg","type":"image\/jpeg"}],"author":"Redacci\u00f3n NA-NY","twitter_card":"summary_large_image","twitter_misc":{"Escrito por":"Redacci\u00f3n NA-NY","Tiempo estimado de lectura":"6 minutos"},"schema":{"@context":"https:\/\/schema.org","@graph":[{"@type":"Article","@id":"https:\/\/noti-america.com\/site\/mexico\/2019\/03\/12\/amlo-excluye-comedores-de-epn-del-presupuesto-como-parte-de-una-limpia-de-programas\/#article","isPartOf":{"@id":"https:\/\/noti-america.com\/site\/mexico\/2019\/03\/12\/amlo-excluye-comedores-de-epn-del-presupuesto-como-parte-de-una-limpia-de-programas\/"},"author":{"name":"Redacci\u00f3n NA-NY","@id":"https:\/\/noti-america.com\/site\/mexico\/#\/schema\/person\/db5a6527aaddfc34b3753d557a1292f0"},"headline":"AMLO excluye comedores de EPN del Presupuesto como parte de una \u00ablimpia\u00bb de programas","datePublished":"2019-03-12T17:44:51+00:00","mainEntityOfPage":{"@id":"https:\/\/noti-america.com\/site\/mexico\/2019\/03\/12\/amlo-excluye-comedores-de-epn-del-presupuesto-como-parte-de-una-limpia-de-programas\/"},"wordCount":1210,"commentCount":0,"publisher":{"@id":"https:\/\/noti-america.com\/site\/mexico\/#organization"},"image":{"@id":"https:\/\/noti-america.com\/site\/mexico\/2019\/03\/12\/amlo-excluye-comedores-de-epn-del-presupuesto-como-parte-de-una-limpia-de-programas\/#primaryimage"},"thumbnailUrl":"https:\/\/noti-america.com\/site\/mexico\/wp-content\/uploads\/sites\/13\/2019\/03\/1-35.jpg","keywords":["AMLO excluye comedores de EPN del Presupuesto como parte de una \"limpia\" de programas"],"articleSection":["Noticias"],"inLanguage":"es","potentialAction":[{"@type":"CommentAction","name":"Comment","target":["https:\/\/noti-america.com\/site\/mexico\/2019\/03\/12\/amlo-excluye-comedores-de-epn-del-presupuesto-como-parte-de-una-limpia-de-programas\/#respond"]}]},{"@type":"WebPage","@id":"https:\/\/noti-america.com\/site\/mexico\/2019\/03\/12\/amlo-excluye-comedores-de-epn-del-presupuesto-como-parte-de-una-limpia-de-programas\/","url":"https:\/\/noti-america.com\/site\/mexico\/2019\/03\/12\/amlo-excluye-comedores-de-epn-del-presupuesto-como-parte-de-una-limpia-de-programas\/","name":"AMLO excluye comedores de EPN del Presupuesto como parte de una \"limpia\" de programas - M\u00e9xico","isPartOf":{"@id":"https:\/\/noti-america.com\/site\/mexico\/#website"},"primaryImageOfPage":{"@id":"https:\/\/noti-america.com\/site\/mexico\/2019\/03\/12\/amlo-excluye-comedores-de-epn-del-presupuesto-como-parte-de-una-limpia-de-programas\/#primaryimage"},"image":{"@id":"https:\/\/noti-america.com\/site\/mexico\/2019\/03\/12\/amlo-excluye-comedores-de-epn-del-presupuesto-como-parte-de-una-limpia-de-programas\/#primaryimage"},"thumbnailUrl":"https:\/\/noti-america.com\/site\/mexico\/wp-content\/uploads\/sites\/13\/2019\/03\/1-35.jpg","datePublished":"2019-03-12T17:44:51+00:00","breadcrumb":{"@id":"https:\/\/noti-america.com\/site\/mexico\/2019\/03\/12\/amlo-excluye-comedores-de-epn-del-presupuesto-como-parte-de-una-limpia-de-programas\/#breadcrumb"},"inLanguage":"es","potentialAction":[{"@type":"ReadAction","target":["https:\/\/noti-america.com\/site\/mexico\/2019\/03\/12\/amlo-excluye-comedores-de-epn-del-presupuesto-como-parte-de-una-limpia-de-programas\/"]}]},{"@type":"ImageObject","inLanguage":"es","@id":"https:\/\/noti-america.com\/site\/mexico\/2019\/03\/12\/amlo-excluye-comedores-de-epn-del-presupuesto-como-parte-de-una-limpia-de-programas\/#primaryimage","url":"https:\/\/noti-america.com\/site\/mexico\/wp-content\/uploads\/sites\/13\/2019\/03\/1-35.jpg","contentUrl":"https:\/\/noti-america.com\/site\/mexico\/wp-content\/uploads\/sites\/13\/2019\/03\/1-35.jpg","width":710,"height":474},{"@type":"BreadcrumbList","@id":"https:\/\/noti-america.com\/site\/mexico\/2019\/03\/12\/amlo-excluye-comedores-de-epn-del-presupuesto-como-parte-de-una-limpia-de-programas\/#breadcrumb","itemListElement":[{"@type":"ListItem","position":1,"name":"Portada","item":"https:\/\/noti-america.com\/site\/mexico\/"},{"@type":"ListItem","position":2,"name":"AMLO excluye comedores de EPN del Presupuesto como parte de una \u00ablimpia\u00bb de programas"}]},{"@type":"WebSite","@id":"https:\/\/noti-america.com\/site\/mexico\/#website","url":"https:\/\/noti-america.com\/site\/mexico\/","name":"M\u00e9xico | Noti-America.com","description":"","publisher":{"@id":"https:\/\/noti-america.com\/site\/mexico\/#organization"},"potentialAction":[{"@type":"SearchAction","target":{"@type":"EntryPoint","urlTemplate":"https:\/\/noti-america.com\/site\/mexico\/?s={search_term_string}"},"query-input":{"@type":"PropertyValueSpecification","valueRequired":true,"valueName":"search_term_string"}}],"inLanguage":"es"},{"@type":"Organization","@id":"https:\/\/noti-america.com\/site\/mexico\/#organization","name":"Noti-America LLC | M\u00e9xico","url":"https:\/\/noti-america.com\/site\/mexico\/","logo":{"@type":"ImageObject","inLanguage":"es","@id":"https:\/\/noti-america.com\/site\/mexico\/#\/schema\/logo\/image\/","url":"https:\/\/noti-america.com\/site\/mexico\/wp-content\/uploads\/sites\/13\/2020\/07\/LogoNA-4x3-1.jpg","contentUrl":"https:\/\/noti-america.com\/site\/mexico\/wp-content\/uploads\/sites\/13\/2020\/07\/LogoNA-4x3-1.jpg","width":1236,"height":1080,"caption":"Noti-America LLC | M\u00e9xico"},"image":{"@id":"https:\/\/noti-america.com\/site\/mexico\/#\/schema\/logo\/image\/"}},{"@type":"Person","@id":"https:\/\/noti-america.com\/site\/mexico\/#\/schema\/person\/db5a6527aaddfc34b3753d557a1292f0","name":"Redacci\u00f3n NA-NY","image":{"@type":"ImageObject","inLanguage":"es","@id":"https:\/\/secure.gravatar.com\/avatar\/2bd75bb500a8deb1390f777293a9af32d934c46613d2fbac7cceb2aaa2679ae8?s=96&d=mm&r=g","url":"https:\/\/secure.gravatar.com\/avatar\/2bd75bb500a8deb1390f777293a9af32d934c46613d2fbac7cceb2aaa2679ae8?s=96&d=mm&r=g","contentUrl":"https:\/\/secure.gravatar.com\/avatar\/2bd75bb500a8deb1390f777293a9af32d934c46613d2fbac7cceb2aaa2679ae8?s=96&d=mm&r=g","caption":"Redacci\u00f3n NA-NY"},"url":"https:\/\/noti-america.com\/site\/mexico\/author\/redaccionny\/"}]}},"_links":{"self":[{"href":"https:\/\/noti-america.com\/site\/mexico\/wp-json\/wp\/v2\/posts\/3770","targetHints":{"allow":["GET"]}}],"collection":[{"href":"https:\/\/noti-america.com\/site\/mexico\/wp-json\/wp\/v2\/posts"}],"about":[{"href":"https:\/\/noti-america.com\/site\/mexico\/wp-json\/wp\/v2\/types\/post"}],"author":[{"embeddable":true,"href":"https:\/\/noti-america.com\/site\/mexico\/wp-json\/wp\/v2\/users\/28"}],"replies":[{"embeddable":true,"href":"https:\/\/noti-america.com\/site\/mexico\/wp-json\/wp\/v2\/comments?post=3770"}],"version-history":[{"count":1,"href":"https:\/\/noti-america.com\/site\/mexico\/wp-json\/wp\/v2\/posts\/3770\/revisions"}],"predecessor-version":[{"id":3772,"href":"https:\/\/noti-america.com\/site\/mexico\/wp-json\/wp\/v2\/posts\/3770\/revisions\/3772"}],"wp:featuredmedia":[{"embeddable":true,"href":"https:\/\/noti-america.com\/site\/mexico\/wp-json\/wp\/v2\/media\/3771"}],"wp:attachment":[{"href":"https:\/\/noti-america.com\/site\/mexico\/wp-json\/wp\/v2\/media?parent=3770"}],"wp:term":[{"taxonomy":"category","embeddable":true,"href":"https:\/\/noti-america.com\/site\/mexico\/wp-json\/wp\/v2\/categories?post=3770"},{"taxonomy":"post_tag","embeddable":true,"href":"https:\/\/noti-america.com\/site\/mexico\/wp-json\/wp\/v2\/tags?post=3770"}],"curies":[{"name":"wp","href":"https:\/\/api.w.org\/{rel}","templated":true}]}}