{"id":3722,"date":"2019-03-08T04:40:44","date_gmt":"2019-03-08T04:40:44","guid":{"rendered":"http:\/\/noti-america.com\/site\/mexico\/?p=3722"},"modified":"2019-03-08T04:40:44","modified_gmt":"2019-03-08T04:40:44","slug":"aclaran-que-video-de-comerciante-en-cdmx-fue-ejecucion-y-no-intento-de-plagio","status":"publish","type":"post","link":"https:\/\/noti-america.com\/site\/mexico\/2019\/03\/08\/aclaran-que-video-de-comerciante-en-cdmx-fue-ejecucion-y-no-intento-de-plagio\/","title":{"rendered":"Aclaran que video de comerciante en CDMX fue ejecuci\u00f3n y no intento de plagio"},"content":{"rendered":"<h3><img loading=\"lazy\" decoding=\"async\" class=\"alignnone  wp-image-3723 aligncenter\" src=\"http:\/\/noti-america.com\/site\/mexico\/wp-content\/uploads\/sites\/13\/2019\/03\/1-28-300x180.jpg\" alt=\"\" width=\"465\" height=\"279\" srcset=\"https:\/\/noti-america.com\/site\/mexico\/wp-content\/uploads\/sites\/13\/2019\/03\/1-28-300x180.jpg 300w, https:\/\/noti-america.com\/site\/mexico\/wp-content\/uploads\/sites\/13\/2019\/03\/1-28.jpg 750w\" sizes=\"auto, (max-width: 465px) 100vw, 465px\" \/><\/h3>\n<h3>Fuente:\u00a0 https:\/\/www.unotv.com<\/h3>\n<p dir=\"ltr\">El secretario de Seguridad Ciudadana,\u00a0<strong>Jes\u00fas Orta<\/strong>, indic\u00f3 que\u00a0el video que muestra la muerte de un comerciante\u00a0a manos de cinco sujetos que le disparan fue un ataque directo.<\/p>\n<p dir=\"ltr\"><em><strong>\u00abEl video corresponde a una ejecuci\u00f3n que se dio el d\u00eda de ayer, en donde cinco sujetos a bordo de una Suburban someten a una persona a la que ejecutan de dos disparos\u00bb.\u00a0<u>Jes\u00fas Orta<\/u><\/strong><\/em><\/p>\n<p dir=\"ltr\">Detall\u00f3 que despu\u00e9s de asesinarlo, el<strong>\u00a0C5 sigui\u00f3 el camino de los sujetos<\/strong>, a quienes se les perdi\u00f3 la pista.<\/p>\n<p dir=\"ltr\">Asegur\u00f3 que se investiga el caso.<\/p>\n<p dir=\"ltr\"><em><strong>\u00abLa polic\u00eda los estuvo siguiendo a trav\u00e9s de c\u00e1maras del C5, se les dio seguimiento&#8230; al final, dejan la camioneta abandonada, se bajan y contin\u00faan su huida a pie-tierra, y ah\u00ed se les pierde. Estamos en la investigaci\u00f3n del caso, no lo hemos soltado\u201d. Jes\u00fas Orta<\/strong><\/em><\/p>\n<h3>\/<\/h3>\n<p>&nbsp;<\/p>\n<p>&nbsp;<\/p>\n","protected":false},"excerpt":{"rendered":"<p>Fuente:\u00a0 https:\/\/www.unotv.com El secretario de Seguridad Ciudadana,\u00a0Jes\u00fas Orta, indic\u00f3 que\u00a0el video que muestra la muerte de un comerciante\u00a0a manos de cinco sujetos que le disparan fue un ataque directo. \u00abEl video corresponde a una&#46;&#46;&#46;<\/p>\n","protected":false},"author":28,"featured_media":3723,"comment_status":"open","ping_status":"open","sticky":false,"template":"","format":"standard","meta":{"_acf_changed":false,"om_disable_all_campaigns":false,"rop_custom_images_group":[],"rop_custom_messages_group":[],"rop_publish_now":"initial","rop_publish_now_accounts":{"twitter_242054905_242054905":""},"rop_publish_now_history":[],"rop_publish_now_status":"pending","_uf_show_specific_survey":0,"_uf_disable_surveys":false,"footnotes":""},"categories":[337],"tags":[484],"class_list":["post-3722","post","type-post","status-publish","format-standard","has-post-thumbnail","hentry","category-noticias","tag-aclaran-que-video-de-comerciante-en-cdmx-fue-ejecucion-y-no-intento-de-plagio"],"acf":[],"aioseo_notices":[],"yoast_head":"<!-- This site is optimized with the Yoast SEO Premium plugin v24.9 (Yoast SEO v27.2) - https:\/\/yoast.com\/product\/yoast-seo-premium-wordpress\/ -->\n<title>Aclaran que video de comerciante en CDMX fue ejecuci\u00f3n y no intento de plagio - M\u00e9xico<\/title>\n<meta name=\"robots\" content=\"index, follow, max-snippet:-1, max-image-preview:large, max-video-preview:-1\" \/>\n<link rel=\"canonical\" href=\"https:\/\/noti-america.com\/site\/mexico\/2019\/03\/08\/aclaran-que-video-de-comerciante-en-cdmx-fue-ejecucion-y-no-intento-de-plagio\/\" \/>\n<meta property=\"og:locale\" content=\"es_ES\" \/>\n<meta property=\"og:type\" content=\"article\" \/>\n<meta property=\"og:title\" content=\"Aclaran que video de comerciante en CDMX fue ejecuci\u00f3n y no intento de plagio\" \/>\n<meta property=\"og:description\" content=\"Fuente:\u00a0 https:\/\/www.unotv.com El secretario de Seguridad Ciudadana,\u00a0Jes\u00fas Orta, indic\u00f3 que\u00a0el video que muestra la muerte de un comerciante\u00a0a manos de cinco sujetos que le disparan fue un ataque directo. \u00abEl video corresponde a una&#046;&#046;&#046;\" \/>\n<meta property=\"og:url\" content=\"https:\/\/noti-america.com\/site\/mexico\/2019\/03\/08\/aclaran-que-video-de-comerciante-en-cdmx-fue-ejecucion-y-no-intento-de-plagio\/\" \/>\n<meta property=\"og:site_name\" content=\"M\u00e9xico\" \/>\n<meta property=\"article:published_time\" content=\"2019-03-08T04:40:44+00:00\" \/>\n<meta property=\"og:image\" content=\"https:\/\/noti-america.com\/site\/mexico\/wp-content\/uploads\/sites\/13\/2019\/03\/1-28.jpg\" \/>\n\t<meta property=\"og:image:width\" content=\"750\" \/>\n\t<meta property=\"og:image:height\" content=\"450\" \/>\n\t<meta property=\"og:image:type\" content=\"image\/jpeg\" \/>\n<meta name=\"author\" content=\"Redacci\u00f3n NA-NY\" \/>\n<meta name=\"twitter:card\" content=\"summary_large_image\" \/>\n<meta name=\"twitter:label1\" content=\"Escrito por\" \/>\n\t<meta name=\"twitter:data1\" content=\"Redacci\u00f3n NA-NY\" \/>\n\t<meta name=\"twitter:label2\" content=\"Tiempo estimado de lectura\" \/>\n\t<meta name=\"twitter:data2\" content=\"1 minuto\" \/>\n<script type=\"application\/ld+json\" class=\"yoast-schema-graph\">{\"@context\":\"https:\/\/schema.org\",\"@graph\":[{\"@type\":\"Article\",\"@id\":\"https:\/\/noti-america.com\/site\/mexico\/2019\/03\/08\/aclaran-que-video-de-comerciante-en-cdmx-fue-ejecucion-y-no-intento-de-plagio\/#article\",\"isPartOf\":{\"@id\":\"https:\/\/noti-america.com\/site\/mexico\/2019\/03\/08\/aclaran-que-video-de-comerciante-en-cdmx-fue-ejecucion-y-no-intento-de-plagio\/\"},\"author\":{\"name\":\"Redacci\u00f3n NA-NY\",\"@id\":\"https:\/\/noti-america.com\/site\/mexico\/#\/schema\/person\/db5a6527aaddfc34b3753d557a1292f0\"},\"headline\":\"Aclaran que video de comerciante en CDMX fue ejecuci\u00f3n y no intento de plagio\",\"datePublished\":\"2019-03-08T04:40:44+00:00\",\"mainEntityOfPage\":{\"@id\":\"https:\/\/noti-america.com\/site\/mexico\/2019\/03\/08\/aclaran-que-video-de-comerciante-en-cdmx-fue-ejecucion-y-no-intento-de-plagio\/\"},\"wordCount\":170,\"commentCount\":0,\"publisher\":{\"@id\":\"https:\/\/noti-america.com\/site\/mexico\/#organization\"},\"image\":{\"@id\":\"https:\/\/noti-america.com\/site\/mexico\/2019\/03\/08\/aclaran-que-video-de-comerciante-en-cdmx-fue-ejecucion-y-no-intento-de-plagio\/#primaryimage\"},\"thumbnailUrl\":\"https:\/\/noti-america.com\/site\/mexico\/wp-content\/uploads\/sites\/13\/2019\/03\/1-28.jpg\",\"keywords\":[\"Aclaran que video de comerciante en CDMX fue ejecuci\u00f3n y no intento de plagio\"],\"articleSection\":[\"Noticias\"],\"inLanguage\":\"es\",\"potentialAction\":[{\"@type\":\"CommentAction\",\"name\":\"Comment\",\"target\":[\"https:\/\/noti-america.com\/site\/mexico\/2019\/03\/08\/aclaran-que-video-de-comerciante-en-cdmx-fue-ejecucion-y-no-intento-de-plagio\/#respond\"]}]},{\"@type\":\"WebPage\",\"@id\":\"https:\/\/noti-america.com\/site\/mexico\/2019\/03\/08\/aclaran-que-video-de-comerciante-en-cdmx-fue-ejecucion-y-no-intento-de-plagio\/\",\"url\":\"https:\/\/noti-america.com\/site\/mexico\/2019\/03\/08\/aclaran-que-video-de-comerciante-en-cdmx-fue-ejecucion-y-no-intento-de-plagio\/\",\"name\":\"Aclaran que video de comerciante en CDMX fue ejecuci\u00f3n y no intento de plagio - M\u00e9xico\",\"isPartOf\":{\"@id\":\"https:\/\/noti-america.com\/site\/mexico\/#website\"},\"primaryImageOfPage\":{\"@id\":\"https:\/\/noti-america.com\/site\/mexico\/2019\/03\/08\/aclaran-que-video-de-comerciante-en-cdmx-fue-ejecucion-y-no-intento-de-plagio\/#primaryimage\"},\"image\":{\"@id\":\"https:\/\/noti-america.com\/site\/mexico\/2019\/03\/08\/aclaran-que-video-de-comerciante-en-cdmx-fue-ejecucion-y-no-intento-de-plagio\/#primaryimage\"},\"thumbnailUrl\":\"https:\/\/noti-america.com\/site\/mexico\/wp-content\/uploads\/sites\/13\/2019\/03\/1-28.jpg\",\"datePublished\":\"2019-03-08T04:40:44+00:00\",\"breadcrumb\":{\"@id\":\"https:\/\/noti-america.com\/site\/mexico\/2019\/03\/08\/aclaran-que-video-de-comerciante-en-cdmx-fue-ejecucion-y-no-intento-de-plagio\/#breadcrumb\"},\"inLanguage\":\"es\",\"potentialAction\":[{\"@type\":\"ReadAction\",\"target\":[\"https:\/\/noti-america.com\/site\/mexico\/2019\/03\/08\/aclaran-que-video-de-comerciante-en-cdmx-fue-ejecucion-y-no-intento-de-plagio\/\"]}]},{\"@type\":\"ImageObject\",\"inLanguage\":\"es\",\"@id\":\"https:\/\/noti-america.com\/site\/mexico\/2019\/03\/08\/aclaran-que-video-de-comerciante-en-cdmx-fue-ejecucion-y-no-intento-de-plagio\/#primaryimage\",\"url\":\"https:\/\/noti-america.com\/site\/mexico\/wp-content\/uploads\/sites\/13\/2019\/03\/1-28.jpg\",\"contentUrl\":\"https:\/\/noti-america.com\/site\/mexico\/wp-content\/uploads\/sites\/13\/2019\/03\/1-28.jpg\",\"width\":750,\"height\":450},{\"@type\":\"BreadcrumbList\",\"@id\":\"https:\/\/noti-america.com\/site\/mexico\/2019\/03\/08\/aclaran-que-video-de-comerciante-en-cdmx-fue-ejecucion-y-no-intento-de-plagio\/#breadcrumb\",\"itemListElement\":[{\"@type\":\"ListItem\",\"position\":1,\"name\":\"Portada\",\"item\":\"https:\/\/noti-america.com\/site\/mexico\/\"},{\"@type\":\"ListItem\",\"position\":2,\"name\":\"Aclaran que video de comerciante en CDMX fue ejecuci\u00f3n y no intento de plagio\"}]},{\"@type\":\"WebSite\",\"@id\":\"https:\/\/noti-america.com\/site\/mexico\/#website\",\"url\":\"https:\/\/noti-america.com\/site\/mexico\/\",\"name\":\"M\u00e9xico | Noti-America.com\",\"description\":\"\",\"publisher\":{\"@id\":\"https:\/\/noti-america.com\/site\/mexico\/#organization\"},\"potentialAction\":[{\"@type\":\"SearchAction\",\"target\":{\"@type\":\"EntryPoint\",\"urlTemplate\":\"https:\/\/noti-america.com\/site\/mexico\/?s={search_term_string}\"},\"query-input\":{\"@type\":\"PropertyValueSpecification\",\"valueRequired\":true,\"valueName\":\"search_term_string\"}}],\"inLanguage\":\"es\"},{\"@type\":\"Organization\",\"@id\":\"https:\/\/noti-america.com\/site\/mexico\/#organization\",\"name\":\"Noti-America LLC | M\u00e9xico\",\"url\":\"https:\/\/noti-america.com\/site\/mexico\/\",\"logo\":{\"@type\":\"ImageObject\",\"inLanguage\":\"es\",\"@id\":\"https:\/\/noti-america.com\/site\/mexico\/#\/schema\/logo\/image\/\",\"url\":\"https:\/\/noti-america.com\/site\/mexico\/wp-content\/uploads\/sites\/13\/2020\/07\/LogoNA-4x3-1.jpg\",\"contentUrl\":\"https:\/\/noti-america.com\/site\/mexico\/wp-content\/uploads\/sites\/13\/2020\/07\/LogoNA-4x3-1.jpg\",\"width\":1236,\"height\":1080,\"caption\":\"Noti-America LLC | M\u00e9xico\"},\"image\":{\"@id\":\"https:\/\/noti-america.com\/site\/mexico\/#\/schema\/logo\/image\/\"}},{\"@type\":\"Person\",\"@id\":\"https:\/\/noti-america.com\/site\/mexico\/#\/schema\/person\/db5a6527aaddfc34b3753d557a1292f0\",\"name\":\"Redacci\u00f3n NA-NY\",\"image\":{\"@type\":\"ImageObject\",\"inLanguage\":\"es\",\"@id\":\"https:\/\/secure.gravatar.com\/avatar\/2bd75bb500a8deb1390f777293a9af32d934c46613d2fbac7cceb2aaa2679ae8?s=96&d=mm&r=g\",\"url\":\"https:\/\/secure.gravatar.com\/avatar\/2bd75bb500a8deb1390f777293a9af32d934c46613d2fbac7cceb2aaa2679ae8?s=96&d=mm&r=g\",\"contentUrl\":\"https:\/\/secure.gravatar.com\/avatar\/2bd75bb500a8deb1390f777293a9af32d934c46613d2fbac7cceb2aaa2679ae8?s=96&d=mm&r=g\",\"caption\":\"Redacci\u00f3n NA-NY\"},\"url\":\"https:\/\/noti-america.com\/site\/mexico\/author\/redaccionny\/\"}]}<\/script>\n<!-- \/ Yoast SEO Premium plugin. -->","yoast_head_json":{"title":"Aclaran que video de comerciante en CDMX fue ejecuci\u00f3n y no intento de plagio - M\u00e9xico","robots":{"index":"index","follow":"follow","max-snippet":"max-snippet:-1","max-image-preview":"max-image-preview:large","max-video-preview":"max-video-preview:-1"},"canonical":"https:\/\/noti-america.com\/site\/mexico\/2019\/03\/08\/aclaran-que-video-de-comerciante-en-cdmx-fue-ejecucion-y-no-intento-de-plagio\/","og_locale":"es_ES","og_type":"article","og_title":"Aclaran que video de comerciante en CDMX fue ejecuci\u00f3n y no intento de plagio","og_description":"Fuente:\u00a0 https:\/\/www.unotv.com El secretario de Seguridad Ciudadana,\u00a0Jes\u00fas Orta, indic\u00f3 que\u00a0el video que muestra la muerte de un comerciante\u00a0a manos de cinco sujetos que le disparan fue un ataque directo. \u00abEl video corresponde a una&#46;&#46;&#46;","og_url":"https:\/\/noti-america.com\/site\/mexico\/2019\/03\/08\/aclaran-que-video-de-comerciante-en-cdmx-fue-ejecucion-y-no-intento-de-plagio\/","og_site_name":"M\u00e9xico","article_published_time":"2019-03-08T04:40:44+00:00","og_image":[{"width":750,"height":450,"url":"https:\/\/noti-america.com\/site\/mexico\/wp-content\/uploads\/sites\/13\/2019\/03\/1-28.jpg","type":"image\/jpeg"}],"author":"Redacci\u00f3n NA-NY","twitter_card":"summary_large_image","twitter_misc":{"Escrito por":"Redacci\u00f3n NA-NY","Tiempo estimado de lectura":"1 minuto"},"schema":{"@context":"https:\/\/schema.org","@graph":[{"@type":"Article","@id":"https:\/\/noti-america.com\/site\/mexico\/2019\/03\/08\/aclaran-que-video-de-comerciante-en-cdmx-fue-ejecucion-y-no-intento-de-plagio\/#article","isPartOf":{"@id":"https:\/\/noti-america.com\/site\/mexico\/2019\/03\/08\/aclaran-que-video-de-comerciante-en-cdmx-fue-ejecucion-y-no-intento-de-plagio\/"},"author":{"name":"Redacci\u00f3n NA-NY","@id":"https:\/\/noti-america.com\/site\/mexico\/#\/schema\/person\/db5a6527aaddfc34b3753d557a1292f0"},"headline":"Aclaran que video de comerciante en CDMX fue ejecuci\u00f3n y no intento de plagio","datePublished":"2019-03-08T04:40:44+00:00","mainEntityOfPage":{"@id":"https:\/\/noti-america.com\/site\/mexico\/2019\/03\/08\/aclaran-que-video-de-comerciante-en-cdmx-fue-ejecucion-y-no-intento-de-plagio\/"},"wordCount":170,"commentCount":0,"publisher":{"@id":"https:\/\/noti-america.com\/site\/mexico\/#organization"},"image":{"@id":"https:\/\/noti-america.com\/site\/mexico\/2019\/03\/08\/aclaran-que-video-de-comerciante-en-cdmx-fue-ejecucion-y-no-intento-de-plagio\/#primaryimage"},"thumbnailUrl":"https:\/\/noti-america.com\/site\/mexico\/wp-content\/uploads\/sites\/13\/2019\/03\/1-28.jpg","keywords":["Aclaran que video de comerciante en CDMX fue ejecuci\u00f3n y no intento de plagio"],"articleSection":["Noticias"],"inLanguage":"es","potentialAction":[{"@type":"CommentAction","name":"Comment","target":["https:\/\/noti-america.com\/site\/mexico\/2019\/03\/08\/aclaran-que-video-de-comerciante-en-cdmx-fue-ejecucion-y-no-intento-de-plagio\/#respond"]}]},{"@type":"WebPage","@id":"https:\/\/noti-america.com\/site\/mexico\/2019\/03\/08\/aclaran-que-video-de-comerciante-en-cdmx-fue-ejecucion-y-no-intento-de-plagio\/","url":"https:\/\/noti-america.com\/site\/mexico\/2019\/03\/08\/aclaran-que-video-de-comerciante-en-cdmx-fue-ejecucion-y-no-intento-de-plagio\/","name":"Aclaran que video de comerciante en CDMX fue ejecuci\u00f3n y no intento de plagio - M\u00e9xico","isPartOf":{"@id":"https:\/\/noti-america.com\/site\/mexico\/#website"},"primaryImageOfPage":{"@id":"https:\/\/noti-america.com\/site\/mexico\/2019\/03\/08\/aclaran-que-video-de-comerciante-en-cdmx-fue-ejecucion-y-no-intento-de-plagio\/#primaryimage"},"image":{"@id":"https:\/\/noti-america.com\/site\/mexico\/2019\/03\/08\/aclaran-que-video-de-comerciante-en-cdmx-fue-ejecucion-y-no-intento-de-plagio\/#primaryimage"},"thumbnailUrl":"https:\/\/noti-america.com\/site\/mexico\/wp-content\/uploads\/sites\/13\/2019\/03\/1-28.jpg","datePublished":"2019-03-08T04:40:44+00:00","breadcrumb":{"@id":"https:\/\/noti-america.com\/site\/mexico\/2019\/03\/08\/aclaran-que-video-de-comerciante-en-cdmx-fue-ejecucion-y-no-intento-de-plagio\/#breadcrumb"},"inLanguage":"es","potentialAction":[{"@type":"ReadAction","target":["https:\/\/noti-america.com\/site\/mexico\/2019\/03\/08\/aclaran-que-video-de-comerciante-en-cdmx-fue-ejecucion-y-no-intento-de-plagio\/"]}]},{"@type":"ImageObject","inLanguage":"es","@id":"https:\/\/noti-america.com\/site\/mexico\/2019\/03\/08\/aclaran-que-video-de-comerciante-en-cdmx-fue-ejecucion-y-no-intento-de-plagio\/#primaryimage","url":"https:\/\/noti-america.com\/site\/mexico\/wp-content\/uploads\/sites\/13\/2019\/03\/1-28.jpg","contentUrl":"https:\/\/noti-america.com\/site\/mexico\/wp-content\/uploads\/sites\/13\/2019\/03\/1-28.jpg","width":750,"height":450},{"@type":"BreadcrumbList","@id":"https:\/\/noti-america.com\/site\/mexico\/2019\/03\/08\/aclaran-que-video-de-comerciante-en-cdmx-fue-ejecucion-y-no-intento-de-plagio\/#breadcrumb","itemListElement":[{"@type":"ListItem","position":1,"name":"Portada","item":"https:\/\/noti-america.com\/site\/mexico\/"},{"@type":"ListItem","position":2,"name":"Aclaran que video de comerciante en CDMX fue ejecuci\u00f3n y no intento de plagio"}]},{"@type":"WebSite","@id":"https:\/\/noti-america.com\/site\/mexico\/#website","url":"https:\/\/noti-america.com\/site\/mexico\/","name":"M\u00e9xico | Noti-America.com","description":"","publisher":{"@id":"https:\/\/noti-america.com\/site\/mexico\/#organization"},"potentialAction":[{"@type":"SearchAction","target":{"@type":"EntryPoint","urlTemplate":"https:\/\/noti-america.com\/site\/mexico\/?s={search_term_string}"},"query-input":{"@type":"PropertyValueSpecification","valueRequired":true,"valueName":"search_term_string"}}],"inLanguage":"es"},{"@type":"Organization","@id":"https:\/\/noti-america.com\/site\/mexico\/#organization","name":"Noti-America LLC | M\u00e9xico","url":"https:\/\/noti-america.com\/site\/mexico\/","logo":{"@type":"ImageObject","inLanguage":"es","@id":"https:\/\/noti-america.com\/site\/mexico\/#\/schema\/logo\/image\/","url":"https:\/\/noti-america.com\/site\/mexico\/wp-content\/uploads\/sites\/13\/2020\/07\/LogoNA-4x3-1.jpg","contentUrl":"https:\/\/noti-america.com\/site\/mexico\/wp-content\/uploads\/sites\/13\/2020\/07\/LogoNA-4x3-1.jpg","width":1236,"height":1080,"caption":"Noti-America LLC | M\u00e9xico"},"image":{"@id":"https:\/\/noti-america.com\/site\/mexico\/#\/schema\/logo\/image\/"}},{"@type":"Person","@id":"https:\/\/noti-america.com\/site\/mexico\/#\/schema\/person\/db5a6527aaddfc34b3753d557a1292f0","name":"Redacci\u00f3n NA-NY","image":{"@type":"ImageObject","inLanguage":"es","@id":"https:\/\/secure.gravatar.com\/avatar\/2bd75bb500a8deb1390f777293a9af32d934c46613d2fbac7cceb2aaa2679ae8?s=96&d=mm&r=g","url":"https:\/\/secure.gravatar.com\/avatar\/2bd75bb500a8deb1390f777293a9af32d934c46613d2fbac7cceb2aaa2679ae8?s=96&d=mm&r=g","contentUrl":"https:\/\/secure.gravatar.com\/avatar\/2bd75bb500a8deb1390f777293a9af32d934c46613d2fbac7cceb2aaa2679ae8?s=96&d=mm&r=g","caption":"Redacci\u00f3n NA-NY"},"url":"https:\/\/noti-america.com\/site\/mexico\/author\/redaccionny\/"}]}},"_links":{"self":[{"href":"https:\/\/noti-america.com\/site\/mexico\/wp-json\/wp\/v2\/posts\/3722","targetHints":{"allow":["GET"]}}],"collection":[{"href":"https:\/\/noti-america.com\/site\/mexico\/wp-json\/wp\/v2\/posts"}],"about":[{"href":"https:\/\/noti-america.com\/site\/mexico\/wp-json\/wp\/v2\/types\/post"}],"author":[{"embeddable":true,"href":"https:\/\/noti-america.com\/site\/mexico\/wp-json\/wp\/v2\/users\/28"}],"replies":[{"embeddable":true,"href":"https:\/\/noti-america.com\/site\/mexico\/wp-json\/wp\/v2\/comments?post=3722"}],"version-history":[{"count":1,"href":"https:\/\/noti-america.com\/site\/mexico\/wp-json\/wp\/v2\/posts\/3722\/revisions"}],"predecessor-version":[{"id":3724,"href":"https:\/\/noti-america.com\/site\/mexico\/wp-json\/wp\/v2\/posts\/3722\/revisions\/3724"}],"wp:featuredmedia":[{"embeddable":true,"href":"https:\/\/noti-america.com\/site\/mexico\/wp-json\/wp\/v2\/media\/3723"}],"wp:attachment":[{"href":"https:\/\/noti-america.com\/site\/mexico\/wp-json\/wp\/v2\/media?parent=3722"}],"wp:term":[{"taxonomy":"category","embeddable":true,"href":"https:\/\/noti-america.com\/site\/mexico\/wp-json\/wp\/v2\/categories?post=3722"},{"taxonomy":"post_tag","embeddable":true,"href":"https:\/\/noti-america.com\/site\/mexico\/wp-json\/wp\/v2\/tags?post=3722"}],"curies":[{"name":"wp","href":"https:\/\/api.w.org\/{rel}","templated":true}]}}