{"id":3714,"date":"2019-03-08T04:38:18","date_gmt":"2019-03-08T04:38:18","guid":{"rendered":"http:\/\/noti-america.com\/site\/mexico\/?p=3714"},"modified":"2019-03-08T04:38:18","modified_gmt":"2019-03-08T04:38:18","slug":"estancias-infantiles-operaran-con-cuotas-de-padres-de-familia","status":"publish","type":"post","link":"https:\/\/noti-america.com\/site\/mexico\/2019\/03\/08\/estancias-infantiles-operaran-con-cuotas-de-padres-de-familia\/","title":{"rendered":"Estancias Infantiles operar\u00e1n con cuotas de padres de familia"},"content":{"rendered":"<h3><img loading=\"lazy\" decoding=\"async\" class=\"alignnone  wp-image-3720 aligncenter\" src=\"http:\/\/noti-america.com\/site\/mexico\/wp-content\/uploads\/sites\/13\/2019\/03\/1-27-300x189.jpg\" alt=\"\" width=\"454\" height=\"286\" srcset=\"https:\/\/noti-america.com\/site\/mexico\/wp-content\/uploads\/sites\/13\/2019\/03\/1-27-300x189.jpg 300w, https:\/\/noti-america.com\/site\/mexico\/wp-content\/uploads\/sites\/13\/2019\/03\/1-27-768x484.jpg 768w, https:\/\/noti-america.com\/site\/mexico\/wp-content\/uploads\/sites\/13\/2019\/03\/1-27.jpg 770w\" sizes=\"auto, (max-width: 454px) 100vw, 454px\" \/><\/h3>\n<h3><\/h3>\n<h3>Fuente:\u00a0 https:\/\/www.informador.mx\/<\/h3>\n<p>&nbsp;<\/p>\n<p>Con el Programa de Apoyo para el Bienestar de las Ni\u00f1as y Ni\u00f1os hijos de madres trabajadoras para el ejercicio fiscal 2019, la\u00a0<strong>Secretar\u00eda de Bienestar<\/strong>\u00a0prev\u00e9 que\u00a0<strong>las Estancias Infantiles contin\u00faen operando con las cuotas que paguen los padres de familia.<\/strong><\/p>\n<div id=\"div-gpt-ad-1548262875188-0\" data-google-query-id=\"CPbBhr_b8eACFUrDwAodlGcIWQ\"><\/div>\n<blockquote><p>\u00abEstamos planteando terminar un censo donde estamos visitando a tutor por tutor para ver cu\u00e1ntos ni\u00f1os tiene y en este sentido canalizar directamente el apoyo\u00bb<\/p><\/blockquote>\n<p>As\u00ed lo explic\u00f3 la titular de la Secretar\u00eda, Mar\u00eda Luisa Albores Gonz\u00e1lez, quien detall\u00f3 que para ello la dependencia prev\u00e9, para finales de marzo, tener listo el censo que actualmente elabora para identificar el n\u00famero de familias y ni\u00f1os que requieren el apoyo y\u00a0<strong>poderles entregar los recursos a los padres o tutores correspondientes a los meses de enero, febrero y abril.<\/strong><\/p>\n<div id=\"div-pos-2\"><\/div>\n<div id=\"div-gpt-ad-1539621500235-0\" data-google-query-id=\"CJbWhr_b8eACFUHJwAodLh0H0w\"><\/div>\n<p>\u00abEstamos planteando terminar un censo donde estamos visitando a tutor por tutor para ver cu\u00e1ntos\u00a0<strong>ni\u00f1os<\/strong>\u00a0tiene y en este sentido canalizar directamente el apoyo para el sistema de cuidados\u00bb, dijo.<\/p>\n<p>\u00abEstamos cuidando que, despu\u00e9s de que levantemos el censo, se entregue lo que es enero, febrero e inmediatamente vamos a dispersar marzo y abril porque estamos planteando que el recurso venga un mes antes para que quienes tengan las estancias no esperen el recurso hasta finales de mes\u00bb, dijo.<\/p>\n<p>Precis\u00f3 que, para garantizar que los recursos se entreguen a las familias en beneficio del cuidado de los ni\u00f1os, el DIF nacional se encargar\u00e1 de vigilar las gestiones que realizar\u00e1 la Secretar\u00eda.<\/p>\n<div data-oembed-url=\"https:\/\/www.informador.mx\/mexico\/Diputados-del-PAN-presentan-queja-ante-CNDH-por-estancias-20190307-0100.html\">\n<div class=\"iframely-embed\">\n<div>\n<div>\n<div class=\"body\">\n<div class=\"w __if _lc _sm _od _alsd _alcd _lh15 _xf _xm _xi _xt _xd __wc-600\">\n<div class=\"wf\">\n<div class=\"wc\">\n<div class=\"e\" data-style=\"padding-bottom: 53.6508%;\">\n<div class=\"em\"><\/div>\n<\/div>\n<\/div>\n<div class=\"wt\">\n<div class=\"t _f0\">\n<div class=\"th _f1p\">Diputados del PAN presentan queja ante CNDH por estancias<\/div>\n<div class=\"td\">Los legisladores interponen la queja debido a que \u00abcon las nuevas reglas de operaci\u00f3n se han vulnerado los derechos de 300 mil ni\u00f1os\u00bb<\/div>\n<div class=\"tf _f1m\"><\/div>\n<\/div>\n<\/div>\n<\/div>\n<\/div>\n<\/div>\n<\/div>\n<\/div>\n<\/div>\n<\/div>\n<p>\u00abAntes se entregaba un recurso de 950 pesos mensuales por ni\u00f1o a cada estancia, pero una vez que terminemos el censo daremos a conocer que hab\u00eda estancias que ten\u00edan ocho ni\u00f1os pero reportaban 35, por eso se habla de &#8216;ni\u00f1os fantasma'\u00bb, coment\u00f3.<\/p>\n<p>\u00abEl\u00a0<strong>DIF<\/strong>\u00a0del sexenio pasado en el \u00faltimo informe que dej\u00f3 nos habla de que el 30% de las casi 10 mil estancias infantiles tienen foco verde que son las que pueden continuar, hac\u00eda este informe porque el DIF supervisaba aunque\u00a0<strong>el recurso se entregaba a trav\u00e9s de la\u00a0Sedesol\u00a0directamente a las responsables de las estancias y por eso ocurri\u00f3 esto de que inflaban los n\u00fameros\u00bb.<\/strong><\/p>\n<blockquote><p>\u00abNo se elimina el programa de estancias, nunca hemos planteado eso, lo que existe es un cambio en las entregas\u00bb<\/p><\/blockquote>\n<p>Por ello, insisti\u00f3 en que a trav\u00e9s de la nueva modalidad, la responsabilidad de decidir d\u00f3nde se brindar\u00e1 el cuidado a sus hijos ser\u00e1 de los padres, raz\u00f3n por la que no cerrar\u00e1n las estancias.<\/p>\n<p>\u00abNo depende de nosotros que se cierren las estancias, nosotros vamos a seguir canalizando el apoyo y ese apoyo, en el caso de estancias que est\u00e1n funcionando muy bien los mismos padres de familia recomendar\u00e1n esa estancia\u00bb, agreg\u00f3.<\/p>\n<p>\u00abNo se elimina el programa de estancias, nunca hemos planteado eso, lo que existe es un cambio en las entregas, s\u00ed vamos a supervisar a trav\u00e9s del DIF que ese recurso sea canalizado para el cuidado\u00bb.<\/p>\n<div data-oembed-url=\"https:\/\/www.informador.mx\/mexico\/Eliminan-oficialmente-los-subsidios-a-las-estancias-infantiles-de-Mexico-20190301-0058.html\">\n<div class=\"iframely-embed\">\n<div>\n<div>\n<div class=\"body\">\n<div class=\"w __if _lc _sm _od _alsd _alcd _lh15 _xf _xm _xi _xt _xd __wc-600\">\n<div class=\"wf\">\n<div class=\"wc\">\n<div class=\"e\" data-style=\"padding-bottom: 53.6508%;\">\n<div class=\"em\"><\/div>\n<\/div>\n<\/div>\n<div class=\"wt\">\n<div class=\"t _f0\">\n<div class=\"td\">Se especifica que el Gobierno de M\u00e9xico, por conducto de la Secretar\u00eda de Bienestar, brindar\u00e1 apoyos a las personas beneficiarias<\/div>\n<div class=\"tf _f1m\"><\/div>\n<\/div>\n<\/div>\n<\/div>\n<\/div>\n<\/div>\n<\/div>\n<\/div>\n<\/div>\n<\/div>\n<p>De acuerdo con las reglas de operaci\u00f3n publicadas en el Diario Oficial de la Federaci\u00f3n,\u00a0<strong>los padres de familia recibir\u00e1n 800 pesos mensuales por cada ni\u00f1o con pago bimensual para que se entregue por adelantado lo del mes siguiente y se prev\u00e9 que los reciban a trav\u00e9s de una tarjeta de Bienestar.<\/strong><\/p>\n<p>Confi\u00f3 en que el 70% de las estancias que, seg\u00fan el DIF, no cuentan con foco verde para seguir operando se ajusten y re\u00fanan los requisitos para continuar dando el servicio.<\/p>\n<p>Por ello, no descart\u00f3 la posibilidad de que una vez identificado el n\u00famero real de ni\u00f1os que requieren el servicio y las condiciones de las estancias que existen en el pa\u00eds, se pueda solicitar un incremento en el presupuesto asignado, que actualmente es de dos mil 200 millones.<\/p>\n<p>JM<\/p>\n<p>&nbsp;<\/p>\n","protected":false},"excerpt":{"rendered":"<p>Fuente:\u00a0 https:\/\/www.informador.mx\/ &nbsp; Con el Programa de Apoyo para el Bienestar de las Ni\u00f1as y Ni\u00f1os hijos de madres trabajadoras para el ejercicio fiscal 2019, la\u00a0Secretar\u00eda de Bienestar\u00a0prev\u00e9 que\u00a0las Estancias Infantiles contin\u00faen operando con&#46;&#46;&#46;<\/p>\n","protected":false},"author":28,"featured_media":3720,"comment_status":"open","ping_status":"open","sticky":false,"template":"","format":"standard","meta":{"_acf_changed":false,"om_disable_all_campaigns":false,"rop_custom_images_group":[],"rop_custom_messages_group":[],"rop_publish_now":"initial","rop_publish_now_accounts":{"twitter_242054905_242054905":""},"rop_publish_now_history":[],"rop_publish_now_status":"pending","_uf_show_specific_survey":0,"_uf_disable_surveys":false,"footnotes":""},"categories":[337],"tags":[483],"class_list":["post-3714","post","type-post","status-publish","format-standard","has-post-thumbnail","hentry","category-noticias","tag-estancias-infantiles-operaran-con-cuotas-de-padres-de-familia"],"acf":[],"aioseo_notices":[],"yoast_head":"<!-- This site is optimized with the Yoast SEO Premium plugin v24.9 (Yoast SEO v27.2) - https:\/\/yoast.com\/product\/yoast-seo-premium-wordpress\/ -->\n<title>Estancias Infantiles operar\u00e1n con cuotas de padres de familia - M\u00e9xico<\/title>\n<meta name=\"robots\" content=\"index, follow, max-snippet:-1, max-image-preview:large, max-video-preview:-1\" \/>\n<link rel=\"canonical\" href=\"https:\/\/noti-america.com\/site\/mexico\/2019\/03\/08\/estancias-infantiles-operaran-con-cuotas-de-padres-de-familia\/\" \/>\n<meta property=\"og:locale\" content=\"es_ES\" \/>\n<meta property=\"og:type\" content=\"article\" \/>\n<meta property=\"og:title\" content=\"Estancias Infantiles operar\u00e1n con cuotas de padres de familia\" \/>\n<meta property=\"og:description\" content=\"Fuente:\u00a0 https:\/\/www.informador.mx\/ &nbsp; Con el Programa de Apoyo para el Bienestar de las Ni\u00f1as y Ni\u00f1os hijos de madres trabajadoras para el ejercicio fiscal 2019, la\u00a0Secretar\u00eda de Bienestar\u00a0prev\u00e9 que\u00a0las Estancias Infantiles contin\u00faen operando con&#046;&#046;&#046;\" \/>\n<meta property=\"og:url\" content=\"https:\/\/noti-america.com\/site\/mexico\/2019\/03\/08\/estancias-infantiles-operaran-con-cuotas-de-padres-de-familia\/\" \/>\n<meta property=\"og:site_name\" content=\"M\u00e9xico\" \/>\n<meta property=\"article:published_time\" content=\"2019-03-08T04:38:18+00:00\" \/>\n<meta property=\"og:image\" content=\"https:\/\/noti-america.com\/site\/mexico\/wp-content\/uploads\/sites\/13\/2019\/03\/1-27.jpg\" \/>\n\t<meta property=\"og:image:width\" content=\"770\" \/>\n\t<meta property=\"og:image:height\" content=\"485\" \/>\n\t<meta property=\"og:image:type\" content=\"image\/jpeg\" \/>\n<meta name=\"author\" content=\"Redacci\u00f3n NA-NY\" \/>\n<meta name=\"twitter:card\" content=\"summary_large_image\" \/>\n<meta name=\"twitter:label1\" content=\"Escrito por\" \/>\n\t<meta name=\"twitter:data1\" content=\"Redacci\u00f3n NA-NY\" \/>\n\t<meta name=\"twitter:label2\" content=\"Tiempo estimado de lectura\" \/>\n\t<meta name=\"twitter:data2\" content=\"4 minutos\" \/>\n<script type=\"application\/ld+json\" class=\"yoast-schema-graph\">{\"@context\":\"https:\/\/schema.org\",\"@graph\":[{\"@type\":\"Article\",\"@id\":\"https:\/\/noti-america.com\/site\/mexico\/2019\/03\/08\/estancias-infantiles-operaran-con-cuotas-de-padres-de-familia\/#article\",\"isPartOf\":{\"@id\":\"https:\/\/noti-america.com\/site\/mexico\/2019\/03\/08\/estancias-infantiles-operaran-con-cuotas-de-padres-de-familia\/\"},\"author\":{\"name\":\"Redacci\u00f3n NA-NY\",\"@id\":\"https:\/\/noti-america.com\/site\/mexico\/#\/schema\/person\/db5a6527aaddfc34b3753d557a1292f0\"},\"headline\":\"Estancias Infantiles operar\u00e1n con cuotas de padres de familia\",\"datePublished\":\"2019-03-08T04:38:18+00:00\",\"mainEntityOfPage\":{\"@id\":\"https:\/\/noti-america.com\/site\/mexico\/2019\/03\/08\/estancias-infantiles-operaran-con-cuotas-de-padres-de-familia\/\"},\"wordCount\":716,\"commentCount\":0,\"publisher\":{\"@id\":\"https:\/\/noti-america.com\/site\/mexico\/#organization\"},\"image\":{\"@id\":\"https:\/\/noti-america.com\/site\/mexico\/2019\/03\/08\/estancias-infantiles-operaran-con-cuotas-de-padres-de-familia\/#primaryimage\"},\"thumbnailUrl\":\"https:\/\/noti-america.com\/site\/mexico\/wp-content\/uploads\/sites\/13\/2019\/03\/1-27.jpg\",\"keywords\":[\"Estancias Infantiles operar\u00e1n con cuotas de padres de familia\"],\"articleSection\":[\"Noticias\"],\"inLanguage\":\"es\",\"potentialAction\":[{\"@type\":\"CommentAction\",\"name\":\"Comment\",\"target\":[\"https:\/\/noti-america.com\/site\/mexico\/2019\/03\/08\/estancias-infantiles-operaran-con-cuotas-de-padres-de-familia\/#respond\"]}]},{\"@type\":\"WebPage\",\"@id\":\"https:\/\/noti-america.com\/site\/mexico\/2019\/03\/08\/estancias-infantiles-operaran-con-cuotas-de-padres-de-familia\/\",\"url\":\"https:\/\/noti-america.com\/site\/mexico\/2019\/03\/08\/estancias-infantiles-operaran-con-cuotas-de-padres-de-familia\/\",\"name\":\"Estancias Infantiles operar\u00e1n con cuotas de padres de familia - M\u00e9xico\",\"isPartOf\":{\"@id\":\"https:\/\/noti-america.com\/site\/mexico\/#website\"},\"primaryImageOfPage\":{\"@id\":\"https:\/\/noti-america.com\/site\/mexico\/2019\/03\/08\/estancias-infantiles-operaran-con-cuotas-de-padres-de-familia\/#primaryimage\"},\"image\":{\"@id\":\"https:\/\/noti-america.com\/site\/mexico\/2019\/03\/08\/estancias-infantiles-operaran-con-cuotas-de-padres-de-familia\/#primaryimage\"},\"thumbnailUrl\":\"https:\/\/noti-america.com\/site\/mexico\/wp-content\/uploads\/sites\/13\/2019\/03\/1-27.jpg\",\"datePublished\":\"2019-03-08T04:38:18+00:00\",\"breadcrumb\":{\"@id\":\"https:\/\/noti-america.com\/site\/mexico\/2019\/03\/08\/estancias-infantiles-operaran-con-cuotas-de-padres-de-familia\/#breadcrumb\"},\"inLanguage\":\"es\",\"potentialAction\":[{\"@type\":\"ReadAction\",\"target\":[\"https:\/\/noti-america.com\/site\/mexico\/2019\/03\/08\/estancias-infantiles-operaran-con-cuotas-de-padres-de-familia\/\"]}]},{\"@type\":\"ImageObject\",\"inLanguage\":\"es\",\"@id\":\"https:\/\/noti-america.com\/site\/mexico\/2019\/03\/08\/estancias-infantiles-operaran-con-cuotas-de-padres-de-familia\/#primaryimage\",\"url\":\"https:\/\/noti-america.com\/site\/mexico\/wp-content\/uploads\/sites\/13\/2019\/03\/1-27.jpg\",\"contentUrl\":\"https:\/\/noti-america.com\/site\/mexico\/wp-content\/uploads\/sites\/13\/2019\/03\/1-27.jpg\",\"width\":770,\"height\":485},{\"@type\":\"BreadcrumbList\",\"@id\":\"https:\/\/noti-america.com\/site\/mexico\/2019\/03\/08\/estancias-infantiles-operaran-con-cuotas-de-padres-de-familia\/#breadcrumb\",\"itemListElement\":[{\"@type\":\"ListItem\",\"position\":1,\"name\":\"Portada\",\"item\":\"https:\/\/noti-america.com\/site\/mexico\/\"},{\"@type\":\"ListItem\",\"position\":2,\"name\":\"Estancias Infantiles operar\u00e1n con cuotas de padres de familia\"}]},{\"@type\":\"WebSite\",\"@id\":\"https:\/\/noti-america.com\/site\/mexico\/#website\",\"url\":\"https:\/\/noti-america.com\/site\/mexico\/\",\"name\":\"M\u00e9xico | Noti-America.com\",\"description\":\"\",\"publisher\":{\"@id\":\"https:\/\/noti-america.com\/site\/mexico\/#organization\"},\"potentialAction\":[{\"@type\":\"SearchAction\",\"target\":{\"@type\":\"EntryPoint\",\"urlTemplate\":\"https:\/\/noti-america.com\/site\/mexico\/?s={search_term_string}\"},\"query-input\":{\"@type\":\"PropertyValueSpecification\",\"valueRequired\":true,\"valueName\":\"search_term_string\"}}],\"inLanguage\":\"es\"},{\"@type\":\"Organization\",\"@id\":\"https:\/\/noti-america.com\/site\/mexico\/#organization\",\"name\":\"Noti-America LLC | M\u00e9xico\",\"url\":\"https:\/\/noti-america.com\/site\/mexico\/\",\"logo\":{\"@type\":\"ImageObject\",\"inLanguage\":\"es\",\"@id\":\"https:\/\/noti-america.com\/site\/mexico\/#\/schema\/logo\/image\/\",\"url\":\"https:\/\/noti-america.com\/site\/mexico\/wp-content\/uploads\/sites\/13\/2020\/07\/LogoNA-4x3-1.jpg\",\"contentUrl\":\"https:\/\/noti-america.com\/site\/mexico\/wp-content\/uploads\/sites\/13\/2020\/07\/LogoNA-4x3-1.jpg\",\"width\":1236,\"height\":1080,\"caption\":\"Noti-America LLC | M\u00e9xico\"},\"image\":{\"@id\":\"https:\/\/noti-america.com\/site\/mexico\/#\/schema\/logo\/image\/\"}},{\"@type\":\"Person\",\"@id\":\"https:\/\/noti-america.com\/site\/mexico\/#\/schema\/person\/db5a6527aaddfc34b3753d557a1292f0\",\"name\":\"Redacci\u00f3n NA-NY\",\"image\":{\"@type\":\"ImageObject\",\"inLanguage\":\"es\",\"@id\":\"https:\/\/secure.gravatar.com\/avatar\/2bd75bb500a8deb1390f777293a9af32d934c46613d2fbac7cceb2aaa2679ae8?s=96&d=mm&r=g\",\"url\":\"https:\/\/secure.gravatar.com\/avatar\/2bd75bb500a8deb1390f777293a9af32d934c46613d2fbac7cceb2aaa2679ae8?s=96&d=mm&r=g\",\"contentUrl\":\"https:\/\/secure.gravatar.com\/avatar\/2bd75bb500a8deb1390f777293a9af32d934c46613d2fbac7cceb2aaa2679ae8?s=96&d=mm&r=g\",\"caption\":\"Redacci\u00f3n NA-NY\"},\"url\":\"https:\/\/noti-america.com\/site\/mexico\/author\/redaccionny\/\"}]}<\/script>\n<!-- \/ Yoast SEO Premium plugin. -->","yoast_head_json":{"title":"Estancias Infantiles operar\u00e1n con cuotas de padres de familia - M\u00e9xico","robots":{"index":"index","follow":"follow","max-snippet":"max-snippet:-1","max-image-preview":"max-image-preview:large","max-video-preview":"max-video-preview:-1"},"canonical":"https:\/\/noti-america.com\/site\/mexico\/2019\/03\/08\/estancias-infantiles-operaran-con-cuotas-de-padres-de-familia\/","og_locale":"es_ES","og_type":"article","og_title":"Estancias Infantiles operar\u00e1n con cuotas de padres de familia","og_description":"Fuente:\u00a0 https:\/\/www.informador.mx\/ &nbsp; Con el Programa de Apoyo para el Bienestar de las Ni\u00f1as y Ni\u00f1os hijos de madres trabajadoras para el ejercicio fiscal 2019, la\u00a0Secretar\u00eda de Bienestar\u00a0prev\u00e9 que\u00a0las Estancias Infantiles contin\u00faen operando con&#46;&#46;&#46;","og_url":"https:\/\/noti-america.com\/site\/mexico\/2019\/03\/08\/estancias-infantiles-operaran-con-cuotas-de-padres-de-familia\/","og_site_name":"M\u00e9xico","article_published_time":"2019-03-08T04:38:18+00:00","og_image":[{"width":770,"height":485,"url":"https:\/\/noti-america.com\/site\/mexico\/wp-content\/uploads\/sites\/13\/2019\/03\/1-27.jpg","type":"image\/jpeg"}],"author":"Redacci\u00f3n NA-NY","twitter_card":"summary_large_image","twitter_misc":{"Escrito por":"Redacci\u00f3n NA-NY","Tiempo estimado de lectura":"4 minutos"},"schema":{"@context":"https:\/\/schema.org","@graph":[{"@type":"Article","@id":"https:\/\/noti-america.com\/site\/mexico\/2019\/03\/08\/estancias-infantiles-operaran-con-cuotas-de-padres-de-familia\/#article","isPartOf":{"@id":"https:\/\/noti-america.com\/site\/mexico\/2019\/03\/08\/estancias-infantiles-operaran-con-cuotas-de-padres-de-familia\/"},"author":{"name":"Redacci\u00f3n NA-NY","@id":"https:\/\/noti-america.com\/site\/mexico\/#\/schema\/person\/db5a6527aaddfc34b3753d557a1292f0"},"headline":"Estancias Infantiles operar\u00e1n con cuotas de padres de familia","datePublished":"2019-03-08T04:38:18+00:00","mainEntityOfPage":{"@id":"https:\/\/noti-america.com\/site\/mexico\/2019\/03\/08\/estancias-infantiles-operaran-con-cuotas-de-padres-de-familia\/"},"wordCount":716,"commentCount":0,"publisher":{"@id":"https:\/\/noti-america.com\/site\/mexico\/#organization"},"image":{"@id":"https:\/\/noti-america.com\/site\/mexico\/2019\/03\/08\/estancias-infantiles-operaran-con-cuotas-de-padres-de-familia\/#primaryimage"},"thumbnailUrl":"https:\/\/noti-america.com\/site\/mexico\/wp-content\/uploads\/sites\/13\/2019\/03\/1-27.jpg","keywords":["Estancias Infantiles operar\u00e1n con cuotas de padres de familia"],"articleSection":["Noticias"],"inLanguage":"es","potentialAction":[{"@type":"CommentAction","name":"Comment","target":["https:\/\/noti-america.com\/site\/mexico\/2019\/03\/08\/estancias-infantiles-operaran-con-cuotas-de-padres-de-familia\/#respond"]}]},{"@type":"WebPage","@id":"https:\/\/noti-america.com\/site\/mexico\/2019\/03\/08\/estancias-infantiles-operaran-con-cuotas-de-padres-de-familia\/","url":"https:\/\/noti-america.com\/site\/mexico\/2019\/03\/08\/estancias-infantiles-operaran-con-cuotas-de-padres-de-familia\/","name":"Estancias Infantiles operar\u00e1n con cuotas de padres de familia - M\u00e9xico","isPartOf":{"@id":"https:\/\/noti-america.com\/site\/mexico\/#website"},"primaryImageOfPage":{"@id":"https:\/\/noti-america.com\/site\/mexico\/2019\/03\/08\/estancias-infantiles-operaran-con-cuotas-de-padres-de-familia\/#primaryimage"},"image":{"@id":"https:\/\/noti-america.com\/site\/mexico\/2019\/03\/08\/estancias-infantiles-operaran-con-cuotas-de-padres-de-familia\/#primaryimage"},"thumbnailUrl":"https:\/\/noti-america.com\/site\/mexico\/wp-content\/uploads\/sites\/13\/2019\/03\/1-27.jpg","datePublished":"2019-03-08T04:38:18+00:00","breadcrumb":{"@id":"https:\/\/noti-america.com\/site\/mexico\/2019\/03\/08\/estancias-infantiles-operaran-con-cuotas-de-padres-de-familia\/#breadcrumb"},"inLanguage":"es","potentialAction":[{"@type":"ReadAction","target":["https:\/\/noti-america.com\/site\/mexico\/2019\/03\/08\/estancias-infantiles-operaran-con-cuotas-de-padres-de-familia\/"]}]},{"@type":"ImageObject","inLanguage":"es","@id":"https:\/\/noti-america.com\/site\/mexico\/2019\/03\/08\/estancias-infantiles-operaran-con-cuotas-de-padres-de-familia\/#primaryimage","url":"https:\/\/noti-america.com\/site\/mexico\/wp-content\/uploads\/sites\/13\/2019\/03\/1-27.jpg","contentUrl":"https:\/\/noti-america.com\/site\/mexico\/wp-content\/uploads\/sites\/13\/2019\/03\/1-27.jpg","width":770,"height":485},{"@type":"BreadcrumbList","@id":"https:\/\/noti-america.com\/site\/mexico\/2019\/03\/08\/estancias-infantiles-operaran-con-cuotas-de-padres-de-familia\/#breadcrumb","itemListElement":[{"@type":"ListItem","position":1,"name":"Portada","item":"https:\/\/noti-america.com\/site\/mexico\/"},{"@type":"ListItem","position":2,"name":"Estancias Infantiles operar\u00e1n con cuotas de padres de familia"}]},{"@type":"WebSite","@id":"https:\/\/noti-america.com\/site\/mexico\/#website","url":"https:\/\/noti-america.com\/site\/mexico\/","name":"M\u00e9xico | Noti-America.com","description":"","publisher":{"@id":"https:\/\/noti-america.com\/site\/mexico\/#organization"},"potentialAction":[{"@type":"SearchAction","target":{"@type":"EntryPoint","urlTemplate":"https:\/\/noti-america.com\/site\/mexico\/?s={search_term_string}"},"query-input":{"@type":"PropertyValueSpecification","valueRequired":true,"valueName":"search_term_string"}}],"inLanguage":"es"},{"@type":"Organization","@id":"https:\/\/noti-america.com\/site\/mexico\/#organization","name":"Noti-America LLC | M\u00e9xico","url":"https:\/\/noti-america.com\/site\/mexico\/","logo":{"@type":"ImageObject","inLanguage":"es","@id":"https:\/\/noti-america.com\/site\/mexico\/#\/schema\/logo\/image\/","url":"https:\/\/noti-america.com\/site\/mexico\/wp-content\/uploads\/sites\/13\/2020\/07\/LogoNA-4x3-1.jpg","contentUrl":"https:\/\/noti-america.com\/site\/mexico\/wp-content\/uploads\/sites\/13\/2020\/07\/LogoNA-4x3-1.jpg","width":1236,"height":1080,"caption":"Noti-America LLC | M\u00e9xico"},"image":{"@id":"https:\/\/noti-america.com\/site\/mexico\/#\/schema\/logo\/image\/"}},{"@type":"Person","@id":"https:\/\/noti-america.com\/site\/mexico\/#\/schema\/person\/db5a6527aaddfc34b3753d557a1292f0","name":"Redacci\u00f3n NA-NY","image":{"@type":"ImageObject","inLanguage":"es","@id":"https:\/\/secure.gravatar.com\/avatar\/2bd75bb500a8deb1390f777293a9af32d934c46613d2fbac7cceb2aaa2679ae8?s=96&d=mm&r=g","url":"https:\/\/secure.gravatar.com\/avatar\/2bd75bb500a8deb1390f777293a9af32d934c46613d2fbac7cceb2aaa2679ae8?s=96&d=mm&r=g","contentUrl":"https:\/\/secure.gravatar.com\/avatar\/2bd75bb500a8deb1390f777293a9af32d934c46613d2fbac7cceb2aaa2679ae8?s=96&d=mm&r=g","caption":"Redacci\u00f3n NA-NY"},"url":"https:\/\/noti-america.com\/site\/mexico\/author\/redaccionny\/"}]}},"_links":{"self":[{"href":"https:\/\/noti-america.com\/site\/mexico\/wp-json\/wp\/v2\/posts\/3714","targetHints":{"allow":["GET"]}}],"collection":[{"href":"https:\/\/noti-america.com\/site\/mexico\/wp-json\/wp\/v2\/posts"}],"about":[{"href":"https:\/\/noti-america.com\/site\/mexico\/wp-json\/wp\/v2\/types\/post"}],"author":[{"embeddable":true,"href":"https:\/\/noti-america.com\/site\/mexico\/wp-json\/wp\/v2\/users\/28"}],"replies":[{"embeddable":true,"href":"https:\/\/noti-america.com\/site\/mexico\/wp-json\/wp\/v2\/comments?post=3714"}],"version-history":[{"count":1,"href":"https:\/\/noti-america.com\/site\/mexico\/wp-json\/wp\/v2\/posts\/3714\/revisions"}],"predecessor-version":[{"id":3721,"href":"https:\/\/noti-america.com\/site\/mexico\/wp-json\/wp\/v2\/posts\/3714\/revisions\/3721"}],"wp:featuredmedia":[{"embeddable":true,"href":"https:\/\/noti-america.com\/site\/mexico\/wp-json\/wp\/v2\/media\/3720"}],"wp:attachment":[{"href":"https:\/\/noti-america.com\/site\/mexico\/wp-json\/wp\/v2\/media?parent=3714"}],"wp:term":[{"taxonomy":"category","embeddable":true,"href":"https:\/\/noti-america.com\/site\/mexico\/wp-json\/wp\/v2\/categories?post=3714"},{"taxonomy":"post_tag","embeddable":true,"href":"https:\/\/noti-america.com\/site\/mexico\/wp-json\/wp\/v2\/tags?post=3714"}],"curies":[{"name":"wp","href":"https:\/\/api.w.org\/{rel}","templated":true}]}}