{"id":3708,"date":"2019-03-08T04:32:58","date_gmt":"2019-03-08T04:32:58","guid":{"rendered":"http:\/\/noti-america.com\/site\/mexico\/?p=3708"},"modified":"2019-03-08T04:32:58","modified_gmt":"2019-03-08T04:32:58","slug":"morena-va-por-mayor-regulacion-fiscal-para-plataformas-digitales","status":"publish","type":"post","link":"https:\/\/noti-america.com\/site\/mexico\/2019\/03\/08\/morena-va-por-mayor-regulacion-fiscal-para-plataformas-digitales\/","title":{"rendered":"Morena va por mayor regulaci\u00f3n fiscal para plataformas digitales"},"content":{"rendered":"<h3><img loading=\"lazy\" decoding=\"async\" class=\" wp-image-3709 aligncenter\" src=\"http:\/\/noti-america.com\/site\/mexico\/wp-content\/uploads\/sites\/13\/2019\/03\/1-26-300x189.jpg\" alt=\"\" width=\"562\" height=\"354\" srcset=\"https:\/\/noti-america.com\/site\/mexico\/wp-content\/uploads\/sites\/13\/2019\/03\/1-26-300x189.jpg 300w, https:\/\/noti-america.com\/site\/mexico\/wp-content\/uploads\/sites\/13\/2019\/03\/1-26-768x484.jpg 768w, https:\/\/noti-america.com\/site\/mexico\/wp-content\/uploads\/sites\/13\/2019\/03\/1-26.jpg 770w\" sizes=\"auto, (max-width: 562px) 100vw, 562px\" \/><\/h3>\n<h3><\/h3>\n<h3>Fuente:\u00a0 https:\/\/www.informador.mx<\/h3>\n<p>&nbsp;<\/p>\n<p>El diputado Alfonso Ram\u00edrez Cu\u00e9llar, de Morena, plante\u00f3 someter a las plataformas digitales a una mayor regulaci\u00f3n fiscal para impedir la evasi\u00f3n y cobrarles los impuestos justos.<\/p>\n<div id=\"div-gpt-ad-1548262875188-0\"><\/div>\n<p>El presidente de la Comisi\u00f3n de Presupuesto y Cuenta P\u00fablica refiri\u00f3 que\u00a0<strong>el plan del Gobierno franc\u00e9s de imponer un impuesto de 3% sobre los ingresos en el pa\u00eds de los gigantes tecnol\u00f3gicos estadounidenses como\u00a0Google,\u00a0Amazon\u00a0y\u00a0Facebook, es un pendiente legislativo que debe impulsarse en M\u00e9xico.<\/strong><\/p>\n<div id=\"div-pos-2\"><\/div>\n<div id=\"div-gpt-ad-1539621500235-0\"><\/div>\n<p>El legislador se\u00f1al\u00f3 que\u00a0<strong>se deben estudiar distintas posibilidades de impedir la evasi\u00f3n y cobrar los impuestos justos para todas las plataformas tecnol\u00f3gicas en proporci\u00f3n con sus ingresos, cuidando que el gravamen no se traslade al consumidor final,<\/strong>\u00a0y consider\u00f3 que la pr\u00f3xima reforma de las haciendas p\u00fablicas en M\u00e9xico debe evitar la evasi\u00f3n y elusi\u00f3n en negocios de ese tipo.<\/p>\n<p>Explic\u00f3 que el Servicio de Administraci\u00f3n Tributaria no ha podido cobrar a las empresas multimillonarias extranjeras que se dedican al comercio electr\u00f3nico\u00a0el Impuesto Sobre la Renta (ISR), a pesar de los altos ingresos que perciben \u201cporque\u00a0<strong>en nuestra legislaci\u00f3n este impuesto se cobra a residentes fiscales y estas plataformas no est\u00e1n establecidas en M\u00e9xico\u201d.<\/strong><\/p>\n<p>Adem\u00e1s, refiri\u00f3 que en la C\u00e1mara de Diputados se present\u00f3 una iniciativa similar a lo que plantea el Gobierno franc\u00e9s, con respecto a un impuesto de 3% para plataformas de internet que ofrecen productos y servicios, como Facebook, Airbnb y Uber, entre otras.<\/p>\n","protected":false},"excerpt":{"rendered":"<p>Fuente:\u00a0 https:\/\/www.informador.mx &nbsp; El diputado Alfonso Ram\u00edrez Cu\u00e9llar, de Morena, plante\u00f3 someter a las plataformas digitales a una mayor regulaci\u00f3n fiscal para impedir la evasi\u00f3n y cobrarles los impuestos justos. El presidente de la&#46;&#46;&#46;<\/p>\n","protected":false},"author":28,"featured_media":3709,"comment_status":"open","ping_status":"open","sticky":false,"template":"","format":"standard","meta":{"_acf_changed":false,"om_disable_all_campaigns":false,"rop_custom_images_group":[],"rop_custom_messages_group":[],"rop_publish_now":"initial","rop_publish_now_accounts":{"twitter_242054905_242054905":""},"rop_publish_now_history":[],"rop_publish_now_status":"pending","_uf_show_specific_survey":0,"_uf_disable_surveys":false,"footnotes":""},"categories":[337],"tags":[482],"class_list":["post-3708","post","type-post","status-publish","format-standard","has-post-thumbnail","hentry","category-noticias","tag-morena-va-por-mayor-regulacion-fiscal-para-plataformas-digitales"],"acf":[],"aioseo_notices":[],"yoast_head":"<!-- This site is optimized with the Yoast SEO Premium plugin v24.9 (Yoast SEO v27.2) - https:\/\/yoast.com\/product\/yoast-seo-premium-wordpress\/ -->\n<title>Morena va por mayor regulaci\u00f3n fiscal para plataformas digitales - M\u00e9xico<\/title>\n<meta name=\"robots\" content=\"index, follow, max-snippet:-1, max-image-preview:large, max-video-preview:-1\" \/>\n<link rel=\"canonical\" href=\"https:\/\/noti-america.com\/site\/mexico\/2019\/03\/08\/morena-va-por-mayor-regulacion-fiscal-para-plataformas-digitales\/\" \/>\n<meta property=\"og:locale\" content=\"es_ES\" \/>\n<meta property=\"og:type\" content=\"article\" \/>\n<meta property=\"og:title\" content=\"Morena va por mayor regulaci\u00f3n fiscal para plataformas digitales\" \/>\n<meta property=\"og:description\" content=\"Fuente:\u00a0 https:\/\/www.informador.mx &nbsp; El diputado Alfonso Ram\u00edrez Cu\u00e9llar, de Morena, plante\u00f3 someter a las plataformas digitales a una mayor regulaci\u00f3n fiscal para impedir la evasi\u00f3n y cobrarles los impuestos justos. El presidente de la&#046;&#046;&#046;\" \/>\n<meta property=\"og:url\" content=\"https:\/\/noti-america.com\/site\/mexico\/2019\/03\/08\/morena-va-por-mayor-regulacion-fiscal-para-plataformas-digitales\/\" \/>\n<meta property=\"og:site_name\" content=\"M\u00e9xico\" \/>\n<meta property=\"article:published_time\" content=\"2019-03-08T04:32:58+00:00\" \/>\n<meta property=\"og:image\" content=\"https:\/\/noti-america.com\/site\/mexico\/wp-content\/uploads\/sites\/13\/2019\/03\/1-26.jpg\" \/>\n\t<meta property=\"og:image:width\" content=\"770\" \/>\n\t<meta property=\"og:image:height\" content=\"485\" \/>\n\t<meta property=\"og:image:type\" content=\"image\/jpeg\" \/>\n<meta name=\"author\" content=\"Redacci\u00f3n NA-NY\" \/>\n<meta name=\"twitter:card\" content=\"summary_large_image\" \/>\n<meta name=\"twitter:label1\" content=\"Escrito por\" \/>\n\t<meta name=\"twitter:data1\" content=\"Redacci\u00f3n NA-NY\" \/>\n\t<meta name=\"twitter:label2\" content=\"Tiempo estimado de lectura\" \/>\n\t<meta name=\"twitter:data2\" content=\"1 minuto\" \/>\n<script type=\"application\/ld+json\" class=\"yoast-schema-graph\">{\"@context\":\"https:\/\/schema.org\",\"@graph\":[{\"@type\":\"Article\",\"@id\":\"https:\/\/noti-america.com\/site\/mexico\/2019\/03\/08\/morena-va-por-mayor-regulacion-fiscal-para-plataformas-digitales\/#article\",\"isPartOf\":{\"@id\":\"https:\/\/noti-america.com\/site\/mexico\/2019\/03\/08\/morena-va-por-mayor-regulacion-fiscal-para-plataformas-digitales\/\"},\"author\":{\"name\":\"Redacci\u00f3n NA-NY\",\"@id\":\"https:\/\/noti-america.com\/site\/mexico\/#\/schema\/person\/db5a6527aaddfc34b3753d557a1292f0\"},\"headline\":\"Morena va por mayor regulaci\u00f3n fiscal para plataformas digitales\",\"datePublished\":\"2019-03-08T04:32:58+00:00\",\"mainEntityOfPage\":{\"@id\":\"https:\/\/noti-america.com\/site\/mexico\/2019\/03\/08\/morena-va-por-mayor-regulacion-fiscal-para-plataformas-digitales\/\"},\"wordCount\":275,\"commentCount\":0,\"publisher\":{\"@id\":\"https:\/\/noti-america.com\/site\/mexico\/#organization\"},\"image\":{\"@id\":\"https:\/\/noti-america.com\/site\/mexico\/2019\/03\/08\/morena-va-por-mayor-regulacion-fiscal-para-plataformas-digitales\/#primaryimage\"},\"thumbnailUrl\":\"https:\/\/noti-america.com\/site\/mexico\/wp-content\/uploads\/sites\/13\/2019\/03\/1-26.jpg\",\"keywords\":[\"Morena va por mayor regulaci\u00f3n fiscal para plataformas digitales\"],\"articleSection\":[\"Noticias\"],\"inLanguage\":\"es\",\"potentialAction\":[{\"@type\":\"CommentAction\",\"name\":\"Comment\",\"target\":[\"https:\/\/noti-america.com\/site\/mexico\/2019\/03\/08\/morena-va-por-mayor-regulacion-fiscal-para-plataformas-digitales\/#respond\"]}]},{\"@type\":\"WebPage\",\"@id\":\"https:\/\/noti-america.com\/site\/mexico\/2019\/03\/08\/morena-va-por-mayor-regulacion-fiscal-para-plataformas-digitales\/\",\"url\":\"https:\/\/noti-america.com\/site\/mexico\/2019\/03\/08\/morena-va-por-mayor-regulacion-fiscal-para-plataformas-digitales\/\",\"name\":\"Morena va por mayor regulaci\u00f3n fiscal para plataformas digitales - M\u00e9xico\",\"isPartOf\":{\"@id\":\"https:\/\/noti-america.com\/site\/mexico\/#website\"},\"primaryImageOfPage\":{\"@id\":\"https:\/\/noti-america.com\/site\/mexico\/2019\/03\/08\/morena-va-por-mayor-regulacion-fiscal-para-plataformas-digitales\/#primaryimage\"},\"image\":{\"@id\":\"https:\/\/noti-america.com\/site\/mexico\/2019\/03\/08\/morena-va-por-mayor-regulacion-fiscal-para-plataformas-digitales\/#primaryimage\"},\"thumbnailUrl\":\"https:\/\/noti-america.com\/site\/mexico\/wp-content\/uploads\/sites\/13\/2019\/03\/1-26.jpg\",\"datePublished\":\"2019-03-08T04:32:58+00:00\",\"breadcrumb\":{\"@id\":\"https:\/\/noti-america.com\/site\/mexico\/2019\/03\/08\/morena-va-por-mayor-regulacion-fiscal-para-plataformas-digitales\/#breadcrumb\"},\"inLanguage\":\"es\",\"potentialAction\":[{\"@type\":\"ReadAction\",\"target\":[\"https:\/\/noti-america.com\/site\/mexico\/2019\/03\/08\/morena-va-por-mayor-regulacion-fiscal-para-plataformas-digitales\/\"]}]},{\"@type\":\"ImageObject\",\"inLanguage\":\"es\",\"@id\":\"https:\/\/noti-america.com\/site\/mexico\/2019\/03\/08\/morena-va-por-mayor-regulacion-fiscal-para-plataformas-digitales\/#primaryimage\",\"url\":\"https:\/\/noti-america.com\/site\/mexico\/wp-content\/uploads\/sites\/13\/2019\/03\/1-26.jpg\",\"contentUrl\":\"https:\/\/noti-america.com\/site\/mexico\/wp-content\/uploads\/sites\/13\/2019\/03\/1-26.jpg\",\"width\":770,\"height\":485},{\"@type\":\"BreadcrumbList\",\"@id\":\"https:\/\/noti-america.com\/site\/mexico\/2019\/03\/08\/morena-va-por-mayor-regulacion-fiscal-para-plataformas-digitales\/#breadcrumb\",\"itemListElement\":[{\"@type\":\"ListItem\",\"position\":1,\"name\":\"Portada\",\"item\":\"https:\/\/noti-america.com\/site\/mexico\/\"},{\"@type\":\"ListItem\",\"position\":2,\"name\":\"Morena va por mayor regulaci\u00f3n fiscal para plataformas digitales\"}]},{\"@type\":\"WebSite\",\"@id\":\"https:\/\/noti-america.com\/site\/mexico\/#website\",\"url\":\"https:\/\/noti-america.com\/site\/mexico\/\",\"name\":\"M\u00e9xico | Noti-America.com\",\"description\":\"\",\"publisher\":{\"@id\":\"https:\/\/noti-america.com\/site\/mexico\/#organization\"},\"potentialAction\":[{\"@type\":\"SearchAction\",\"target\":{\"@type\":\"EntryPoint\",\"urlTemplate\":\"https:\/\/noti-america.com\/site\/mexico\/?s={search_term_string}\"},\"query-input\":{\"@type\":\"PropertyValueSpecification\",\"valueRequired\":true,\"valueName\":\"search_term_string\"}}],\"inLanguage\":\"es\"},{\"@type\":\"Organization\",\"@id\":\"https:\/\/noti-america.com\/site\/mexico\/#organization\",\"name\":\"Noti-America LLC | M\u00e9xico\",\"url\":\"https:\/\/noti-america.com\/site\/mexico\/\",\"logo\":{\"@type\":\"ImageObject\",\"inLanguage\":\"es\",\"@id\":\"https:\/\/noti-america.com\/site\/mexico\/#\/schema\/logo\/image\/\",\"url\":\"https:\/\/noti-america.com\/site\/mexico\/wp-content\/uploads\/sites\/13\/2020\/07\/LogoNA-4x3-1.jpg\",\"contentUrl\":\"https:\/\/noti-america.com\/site\/mexico\/wp-content\/uploads\/sites\/13\/2020\/07\/LogoNA-4x3-1.jpg\",\"width\":1236,\"height\":1080,\"caption\":\"Noti-America LLC | M\u00e9xico\"},\"image\":{\"@id\":\"https:\/\/noti-america.com\/site\/mexico\/#\/schema\/logo\/image\/\"}},{\"@type\":\"Person\",\"@id\":\"https:\/\/noti-america.com\/site\/mexico\/#\/schema\/person\/db5a6527aaddfc34b3753d557a1292f0\",\"name\":\"Redacci\u00f3n NA-NY\",\"image\":{\"@type\":\"ImageObject\",\"inLanguage\":\"es\",\"@id\":\"https:\/\/secure.gravatar.com\/avatar\/2bd75bb500a8deb1390f777293a9af32d934c46613d2fbac7cceb2aaa2679ae8?s=96&d=mm&r=g\",\"url\":\"https:\/\/secure.gravatar.com\/avatar\/2bd75bb500a8deb1390f777293a9af32d934c46613d2fbac7cceb2aaa2679ae8?s=96&d=mm&r=g\",\"contentUrl\":\"https:\/\/secure.gravatar.com\/avatar\/2bd75bb500a8deb1390f777293a9af32d934c46613d2fbac7cceb2aaa2679ae8?s=96&d=mm&r=g\",\"caption\":\"Redacci\u00f3n NA-NY\"},\"url\":\"https:\/\/noti-america.com\/site\/mexico\/author\/redaccionny\/\"}]}<\/script>\n<!-- \/ Yoast SEO Premium plugin. -->","yoast_head_json":{"title":"Morena va por mayor regulaci\u00f3n fiscal para plataformas digitales - M\u00e9xico","robots":{"index":"index","follow":"follow","max-snippet":"max-snippet:-1","max-image-preview":"max-image-preview:large","max-video-preview":"max-video-preview:-1"},"canonical":"https:\/\/noti-america.com\/site\/mexico\/2019\/03\/08\/morena-va-por-mayor-regulacion-fiscal-para-plataformas-digitales\/","og_locale":"es_ES","og_type":"article","og_title":"Morena va por mayor regulaci\u00f3n fiscal para plataformas digitales","og_description":"Fuente:\u00a0 https:\/\/www.informador.mx &nbsp; El diputado Alfonso Ram\u00edrez Cu\u00e9llar, de Morena, plante\u00f3 someter a las plataformas digitales a una mayor regulaci\u00f3n fiscal para impedir la evasi\u00f3n y cobrarles los impuestos justos. El presidente de la&#46;&#46;&#46;","og_url":"https:\/\/noti-america.com\/site\/mexico\/2019\/03\/08\/morena-va-por-mayor-regulacion-fiscal-para-plataformas-digitales\/","og_site_name":"M\u00e9xico","article_published_time":"2019-03-08T04:32:58+00:00","og_image":[{"width":770,"height":485,"url":"https:\/\/noti-america.com\/site\/mexico\/wp-content\/uploads\/sites\/13\/2019\/03\/1-26.jpg","type":"image\/jpeg"}],"author":"Redacci\u00f3n NA-NY","twitter_card":"summary_large_image","twitter_misc":{"Escrito por":"Redacci\u00f3n NA-NY","Tiempo estimado de lectura":"1 minuto"},"schema":{"@context":"https:\/\/schema.org","@graph":[{"@type":"Article","@id":"https:\/\/noti-america.com\/site\/mexico\/2019\/03\/08\/morena-va-por-mayor-regulacion-fiscal-para-plataformas-digitales\/#article","isPartOf":{"@id":"https:\/\/noti-america.com\/site\/mexico\/2019\/03\/08\/morena-va-por-mayor-regulacion-fiscal-para-plataformas-digitales\/"},"author":{"name":"Redacci\u00f3n NA-NY","@id":"https:\/\/noti-america.com\/site\/mexico\/#\/schema\/person\/db5a6527aaddfc34b3753d557a1292f0"},"headline":"Morena va por mayor regulaci\u00f3n fiscal para plataformas digitales","datePublished":"2019-03-08T04:32:58+00:00","mainEntityOfPage":{"@id":"https:\/\/noti-america.com\/site\/mexico\/2019\/03\/08\/morena-va-por-mayor-regulacion-fiscal-para-plataformas-digitales\/"},"wordCount":275,"commentCount":0,"publisher":{"@id":"https:\/\/noti-america.com\/site\/mexico\/#organization"},"image":{"@id":"https:\/\/noti-america.com\/site\/mexico\/2019\/03\/08\/morena-va-por-mayor-regulacion-fiscal-para-plataformas-digitales\/#primaryimage"},"thumbnailUrl":"https:\/\/noti-america.com\/site\/mexico\/wp-content\/uploads\/sites\/13\/2019\/03\/1-26.jpg","keywords":["Morena va por mayor regulaci\u00f3n fiscal para plataformas digitales"],"articleSection":["Noticias"],"inLanguage":"es","potentialAction":[{"@type":"CommentAction","name":"Comment","target":["https:\/\/noti-america.com\/site\/mexico\/2019\/03\/08\/morena-va-por-mayor-regulacion-fiscal-para-plataformas-digitales\/#respond"]}]},{"@type":"WebPage","@id":"https:\/\/noti-america.com\/site\/mexico\/2019\/03\/08\/morena-va-por-mayor-regulacion-fiscal-para-plataformas-digitales\/","url":"https:\/\/noti-america.com\/site\/mexico\/2019\/03\/08\/morena-va-por-mayor-regulacion-fiscal-para-plataformas-digitales\/","name":"Morena va por mayor regulaci\u00f3n fiscal para plataformas digitales - M\u00e9xico","isPartOf":{"@id":"https:\/\/noti-america.com\/site\/mexico\/#website"},"primaryImageOfPage":{"@id":"https:\/\/noti-america.com\/site\/mexico\/2019\/03\/08\/morena-va-por-mayor-regulacion-fiscal-para-plataformas-digitales\/#primaryimage"},"image":{"@id":"https:\/\/noti-america.com\/site\/mexico\/2019\/03\/08\/morena-va-por-mayor-regulacion-fiscal-para-plataformas-digitales\/#primaryimage"},"thumbnailUrl":"https:\/\/noti-america.com\/site\/mexico\/wp-content\/uploads\/sites\/13\/2019\/03\/1-26.jpg","datePublished":"2019-03-08T04:32:58+00:00","breadcrumb":{"@id":"https:\/\/noti-america.com\/site\/mexico\/2019\/03\/08\/morena-va-por-mayor-regulacion-fiscal-para-plataformas-digitales\/#breadcrumb"},"inLanguage":"es","potentialAction":[{"@type":"ReadAction","target":["https:\/\/noti-america.com\/site\/mexico\/2019\/03\/08\/morena-va-por-mayor-regulacion-fiscal-para-plataformas-digitales\/"]}]},{"@type":"ImageObject","inLanguage":"es","@id":"https:\/\/noti-america.com\/site\/mexico\/2019\/03\/08\/morena-va-por-mayor-regulacion-fiscal-para-plataformas-digitales\/#primaryimage","url":"https:\/\/noti-america.com\/site\/mexico\/wp-content\/uploads\/sites\/13\/2019\/03\/1-26.jpg","contentUrl":"https:\/\/noti-america.com\/site\/mexico\/wp-content\/uploads\/sites\/13\/2019\/03\/1-26.jpg","width":770,"height":485},{"@type":"BreadcrumbList","@id":"https:\/\/noti-america.com\/site\/mexico\/2019\/03\/08\/morena-va-por-mayor-regulacion-fiscal-para-plataformas-digitales\/#breadcrumb","itemListElement":[{"@type":"ListItem","position":1,"name":"Portada","item":"https:\/\/noti-america.com\/site\/mexico\/"},{"@type":"ListItem","position":2,"name":"Morena va por mayor regulaci\u00f3n fiscal para plataformas digitales"}]},{"@type":"WebSite","@id":"https:\/\/noti-america.com\/site\/mexico\/#website","url":"https:\/\/noti-america.com\/site\/mexico\/","name":"M\u00e9xico | Noti-America.com","description":"","publisher":{"@id":"https:\/\/noti-america.com\/site\/mexico\/#organization"},"potentialAction":[{"@type":"SearchAction","target":{"@type":"EntryPoint","urlTemplate":"https:\/\/noti-america.com\/site\/mexico\/?s={search_term_string}"},"query-input":{"@type":"PropertyValueSpecification","valueRequired":true,"valueName":"search_term_string"}}],"inLanguage":"es"},{"@type":"Organization","@id":"https:\/\/noti-america.com\/site\/mexico\/#organization","name":"Noti-America LLC | M\u00e9xico","url":"https:\/\/noti-america.com\/site\/mexico\/","logo":{"@type":"ImageObject","inLanguage":"es","@id":"https:\/\/noti-america.com\/site\/mexico\/#\/schema\/logo\/image\/","url":"https:\/\/noti-america.com\/site\/mexico\/wp-content\/uploads\/sites\/13\/2020\/07\/LogoNA-4x3-1.jpg","contentUrl":"https:\/\/noti-america.com\/site\/mexico\/wp-content\/uploads\/sites\/13\/2020\/07\/LogoNA-4x3-1.jpg","width":1236,"height":1080,"caption":"Noti-America LLC | M\u00e9xico"},"image":{"@id":"https:\/\/noti-america.com\/site\/mexico\/#\/schema\/logo\/image\/"}},{"@type":"Person","@id":"https:\/\/noti-america.com\/site\/mexico\/#\/schema\/person\/db5a6527aaddfc34b3753d557a1292f0","name":"Redacci\u00f3n NA-NY","image":{"@type":"ImageObject","inLanguage":"es","@id":"https:\/\/secure.gravatar.com\/avatar\/2bd75bb500a8deb1390f777293a9af32d934c46613d2fbac7cceb2aaa2679ae8?s=96&d=mm&r=g","url":"https:\/\/secure.gravatar.com\/avatar\/2bd75bb500a8deb1390f777293a9af32d934c46613d2fbac7cceb2aaa2679ae8?s=96&d=mm&r=g","contentUrl":"https:\/\/secure.gravatar.com\/avatar\/2bd75bb500a8deb1390f777293a9af32d934c46613d2fbac7cceb2aaa2679ae8?s=96&d=mm&r=g","caption":"Redacci\u00f3n NA-NY"},"url":"https:\/\/noti-america.com\/site\/mexico\/author\/redaccionny\/"}]}},"_links":{"self":[{"href":"https:\/\/noti-america.com\/site\/mexico\/wp-json\/wp\/v2\/posts\/3708","targetHints":{"allow":["GET"]}}],"collection":[{"href":"https:\/\/noti-america.com\/site\/mexico\/wp-json\/wp\/v2\/posts"}],"about":[{"href":"https:\/\/noti-america.com\/site\/mexico\/wp-json\/wp\/v2\/types\/post"}],"author":[{"embeddable":true,"href":"https:\/\/noti-america.com\/site\/mexico\/wp-json\/wp\/v2\/users\/28"}],"replies":[{"embeddable":true,"href":"https:\/\/noti-america.com\/site\/mexico\/wp-json\/wp\/v2\/comments?post=3708"}],"version-history":[{"count":1,"href":"https:\/\/noti-america.com\/site\/mexico\/wp-json\/wp\/v2\/posts\/3708\/revisions"}],"predecessor-version":[{"id":3710,"href":"https:\/\/noti-america.com\/site\/mexico\/wp-json\/wp\/v2\/posts\/3708\/revisions\/3710"}],"wp:featuredmedia":[{"embeddable":true,"href":"https:\/\/noti-america.com\/site\/mexico\/wp-json\/wp\/v2\/media\/3709"}],"wp:attachment":[{"href":"https:\/\/noti-america.com\/site\/mexico\/wp-json\/wp\/v2\/media?parent=3708"}],"wp:term":[{"taxonomy":"category","embeddable":true,"href":"https:\/\/noti-america.com\/site\/mexico\/wp-json\/wp\/v2\/categories?post=3708"},{"taxonomy":"post_tag","embeddable":true,"href":"https:\/\/noti-america.com\/site\/mexico\/wp-json\/wp\/v2\/tags?post=3708"}],"curies":[{"name":"wp","href":"https:\/\/api.w.org\/{rel}","templated":true}]}}