{"id":3687,"date":"2019-03-07T17:13:13","date_gmt":"2019-03-07T17:13:13","guid":{"rendered":"http:\/\/noti-america.com\/site\/mexico\/?p=3687"},"modified":"2019-03-07T17:13:13","modified_gmt":"2019-03-07T17:13:13","slug":"todo-el-centro-historico-de-ciudad-de-mexico-deberia-ser-peatonal","status":"publish","type":"post","link":"https:\/\/noti-america.com\/site\/mexico\/2019\/03\/07\/todo-el-centro-historico-de-ciudad-de-mexico-deberia-ser-peatonal\/","title":{"rendered":"\u201cTodo el centro hist\u00f3rico de Ciudad de M\u00e9xico deber\u00eda ser peatonal\u201d"},"content":{"rendered":"<h3><img loading=\"lazy\" decoding=\"async\" class=\"alignnone  wp-image-3688 aligncenter\" src=\"http:\/\/noti-america.com\/site\/mexico\/wp-content\/uploads\/sites\/13\/2019\/03\/1-23-300x184.jpg\" alt=\"\" width=\"461\" height=\"283\" srcset=\"https:\/\/noti-america.com\/site\/mexico\/wp-content\/uploads\/sites\/13\/2019\/03\/1-23-300x184.jpg 300w, https:\/\/noti-america.com\/site\/mexico\/wp-content\/uploads\/sites\/13\/2019\/03\/1-23-768x470.jpg 768w, https:\/\/noti-america.com\/site\/mexico\/wp-content\/uploads\/sites\/13\/2019\/03\/1-23-1024x626.jpg 1024w, https:\/\/noti-america.com\/site\/mexico\/wp-content\/uploads\/sites\/13\/2019\/03\/1-23.jpg 1960w\" sizes=\"auto, (max-width: 461px) 100vw, 461px\" \/><\/h3>\n<h3><\/h3>\n<h3>Fuente:\u00a0 https:\/\/elpais.com\/<\/h3>\n<p>&nbsp;<\/p>\n<p>\u00bfD\u00f3nde termina la ciudad? \u00bfD\u00f3nde vive el conductor de autob\u00fas que te lleva al trabajo? \u00bfQu\u00e9 hacer con los no lugares? El debate sobre los l\u00edmites de la ciudad ser\u00e1 el n\u00facleo sobre el que girar\u00e1 la sexta edici\u00f3n de\u00a0Mextr\u00f3poli, el mayor festival de urbanismo y arquitectura de Latinoam\u00e9rica. Tomando la Ciudad de M\u00e9xico como referencia,\u00a0Miquel Adri\u00e1, su fundador y uno de los urbanistas m\u00e1s prestigiosos de la regi\u00f3n, destaca como recetas \u201cpeatonalizar los centros hist\u00f3ricos, mejorar el transporte p\u00fabico e integrar la informalidad\u201d.<\/p>\n<section id=\"sumario_1|apoyos\" class=\"sumario_apoyos derecha\">\n<div class=\"sumario__interior\">\n<div class=\"sumario-texto\">\n<div class=\"apoyos\">\n<p>&nbsp;<\/p>\n<\/div>\n<\/div>\n<\/div>\n<\/section>\n<p>Desde este s\u00e1bado,\u00a0exposiciones, talleres y conferencias\u00a0a cargo de nombres clave del panorama actual, desde el premio Pritzker 2016 Alejandro Aravena, hasta el exalcalde de Los \u00c1ngeles, Antonio Villaraigosa, los arquitectos\u00a0David Chipperfield\u00a0o Dominique Perrault, o los responsables de las carteras municipales urbanismo y movilidad sentados en la misma mesa con desarrolladores inmobiliarios mexicanos.<\/p>\n<p><strong>Pregunta.<\/strong>\u00a0\u00bfD\u00f3nde termina Ciudad de M\u00e9xico?<\/p>\n<p><strong>Respuesta.<\/strong>\u00a0Como la mayor parte de las metr\u00f3polis, no termina. Una metr\u00f3poli no es una ciudad m\u00e1s grande, se caracteriza por ser polic\u00e9ntrica e informe. Como parte de esa condici\u00f3n informal vemos como se entreteje con el territorio, como pasa en Buenos Aries, que tiene esa forma de mano en la que se van cruzando lineas que siguen siendo ciudad. En Ciudad de M\u00e9xico tambi\u00e9n sucede. La mancha urbana, por ejemplo, se desparrama por el Estado de M\u00e9xico y empieza a haber lugares que son no lugares.<\/p>\n<p><strong>P.<\/strong>\u00a0\u00bfQu\u00e9 son esos es no lugares?<\/p>\n<p><strong>R<\/strong>. Por ejemplo, la parte trasera o lo que queda debajo de esas grandes arterias viales, esos perif\u00e9ricos que dejan \u00e1reas muertas, sin una denominaci\u00f3n, sin unos atributos propios. La Sedatu (Secretar\u00eda Desarrollo Agrario, Territorial y Urbano)\u00a0est\u00e1 planteando una intervenci\u00f3n en estos barrios m\u00e1s deprimidos informales. Habr\u00e1 que ver cu\u00e1les son las estrategias.<\/p>\n<p><strong>P.<\/strong>\u00a0\u00bfCu\u00e1les ser\u00edan las m\u00e1s oportunas?<\/p>\n<p><strong>R<\/strong>. En Ciudad de M\u00e9xico hemos o\u00eddo que se va a potenciar que los vecinos se conviertan en una especie de Airbnb local para un turismo marginal. No creo que ayude mucho.<\/p>\n<p><strong>P.<\/strong>\u00a0\u00bfQu\u00e9 proponen desde Mextr\u00f3poli?<\/p>\n<p><strong>R<\/strong>. Privilegiar el espacio p\u00fablico empieza por la banqueta. Hay que privilegiar al ciudadano de a pie. Hacer la calle m\u00e1s plural y transversal en esta ciudad que privilegi\u00f3 los coches desde mitad del siglo pasado. Mejorar el transporte p\u00fablico. El mejor sigue siendo el subterr\u00e1neo. Hay que invertir mucho en metro y tomarse en serio los carriles confinados para bicis y patinetas, sin sobredimensionarlos, pero minimizando sus riesgos.<\/p>\n<p><strong>P.<\/strong>\u00a0\u00bfQu\u00e9 le parecen las patinetas?<\/p>\n<p><strong>R<\/strong>. Cuanto mayor sea la diversidad de trasporte, m\u00e1s alternativas tenemos como ciudadanos. Ahora hay una hay efervescencia de las patinetas. A m\u00ed me parecen especialmente fr\u00e1giles.<\/p>\n<p><strong>P.<\/strong>\u00a0En los barrios m\u00e1s duros no hay patinetas. \u00bfNo es una alternativa que segrega en vez de integrar por medio de la inversi\u00f3n en transporte p\u00fablico?<\/p>\n<p><strong>R<\/strong>. Las empresas no le quitan inversi\u00f3n al \u00e1rea p\u00fablica, que deber\u00eda seguir priorizando el metro. Tienen que ir en paralelo.<\/p>\n<p><strong>P.<\/strong>\u00a0\u00bfC\u00f3mo valora el servicio que da el Metro?<\/p>\n<p><strong>R<\/strong>. Es lo m\u00e1s eficaz para mover a cinco millones de personas. Pero hay mucho por hacer, como ampliar la red hasta donde realmente vive la gente. Muchas de las estaciones se quedan hasta un cierto punto en que luego hay transportes privados, muchos de ellos informales, que deber\u00edan analizarse y ver hasta qu\u00e9 punto pueden integrarse a una red.<\/p>\n<p><strong>P.<\/strong>\u00a0\u00bfPor ejemplo?<\/p>\n<p><strong>R<\/strong>. En el sur existe la alternativa de las bicimotos que mueven el 2 o el 3% de ciudad. Es mucho. Hay que entender su propia l\u00f3gica informal y tratar de integrarla en la medida de lo posible. Yo los convertir\u00eda en transportes el\u00e9ctricos, les dar\u00eda electricidad durante un primer plazo, crear\u00eda una app para su gesti\u00f3n y de ese modo podr\u00eda fiscalizarles. Seg\u00fan estudios que hacemos con la universidad la gente prefiere las bicimotos a las combis, donde hay problemas de acoso.<\/p>\n<p><strong>P.<\/strong>\u00a0\u00bfPor qu\u00e9 est\u00e1 tan mal iluminada la ciudad?<\/p>\n<p><strong>R<\/strong>. La reacci\u00f3n a esa carencia ha sido en muchos casos la hiperiluminaci\u00f3n, como sucede en la Alameda. Lo adecuado es generar confort, favorecer la circulaci\u00f3n y evitar rincones oscuros. Pero a\u00fan estamos un poco en pa\u00f1ales<\/p>\n<p><strong>P.<\/strong>\u00a0\u00bfQu\u00e9 lecciones puede sacar M\u00e9xico de Los \u00c1ngeles?<\/p>\n<p><strong>R<\/strong>. Los \u00c1ngeles es la capital global del coche. Pero en los \u00faltimos a\u00f1os ha vuelto la mirada hacia el centro, abandonado durante m\u00e1s de 40 a\u00f1os. Ha habido un proceso importante de inversi\u00f3n, redensificaci\u00f3n y gentrificaci\u00f3n. Hay experiencias positivas y negativas, pero los centros de las metr\u00f3polis, como Ciudad de M\u00e9xico, se han abandonado, ha habido una despoblaci\u00f3n gigante, y las viviendas hist\u00f3ricas son bodegas de las negocios informales.<\/p>\n<p><strong>P.<\/strong>\u00a0\u00bfQu\u00e9 le parece un proyecto similar que lider\u00f3 Slim hace a\u00f1os?<\/p>\n<p><strong>R<\/strong>.\u00a0Fue una buena intervenci\u00f3n que no estuvo suficientemente arropada. Se cre\u00f3 un pasaje peatonal, pero insuficiente. Todo el centro hist\u00f3rico deber\u00eda ser peatonal seg\u00fan los consensos generales del futuro del urbanismo. Pero en el \u00faltimo sexenio, el Gobierno hizo muy poco. Se abandon\u00f3 la ciudad.<\/p>\n","protected":false},"excerpt":{"rendered":"<p>Fuente:\u00a0 https:\/\/elpais.com\/ &nbsp; \u00bfD\u00f3nde termina la ciudad? \u00bfD\u00f3nde vive el conductor de autob\u00fas que te lleva al trabajo? \u00bfQu\u00e9 hacer con los no lugares? El debate sobre los l\u00edmites de la ciudad ser\u00e1 el&#46;&#46;&#46;<\/p>\n","protected":false},"author":28,"featured_media":3688,"comment_status":"open","ping_status":"open","sticky":false,"template":"","format":"standard","meta":{"_acf_changed":false,"om_disable_all_campaigns":false,"rop_custom_images_group":[],"rop_custom_messages_group":[],"rop_publish_now":"initial","rop_publish_now_accounts":{"twitter_242054905_242054905":""},"rop_publish_now_history":[],"rop_publish_now_status":"pending","_uf_show_specific_survey":0,"_uf_disable_surveys":false,"footnotes":""},"categories":[337],"tags":[477],"class_list":["post-3687","post","type-post","status-publish","format-standard","has-post-thumbnail","hentry","category-noticias","tag-todo-el-centro-historico-de-ciudad-de-mexico-deberia-ser-peatonal"],"acf":[],"aioseo_notices":[],"yoast_head":"<!-- This site is optimized with the Yoast SEO Premium plugin v24.9 (Yoast SEO v27.2) - https:\/\/yoast.com\/product\/yoast-seo-premium-wordpress\/ -->\n<title>\u201cTodo el centro hist\u00f3rico de Ciudad de M\u00e9xico deber\u00eda ser peatonal\u201d - M\u00e9xico<\/title>\n<meta name=\"robots\" content=\"index, follow, max-snippet:-1, max-image-preview:large, max-video-preview:-1\" \/>\n<link rel=\"canonical\" href=\"https:\/\/noti-america.com\/site\/mexico\/2019\/03\/07\/todo-el-centro-historico-de-ciudad-de-mexico-deberia-ser-peatonal\/\" \/>\n<meta property=\"og:locale\" content=\"es_ES\" \/>\n<meta property=\"og:type\" content=\"article\" \/>\n<meta property=\"og:title\" content=\"\u201cTodo el centro hist\u00f3rico de Ciudad de M\u00e9xico deber\u00eda ser peatonal\u201d\" \/>\n<meta property=\"og:description\" content=\"Fuente:\u00a0 https:\/\/elpais.com\/ &nbsp; \u00bfD\u00f3nde termina la ciudad? \u00bfD\u00f3nde vive el conductor de autob\u00fas que te lleva al trabajo? \u00bfQu\u00e9 hacer con los no lugares? El debate sobre los l\u00edmites de la ciudad ser\u00e1 el&#046;&#046;&#046;\" \/>\n<meta property=\"og:url\" content=\"https:\/\/noti-america.com\/site\/mexico\/2019\/03\/07\/todo-el-centro-historico-de-ciudad-de-mexico-deberia-ser-peatonal\/\" \/>\n<meta property=\"og:site_name\" content=\"M\u00e9xico\" \/>\n<meta property=\"article:published_time\" content=\"2019-03-07T17:13:13+00:00\" \/>\n<meta property=\"og:image\" content=\"https:\/\/noti-america.com\/site\/mexico\/wp-content\/uploads\/sites\/13\/2019\/03\/1-23.jpg\" \/>\n\t<meta property=\"og:image:width\" content=\"1960\" \/>\n\t<meta property=\"og:image:height\" content=\"1199\" \/>\n\t<meta property=\"og:image:type\" content=\"image\/jpeg\" \/>\n<meta name=\"author\" content=\"Redacci\u00f3n NA-NY\" \/>\n<meta name=\"twitter:card\" content=\"summary_large_image\" \/>\n<meta name=\"twitter:label1\" content=\"Escrito por\" \/>\n\t<meta name=\"twitter:data1\" content=\"Redacci\u00f3n NA-NY\" \/>\n\t<meta name=\"twitter:label2\" content=\"Tiempo estimado de lectura\" \/>\n\t<meta name=\"twitter:data2\" content=\"5 minutos\" \/>\n<script type=\"application\/ld+json\" class=\"yoast-schema-graph\">{\"@context\":\"https:\/\/schema.org\",\"@graph\":[{\"@type\":\"Article\",\"@id\":\"https:\/\/noti-america.com\/site\/mexico\/2019\/03\/07\/todo-el-centro-historico-de-ciudad-de-mexico-deberia-ser-peatonal\/#article\",\"isPartOf\":{\"@id\":\"https:\/\/noti-america.com\/site\/mexico\/2019\/03\/07\/todo-el-centro-historico-de-ciudad-de-mexico-deberia-ser-peatonal\/\"},\"author\":{\"name\":\"Redacci\u00f3n NA-NY\",\"@id\":\"https:\/\/noti-america.com\/site\/mexico\/#\/schema\/person\/db5a6527aaddfc34b3753d557a1292f0\"},\"headline\":\"\u201cTodo el centro hist\u00f3rico de Ciudad de M\u00e9xico deber\u00eda ser peatonal\u201d\",\"datePublished\":\"2019-03-07T17:13:13+00:00\",\"mainEntityOfPage\":{\"@id\":\"https:\/\/noti-america.com\/site\/mexico\/2019\/03\/07\/todo-el-centro-historico-de-ciudad-de-mexico-deberia-ser-peatonal\/\"},\"wordCount\":923,\"commentCount\":0,\"publisher\":{\"@id\":\"https:\/\/noti-america.com\/site\/mexico\/#organization\"},\"image\":{\"@id\":\"https:\/\/noti-america.com\/site\/mexico\/2019\/03\/07\/todo-el-centro-historico-de-ciudad-de-mexico-deberia-ser-peatonal\/#primaryimage\"},\"thumbnailUrl\":\"https:\/\/noti-america.com\/site\/mexico\/wp-content\/uploads\/sites\/13\/2019\/03\/1-23.jpg\",\"keywords\":[\"\u201cTodo el centro hist\u00f3rico de Ciudad de M\u00e9xico deber\u00eda ser peatonal\u201d\"],\"articleSection\":[\"Noticias\"],\"inLanguage\":\"es\",\"potentialAction\":[{\"@type\":\"CommentAction\",\"name\":\"Comment\",\"target\":[\"https:\/\/noti-america.com\/site\/mexico\/2019\/03\/07\/todo-el-centro-historico-de-ciudad-de-mexico-deberia-ser-peatonal\/#respond\"]}]},{\"@type\":\"WebPage\",\"@id\":\"https:\/\/noti-america.com\/site\/mexico\/2019\/03\/07\/todo-el-centro-historico-de-ciudad-de-mexico-deberia-ser-peatonal\/\",\"url\":\"https:\/\/noti-america.com\/site\/mexico\/2019\/03\/07\/todo-el-centro-historico-de-ciudad-de-mexico-deberia-ser-peatonal\/\",\"name\":\"\u201cTodo el centro hist\u00f3rico de Ciudad de M\u00e9xico deber\u00eda ser peatonal\u201d - M\u00e9xico\",\"isPartOf\":{\"@id\":\"https:\/\/noti-america.com\/site\/mexico\/#website\"},\"primaryImageOfPage\":{\"@id\":\"https:\/\/noti-america.com\/site\/mexico\/2019\/03\/07\/todo-el-centro-historico-de-ciudad-de-mexico-deberia-ser-peatonal\/#primaryimage\"},\"image\":{\"@id\":\"https:\/\/noti-america.com\/site\/mexico\/2019\/03\/07\/todo-el-centro-historico-de-ciudad-de-mexico-deberia-ser-peatonal\/#primaryimage\"},\"thumbnailUrl\":\"https:\/\/noti-america.com\/site\/mexico\/wp-content\/uploads\/sites\/13\/2019\/03\/1-23.jpg\",\"datePublished\":\"2019-03-07T17:13:13+00:00\",\"breadcrumb\":{\"@id\":\"https:\/\/noti-america.com\/site\/mexico\/2019\/03\/07\/todo-el-centro-historico-de-ciudad-de-mexico-deberia-ser-peatonal\/#breadcrumb\"},\"inLanguage\":\"es\",\"potentialAction\":[{\"@type\":\"ReadAction\",\"target\":[\"https:\/\/noti-america.com\/site\/mexico\/2019\/03\/07\/todo-el-centro-historico-de-ciudad-de-mexico-deberia-ser-peatonal\/\"]}]},{\"@type\":\"ImageObject\",\"inLanguage\":\"es\",\"@id\":\"https:\/\/noti-america.com\/site\/mexico\/2019\/03\/07\/todo-el-centro-historico-de-ciudad-de-mexico-deberia-ser-peatonal\/#primaryimage\",\"url\":\"https:\/\/noti-america.com\/site\/mexico\/wp-content\/uploads\/sites\/13\/2019\/03\/1-23.jpg\",\"contentUrl\":\"https:\/\/noti-america.com\/site\/mexico\/wp-content\/uploads\/sites\/13\/2019\/03\/1-23.jpg\",\"width\":1960,\"height\":1199},{\"@type\":\"BreadcrumbList\",\"@id\":\"https:\/\/noti-america.com\/site\/mexico\/2019\/03\/07\/todo-el-centro-historico-de-ciudad-de-mexico-deberia-ser-peatonal\/#breadcrumb\",\"itemListElement\":[{\"@type\":\"ListItem\",\"position\":1,\"name\":\"Portada\",\"item\":\"https:\/\/noti-america.com\/site\/mexico\/\"},{\"@type\":\"ListItem\",\"position\":2,\"name\":\"\u201cTodo el centro hist\u00f3rico de Ciudad de M\u00e9xico deber\u00eda ser peatonal\u201d\"}]},{\"@type\":\"WebSite\",\"@id\":\"https:\/\/noti-america.com\/site\/mexico\/#website\",\"url\":\"https:\/\/noti-america.com\/site\/mexico\/\",\"name\":\"M\u00e9xico | Noti-America.com\",\"description\":\"\",\"publisher\":{\"@id\":\"https:\/\/noti-america.com\/site\/mexico\/#organization\"},\"potentialAction\":[{\"@type\":\"SearchAction\",\"target\":{\"@type\":\"EntryPoint\",\"urlTemplate\":\"https:\/\/noti-america.com\/site\/mexico\/?s={search_term_string}\"},\"query-input\":{\"@type\":\"PropertyValueSpecification\",\"valueRequired\":true,\"valueName\":\"search_term_string\"}}],\"inLanguage\":\"es\"},{\"@type\":\"Organization\",\"@id\":\"https:\/\/noti-america.com\/site\/mexico\/#organization\",\"name\":\"Noti-America LLC | M\u00e9xico\",\"url\":\"https:\/\/noti-america.com\/site\/mexico\/\",\"logo\":{\"@type\":\"ImageObject\",\"inLanguage\":\"es\",\"@id\":\"https:\/\/noti-america.com\/site\/mexico\/#\/schema\/logo\/image\/\",\"url\":\"https:\/\/noti-america.com\/site\/mexico\/wp-content\/uploads\/sites\/13\/2020\/07\/LogoNA-4x3-1.jpg\",\"contentUrl\":\"https:\/\/noti-america.com\/site\/mexico\/wp-content\/uploads\/sites\/13\/2020\/07\/LogoNA-4x3-1.jpg\",\"width\":1236,\"height\":1080,\"caption\":\"Noti-America LLC | M\u00e9xico\"},\"image\":{\"@id\":\"https:\/\/noti-america.com\/site\/mexico\/#\/schema\/logo\/image\/\"}},{\"@type\":\"Person\",\"@id\":\"https:\/\/noti-america.com\/site\/mexico\/#\/schema\/person\/db5a6527aaddfc34b3753d557a1292f0\",\"name\":\"Redacci\u00f3n NA-NY\",\"image\":{\"@type\":\"ImageObject\",\"inLanguage\":\"es\",\"@id\":\"https:\/\/secure.gravatar.com\/avatar\/2bd75bb500a8deb1390f777293a9af32d934c46613d2fbac7cceb2aaa2679ae8?s=96&d=mm&r=g\",\"url\":\"https:\/\/secure.gravatar.com\/avatar\/2bd75bb500a8deb1390f777293a9af32d934c46613d2fbac7cceb2aaa2679ae8?s=96&d=mm&r=g\",\"contentUrl\":\"https:\/\/secure.gravatar.com\/avatar\/2bd75bb500a8deb1390f777293a9af32d934c46613d2fbac7cceb2aaa2679ae8?s=96&d=mm&r=g\",\"caption\":\"Redacci\u00f3n NA-NY\"},\"url\":\"https:\/\/noti-america.com\/site\/mexico\/author\/redaccionny\/\"}]}<\/script>\n<!-- \/ Yoast SEO Premium plugin. -->","yoast_head_json":{"title":"\u201cTodo el centro hist\u00f3rico de Ciudad de M\u00e9xico deber\u00eda ser peatonal\u201d - M\u00e9xico","robots":{"index":"index","follow":"follow","max-snippet":"max-snippet:-1","max-image-preview":"max-image-preview:large","max-video-preview":"max-video-preview:-1"},"canonical":"https:\/\/noti-america.com\/site\/mexico\/2019\/03\/07\/todo-el-centro-historico-de-ciudad-de-mexico-deberia-ser-peatonal\/","og_locale":"es_ES","og_type":"article","og_title":"\u201cTodo el centro hist\u00f3rico de Ciudad de M\u00e9xico deber\u00eda ser peatonal\u201d","og_description":"Fuente:\u00a0 https:\/\/elpais.com\/ &nbsp; \u00bfD\u00f3nde termina la ciudad? \u00bfD\u00f3nde vive el conductor de autob\u00fas que te lleva al trabajo? \u00bfQu\u00e9 hacer con los no lugares? El debate sobre los l\u00edmites de la ciudad ser\u00e1 el&#46;&#46;&#46;","og_url":"https:\/\/noti-america.com\/site\/mexico\/2019\/03\/07\/todo-el-centro-historico-de-ciudad-de-mexico-deberia-ser-peatonal\/","og_site_name":"M\u00e9xico","article_published_time":"2019-03-07T17:13:13+00:00","og_image":[{"width":1960,"height":1199,"url":"https:\/\/noti-america.com\/site\/mexico\/wp-content\/uploads\/sites\/13\/2019\/03\/1-23.jpg","type":"image\/jpeg"}],"author":"Redacci\u00f3n NA-NY","twitter_card":"summary_large_image","twitter_misc":{"Escrito por":"Redacci\u00f3n NA-NY","Tiempo estimado de lectura":"5 minutos"},"schema":{"@context":"https:\/\/schema.org","@graph":[{"@type":"Article","@id":"https:\/\/noti-america.com\/site\/mexico\/2019\/03\/07\/todo-el-centro-historico-de-ciudad-de-mexico-deberia-ser-peatonal\/#article","isPartOf":{"@id":"https:\/\/noti-america.com\/site\/mexico\/2019\/03\/07\/todo-el-centro-historico-de-ciudad-de-mexico-deberia-ser-peatonal\/"},"author":{"name":"Redacci\u00f3n NA-NY","@id":"https:\/\/noti-america.com\/site\/mexico\/#\/schema\/person\/db5a6527aaddfc34b3753d557a1292f0"},"headline":"\u201cTodo el centro hist\u00f3rico de Ciudad de M\u00e9xico deber\u00eda ser peatonal\u201d","datePublished":"2019-03-07T17:13:13+00:00","mainEntityOfPage":{"@id":"https:\/\/noti-america.com\/site\/mexico\/2019\/03\/07\/todo-el-centro-historico-de-ciudad-de-mexico-deberia-ser-peatonal\/"},"wordCount":923,"commentCount":0,"publisher":{"@id":"https:\/\/noti-america.com\/site\/mexico\/#organization"},"image":{"@id":"https:\/\/noti-america.com\/site\/mexico\/2019\/03\/07\/todo-el-centro-historico-de-ciudad-de-mexico-deberia-ser-peatonal\/#primaryimage"},"thumbnailUrl":"https:\/\/noti-america.com\/site\/mexico\/wp-content\/uploads\/sites\/13\/2019\/03\/1-23.jpg","keywords":["\u201cTodo el centro hist\u00f3rico de Ciudad de M\u00e9xico deber\u00eda ser peatonal\u201d"],"articleSection":["Noticias"],"inLanguage":"es","potentialAction":[{"@type":"CommentAction","name":"Comment","target":["https:\/\/noti-america.com\/site\/mexico\/2019\/03\/07\/todo-el-centro-historico-de-ciudad-de-mexico-deberia-ser-peatonal\/#respond"]}]},{"@type":"WebPage","@id":"https:\/\/noti-america.com\/site\/mexico\/2019\/03\/07\/todo-el-centro-historico-de-ciudad-de-mexico-deberia-ser-peatonal\/","url":"https:\/\/noti-america.com\/site\/mexico\/2019\/03\/07\/todo-el-centro-historico-de-ciudad-de-mexico-deberia-ser-peatonal\/","name":"\u201cTodo el centro hist\u00f3rico de Ciudad de M\u00e9xico deber\u00eda ser peatonal\u201d - M\u00e9xico","isPartOf":{"@id":"https:\/\/noti-america.com\/site\/mexico\/#website"},"primaryImageOfPage":{"@id":"https:\/\/noti-america.com\/site\/mexico\/2019\/03\/07\/todo-el-centro-historico-de-ciudad-de-mexico-deberia-ser-peatonal\/#primaryimage"},"image":{"@id":"https:\/\/noti-america.com\/site\/mexico\/2019\/03\/07\/todo-el-centro-historico-de-ciudad-de-mexico-deberia-ser-peatonal\/#primaryimage"},"thumbnailUrl":"https:\/\/noti-america.com\/site\/mexico\/wp-content\/uploads\/sites\/13\/2019\/03\/1-23.jpg","datePublished":"2019-03-07T17:13:13+00:00","breadcrumb":{"@id":"https:\/\/noti-america.com\/site\/mexico\/2019\/03\/07\/todo-el-centro-historico-de-ciudad-de-mexico-deberia-ser-peatonal\/#breadcrumb"},"inLanguage":"es","potentialAction":[{"@type":"ReadAction","target":["https:\/\/noti-america.com\/site\/mexico\/2019\/03\/07\/todo-el-centro-historico-de-ciudad-de-mexico-deberia-ser-peatonal\/"]}]},{"@type":"ImageObject","inLanguage":"es","@id":"https:\/\/noti-america.com\/site\/mexico\/2019\/03\/07\/todo-el-centro-historico-de-ciudad-de-mexico-deberia-ser-peatonal\/#primaryimage","url":"https:\/\/noti-america.com\/site\/mexico\/wp-content\/uploads\/sites\/13\/2019\/03\/1-23.jpg","contentUrl":"https:\/\/noti-america.com\/site\/mexico\/wp-content\/uploads\/sites\/13\/2019\/03\/1-23.jpg","width":1960,"height":1199},{"@type":"BreadcrumbList","@id":"https:\/\/noti-america.com\/site\/mexico\/2019\/03\/07\/todo-el-centro-historico-de-ciudad-de-mexico-deberia-ser-peatonal\/#breadcrumb","itemListElement":[{"@type":"ListItem","position":1,"name":"Portada","item":"https:\/\/noti-america.com\/site\/mexico\/"},{"@type":"ListItem","position":2,"name":"\u201cTodo el centro hist\u00f3rico de Ciudad de M\u00e9xico deber\u00eda ser peatonal\u201d"}]},{"@type":"WebSite","@id":"https:\/\/noti-america.com\/site\/mexico\/#website","url":"https:\/\/noti-america.com\/site\/mexico\/","name":"M\u00e9xico | Noti-America.com","description":"","publisher":{"@id":"https:\/\/noti-america.com\/site\/mexico\/#organization"},"potentialAction":[{"@type":"SearchAction","target":{"@type":"EntryPoint","urlTemplate":"https:\/\/noti-america.com\/site\/mexico\/?s={search_term_string}"},"query-input":{"@type":"PropertyValueSpecification","valueRequired":true,"valueName":"search_term_string"}}],"inLanguage":"es"},{"@type":"Organization","@id":"https:\/\/noti-america.com\/site\/mexico\/#organization","name":"Noti-America LLC | M\u00e9xico","url":"https:\/\/noti-america.com\/site\/mexico\/","logo":{"@type":"ImageObject","inLanguage":"es","@id":"https:\/\/noti-america.com\/site\/mexico\/#\/schema\/logo\/image\/","url":"https:\/\/noti-america.com\/site\/mexico\/wp-content\/uploads\/sites\/13\/2020\/07\/LogoNA-4x3-1.jpg","contentUrl":"https:\/\/noti-america.com\/site\/mexico\/wp-content\/uploads\/sites\/13\/2020\/07\/LogoNA-4x3-1.jpg","width":1236,"height":1080,"caption":"Noti-America LLC | M\u00e9xico"},"image":{"@id":"https:\/\/noti-america.com\/site\/mexico\/#\/schema\/logo\/image\/"}},{"@type":"Person","@id":"https:\/\/noti-america.com\/site\/mexico\/#\/schema\/person\/db5a6527aaddfc34b3753d557a1292f0","name":"Redacci\u00f3n NA-NY","image":{"@type":"ImageObject","inLanguage":"es","@id":"https:\/\/secure.gravatar.com\/avatar\/2bd75bb500a8deb1390f777293a9af32d934c46613d2fbac7cceb2aaa2679ae8?s=96&d=mm&r=g","url":"https:\/\/secure.gravatar.com\/avatar\/2bd75bb500a8deb1390f777293a9af32d934c46613d2fbac7cceb2aaa2679ae8?s=96&d=mm&r=g","contentUrl":"https:\/\/secure.gravatar.com\/avatar\/2bd75bb500a8deb1390f777293a9af32d934c46613d2fbac7cceb2aaa2679ae8?s=96&d=mm&r=g","caption":"Redacci\u00f3n NA-NY"},"url":"https:\/\/noti-america.com\/site\/mexico\/author\/redaccionny\/"}]}},"_links":{"self":[{"href":"https:\/\/noti-america.com\/site\/mexico\/wp-json\/wp\/v2\/posts\/3687","targetHints":{"allow":["GET"]}}],"collection":[{"href":"https:\/\/noti-america.com\/site\/mexico\/wp-json\/wp\/v2\/posts"}],"about":[{"href":"https:\/\/noti-america.com\/site\/mexico\/wp-json\/wp\/v2\/types\/post"}],"author":[{"embeddable":true,"href":"https:\/\/noti-america.com\/site\/mexico\/wp-json\/wp\/v2\/users\/28"}],"replies":[{"embeddable":true,"href":"https:\/\/noti-america.com\/site\/mexico\/wp-json\/wp\/v2\/comments?post=3687"}],"version-history":[{"count":1,"href":"https:\/\/noti-america.com\/site\/mexico\/wp-json\/wp\/v2\/posts\/3687\/revisions"}],"predecessor-version":[{"id":3689,"href":"https:\/\/noti-america.com\/site\/mexico\/wp-json\/wp\/v2\/posts\/3687\/revisions\/3689"}],"wp:featuredmedia":[{"embeddable":true,"href":"https:\/\/noti-america.com\/site\/mexico\/wp-json\/wp\/v2\/media\/3688"}],"wp:attachment":[{"href":"https:\/\/noti-america.com\/site\/mexico\/wp-json\/wp\/v2\/media?parent=3687"}],"wp:term":[{"taxonomy":"category","embeddable":true,"href":"https:\/\/noti-america.com\/site\/mexico\/wp-json\/wp\/v2\/categories?post=3687"},{"taxonomy":"post_tag","embeddable":true,"href":"https:\/\/noti-america.com\/site\/mexico\/wp-json\/wp\/v2\/tags?post=3687"}],"curies":[{"name":"wp","href":"https:\/\/api.w.org\/{rel}","templated":true}]}}