{"id":3684,"date":"2019-03-07T16:45:07","date_gmt":"2019-03-07T16:45:07","guid":{"rendered":"http:\/\/noti-america.com\/site\/mexico\/?p=3684"},"modified":"2019-03-07T16:45:07","modified_gmt":"2019-03-07T16:45:07","slug":"hallan-red-de-tuneles-usados-por-el-cartel-de-santa-rosa-de-lima","status":"publish","type":"post","link":"https:\/\/noti-america.com\/site\/mexico\/2019\/03\/07\/hallan-red-de-tuneles-usados-por-el-cartel-de-santa-rosa-de-lima\/","title":{"rendered":"Hallan red de t\u00faneles usados por el C\u00e1rtel de Santa Rosa de Lima"},"content":{"rendered":"<h3><img loading=\"lazy\" decoding=\"async\" class=\"alignnone  wp-image-3685 aligncenter\" src=\"http:\/\/noti-america.com\/site\/mexico\/wp-content\/uploads\/sites\/13\/2019\/03\/1-22-300x180.jpg\" alt=\"\" width=\"572\" height=\"343\" srcset=\"https:\/\/noti-america.com\/site\/mexico\/wp-content\/uploads\/sites\/13\/2019\/03\/1-22-300x180.jpg 300w, https:\/\/noti-america.com\/site\/mexico\/wp-content\/uploads\/sites\/13\/2019\/03\/1-22.jpg 750w\" sizes=\"auto, (max-width: 572px) 100vw, 572px\" \/><\/h3>\n<h3><\/h3>\n<h3><\/h3>\n<h3>Fuente:\u00a0 https:\/\/www.unotv.com<\/h3>\n<p>&nbsp;<\/p>\n<p dir=\"ltr\">En conferencia de prensa este mi\u00e9rcoles,\u00a0<strong>Carlos Zamarripa<\/strong>, fiscal General del Estado de\u00a0<strong>Guanajuato\u00a0<\/strong>inform\u00f3 que con la participaci\u00f3n de autoridades de seguridad estatal y federal en\u00a0<strong>Villagr\u00e1n\u00a0<\/strong>se ha detectado una\u00a0<strong>red de t\u00faneles<\/strong>utilizada por el\u00a0<strong>C\u00e1rtel de Santa Rosa de Lima<\/strong>, ligado al robo de hidrocarburo en la zona.<\/p>\n<ul dir=\"ltr\">\n<li>Los t\u00faneles han sido localizados en al menos\u00a0<strong>ocho propiedades cateadas<\/strong>por las autoridades.<\/li>\n<li>Asimismo, efectivos de la\u00a0<strong>Marina\u00a0<\/strong>y el\u00a0<strong>Ej\u00e9rcito\u00a0<\/strong>aseguraron una finca, la cual era utilizada por\u00a0<strong>Jos\u00e9 Antonio Y\u00e9pez Ortiz\u00a0<\/strong>\u201c<strong>El Marro<\/strong>\u201d, para reuniones del grupo delictivo.<\/li>\n<\/ul>\n<p dir=\"ltr\">Adem\u00e1s de esto, confirm\u00f3 que hasta el momento hay\u00a0<strong>siete personas detenidas\u00a0<\/strong>y\u00a0<strong>31 veh\u00edculos asegurados\u00a0<\/strong>con reporte de robo en\u00a0<strong>Villagr\u00e1n<\/strong>. Adem\u00e1s de que las acciones contin\u00faan en la comunidad de\u00a0<strong>Santa Rosa de Lima<\/strong>.<\/p>\n<p dir=\"ltr\"><em><strong>Seguimos coadyuvando con las autoridades federales en este tema, y as\u00ed continuaremos\u201d.\u00a0<u>Carlos Zamarripa, fiscal General de Guanajuato.<\/u><\/strong><\/em><\/p>\n<p dir=\"ltr\">Por otro lado, el secretario de Gobierno,\u00a0<strong>Luis Ernesto Ayala Torres<\/strong>, reiter\u00f3 que la seguridad es una prioridad para el gobernador\u00a0<strong>Diego Sinhue Rodr\u00edguez Vallejo<\/strong>, que en la intervenci\u00f3n en la comunidad de\u00a0<strong>Santa Rosa de Lima\u00a0<\/strong>se tuvo un operativo exitoso, el cual contin\u00faa y busca restablecer la paz.<\/p>\n<p dir=\"ltr\"><em><strong>Vamos a seguir interviniendo en contra de los grupos delictivos, quienes han desestabilizado la armon\u00eda de la sociedad guanajuatense, por eso llevamos acciones contundentes\u00bb.\u00a0<u>Luis Ernesto Ayala Torres, secretario de Gobierno de Guanajuato.<\/u><\/strong><\/em><\/p>\n<p dir=\"ltr\"><strong>Alvar Cabeza de Appendini<\/strong>, titular de\u00a0<strong>Seguridad P\u00fablica\u00a0<\/strong>en la entidad, explic\u00f3 que contin\u00faa la presencia de las Fuerzas de Seguridad estatales en la comunidad de Santa Rosa de Lima, para apoyar a la Marina y la Gendarmer\u00eda, as\u00ed como a la Fiscal\u00eda General del estado.<\/p>\n<ul dir=\"ltr\">\n<li>El personal ha sido establecido en puntos estrat\u00e9gicos en las principales carreteras, como la\u00a0<strong>carretera federal Celaya-Salamanca\u00a0<\/strong>y los caminos que comunican a\u00a0<strong>Juventino Rosas- Comonfort-Salvatierra<\/strong>.<\/li>\n<\/ul>\n","protected":false},"excerpt":{"rendered":"<p>Fuente:\u00a0 https:\/\/www.unotv.com &nbsp; En conferencia de prensa este mi\u00e9rcoles,\u00a0Carlos Zamarripa, fiscal General del Estado de\u00a0Guanajuato\u00a0inform\u00f3 que con la participaci\u00f3n de autoridades de seguridad estatal y federal en\u00a0Villagr\u00e1n\u00a0se ha detectado una\u00a0red de t\u00fanelesutilizada por el\u00a0C\u00e1rtel&#46;&#46;&#46;<\/p>\n","protected":false},"author":28,"featured_media":3685,"comment_status":"open","ping_status":"open","sticky":false,"template":"","format":"standard","meta":{"_acf_changed":false,"om_disable_all_campaigns":false,"rop_custom_images_group":[],"rop_custom_messages_group":[],"rop_publish_now":"initial","rop_publish_now_accounts":{"twitter_242054905_242054905":""},"rop_publish_now_history":[],"rop_publish_now_status":"pending","_uf_show_specific_survey":0,"_uf_disable_surveys":false,"footnotes":""},"categories":[337],"tags":[476],"class_list":["post-3684","post","type-post","status-publish","format-standard","has-post-thumbnail","hentry","category-noticias","tag-hallan-red-de-tuneles-usados-por-el-cartel-de-santa-rosa-de-lima"],"acf":[],"aioseo_notices":[],"yoast_head":"<!-- This site is optimized with the Yoast SEO Premium plugin v24.9 (Yoast SEO v27.2) - https:\/\/yoast.com\/product\/yoast-seo-premium-wordpress\/ -->\n<title>Hallan red de t\u00faneles usados por el C\u00e1rtel de Santa Rosa de Lima - M\u00e9xico<\/title>\n<meta name=\"robots\" content=\"index, follow, max-snippet:-1, max-image-preview:large, max-video-preview:-1\" \/>\n<link rel=\"canonical\" href=\"https:\/\/noti-america.com\/site\/mexico\/2019\/03\/07\/hallan-red-de-tuneles-usados-por-el-cartel-de-santa-rosa-de-lima\/\" \/>\n<meta property=\"og:locale\" content=\"es_ES\" \/>\n<meta property=\"og:type\" content=\"article\" \/>\n<meta property=\"og:title\" content=\"Hallan red de t\u00faneles usados por el C\u00e1rtel de Santa Rosa de Lima\" \/>\n<meta property=\"og:description\" content=\"Fuente:\u00a0 https:\/\/www.unotv.com &nbsp; En conferencia de prensa este mi\u00e9rcoles,\u00a0Carlos Zamarripa, fiscal General del Estado de\u00a0Guanajuato\u00a0inform\u00f3 que con la participaci\u00f3n de autoridades de seguridad estatal y federal en\u00a0Villagr\u00e1n\u00a0se ha detectado una\u00a0red de t\u00fanelesutilizada por el\u00a0C\u00e1rtel&#046;&#046;&#046;\" \/>\n<meta property=\"og:url\" content=\"https:\/\/noti-america.com\/site\/mexico\/2019\/03\/07\/hallan-red-de-tuneles-usados-por-el-cartel-de-santa-rosa-de-lima\/\" \/>\n<meta property=\"og:site_name\" content=\"M\u00e9xico\" \/>\n<meta property=\"article:published_time\" content=\"2019-03-07T16:45:07+00:00\" \/>\n<meta property=\"og:image\" content=\"https:\/\/noti-america.com\/site\/mexico\/wp-content\/uploads\/sites\/13\/2019\/03\/1-22.jpg\" \/>\n\t<meta property=\"og:image:width\" content=\"750\" \/>\n\t<meta property=\"og:image:height\" content=\"450\" \/>\n\t<meta property=\"og:image:type\" content=\"image\/jpeg\" \/>\n<meta name=\"author\" content=\"Redacci\u00f3n NA-NY\" \/>\n<meta name=\"twitter:card\" content=\"summary_large_image\" \/>\n<meta name=\"twitter:label1\" content=\"Escrito por\" \/>\n\t<meta name=\"twitter:data1\" content=\"Redacci\u00f3n NA-NY\" \/>\n\t<meta name=\"twitter:label2\" content=\"Tiempo estimado de lectura\" \/>\n\t<meta name=\"twitter:data2\" content=\"2 minutos\" \/>\n<script type=\"application\/ld+json\" class=\"yoast-schema-graph\">{\"@context\":\"https:\/\/schema.org\",\"@graph\":[{\"@type\":\"Article\",\"@id\":\"https:\/\/noti-america.com\/site\/mexico\/2019\/03\/07\/hallan-red-de-tuneles-usados-por-el-cartel-de-santa-rosa-de-lima\/#article\",\"isPartOf\":{\"@id\":\"https:\/\/noti-america.com\/site\/mexico\/2019\/03\/07\/hallan-red-de-tuneles-usados-por-el-cartel-de-santa-rosa-de-lima\/\"},\"author\":{\"name\":\"Redacci\u00f3n NA-NY\",\"@id\":\"https:\/\/noti-america.com\/site\/mexico\/#\/schema\/person\/db5a6527aaddfc34b3753d557a1292f0\"},\"headline\":\"Hallan red de t\u00faneles usados por el C\u00e1rtel de Santa Rosa de Lima\",\"datePublished\":\"2019-03-07T16:45:07+00:00\",\"mainEntityOfPage\":{\"@id\":\"https:\/\/noti-america.com\/site\/mexico\/2019\/03\/07\/hallan-red-de-tuneles-usados-por-el-cartel-de-santa-rosa-de-lima\/\"},\"wordCount\":342,\"commentCount\":0,\"publisher\":{\"@id\":\"https:\/\/noti-america.com\/site\/mexico\/#organization\"},\"image\":{\"@id\":\"https:\/\/noti-america.com\/site\/mexico\/2019\/03\/07\/hallan-red-de-tuneles-usados-por-el-cartel-de-santa-rosa-de-lima\/#primaryimage\"},\"thumbnailUrl\":\"https:\/\/noti-america.com\/site\/mexico\/wp-content\/uploads\/sites\/13\/2019\/03\/1-22.jpg\",\"keywords\":[\"Hallan red de t\u00faneles usados por el C\u00e1rtel de Santa Rosa de Lima\"],\"articleSection\":[\"Noticias\"],\"inLanguage\":\"es\",\"potentialAction\":[{\"@type\":\"CommentAction\",\"name\":\"Comment\",\"target\":[\"https:\/\/noti-america.com\/site\/mexico\/2019\/03\/07\/hallan-red-de-tuneles-usados-por-el-cartel-de-santa-rosa-de-lima\/#respond\"]}]},{\"@type\":\"WebPage\",\"@id\":\"https:\/\/noti-america.com\/site\/mexico\/2019\/03\/07\/hallan-red-de-tuneles-usados-por-el-cartel-de-santa-rosa-de-lima\/\",\"url\":\"https:\/\/noti-america.com\/site\/mexico\/2019\/03\/07\/hallan-red-de-tuneles-usados-por-el-cartel-de-santa-rosa-de-lima\/\",\"name\":\"Hallan red de t\u00faneles usados por el C\u00e1rtel de Santa Rosa de Lima - M\u00e9xico\",\"isPartOf\":{\"@id\":\"https:\/\/noti-america.com\/site\/mexico\/#website\"},\"primaryImageOfPage\":{\"@id\":\"https:\/\/noti-america.com\/site\/mexico\/2019\/03\/07\/hallan-red-de-tuneles-usados-por-el-cartel-de-santa-rosa-de-lima\/#primaryimage\"},\"image\":{\"@id\":\"https:\/\/noti-america.com\/site\/mexico\/2019\/03\/07\/hallan-red-de-tuneles-usados-por-el-cartel-de-santa-rosa-de-lima\/#primaryimage\"},\"thumbnailUrl\":\"https:\/\/noti-america.com\/site\/mexico\/wp-content\/uploads\/sites\/13\/2019\/03\/1-22.jpg\",\"datePublished\":\"2019-03-07T16:45:07+00:00\",\"breadcrumb\":{\"@id\":\"https:\/\/noti-america.com\/site\/mexico\/2019\/03\/07\/hallan-red-de-tuneles-usados-por-el-cartel-de-santa-rosa-de-lima\/#breadcrumb\"},\"inLanguage\":\"es\",\"potentialAction\":[{\"@type\":\"ReadAction\",\"target\":[\"https:\/\/noti-america.com\/site\/mexico\/2019\/03\/07\/hallan-red-de-tuneles-usados-por-el-cartel-de-santa-rosa-de-lima\/\"]}]},{\"@type\":\"ImageObject\",\"inLanguage\":\"es\",\"@id\":\"https:\/\/noti-america.com\/site\/mexico\/2019\/03\/07\/hallan-red-de-tuneles-usados-por-el-cartel-de-santa-rosa-de-lima\/#primaryimage\",\"url\":\"https:\/\/noti-america.com\/site\/mexico\/wp-content\/uploads\/sites\/13\/2019\/03\/1-22.jpg\",\"contentUrl\":\"https:\/\/noti-america.com\/site\/mexico\/wp-content\/uploads\/sites\/13\/2019\/03\/1-22.jpg\",\"width\":750,\"height\":450},{\"@type\":\"BreadcrumbList\",\"@id\":\"https:\/\/noti-america.com\/site\/mexico\/2019\/03\/07\/hallan-red-de-tuneles-usados-por-el-cartel-de-santa-rosa-de-lima\/#breadcrumb\",\"itemListElement\":[{\"@type\":\"ListItem\",\"position\":1,\"name\":\"Portada\",\"item\":\"https:\/\/noti-america.com\/site\/mexico\/\"},{\"@type\":\"ListItem\",\"position\":2,\"name\":\"Hallan red de t\u00faneles usados por el C\u00e1rtel de Santa Rosa de Lima\"}]},{\"@type\":\"WebSite\",\"@id\":\"https:\/\/noti-america.com\/site\/mexico\/#website\",\"url\":\"https:\/\/noti-america.com\/site\/mexico\/\",\"name\":\"M\u00e9xico | Noti-America.com\",\"description\":\"\",\"publisher\":{\"@id\":\"https:\/\/noti-america.com\/site\/mexico\/#organization\"},\"potentialAction\":[{\"@type\":\"SearchAction\",\"target\":{\"@type\":\"EntryPoint\",\"urlTemplate\":\"https:\/\/noti-america.com\/site\/mexico\/?s={search_term_string}\"},\"query-input\":{\"@type\":\"PropertyValueSpecification\",\"valueRequired\":true,\"valueName\":\"search_term_string\"}}],\"inLanguage\":\"es\"},{\"@type\":\"Organization\",\"@id\":\"https:\/\/noti-america.com\/site\/mexico\/#organization\",\"name\":\"Noti-America LLC | M\u00e9xico\",\"url\":\"https:\/\/noti-america.com\/site\/mexico\/\",\"logo\":{\"@type\":\"ImageObject\",\"inLanguage\":\"es\",\"@id\":\"https:\/\/noti-america.com\/site\/mexico\/#\/schema\/logo\/image\/\",\"url\":\"https:\/\/noti-america.com\/site\/mexico\/wp-content\/uploads\/sites\/13\/2020\/07\/LogoNA-4x3-1.jpg\",\"contentUrl\":\"https:\/\/noti-america.com\/site\/mexico\/wp-content\/uploads\/sites\/13\/2020\/07\/LogoNA-4x3-1.jpg\",\"width\":1236,\"height\":1080,\"caption\":\"Noti-America LLC | M\u00e9xico\"},\"image\":{\"@id\":\"https:\/\/noti-america.com\/site\/mexico\/#\/schema\/logo\/image\/\"}},{\"@type\":\"Person\",\"@id\":\"https:\/\/noti-america.com\/site\/mexico\/#\/schema\/person\/db5a6527aaddfc34b3753d557a1292f0\",\"name\":\"Redacci\u00f3n NA-NY\",\"image\":{\"@type\":\"ImageObject\",\"inLanguage\":\"es\",\"@id\":\"https:\/\/secure.gravatar.com\/avatar\/2bd75bb500a8deb1390f777293a9af32d934c46613d2fbac7cceb2aaa2679ae8?s=96&d=mm&r=g\",\"url\":\"https:\/\/secure.gravatar.com\/avatar\/2bd75bb500a8deb1390f777293a9af32d934c46613d2fbac7cceb2aaa2679ae8?s=96&d=mm&r=g\",\"contentUrl\":\"https:\/\/secure.gravatar.com\/avatar\/2bd75bb500a8deb1390f777293a9af32d934c46613d2fbac7cceb2aaa2679ae8?s=96&d=mm&r=g\",\"caption\":\"Redacci\u00f3n NA-NY\"},\"url\":\"https:\/\/noti-america.com\/site\/mexico\/author\/redaccionny\/\"}]}<\/script>\n<!-- \/ Yoast SEO Premium plugin. -->","yoast_head_json":{"title":"Hallan red de t\u00faneles usados por el C\u00e1rtel de Santa Rosa de Lima - M\u00e9xico","robots":{"index":"index","follow":"follow","max-snippet":"max-snippet:-1","max-image-preview":"max-image-preview:large","max-video-preview":"max-video-preview:-1"},"canonical":"https:\/\/noti-america.com\/site\/mexico\/2019\/03\/07\/hallan-red-de-tuneles-usados-por-el-cartel-de-santa-rosa-de-lima\/","og_locale":"es_ES","og_type":"article","og_title":"Hallan red de t\u00faneles usados por el C\u00e1rtel de Santa Rosa de Lima","og_description":"Fuente:\u00a0 https:\/\/www.unotv.com &nbsp; En conferencia de prensa este mi\u00e9rcoles,\u00a0Carlos Zamarripa, fiscal General del Estado de\u00a0Guanajuato\u00a0inform\u00f3 que con la participaci\u00f3n de autoridades de seguridad estatal y federal en\u00a0Villagr\u00e1n\u00a0se ha detectado una\u00a0red de t\u00fanelesutilizada por el\u00a0C\u00e1rtel&#46;&#46;&#46;","og_url":"https:\/\/noti-america.com\/site\/mexico\/2019\/03\/07\/hallan-red-de-tuneles-usados-por-el-cartel-de-santa-rosa-de-lima\/","og_site_name":"M\u00e9xico","article_published_time":"2019-03-07T16:45:07+00:00","og_image":[{"width":750,"height":450,"url":"https:\/\/noti-america.com\/site\/mexico\/wp-content\/uploads\/sites\/13\/2019\/03\/1-22.jpg","type":"image\/jpeg"}],"author":"Redacci\u00f3n NA-NY","twitter_card":"summary_large_image","twitter_misc":{"Escrito por":"Redacci\u00f3n NA-NY","Tiempo estimado de lectura":"2 minutos"},"schema":{"@context":"https:\/\/schema.org","@graph":[{"@type":"Article","@id":"https:\/\/noti-america.com\/site\/mexico\/2019\/03\/07\/hallan-red-de-tuneles-usados-por-el-cartel-de-santa-rosa-de-lima\/#article","isPartOf":{"@id":"https:\/\/noti-america.com\/site\/mexico\/2019\/03\/07\/hallan-red-de-tuneles-usados-por-el-cartel-de-santa-rosa-de-lima\/"},"author":{"name":"Redacci\u00f3n NA-NY","@id":"https:\/\/noti-america.com\/site\/mexico\/#\/schema\/person\/db5a6527aaddfc34b3753d557a1292f0"},"headline":"Hallan red de t\u00faneles usados por el C\u00e1rtel de Santa Rosa de Lima","datePublished":"2019-03-07T16:45:07+00:00","mainEntityOfPage":{"@id":"https:\/\/noti-america.com\/site\/mexico\/2019\/03\/07\/hallan-red-de-tuneles-usados-por-el-cartel-de-santa-rosa-de-lima\/"},"wordCount":342,"commentCount":0,"publisher":{"@id":"https:\/\/noti-america.com\/site\/mexico\/#organization"},"image":{"@id":"https:\/\/noti-america.com\/site\/mexico\/2019\/03\/07\/hallan-red-de-tuneles-usados-por-el-cartel-de-santa-rosa-de-lima\/#primaryimage"},"thumbnailUrl":"https:\/\/noti-america.com\/site\/mexico\/wp-content\/uploads\/sites\/13\/2019\/03\/1-22.jpg","keywords":["Hallan red de t\u00faneles usados por el C\u00e1rtel de Santa Rosa de Lima"],"articleSection":["Noticias"],"inLanguage":"es","potentialAction":[{"@type":"CommentAction","name":"Comment","target":["https:\/\/noti-america.com\/site\/mexico\/2019\/03\/07\/hallan-red-de-tuneles-usados-por-el-cartel-de-santa-rosa-de-lima\/#respond"]}]},{"@type":"WebPage","@id":"https:\/\/noti-america.com\/site\/mexico\/2019\/03\/07\/hallan-red-de-tuneles-usados-por-el-cartel-de-santa-rosa-de-lima\/","url":"https:\/\/noti-america.com\/site\/mexico\/2019\/03\/07\/hallan-red-de-tuneles-usados-por-el-cartel-de-santa-rosa-de-lima\/","name":"Hallan red de t\u00faneles usados por el C\u00e1rtel de Santa Rosa de Lima - M\u00e9xico","isPartOf":{"@id":"https:\/\/noti-america.com\/site\/mexico\/#website"},"primaryImageOfPage":{"@id":"https:\/\/noti-america.com\/site\/mexico\/2019\/03\/07\/hallan-red-de-tuneles-usados-por-el-cartel-de-santa-rosa-de-lima\/#primaryimage"},"image":{"@id":"https:\/\/noti-america.com\/site\/mexico\/2019\/03\/07\/hallan-red-de-tuneles-usados-por-el-cartel-de-santa-rosa-de-lima\/#primaryimage"},"thumbnailUrl":"https:\/\/noti-america.com\/site\/mexico\/wp-content\/uploads\/sites\/13\/2019\/03\/1-22.jpg","datePublished":"2019-03-07T16:45:07+00:00","breadcrumb":{"@id":"https:\/\/noti-america.com\/site\/mexico\/2019\/03\/07\/hallan-red-de-tuneles-usados-por-el-cartel-de-santa-rosa-de-lima\/#breadcrumb"},"inLanguage":"es","potentialAction":[{"@type":"ReadAction","target":["https:\/\/noti-america.com\/site\/mexico\/2019\/03\/07\/hallan-red-de-tuneles-usados-por-el-cartel-de-santa-rosa-de-lima\/"]}]},{"@type":"ImageObject","inLanguage":"es","@id":"https:\/\/noti-america.com\/site\/mexico\/2019\/03\/07\/hallan-red-de-tuneles-usados-por-el-cartel-de-santa-rosa-de-lima\/#primaryimage","url":"https:\/\/noti-america.com\/site\/mexico\/wp-content\/uploads\/sites\/13\/2019\/03\/1-22.jpg","contentUrl":"https:\/\/noti-america.com\/site\/mexico\/wp-content\/uploads\/sites\/13\/2019\/03\/1-22.jpg","width":750,"height":450},{"@type":"BreadcrumbList","@id":"https:\/\/noti-america.com\/site\/mexico\/2019\/03\/07\/hallan-red-de-tuneles-usados-por-el-cartel-de-santa-rosa-de-lima\/#breadcrumb","itemListElement":[{"@type":"ListItem","position":1,"name":"Portada","item":"https:\/\/noti-america.com\/site\/mexico\/"},{"@type":"ListItem","position":2,"name":"Hallan red de t\u00faneles usados por el C\u00e1rtel de Santa Rosa de Lima"}]},{"@type":"WebSite","@id":"https:\/\/noti-america.com\/site\/mexico\/#website","url":"https:\/\/noti-america.com\/site\/mexico\/","name":"M\u00e9xico | Noti-America.com","description":"","publisher":{"@id":"https:\/\/noti-america.com\/site\/mexico\/#organization"},"potentialAction":[{"@type":"SearchAction","target":{"@type":"EntryPoint","urlTemplate":"https:\/\/noti-america.com\/site\/mexico\/?s={search_term_string}"},"query-input":{"@type":"PropertyValueSpecification","valueRequired":true,"valueName":"search_term_string"}}],"inLanguage":"es"},{"@type":"Organization","@id":"https:\/\/noti-america.com\/site\/mexico\/#organization","name":"Noti-America LLC | M\u00e9xico","url":"https:\/\/noti-america.com\/site\/mexico\/","logo":{"@type":"ImageObject","inLanguage":"es","@id":"https:\/\/noti-america.com\/site\/mexico\/#\/schema\/logo\/image\/","url":"https:\/\/noti-america.com\/site\/mexico\/wp-content\/uploads\/sites\/13\/2020\/07\/LogoNA-4x3-1.jpg","contentUrl":"https:\/\/noti-america.com\/site\/mexico\/wp-content\/uploads\/sites\/13\/2020\/07\/LogoNA-4x3-1.jpg","width":1236,"height":1080,"caption":"Noti-America LLC | M\u00e9xico"},"image":{"@id":"https:\/\/noti-america.com\/site\/mexico\/#\/schema\/logo\/image\/"}},{"@type":"Person","@id":"https:\/\/noti-america.com\/site\/mexico\/#\/schema\/person\/db5a6527aaddfc34b3753d557a1292f0","name":"Redacci\u00f3n NA-NY","image":{"@type":"ImageObject","inLanguage":"es","@id":"https:\/\/secure.gravatar.com\/avatar\/2bd75bb500a8deb1390f777293a9af32d934c46613d2fbac7cceb2aaa2679ae8?s=96&d=mm&r=g","url":"https:\/\/secure.gravatar.com\/avatar\/2bd75bb500a8deb1390f777293a9af32d934c46613d2fbac7cceb2aaa2679ae8?s=96&d=mm&r=g","contentUrl":"https:\/\/secure.gravatar.com\/avatar\/2bd75bb500a8deb1390f777293a9af32d934c46613d2fbac7cceb2aaa2679ae8?s=96&d=mm&r=g","caption":"Redacci\u00f3n NA-NY"},"url":"https:\/\/noti-america.com\/site\/mexico\/author\/redaccionny\/"}]}},"_links":{"self":[{"href":"https:\/\/noti-america.com\/site\/mexico\/wp-json\/wp\/v2\/posts\/3684","targetHints":{"allow":["GET"]}}],"collection":[{"href":"https:\/\/noti-america.com\/site\/mexico\/wp-json\/wp\/v2\/posts"}],"about":[{"href":"https:\/\/noti-america.com\/site\/mexico\/wp-json\/wp\/v2\/types\/post"}],"author":[{"embeddable":true,"href":"https:\/\/noti-america.com\/site\/mexico\/wp-json\/wp\/v2\/users\/28"}],"replies":[{"embeddable":true,"href":"https:\/\/noti-america.com\/site\/mexico\/wp-json\/wp\/v2\/comments?post=3684"}],"version-history":[{"count":1,"href":"https:\/\/noti-america.com\/site\/mexico\/wp-json\/wp\/v2\/posts\/3684\/revisions"}],"predecessor-version":[{"id":3686,"href":"https:\/\/noti-america.com\/site\/mexico\/wp-json\/wp\/v2\/posts\/3684\/revisions\/3686"}],"wp:featuredmedia":[{"embeddable":true,"href":"https:\/\/noti-america.com\/site\/mexico\/wp-json\/wp\/v2\/media\/3685"}],"wp:attachment":[{"href":"https:\/\/noti-america.com\/site\/mexico\/wp-json\/wp\/v2\/media?parent=3684"}],"wp:term":[{"taxonomy":"category","embeddable":true,"href":"https:\/\/noti-america.com\/site\/mexico\/wp-json\/wp\/v2\/categories?post=3684"},{"taxonomy":"post_tag","embeddable":true,"href":"https:\/\/noti-america.com\/site\/mexico\/wp-json\/wp\/v2\/tags?post=3684"}],"curies":[{"name":"wp","href":"https:\/\/api.w.org\/{rel}","templated":true}]}}