{"id":3580,"date":"2019-03-01T06:38:16","date_gmt":"2019-03-01T06:38:16","guid":{"rendered":"http:\/\/noti-america.com\/site\/mexico\/?p=3580"},"modified":"2019-03-01T06:38:16","modified_gmt":"2019-03-01T06:38:16","slug":"torruco-el-primer-despido-de-amlo","status":"publish","type":"post","link":"https:\/\/noti-america.com\/site\/mexico\/2019\/03\/01\/torruco-el-primer-despido-de-amlo\/","title":{"rendered":"Torruco, el primer despido de AMLO"},"content":{"rendered":"<h3><img loading=\"lazy\" decoding=\"async\" class=\"alignnone  wp-image-3582 aligncenter\" src=\"http:\/\/noti-america.com\/site\/mexico\/wp-content\/uploads\/sites\/13\/2019\/03\/1-12-300x157.jpg\" alt=\"\" width=\"623\" height=\"326\" srcset=\"https:\/\/noti-america.com\/site\/mexico\/wp-content\/uploads\/sites\/13\/2019\/03\/1-12-300x157.jpg 300w, https:\/\/noti-america.com\/site\/mexico\/wp-content\/uploads\/sites\/13\/2019\/03\/1-12.jpg 600w\" sizes=\"auto, (max-width: 623px) 100vw, 623px\" \/><\/h3>\n<h3><\/h3>\n<h3>Fuente:\u00a0 https:\/\/elfinanciero.com.mx<\/h3>\n<p>&nbsp;<\/p>\n<p class=\"paragraph\" data-count=\"505\" data-wrap=\"84\">Parece que hay una competencia entre los principales miembros del gabinete del presidente L\u00f3pez Obrador para ver qui\u00e9n es m\u00e1s incapaz. Unas veces es Javier Jim\u00e9nez Espri\u00fa, titular de SCT; otras Roc\u00edo Nahle, de Energ\u00eda; o Mar\u00eda Luisa Albores, de la Secretar\u00eda del Bienestar; o quiz\u00e1 Irma Er\u00e9ndira Sandoval, de la Funci\u00f3n P\u00fablica. Cuando parec\u00eda que entre ellos estar\u00eda el primer corrido de la 4T, Miguel Torruco los rebasa a todos por la izquierda y se lleva la distinci\u00f3n, alcanzada por m\u00e9ritos propios.<\/p>\n<p class=\"paragraph\" data-count=\"349\" data-wrap=\"54\">Despu\u00e9s de que los empresarios del sector y prestadores de servicios tur\u00edsticos esperaron por semanas la presentaci\u00f3n de la Estrategia Nacional de Turismo, se llevaron el chasco de su vida, al constatar que \u00e9sta m\u00e1s bien result\u00f3 ser una apolog\u00eda al pr\u00f3cer tabasque\u00f1o y ejemplo de adoctrinamiento pol\u00edtico sobre la mal llamada cuarta transformaci\u00f3n.<\/p>\n<p class=\"paragraph\" data-count=\"191\" data-wrap=\"31\">La molestia del jefe del Ejecutivo federal no se ocult\u00f3, a grado tal que de inmediato gir\u00f3 indicaciones para retirar de circulaci\u00f3n el video que pomposamente Torruco present\u00f3 a la industria.<\/p>\n<p class=\"paragraph\" data-count=\"608\" data-wrap=\"106\">En el turismo, actividad que se antoja de las m\u00e1s relevantes para la econom\u00eda del pa\u00eds, las cosas no pueden ir peor, ya que, primero con la cancelaci\u00f3n del nuevo aeropuerto de Texcoco y despu\u00e9s con la desaparici\u00f3n del Consejo de Promoci\u00f3n Tur\u00edstica de M\u00e9xico (CPTM), se le dio el tiro de gracia, no a Sectur, sino a miles de mexicanos que trabajan en el sector y que representa la \u00fanica actividad digna y honrada que se puede realizar en varias entidades del pa\u00eds, como Guerrero, Oaxaca, Baja California, Sinaloa, los estados del centro del pa\u00eds, y en general todas aquellas entidades azotadas por el hampa.<\/p>\n<p class=\"paragraph\" data-count=\"184\" data-wrap=\"34\">Las decisiones que en menos de 100 d\u00edas se han tomado en la industria, han colocado a una potencia mundial en turismo en una posici\u00f3n regresiva en el top de los pa\u00edses m\u00e1s relevantes.<\/p>\n<p class=\"paragraph\" data-count=\"196\" data-wrap=\"33\">Si esto fuera poco, el titular de Sectur no tuvo empacho en canalizar los esfuerzos institucionales en la elaboraci\u00f3n del video promocional de AMLO, en lugar de hacer algo para evitar la debacle.<\/p>\n<p class=\"paragraph\" data-count=\"421\" data-wrap=\"68\">\u201cYa lo mand\u00e9 bajar, porque no somos lo mismo\u201d, dijo el presidente Andr\u00e9s Manuel L\u00f3pez Obrador sin cuestionamiento de por medio en su acostumbrada conferencia ma\u00f1anera, al referirse al video que un d\u00eda antes Miguel Torruco presumi\u00f3 en redes sociales y en toda clase de pantallas con supuestos fines de promoci\u00f3n tur\u00edstica, pero que no es otra cosa m\u00e1s que una burda acci\u00f3n de proselitismo con fines pol\u00edticos-electorales.<\/p>\n<p class=\"paragraph\" data-count=\"448\" data-wrap=\"81\">El video a todas luces est\u00e1 fuera de la ley. Esta observaci\u00f3n se puede hacer desde cualquier trinchera informativa y sin tener alg\u00fan inter\u00e9s partidista, porque se trata de un promocional de tipo pol\u00edtico que por ilegal debe ser sancionado. Aqu\u00ed no se trata de ser o no iguales con respecto a otro equipo administrativo, no, aqu\u00ed lo que se debe observar es el respeto a la ley; y si de desconocimiento se trata, pues esto tambi\u00e9n prev\u00e9 su sanci\u00f3n.<\/p>\n<p class=\"paragraph\" data-count=\"281\" data-wrap=\"48\">Cuando decimos que hay una falta nos referimos al uso de recursos p\u00fablicos en acciones de proselitismo pol\u00edtico y no a la promoci\u00f3n tur\u00edstica, o difusi\u00f3n de programas de gobierno, o la presentaci\u00f3n de las estrategias del sector, l\u00edneas que por ning\u00fan lado se perciben en el video.<\/p>\n<p class=\"paragraph\" data-count=\"264\" data-wrap=\"41\">\u201cNo somos iguales\u201d, dice el presidente de la Rep\u00fablica refiri\u00e9ndose sin duda a administraciones pasadas, y tal vez tenga raz\u00f3n, pero de no existir una sanci\u00f3n administrativa m\u00e1s all\u00e1 del apercibimiento p\u00fablico, la separaci\u00f3n, pues, las cosas estar\u00e1n igual o peor.<\/p>\n<p class=\"paragraph\" data-count=\"155\" data-wrap=\"27\">Si el presidente quiere enmendar la plana y con hechos demostrar que es diferente a otros gobiernos, de inmediato tiene que remover de su cargo a Torruco.<\/p>\n","protected":false},"excerpt":{"rendered":"<p>Fuente:\u00a0 https:\/\/elfinanciero.com.mx &nbsp; Parece que hay una competencia entre los principales miembros del gabinete del presidente L\u00f3pez Obrador para ver qui\u00e9n es m\u00e1s incapaz. Unas veces es Javier Jim\u00e9nez Espri\u00fa, titular de SCT; otras&#46;&#46;&#46;<\/p>\n","protected":false},"author":28,"featured_media":3581,"comment_status":"open","ping_status":"open","sticky":false,"template":"","format":"standard","meta":{"_acf_changed":false,"om_disable_all_campaigns":false,"rop_custom_images_group":[],"rop_custom_messages_group":[],"rop_publish_now":"initial","rop_publish_now_accounts":{"twitter_242054905_242054905":""},"rop_publish_now_history":[],"rop_publish_now_status":"pending","_uf_show_specific_survey":0,"_uf_disable_surveys":false,"footnotes":""},"categories":[337],"tags":[463,462],"class_list":["post-3580","post","type-post","status-publish","format-standard","has-post-thumbnail","hentry","category-noticias","tag-el-primer-despido-de-amlo","tag-torruco"],"acf":[],"aioseo_notices":[],"yoast_head":"<!-- This site is optimized with the Yoast SEO Premium plugin v24.9 (Yoast SEO v27.2) - https:\/\/yoast.com\/product\/yoast-seo-premium-wordpress\/ -->\n<title>Torruco, el primer despido de AMLO - M\u00e9xico<\/title>\n<meta name=\"robots\" content=\"index, follow, max-snippet:-1, max-image-preview:large, max-video-preview:-1\" \/>\n<link rel=\"canonical\" href=\"https:\/\/noti-america.com\/site\/mexico\/2019\/03\/01\/torruco-el-primer-despido-de-amlo\/\" \/>\n<meta property=\"og:locale\" content=\"es_ES\" \/>\n<meta property=\"og:type\" content=\"article\" \/>\n<meta property=\"og:title\" content=\"Torruco, el primer despido de AMLO\" \/>\n<meta property=\"og:description\" content=\"Fuente:\u00a0 https:\/\/elfinanciero.com.mx &nbsp; Parece que hay una competencia entre los principales miembros del gabinete del presidente L\u00f3pez Obrador para ver qui\u00e9n es m\u00e1s incapaz. Unas veces es Javier Jim\u00e9nez Espri\u00fa, titular de SCT; otras&#046;&#046;&#046;\" \/>\n<meta property=\"og:url\" content=\"https:\/\/noti-america.com\/site\/mexico\/2019\/03\/01\/torruco-el-primer-despido-de-amlo\/\" \/>\n<meta property=\"og:site_name\" content=\"M\u00e9xico\" \/>\n<meta property=\"article:published_time\" content=\"2019-03-01T06:38:16+00:00\" \/>\n<meta property=\"og:image\" content=\"https:\/\/noti-america.com\/site\/mexico\/wp-content\/uploads\/sites\/13\/2019\/03\/1-11.jpg\" \/>\n\t<meta property=\"og:image:width\" content=\"600\" \/>\n\t<meta property=\"og:image:height\" content=\"314\" \/>\n\t<meta property=\"og:image:type\" content=\"image\/jpeg\" \/>\n<meta name=\"author\" content=\"Redacci\u00f3n NA-NY\" \/>\n<meta name=\"twitter:card\" content=\"summary_large_image\" \/>\n<meta name=\"twitter:label1\" content=\"Escrito por\" \/>\n\t<meta name=\"twitter:data1\" content=\"Redacci\u00f3n NA-NY\" \/>\n\t<meta name=\"twitter:label2\" content=\"Tiempo estimado de lectura\" \/>\n\t<meta name=\"twitter:data2\" content=\"3 minutos\" \/>\n<script type=\"application\/ld+json\" class=\"yoast-schema-graph\">{\"@context\":\"https:\/\/schema.org\",\"@graph\":[{\"@type\":\"Article\",\"@id\":\"https:\/\/noti-america.com\/site\/mexico\/2019\/03\/01\/torruco-el-primer-despido-de-amlo\/#article\",\"isPartOf\":{\"@id\":\"https:\/\/noti-america.com\/site\/mexico\/2019\/03\/01\/torruco-el-primer-despido-de-amlo\/\"},\"author\":{\"name\":\"Redacci\u00f3n NA-NY\",\"@id\":\"https:\/\/noti-america.com\/site\/mexico\/#\/schema\/person\/db5a6527aaddfc34b3753d557a1292f0\"},\"headline\":\"Torruco, el primer despido de AMLO\",\"datePublished\":\"2019-03-01T06:38:16+00:00\",\"mainEntityOfPage\":{\"@id\":\"https:\/\/noti-america.com\/site\/mexico\/2019\/03\/01\/torruco-el-primer-despido-de-amlo\/\"},\"wordCount\":688,\"commentCount\":0,\"publisher\":{\"@id\":\"https:\/\/noti-america.com\/site\/mexico\/#organization\"},\"image\":{\"@id\":\"https:\/\/noti-america.com\/site\/mexico\/2019\/03\/01\/torruco-el-primer-despido-de-amlo\/#primaryimage\"},\"thumbnailUrl\":\"https:\/\/noti-america.com\/site\/mexico\/wp-content\/uploads\/sites\/13\/2019\/03\/1-11.jpg\",\"keywords\":[\"el primer despido de AMLO\",\"Torruco\"],\"articleSection\":[\"Noticias\"],\"inLanguage\":\"es\",\"potentialAction\":[{\"@type\":\"CommentAction\",\"name\":\"Comment\",\"target\":[\"https:\/\/noti-america.com\/site\/mexico\/2019\/03\/01\/torruco-el-primer-despido-de-amlo\/#respond\"]}]},{\"@type\":\"WebPage\",\"@id\":\"https:\/\/noti-america.com\/site\/mexico\/2019\/03\/01\/torruco-el-primer-despido-de-amlo\/\",\"url\":\"https:\/\/noti-america.com\/site\/mexico\/2019\/03\/01\/torruco-el-primer-despido-de-amlo\/\",\"name\":\"Torruco, el primer despido de AMLO - M\u00e9xico\",\"isPartOf\":{\"@id\":\"https:\/\/noti-america.com\/site\/mexico\/#website\"},\"primaryImageOfPage\":{\"@id\":\"https:\/\/noti-america.com\/site\/mexico\/2019\/03\/01\/torruco-el-primer-despido-de-amlo\/#primaryimage\"},\"image\":{\"@id\":\"https:\/\/noti-america.com\/site\/mexico\/2019\/03\/01\/torruco-el-primer-despido-de-amlo\/#primaryimage\"},\"thumbnailUrl\":\"https:\/\/noti-america.com\/site\/mexico\/wp-content\/uploads\/sites\/13\/2019\/03\/1-11.jpg\",\"datePublished\":\"2019-03-01T06:38:16+00:00\",\"breadcrumb\":{\"@id\":\"https:\/\/noti-america.com\/site\/mexico\/2019\/03\/01\/torruco-el-primer-despido-de-amlo\/#breadcrumb\"},\"inLanguage\":\"es\",\"potentialAction\":[{\"@type\":\"ReadAction\",\"target\":[\"https:\/\/noti-america.com\/site\/mexico\/2019\/03\/01\/torruco-el-primer-despido-de-amlo\/\"]}]},{\"@type\":\"ImageObject\",\"inLanguage\":\"es\",\"@id\":\"https:\/\/noti-america.com\/site\/mexico\/2019\/03\/01\/torruco-el-primer-despido-de-amlo\/#primaryimage\",\"url\":\"https:\/\/noti-america.com\/site\/mexico\/wp-content\/uploads\/sites\/13\/2019\/03\/1-11.jpg\",\"contentUrl\":\"https:\/\/noti-america.com\/site\/mexico\/wp-content\/uploads\/sites\/13\/2019\/03\/1-11.jpg\",\"width\":600,\"height\":314},{\"@type\":\"BreadcrumbList\",\"@id\":\"https:\/\/noti-america.com\/site\/mexico\/2019\/03\/01\/torruco-el-primer-despido-de-amlo\/#breadcrumb\",\"itemListElement\":[{\"@type\":\"ListItem\",\"position\":1,\"name\":\"Portada\",\"item\":\"https:\/\/noti-america.com\/site\/mexico\/\"},{\"@type\":\"ListItem\",\"position\":2,\"name\":\"Torruco, el primer despido de AMLO\"}]},{\"@type\":\"WebSite\",\"@id\":\"https:\/\/noti-america.com\/site\/mexico\/#website\",\"url\":\"https:\/\/noti-america.com\/site\/mexico\/\",\"name\":\"M\u00e9xico | Noti-America.com\",\"description\":\"\",\"publisher\":{\"@id\":\"https:\/\/noti-america.com\/site\/mexico\/#organization\"},\"potentialAction\":[{\"@type\":\"SearchAction\",\"target\":{\"@type\":\"EntryPoint\",\"urlTemplate\":\"https:\/\/noti-america.com\/site\/mexico\/?s={search_term_string}\"},\"query-input\":{\"@type\":\"PropertyValueSpecification\",\"valueRequired\":true,\"valueName\":\"search_term_string\"}}],\"inLanguage\":\"es\"},{\"@type\":\"Organization\",\"@id\":\"https:\/\/noti-america.com\/site\/mexico\/#organization\",\"name\":\"Noti-America LLC | M\u00e9xico\",\"url\":\"https:\/\/noti-america.com\/site\/mexico\/\",\"logo\":{\"@type\":\"ImageObject\",\"inLanguage\":\"es\",\"@id\":\"https:\/\/noti-america.com\/site\/mexico\/#\/schema\/logo\/image\/\",\"url\":\"https:\/\/noti-america.com\/site\/mexico\/wp-content\/uploads\/sites\/13\/2020\/07\/LogoNA-4x3-1.jpg\",\"contentUrl\":\"https:\/\/noti-america.com\/site\/mexico\/wp-content\/uploads\/sites\/13\/2020\/07\/LogoNA-4x3-1.jpg\",\"width\":1236,\"height\":1080,\"caption\":\"Noti-America LLC | M\u00e9xico\"},\"image\":{\"@id\":\"https:\/\/noti-america.com\/site\/mexico\/#\/schema\/logo\/image\/\"}},{\"@type\":\"Person\",\"@id\":\"https:\/\/noti-america.com\/site\/mexico\/#\/schema\/person\/db5a6527aaddfc34b3753d557a1292f0\",\"name\":\"Redacci\u00f3n NA-NY\",\"image\":{\"@type\":\"ImageObject\",\"inLanguage\":\"es\",\"@id\":\"https:\/\/secure.gravatar.com\/avatar\/2bd75bb500a8deb1390f777293a9af32d934c46613d2fbac7cceb2aaa2679ae8?s=96&d=mm&r=g\",\"url\":\"https:\/\/secure.gravatar.com\/avatar\/2bd75bb500a8deb1390f777293a9af32d934c46613d2fbac7cceb2aaa2679ae8?s=96&d=mm&r=g\",\"contentUrl\":\"https:\/\/secure.gravatar.com\/avatar\/2bd75bb500a8deb1390f777293a9af32d934c46613d2fbac7cceb2aaa2679ae8?s=96&d=mm&r=g\",\"caption\":\"Redacci\u00f3n NA-NY\"},\"url\":\"https:\/\/noti-america.com\/site\/mexico\/author\/redaccionny\/\"}]}<\/script>\n<!-- \/ Yoast SEO Premium plugin. -->","yoast_head_json":{"title":"Torruco, el primer despido de AMLO - M\u00e9xico","robots":{"index":"index","follow":"follow","max-snippet":"max-snippet:-1","max-image-preview":"max-image-preview:large","max-video-preview":"max-video-preview:-1"},"canonical":"https:\/\/noti-america.com\/site\/mexico\/2019\/03\/01\/torruco-el-primer-despido-de-amlo\/","og_locale":"es_ES","og_type":"article","og_title":"Torruco, el primer despido de AMLO","og_description":"Fuente:\u00a0 https:\/\/elfinanciero.com.mx &nbsp; Parece que hay una competencia entre los principales miembros del gabinete del presidente L\u00f3pez Obrador para ver qui\u00e9n es m\u00e1s incapaz. Unas veces es Javier Jim\u00e9nez Espri\u00fa, titular de SCT; otras&#46;&#46;&#46;","og_url":"https:\/\/noti-america.com\/site\/mexico\/2019\/03\/01\/torruco-el-primer-despido-de-amlo\/","og_site_name":"M\u00e9xico","article_published_time":"2019-03-01T06:38:16+00:00","og_image":[{"width":600,"height":314,"url":"https:\/\/noti-america.com\/site\/mexico\/wp-content\/uploads\/sites\/13\/2019\/03\/1-11.jpg","type":"image\/jpeg"}],"author":"Redacci\u00f3n NA-NY","twitter_card":"summary_large_image","twitter_misc":{"Escrito por":"Redacci\u00f3n NA-NY","Tiempo estimado de lectura":"3 minutos"},"schema":{"@context":"https:\/\/schema.org","@graph":[{"@type":"Article","@id":"https:\/\/noti-america.com\/site\/mexico\/2019\/03\/01\/torruco-el-primer-despido-de-amlo\/#article","isPartOf":{"@id":"https:\/\/noti-america.com\/site\/mexico\/2019\/03\/01\/torruco-el-primer-despido-de-amlo\/"},"author":{"name":"Redacci\u00f3n NA-NY","@id":"https:\/\/noti-america.com\/site\/mexico\/#\/schema\/person\/db5a6527aaddfc34b3753d557a1292f0"},"headline":"Torruco, el primer despido de AMLO","datePublished":"2019-03-01T06:38:16+00:00","mainEntityOfPage":{"@id":"https:\/\/noti-america.com\/site\/mexico\/2019\/03\/01\/torruco-el-primer-despido-de-amlo\/"},"wordCount":688,"commentCount":0,"publisher":{"@id":"https:\/\/noti-america.com\/site\/mexico\/#organization"},"image":{"@id":"https:\/\/noti-america.com\/site\/mexico\/2019\/03\/01\/torruco-el-primer-despido-de-amlo\/#primaryimage"},"thumbnailUrl":"https:\/\/noti-america.com\/site\/mexico\/wp-content\/uploads\/sites\/13\/2019\/03\/1-11.jpg","keywords":["el primer despido de AMLO","Torruco"],"articleSection":["Noticias"],"inLanguage":"es","potentialAction":[{"@type":"CommentAction","name":"Comment","target":["https:\/\/noti-america.com\/site\/mexico\/2019\/03\/01\/torruco-el-primer-despido-de-amlo\/#respond"]}]},{"@type":"WebPage","@id":"https:\/\/noti-america.com\/site\/mexico\/2019\/03\/01\/torruco-el-primer-despido-de-amlo\/","url":"https:\/\/noti-america.com\/site\/mexico\/2019\/03\/01\/torruco-el-primer-despido-de-amlo\/","name":"Torruco, el primer despido de AMLO - M\u00e9xico","isPartOf":{"@id":"https:\/\/noti-america.com\/site\/mexico\/#website"},"primaryImageOfPage":{"@id":"https:\/\/noti-america.com\/site\/mexico\/2019\/03\/01\/torruco-el-primer-despido-de-amlo\/#primaryimage"},"image":{"@id":"https:\/\/noti-america.com\/site\/mexico\/2019\/03\/01\/torruco-el-primer-despido-de-amlo\/#primaryimage"},"thumbnailUrl":"https:\/\/noti-america.com\/site\/mexico\/wp-content\/uploads\/sites\/13\/2019\/03\/1-11.jpg","datePublished":"2019-03-01T06:38:16+00:00","breadcrumb":{"@id":"https:\/\/noti-america.com\/site\/mexico\/2019\/03\/01\/torruco-el-primer-despido-de-amlo\/#breadcrumb"},"inLanguage":"es","potentialAction":[{"@type":"ReadAction","target":["https:\/\/noti-america.com\/site\/mexico\/2019\/03\/01\/torruco-el-primer-despido-de-amlo\/"]}]},{"@type":"ImageObject","inLanguage":"es","@id":"https:\/\/noti-america.com\/site\/mexico\/2019\/03\/01\/torruco-el-primer-despido-de-amlo\/#primaryimage","url":"https:\/\/noti-america.com\/site\/mexico\/wp-content\/uploads\/sites\/13\/2019\/03\/1-11.jpg","contentUrl":"https:\/\/noti-america.com\/site\/mexico\/wp-content\/uploads\/sites\/13\/2019\/03\/1-11.jpg","width":600,"height":314},{"@type":"BreadcrumbList","@id":"https:\/\/noti-america.com\/site\/mexico\/2019\/03\/01\/torruco-el-primer-despido-de-amlo\/#breadcrumb","itemListElement":[{"@type":"ListItem","position":1,"name":"Portada","item":"https:\/\/noti-america.com\/site\/mexico\/"},{"@type":"ListItem","position":2,"name":"Torruco, el primer despido de AMLO"}]},{"@type":"WebSite","@id":"https:\/\/noti-america.com\/site\/mexico\/#website","url":"https:\/\/noti-america.com\/site\/mexico\/","name":"M\u00e9xico | Noti-America.com","description":"","publisher":{"@id":"https:\/\/noti-america.com\/site\/mexico\/#organization"},"potentialAction":[{"@type":"SearchAction","target":{"@type":"EntryPoint","urlTemplate":"https:\/\/noti-america.com\/site\/mexico\/?s={search_term_string}"},"query-input":{"@type":"PropertyValueSpecification","valueRequired":true,"valueName":"search_term_string"}}],"inLanguage":"es"},{"@type":"Organization","@id":"https:\/\/noti-america.com\/site\/mexico\/#organization","name":"Noti-America LLC | M\u00e9xico","url":"https:\/\/noti-america.com\/site\/mexico\/","logo":{"@type":"ImageObject","inLanguage":"es","@id":"https:\/\/noti-america.com\/site\/mexico\/#\/schema\/logo\/image\/","url":"https:\/\/noti-america.com\/site\/mexico\/wp-content\/uploads\/sites\/13\/2020\/07\/LogoNA-4x3-1.jpg","contentUrl":"https:\/\/noti-america.com\/site\/mexico\/wp-content\/uploads\/sites\/13\/2020\/07\/LogoNA-4x3-1.jpg","width":1236,"height":1080,"caption":"Noti-America LLC | M\u00e9xico"},"image":{"@id":"https:\/\/noti-america.com\/site\/mexico\/#\/schema\/logo\/image\/"}},{"@type":"Person","@id":"https:\/\/noti-america.com\/site\/mexico\/#\/schema\/person\/db5a6527aaddfc34b3753d557a1292f0","name":"Redacci\u00f3n NA-NY","image":{"@type":"ImageObject","inLanguage":"es","@id":"https:\/\/secure.gravatar.com\/avatar\/2bd75bb500a8deb1390f777293a9af32d934c46613d2fbac7cceb2aaa2679ae8?s=96&d=mm&r=g","url":"https:\/\/secure.gravatar.com\/avatar\/2bd75bb500a8deb1390f777293a9af32d934c46613d2fbac7cceb2aaa2679ae8?s=96&d=mm&r=g","contentUrl":"https:\/\/secure.gravatar.com\/avatar\/2bd75bb500a8deb1390f777293a9af32d934c46613d2fbac7cceb2aaa2679ae8?s=96&d=mm&r=g","caption":"Redacci\u00f3n NA-NY"},"url":"https:\/\/noti-america.com\/site\/mexico\/author\/redaccionny\/"}]}},"_links":{"self":[{"href":"https:\/\/noti-america.com\/site\/mexico\/wp-json\/wp\/v2\/posts\/3580","targetHints":{"allow":["GET"]}}],"collection":[{"href":"https:\/\/noti-america.com\/site\/mexico\/wp-json\/wp\/v2\/posts"}],"about":[{"href":"https:\/\/noti-america.com\/site\/mexico\/wp-json\/wp\/v2\/types\/post"}],"author":[{"embeddable":true,"href":"https:\/\/noti-america.com\/site\/mexico\/wp-json\/wp\/v2\/users\/28"}],"replies":[{"embeddable":true,"href":"https:\/\/noti-america.com\/site\/mexico\/wp-json\/wp\/v2\/comments?post=3580"}],"version-history":[{"count":1,"href":"https:\/\/noti-america.com\/site\/mexico\/wp-json\/wp\/v2\/posts\/3580\/revisions"}],"predecessor-version":[{"id":3583,"href":"https:\/\/noti-america.com\/site\/mexico\/wp-json\/wp\/v2\/posts\/3580\/revisions\/3583"}],"wp:featuredmedia":[{"embeddable":true,"href":"https:\/\/noti-america.com\/site\/mexico\/wp-json\/wp\/v2\/media\/3581"}],"wp:attachment":[{"href":"https:\/\/noti-america.com\/site\/mexico\/wp-json\/wp\/v2\/media?parent=3580"}],"wp:term":[{"taxonomy":"category","embeddable":true,"href":"https:\/\/noti-america.com\/site\/mexico\/wp-json\/wp\/v2\/categories?post=3580"},{"taxonomy":"post_tag","embeddable":true,"href":"https:\/\/noti-america.com\/site\/mexico\/wp-json\/wp\/v2\/tags?post=3580"}],"curies":[{"name":"wp","href":"https:\/\/api.w.org\/{rel}","templated":true}]}}