{"id":3562,"date":"2019-03-01T05:42:17","date_gmt":"2019-03-01T05:42:17","guid":{"rendered":"http:\/\/noti-america.com\/site\/mexico\/?p=3562"},"modified":"2019-03-01T05:42:17","modified_gmt":"2019-03-01T05:42:17","slug":"mexico-dispuesto-a-solucionar-fenomeno-migratorio-segob-en-eu","status":"publish","type":"post","link":"https:\/\/noti-america.com\/site\/mexico\/2019\/03\/01\/mexico-dispuesto-a-solucionar-fenomeno-migratorio-segob-en-eu\/","title":{"rendered":"M\u00e9xico, dispuesto a solucionar fen\u00f3meno migratorio: Segob en EU"},"content":{"rendered":"<h3><img loading=\"lazy\" decoding=\"async\" class=\" wp-image-3563 aligncenter\" src=\"http:\/\/noti-america.com\/site\/mexico\/wp-content\/uploads\/sites\/13\/2019\/03\/1-6-300x180.jpg\" alt=\"\" width=\"508\" height=\"305\" srcset=\"https:\/\/noti-america.com\/site\/mexico\/wp-content\/uploads\/sites\/13\/2019\/03\/1-6-300x180.jpg 300w, https:\/\/noti-america.com\/site\/mexico\/wp-content\/uploads\/sites\/13\/2019\/03\/1-6.jpg 750w\" sizes=\"auto, (max-width: 508px) 100vw, 508px\" \/><\/h3>\n<h3><\/h3>\n<h3>Fuente:\u00a0 https:\/\/www.unotv.com<\/h3>\n<p>&nbsp;<\/p>\n<p dir=\"ltr\">El\u00a0Gobierno de M\u00e9xico\u00a0tiene nueva visi\u00f3n humanitaria para regular el ingreso de\u00a0<strong>extranjeros<\/strong>\u00a0y, aunque el pa\u00eds\u00a0<strong>no es la causa<\/strong>\u00a0de\u00a0<strong>flujos migratorios<\/strong>, est\u00e1 dispuesto a\u00a0<strong>ser parte de la soluci\u00f3n<\/strong>, inform\u00f3 este jueves la secretaria de\u00a0Gobernaci\u00f3n\u00a0(<strong>Segob<\/strong>),\u00a0<strong>Olga S\u00e1nchez Cordero<\/strong>, desde\u00a0<strong>Washington D.C.<\/strong>,\u00a0Estados Unidos\u00a0(<strong>EU<\/strong>).<\/p>\n<div class=\"tweeet-post\">\n<div class=\"SandboxRoot env-bp-min\" data-twitter-event-id=\"0\">\n<div id=\"twitter-widget-0\" class=\"EmbeddedTweet EmbeddedTweet--cta EmbeddedTweet--mediaForward media-forward js-clickToOpenTarget js-tweetIdInfo tweet-InformationCircle-widgetParent\" lang=\"es\" data-click-to-open-target=\"https:\/\/twitter.com\/M_OlgaSCordero\/status\/1101143989313368065\" data-iframe-title=\"Tweet de Twitter\" data-scribe=\"page:tweet\" data-tweet-id=\"1101143989313368065\" data-twitter-event-id=\"1\">\n<div class=\"EmbeddedTweet-tweetContainer\">\n<div class=\"EmbeddedTweet-tweet\">\n<blockquote class=\"Tweet h-entry js-tweetIdInfo subject expanded\" cite=\"https:\/\/twitter.com\/M_OlgaSCordero\/status\/1101143989313368065\" data-tweet-id=\"1101143989313368065\" data-scribe=\"section:subject\">\n<div class=\"Tweet-body e-entry-content\" data-scribe=\"component:tweet\">\n<p class=\"Tweet-text e-entry-title\" dir=\"ltr\" lang=\"es\">En reuni\u00f3n con <span class=\"PrettyLink-prefix\">@<\/span><span class=\"PrettyLink-value\">SeleeAndrew<\/span>, presidente del Migration Policy Institute, en donde hoy tendr\u00e9 el gusto de impartir la conferencia: \u00abUna Nueva Pol\u00edtica Migratoria para una Nueva Era\u00bb.<\/p>\n<div class=\"TweetInfo\">\n<div class=\"TweetInfo-like\">\n<div data-scribe=\"element:heart\">\n<div title=\"Me gusta\" role=\"img\" aria-label=\"Me gusta\"><\/div>\n<div class=\"Icon Icon--heart \" title=\"Me gusta\" role=\"img\" aria-label=\"Me gusta\">En el marco del foro <em>Una Nueva Pol\u00edtica Migratoria para una Nueva Era<\/em>\u00a0hecho en el\u00a0Instituto de Pol\u00edtica Migratoria\u00a0(<strong>MPI<\/strong>) de\u00a0<strong>EU<\/strong>, la funcionaria federal agreg\u00f3 que el recibimiento de migrantes en M\u00e9xico se hace desde una\u00a0<strong>perspectiva humana<\/strong>, puesto que la migraci\u00f3n\u00a0<strong>debe ser una opci\u00f3n<\/strong>\u00a0y no una\u00a0<strong>obligaci\u00f3n<\/strong>.<\/div>\n<\/div>\n<\/div>\n<\/div>\n<\/div>\n<\/blockquote>\n<\/div>\n<\/div>\n<\/div>\n<\/div>\n<\/div>\n<p dir=\"ltr\"><em><strong>Para las personas, la migraci\u00f3n no debe ser una necesidad derivada de inseguridad y temas econ\u00f3micos. En el futuro, la entrada de personas, en su mayor\u00eda de origen centroamericano, a M\u00e9xico por la frontera sur podr\u00eda llegar hasta 700 mil cada a\u00f1o\u201d.<\/strong><\/em><\/p>\n<div class=\"gallery\">\n<div class=\"item-gallery\"><img decoding=\"async\" class=\"aligncenter\" src=\"https:\/\/www.unotv.com\/portal\/unotv\/imagenes_galeria\/170361-GaleriaUno.jpg\" alt=\"Foto: @M_OlgaSCordero.\" \/><u>Foto: @M_OlgaSCordero.<\/u><\/p>\n<\/div>\n<\/div>\n<p dir=\"ltr\">Finalmente, la ministra en retiro dijo que la migraci\u00f3n en\u00a0<strong>territorio nacional<\/strong>ser\u00e1\u00a0<strong>ordenada<\/strong>\u00a0y\u00a0<strong>segura<\/strong>. M\u00e1s tarde, S\u00e1nchez Cordero sostendr\u00e1 una reuni\u00f3n con\u00a0<strong>Kirstjen Nielsen<\/strong>, secretaria de\u00a0<a title=\"\" href=\"https:\/\/www.dhs.gov\/\" target=\"_blank\" rel=\"noopener noreferrer\">Seguridad Nacional<\/a>\u00a0(<strong>Homeland Security<\/strong>) de EU para abordar m\u00e1s temas\u00a0<strong>al respecto<\/strong>.<\/p>\n","protected":false},"excerpt":{"rendered":"<p>Fuente:\u00a0 https:\/\/www.unotv.com &nbsp; El\u00a0Gobierno de M\u00e9xico\u00a0tiene nueva visi\u00f3n humanitaria para regular el ingreso de\u00a0extranjeros\u00a0y, aunque el pa\u00eds\u00a0no es la causa\u00a0de\u00a0flujos migratorios, est\u00e1 dispuesto a\u00a0ser parte de la soluci\u00f3n, inform\u00f3 este jueves la secretaria de\u00a0Gobernaci\u00f3n\u00a0(Segob),\u00a0Olga&#46;&#46;&#46;<\/p>\n","protected":false},"author":28,"featured_media":3563,"comment_status":"open","ping_status":"open","sticky":false,"template":"","format":"standard","meta":{"_acf_changed":false,"om_disable_all_campaigns":false,"rop_custom_images_group":[],"rop_custom_messages_group":[],"rop_publish_now":"initial","rop_publish_now_accounts":{"twitter_242054905_242054905":""},"rop_publish_now_history":[],"rop_publish_now_status":"pending","_uf_show_specific_survey":0,"_uf_disable_surveys":false,"footnotes":""},"categories":[3],"tags":[456,455],"class_list":["post-3562","post","type-post","status-publish","format-standard","has-post-thumbnail","hentry","category-politica","tag-dispuesto-a-solucionar-fenomeno-migratorio-segob-en-eu","tag-mexico"],"acf":[],"aioseo_notices":[],"yoast_head":"<!-- This site is optimized with the Yoast SEO Premium plugin v24.9 (Yoast SEO v27.2) - https:\/\/yoast.com\/product\/yoast-seo-premium-wordpress\/ -->\n<title>M\u00e9xico, dispuesto a solucionar fen\u00f3meno migratorio: Segob en EU - M\u00e9xico<\/title>\n<meta name=\"robots\" content=\"index, follow, max-snippet:-1, max-image-preview:large, max-video-preview:-1\" \/>\n<link rel=\"canonical\" href=\"https:\/\/noti-america.com\/site\/mexico\/2019\/03\/01\/mexico-dispuesto-a-solucionar-fenomeno-migratorio-segob-en-eu\/\" \/>\n<meta property=\"og:locale\" content=\"es_ES\" \/>\n<meta property=\"og:type\" content=\"article\" \/>\n<meta property=\"og:title\" content=\"M\u00e9xico, dispuesto a solucionar fen\u00f3meno migratorio: Segob en EU\" \/>\n<meta property=\"og:description\" content=\"Fuente:\u00a0 https:\/\/www.unotv.com &nbsp; El\u00a0Gobierno de M\u00e9xico\u00a0tiene nueva visi\u00f3n humanitaria para regular el ingreso de\u00a0extranjeros\u00a0y, aunque el pa\u00eds\u00a0no es la causa\u00a0de\u00a0flujos migratorios, est\u00e1 dispuesto a\u00a0ser parte de la soluci\u00f3n, inform\u00f3 este jueves la secretaria de\u00a0Gobernaci\u00f3n\u00a0(Segob),\u00a0Olga&#046;&#046;&#046;\" \/>\n<meta property=\"og:url\" content=\"https:\/\/noti-america.com\/site\/mexico\/2019\/03\/01\/mexico-dispuesto-a-solucionar-fenomeno-migratorio-segob-en-eu\/\" \/>\n<meta property=\"og:site_name\" content=\"M\u00e9xico\" \/>\n<meta property=\"article:published_time\" content=\"2019-03-01T05:42:17+00:00\" \/>\n<meta property=\"og:image\" content=\"https:\/\/noti-america.com\/site\/mexico\/wp-content\/uploads\/sites\/13\/2019\/03\/1-6.jpg\" \/>\n\t<meta property=\"og:image:width\" content=\"750\" \/>\n\t<meta property=\"og:image:height\" content=\"450\" \/>\n\t<meta property=\"og:image:type\" content=\"image\/jpeg\" \/>\n<meta name=\"author\" content=\"Redacci\u00f3n NA-NY\" \/>\n<meta name=\"twitter:card\" content=\"summary_large_image\" \/>\n<meta name=\"twitter:label1\" content=\"Escrito por\" \/>\n\t<meta name=\"twitter:data1\" content=\"Redacci\u00f3n NA-NY\" \/>\n\t<meta name=\"twitter:label2\" content=\"Tiempo estimado de lectura\" \/>\n\t<meta name=\"twitter:data2\" content=\"1 minuto\" \/>\n<script type=\"application\/ld+json\" class=\"yoast-schema-graph\">{\"@context\":\"https:\/\/schema.org\",\"@graph\":[{\"@type\":\"Article\",\"@id\":\"https:\/\/noti-america.com\/site\/mexico\/2019\/03\/01\/mexico-dispuesto-a-solucionar-fenomeno-migratorio-segob-en-eu\/#article\",\"isPartOf\":{\"@id\":\"https:\/\/noti-america.com\/site\/mexico\/2019\/03\/01\/mexico-dispuesto-a-solucionar-fenomeno-migratorio-segob-en-eu\/\"},\"author\":{\"name\":\"Redacci\u00f3n NA-NY\",\"@id\":\"https:\/\/noti-america.com\/site\/mexico\/#\/schema\/person\/db5a6527aaddfc34b3753d557a1292f0\"},\"headline\":\"M\u00e9xico, dispuesto a solucionar fen\u00f3meno migratorio: Segob en EU\",\"datePublished\":\"2019-03-01T05:42:17+00:00\",\"mainEntityOfPage\":{\"@id\":\"https:\/\/noti-america.com\/site\/mexico\/2019\/03\/01\/mexico-dispuesto-a-solucionar-fenomeno-migratorio-segob-en-eu\/\"},\"wordCount\":255,\"commentCount\":0,\"publisher\":{\"@id\":\"https:\/\/noti-america.com\/site\/mexico\/#organization\"},\"image\":{\"@id\":\"https:\/\/noti-america.com\/site\/mexico\/2019\/03\/01\/mexico-dispuesto-a-solucionar-fenomeno-migratorio-segob-en-eu\/#primaryimage\"},\"thumbnailUrl\":\"https:\/\/noti-america.com\/site\/mexico\/wp-content\/uploads\/sites\/13\/2019\/03\/1-6.jpg\",\"keywords\":[\"dispuesto a solucionar fen\u00f3meno migratorio: Segob en EU\",\"M\u00e9xico\"],\"articleSection\":[\"Pol\u00edtica\"],\"inLanguage\":\"es\",\"potentialAction\":[{\"@type\":\"CommentAction\",\"name\":\"Comment\",\"target\":[\"https:\/\/noti-america.com\/site\/mexico\/2019\/03\/01\/mexico-dispuesto-a-solucionar-fenomeno-migratorio-segob-en-eu\/#respond\"]}]},{\"@type\":\"WebPage\",\"@id\":\"https:\/\/noti-america.com\/site\/mexico\/2019\/03\/01\/mexico-dispuesto-a-solucionar-fenomeno-migratorio-segob-en-eu\/\",\"url\":\"https:\/\/noti-america.com\/site\/mexico\/2019\/03\/01\/mexico-dispuesto-a-solucionar-fenomeno-migratorio-segob-en-eu\/\",\"name\":\"M\u00e9xico, dispuesto a solucionar fen\u00f3meno migratorio: Segob en EU - M\u00e9xico\",\"isPartOf\":{\"@id\":\"https:\/\/noti-america.com\/site\/mexico\/#website\"},\"primaryImageOfPage\":{\"@id\":\"https:\/\/noti-america.com\/site\/mexico\/2019\/03\/01\/mexico-dispuesto-a-solucionar-fenomeno-migratorio-segob-en-eu\/#primaryimage\"},\"image\":{\"@id\":\"https:\/\/noti-america.com\/site\/mexico\/2019\/03\/01\/mexico-dispuesto-a-solucionar-fenomeno-migratorio-segob-en-eu\/#primaryimage\"},\"thumbnailUrl\":\"https:\/\/noti-america.com\/site\/mexico\/wp-content\/uploads\/sites\/13\/2019\/03\/1-6.jpg\",\"datePublished\":\"2019-03-01T05:42:17+00:00\",\"breadcrumb\":{\"@id\":\"https:\/\/noti-america.com\/site\/mexico\/2019\/03\/01\/mexico-dispuesto-a-solucionar-fenomeno-migratorio-segob-en-eu\/#breadcrumb\"},\"inLanguage\":\"es\",\"potentialAction\":[{\"@type\":\"ReadAction\",\"target\":[\"https:\/\/noti-america.com\/site\/mexico\/2019\/03\/01\/mexico-dispuesto-a-solucionar-fenomeno-migratorio-segob-en-eu\/\"]}]},{\"@type\":\"ImageObject\",\"inLanguage\":\"es\",\"@id\":\"https:\/\/noti-america.com\/site\/mexico\/2019\/03\/01\/mexico-dispuesto-a-solucionar-fenomeno-migratorio-segob-en-eu\/#primaryimage\",\"url\":\"https:\/\/noti-america.com\/site\/mexico\/wp-content\/uploads\/sites\/13\/2019\/03\/1-6.jpg\",\"contentUrl\":\"https:\/\/noti-america.com\/site\/mexico\/wp-content\/uploads\/sites\/13\/2019\/03\/1-6.jpg\",\"width\":750,\"height\":450},{\"@type\":\"BreadcrumbList\",\"@id\":\"https:\/\/noti-america.com\/site\/mexico\/2019\/03\/01\/mexico-dispuesto-a-solucionar-fenomeno-migratorio-segob-en-eu\/#breadcrumb\",\"itemListElement\":[{\"@type\":\"ListItem\",\"position\":1,\"name\":\"Portada\",\"item\":\"https:\/\/noti-america.com\/site\/mexico\/\"},{\"@type\":\"ListItem\",\"position\":2,\"name\":\"M\u00e9xico, dispuesto a solucionar fen\u00f3meno migratorio: Segob en EU\"}]},{\"@type\":\"WebSite\",\"@id\":\"https:\/\/noti-america.com\/site\/mexico\/#website\",\"url\":\"https:\/\/noti-america.com\/site\/mexico\/\",\"name\":\"M\u00e9xico | Noti-America.com\",\"description\":\"\",\"publisher\":{\"@id\":\"https:\/\/noti-america.com\/site\/mexico\/#organization\"},\"potentialAction\":[{\"@type\":\"SearchAction\",\"target\":{\"@type\":\"EntryPoint\",\"urlTemplate\":\"https:\/\/noti-america.com\/site\/mexico\/?s={search_term_string}\"},\"query-input\":{\"@type\":\"PropertyValueSpecification\",\"valueRequired\":true,\"valueName\":\"search_term_string\"}}],\"inLanguage\":\"es\"},{\"@type\":\"Organization\",\"@id\":\"https:\/\/noti-america.com\/site\/mexico\/#organization\",\"name\":\"Noti-America LLC | M\u00e9xico\",\"url\":\"https:\/\/noti-america.com\/site\/mexico\/\",\"logo\":{\"@type\":\"ImageObject\",\"inLanguage\":\"es\",\"@id\":\"https:\/\/noti-america.com\/site\/mexico\/#\/schema\/logo\/image\/\",\"url\":\"https:\/\/noti-america.com\/site\/mexico\/wp-content\/uploads\/sites\/13\/2020\/07\/LogoNA-4x3-1.jpg\",\"contentUrl\":\"https:\/\/noti-america.com\/site\/mexico\/wp-content\/uploads\/sites\/13\/2020\/07\/LogoNA-4x3-1.jpg\",\"width\":1236,\"height\":1080,\"caption\":\"Noti-America LLC | M\u00e9xico\"},\"image\":{\"@id\":\"https:\/\/noti-america.com\/site\/mexico\/#\/schema\/logo\/image\/\"}},{\"@type\":\"Person\",\"@id\":\"https:\/\/noti-america.com\/site\/mexico\/#\/schema\/person\/db5a6527aaddfc34b3753d557a1292f0\",\"name\":\"Redacci\u00f3n NA-NY\",\"image\":{\"@type\":\"ImageObject\",\"inLanguage\":\"es\",\"@id\":\"https:\/\/secure.gravatar.com\/avatar\/2bd75bb500a8deb1390f777293a9af32d934c46613d2fbac7cceb2aaa2679ae8?s=96&d=mm&r=g\",\"url\":\"https:\/\/secure.gravatar.com\/avatar\/2bd75bb500a8deb1390f777293a9af32d934c46613d2fbac7cceb2aaa2679ae8?s=96&d=mm&r=g\",\"contentUrl\":\"https:\/\/secure.gravatar.com\/avatar\/2bd75bb500a8deb1390f777293a9af32d934c46613d2fbac7cceb2aaa2679ae8?s=96&d=mm&r=g\",\"caption\":\"Redacci\u00f3n NA-NY\"},\"url\":\"https:\/\/noti-america.com\/site\/mexico\/author\/redaccionny\/\"}]}<\/script>\n<!-- \/ Yoast SEO Premium plugin. -->","yoast_head_json":{"title":"M\u00e9xico, dispuesto a solucionar fen\u00f3meno migratorio: Segob en EU - M\u00e9xico","robots":{"index":"index","follow":"follow","max-snippet":"max-snippet:-1","max-image-preview":"max-image-preview:large","max-video-preview":"max-video-preview:-1"},"canonical":"https:\/\/noti-america.com\/site\/mexico\/2019\/03\/01\/mexico-dispuesto-a-solucionar-fenomeno-migratorio-segob-en-eu\/","og_locale":"es_ES","og_type":"article","og_title":"M\u00e9xico, dispuesto a solucionar fen\u00f3meno migratorio: Segob en EU","og_description":"Fuente:\u00a0 https:\/\/www.unotv.com &nbsp; El\u00a0Gobierno de M\u00e9xico\u00a0tiene nueva visi\u00f3n humanitaria para regular el ingreso de\u00a0extranjeros\u00a0y, aunque el pa\u00eds\u00a0no es la causa\u00a0de\u00a0flujos migratorios, est\u00e1 dispuesto a\u00a0ser parte de la soluci\u00f3n, inform\u00f3 este jueves la secretaria de\u00a0Gobernaci\u00f3n\u00a0(Segob),\u00a0Olga&#46;&#46;&#46;","og_url":"https:\/\/noti-america.com\/site\/mexico\/2019\/03\/01\/mexico-dispuesto-a-solucionar-fenomeno-migratorio-segob-en-eu\/","og_site_name":"M\u00e9xico","article_published_time":"2019-03-01T05:42:17+00:00","og_image":[{"width":750,"height":450,"url":"https:\/\/noti-america.com\/site\/mexico\/wp-content\/uploads\/sites\/13\/2019\/03\/1-6.jpg","type":"image\/jpeg"}],"author":"Redacci\u00f3n NA-NY","twitter_card":"summary_large_image","twitter_misc":{"Escrito por":"Redacci\u00f3n NA-NY","Tiempo estimado de lectura":"1 minuto"},"schema":{"@context":"https:\/\/schema.org","@graph":[{"@type":"Article","@id":"https:\/\/noti-america.com\/site\/mexico\/2019\/03\/01\/mexico-dispuesto-a-solucionar-fenomeno-migratorio-segob-en-eu\/#article","isPartOf":{"@id":"https:\/\/noti-america.com\/site\/mexico\/2019\/03\/01\/mexico-dispuesto-a-solucionar-fenomeno-migratorio-segob-en-eu\/"},"author":{"name":"Redacci\u00f3n NA-NY","@id":"https:\/\/noti-america.com\/site\/mexico\/#\/schema\/person\/db5a6527aaddfc34b3753d557a1292f0"},"headline":"M\u00e9xico, dispuesto a solucionar fen\u00f3meno migratorio: Segob en EU","datePublished":"2019-03-01T05:42:17+00:00","mainEntityOfPage":{"@id":"https:\/\/noti-america.com\/site\/mexico\/2019\/03\/01\/mexico-dispuesto-a-solucionar-fenomeno-migratorio-segob-en-eu\/"},"wordCount":255,"commentCount":0,"publisher":{"@id":"https:\/\/noti-america.com\/site\/mexico\/#organization"},"image":{"@id":"https:\/\/noti-america.com\/site\/mexico\/2019\/03\/01\/mexico-dispuesto-a-solucionar-fenomeno-migratorio-segob-en-eu\/#primaryimage"},"thumbnailUrl":"https:\/\/noti-america.com\/site\/mexico\/wp-content\/uploads\/sites\/13\/2019\/03\/1-6.jpg","keywords":["dispuesto a solucionar fen\u00f3meno migratorio: Segob en EU","M\u00e9xico"],"articleSection":["Pol\u00edtica"],"inLanguage":"es","potentialAction":[{"@type":"CommentAction","name":"Comment","target":["https:\/\/noti-america.com\/site\/mexico\/2019\/03\/01\/mexico-dispuesto-a-solucionar-fenomeno-migratorio-segob-en-eu\/#respond"]}]},{"@type":"WebPage","@id":"https:\/\/noti-america.com\/site\/mexico\/2019\/03\/01\/mexico-dispuesto-a-solucionar-fenomeno-migratorio-segob-en-eu\/","url":"https:\/\/noti-america.com\/site\/mexico\/2019\/03\/01\/mexico-dispuesto-a-solucionar-fenomeno-migratorio-segob-en-eu\/","name":"M\u00e9xico, dispuesto a solucionar fen\u00f3meno migratorio: Segob en EU - M\u00e9xico","isPartOf":{"@id":"https:\/\/noti-america.com\/site\/mexico\/#website"},"primaryImageOfPage":{"@id":"https:\/\/noti-america.com\/site\/mexico\/2019\/03\/01\/mexico-dispuesto-a-solucionar-fenomeno-migratorio-segob-en-eu\/#primaryimage"},"image":{"@id":"https:\/\/noti-america.com\/site\/mexico\/2019\/03\/01\/mexico-dispuesto-a-solucionar-fenomeno-migratorio-segob-en-eu\/#primaryimage"},"thumbnailUrl":"https:\/\/noti-america.com\/site\/mexico\/wp-content\/uploads\/sites\/13\/2019\/03\/1-6.jpg","datePublished":"2019-03-01T05:42:17+00:00","breadcrumb":{"@id":"https:\/\/noti-america.com\/site\/mexico\/2019\/03\/01\/mexico-dispuesto-a-solucionar-fenomeno-migratorio-segob-en-eu\/#breadcrumb"},"inLanguage":"es","potentialAction":[{"@type":"ReadAction","target":["https:\/\/noti-america.com\/site\/mexico\/2019\/03\/01\/mexico-dispuesto-a-solucionar-fenomeno-migratorio-segob-en-eu\/"]}]},{"@type":"ImageObject","inLanguage":"es","@id":"https:\/\/noti-america.com\/site\/mexico\/2019\/03\/01\/mexico-dispuesto-a-solucionar-fenomeno-migratorio-segob-en-eu\/#primaryimage","url":"https:\/\/noti-america.com\/site\/mexico\/wp-content\/uploads\/sites\/13\/2019\/03\/1-6.jpg","contentUrl":"https:\/\/noti-america.com\/site\/mexico\/wp-content\/uploads\/sites\/13\/2019\/03\/1-6.jpg","width":750,"height":450},{"@type":"BreadcrumbList","@id":"https:\/\/noti-america.com\/site\/mexico\/2019\/03\/01\/mexico-dispuesto-a-solucionar-fenomeno-migratorio-segob-en-eu\/#breadcrumb","itemListElement":[{"@type":"ListItem","position":1,"name":"Portada","item":"https:\/\/noti-america.com\/site\/mexico\/"},{"@type":"ListItem","position":2,"name":"M\u00e9xico, dispuesto a solucionar fen\u00f3meno migratorio: Segob en EU"}]},{"@type":"WebSite","@id":"https:\/\/noti-america.com\/site\/mexico\/#website","url":"https:\/\/noti-america.com\/site\/mexico\/","name":"M\u00e9xico | Noti-America.com","description":"","publisher":{"@id":"https:\/\/noti-america.com\/site\/mexico\/#organization"},"potentialAction":[{"@type":"SearchAction","target":{"@type":"EntryPoint","urlTemplate":"https:\/\/noti-america.com\/site\/mexico\/?s={search_term_string}"},"query-input":{"@type":"PropertyValueSpecification","valueRequired":true,"valueName":"search_term_string"}}],"inLanguage":"es"},{"@type":"Organization","@id":"https:\/\/noti-america.com\/site\/mexico\/#organization","name":"Noti-America LLC | M\u00e9xico","url":"https:\/\/noti-america.com\/site\/mexico\/","logo":{"@type":"ImageObject","inLanguage":"es","@id":"https:\/\/noti-america.com\/site\/mexico\/#\/schema\/logo\/image\/","url":"https:\/\/noti-america.com\/site\/mexico\/wp-content\/uploads\/sites\/13\/2020\/07\/LogoNA-4x3-1.jpg","contentUrl":"https:\/\/noti-america.com\/site\/mexico\/wp-content\/uploads\/sites\/13\/2020\/07\/LogoNA-4x3-1.jpg","width":1236,"height":1080,"caption":"Noti-America LLC | M\u00e9xico"},"image":{"@id":"https:\/\/noti-america.com\/site\/mexico\/#\/schema\/logo\/image\/"}},{"@type":"Person","@id":"https:\/\/noti-america.com\/site\/mexico\/#\/schema\/person\/db5a6527aaddfc34b3753d557a1292f0","name":"Redacci\u00f3n NA-NY","image":{"@type":"ImageObject","inLanguage":"es","@id":"https:\/\/secure.gravatar.com\/avatar\/2bd75bb500a8deb1390f777293a9af32d934c46613d2fbac7cceb2aaa2679ae8?s=96&d=mm&r=g","url":"https:\/\/secure.gravatar.com\/avatar\/2bd75bb500a8deb1390f777293a9af32d934c46613d2fbac7cceb2aaa2679ae8?s=96&d=mm&r=g","contentUrl":"https:\/\/secure.gravatar.com\/avatar\/2bd75bb500a8deb1390f777293a9af32d934c46613d2fbac7cceb2aaa2679ae8?s=96&d=mm&r=g","caption":"Redacci\u00f3n NA-NY"},"url":"https:\/\/noti-america.com\/site\/mexico\/author\/redaccionny\/"}]}},"_links":{"self":[{"href":"https:\/\/noti-america.com\/site\/mexico\/wp-json\/wp\/v2\/posts\/3562","targetHints":{"allow":["GET"]}}],"collection":[{"href":"https:\/\/noti-america.com\/site\/mexico\/wp-json\/wp\/v2\/posts"}],"about":[{"href":"https:\/\/noti-america.com\/site\/mexico\/wp-json\/wp\/v2\/types\/post"}],"author":[{"embeddable":true,"href":"https:\/\/noti-america.com\/site\/mexico\/wp-json\/wp\/v2\/users\/28"}],"replies":[{"embeddable":true,"href":"https:\/\/noti-america.com\/site\/mexico\/wp-json\/wp\/v2\/comments?post=3562"}],"version-history":[{"count":1,"href":"https:\/\/noti-america.com\/site\/mexico\/wp-json\/wp\/v2\/posts\/3562\/revisions"}],"predecessor-version":[{"id":3564,"href":"https:\/\/noti-america.com\/site\/mexico\/wp-json\/wp\/v2\/posts\/3562\/revisions\/3564"}],"wp:featuredmedia":[{"embeddable":true,"href":"https:\/\/noti-america.com\/site\/mexico\/wp-json\/wp\/v2\/media\/3563"}],"wp:attachment":[{"href":"https:\/\/noti-america.com\/site\/mexico\/wp-json\/wp\/v2\/media?parent=3562"}],"wp:term":[{"taxonomy":"category","embeddable":true,"href":"https:\/\/noti-america.com\/site\/mexico\/wp-json\/wp\/v2\/categories?post=3562"},{"taxonomy":"post_tag","embeddable":true,"href":"https:\/\/noti-america.com\/site\/mexico\/wp-json\/wp\/v2\/tags?post=3562"}],"curies":[{"name":"wp","href":"https:\/\/api.w.org\/{rel}","templated":true}]}}