{"id":3497,"date":"2019-02-27T15:04:15","date_gmt":"2019-02-27T15:04:15","guid":{"rendered":"http:\/\/noti-america.com\/site\/mexico\/?p=3497"},"modified":"2019-02-27T15:04:15","modified_gmt":"2019-02-27T15:04:15","slug":"las-razones-por-las-que-los-empresarios-no-quieren-a-amlo","status":"publish","type":"post","link":"https:\/\/noti-america.com\/site\/mexico\/2019\/02\/27\/las-razones-por-las-que-los-empresarios-no-quieren-a-amlo\/","title":{"rendered":"Las razones por las que los empresarios no quieren a AMLO"},"content":{"rendered":"<h3><img loading=\"lazy\" decoding=\"async\" class=\"alignnone  wp-image-3498 aligncenter\" src=\"http:\/\/noti-america.com\/site\/mexico\/wp-content\/uploads\/sites\/13\/2019\/02\/1-71-300x176.jpg\" alt=\"\" width=\"615\" height=\"361\" srcset=\"https:\/\/noti-america.com\/site\/mexico\/wp-content\/uploads\/sites\/13\/2019\/02\/1-71-300x176.jpg 300w, https:\/\/noti-america.com\/site\/mexico\/wp-content\/uploads\/sites\/13\/2019\/02\/1-71-768x450.jpg 768w, https:\/\/noti-america.com\/site\/mexico\/wp-content\/uploads\/sites\/13\/2019\/02\/1-71-1024x600.jpg 1024w, https:\/\/noti-america.com\/site\/mexico\/wp-content\/uploads\/sites\/13\/2019\/02\/1-71.jpg 2048w\" sizes=\"auto, (max-width: 615px) 100vw, 615px\" \/><\/h3>\n<h3>Fuente: www.nacion321.com<\/h3>\n<p>&nbsp;<\/p>\n<p class=\"parrafo\">a relaci\u00f3n entre el candidato de\u00a0<em>Juntos Haremos Historia (Morena, PT, PES),\u00a0<\/em>Andr\u00e9s Manuel L\u00f3pez Obrador y los empresarios mexicanos ha tenido sus altibajos a lo largo de las tres campa\u00f1as presidenciales que ha vivido el tabasque\u00f1o.<\/p>\n<p class=\"parrafo\">A continuaci\u00f3n te dejamos un recuento de los temas que han enfrentado a empresarios y al ahora candidato puntero en las encuestas.<\/p>\n<h2>ADI\u00d3S AL NAICM<\/h2>\n<p class=\"parrafo\">L\u00f3pez Obrador, candidato a la Presidencia, ha asegurado que de ganar las elecciones,\u00a0<strong class=\"CabezaDescanso\">cancelar\u00e1 el proyecto del Nuevo Aeropuerto de la Ciudad de M\u00e9xico\u00a0<\/strong>(NAICM) que se encuentra en construcci\u00f3n en el lago de Texcoco y que costar\u00e1 300 mil millones de pesos.<\/p>\n<p class=\"parrafo\">De acuerdo con el presidenciable, se tratar\u00eda de un \u201cnegocio para un peque\u00f1o grupo, para los contratistas. Ellos van a ganar mucho, pero el pa\u00eds no tiene presupuesto para financiar una obra fara\u00f3nica\u201d.<\/p>\n<h2>\u00bfQU\u00c9 DICEN LOS EMPRESARIOS?<\/h2>\n<p class=\"parrafo\">Las empresas detr\u00e1s de la construcci\u00f3n del Aeropuerto, son Edificadora Cicsa, empresa parte de Grupo Carso, s\u00ed, el grupo del empresario mexicano Carlos Slim; ICA, otra empresa mexicana fundada por Bernando Quintana; FCC Construcci\u00f3n, con presencia en 35 pa\u00edses, de la cual Carlos Slim adquiri\u00f3 una participaci\u00f3n mayoritaria en 2014.<\/p>\n<div class=\"tenor-gif-embed parrafo\" data-aspect-ratio=\"2.2432432432432434\" data-postid=\"7187491\" data-processed=\"true\" data-share-method=\"host\" data-width=\"100%\">\n<div>Adem\u00e1s, otros empresarios favorecidos con la construcci\u00f3n del aeropuerto son Olegario V\u00e1zquez Aldir de la empresa Promotora y Desarrolladora Mexicana, Carlos Hank Rhon de La Peninsular (unidad de construcci\u00f3n de Grupo Hermes), e Hip\u00f3lito Gerard (cu\u00f1ado de Carlos Salinas de Gortari), de la Constructora y Edificadora GIA+A.<\/div>\n<\/div>\n<p class=\"parrafo\">Tras la publicaci\u00f3n del c\u00f3mic de Andr\u00e9s Manuel sobre el Nuevo Aeropuerto, el empresario mexicano Carlos Slim ofreci\u00f3 una conferencia de prensa en la cual asegur\u00f3 \u201cme dar\u00eda miedo por todo lo dem\u00e1s que siga, porque si con el mismo criterio de lo del Nuevo Aeropuerto Internacional de M\u00e9xico (NAIM) se tomar\u00e1n las otras decisiones, ser\u00e1 un criterio equivocado y hay riesgo de que se tomen decisiones equivocadas\u201d.<\/p>\n<div class=\"parrafo\">\n<h3 class=\"relacionadas\"><\/h3>\n<\/div>\n<p class=\"parrafo\">Por su parte, el Consejo Coordinador Empresarial (CCE) realizar\u00e1 una mesa de debate en la que se incluir\u00e1 el proyecto del NAICM y se espera participen todos los candidatos, esto, despu\u00e9s de que el pasado mes de marzo, exigieran a los partidos pol\u00edticos y candidatos respetar los contratos del proyecto del aeropuerto.<\/p>\n<p class=\"parrafo\">\u201cLos organismos del sector privado reiteran que la viabilidad del aeropuerto no est\u00e1 en duda, ya que durante a\u00f1os ha sido discutida por las m\u00e1s prestigiadas instituciones nacionales e internacionales\u201d, afirmaron en un comunicado.<\/p>\n<p class=\"parrafo\">A esta petici\u00f3n se uni\u00f3 tambi\u00e9n el Presidente del Consejo Nacional Empresarial Tur\u00edstico (CNET).<\/p>\n<h2>VAN &#8216;PARA ATR\u00c1S&#8217; LAS REFORMAS ESTRUCTURALES<\/h2>\n<p class=\"parrafo\">Segun AMLO,\u00a0 las Reformas Estructurales ser\u00e1n revisadas y sometidas a consulta.<\/p>\n<p class=\"parrafo\">\u201cVa a haber una aut\u00e9ntica reforma educativa, sin afectar los derechos laborales del magisterio\u201d, ha dicho sobre lo que considera \u00abla mal llamada Reforma Educativa\u00bb.<\/p>\n<p class=\"parrafo\">En cuanto a la Reforma Energ\u00e9tica, el candidato de\u00a0<em>Juntos Haremos Historia,\u00a0<\/em>ha asegurado que se revisar\u00e1n todos los contratos que se han firmado, \u201cy uno por uno se van a someter a un an\u00e1lisis para ver si cumplen con los requisitos legales y para que, ad em\u00e1s no sean contratos producto de la corrupci\u00f3n\u201d.<\/p>\n<p class=\"parrafo\">\u00abAunque es improbable que la presidencia de L\u00f3pez Obrador sea capaz de revertir las reformas, pues no contar\u00eda con los suficientes votos en el Congreso para hacerlo, su administraci\u00f3n\u00a0 retrasa la implementaci\u00f3n de las reformas en marcha, particularmente del sector petrolero\u00bb<\/p>\n","protected":false},"excerpt":{"rendered":"<p>Fuente: www.nacion321.com &nbsp; a relaci\u00f3n entre el candidato de\u00a0Juntos Haremos Historia (Morena, PT, PES),\u00a0Andr\u00e9s Manuel L\u00f3pez Obrador y los empresarios mexicanos ha tenido sus altibajos a lo largo de las tres campa\u00f1as presidenciales que&#46;&#46;&#46;<\/p>\n","protected":false},"author":28,"featured_media":3498,"comment_status":"open","ping_status":"open","sticky":false,"template":"","format":"standard","meta":{"_acf_changed":false,"om_disable_all_campaigns":false,"rop_custom_images_group":[],"rop_custom_messages_group":[],"rop_publish_now":"initial","rop_publish_now_accounts":{"twitter_242054905_242054905":""},"rop_publish_now_history":[],"rop_publish_now_status":"pending","_uf_show_specific_survey":0,"_uf_disable_surveys":false,"footnotes":""},"categories":[337],"tags":[445],"class_list":["post-3497","post","type-post","status-publish","format-standard","has-post-thumbnail","hentry","category-noticias","tag-las-razones-por-las-que-los-empresarios-no-quieren-a-amlo"],"acf":[],"aioseo_notices":[],"yoast_head":"<!-- This site is optimized with the Yoast SEO Premium plugin v24.9 (Yoast SEO v27.2) - https:\/\/yoast.com\/product\/yoast-seo-premium-wordpress\/ -->\n<title>Las razones por las que los empresarios no quieren a AMLO - M\u00e9xico<\/title>\n<meta name=\"robots\" content=\"index, follow, max-snippet:-1, max-image-preview:large, max-video-preview:-1\" \/>\n<link rel=\"canonical\" href=\"https:\/\/noti-america.com\/site\/mexico\/2019\/02\/27\/las-razones-por-las-que-los-empresarios-no-quieren-a-amlo\/\" \/>\n<meta property=\"og:locale\" content=\"es_ES\" \/>\n<meta property=\"og:type\" content=\"article\" \/>\n<meta property=\"og:title\" content=\"Las razones por las que los empresarios no quieren a AMLO\" \/>\n<meta property=\"og:description\" content=\"Fuente: www.nacion321.com &nbsp; a relaci\u00f3n entre el candidato de\u00a0Juntos Haremos Historia (Morena, PT, PES),\u00a0Andr\u00e9s Manuel L\u00f3pez Obrador y los empresarios mexicanos ha tenido sus altibajos a lo largo de las tres campa\u00f1as presidenciales que&#046;&#046;&#046;\" \/>\n<meta property=\"og:url\" content=\"https:\/\/noti-america.com\/site\/mexico\/2019\/02\/27\/las-razones-por-las-que-los-empresarios-no-quieren-a-amlo\/\" \/>\n<meta property=\"og:site_name\" content=\"M\u00e9xico\" \/>\n<meta property=\"article:published_time\" content=\"2019-02-27T15:04:15+00:00\" \/>\n<meta property=\"og:image\" content=\"https:\/\/noti-america.com\/site\/mexico\/wp-content\/uploads\/sites\/13\/2019\/02\/1-71.jpg\" \/>\n\t<meta property=\"og:image:width\" content=\"2048\" \/>\n\t<meta property=\"og:image:height\" content=\"1200\" \/>\n\t<meta property=\"og:image:type\" content=\"image\/jpeg\" \/>\n<meta name=\"author\" content=\"Redacci\u00f3n NA-NY\" \/>\n<meta name=\"twitter:card\" content=\"summary_large_image\" \/>\n<meta name=\"twitter:label1\" content=\"Escrito por\" \/>\n\t<meta name=\"twitter:data1\" content=\"Redacci\u00f3n NA-NY\" \/>\n\t<meta name=\"twitter:label2\" content=\"Tiempo estimado de lectura\" \/>\n\t<meta name=\"twitter:data2\" content=\"3 minutos\" \/>\n<script type=\"application\/ld+json\" class=\"yoast-schema-graph\">{\"@context\":\"https:\/\/schema.org\",\"@graph\":[{\"@type\":\"Article\",\"@id\":\"https:\/\/noti-america.com\/site\/mexico\/2019\/02\/27\/las-razones-por-las-que-los-empresarios-no-quieren-a-amlo\/#article\",\"isPartOf\":{\"@id\":\"https:\/\/noti-america.com\/site\/mexico\/2019\/02\/27\/las-razones-por-las-que-los-empresarios-no-quieren-a-amlo\/\"},\"author\":{\"name\":\"Redacci\u00f3n NA-NY\",\"@id\":\"https:\/\/noti-america.com\/site\/mexico\/#\/schema\/person\/db5a6527aaddfc34b3753d557a1292f0\"},\"headline\":\"Las razones por las que los empresarios no quieren a AMLO\",\"datePublished\":\"2019-02-27T15:04:15+00:00\",\"mainEntityOfPage\":{\"@id\":\"https:\/\/noti-america.com\/site\/mexico\/2019\/02\/27\/las-razones-por-las-que-los-empresarios-no-quieren-a-amlo\/\"},\"wordCount\":610,\"commentCount\":0,\"publisher\":{\"@id\":\"https:\/\/noti-america.com\/site\/mexico\/#organization\"},\"image\":{\"@id\":\"https:\/\/noti-america.com\/site\/mexico\/2019\/02\/27\/las-razones-por-las-que-los-empresarios-no-quieren-a-amlo\/#primaryimage\"},\"thumbnailUrl\":\"https:\/\/noti-america.com\/site\/mexico\/wp-content\/uploads\/sites\/13\/2019\/02\/1-71.jpg\",\"keywords\":[\"Las razones por las que los empresarios no quieren a AMLO\"],\"articleSection\":[\"Noticias\"],\"inLanguage\":\"es\",\"potentialAction\":[{\"@type\":\"CommentAction\",\"name\":\"Comment\",\"target\":[\"https:\/\/noti-america.com\/site\/mexico\/2019\/02\/27\/las-razones-por-las-que-los-empresarios-no-quieren-a-amlo\/#respond\"]}]},{\"@type\":\"WebPage\",\"@id\":\"https:\/\/noti-america.com\/site\/mexico\/2019\/02\/27\/las-razones-por-las-que-los-empresarios-no-quieren-a-amlo\/\",\"url\":\"https:\/\/noti-america.com\/site\/mexico\/2019\/02\/27\/las-razones-por-las-que-los-empresarios-no-quieren-a-amlo\/\",\"name\":\"Las razones por las que los empresarios no quieren a AMLO - M\u00e9xico\",\"isPartOf\":{\"@id\":\"https:\/\/noti-america.com\/site\/mexico\/#website\"},\"primaryImageOfPage\":{\"@id\":\"https:\/\/noti-america.com\/site\/mexico\/2019\/02\/27\/las-razones-por-las-que-los-empresarios-no-quieren-a-amlo\/#primaryimage\"},\"image\":{\"@id\":\"https:\/\/noti-america.com\/site\/mexico\/2019\/02\/27\/las-razones-por-las-que-los-empresarios-no-quieren-a-amlo\/#primaryimage\"},\"thumbnailUrl\":\"https:\/\/noti-america.com\/site\/mexico\/wp-content\/uploads\/sites\/13\/2019\/02\/1-71.jpg\",\"datePublished\":\"2019-02-27T15:04:15+00:00\",\"breadcrumb\":{\"@id\":\"https:\/\/noti-america.com\/site\/mexico\/2019\/02\/27\/las-razones-por-las-que-los-empresarios-no-quieren-a-amlo\/#breadcrumb\"},\"inLanguage\":\"es\",\"potentialAction\":[{\"@type\":\"ReadAction\",\"target\":[\"https:\/\/noti-america.com\/site\/mexico\/2019\/02\/27\/las-razones-por-las-que-los-empresarios-no-quieren-a-amlo\/\"]}]},{\"@type\":\"ImageObject\",\"inLanguage\":\"es\",\"@id\":\"https:\/\/noti-america.com\/site\/mexico\/2019\/02\/27\/las-razones-por-las-que-los-empresarios-no-quieren-a-amlo\/#primaryimage\",\"url\":\"https:\/\/noti-america.com\/site\/mexico\/wp-content\/uploads\/sites\/13\/2019\/02\/1-71.jpg\",\"contentUrl\":\"https:\/\/noti-america.com\/site\/mexico\/wp-content\/uploads\/sites\/13\/2019\/02\/1-71.jpg\",\"width\":2048,\"height\":1200},{\"@type\":\"BreadcrumbList\",\"@id\":\"https:\/\/noti-america.com\/site\/mexico\/2019\/02\/27\/las-razones-por-las-que-los-empresarios-no-quieren-a-amlo\/#breadcrumb\",\"itemListElement\":[{\"@type\":\"ListItem\",\"position\":1,\"name\":\"Portada\",\"item\":\"https:\/\/noti-america.com\/site\/mexico\/\"},{\"@type\":\"ListItem\",\"position\":2,\"name\":\"Las razones por las que los empresarios no quieren a AMLO\"}]},{\"@type\":\"WebSite\",\"@id\":\"https:\/\/noti-america.com\/site\/mexico\/#website\",\"url\":\"https:\/\/noti-america.com\/site\/mexico\/\",\"name\":\"M\u00e9xico | Noti-America.com\",\"description\":\"\",\"publisher\":{\"@id\":\"https:\/\/noti-america.com\/site\/mexico\/#organization\"},\"potentialAction\":[{\"@type\":\"SearchAction\",\"target\":{\"@type\":\"EntryPoint\",\"urlTemplate\":\"https:\/\/noti-america.com\/site\/mexico\/?s={search_term_string}\"},\"query-input\":{\"@type\":\"PropertyValueSpecification\",\"valueRequired\":true,\"valueName\":\"search_term_string\"}}],\"inLanguage\":\"es\"},{\"@type\":\"Organization\",\"@id\":\"https:\/\/noti-america.com\/site\/mexico\/#organization\",\"name\":\"Noti-America LLC | M\u00e9xico\",\"url\":\"https:\/\/noti-america.com\/site\/mexico\/\",\"logo\":{\"@type\":\"ImageObject\",\"inLanguage\":\"es\",\"@id\":\"https:\/\/noti-america.com\/site\/mexico\/#\/schema\/logo\/image\/\",\"url\":\"https:\/\/noti-america.com\/site\/mexico\/wp-content\/uploads\/sites\/13\/2020\/07\/LogoNA-4x3-1.jpg\",\"contentUrl\":\"https:\/\/noti-america.com\/site\/mexico\/wp-content\/uploads\/sites\/13\/2020\/07\/LogoNA-4x3-1.jpg\",\"width\":1236,\"height\":1080,\"caption\":\"Noti-America LLC | M\u00e9xico\"},\"image\":{\"@id\":\"https:\/\/noti-america.com\/site\/mexico\/#\/schema\/logo\/image\/\"}},{\"@type\":\"Person\",\"@id\":\"https:\/\/noti-america.com\/site\/mexico\/#\/schema\/person\/db5a6527aaddfc34b3753d557a1292f0\",\"name\":\"Redacci\u00f3n NA-NY\",\"image\":{\"@type\":\"ImageObject\",\"inLanguage\":\"es\",\"@id\":\"https:\/\/secure.gravatar.com\/avatar\/2bd75bb500a8deb1390f777293a9af32d934c46613d2fbac7cceb2aaa2679ae8?s=96&d=mm&r=g\",\"url\":\"https:\/\/secure.gravatar.com\/avatar\/2bd75bb500a8deb1390f777293a9af32d934c46613d2fbac7cceb2aaa2679ae8?s=96&d=mm&r=g\",\"contentUrl\":\"https:\/\/secure.gravatar.com\/avatar\/2bd75bb500a8deb1390f777293a9af32d934c46613d2fbac7cceb2aaa2679ae8?s=96&d=mm&r=g\",\"caption\":\"Redacci\u00f3n NA-NY\"},\"url\":\"https:\/\/noti-america.com\/site\/mexico\/author\/redaccionny\/\"}]}<\/script>\n<!-- \/ Yoast SEO Premium plugin. -->","yoast_head_json":{"title":"Las razones por las que los empresarios no quieren a AMLO - M\u00e9xico","robots":{"index":"index","follow":"follow","max-snippet":"max-snippet:-1","max-image-preview":"max-image-preview:large","max-video-preview":"max-video-preview:-1"},"canonical":"https:\/\/noti-america.com\/site\/mexico\/2019\/02\/27\/las-razones-por-las-que-los-empresarios-no-quieren-a-amlo\/","og_locale":"es_ES","og_type":"article","og_title":"Las razones por las que los empresarios no quieren a AMLO","og_description":"Fuente: www.nacion321.com &nbsp; a relaci\u00f3n entre el candidato de\u00a0Juntos Haremos Historia (Morena, PT, PES),\u00a0Andr\u00e9s Manuel L\u00f3pez Obrador y los empresarios mexicanos ha tenido sus altibajos a lo largo de las tres campa\u00f1as presidenciales que&#46;&#46;&#46;","og_url":"https:\/\/noti-america.com\/site\/mexico\/2019\/02\/27\/las-razones-por-las-que-los-empresarios-no-quieren-a-amlo\/","og_site_name":"M\u00e9xico","article_published_time":"2019-02-27T15:04:15+00:00","og_image":[{"width":2048,"height":1200,"url":"https:\/\/noti-america.com\/site\/mexico\/wp-content\/uploads\/sites\/13\/2019\/02\/1-71.jpg","type":"image\/jpeg"}],"author":"Redacci\u00f3n NA-NY","twitter_card":"summary_large_image","twitter_misc":{"Escrito por":"Redacci\u00f3n NA-NY","Tiempo estimado de lectura":"3 minutos"},"schema":{"@context":"https:\/\/schema.org","@graph":[{"@type":"Article","@id":"https:\/\/noti-america.com\/site\/mexico\/2019\/02\/27\/las-razones-por-las-que-los-empresarios-no-quieren-a-amlo\/#article","isPartOf":{"@id":"https:\/\/noti-america.com\/site\/mexico\/2019\/02\/27\/las-razones-por-las-que-los-empresarios-no-quieren-a-amlo\/"},"author":{"name":"Redacci\u00f3n NA-NY","@id":"https:\/\/noti-america.com\/site\/mexico\/#\/schema\/person\/db5a6527aaddfc34b3753d557a1292f0"},"headline":"Las razones por las que los empresarios no quieren a AMLO","datePublished":"2019-02-27T15:04:15+00:00","mainEntityOfPage":{"@id":"https:\/\/noti-america.com\/site\/mexico\/2019\/02\/27\/las-razones-por-las-que-los-empresarios-no-quieren-a-amlo\/"},"wordCount":610,"commentCount":0,"publisher":{"@id":"https:\/\/noti-america.com\/site\/mexico\/#organization"},"image":{"@id":"https:\/\/noti-america.com\/site\/mexico\/2019\/02\/27\/las-razones-por-las-que-los-empresarios-no-quieren-a-amlo\/#primaryimage"},"thumbnailUrl":"https:\/\/noti-america.com\/site\/mexico\/wp-content\/uploads\/sites\/13\/2019\/02\/1-71.jpg","keywords":["Las razones por las que los empresarios no quieren a AMLO"],"articleSection":["Noticias"],"inLanguage":"es","potentialAction":[{"@type":"CommentAction","name":"Comment","target":["https:\/\/noti-america.com\/site\/mexico\/2019\/02\/27\/las-razones-por-las-que-los-empresarios-no-quieren-a-amlo\/#respond"]}]},{"@type":"WebPage","@id":"https:\/\/noti-america.com\/site\/mexico\/2019\/02\/27\/las-razones-por-las-que-los-empresarios-no-quieren-a-amlo\/","url":"https:\/\/noti-america.com\/site\/mexico\/2019\/02\/27\/las-razones-por-las-que-los-empresarios-no-quieren-a-amlo\/","name":"Las razones por las que los empresarios no quieren a AMLO - M\u00e9xico","isPartOf":{"@id":"https:\/\/noti-america.com\/site\/mexico\/#website"},"primaryImageOfPage":{"@id":"https:\/\/noti-america.com\/site\/mexico\/2019\/02\/27\/las-razones-por-las-que-los-empresarios-no-quieren-a-amlo\/#primaryimage"},"image":{"@id":"https:\/\/noti-america.com\/site\/mexico\/2019\/02\/27\/las-razones-por-las-que-los-empresarios-no-quieren-a-amlo\/#primaryimage"},"thumbnailUrl":"https:\/\/noti-america.com\/site\/mexico\/wp-content\/uploads\/sites\/13\/2019\/02\/1-71.jpg","datePublished":"2019-02-27T15:04:15+00:00","breadcrumb":{"@id":"https:\/\/noti-america.com\/site\/mexico\/2019\/02\/27\/las-razones-por-las-que-los-empresarios-no-quieren-a-amlo\/#breadcrumb"},"inLanguage":"es","potentialAction":[{"@type":"ReadAction","target":["https:\/\/noti-america.com\/site\/mexico\/2019\/02\/27\/las-razones-por-las-que-los-empresarios-no-quieren-a-amlo\/"]}]},{"@type":"ImageObject","inLanguage":"es","@id":"https:\/\/noti-america.com\/site\/mexico\/2019\/02\/27\/las-razones-por-las-que-los-empresarios-no-quieren-a-amlo\/#primaryimage","url":"https:\/\/noti-america.com\/site\/mexico\/wp-content\/uploads\/sites\/13\/2019\/02\/1-71.jpg","contentUrl":"https:\/\/noti-america.com\/site\/mexico\/wp-content\/uploads\/sites\/13\/2019\/02\/1-71.jpg","width":2048,"height":1200},{"@type":"BreadcrumbList","@id":"https:\/\/noti-america.com\/site\/mexico\/2019\/02\/27\/las-razones-por-las-que-los-empresarios-no-quieren-a-amlo\/#breadcrumb","itemListElement":[{"@type":"ListItem","position":1,"name":"Portada","item":"https:\/\/noti-america.com\/site\/mexico\/"},{"@type":"ListItem","position":2,"name":"Las razones por las que los empresarios no quieren a AMLO"}]},{"@type":"WebSite","@id":"https:\/\/noti-america.com\/site\/mexico\/#website","url":"https:\/\/noti-america.com\/site\/mexico\/","name":"M\u00e9xico | Noti-America.com","description":"","publisher":{"@id":"https:\/\/noti-america.com\/site\/mexico\/#organization"},"potentialAction":[{"@type":"SearchAction","target":{"@type":"EntryPoint","urlTemplate":"https:\/\/noti-america.com\/site\/mexico\/?s={search_term_string}"},"query-input":{"@type":"PropertyValueSpecification","valueRequired":true,"valueName":"search_term_string"}}],"inLanguage":"es"},{"@type":"Organization","@id":"https:\/\/noti-america.com\/site\/mexico\/#organization","name":"Noti-America LLC | M\u00e9xico","url":"https:\/\/noti-america.com\/site\/mexico\/","logo":{"@type":"ImageObject","inLanguage":"es","@id":"https:\/\/noti-america.com\/site\/mexico\/#\/schema\/logo\/image\/","url":"https:\/\/noti-america.com\/site\/mexico\/wp-content\/uploads\/sites\/13\/2020\/07\/LogoNA-4x3-1.jpg","contentUrl":"https:\/\/noti-america.com\/site\/mexico\/wp-content\/uploads\/sites\/13\/2020\/07\/LogoNA-4x3-1.jpg","width":1236,"height":1080,"caption":"Noti-America LLC | M\u00e9xico"},"image":{"@id":"https:\/\/noti-america.com\/site\/mexico\/#\/schema\/logo\/image\/"}},{"@type":"Person","@id":"https:\/\/noti-america.com\/site\/mexico\/#\/schema\/person\/db5a6527aaddfc34b3753d557a1292f0","name":"Redacci\u00f3n NA-NY","image":{"@type":"ImageObject","inLanguage":"es","@id":"https:\/\/secure.gravatar.com\/avatar\/2bd75bb500a8deb1390f777293a9af32d934c46613d2fbac7cceb2aaa2679ae8?s=96&d=mm&r=g","url":"https:\/\/secure.gravatar.com\/avatar\/2bd75bb500a8deb1390f777293a9af32d934c46613d2fbac7cceb2aaa2679ae8?s=96&d=mm&r=g","contentUrl":"https:\/\/secure.gravatar.com\/avatar\/2bd75bb500a8deb1390f777293a9af32d934c46613d2fbac7cceb2aaa2679ae8?s=96&d=mm&r=g","caption":"Redacci\u00f3n NA-NY"},"url":"https:\/\/noti-america.com\/site\/mexico\/author\/redaccionny\/"}]}},"_links":{"self":[{"href":"https:\/\/noti-america.com\/site\/mexico\/wp-json\/wp\/v2\/posts\/3497","targetHints":{"allow":["GET"]}}],"collection":[{"href":"https:\/\/noti-america.com\/site\/mexico\/wp-json\/wp\/v2\/posts"}],"about":[{"href":"https:\/\/noti-america.com\/site\/mexico\/wp-json\/wp\/v2\/types\/post"}],"author":[{"embeddable":true,"href":"https:\/\/noti-america.com\/site\/mexico\/wp-json\/wp\/v2\/users\/28"}],"replies":[{"embeddable":true,"href":"https:\/\/noti-america.com\/site\/mexico\/wp-json\/wp\/v2\/comments?post=3497"}],"version-history":[{"count":1,"href":"https:\/\/noti-america.com\/site\/mexico\/wp-json\/wp\/v2\/posts\/3497\/revisions"}],"predecessor-version":[{"id":3499,"href":"https:\/\/noti-america.com\/site\/mexico\/wp-json\/wp\/v2\/posts\/3497\/revisions\/3499"}],"wp:featuredmedia":[{"embeddable":true,"href":"https:\/\/noti-america.com\/site\/mexico\/wp-json\/wp\/v2\/media\/3498"}],"wp:attachment":[{"href":"https:\/\/noti-america.com\/site\/mexico\/wp-json\/wp\/v2\/media?parent=3497"}],"wp:term":[{"taxonomy":"category","embeddable":true,"href":"https:\/\/noti-america.com\/site\/mexico\/wp-json\/wp\/v2\/categories?post=3497"},{"taxonomy":"post_tag","embeddable":true,"href":"https:\/\/noti-america.com\/site\/mexico\/wp-json\/wp\/v2\/tags?post=3497"}],"curies":[{"name":"wp","href":"https:\/\/api.w.org\/{rel}","templated":true}]}}