{"id":3458,"date":"2019-02-26T05:12:56","date_gmt":"2019-02-26T05:12:56","guid":{"rendered":"http:\/\/noti-america.com\/site\/mexico\/?p=3458"},"modified":"2019-02-26T05:12:56","modified_gmt":"2019-02-26T05:12:56","slug":"pasa-40-anos-en-la-carcel-por-error-ahora-se-volvera-millonario","status":"publish","type":"post","link":"https:\/\/noti-america.com\/site\/mexico\/2019\/02\/26\/pasa-40-anos-en-la-carcel-por-error-ahora-se-volvera-millonario\/","title":{"rendered":"Pasa 40 a\u00f1os en la c\u00e1rcel por error; ahora se volver\u00e1 millonario"},"content":{"rendered":"<h3><img loading=\"lazy\" decoding=\"async\" class=\"alignnone  wp-image-3459 aligncenter\" src=\"http:\/\/noti-america.com\/site\/mexico\/wp-content\/uploads\/sites\/13\/2019\/02\/1-64-300x225.jpg\" alt=\"\" width=\"441\" height=\"331\" srcset=\"https:\/\/noti-america.com\/site\/mexico\/wp-content\/uploads\/sites\/13\/2019\/02\/1-64-300x225.jpg 300w, https:\/\/noti-america.com\/site\/mexico\/wp-content\/uploads\/sites\/13\/2019\/02\/1-64.jpg 664w\" sizes=\"auto, (max-width: 441px) 100vw, 441px\" \/><\/h3>\n<h3><\/h3>\n<h3><\/h3>\n<h3>Fuente:\u00a0 https:\/\/www.excelsior.com.mx\/<\/h3>\n<p>&nbsp;<\/p>\n<p class=\"letter-capitular\"><strong>Despu\u00e9s de la tormenta llega la calma<\/strong>, dice una frase, sin embargo, a veces la calma tarda en llegar varios a\u00f1os.<\/p>\n<p>Esto lo sabe bien Craig Coley, un hombre que fue acusado por error de un<strong>\u00a0doble asesinato<\/strong>\u00a0en 1978 y al que ahora le pagar\u00e1n\u00a0<strong>21 millones de d\u00f3lares.<\/strong><\/p>\n<p>De acuerdo con informaci\u00f3n del medio\u00a0Ventura Country Star, las autoridades de la ciudad de Simi Valley, California (Estados Unidos), alcanzaron un acuerdo con la v\u00edctima para compensar -de alguna manera- los 40 a\u00f1os que pas\u00f3 tras rejas.<\/p>\n<p>Desde los fondos de la ciudad se destinar\u00e1n 4,9 millones de d\u00f3lares, mientras el resto de la suma acordada ser\u00e1 pagado por aseguradoras y otras fuentes.<\/p>\n<p>A falta del acuerdo, Simi Valley podr\u00eda verse involucrada en un largo proceso judicial en el que podr\u00eda perder hasta 80 millones de d\u00f3lares.<\/p>\n<p>La exnovia de Coley,\u00a0<strong>Rhonda Wicht<\/strong>, de 24 a\u00f1os, y el hijo de ella<strong>\u00a0Donald Wicht<\/strong>, de 4 a\u00f1os, fueron encontrados sin vida en las camas de su casa en Simi Valley el 11 de noviembre de 1978.\u00a0<strong>La mujer fue estrangulada, mientras que el ni\u00f1o fue asfixiado.<\/strong><\/p>\n<p>Coley, quien se hab\u00eda separado de Rhonda poco antes del asesinato, se convirti\u00f3 en el principal sospechoso y\u00a0<strong>fue arrestado el mismo d\u00eda.<\/strong>\u00a0En 1980 lo sentenciaron a cadena perpetua sin posibilidad de libertad condicional.<\/p>\n<p>A\u00f1os m\u00e1s tarde y tras la insistencia de los familiares, los investigadores abrieron el caso y usando t\u00e9cnicas avanzadas, no disponibles en aquel entonces, descubrieron que ni en\u00a0la escena del crimen ni en los cuerpos, estaba el\u00a0ADN de Coley, aunque s\u00ed detectaron material biol\u00f3gico de otras personas.\u00a0<strong>El hombre\u00a0fue liberado\u00a0en noviembre de 2017.<\/strong><\/p>\n<p>El gerente de Simi Valley,\u00a0<strong>Eric Levitt<\/strong>, ha se\u00f1alado este domingo que dado que la ciudad no puede compensarle a Coley las d\u00e9cadas que pas\u00f3 entre las rejas, por lo que\u00a0el acuerdo era \u00ablo correcto\u00bb.<\/p>\n","protected":false},"excerpt":{"rendered":"<p>Fuente:\u00a0 https:\/\/www.excelsior.com.mx\/ &nbsp; Despu\u00e9s de la tormenta llega la calma, dice una frase, sin embargo, a veces la calma tarda en llegar varios a\u00f1os. Esto lo sabe bien Craig Coley, un hombre que fue&#46;&#46;&#46;<\/p>\n","protected":false},"author":28,"featured_media":3459,"comment_status":"open","ping_status":"open","sticky":false,"template":"","format":"standard","meta":{"_acf_changed":false,"om_disable_all_campaigns":false,"rop_custom_images_group":[],"rop_custom_messages_group":[],"rop_publish_now":"initial","rop_publish_now_accounts":{"twitter_242054905_242054905":""},"rop_publish_now_history":[],"rop_publish_now_status":"pending","_uf_show_specific_survey":0,"_uf_disable_surveys":false,"footnotes":""},"categories":[337],"tags":[437],"class_list":["post-3458","post","type-post","status-publish","format-standard","has-post-thumbnail","hentry","category-noticias","tag-pasa-40-anos-en-la-carcel-por-error-ahora-se-volvera-millonario"],"acf":[],"aioseo_notices":[],"yoast_head":"<!-- This site is optimized with the Yoast SEO Premium plugin v24.9 (Yoast SEO v27.2) - https:\/\/yoast.com\/product\/yoast-seo-premium-wordpress\/ -->\n<title>Pasa 40 a\u00f1os en la c\u00e1rcel por error; ahora se volver\u00e1 millonario - M\u00e9xico<\/title>\n<meta name=\"robots\" content=\"index, follow, max-snippet:-1, max-image-preview:large, max-video-preview:-1\" \/>\n<link rel=\"canonical\" href=\"https:\/\/noti-america.com\/site\/mexico\/2019\/02\/26\/pasa-40-anos-en-la-carcel-por-error-ahora-se-volvera-millonario\/\" \/>\n<meta property=\"og:locale\" content=\"es_ES\" \/>\n<meta property=\"og:type\" content=\"article\" \/>\n<meta property=\"og:title\" content=\"Pasa 40 a\u00f1os en la c\u00e1rcel por error; ahora se volver\u00e1 millonario\" \/>\n<meta property=\"og:description\" content=\"Fuente:\u00a0 https:\/\/www.excelsior.com.mx\/ &nbsp; Despu\u00e9s de la tormenta llega la calma, dice una frase, sin embargo, a veces la calma tarda en llegar varios a\u00f1os. Esto lo sabe bien Craig Coley, un hombre que fue&#046;&#046;&#046;\" \/>\n<meta property=\"og:url\" content=\"https:\/\/noti-america.com\/site\/mexico\/2019\/02\/26\/pasa-40-anos-en-la-carcel-por-error-ahora-se-volvera-millonario\/\" \/>\n<meta property=\"og:site_name\" content=\"M\u00e9xico\" \/>\n<meta property=\"article:published_time\" content=\"2019-02-26T05:12:56+00:00\" \/>\n<meta property=\"og:image\" content=\"https:\/\/noti-america.com\/site\/mexico\/wp-content\/uploads\/sites\/13\/2019\/02\/1-64.jpg\" \/>\n\t<meta property=\"og:image:width\" content=\"664\" \/>\n\t<meta property=\"og:image:height\" content=\"498\" \/>\n\t<meta property=\"og:image:type\" content=\"image\/jpeg\" \/>\n<meta name=\"author\" content=\"Redacci\u00f3n NA-NY\" \/>\n<meta name=\"twitter:card\" content=\"summary_large_image\" \/>\n<meta name=\"twitter:label1\" content=\"Escrito por\" \/>\n\t<meta name=\"twitter:data1\" content=\"Redacci\u00f3n NA-NY\" \/>\n\t<meta name=\"twitter:label2\" content=\"Tiempo estimado de lectura\" \/>\n\t<meta name=\"twitter:data2\" content=\"2 minutos\" \/>\n<script type=\"application\/ld+json\" class=\"yoast-schema-graph\">{\"@context\":\"https:\/\/schema.org\",\"@graph\":[{\"@type\":\"Article\",\"@id\":\"https:\/\/noti-america.com\/site\/mexico\/2019\/02\/26\/pasa-40-anos-en-la-carcel-por-error-ahora-se-volvera-millonario\/#article\",\"isPartOf\":{\"@id\":\"https:\/\/noti-america.com\/site\/mexico\/2019\/02\/26\/pasa-40-anos-en-la-carcel-por-error-ahora-se-volvera-millonario\/\"},\"author\":{\"name\":\"Redacci\u00f3n NA-NY\",\"@id\":\"https:\/\/noti-america.com\/site\/mexico\/#\/schema\/person\/db5a6527aaddfc34b3753d557a1292f0\"},\"headline\":\"Pasa 40 a\u00f1os en la c\u00e1rcel por error; ahora se volver\u00e1 millonario\",\"datePublished\":\"2019-02-26T05:12:56+00:00\",\"mainEntityOfPage\":{\"@id\":\"https:\/\/noti-america.com\/site\/mexico\/2019\/02\/26\/pasa-40-anos-en-la-carcel-por-error-ahora-se-volvera-millonario\/\"},\"wordCount\":346,\"commentCount\":0,\"publisher\":{\"@id\":\"https:\/\/noti-america.com\/site\/mexico\/#organization\"},\"image\":{\"@id\":\"https:\/\/noti-america.com\/site\/mexico\/2019\/02\/26\/pasa-40-anos-en-la-carcel-por-error-ahora-se-volvera-millonario\/#primaryimage\"},\"thumbnailUrl\":\"https:\/\/noti-america.com\/site\/mexico\/wp-content\/uploads\/sites\/13\/2019\/02\/1-64.jpg\",\"keywords\":[\"Pasa 40 a\u00f1os en la c\u00e1rcel por error; ahora se volver\u00e1 millonario\"],\"articleSection\":[\"Noticias\"],\"inLanguage\":\"es\",\"potentialAction\":[{\"@type\":\"CommentAction\",\"name\":\"Comment\",\"target\":[\"https:\/\/noti-america.com\/site\/mexico\/2019\/02\/26\/pasa-40-anos-en-la-carcel-por-error-ahora-se-volvera-millonario\/#respond\"]}]},{\"@type\":\"WebPage\",\"@id\":\"https:\/\/noti-america.com\/site\/mexico\/2019\/02\/26\/pasa-40-anos-en-la-carcel-por-error-ahora-se-volvera-millonario\/\",\"url\":\"https:\/\/noti-america.com\/site\/mexico\/2019\/02\/26\/pasa-40-anos-en-la-carcel-por-error-ahora-se-volvera-millonario\/\",\"name\":\"Pasa 40 a\u00f1os en la c\u00e1rcel por error; ahora se volver\u00e1 millonario - M\u00e9xico\",\"isPartOf\":{\"@id\":\"https:\/\/noti-america.com\/site\/mexico\/#website\"},\"primaryImageOfPage\":{\"@id\":\"https:\/\/noti-america.com\/site\/mexico\/2019\/02\/26\/pasa-40-anos-en-la-carcel-por-error-ahora-se-volvera-millonario\/#primaryimage\"},\"image\":{\"@id\":\"https:\/\/noti-america.com\/site\/mexico\/2019\/02\/26\/pasa-40-anos-en-la-carcel-por-error-ahora-se-volvera-millonario\/#primaryimage\"},\"thumbnailUrl\":\"https:\/\/noti-america.com\/site\/mexico\/wp-content\/uploads\/sites\/13\/2019\/02\/1-64.jpg\",\"datePublished\":\"2019-02-26T05:12:56+00:00\",\"breadcrumb\":{\"@id\":\"https:\/\/noti-america.com\/site\/mexico\/2019\/02\/26\/pasa-40-anos-en-la-carcel-por-error-ahora-se-volvera-millonario\/#breadcrumb\"},\"inLanguage\":\"es\",\"potentialAction\":[{\"@type\":\"ReadAction\",\"target\":[\"https:\/\/noti-america.com\/site\/mexico\/2019\/02\/26\/pasa-40-anos-en-la-carcel-por-error-ahora-se-volvera-millonario\/\"]}]},{\"@type\":\"ImageObject\",\"inLanguage\":\"es\",\"@id\":\"https:\/\/noti-america.com\/site\/mexico\/2019\/02\/26\/pasa-40-anos-en-la-carcel-por-error-ahora-se-volvera-millonario\/#primaryimage\",\"url\":\"https:\/\/noti-america.com\/site\/mexico\/wp-content\/uploads\/sites\/13\/2019\/02\/1-64.jpg\",\"contentUrl\":\"https:\/\/noti-america.com\/site\/mexico\/wp-content\/uploads\/sites\/13\/2019\/02\/1-64.jpg\",\"width\":664,\"height\":498},{\"@type\":\"BreadcrumbList\",\"@id\":\"https:\/\/noti-america.com\/site\/mexico\/2019\/02\/26\/pasa-40-anos-en-la-carcel-por-error-ahora-se-volvera-millonario\/#breadcrumb\",\"itemListElement\":[{\"@type\":\"ListItem\",\"position\":1,\"name\":\"Portada\",\"item\":\"https:\/\/noti-america.com\/site\/mexico\/\"},{\"@type\":\"ListItem\",\"position\":2,\"name\":\"Pasa 40 a\u00f1os en la c\u00e1rcel por error; ahora se volver\u00e1 millonario\"}]},{\"@type\":\"WebSite\",\"@id\":\"https:\/\/noti-america.com\/site\/mexico\/#website\",\"url\":\"https:\/\/noti-america.com\/site\/mexico\/\",\"name\":\"M\u00e9xico | Noti-America.com\",\"description\":\"\",\"publisher\":{\"@id\":\"https:\/\/noti-america.com\/site\/mexico\/#organization\"},\"potentialAction\":[{\"@type\":\"SearchAction\",\"target\":{\"@type\":\"EntryPoint\",\"urlTemplate\":\"https:\/\/noti-america.com\/site\/mexico\/?s={search_term_string}\"},\"query-input\":{\"@type\":\"PropertyValueSpecification\",\"valueRequired\":true,\"valueName\":\"search_term_string\"}}],\"inLanguage\":\"es\"},{\"@type\":\"Organization\",\"@id\":\"https:\/\/noti-america.com\/site\/mexico\/#organization\",\"name\":\"Noti-America LLC | M\u00e9xico\",\"url\":\"https:\/\/noti-america.com\/site\/mexico\/\",\"logo\":{\"@type\":\"ImageObject\",\"inLanguage\":\"es\",\"@id\":\"https:\/\/noti-america.com\/site\/mexico\/#\/schema\/logo\/image\/\",\"url\":\"https:\/\/noti-america.com\/site\/mexico\/wp-content\/uploads\/sites\/13\/2020\/07\/LogoNA-4x3-1.jpg\",\"contentUrl\":\"https:\/\/noti-america.com\/site\/mexico\/wp-content\/uploads\/sites\/13\/2020\/07\/LogoNA-4x3-1.jpg\",\"width\":1236,\"height\":1080,\"caption\":\"Noti-America LLC | M\u00e9xico\"},\"image\":{\"@id\":\"https:\/\/noti-america.com\/site\/mexico\/#\/schema\/logo\/image\/\"}},{\"@type\":\"Person\",\"@id\":\"https:\/\/noti-america.com\/site\/mexico\/#\/schema\/person\/db5a6527aaddfc34b3753d557a1292f0\",\"name\":\"Redacci\u00f3n NA-NY\",\"image\":{\"@type\":\"ImageObject\",\"inLanguage\":\"es\",\"@id\":\"https:\/\/secure.gravatar.com\/avatar\/2bd75bb500a8deb1390f777293a9af32d934c46613d2fbac7cceb2aaa2679ae8?s=96&d=mm&r=g\",\"url\":\"https:\/\/secure.gravatar.com\/avatar\/2bd75bb500a8deb1390f777293a9af32d934c46613d2fbac7cceb2aaa2679ae8?s=96&d=mm&r=g\",\"contentUrl\":\"https:\/\/secure.gravatar.com\/avatar\/2bd75bb500a8deb1390f777293a9af32d934c46613d2fbac7cceb2aaa2679ae8?s=96&d=mm&r=g\",\"caption\":\"Redacci\u00f3n NA-NY\"},\"url\":\"https:\/\/noti-america.com\/site\/mexico\/author\/redaccionny\/\"}]}<\/script>\n<!-- \/ Yoast SEO Premium plugin. -->","yoast_head_json":{"title":"Pasa 40 a\u00f1os en la c\u00e1rcel por error; ahora se volver\u00e1 millonario - M\u00e9xico","robots":{"index":"index","follow":"follow","max-snippet":"max-snippet:-1","max-image-preview":"max-image-preview:large","max-video-preview":"max-video-preview:-1"},"canonical":"https:\/\/noti-america.com\/site\/mexico\/2019\/02\/26\/pasa-40-anos-en-la-carcel-por-error-ahora-se-volvera-millonario\/","og_locale":"es_ES","og_type":"article","og_title":"Pasa 40 a\u00f1os en la c\u00e1rcel por error; ahora se volver\u00e1 millonario","og_description":"Fuente:\u00a0 https:\/\/www.excelsior.com.mx\/ &nbsp; Despu\u00e9s de la tormenta llega la calma, dice una frase, sin embargo, a veces la calma tarda en llegar varios a\u00f1os. Esto lo sabe bien Craig Coley, un hombre que fue&#46;&#46;&#46;","og_url":"https:\/\/noti-america.com\/site\/mexico\/2019\/02\/26\/pasa-40-anos-en-la-carcel-por-error-ahora-se-volvera-millonario\/","og_site_name":"M\u00e9xico","article_published_time":"2019-02-26T05:12:56+00:00","og_image":[{"width":664,"height":498,"url":"https:\/\/noti-america.com\/site\/mexico\/wp-content\/uploads\/sites\/13\/2019\/02\/1-64.jpg","type":"image\/jpeg"}],"author":"Redacci\u00f3n NA-NY","twitter_card":"summary_large_image","twitter_misc":{"Escrito por":"Redacci\u00f3n NA-NY","Tiempo estimado de lectura":"2 minutos"},"schema":{"@context":"https:\/\/schema.org","@graph":[{"@type":"Article","@id":"https:\/\/noti-america.com\/site\/mexico\/2019\/02\/26\/pasa-40-anos-en-la-carcel-por-error-ahora-se-volvera-millonario\/#article","isPartOf":{"@id":"https:\/\/noti-america.com\/site\/mexico\/2019\/02\/26\/pasa-40-anos-en-la-carcel-por-error-ahora-se-volvera-millonario\/"},"author":{"name":"Redacci\u00f3n NA-NY","@id":"https:\/\/noti-america.com\/site\/mexico\/#\/schema\/person\/db5a6527aaddfc34b3753d557a1292f0"},"headline":"Pasa 40 a\u00f1os en la c\u00e1rcel por error; ahora se volver\u00e1 millonario","datePublished":"2019-02-26T05:12:56+00:00","mainEntityOfPage":{"@id":"https:\/\/noti-america.com\/site\/mexico\/2019\/02\/26\/pasa-40-anos-en-la-carcel-por-error-ahora-se-volvera-millonario\/"},"wordCount":346,"commentCount":0,"publisher":{"@id":"https:\/\/noti-america.com\/site\/mexico\/#organization"},"image":{"@id":"https:\/\/noti-america.com\/site\/mexico\/2019\/02\/26\/pasa-40-anos-en-la-carcel-por-error-ahora-se-volvera-millonario\/#primaryimage"},"thumbnailUrl":"https:\/\/noti-america.com\/site\/mexico\/wp-content\/uploads\/sites\/13\/2019\/02\/1-64.jpg","keywords":["Pasa 40 a\u00f1os en la c\u00e1rcel por error; ahora se volver\u00e1 millonario"],"articleSection":["Noticias"],"inLanguage":"es","potentialAction":[{"@type":"CommentAction","name":"Comment","target":["https:\/\/noti-america.com\/site\/mexico\/2019\/02\/26\/pasa-40-anos-en-la-carcel-por-error-ahora-se-volvera-millonario\/#respond"]}]},{"@type":"WebPage","@id":"https:\/\/noti-america.com\/site\/mexico\/2019\/02\/26\/pasa-40-anos-en-la-carcel-por-error-ahora-se-volvera-millonario\/","url":"https:\/\/noti-america.com\/site\/mexico\/2019\/02\/26\/pasa-40-anos-en-la-carcel-por-error-ahora-se-volvera-millonario\/","name":"Pasa 40 a\u00f1os en la c\u00e1rcel por error; ahora se volver\u00e1 millonario - M\u00e9xico","isPartOf":{"@id":"https:\/\/noti-america.com\/site\/mexico\/#website"},"primaryImageOfPage":{"@id":"https:\/\/noti-america.com\/site\/mexico\/2019\/02\/26\/pasa-40-anos-en-la-carcel-por-error-ahora-se-volvera-millonario\/#primaryimage"},"image":{"@id":"https:\/\/noti-america.com\/site\/mexico\/2019\/02\/26\/pasa-40-anos-en-la-carcel-por-error-ahora-se-volvera-millonario\/#primaryimage"},"thumbnailUrl":"https:\/\/noti-america.com\/site\/mexico\/wp-content\/uploads\/sites\/13\/2019\/02\/1-64.jpg","datePublished":"2019-02-26T05:12:56+00:00","breadcrumb":{"@id":"https:\/\/noti-america.com\/site\/mexico\/2019\/02\/26\/pasa-40-anos-en-la-carcel-por-error-ahora-se-volvera-millonario\/#breadcrumb"},"inLanguage":"es","potentialAction":[{"@type":"ReadAction","target":["https:\/\/noti-america.com\/site\/mexico\/2019\/02\/26\/pasa-40-anos-en-la-carcel-por-error-ahora-se-volvera-millonario\/"]}]},{"@type":"ImageObject","inLanguage":"es","@id":"https:\/\/noti-america.com\/site\/mexico\/2019\/02\/26\/pasa-40-anos-en-la-carcel-por-error-ahora-se-volvera-millonario\/#primaryimage","url":"https:\/\/noti-america.com\/site\/mexico\/wp-content\/uploads\/sites\/13\/2019\/02\/1-64.jpg","contentUrl":"https:\/\/noti-america.com\/site\/mexico\/wp-content\/uploads\/sites\/13\/2019\/02\/1-64.jpg","width":664,"height":498},{"@type":"BreadcrumbList","@id":"https:\/\/noti-america.com\/site\/mexico\/2019\/02\/26\/pasa-40-anos-en-la-carcel-por-error-ahora-se-volvera-millonario\/#breadcrumb","itemListElement":[{"@type":"ListItem","position":1,"name":"Portada","item":"https:\/\/noti-america.com\/site\/mexico\/"},{"@type":"ListItem","position":2,"name":"Pasa 40 a\u00f1os en la c\u00e1rcel por error; ahora se volver\u00e1 millonario"}]},{"@type":"WebSite","@id":"https:\/\/noti-america.com\/site\/mexico\/#website","url":"https:\/\/noti-america.com\/site\/mexico\/","name":"M\u00e9xico | Noti-America.com","description":"","publisher":{"@id":"https:\/\/noti-america.com\/site\/mexico\/#organization"},"potentialAction":[{"@type":"SearchAction","target":{"@type":"EntryPoint","urlTemplate":"https:\/\/noti-america.com\/site\/mexico\/?s={search_term_string}"},"query-input":{"@type":"PropertyValueSpecification","valueRequired":true,"valueName":"search_term_string"}}],"inLanguage":"es"},{"@type":"Organization","@id":"https:\/\/noti-america.com\/site\/mexico\/#organization","name":"Noti-America LLC | M\u00e9xico","url":"https:\/\/noti-america.com\/site\/mexico\/","logo":{"@type":"ImageObject","inLanguage":"es","@id":"https:\/\/noti-america.com\/site\/mexico\/#\/schema\/logo\/image\/","url":"https:\/\/noti-america.com\/site\/mexico\/wp-content\/uploads\/sites\/13\/2020\/07\/LogoNA-4x3-1.jpg","contentUrl":"https:\/\/noti-america.com\/site\/mexico\/wp-content\/uploads\/sites\/13\/2020\/07\/LogoNA-4x3-1.jpg","width":1236,"height":1080,"caption":"Noti-America LLC | M\u00e9xico"},"image":{"@id":"https:\/\/noti-america.com\/site\/mexico\/#\/schema\/logo\/image\/"}},{"@type":"Person","@id":"https:\/\/noti-america.com\/site\/mexico\/#\/schema\/person\/db5a6527aaddfc34b3753d557a1292f0","name":"Redacci\u00f3n NA-NY","image":{"@type":"ImageObject","inLanguage":"es","@id":"https:\/\/secure.gravatar.com\/avatar\/2bd75bb500a8deb1390f777293a9af32d934c46613d2fbac7cceb2aaa2679ae8?s=96&d=mm&r=g","url":"https:\/\/secure.gravatar.com\/avatar\/2bd75bb500a8deb1390f777293a9af32d934c46613d2fbac7cceb2aaa2679ae8?s=96&d=mm&r=g","contentUrl":"https:\/\/secure.gravatar.com\/avatar\/2bd75bb500a8deb1390f777293a9af32d934c46613d2fbac7cceb2aaa2679ae8?s=96&d=mm&r=g","caption":"Redacci\u00f3n NA-NY"},"url":"https:\/\/noti-america.com\/site\/mexico\/author\/redaccionny\/"}]}},"_links":{"self":[{"href":"https:\/\/noti-america.com\/site\/mexico\/wp-json\/wp\/v2\/posts\/3458","targetHints":{"allow":["GET"]}}],"collection":[{"href":"https:\/\/noti-america.com\/site\/mexico\/wp-json\/wp\/v2\/posts"}],"about":[{"href":"https:\/\/noti-america.com\/site\/mexico\/wp-json\/wp\/v2\/types\/post"}],"author":[{"embeddable":true,"href":"https:\/\/noti-america.com\/site\/mexico\/wp-json\/wp\/v2\/users\/28"}],"replies":[{"embeddable":true,"href":"https:\/\/noti-america.com\/site\/mexico\/wp-json\/wp\/v2\/comments?post=3458"}],"version-history":[{"count":1,"href":"https:\/\/noti-america.com\/site\/mexico\/wp-json\/wp\/v2\/posts\/3458\/revisions"}],"predecessor-version":[{"id":3460,"href":"https:\/\/noti-america.com\/site\/mexico\/wp-json\/wp\/v2\/posts\/3458\/revisions\/3460"}],"wp:featuredmedia":[{"embeddable":true,"href":"https:\/\/noti-america.com\/site\/mexico\/wp-json\/wp\/v2\/media\/3459"}],"wp:attachment":[{"href":"https:\/\/noti-america.com\/site\/mexico\/wp-json\/wp\/v2\/media?parent=3458"}],"wp:term":[{"taxonomy":"category","embeddable":true,"href":"https:\/\/noti-america.com\/site\/mexico\/wp-json\/wp\/v2\/categories?post=3458"},{"taxonomy":"post_tag","embeddable":true,"href":"https:\/\/noti-america.com\/site\/mexico\/wp-json\/wp\/v2\/tags?post=3458"}],"curies":[{"name":"wp","href":"https:\/\/api.w.org\/{rel}","templated":true}]}}