{"id":3450,"date":"2019-02-26T05:00:51","date_gmt":"2019-02-26T05:00:51","guid":{"rendered":"http:\/\/noti-america.com\/site\/mexico\/?p=3450"},"modified":"2019-02-26T05:00:51","modified_gmt":"2019-02-26T05:00:51","slug":"duenos-de-ferias-denuncian-extorsiones-en-coyoacan","status":"publish","type":"post","link":"https:\/\/noti-america.com\/site\/mexico\/2019\/02\/26\/duenos-de-ferias-denuncian-extorsiones-en-coyoacan\/","title":{"rendered":"Due\u00f1os de ferias denuncian extorsiones en Coyoac\u00e1n"},"content":{"rendered":"<p><img loading=\"lazy\" decoding=\"async\" class=\" wp-image-3452 aligncenter\" src=\"http:\/\/noti-america.com\/site\/mexico\/wp-content\/uploads\/sites\/13\/2019\/02\/1-62-300x150.jpg\" alt=\"\" width=\"654\" height=\"327\" srcset=\"https:\/\/noti-america.com\/site\/mexico\/wp-content\/uploads\/sites\/13\/2019\/02\/1-62-300x150.jpg 300w, https:\/\/noti-america.com\/site\/mexico\/wp-content\/uploads\/sites\/13\/2019\/02\/1-62.jpg 318w\" sizes=\"auto, (max-width: 654px) 100vw, 654px\" \/><\/p>\n<p>&nbsp;<\/p>\n<p>Fuente:\u00a0 https:\/\/www.unotv.com\/noticias\/portal\/<\/p>\n<p>&nbsp;<\/p>\n<p dir=\"ltr\"><strong>Eduardo Ram\u00edrez Vallejo<\/strong>, trabaja como\u00a0<strong>asesor del alcalde<\/strong>\u00a0en\u00a0<strong>Coyoac\u00e1n<\/strong>,\u00a0<strong>Manuel Negrete<\/strong>, y est\u00e1\u00a0<strong>acusado de extorsionar<\/strong>\u00a0con m\u00e1s de 500 mil pesos a los due\u00f1os de una feria a cambio de permitirles instalarse en la\u00a0<strong>Alameda Sur\u00a0<\/strong>de Ciudad de M\u00e9xico.<\/p>\n<p dir=\"ltr\">Algunos lo han denunciado ante la Contralor\u00eda General; como prueba se entreg\u00f3 un audio donde se escucha la supuesta voz de J<strong>orge Pineda<\/strong>, uno de los\u00a0<strong>operadores de Eduardo Ram\u00edrez<\/strong>.<\/p>\n<p dir=\"ltr\"><em><strong>\u00abNos vamos a ochenta, veinte, si quieren por d\u00eda y te pongo a mi gente. Ya viste que no les van a ver la cara de pe&#8230;, te pongo a uno en cada puesto. Ochenta, veinte, si quieren\u201d.<u>Jorge Pineda, operador de Eduardo Ram\u00edrez\u00a0<\/u><\/strong><\/em><\/p>\n<p dir=\"ltr\">Encargado de feria: \u00bfC\u00f3mo, ochenta, veinte?<\/p>\n<p dir=\"ltr\">Jorge Pineda: Ochenta yo y ustedes veinte por ciento<\/p>\n<p dir=\"ltr\">En el audio, presuntamente Jorge Pineda asegur\u00f3 que Eduardo Ram\u00edrez orden\u00f3 retirarlos si no pagaban la cuota diaria. El operador detall\u00f3 que en ese sitio se pueden cobrar las tarifas m\u00e1s altas de la ciudad.<\/p>\n<p dir=\"ltr\">Aun as\u00ed, los aludidos acusaron que la cuota era demasiada alta.<\/p>\n<p dir=\"ltr\">Jorge Pineda: Yo voy a sacar lo que me tienes que dar, g\u00fcey, si no, no.<\/p>\n<p dir=\"ltr\">Encargado de feria: Ni aun as\u00ed lo vas a sacar porque est\u00e1 tranquilo ahorita<\/p>\n<p dir=\"ltr\">Jorge Pineda: Empi\u00e9zate a trabajar la Alameda y ya despu\u00e9s vas a ir viendo para cu\u00e1ndo vas a ir ganando. Si tienen inter\u00e9s de quedarse aqu\u00ed en la Alameda, adelante si no a la &#8230; hay otros ferieros que van a entrarle.<\/p>\n<p dir=\"ltr\"><strong>Eduardo Ram\u00edrez<\/strong>\u00a0enfrenta otra denuncia por extorsi\u00f3n ante la Procuradur\u00eda General de Justicia Capitalina (PGJCDMX). En esta carpeta de investigaci\u00f3n\u00a0<strong>se le acusa de pedir un mill\u00f3n de pesos\u00a0<\/strong>para permitir la colocaci\u00f3n de una romer\u00eda sobre la calle\u00a0<strong>Malitzin<\/strong>\u00a0en los festejos del D\u00eda de Muertos del 2018.<\/p>\n<p dir=\"ltr\">Denuncia que se acumula a su r\u00e9cord penal, pues en\u00a0<strong>2013 enfrent\u00f3<\/strong>, encarcelado, un proceso por extorsi\u00f3n a un empresario gasolinero durante la administraci\u00f3n de\u00a0<strong>Mauricio Toledo como delegado<\/strong>.<\/p>\n","protected":false},"excerpt":{"rendered":"<p>&nbsp; Fuente:\u00a0 https:\/\/www.unotv.com\/noticias\/portal\/ &nbsp; Eduardo Ram\u00edrez Vallejo, trabaja como\u00a0asesor del alcalde\u00a0en\u00a0Coyoac\u00e1n,\u00a0Manuel Negrete, y est\u00e1\u00a0acusado de extorsionar\u00a0con m\u00e1s de 500 mil pesos a los due\u00f1os de una feria a cambio de permitirles instalarse en la\u00a0Alameda&#46;&#46;&#46;<\/p>\n","protected":false},"author":28,"featured_media":3453,"comment_status":"open","ping_status":"open","sticky":false,"template":"","format":"standard","meta":{"_acf_changed":false,"om_disable_all_campaigns":false,"rop_custom_images_group":[],"rop_custom_messages_group":[],"rop_publish_now":"initial","rop_publish_now_accounts":{"twitter_242054905_242054905":""},"rop_publish_now_history":[],"rop_publish_now_status":"pending","_uf_show_specific_survey":0,"_uf_disable_surveys":false,"footnotes":""},"categories":[337],"tags":[433],"class_list":["post-3450","post","type-post","status-publish","format-standard","has-post-thumbnail","hentry","category-noticias","tag-duenos-de-ferias-denuncian-extorsiones-en-coyoacan"],"acf":[],"aioseo_notices":[],"yoast_head":"<!-- This site is optimized with the Yoast SEO Premium plugin v24.9 (Yoast SEO v27.2) - https:\/\/yoast.com\/product\/yoast-seo-premium-wordpress\/ -->\n<title>Due\u00f1os de ferias denuncian extorsiones en Coyoac\u00e1n - M\u00e9xico<\/title>\n<meta name=\"robots\" content=\"index, follow, max-snippet:-1, max-image-preview:large, max-video-preview:-1\" \/>\n<link rel=\"canonical\" href=\"https:\/\/noti-america.com\/site\/mexico\/2019\/02\/26\/duenos-de-ferias-denuncian-extorsiones-en-coyoacan\/\" \/>\n<meta property=\"og:locale\" content=\"es_ES\" \/>\n<meta property=\"og:type\" content=\"article\" \/>\n<meta property=\"og:title\" content=\"Due\u00f1os de ferias denuncian extorsiones en Coyoac\u00e1n\" \/>\n<meta property=\"og:description\" content=\"&nbsp; Fuente:\u00a0 https:\/\/www.unotv.com\/noticias\/portal\/ &nbsp; Eduardo Ram\u00edrez Vallejo, trabaja como\u00a0asesor del alcalde\u00a0en\u00a0Coyoac\u00e1n,\u00a0Manuel Negrete, y est\u00e1\u00a0acusado de extorsionar\u00a0con m\u00e1s de 500 mil pesos a los due\u00f1os de una feria a cambio de permitirles instalarse en la\u00a0Alameda&#046;&#046;&#046;\" \/>\n<meta property=\"og:url\" content=\"https:\/\/noti-america.com\/site\/mexico\/2019\/02\/26\/duenos-de-ferias-denuncian-extorsiones-en-coyoacan\/\" \/>\n<meta property=\"og:site_name\" content=\"M\u00e9xico\" \/>\n<meta property=\"article:published_time\" content=\"2019-02-26T05:00:51+00:00\" \/>\n<meta property=\"og:image\" content=\"https:\/\/noti-america.com\/site\/mexico\/wp-content\/uploads\/sites\/13\/2019\/02\/200-3.jpg\" \/>\n\t<meta property=\"og:image:width\" content=\"200\" \/>\n\t<meta property=\"og:image:height\" content=\"200\" \/>\n\t<meta property=\"og:image:type\" content=\"image\/jpeg\" \/>\n<meta name=\"author\" content=\"Redacci\u00f3n NA-NY\" \/>\n<meta name=\"twitter:card\" content=\"summary_large_image\" \/>\n<meta name=\"twitter:label1\" content=\"Escrito por\" \/>\n\t<meta name=\"twitter:data1\" content=\"Redacci\u00f3n NA-NY\" \/>\n\t<meta name=\"twitter:label2\" content=\"Tiempo estimado de lectura\" \/>\n\t<meta name=\"twitter:data2\" content=\"2 minutos\" \/>\n<script type=\"application\/ld+json\" class=\"yoast-schema-graph\">{\"@context\":\"https:\/\/schema.org\",\"@graph\":[{\"@type\":\"Article\",\"@id\":\"https:\/\/noti-america.com\/site\/mexico\/2019\/02\/26\/duenos-de-ferias-denuncian-extorsiones-en-coyoacan\/#article\",\"isPartOf\":{\"@id\":\"https:\/\/noti-america.com\/site\/mexico\/2019\/02\/26\/duenos-de-ferias-denuncian-extorsiones-en-coyoacan\/\"},\"author\":{\"name\":\"Redacci\u00f3n NA-NY\",\"@id\":\"https:\/\/noti-america.com\/site\/mexico\/#\/schema\/person\/db5a6527aaddfc34b3753d557a1292f0\"},\"headline\":\"Due\u00f1os de ferias denuncian extorsiones en Coyoac\u00e1n\",\"datePublished\":\"2019-02-26T05:00:51+00:00\",\"mainEntityOfPage\":{\"@id\":\"https:\/\/noti-america.com\/site\/mexico\/2019\/02\/26\/duenos-de-ferias-denuncian-extorsiones-en-coyoacan\/\"},\"wordCount\":369,\"commentCount\":0,\"publisher\":{\"@id\":\"https:\/\/noti-america.com\/site\/mexico\/#organization\"},\"image\":{\"@id\":\"https:\/\/noti-america.com\/site\/mexico\/2019\/02\/26\/duenos-de-ferias-denuncian-extorsiones-en-coyoacan\/#primaryimage\"},\"thumbnailUrl\":\"https:\/\/noti-america.com\/site\/mexico\/wp-content\/uploads\/sites\/13\/2019\/02\/200-3.jpg\",\"keywords\":[\"Due\u00f1os de ferias denuncian extorsiones en Coyoac\u00e1n\"],\"articleSection\":[\"Noticias\"],\"inLanguage\":\"es\",\"potentialAction\":[{\"@type\":\"CommentAction\",\"name\":\"Comment\",\"target\":[\"https:\/\/noti-america.com\/site\/mexico\/2019\/02\/26\/duenos-de-ferias-denuncian-extorsiones-en-coyoacan\/#respond\"]}]},{\"@type\":\"WebPage\",\"@id\":\"https:\/\/noti-america.com\/site\/mexico\/2019\/02\/26\/duenos-de-ferias-denuncian-extorsiones-en-coyoacan\/\",\"url\":\"https:\/\/noti-america.com\/site\/mexico\/2019\/02\/26\/duenos-de-ferias-denuncian-extorsiones-en-coyoacan\/\",\"name\":\"Due\u00f1os de ferias denuncian extorsiones en Coyoac\u00e1n - M\u00e9xico\",\"isPartOf\":{\"@id\":\"https:\/\/noti-america.com\/site\/mexico\/#website\"},\"primaryImageOfPage\":{\"@id\":\"https:\/\/noti-america.com\/site\/mexico\/2019\/02\/26\/duenos-de-ferias-denuncian-extorsiones-en-coyoacan\/#primaryimage\"},\"image\":{\"@id\":\"https:\/\/noti-america.com\/site\/mexico\/2019\/02\/26\/duenos-de-ferias-denuncian-extorsiones-en-coyoacan\/#primaryimage\"},\"thumbnailUrl\":\"https:\/\/noti-america.com\/site\/mexico\/wp-content\/uploads\/sites\/13\/2019\/02\/200-3.jpg\",\"datePublished\":\"2019-02-26T05:00:51+00:00\",\"breadcrumb\":{\"@id\":\"https:\/\/noti-america.com\/site\/mexico\/2019\/02\/26\/duenos-de-ferias-denuncian-extorsiones-en-coyoacan\/#breadcrumb\"},\"inLanguage\":\"es\",\"potentialAction\":[{\"@type\":\"ReadAction\",\"target\":[\"https:\/\/noti-america.com\/site\/mexico\/2019\/02\/26\/duenos-de-ferias-denuncian-extorsiones-en-coyoacan\/\"]}]},{\"@type\":\"ImageObject\",\"inLanguage\":\"es\",\"@id\":\"https:\/\/noti-america.com\/site\/mexico\/2019\/02\/26\/duenos-de-ferias-denuncian-extorsiones-en-coyoacan\/#primaryimage\",\"url\":\"https:\/\/noti-america.com\/site\/mexico\/wp-content\/uploads\/sites\/13\/2019\/02\/200-3.jpg\",\"contentUrl\":\"https:\/\/noti-america.com\/site\/mexico\/wp-content\/uploads\/sites\/13\/2019\/02\/200-3.jpg\",\"width\":200,\"height\":200},{\"@type\":\"BreadcrumbList\",\"@id\":\"https:\/\/noti-america.com\/site\/mexico\/2019\/02\/26\/duenos-de-ferias-denuncian-extorsiones-en-coyoacan\/#breadcrumb\",\"itemListElement\":[{\"@type\":\"ListItem\",\"position\":1,\"name\":\"Portada\",\"item\":\"https:\/\/noti-america.com\/site\/mexico\/\"},{\"@type\":\"ListItem\",\"position\":2,\"name\":\"Due\u00f1os de ferias denuncian extorsiones en Coyoac\u00e1n\"}]},{\"@type\":\"WebSite\",\"@id\":\"https:\/\/noti-america.com\/site\/mexico\/#website\",\"url\":\"https:\/\/noti-america.com\/site\/mexico\/\",\"name\":\"M\u00e9xico | Noti-America.com\",\"description\":\"\",\"publisher\":{\"@id\":\"https:\/\/noti-america.com\/site\/mexico\/#organization\"},\"potentialAction\":[{\"@type\":\"SearchAction\",\"target\":{\"@type\":\"EntryPoint\",\"urlTemplate\":\"https:\/\/noti-america.com\/site\/mexico\/?s={search_term_string}\"},\"query-input\":{\"@type\":\"PropertyValueSpecification\",\"valueRequired\":true,\"valueName\":\"search_term_string\"}}],\"inLanguage\":\"es\"},{\"@type\":\"Organization\",\"@id\":\"https:\/\/noti-america.com\/site\/mexico\/#organization\",\"name\":\"Noti-America LLC | M\u00e9xico\",\"url\":\"https:\/\/noti-america.com\/site\/mexico\/\",\"logo\":{\"@type\":\"ImageObject\",\"inLanguage\":\"es\",\"@id\":\"https:\/\/noti-america.com\/site\/mexico\/#\/schema\/logo\/image\/\",\"url\":\"https:\/\/noti-america.com\/site\/mexico\/wp-content\/uploads\/sites\/13\/2020\/07\/LogoNA-4x3-1.jpg\",\"contentUrl\":\"https:\/\/noti-america.com\/site\/mexico\/wp-content\/uploads\/sites\/13\/2020\/07\/LogoNA-4x3-1.jpg\",\"width\":1236,\"height\":1080,\"caption\":\"Noti-America LLC | M\u00e9xico\"},\"image\":{\"@id\":\"https:\/\/noti-america.com\/site\/mexico\/#\/schema\/logo\/image\/\"}},{\"@type\":\"Person\",\"@id\":\"https:\/\/noti-america.com\/site\/mexico\/#\/schema\/person\/db5a6527aaddfc34b3753d557a1292f0\",\"name\":\"Redacci\u00f3n NA-NY\",\"image\":{\"@type\":\"ImageObject\",\"inLanguage\":\"es\",\"@id\":\"https:\/\/secure.gravatar.com\/avatar\/2bd75bb500a8deb1390f777293a9af32d934c46613d2fbac7cceb2aaa2679ae8?s=96&d=mm&r=g\",\"url\":\"https:\/\/secure.gravatar.com\/avatar\/2bd75bb500a8deb1390f777293a9af32d934c46613d2fbac7cceb2aaa2679ae8?s=96&d=mm&r=g\",\"contentUrl\":\"https:\/\/secure.gravatar.com\/avatar\/2bd75bb500a8deb1390f777293a9af32d934c46613d2fbac7cceb2aaa2679ae8?s=96&d=mm&r=g\",\"caption\":\"Redacci\u00f3n NA-NY\"},\"url\":\"https:\/\/noti-america.com\/site\/mexico\/author\/redaccionny\/\"}]}<\/script>\n<!-- \/ Yoast SEO Premium plugin. -->","yoast_head_json":{"title":"Due\u00f1os de ferias denuncian extorsiones en Coyoac\u00e1n - M\u00e9xico","robots":{"index":"index","follow":"follow","max-snippet":"max-snippet:-1","max-image-preview":"max-image-preview:large","max-video-preview":"max-video-preview:-1"},"canonical":"https:\/\/noti-america.com\/site\/mexico\/2019\/02\/26\/duenos-de-ferias-denuncian-extorsiones-en-coyoacan\/","og_locale":"es_ES","og_type":"article","og_title":"Due\u00f1os de ferias denuncian extorsiones en Coyoac\u00e1n","og_description":"&nbsp; Fuente:\u00a0 https:\/\/www.unotv.com\/noticias\/portal\/ &nbsp; Eduardo Ram\u00edrez Vallejo, trabaja como\u00a0asesor del alcalde\u00a0en\u00a0Coyoac\u00e1n,\u00a0Manuel Negrete, y est\u00e1\u00a0acusado de extorsionar\u00a0con m\u00e1s de 500 mil pesos a los due\u00f1os de una feria a cambio de permitirles instalarse en la\u00a0Alameda&#46;&#46;&#46;","og_url":"https:\/\/noti-america.com\/site\/mexico\/2019\/02\/26\/duenos-de-ferias-denuncian-extorsiones-en-coyoacan\/","og_site_name":"M\u00e9xico","article_published_time":"2019-02-26T05:00:51+00:00","og_image":[{"width":200,"height":200,"url":"https:\/\/noti-america.com\/site\/mexico\/wp-content\/uploads\/sites\/13\/2019\/02\/200-3.jpg","type":"image\/jpeg"}],"author":"Redacci\u00f3n NA-NY","twitter_card":"summary_large_image","twitter_misc":{"Escrito por":"Redacci\u00f3n NA-NY","Tiempo estimado de lectura":"2 minutos"},"schema":{"@context":"https:\/\/schema.org","@graph":[{"@type":"Article","@id":"https:\/\/noti-america.com\/site\/mexico\/2019\/02\/26\/duenos-de-ferias-denuncian-extorsiones-en-coyoacan\/#article","isPartOf":{"@id":"https:\/\/noti-america.com\/site\/mexico\/2019\/02\/26\/duenos-de-ferias-denuncian-extorsiones-en-coyoacan\/"},"author":{"name":"Redacci\u00f3n NA-NY","@id":"https:\/\/noti-america.com\/site\/mexico\/#\/schema\/person\/db5a6527aaddfc34b3753d557a1292f0"},"headline":"Due\u00f1os de ferias denuncian extorsiones en Coyoac\u00e1n","datePublished":"2019-02-26T05:00:51+00:00","mainEntityOfPage":{"@id":"https:\/\/noti-america.com\/site\/mexico\/2019\/02\/26\/duenos-de-ferias-denuncian-extorsiones-en-coyoacan\/"},"wordCount":369,"commentCount":0,"publisher":{"@id":"https:\/\/noti-america.com\/site\/mexico\/#organization"},"image":{"@id":"https:\/\/noti-america.com\/site\/mexico\/2019\/02\/26\/duenos-de-ferias-denuncian-extorsiones-en-coyoacan\/#primaryimage"},"thumbnailUrl":"https:\/\/noti-america.com\/site\/mexico\/wp-content\/uploads\/sites\/13\/2019\/02\/200-3.jpg","keywords":["Due\u00f1os de ferias denuncian extorsiones en Coyoac\u00e1n"],"articleSection":["Noticias"],"inLanguage":"es","potentialAction":[{"@type":"CommentAction","name":"Comment","target":["https:\/\/noti-america.com\/site\/mexico\/2019\/02\/26\/duenos-de-ferias-denuncian-extorsiones-en-coyoacan\/#respond"]}]},{"@type":"WebPage","@id":"https:\/\/noti-america.com\/site\/mexico\/2019\/02\/26\/duenos-de-ferias-denuncian-extorsiones-en-coyoacan\/","url":"https:\/\/noti-america.com\/site\/mexico\/2019\/02\/26\/duenos-de-ferias-denuncian-extorsiones-en-coyoacan\/","name":"Due\u00f1os de ferias denuncian extorsiones en Coyoac\u00e1n - M\u00e9xico","isPartOf":{"@id":"https:\/\/noti-america.com\/site\/mexico\/#website"},"primaryImageOfPage":{"@id":"https:\/\/noti-america.com\/site\/mexico\/2019\/02\/26\/duenos-de-ferias-denuncian-extorsiones-en-coyoacan\/#primaryimage"},"image":{"@id":"https:\/\/noti-america.com\/site\/mexico\/2019\/02\/26\/duenos-de-ferias-denuncian-extorsiones-en-coyoacan\/#primaryimage"},"thumbnailUrl":"https:\/\/noti-america.com\/site\/mexico\/wp-content\/uploads\/sites\/13\/2019\/02\/200-3.jpg","datePublished":"2019-02-26T05:00:51+00:00","breadcrumb":{"@id":"https:\/\/noti-america.com\/site\/mexico\/2019\/02\/26\/duenos-de-ferias-denuncian-extorsiones-en-coyoacan\/#breadcrumb"},"inLanguage":"es","potentialAction":[{"@type":"ReadAction","target":["https:\/\/noti-america.com\/site\/mexico\/2019\/02\/26\/duenos-de-ferias-denuncian-extorsiones-en-coyoacan\/"]}]},{"@type":"ImageObject","inLanguage":"es","@id":"https:\/\/noti-america.com\/site\/mexico\/2019\/02\/26\/duenos-de-ferias-denuncian-extorsiones-en-coyoacan\/#primaryimage","url":"https:\/\/noti-america.com\/site\/mexico\/wp-content\/uploads\/sites\/13\/2019\/02\/200-3.jpg","contentUrl":"https:\/\/noti-america.com\/site\/mexico\/wp-content\/uploads\/sites\/13\/2019\/02\/200-3.jpg","width":200,"height":200},{"@type":"BreadcrumbList","@id":"https:\/\/noti-america.com\/site\/mexico\/2019\/02\/26\/duenos-de-ferias-denuncian-extorsiones-en-coyoacan\/#breadcrumb","itemListElement":[{"@type":"ListItem","position":1,"name":"Portada","item":"https:\/\/noti-america.com\/site\/mexico\/"},{"@type":"ListItem","position":2,"name":"Due\u00f1os de ferias denuncian extorsiones en Coyoac\u00e1n"}]},{"@type":"WebSite","@id":"https:\/\/noti-america.com\/site\/mexico\/#website","url":"https:\/\/noti-america.com\/site\/mexico\/","name":"M\u00e9xico | Noti-America.com","description":"","publisher":{"@id":"https:\/\/noti-america.com\/site\/mexico\/#organization"},"potentialAction":[{"@type":"SearchAction","target":{"@type":"EntryPoint","urlTemplate":"https:\/\/noti-america.com\/site\/mexico\/?s={search_term_string}"},"query-input":{"@type":"PropertyValueSpecification","valueRequired":true,"valueName":"search_term_string"}}],"inLanguage":"es"},{"@type":"Organization","@id":"https:\/\/noti-america.com\/site\/mexico\/#organization","name":"Noti-America LLC | M\u00e9xico","url":"https:\/\/noti-america.com\/site\/mexico\/","logo":{"@type":"ImageObject","inLanguage":"es","@id":"https:\/\/noti-america.com\/site\/mexico\/#\/schema\/logo\/image\/","url":"https:\/\/noti-america.com\/site\/mexico\/wp-content\/uploads\/sites\/13\/2020\/07\/LogoNA-4x3-1.jpg","contentUrl":"https:\/\/noti-america.com\/site\/mexico\/wp-content\/uploads\/sites\/13\/2020\/07\/LogoNA-4x3-1.jpg","width":1236,"height":1080,"caption":"Noti-America LLC | M\u00e9xico"},"image":{"@id":"https:\/\/noti-america.com\/site\/mexico\/#\/schema\/logo\/image\/"}},{"@type":"Person","@id":"https:\/\/noti-america.com\/site\/mexico\/#\/schema\/person\/db5a6527aaddfc34b3753d557a1292f0","name":"Redacci\u00f3n NA-NY","image":{"@type":"ImageObject","inLanguage":"es","@id":"https:\/\/secure.gravatar.com\/avatar\/2bd75bb500a8deb1390f777293a9af32d934c46613d2fbac7cceb2aaa2679ae8?s=96&d=mm&r=g","url":"https:\/\/secure.gravatar.com\/avatar\/2bd75bb500a8deb1390f777293a9af32d934c46613d2fbac7cceb2aaa2679ae8?s=96&d=mm&r=g","contentUrl":"https:\/\/secure.gravatar.com\/avatar\/2bd75bb500a8deb1390f777293a9af32d934c46613d2fbac7cceb2aaa2679ae8?s=96&d=mm&r=g","caption":"Redacci\u00f3n NA-NY"},"url":"https:\/\/noti-america.com\/site\/mexico\/author\/redaccionny\/"}]}},"_links":{"self":[{"href":"https:\/\/noti-america.com\/site\/mexico\/wp-json\/wp\/v2\/posts\/3450","targetHints":{"allow":["GET"]}}],"collection":[{"href":"https:\/\/noti-america.com\/site\/mexico\/wp-json\/wp\/v2\/posts"}],"about":[{"href":"https:\/\/noti-america.com\/site\/mexico\/wp-json\/wp\/v2\/types\/post"}],"author":[{"embeddable":true,"href":"https:\/\/noti-america.com\/site\/mexico\/wp-json\/wp\/v2\/users\/28"}],"replies":[{"embeddable":true,"href":"https:\/\/noti-america.com\/site\/mexico\/wp-json\/wp\/v2\/comments?post=3450"}],"version-history":[{"count":1,"href":"https:\/\/noti-america.com\/site\/mexico\/wp-json\/wp\/v2\/posts\/3450\/revisions"}],"predecessor-version":[{"id":3454,"href":"https:\/\/noti-america.com\/site\/mexico\/wp-json\/wp\/v2\/posts\/3450\/revisions\/3454"}],"wp:featuredmedia":[{"embeddable":true,"href":"https:\/\/noti-america.com\/site\/mexico\/wp-json\/wp\/v2\/media\/3453"}],"wp:attachment":[{"href":"https:\/\/noti-america.com\/site\/mexico\/wp-json\/wp\/v2\/media?parent=3450"}],"wp:term":[{"taxonomy":"category","embeddable":true,"href":"https:\/\/noti-america.com\/site\/mexico\/wp-json\/wp\/v2\/categories?post=3450"},{"taxonomy":"post_tag","embeddable":true,"href":"https:\/\/noti-america.com\/site\/mexico\/wp-json\/wp\/v2\/tags?post=3450"}],"curies":[{"name":"wp","href":"https:\/\/api.w.org\/{rel}","templated":true}]}}