{"id":3407,"date":"2019-02-25T04:30:08","date_gmt":"2019-02-25T04:30:08","guid":{"rendered":"http:\/\/noti-america.com\/site\/mexico\/?p=3407"},"modified":"2019-02-25T04:30:22","modified_gmt":"2019-02-25T04:30:22","slug":"cuaron-gana-oscar-a-mejor-director-roma-suma-tres-premios","status":"publish","type":"post","link":"https:\/\/noti-america.com\/site\/mexico\/2019\/02\/25\/cuaron-gana-oscar-a-mejor-director-roma-suma-tres-premios\/","title":{"rendered":"Cuar\u00f3n gana Oscar a Mejor Director; Roma suma tres premios"},"content":{"rendered":"<h3><img loading=\"lazy\" decoding=\"async\" class=\"wp-image-3408 aligncenter\" src=\"http:\/\/noti-america.com\/site\/mexico\/wp-content\/uploads\/sites\/13\/2019\/02\/1-1-4-300x189.jpg\" alt=\"\" width=\"573\" height=\"361\" srcset=\"https:\/\/noti-america.com\/site\/mexico\/wp-content\/uploads\/sites\/13\/2019\/02\/1-1-4-300x189.jpg 300w, https:\/\/noti-america.com\/site\/mexico\/wp-content\/uploads\/sites\/13\/2019\/02\/1-1-4-768x484.jpg 768w, https:\/\/noti-america.com\/site\/mexico\/wp-content\/uploads\/sites\/13\/2019\/02\/1-1-4.jpg 770w\" sizes=\"auto, (max-width: 573px) 100vw, 573px\" \/><\/h3>\n<h3><\/h3>\n<h3><\/h3>\n<h3>Fuente:\u00a0 https:\/\/www.informador.mx<\/h3>\n<p>&nbsp;<\/p>\n<p>El cineasta mexicano,\u00a0<strong>Alfonso\u00a0Cuar\u00f3n<\/strong>, se alz\u00f3 con el\u00a0<strong>Premio Oscar\u00a0<\/strong>a Mejor Director, superando a \u201cBlack Panther\u201d,\u00bbBlacKkKlansman\u00bb,\u00bbBohemian Rhapsody\u00bb,\u00bbThe Favourite,\u00bbGreen Book\u00bb.\u00bbA Star Is Born\u00bb y \u201cVice\u201d entregado por el cineasta tapat\u00edo\u00a0<strong>Guillermo del Toro<\/strong>.<\/p>\n<div id=\"div-gpt-ad-1548262875188-0\" data-google-query-id=\"CJC-9PaE1uACFUYpaQod7_QOIg\"><\/div>\n<blockquote><p>\u201cMuchas gracias\u00a0 a Libo, muchas gracias a mi familia y muchas gracias a M\u00e9xico\u201d<\/p><\/blockquote>\n<p>El director tambi\u00e9n ganador por el filme \u201cGravity\u201d\u00a0<strong>agradeci\u00f3 al elenco, y a Guillermo esperando \u201cque se ponga bien\u201d, as\u00ed como destacar, de nueva cuenta la actuaci\u00f3n de Marina de\u00a0Tavira\u00a0y\u00a0YalitzaAparicio as\u00ed como a Netflix y Alejandro Gonz\u00e1lez\u00a0I\u00f1\u00e1rritu.<\/strong><\/p>\n<div id=\"div-pos-2\"><\/div>\n<div id=\"div-gpt-ad-1539621500235-0\" data-google-query-id=\"CJG-9PaE1uACFUYpaQod7_QOIg\"><\/div>\n<p>\u201cMuchas gracias\u00a0 a Libo, muchas gracias a mi familia y muchas gracias a M\u00e9xico\u201d, finaliz\u00f3<\/p>\n<p>En la alfombra roja, previo a la ceremonia de entrega,\u00a0<strong>el cineasta asegur\u00f3 que la cinta \u00a0fue gracias a \u201cCleo\u201d y las contradicciones de la sociedad, no s\u00f3lo su comportamiento sino la sociedad alrededor de ella.<\/strong><\/p>\n<div data-oembed-url=\"https:\/\/www.informador.mx\/entretenimiento\/Roma-se-lleva-el-primer-Oscar-por-Cinematografia-20190224-0092.html\">\n<div class=\"iframely-embed\">\n<div>\n<div>\n<div class=\"body\">\n<div class=\"w __if _lc _sm _od _alsd _alcd _lh15 _xf _xm _xi _xt _xd __wc-600\">\n<div class=\"wf\">\n<div class=\"wc\">\n<div class=\"e\" data-style=\"padding-bottom: 53.6508%;\">\n<div class=\"em\"><\/div>\n<\/div>\n<\/div>\n<div class=\"wt\">\n<div class=\"t _f0\">\n<div class=\"th _f1p\">\u00abRoma\u00bb se lleva el primer Oscar por Cinematograf\u00eda<\/div>\n<div class=\"td\">Alfonso Cuar\u00f3n agradece a Yalitza, Marina y al \u201cChivo\u201d Luvezki, as\u00ed como al elenco que forma parte de la pel\u00edcula creada a\u201c base a sus recuerdos\u201d<\/div>\n<div class=\"tf _f1m\"><\/div>\n<\/div>\n<\/div>\n<\/div>\n<\/div>\n<\/div>\n<\/div>\n<\/div>\n<\/div>\n<\/div>\n<p>\u201cLa pel\u00edcula es un mosaico de ciertas realidades y no creo que se necesitaba tanto para comenzar con las conversaci\u00f3n , ya que es una conversaci\u00f3n que debemos desde hace siglos en torno al racismo que existe en M\u00e9xico y sobre los derechos de las trabajadoras del hogar, expuso.<\/p>\n<div>\n<div id=\"twitter-55\" class=\"ck-twitter\">\n<div class=\"SandboxRoot env-bp-350\" data-twitter-event-id=\"0\">\n<div id=\"twitter-widget-0\" class=\"EmbeddedTweet EmbeddedTweet--cta EmbeddedTweet--mediaForward media-forward js-clickToOpenTarget js-tweetIdInfo tweet-InformationCircle-widgetParent\" lang=\"es\" data-click-to-open-target=\"https:\/\/twitter.com\/informador\/status\/1099883876451794950\" data-iframe-title=\"Tweet de Twitter\" data-scribe=\"page:tweet\" data-tweet-id=\"1099883876451794950\" data-twitter-event-id=\"1\">\n<article class=\"MediaCard\n           MediaCard--mediaForward\n\n           customisable-border\" dir=\"ltr\" data-scribe=\"component:card\"><\/p>\n<div class=\"MediaCard-media\" data-scribe=\"element:photo\">\n<div class=\"MediaCard-widthConstraint js-cspForcedStyle\" data-style=\"max-width: 1024px\">\n<div class=\"MediaCard-mediaContainer js-cspForcedStyle\" data-style=\"padding-bottom: 50.0000%\"><a class=\"MediaCard-mediaAsset NaturalImage\" href=\"https:\/\/twitter.com\/informador\/status\/1099883876451794950\/photo\/1\"><img loading=\"lazy\" decoding=\"async\" class=\"NaturalImage-image\" title=\"Ver imagen en Twitter\" src=\"https:\/\/pbs.twimg.com\/media\/D0OSc-zWoAEPshi?format=jpg&amp;name=small\" alt=\"Ver imagen en Twitter\" width=\"1024\" height=\"512\" data-image=\"https:\/\/pbs.twimg.com\/media\/D0OSc-zWoAEPshi\" \/><\/a><\/div>\n<\/div>\n<\/div>\n<\/article>\n<div class=\"EmbeddedTweet-tweetContainer\">\n<div class=\"EmbeddedTweet-tweet\">\n<blockquote class=\"Tweet h-entry js-tweetIdInfo subject expanded\" cite=\"https:\/\/twitter.com\/informador\/status\/1099883876451794950\" data-tweet-id=\"1099883876451794950\" data-scribe=\"section:subject\">\n<div class=\"Tweet-header\"><\/div>\n<\/blockquote>\n<\/div>\n<\/div>\n<\/div>\n<\/div>\n<\/div>\n<\/div>\n<p><strong>Alfonso\u00a0Cuar\u00f3n\u00a0lleva una racha de premios como Mejor Director como en los BAFTA, Globos de Oro y Los\u00a0Critic\u00b4s\u00a0Choice\u00a0Awards.<\/strong><\/p>\n<p>\u201cRoma\u201d tambi\u00e9n ha sido reconocida en la ceremonia con el premio a Mejor Pel\u00edcula Extranjera y Mejor Fotograf\u00eda (Cinematograf\u00eda), a quien le dedic\u00f3 el premio a\u00a0<strong>Emmanuel \u201cEl Chivo\u201d Lubezki<\/strong>.<\/p>\n","protected":false},"excerpt":{"rendered":"<p>Fuente:\u00a0 https:\/\/www.informador.mx &nbsp; El cineasta mexicano,\u00a0Alfonso\u00a0Cuar\u00f3n, se alz\u00f3 con el\u00a0Premio Oscar\u00a0a Mejor Director, superando a \u201cBlack Panther\u201d,\u00bbBlacKkKlansman\u00bb,\u00bbBohemian Rhapsody\u00bb,\u00bbThe Favourite,\u00bbGreen Book\u00bb.\u00bbA Star Is Born\u00bb y \u201cVice\u201d entregado por el cineasta tapat\u00edo\u00a0Guillermo del Toro. \u201cMuchas gracias\u00a0&#46;&#46;&#46;<\/p>\n","protected":false},"author":28,"featured_media":3408,"comment_status":"open","ping_status":"open","sticky":false,"template":"","format":"standard","meta":{"_acf_changed":false,"om_disable_all_campaigns":false,"rop_custom_images_group":[],"rop_custom_messages_group":[],"rop_publish_now":"initial","rop_publish_now_accounts":{"twitter_242054905_242054905":""},"rop_publish_now_history":[],"rop_publish_now_status":"pending","_uf_show_specific_survey":0,"_uf_disable_surveys":false,"footnotes":""},"categories":[8,337],"tags":[430],"class_list":["post-3407","post","type-post","status-publish","format-standard","has-post-thumbnail","hentry","category-arte-y-espectaculos","category-noticias","tag-cuaron-gana-oscar-a-mejor-director-roma-suma-tres-premios"],"acf":[],"aioseo_notices":[],"yoast_head":"<!-- This site is optimized with the Yoast SEO Premium plugin v24.9 (Yoast SEO v27.2) - https:\/\/yoast.com\/product\/yoast-seo-premium-wordpress\/ -->\n<title>Cuar\u00f3n gana Oscar a Mejor Director; Roma suma tres premios - M\u00e9xico<\/title>\n<meta name=\"robots\" content=\"index, follow, max-snippet:-1, max-image-preview:large, max-video-preview:-1\" \/>\n<link rel=\"canonical\" href=\"https:\/\/noti-america.com\/site\/mexico\/2019\/02\/25\/cuaron-gana-oscar-a-mejor-director-roma-suma-tres-premios\/\" \/>\n<meta property=\"og:locale\" content=\"es_ES\" \/>\n<meta property=\"og:type\" content=\"article\" \/>\n<meta property=\"og:title\" content=\"Cuar\u00f3n gana Oscar a Mejor Director; Roma suma tres premios\" \/>\n<meta property=\"og:description\" content=\"Fuente:\u00a0 https:\/\/www.informador.mx &nbsp; El cineasta mexicano,\u00a0Alfonso\u00a0Cuar\u00f3n, se alz\u00f3 con el\u00a0Premio Oscar\u00a0a Mejor Director, superando a \u201cBlack Panther\u201d,\u00bbBlacKkKlansman\u00bb,\u00bbBohemian Rhapsody\u00bb,\u00bbThe Favourite,\u00bbGreen Book\u00bb.\u00bbA Star Is Born\u00bb y \u201cVice\u201d entregado por el cineasta tapat\u00edo\u00a0Guillermo del Toro. \u201cMuchas gracias\u00a0&#046;&#046;&#046;\" \/>\n<meta property=\"og:url\" content=\"https:\/\/noti-america.com\/site\/mexico\/2019\/02\/25\/cuaron-gana-oscar-a-mejor-director-roma-suma-tres-premios\/\" \/>\n<meta property=\"og:site_name\" content=\"M\u00e9xico\" \/>\n<meta property=\"article:published_time\" content=\"2019-02-25T04:30:08+00:00\" \/>\n<meta property=\"article:modified_time\" content=\"2019-02-25T04:30:22+00:00\" \/>\n<meta property=\"og:image\" content=\"https:\/\/noti-america.com\/site\/mexico\/wp-content\/uploads\/sites\/13\/2019\/02\/1-1-4.jpg\" \/>\n\t<meta property=\"og:image:width\" content=\"770\" \/>\n\t<meta property=\"og:image:height\" content=\"485\" \/>\n\t<meta property=\"og:image:type\" content=\"image\/jpeg\" \/>\n<meta name=\"author\" content=\"Redacci\u00f3n NA-NY\" \/>\n<meta name=\"twitter:card\" content=\"summary_large_image\" \/>\n<meta name=\"twitter:label1\" content=\"Escrito por\" \/>\n\t<meta name=\"twitter:data1\" content=\"Redacci\u00f3n NA-NY\" \/>\n\t<meta name=\"twitter:label2\" content=\"Tiempo estimado de lectura\" \/>\n\t<meta name=\"twitter:data2\" content=\"2 minutos\" \/>\n<script type=\"application\/ld+json\" class=\"yoast-schema-graph\">{\"@context\":\"https:\/\/schema.org\",\"@graph\":[{\"@type\":\"Article\",\"@id\":\"https:\/\/noti-america.com\/site\/mexico\/2019\/02\/25\/cuaron-gana-oscar-a-mejor-director-roma-suma-tres-premios\/#article\",\"isPartOf\":{\"@id\":\"https:\/\/noti-america.com\/site\/mexico\/2019\/02\/25\/cuaron-gana-oscar-a-mejor-director-roma-suma-tres-premios\/\"},\"author\":{\"name\":\"Redacci\u00f3n NA-NY\",\"@id\":\"https:\/\/noti-america.com\/site\/mexico\/#\/schema\/person\/db5a6527aaddfc34b3753d557a1292f0\"},\"headline\":\"Cuar\u00f3n gana Oscar a Mejor Director; Roma suma tres premios\",\"datePublished\":\"2019-02-25T04:30:08+00:00\",\"dateModified\":\"2019-02-25T04:30:22+00:00\",\"mainEntityOfPage\":{\"@id\":\"https:\/\/noti-america.com\/site\/mexico\/2019\/02\/25\/cuaron-gana-oscar-a-mejor-director-roma-suma-tres-premios\/\"},\"wordCount\":318,\"commentCount\":0,\"publisher\":{\"@id\":\"https:\/\/noti-america.com\/site\/mexico\/#organization\"},\"image\":{\"@id\":\"https:\/\/noti-america.com\/site\/mexico\/2019\/02\/25\/cuaron-gana-oscar-a-mejor-director-roma-suma-tres-premios\/#primaryimage\"},\"thumbnailUrl\":\"https:\/\/noti-america.com\/site\/mexico\/wp-content\/uploads\/sites\/13\/2019\/02\/1-1-4.jpg\",\"keywords\":[\"Cuar\u00f3n gana Oscar a Mejor Director; Roma suma tres premios\"],\"articleSection\":[\"Arte y Espect\u00e1culos\",\"Noticias\"],\"inLanguage\":\"es\",\"potentialAction\":[{\"@type\":\"CommentAction\",\"name\":\"Comment\",\"target\":[\"https:\/\/noti-america.com\/site\/mexico\/2019\/02\/25\/cuaron-gana-oscar-a-mejor-director-roma-suma-tres-premios\/#respond\"]}]},{\"@type\":\"WebPage\",\"@id\":\"https:\/\/noti-america.com\/site\/mexico\/2019\/02\/25\/cuaron-gana-oscar-a-mejor-director-roma-suma-tres-premios\/\",\"url\":\"https:\/\/noti-america.com\/site\/mexico\/2019\/02\/25\/cuaron-gana-oscar-a-mejor-director-roma-suma-tres-premios\/\",\"name\":\"Cuar\u00f3n gana Oscar a Mejor Director; Roma suma tres premios - M\u00e9xico\",\"isPartOf\":{\"@id\":\"https:\/\/noti-america.com\/site\/mexico\/#website\"},\"primaryImageOfPage\":{\"@id\":\"https:\/\/noti-america.com\/site\/mexico\/2019\/02\/25\/cuaron-gana-oscar-a-mejor-director-roma-suma-tres-premios\/#primaryimage\"},\"image\":{\"@id\":\"https:\/\/noti-america.com\/site\/mexico\/2019\/02\/25\/cuaron-gana-oscar-a-mejor-director-roma-suma-tres-premios\/#primaryimage\"},\"thumbnailUrl\":\"https:\/\/noti-america.com\/site\/mexico\/wp-content\/uploads\/sites\/13\/2019\/02\/1-1-4.jpg\",\"datePublished\":\"2019-02-25T04:30:08+00:00\",\"dateModified\":\"2019-02-25T04:30:22+00:00\",\"breadcrumb\":{\"@id\":\"https:\/\/noti-america.com\/site\/mexico\/2019\/02\/25\/cuaron-gana-oscar-a-mejor-director-roma-suma-tres-premios\/#breadcrumb\"},\"inLanguage\":\"es\",\"potentialAction\":[{\"@type\":\"ReadAction\",\"target\":[\"https:\/\/noti-america.com\/site\/mexico\/2019\/02\/25\/cuaron-gana-oscar-a-mejor-director-roma-suma-tres-premios\/\"]}]},{\"@type\":\"ImageObject\",\"inLanguage\":\"es\",\"@id\":\"https:\/\/noti-america.com\/site\/mexico\/2019\/02\/25\/cuaron-gana-oscar-a-mejor-director-roma-suma-tres-premios\/#primaryimage\",\"url\":\"https:\/\/noti-america.com\/site\/mexico\/wp-content\/uploads\/sites\/13\/2019\/02\/1-1-4.jpg\",\"contentUrl\":\"https:\/\/noti-america.com\/site\/mexico\/wp-content\/uploads\/sites\/13\/2019\/02\/1-1-4.jpg\",\"width\":770,\"height\":485},{\"@type\":\"BreadcrumbList\",\"@id\":\"https:\/\/noti-america.com\/site\/mexico\/2019\/02\/25\/cuaron-gana-oscar-a-mejor-director-roma-suma-tres-premios\/#breadcrumb\",\"itemListElement\":[{\"@type\":\"ListItem\",\"position\":1,\"name\":\"Portada\",\"item\":\"https:\/\/noti-america.com\/site\/mexico\/\"},{\"@type\":\"ListItem\",\"position\":2,\"name\":\"Cuar\u00f3n gana Oscar a Mejor Director; Roma suma tres premios\"}]},{\"@type\":\"WebSite\",\"@id\":\"https:\/\/noti-america.com\/site\/mexico\/#website\",\"url\":\"https:\/\/noti-america.com\/site\/mexico\/\",\"name\":\"M\u00e9xico | Noti-America.com\",\"description\":\"\",\"publisher\":{\"@id\":\"https:\/\/noti-america.com\/site\/mexico\/#organization\"},\"potentialAction\":[{\"@type\":\"SearchAction\",\"target\":{\"@type\":\"EntryPoint\",\"urlTemplate\":\"https:\/\/noti-america.com\/site\/mexico\/?s={search_term_string}\"},\"query-input\":{\"@type\":\"PropertyValueSpecification\",\"valueRequired\":true,\"valueName\":\"search_term_string\"}}],\"inLanguage\":\"es\"},{\"@type\":\"Organization\",\"@id\":\"https:\/\/noti-america.com\/site\/mexico\/#organization\",\"name\":\"Noti-America LLC | M\u00e9xico\",\"url\":\"https:\/\/noti-america.com\/site\/mexico\/\",\"logo\":{\"@type\":\"ImageObject\",\"inLanguage\":\"es\",\"@id\":\"https:\/\/noti-america.com\/site\/mexico\/#\/schema\/logo\/image\/\",\"url\":\"https:\/\/noti-america.com\/site\/mexico\/wp-content\/uploads\/sites\/13\/2020\/07\/LogoNA-4x3-1.jpg\",\"contentUrl\":\"https:\/\/noti-america.com\/site\/mexico\/wp-content\/uploads\/sites\/13\/2020\/07\/LogoNA-4x3-1.jpg\",\"width\":1236,\"height\":1080,\"caption\":\"Noti-America LLC | M\u00e9xico\"},\"image\":{\"@id\":\"https:\/\/noti-america.com\/site\/mexico\/#\/schema\/logo\/image\/\"}},{\"@type\":\"Person\",\"@id\":\"https:\/\/noti-america.com\/site\/mexico\/#\/schema\/person\/db5a6527aaddfc34b3753d557a1292f0\",\"name\":\"Redacci\u00f3n NA-NY\",\"image\":{\"@type\":\"ImageObject\",\"inLanguage\":\"es\",\"@id\":\"https:\/\/secure.gravatar.com\/avatar\/2bd75bb500a8deb1390f777293a9af32d934c46613d2fbac7cceb2aaa2679ae8?s=96&d=mm&r=g\",\"url\":\"https:\/\/secure.gravatar.com\/avatar\/2bd75bb500a8deb1390f777293a9af32d934c46613d2fbac7cceb2aaa2679ae8?s=96&d=mm&r=g\",\"contentUrl\":\"https:\/\/secure.gravatar.com\/avatar\/2bd75bb500a8deb1390f777293a9af32d934c46613d2fbac7cceb2aaa2679ae8?s=96&d=mm&r=g\",\"caption\":\"Redacci\u00f3n NA-NY\"},\"url\":\"https:\/\/noti-america.com\/site\/mexico\/author\/redaccionny\/\"}]}<\/script>\n<!-- \/ Yoast SEO Premium plugin. -->","yoast_head_json":{"title":"Cuar\u00f3n gana Oscar a Mejor Director; Roma suma tres premios - M\u00e9xico","robots":{"index":"index","follow":"follow","max-snippet":"max-snippet:-1","max-image-preview":"max-image-preview:large","max-video-preview":"max-video-preview:-1"},"canonical":"https:\/\/noti-america.com\/site\/mexico\/2019\/02\/25\/cuaron-gana-oscar-a-mejor-director-roma-suma-tres-premios\/","og_locale":"es_ES","og_type":"article","og_title":"Cuar\u00f3n gana Oscar a Mejor Director; Roma suma tres premios","og_description":"Fuente:\u00a0 https:\/\/www.informador.mx &nbsp; El cineasta mexicano,\u00a0Alfonso\u00a0Cuar\u00f3n, se alz\u00f3 con el\u00a0Premio Oscar\u00a0a Mejor Director, superando a \u201cBlack Panther\u201d,\u00bbBlacKkKlansman\u00bb,\u00bbBohemian Rhapsody\u00bb,\u00bbThe Favourite,\u00bbGreen Book\u00bb.\u00bbA Star Is Born\u00bb y \u201cVice\u201d entregado por el cineasta tapat\u00edo\u00a0Guillermo del Toro. \u201cMuchas gracias\u00a0&#46;&#46;&#46;","og_url":"https:\/\/noti-america.com\/site\/mexico\/2019\/02\/25\/cuaron-gana-oscar-a-mejor-director-roma-suma-tres-premios\/","og_site_name":"M\u00e9xico","article_published_time":"2019-02-25T04:30:08+00:00","article_modified_time":"2019-02-25T04:30:22+00:00","og_image":[{"width":770,"height":485,"url":"https:\/\/noti-america.com\/site\/mexico\/wp-content\/uploads\/sites\/13\/2019\/02\/1-1-4.jpg","type":"image\/jpeg"}],"author":"Redacci\u00f3n NA-NY","twitter_card":"summary_large_image","twitter_misc":{"Escrito por":"Redacci\u00f3n NA-NY","Tiempo estimado de lectura":"2 minutos"},"schema":{"@context":"https:\/\/schema.org","@graph":[{"@type":"Article","@id":"https:\/\/noti-america.com\/site\/mexico\/2019\/02\/25\/cuaron-gana-oscar-a-mejor-director-roma-suma-tres-premios\/#article","isPartOf":{"@id":"https:\/\/noti-america.com\/site\/mexico\/2019\/02\/25\/cuaron-gana-oscar-a-mejor-director-roma-suma-tres-premios\/"},"author":{"name":"Redacci\u00f3n NA-NY","@id":"https:\/\/noti-america.com\/site\/mexico\/#\/schema\/person\/db5a6527aaddfc34b3753d557a1292f0"},"headline":"Cuar\u00f3n gana Oscar a Mejor Director; Roma suma tres premios","datePublished":"2019-02-25T04:30:08+00:00","dateModified":"2019-02-25T04:30:22+00:00","mainEntityOfPage":{"@id":"https:\/\/noti-america.com\/site\/mexico\/2019\/02\/25\/cuaron-gana-oscar-a-mejor-director-roma-suma-tres-premios\/"},"wordCount":318,"commentCount":0,"publisher":{"@id":"https:\/\/noti-america.com\/site\/mexico\/#organization"},"image":{"@id":"https:\/\/noti-america.com\/site\/mexico\/2019\/02\/25\/cuaron-gana-oscar-a-mejor-director-roma-suma-tres-premios\/#primaryimage"},"thumbnailUrl":"https:\/\/noti-america.com\/site\/mexico\/wp-content\/uploads\/sites\/13\/2019\/02\/1-1-4.jpg","keywords":["Cuar\u00f3n gana Oscar a Mejor Director; Roma suma tres premios"],"articleSection":["Arte y Espect\u00e1culos","Noticias"],"inLanguage":"es","potentialAction":[{"@type":"CommentAction","name":"Comment","target":["https:\/\/noti-america.com\/site\/mexico\/2019\/02\/25\/cuaron-gana-oscar-a-mejor-director-roma-suma-tres-premios\/#respond"]}]},{"@type":"WebPage","@id":"https:\/\/noti-america.com\/site\/mexico\/2019\/02\/25\/cuaron-gana-oscar-a-mejor-director-roma-suma-tres-premios\/","url":"https:\/\/noti-america.com\/site\/mexico\/2019\/02\/25\/cuaron-gana-oscar-a-mejor-director-roma-suma-tres-premios\/","name":"Cuar\u00f3n gana Oscar a Mejor Director; Roma suma tres premios - M\u00e9xico","isPartOf":{"@id":"https:\/\/noti-america.com\/site\/mexico\/#website"},"primaryImageOfPage":{"@id":"https:\/\/noti-america.com\/site\/mexico\/2019\/02\/25\/cuaron-gana-oscar-a-mejor-director-roma-suma-tres-premios\/#primaryimage"},"image":{"@id":"https:\/\/noti-america.com\/site\/mexico\/2019\/02\/25\/cuaron-gana-oscar-a-mejor-director-roma-suma-tres-premios\/#primaryimage"},"thumbnailUrl":"https:\/\/noti-america.com\/site\/mexico\/wp-content\/uploads\/sites\/13\/2019\/02\/1-1-4.jpg","datePublished":"2019-02-25T04:30:08+00:00","dateModified":"2019-02-25T04:30:22+00:00","breadcrumb":{"@id":"https:\/\/noti-america.com\/site\/mexico\/2019\/02\/25\/cuaron-gana-oscar-a-mejor-director-roma-suma-tres-premios\/#breadcrumb"},"inLanguage":"es","potentialAction":[{"@type":"ReadAction","target":["https:\/\/noti-america.com\/site\/mexico\/2019\/02\/25\/cuaron-gana-oscar-a-mejor-director-roma-suma-tres-premios\/"]}]},{"@type":"ImageObject","inLanguage":"es","@id":"https:\/\/noti-america.com\/site\/mexico\/2019\/02\/25\/cuaron-gana-oscar-a-mejor-director-roma-suma-tres-premios\/#primaryimage","url":"https:\/\/noti-america.com\/site\/mexico\/wp-content\/uploads\/sites\/13\/2019\/02\/1-1-4.jpg","contentUrl":"https:\/\/noti-america.com\/site\/mexico\/wp-content\/uploads\/sites\/13\/2019\/02\/1-1-4.jpg","width":770,"height":485},{"@type":"BreadcrumbList","@id":"https:\/\/noti-america.com\/site\/mexico\/2019\/02\/25\/cuaron-gana-oscar-a-mejor-director-roma-suma-tres-premios\/#breadcrumb","itemListElement":[{"@type":"ListItem","position":1,"name":"Portada","item":"https:\/\/noti-america.com\/site\/mexico\/"},{"@type":"ListItem","position":2,"name":"Cuar\u00f3n gana Oscar a Mejor Director; Roma suma tres premios"}]},{"@type":"WebSite","@id":"https:\/\/noti-america.com\/site\/mexico\/#website","url":"https:\/\/noti-america.com\/site\/mexico\/","name":"M\u00e9xico | Noti-America.com","description":"","publisher":{"@id":"https:\/\/noti-america.com\/site\/mexico\/#organization"},"potentialAction":[{"@type":"SearchAction","target":{"@type":"EntryPoint","urlTemplate":"https:\/\/noti-america.com\/site\/mexico\/?s={search_term_string}"},"query-input":{"@type":"PropertyValueSpecification","valueRequired":true,"valueName":"search_term_string"}}],"inLanguage":"es"},{"@type":"Organization","@id":"https:\/\/noti-america.com\/site\/mexico\/#organization","name":"Noti-America LLC | M\u00e9xico","url":"https:\/\/noti-america.com\/site\/mexico\/","logo":{"@type":"ImageObject","inLanguage":"es","@id":"https:\/\/noti-america.com\/site\/mexico\/#\/schema\/logo\/image\/","url":"https:\/\/noti-america.com\/site\/mexico\/wp-content\/uploads\/sites\/13\/2020\/07\/LogoNA-4x3-1.jpg","contentUrl":"https:\/\/noti-america.com\/site\/mexico\/wp-content\/uploads\/sites\/13\/2020\/07\/LogoNA-4x3-1.jpg","width":1236,"height":1080,"caption":"Noti-America LLC | M\u00e9xico"},"image":{"@id":"https:\/\/noti-america.com\/site\/mexico\/#\/schema\/logo\/image\/"}},{"@type":"Person","@id":"https:\/\/noti-america.com\/site\/mexico\/#\/schema\/person\/db5a6527aaddfc34b3753d557a1292f0","name":"Redacci\u00f3n NA-NY","image":{"@type":"ImageObject","inLanguage":"es","@id":"https:\/\/secure.gravatar.com\/avatar\/2bd75bb500a8deb1390f777293a9af32d934c46613d2fbac7cceb2aaa2679ae8?s=96&d=mm&r=g","url":"https:\/\/secure.gravatar.com\/avatar\/2bd75bb500a8deb1390f777293a9af32d934c46613d2fbac7cceb2aaa2679ae8?s=96&d=mm&r=g","contentUrl":"https:\/\/secure.gravatar.com\/avatar\/2bd75bb500a8deb1390f777293a9af32d934c46613d2fbac7cceb2aaa2679ae8?s=96&d=mm&r=g","caption":"Redacci\u00f3n NA-NY"},"url":"https:\/\/noti-america.com\/site\/mexico\/author\/redaccionny\/"}]}},"_links":{"self":[{"href":"https:\/\/noti-america.com\/site\/mexico\/wp-json\/wp\/v2\/posts\/3407","targetHints":{"allow":["GET"]}}],"collection":[{"href":"https:\/\/noti-america.com\/site\/mexico\/wp-json\/wp\/v2\/posts"}],"about":[{"href":"https:\/\/noti-america.com\/site\/mexico\/wp-json\/wp\/v2\/types\/post"}],"author":[{"embeddable":true,"href":"https:\/\/noti-america.com\/site\/mexico\/wp-json\/wp\/v2\/users\/28"}],"replies":[{"embeddable":true,"href":"https:\/\/noti-america.com\/site\/mexico\/wp-json\/wp\/v2\/comments?post=3407"}],"version-history":[{"count":1,"href":"https:\/\/noti-america.com\/site\/mexico\/wp-json\/wp\/v2\/posts\/3407\/revisions"}],"predecessor-version":[{"id":3409,"href":"https:\/\/noti-america.com\/site\/mexico\/wp-json\/wp\/v2\/posts\/3407\/revisions\/3409"}],"wp:featuredmedia":[{"embeddable":true,"href":"https:\/\/noti-america.com\/site\/mexico\/wp-json\/wp\/v2\/media\/3408"}],"wp:attachment":[{"href":"https:\/\/noti-america.com\/site\/mexico\/wp-json\/wp\/v2\/media?parent=3407"}],"wp:term":[{"taxonomy":"category","embeddable":true,"href":"https:\/\/noti-america.com\/site\/mexico\/wp-json\/wp\/v2\/categories?post=3407"},{"taxonomy":"post_tag","embeddable":true,"href":"https:\/\/noti-america.com\/site\/mexico\/wp-json\/wp\/v2\/tags?post=3407"}],"curies":[{"name":"wp","href":"https:\/\/api.w.org\/{rel}","templated":true}]}}