{"id":3360,"date":"2019-02-23T19:08:36","date_gmt":"2019-02-23T19:08:36","guid":{"rendered":"http:\/\/noti-america.com\/site\/mexico\/?p=3360"},"modified":"2019-02-23T19:21:34","modified_gmt":"2019-02-23T19:21:34","slug":"mariaca-semprun-piaf-voz-y-delirio-ultima-semana-en-ciudad-de-mexico","status":"publish","type":"post","link":"https:\/\/noti-america.com\/site\/mexico\/2019\/02\/23\/mariaca-semprun-piaf-voz-y-delirio-ultima-semana-en-ciudad-de-mexico\/","title":{"rendered":"Mariaca Sempr\u00fan: Piaf, Voz y delirio, Ultima semana en Ciudad de Mexico"},"content":{"rendered":"<p><img loading=\"lazy\" decoding=\"async\" class=\"wp-image-3362 aligncenter\" src=\"http:\/\/noti-america.com\/site\/mexico\/wp-content\/uploads\/sites\/13\/2019\/02\/1-57-300x187.jpg\" alt=\"\" width=\"634\" height=\"395\" srcset=\"https:\/\/noti-america.com\/site\/mexico\/wp-content\/uploads\/sites\/13\/2019\/02\/1-57-300x187.jpg 300w, https:\/\/noti-america.com\/site\/mexico\/wp-content\/uploads\/sites\/13\/2019\/02\/1-57-768x478.jpg 768w, https:\/\/noti-america.com\/site\/mexico\/wp-content\/uploads\/sites\/13\/2019\/02\/1-57.jpg 958w\" sizes=\"auto, (max-width: 634px) 100vw, 634px\" \/><\/p>\n<p>&nbsp;<\/p>\n<p>&nbsp;<\/p>\n<p>Mariaca Sempr\u00fan la actriz venezolana \u00a0\u00a0protagoniza el musical Piaf, voz y delirio, escrito por Leonardo Padr\u00f3n que hasta el momento \u00a0lleva mas de \u00a0130 representaciones en varias ciudades de Venezuela y Estados Unidos y que\u00a0 esta semana culmina en Ciudad de M\u00e9xico.<\/p>\n<p>De acuerdo con Sempr\u00fan este montaje ha sido \u201c<em>el reto m\u00e1s importante que he tenido como actriz y como cantante. Como actriz, porque emular el cuerpo de Piaf, su manera de ser, su energ\u00eda, es todo un reto para m\u00ed.\u201d <\/em>\u00a0<em>\u201cPiaf es una personalidad opuesta pero tambi\u00e9n vocalmente era una cantante excepcional con un registro vocal muy amplio y lograr un poco acercarme a su voz e incluso es lo que deber\u00edamos hacer\u201d<\/em>, \u00a0dijo la artista y continu\u00f3: <em>\u201cYo como latinoamericana no he manejado tanto el acento franc\u00e9s y gracias a esto, tuve que practicar un mont\u00f3n y sin duda alguna sigue siendo un reto cada vez que me monto en el escenario, a pesar de que ya tenemos muchas funciones, pero encarnarla siempre implica hacerlo desde el respeto y desde la humildad, porque es una estrella inigualable, incomparable y hoy por hoy, todav\u00eda tiene much\u00edsimos fan\u00e1ticos\u201d<\/em>.<\/p>\n<p><img loading=\"lazy\" decoding=\"async\" class=\"size-medium wp-image-3364 alignleft\" src=\"http:\/\/noti-america.com\/site\/mexico\/wp-content\/uploads\/sites\/13\/2019\/02\/2-21-300x200.jpg\" alt=\"\" width=\"300\" height=\"200\" srcset=\"https:\/\/noti-america.com\/site\/mexico\/wp-content\/uploads\/sites\/13\/2019\/02\/2-21-300x200.jpg 300w, https:\/\/noti-america.com\/site\/mexico\/wp-content\/uploads\/sites\/13\/2019\/02\/2-21-768x512.jpg 768w, https:\/\/noti-america.com\/site\/mexico\/wp-content\/uploads\/sites\/13\/2019\/02\/2-21.jpg 1024w, https:\/\/noti-america.com\/site\/mexico\/wp-content\/uploads\/sites\/13\/2019\/02\/2-21-272x182.jpg 272w\" sizes=\"auto, (max-width: 300px) 100vw, 300px\" \/>El montaje se presenta actualmente en el <strong>Centro Cultural Teatro 1 hasta el Domingo 3 de Marzo<\/strong>, luego funciones en Guadalajara y finalmente \u00a0la artista har\u00e1 varias representaciones en Monterrey.\u00a0 Sempr\u00fan agreg\u00f3 que \u201c<em>Piaf. Voz y delirio, es un musical tradicional como cualquiera de los que estamos acostumbrados a ver, solo que es un mon\u00f3logo musical, tenemos una banda en vivo, bajo la batuta de Hildemaro \u00c1lvarez, quien es el pianista, director musical y arreglista. Tenemos cuatro actores figurantes que son esas personas que pasaron por la vida de Piaf, un material multimedia que evoca al Par\u00eds de la primera mitad del siglo XX y su repertorio m\u00e1s emblem\u00e1tico\u201d.<\/em><\/p>\n<p>&nbsp;<\/p>\n<p>Quienes conocieron de cerca\u00a0 la fuerte y golpeada vida del Gorri\u00f3n de Paris y m\u00e1s \u00a0aun quienes escuchamos\u00a0 sus canciones, coinciden en se\u00f1alar\u00a0 que Mariaca Semprun \u00a0no solo nos traslada\u00a0 a\u00a0 los momentos cumbres en la vida de Piaf \u00a0sino que \u00a0nos acerca \u00edntimamente a su alma\u00a0 escuchando tan solo su voz, observando su delicado\u00a0 y fr\u00e1gil cuerpo y \u00a0cada uno de sus gestos, \u00a0y movimientos en escena.<\/p>\n<p>Bajo un recinto lleno, \u00a0y con el toque en vivo \u00a0de sus mejores canciones\u2026\u2026.<\/p>\n<p><strong><em>La vie en rose<\/em>:<\/strong> \u00a0La canci\u00f3n m\u00e1s conocida de Piaf, le proporcion\u00f3 la fama internacional cuando la lanz\u00f3 en 1947. Con letra de la propia Piaf, el tema habla sobre c\u00f3mo su amante le hace ver la vida en color rosa a pesar de \u00a0todo.<\/p>\n<p><strong><em>Milord: <\/em><\/strong>Quiz\u00e1 inspirada por su ni\u00f1ez en el prost\u00edbulo de su abuela.<\/p>\n<p><strong><em>Y<\/em><\/strong><em><strong> Non, je ne regrette rien:<\/strong>\u00a0\u00a0\u00a0 <\/em>\u00a0Tema de cierre que denota su paso por la vida y el no lamentar, mucho menos arrepentirse de todo cuanto le ha tocado vivir.<\/p>\n<p>En todo caso queridos amigos, al ser tan sublime y personal \u00a0la entrega que hace Mariaca Semprum en escena, cada uno de ustedes tendr\u00e1 la oportunidad \u00a0de vivir de cerca \u00a0los cap\u00edtulos esenciales en la vida del Gorrion de Paris y sacar sus propias conclusiones al tiempo de aplaudir, de pie; al final de la presentaci\u00f3n.<\/p>\n<p>&nbsp;<\/p>\n<p>JOSE MANUEL ESTEVANOT<\/p>\n","protected":false},"excerpt":{"rendered":"<p>&nbsp; &nbsp; Mariaca Sempr\u00fan la actriz venezolana \u00a0\u00a0protagoniza el musical Piaf, voz y delirio, escrito por Leonardo Padr\u00f3n que hasta el momento \u00a0lleva mas de \u00a0130 representaciones en varias ciudades de Venezuela y Estados&#46;&#46;&#46;<\/p>\n","protected":false},"author":28,"featured_media":3361,"comment_status":"open","ping_status":"open","sticky":false,"template":"","format":"standard","meta":{"_acf_changed":false,"om_disable_all_campaigns":false,"rop_custom_images_group":[],"rop_custom_messages_group":[],"rop_publish_now":"initial","rop_publish_now_accounts":{"twitter_242054905_242054905":""},"rop_publish_now_history":[],"rop_publish_now_status":"pending","_uf_show_specific_survey":0,"_uf_disable_surveys":false,"footnotes":""},"categories":[8],"tags":[421,423,422],"class_list":["post-3360","post","type-post","status-publish","format-standard","has-post-thumbnail","hentry","category-arte-y-espectaculos","tag-mariaca-semprun-piaf","tag-ultima-semana-en-ciudad-de-mexico","tag-voz-y-delirio"],"acf":[],"aioseo_notices":[],"yoast_head":"<!-- This site is optimized with the Yoast SEO Premium plugin v24.9 (Yoast SEO v27.2) - https:\/\/yoast.com\/product\/yoast-seo-premium-wordpress\/ -->\n<title>Mariaca Sempr\u00fan: Piaf, Voz y delirio, Ultima semana en Ciudad de Mexico - M\u00e9xico<\/title>\n<meta name=\"robots\" content=\"index, follow, max-snippet:-1, max-image-preview:large, max-video-preview:-1\" \/>\n<link rel=\"canonical\" href=\"https:\/\/noti-america.com\/site\/mexico\/2019\/02\/23\/mariaca-semprun-piaf-voz-y-delirio-ultima-semana-en-ciudad-de-mexico\/\" \/>\n<meta property=\"og:locale\" content=\"es_ES\" \/>\n<meta property=\"og:type\" content=\"article\" \/>\n<meta property=\"og:title\" content=\"Mariaca Sempr\u00fan: Piaf, Voz y delirio, Ultima semana en Ciudad de Mexico\" \/>\n<meta property=\"og:description\" content=\"&nbsp; &nbsp; Mariaca Sempr\u00fan la actriz venezolana \u00a0\u00a0protagoniza el musical Piaf, voz y delirio, escrito por Leonardo Padr\u00f3n que hasta el momento \u00a0lleva mas de \u00a0130 representaciones en varias ciudades de Venezuela y Estados&#046;&#046;&#046;\" \/>\n<meta property=\"og:url\" content=\"https:\/\/noti-america.com\/site\/mexico\/2019\/02\/23\/mariaca-semprun-piaf-voz-y-delirio-ultima-semana-en-ciudad-de-mexico\/\" \/>\n<meta property=\"og:site_name\" content=\"M\u00e9xico\" \/>\n<meta property=\"article:published_time\" content=\"2019-02-23T19:08:36+00:00\" \/>\n<meta property=\"article:modified_time\" content=\"2019-02-23T19:21:34+00:00\" \/>\n<meta property=\"og:image\" content=\"https:\/\/noti-america.com\/site\/mexico\/wp-content\/uploads\/sites\/13\/2019\/02\/1-56.jpg\" \/>\n\t<meta property=\"og:image:width\" content=\"958\" \/>\n\t<meta property=\"og:image:height\" content=\"596\" \/>\n\t<meta property=\"og:image:type\" content=\"image\/jpeg\" \/>\n<meta name=\"author\" content=\"Redacci\u00f3n NA-NY\" \/>\n<meta name=\"twitter:card\" content=\"summary_large_image\" \/>\n<meta name=\"twitter:label1\" content=\"Escrito por\" \/>\n\t<meta name=\"twitter:data1\" content=\"Redacci\u00f3n NA-NY\" \/>\n\t<meta name=\"twitter:label2\" content=\"Tiempo estimado de lectura\" \/>\n\t<meta name=\"twitter:data2\" content=\"3 minutos\" \/>\n<script type=\"application\/ld+json\" class=\"yoast-schema-graph\">{\"@context\":\"https:\/\/schema.org\",\"@graph\":[{\"@type\":\"Article\",\"@id\":\"https:\/\/noti-america.com\/site\/mexico\/2019\/02\/23\/mariaca-semprun-piaf-voz-y-delirio-ultima-semana-en-ciudad-de-mexico\/#article\",\"isPartOf\":{\"@id\":\"https:\/\/noti-america.com\/site\/mexico\/2019\/02\/23\/mariaca-semprun-piaf-voz-y-delirio-ultima-semana-en-ciudad-de-mexico\/\"},\"author\":{\"name\":\"Redacci\u00f3n NA-NY\",\"@id\":\"https:\/\/noti-america.com\/site\/mexico\/#\/schema\/person\/db5a6527aaddfc34b3753d557a1292f0\"},\"headline\":\"Mariaca Sempr\u00fan: Piaf, Voz y delirio, Ultima semana en Ciudad de Mexico\",\"datePublished\":\"2019-02-23T19:08:36+00:00\",\"dateModified\":\"2019-02-23T19:21:34+00:00\",\"mainEntityOfPage\":{\"@id\":\"https:\/\/noti-america.com\/site\/mexico\/2019\/02\/23\/mariaca-semprun-piaf-voz-y-delirio-ultima-semana-en-ciudad-de-mexico\/\"},\"wordCount\":568,\"commentCount\":0,\"publisher\":{\"@id\":\"https:\/\/noti-america.com\/site\/mexico\/#organization\"},\"image\":{\"@id\":\"https:\/\/noti-america.com\/site\/mexico\/2019\/02\/23\/mariaca-semprun-piaf-voz-y-delirio-ultima-semana-en-ciudad-de-mexico\/#primaryimage\"},\"thumbnailUrl\":\"https:\/\/noti-america.com\/site\/mexico\/wp-content\/uploads\/sites\/13\/2019\/02\/1-56.jpg\",\"keywords\":[\"Mariaca Sempr\u00fan: Piaf\",\"Ultima semana en Ciudad de Mexico\",\"Voz y delirio\"],\"articleSection\":[\"Arte y Espect\u00e1culos\"],\"inLanguage\":\"es\",\"potentialAction\":[{\"@type\":\"CommentAction\",\"name\":\"Comment\",\"target\":[\"https:\/\/noti-america.com\/site\/mexico\/2019\/02\/23\/mariaca-semprun-piaf-voz-y-delirio-ultima-semana-en-ciudad-de-mexico\/#respond\"]}]},{\"@type\":\"WebPage\",\"@id\":\"https:\/\/noti-america.com\/site\/mexico\/2019\/02\/23\/mariaca-semprun-piaf-voz-y-delirio-ultima-semana-en-ciudad-de-mexico\/\",\"url\":\"https:\/\/noti-america.com\/site\/mexico\/2019\/02\/23\/mariaca-semprun-piaf-voz-y-delirio-ultima-semana-en-ciudad-de-mexico\/\",\"name\":\"Mariaca Sempr\u00fan: Piaf, Voz y delirio, Ultima semana en Ciudad de Mexico - M\u00e9xico\",\"isPartOf\":{\"@id\":\"https:\/\/noti-america.com\/site\/mexico\/#website\"},\"primaryImageOfPage\":{\"@id\":\"https:\/\/noti-america.com\/site\/mexico\/2019\/02\/23\/mariaca-semprun-piaf-voz-y-delirio-ultima-semana-en-ciudad-de-mexico\/#primaryimage\"},\"image\":{\"@id\":\"https:\/\/noti-america.com\/site\/mexico\/2019\/02\/23\/mariaca-semprun-piaf-voz-y-delirio-ultima-semana-en-ciudad-de-mexico\/#primaryimage\"},\"thumbnailUrl\":\"https:\/\/noti-america.com\/site\/mexico\/wp-content\/uploads\/sites\/13\/2019\/02\/1-56.jpg\",\"datePublished\":\"2019-02-23T19:08:36+00:00\",\"dateModified\":\"2019-02-23T19:21:34+00:00\",\"breadcrumb\":{\"@id\":\"https:\/\/noti-america.com\/site\/mexico\/2019\/02\/23\/mariaca-semprun-piaf-voz-y-delirio-ultima-semana-en-ciudad-de-mexico\/#breadcrumb\"},\"inLanguage\":\"es\",\"potentialAction\":[{\"@type\":\"ReadAction\",\"target\":[\"https:\/\/noti-america.com\/site\/mexico\/2019\/02\/23\/mariaca-semprun-piaf-voz-y-delirio-ultima-semana-en-ciudad-de-mexico\/\"]}]},{\"@type\":\"ImageObject\",\"inLanguage\":\"es\",\"@id\":\"https:\/\/noti-america.com\/site\/mexico\/2019\/02\/23\/mariaca-semprun-piaf-voz-y-delirio-ultima-semana-en-ciudad-de-mexico\/#primaryimage\",\"url\":\"https:\/\/noti-america.com\/site\/mexico\/wp-content\/uploads\/sites\/13\/2019\/02\/1-56.jpg\",\"contentUrl\":\"https:\/\/noti-america.com\/site\/mexico\/wp-content\/uploads\/sites\/13\/2019\/02\/1-56.jpg\",\"width\":958,\"height\":596},{\"@type\":\"BreadcrumbList\",\"@id\":\"https:\/\/noti-america.com\/site\/mexico\/2019\/02\/23\/mariaca-semprun-piaf-voz-y-delirio-ultima-semana-en-ciudad-de-mexico\/#breadcrumb\",\"itemListElement\":[{\"@type\":\"ListItem\",\"position\":1,\"name\":\"Portada\",\"item\":\"https:\/\/noti-america.com\/site\/mexico\/\"},{\"@type\":\"ListItem\",\"position\":2,\"name\":\"Mariaca Sempr\u00fan: Piaf, Voz y delirio, Ultima semana en Ciudad de Mexico\"}]},{\"@type\":\"WebSite\",\"@id\":\"https:\/\/noti-america.com\/site\/mexico\/#website\",\"url\":\"https:\/\/noti-america.com\/site\/mexico\/\",\"name\":\"M\u00e9xico | Noti-America.com\",\"description\":\"\",\"publisher\":{\"@id\":\"https:\/\/noti-america.com\/site\/mexico\/#organization\"},\"potentialAction\":[{\"@type\":\"SearchAction\",\"target\":{\"@type\":\"EntryPoint\",\"urlTemplate\":\"https:\/\/noti-america.com\/site\/mexico\/?s={search_term_string}\"},\"query-input\":{\"@type\":\"PropertyValueSpecification\",\"valueRequired\":true,\"valueName\":\"search_term_string\"}}],\"inLanguage\":\"es\"},{\"@type\":\"Organization\",\"@id\":\"https:\/\/noti-america.com\/site\/mexico\/#organization\",\"name\":\"Noti-America LLC | M\u00e9xico\",\"url\":\"https:\/\/noti-america.com\/site\/mexico\/\",\"logo\":{\"@type\":\"ImageObject\",\"inLanguage\":\"es\",\"@id\":\"https:\/\/noti-america.com\/site\/mexico\/#\/schema\/logo\/image\/\",\"url\":\"https:\/\/noti-america.com\/site\/mexico\/wp-content\/uploads\/sites\/13\/2020\/07\/LogoNA-4x3-1.jpg\",\"contentUrl\":\"https:\/\/noti-america.com\/site\/mexico\/wp-content\/uploads\/sites\/13\/2020\/07\/LogoNA-4x3-1.jpg\",\"width\":1236,\"height\":1080,\"caption\":\"Noti-America LLC | M\u00e9xico\"},\"image\":{\"@id\":\"https:\/\/noti-america.com\/site\/mexico\/#\/schema\/logo\/image\/\"}},{\"@type\":\"Person\",\"@id\":\"https:\/\/noti-america.com\/site\/mexico\/#\/schema\/person\/db5a6527aaddfc34b3753d557a1292f0\",\"name\":\"Redacci\u00f3n NA-NY\",\"image\":{\"@type\":\"ImageObject\",\"inLanguage\":\"es\",\"@id\":\"https:\/\/secure.gravatar.com\/avatar\/2bd75bb500a8deb1390f777293a9af32d934c46613d2fbac7cceb2aaa2679ae8?s=96&d=mm&r=g\",\"url\":\"https:\/\/secure.gravatar.com\/avatar\/2bd75bb500a8deb1390f777293a9af32d934c46613d2fbac7cceb2aaa2679ae8?s=96&d=mm&r=g\",\"contentUrl\":\"https:\/\/secure.gravatar.com\/avatar\/2bd75bb500a8deb1390f777293a9af32d934c46613d2fbac7cceb2aaa2679ae8?s=96&d=mm&r=g\",\"caption\":\"Redacci\u00f3n NA-NY\"},\"url\":\"https:\/\/noti-america.com\/site\/mexico\/author\/redaccionny\/\"}]}<\/script>\n<!-- \/ Yoast SEO Premium plugin. -->","yoast_head_json":{"title":"Mariaca Sempr\u00fan: Piaf, Voz y delirio, Ultima semana en Ciudad de Mexico - M\u00e9xico","robots":{"index":"index","follow":"follow","max-snippet":"max-snippet:-1","max-image-preview":"max-image-preview:large","max-video-preview":"max-video-preview:-1"},"canonical":"https:\/\/noti-america.com\/site\/mexico\/2019\/02\/23\/mariaca-semprun-piaf-voz-y-delirio-ultima-semana-en-ciudad-de-mexico\/","og_locale":"es_ES","og_type":"article","og_title":"Mariaca Sempr\u00fan: Piaf, Voz y delirio, Ultima semana en Ciudad de Mexico","og_description":"&nbsp; &nbsp; Mariaca Sempr\u00fan la actriz venezolana \u00a0\u00a0protagoniza el musical Piaf, voz y delirio, escrito por Leonardo Padr\u00f3n que hasta el momento \u00a0lleva mas de \u00a0130 representaciones en varias ciudades de Venezuela y Estados&#46;&#46;&#46;","og_url":"https:\/\/noti-america.com\/site\/mexico\/2019\/02\/23\/mariaca-semprun-piaf-voz-y-delirio-ultima-semana-en-ciudad-de-mexico\/","og_site_name":"M\u00e9xico","article_published_time":"2019-02-23T19:08:36+00:00","article_modified_time":"2019-02-23T19:21:34+00:00","og_image":[{"width":958,"height":596,"url":"https:\/\/noti-america.com\/site\/mexico\/wp-content\/uploads\/sites\/13\/2019\/02\/1-56.jpg","type":"image\/jpeg"}],"author":"Redacci\u00f3n NA-NY","twitter_card":"summary_large_image","twitter_misc":{"Escrito por":"Redacci\u00f3n NA-NY","Tiempo estimado de lectura":"3 minutos"},"schema":{"@context":"https:\/\/schema.org","@graph":[{"@type":"Article","@id":"https:\/\/noti-america.com\/site\/mexico\/2019\/02\/23\/mariaca-semprun-piaf-voz-y-delirio-ultima-semana-en-ciudad-de-mexico\/#article","isPartOf":{"@id":"https:\/\/noti-america.com\/site\/mexico\/2019\/02\/23\/mariaca-semprun-piaf-voz-y-delirio-ultima-semana-en-ciudad-de-mexico\/"},"author":{"name":"Redacci\u00f3n NA-NY","@id":"https:\/\/noti-america.com\/site\/mexico\/#\/schema\/person\/db5a6527aaddfc34b3753d557a1292f0"},"headline":"Mariaca Sempr\u00fan: Piaf, Voz y delirio, Ultima semana en Ciudad de Mexico","datePublished":"2019-02-23T19:08:36+00:00","dateModified":"2019-02-23T19:21:34+00:00","mainEntityOfPage":{"@id":"https:\/\/noti-america.com\/site\/mexico\/2019\/02\/23\/mariaca-semprun-piaf-voz-y-delirio-ultima-semana-en-ciudad-de-mexico\/"},"wordCount":568,"commentCount":0,"publisher":{"@id":"https:\/\/noti-america.com\/site\/mexico\/#organization"},"image":{"@id":"https:\/\/noti-america.com\/site\/mexico\/2019\/02\/23\/mariaca-semprun-piaf-voz-y-delirio-ultima-semana-en-ciudad-de-mexico\/#primaryimage"},"thumbnailUrl":"https:\/\/noti-america.com\/site\/mexico\/wp-content\/uploads\/sites\/13\/2019\/02\/1-56.jpg","keywords":["Mariaca Sempr\u00fan: Piaf","Ultima semana en Ciudad de Mexico","Voz y delirio"],"articleSection":["Arte y Espect\u00e1culos"],"inLanguage":"es","potentialAction":[{"@type":"CommentAction","name":"Comment","target":["https:\/\/noti-america.com\/site\/mexico\/2019\/02\/23\/mariaca-semprun-piaf-voz-y-delirio-ultima-semana-en-ciudad-de-mexico\/#respond"]}]},{"@type":"WebPage","@id":"https:\/\/noti-america.com\/site\/mexico\/2019\/02\/23\/mariaca-semprun-piaf-voz-y-delirio-ultima-semana-en-ciudad-de-mexico\/","url":"https:\/\/noti-america.com\/site\/mexico\/2019\/02\/23\/mariaca-semprun-piaf-voz-y-delirio-ultima-semana-en-ciudad-de-mexico\/","name":"Mariaca Sempr\u00fan: Piaf, Voz y delirio, Ultima semana en Ciudad de Mexico - M\u00e9xico","isPartOf":{"@id":"https:\/\/noti-america.com\/site\/mexico\/#website"},"primaryImageOfPage":{"@id":"https:\/\/noti-america.com\/site\/mexico\/2019\/02\/23\/mariaca-semprun-piaf-voz-y-delirio-ultima-semana-en-ciudad-de-mexico\/#primaryimage"},"image":{"@id":"https:\/\/noti-america.com\/site\/mexico\/2019\/02\/23\/mariaca-semprun-piaf-voz-y-delirio-ultima-semana-en-ciudad-de-mexico\/#primaryimage"},"thumbnailUrl":"https:\/\/noti-america.com\/site\/mexico\/wp-content\/uploads\/sites\/13\/2019\/02\/1-56.jpg","datePublished":"2019-02-23T19:08:36+00:00","dateModified":"2019-02-23T19:21:34+00:00","breadcrumb":{"@id":"https:\/\/noti-america.com\/site\/mexico\/2019\/02\/23\/mariaca-semprun-piaf-voz-y-delirio-ultima-semana-en-ciudad-de-mexico\/#breadcrumb"},"inLanguage":"es","potentialAction":[{"@type":"ReadAction","target":["https:\/\/noti-america.com\/site\/mexico\/2019\/02\/23\/mariaca-semprun-piaf-voz-y-delirio-ultima-semana-en-ciudad-de-mexico\/"]}]},{"@type":"ImageObject","inLanguage":"es","@id":"https:\/\/noti-america.com\/site\/mexico\/2019\/02\/23\/mariaca-semprun-piaf-voz-y-delirio-ultima-semana-en-ciudad-de-mexico\/#primaryimage","url":"https:\/\/noti-america.com\/site\/mexico\/wp-content\/uploads\/sites\/13\/2019\/02\/1-56.jpg","contentUrl":"https:\/\/noti-america.com\/site\/mexico\/wp-content\/uploads\/sites\/13\/2019\/02\/1-56.jpg","width":958,"height":596},{"@type":"BreadcrumbList","@id":"https:\/\/noti-america.com\/site\/mexico\/2019\/02\/23\/mariaca-semprun-piaf-voz-y-delirio-ultima-semana-en-ciudad-de-mexico\/#breadcrumb","itemListElement":[{"@type":"ListItem","position":1,"name":"Portada","item":"https:\/\/noti-america.com\/site\/mexico\/"},{"@type":"ListItem","position":2,"name":"Mariaca Sempr\u00fan: Piaf, Voz y delirio, Ultima semana en Ciudad de Mexico"}]},{"@type":"WebSite","@id":"https:\/\/noti-america.com\/site\/mexico\/#website","url":"https:\/\/noti-america.com\/site\/mexico\/","name":"M\u00e9xico | Noti-America.com","description":"","publisher":{"@id":"https:\/\/noti-america.com\/site\/mexico\/#organization"},"potentialAction":[{"@type":"SearchAction","target":{"@type":"EntryPoint","urlTemplate":"https:\/\/noti-america.com\/site\/mexico\/?s={search_term_string}"},"query-input":{"@type":"PropertyValueSpecification","valueRequired":true,"valueName":"search_term_string"}}],"inLanguage":"es"},{"@type":"Organization","@id":"https:\/\/noti-america.com\/site\/mexico\/#organization","name":"Noti-America LLC | M\u00e9xico","url":"https:\/\/noti-america.com\/site\/mexico\/","logo":{"@type":"ImageObject","inLanguage":"es","@id":"https:\/\/noti-america.com\/site\/mexico\/#\/schema\/logo\/image\/","url":"https:\/\/noti-america.com\/site\/mexico\/wp-content\/uploads\/sites\/13\/2020\/07\/LogoNA-4x3-1.jpg","contentUrl":"https:\/\/noti-america.com\/site\/mexico\/wp-content\/uploads\/sites\/13\/2020\/07\/LogoNA-4x3-1.jpg","width":1236,"height":1080,"caption":"Noti-America LLC | M\u00e9xico"},"image":{"@id":"https:\/\/noti-america.com\/site\/mexico\/#\/schema\/logo\/image\/"}},{"@type":"Person","@id":"https:\/\/noti-america.com\/site\/mexico\/#\/schema\/person\/db5a6527aaddfc34b3753d557a1292f0","name":"Redacci\u00f3n NA-NY","image":{"@type":"ImageObject","inLanguage":"es","@id":"https:\/\/secure.gravatar.com\/avatar\/2bd75bb500a8deb1390f777293a9af32d934c46613d2fbac7cceb2aaa2679ae8?s=96&d=mm&r=g","url":"https:\/\/secure.gravatar.com\/avatar\/2bd75bb500a8deb1390f777293a9af32d934c46613d2fbac7cceb2aaa2679ae8?s=96&d=mm&r=g","contentUrl":"https:\/\/secure.gravatar.com\/avatar\/2bd75bb500a8deb1390f777293a9af32d934c46613d2fbac7cceb2aaa2679ae8?s=96&d=mm&r=g","caption":"Redacci\u00f3n NA-NY"},"url":"https:\/\/noti-america.com\/site\/mexico\/author\/redaccionny\/"}]}},"_links":{"self":[{"href":"https:\/\/noti-america.com\/site\/mexico\/wp-json\/wp\/v2\/posts\/3360","targetHints":{"allow":["GET"]}}],"collection":[{"href":"https:\/\/noti-america.com\/site\/mexico\/wp-json\/wp\/v2\/posts"}],"about":[{"href":"https:\/\/noti-america.com\/site\/mexico\/wp-json\/wp\/v2\/types\/post"}],"author":[{"embeddable":true,"href":"https:\/\/noti-america.com\/site\/mexico\/wp-json\/wp\/v2\/users\/28"}],"replies":[{"embeddable":true,"href":"https:\/\/noti-america.com\/site\/mexico\/wp-json\/wp\/v2\/comments?post=3360"}],"version-history":[{"count":3,"href":"https:\/\/noti-america.com\/site\/mexico\/wp-json\/wp\/v2\/posts\/3360\/revisions"}],"predecessor-version":[{"id":3367,"href":"https:\/\/noti-america.com\/site\/mexico\/wp-json\/wp\/v2\/posts\/3360\/revisions\/3367"}],"wp:featuredmedia":[{"embeddable":true,"href":"https:\/\/noti-america.com\/site\/mexico\/wp-json\/wp\/v2\/media\/3361"}],"wp:attachment":[{"href":"https:\/\/noti-america.com\/site\/mexico\/wp-json\/wp\/v2\/media?parent=3360"}],"wp:term":[{"taxonomy":"category","embeddable":true,"href":"https:\/\/noti-america.com\/site\/mexico\/wp-json\/wp\/v2\/categories?post=3360"},{"taxonomy":"post_tag","embeddable":true,"href":"https:\/\/noti-america.com\/site\/mexico\/wp-json\/wp\/v2\/tags?post=3360"}],"curies":[{"name":"wp","href":"https:\/\/api.w.org\/{rel}","templated":true}]}}