{"id":3271,"date":"2019-02-19T04:38:53","date_gmt":"2019-02-19T04:38:53","guid":{"rendered":"http:\/\/noti-america.com\/site\/mexico\/?p=3271"},"modified":"2019-02-19T04:38:53","modified_gmt":"2019-02-19T04:38:53","slug":"mexico-puede-crecer-hasta-4-anual-reitera-amlo-ante-empresarios","status":"publish","type":"post","link":"https:\/\/noti-america.com\/site\/mexico\/2019\/02\/19\/mexico-puede-crecer-hasta-4-anual-reitera-amlo-ante-empresarios\/","title":{"rendered":"M\u00e9xico puede crecer hasta 4% anual, reitera AMLO ante empresarios"},"content":{"rendered":"<h3><img loading=\"lazy\" decoding=\"async\" class=\"alignnone  wp-image-3272 aligncenter\" src=\"http:\/\/noti-america.com\/site\/mexico\/wp-content\/uploads\/sites\/13\/2019\/02\/1-40-300x180.jpg\" alt=\"\" width=\"577\" height=\"346\" srcset=\"https:\/\/noti-america.com\/site\/mexico\/wp-content\/uploads\/sites\/13\/2019\/02\/1-40-300x180.jpg 300w, https:\/\/noti-america.com\/site\/mexico\/wp-content\/uploads\/sites\/13\/2019\/02\/1-40.jpg 750w\" sizes=\"auto, (max-width: 577px) 100vw, 577px\" \/><\/h3>\n<h3><\/h3>\n<h3><\/h3>\n<h3>Fuente:\u00a0\u00a0https:\/\/www.unotv.com\/<\/h3>\n<p>&nbsp;<\/p>\n<p dir=\"ltr\">El presidente\u00a0<strong>Andr\u00e9s Manuel L\u00f3pez Obrador<\/strong>\u00a0asegur\u00f3 este lunes que el proyecto del\u00a0Gobierno de M\u00e9xico\u00a0es el\u00a0<strong>progreso del pa\u00eds<\/strong>\u00a0con justicia, porque sin \u00e9sta lo que hay\u00a0<strong>es retroceso<\/strong>; destac\u00f3 que en la naci\u00f3n s\u00ed existen las\u00a0<strong>condiciones inmejorables<\/strong>\u00a0para convertirse en una\u00a0<strong>potencia econ\u00f3mica<\/strong>.<\/p>\n<p dir=\"ltr\">[Para estar informad@: Encabeza princesa Astrid de B\u00e9lgica misi\u00f3n comercial en M\u00e9xico].<\/p>\n<p dir=\"ltr\">Al encabezar la presentaci\u00f3n del\u00a0Consejo para el Fomento de la Inversi\u00f3n, el Empleo y el Crecimiento Econ\u00f3mico\u00a0en el\u00a0<strong>Sal\u00f3n Tesorer\u00eda<\/strong>\u00a0de\u00a0<strong>Palacio Nacional,<\/strong>dijo que el territorio nacional tambi\u00e9n posee atributos para el\u00a0<strong>crecimiento anual<\/strong>\u00a0de\u00a0<strong>dos a cuatro por ciento<\/strong>, que es la meta que se fij\u00f3 el sexenio.<\/p>\n<p dir=\"ltr\"><em><strong>Se trata de sumar voluntades de sectores p\u00fablico, privado y social, bajo la premisa de que se requiere unidad de todos, pues no aumentar\u00e1 el crecimiento econ\u00f3mico sin la participaci\u00f3n de los mexicanos en su conjunto\u201d.<\/strong><\/em><\/p>\n<h2 dir=\"ltr\">L\u00edderes empresariales<\/h2>\n<p dir=\"ltr\">Precis\u00f3 que este consejo que encabezar\u00e1\u00a0<strong>Alfonso Romo Garza<\/strong>, jefe de la Oficina de la\u00a0Presidencia, lograr\u00e1 \u201cque\u00a0<strong>caminemos juntos<\/strong>\u00a0y que haya\u00a0<strong>crecimiento<\/strong>\u201d; explic\u00f3 que el crecimiento\u00a0debe\u00a0estar\u00a0<strong>junto<\/strong>,\u00a0<strong>equilibrado<\/strong>, y asever\u00f3 que en el pa\u00eds se tienen los recursos y se sabe c\u00f3mo hacerlo para que\u00a0<strong>haya m\u00e1s bienestar<\/strong>.<\/p>\n<p dir=\"ltr\"><em><strong>Se debe impulsar en especial a la regi\u00f3n sur-sureste del pa\u00eds, que es la zona con mayor rezago, para que ya no existan dos M\u00e9xicos diferentes y con desigualdades enormes, por lo que con crecimiento, inversi\u00f3n, empleo y oportunidades, se lograr\u00e1 serenar al pa\u00eds\u201d.<\/strong><\/em><\/p>\n","protected":false},"excerpt":{"rendered":"<p>Fuente:\u00a0\u00a0https:\/\/www.unotv.com\/ &nbsp; El presidente\u00a0Andr\u00e9s Manuel L\u00f3pez Obrador\u00a0asegur\u00f3 este lunes que el proyecto del\u00a0Gobierno de M\u00e9xico\u00a0es el\u00a0progreso del pa\u00eds\u00a0con justicia, porque sin \u00e9sta lo que hay\u00a0es retroceso; destac\u00f3 que en la naci\u00f3n s\u00ed existen las\u00a0condiciones&#46;&#46;&#46;<\/p>\n","protected":false},"author":28,"featured_media":3272,"comment_status":"open","ping_status":"open","sticky":false,"template":"","format":"standard","meta":{"_acf_changed":false,"om_disable_all_campaigns":false,"rop_custom_images_group":[],"rop_custom_messages_group":[],"rop_publish_now":"initial","rop_publish_now_accounts":{"twitter_242054905_242054905":""},"rop_publish_now_history":[],"rop_publish_now_status":"pending","_uf_show_specific_survey":0,"_uf_disable_surveys":false,"footnotes":""},"categories":[337],"tags":[400,401],"class_list":["post-3271","post","type-post","status-publish","format-standard","has-post-thumbnail","hentry","category-noticias","tag-mexico-puede-crecer-hasta-4-anual","tag-reitera-amlo-ante-empresarios"],"acf":[],"aioseo_notices":[],"yoast_head":"<!-- This site is optimized with the Yoast SEO Premium plugin v24.9 (Yoast SEO v27.2) - https:\/\/yoast.com\/product\/yoast-seo-premium-wordpress\/ -->\n<title>M\u00e9xico puede crecer hasta 4% anual, reitera AMLO ante empresarios - M\u00e9xico<\/title>\n<meta name=\"robots\" content=\"index, follow, max-snippet:-1, max-image-preview:large, max-video-preview:-1\" \/>\n<link rel=\"canonical\" href=\"https:\/\/noti-america.com\/site\/mexico\/2019\/02\/19\/mexico-puede-crecer-hasta-4-anual-reitera-amlo-ante-empresarios\/\" \/>\n<meta property=\"og:locale\" content=\"es_ES\" \/>\n<meta property=\"og:type\" content=\"article\" \/>\n<meta property=\"og:title\" content=\"M\u00e9xico puede crecer hasta 4% anual, reitera AMLO ante empresarios\" \/>\n<meta property=\"og:description\" content=\"Fuente:\u00a0\u00a0https:\/\/www.unotv.com\/ &nbsp; El presidente\u00a0Andr\u00e9s Manuel L\u00f3pez Obrador\u00a0asegur\u00f3 este lunes que el proyecto del\u00a0Gobierno de M\u00e9xico\u00a0es el\u00a0progreso del pa\u00eds\u00a0con justicia, porque sin \u00e9sta lo que hay\u00a0es retroceso; destac\u00f3 que en la naci\u00f3n s\u00ed existen las\u00a0condiciones&#046;&#046;&#046;\" \/>\n<meta property=\"og:url\" content=\"https:\/\/noti-america.com\/site\/mexico\/2019\/02\/19\/mexico-puede-crecer-hasta-4-anual-reitera-amlo-ante-empresarios\/\" \/>\n<meta property=\"og:site_name\" content=\"M\u00e9xico\" \/>\n<meta property=\"article:published_time\" content=\"2019-02-19T04:38:53+00:00\" \/>\n<meta property=\"og:image\" content=\"https:\/\/noti-america.com\/site\/mexico\/wp-content\/uploads\/sites\/13\/2019\/02\/1-40.jpg\" \/>\n\t<meta property=\"og:image:width\" content=\"750\" \/>\n\t<meta property=\"og:image:height\" content=\"450\" \/>\n\t<meta property=\"og:image:type\" content=\"image\/jpeg\" \/>\n<meta name=\"author\" content=\"Redacci\u00f3n NA-NY\" \/>\n<meta name=\"twitter:card\" content=\"summary_large_image\" \/>\n<meta name=\"twitter:label1\" content=\"Escrito por\" \/>\n\t<meta name=\"twitter:data1\" content=\"Redacci\u00f3n NA-NY\" \/>\n\t<meta name=\"twitter:label2\" content=\"Tiempo estimado de lectura\" \/>\n\t<meta name=\"twitter:data2\" content=\"1 minuto\" \/>\n<script type=\"application\/ld+json\" class=\"yoast-schema-graph\">{\"@context\":\"https:\/\/schema.org\",\"@graph\":[{\"@type\":\"Article\",\"@id\":\"https:\/\/noti-america.com\/site\/mexico\/2019\/02\/19\/mexico-puede-crecer-hasta-4-anual-reitera-amlo-ante-empresarios\/#article\",\"isPartOf\":{\"@id\":\"https:\/\/noti-america.com\/site\/mexico\/2019\/02\/19\/mexico-puede-crecer-hasta-4-anual-reitera-amlo-ante-empresarios\/\"},\"author\":{\"name\":\"Redacci\u00f3n NA-NY\",\"@id\":\"https:\/\/noti-america.com\/site\/mexico\/#\/schema\/person\/db5a6527aaddfc34b3753d557a1292f0\"},\"headline\":\"M\u00e9xico puede crecer hasta 4% anual, reitera AMLO ante empresarios\",\"datePublished\":\"2019-02-19T04:38:53+00:00\",\"mainEntityOfPage\":{\"@id\":\"https:\/\/noti-america.com\/site\/mexico\/2019\/02\/19\/mexico-puede-crecer-hasta-4-anual-reitera-amlo-ante-empresarios\/\"},\"wordCount\":288,\"commentCount\":0,\"publisher\":{\"@id\":\"https:\/\/noti-america.com\/site\/mexico\/#organization\"},\"image\":{\"@id\":\"https:\/\/noti-america.com\/site\/mexico\/2019\/02\/19\/mexico-puede-crecer-hasta-4-anual-reitera-amlo-ante-empresarios\/#primaryimage\"},\"thumbnailUrl\":\"https:\/\/noti-america.com\/site\/mexico\/wp-content\/uploads\/sites\/13\/2019\/02\/1-40.jpg\",\"keywords\":[\"M\u00e9xico puede crecer hasta 4% anual\",\"reitera AMLO ante empresarios\"],\"articleSection\":[\"Noticias\"],\"inLanguage\":\"es\",\"potentialAction\":[{\"@type\":\"CommentAction\",\"name\":\"Comment\",\"target\":[\"https:\/\/noti-america.com\/site\/mexico\/2019\/02\/19\/mexico-puede-crecer-hasta-4-anual-reitera-amlo-ante-empresarios\/#respond\"]}]},{\"@type\":\"WebPage\",\"@id\":\"https:\/\/noti-america.com\/site\/mexico\/2019\/02\/19\/mexico-puede-crecer-hasta-4-anual-reitera-amlo-ante-empresarios\/\",\"url\":\"https:\/\/noti-america.com\/site\/mexico\/2019\/02\/19\/mexico-puede-crecer-hasta-4-anual-reitera-amlo-ante-empresarios\/\",\"name\":\"M\u00e9xico puede crecer hasta 4% anual, reitera AMLO ante empresarios - M\u00e9xico\",\"isPartOf\":{\"@id\":\"https:\/\/noti-america.com\/site\/mexico\/#website\"},\"primaryImageOfPage\":{\"@id\":\"https:\/\/noti-america.com\/site\/mexico\/2019\/02\/19\/mexico-puede-crecer-hasta-4-anual-reitera-amlo-ante-empresarios\/#primaryimage\"},\"image\":{\"@id\":\"https:\/\/noti-america.com\/site\/mexico\/2019\/02\/19\/mexico-puede-crecer-hasta-4-anual-reitera-amlo-ante-empresarios\/#primaryimage\"},\"thumbnailUrl\":\"https:\/\/noti-america.com\/site\/mexico\/wp-content\/uploads\/sites\/13\/2019\/02\/1-40.jpg\",\"datePublished\":\"2019-02-19T04:38:53+00:00\",\"breadcrumb\":{\"@id\":\"https:\/\/noti-america.com\/site\/mexico\/2019\/02\/19\/mexico-puede-crecer-hasta-4-anual-reitera-amlo-ante-empresarios\/#breadcrumb\"},\"inLanguage\":\"es\",\"potentialAction\":[{\"@type\":\"ReadAction\",\"target\":[\"https:\/\/noti-america.com\/site\/mexico\/2019\/02\/19\/mexico-puede-crecer-hasta-4-anual-reitera-amlo-ante-empresarios\/\"]}]},{\"@type\":\"ImageObject\",\"inLanguage\":\"es\",\"@id\":\"https:\/\/noti-america.com\/site\/mexico\/2019\/02\/19\/mexico-puede-crecer-hasta-4-anual-reitera-amlo-ante-empresarios\/#primaryimage\",\"url\":\"https:\/\/noti-america.com\/site\/mexico\/wp-content\/uploads\/sites\/13\/2019\/02\/1-40.jpg\",\"contentUrl\":\"https:\/\/noti-america.com\/site\/mexico\/wp-content\/uploads\/sites\/13\/2019\/02\/1-40.jpg\",\"width\":750,\"height\":450},{\"@type\":\"BreadcrumbList\",\"@id\":\"https:\/\/noti-america.com\/site\/mexico\/2019\/02\/19\/mexico-puede-crecer-hasta-4-anual-reitera-amlo-ante-empresarios\/#breadcrumb\",\"itemListElement\":[{\"@type\":\"ListItem\",\"position\":1,\"name\":\"Portada\",\"item\":\"https:\/\/noti-america.com\/site\/mexico\/\"},{\"@type\":\"ListItem\",\"position\":2,\"name\":\"M\u00e9xico puede crecer hasta 4% anual, reitera AMLO ante empresarios\"}]},{\"@type\":\"WebSite\",\"@id\":\"https:\/\/noti-america.com\/site\/mexico\/#website\",\"url\":\"https:\/\/noti-america.com\/site\/mexico\/\",\"name\":\"M\u00e9xico | Noti-America.com\",\"description\":\"\",\"publisher\":{\"@id\":\"https:\/\/noti-america.com\/site\/mexico\/#organization\"},\"potentialAction\":[{\"@type\":\"SearchAction\",\"target\":{\"@type\":\"EntryPoint\",\"urlTemplate\":\"https:\/\/noti-america.com\/site\/mexico\/?s={search_term_string}\"},\"query-input\":{\"@type\":\"PropertyValueSpecification\",\"valueRequired\":true,\"valueName\":\"search_term_string\"}}],\"inLanguage\":\"es\"},{\"@type\":\"Organization\",\"@id\":\"https:\/\/noti-america.com\/site\/mexico\/#organization\",\"name\":\"Noti-America LLC | M\u00e9xico\",\"url\":\"https:\/\/noti-america.com\/site\/mexico\/\",\"logo\":{\"@type\":\"ImageObject\",\"inLanguage\":\"es\",\"@id\":\"https:\/\/noti-america.com\/site\/mexico\/#\/schema\/logo\/image\/\",\"url\":\"https:\/\/noti-america.com\/site\/mexico\/wp-content\/uploads\/sites\/13\/2020\/07\/LogoNA-4x3-1.jpg\",\"contentUrl\":\"https:\/\/noti-america.com\/site\/mexico\/wp-content\/uploads\/sites\/13\/2020\/07\/LogoNA-4x3-1.jpg\",\"width\":1236,\"height\":1080,\"caption\":\"Noti-America LLC | M\u00e9xico\"},\"image\":{\"@id\":\"https:\/\/noti-america.com\/site\/mexico\/#\/schema\/logo\/image\/\"}},{\"@type\":\"Person\",\"@id\":\"https:\/\/noti-america.com\/site\/mexico\/#\/schema\/person\/db5a6527aaddfc34b3753d557a1292f0\",\"name\":\"Redacci\u00f3n NA-NY\",\"image\":{\"@type\":\"ImageObject\",\"inLanguage\":\"es\",\"@id\":\"https:\/\/secure.gravatar.com\/avatar\/2bd75bb500a8deb1390f777293a9af32d934c46613d2fbac7cceb2aaa2679ae8?s=96&d=mm&r=g\",\"url\":\"https:\/\/secure.gravatar.com\/avatar\/2bd75bb500a8deb1390f777293a9af32d934c46613d2fbac7cceb2aaa2679ae8?s=96&d=mm&r=g\",\"contentUrl\":\"https:\/\/secure.gravatar.com\/avatar\/2bd75bb500a8deb1390f777293a9af32d934c46613d2fbac7cceb2aaa2679ae8?s=96&d=mm&r=g\",\"caption\":\"Redacci\u00f3n NA-NY\"},\"url\":\"https:\/\/noti-america.com\/site\/mexico\/author\/redaccionny\/\"}]}<\/script>\n<!-- \/ Yoast SEO Premium plugin. -->","yoast_head_json":{"title":"M\u00e9xico puede crecer hasta 4% anual, reitera AMLO ante empresarios - M\u00e9xico","robots":{"index":"index","follow":"follow","max-snippet":"max-snippet:-1","max-image-preview":"max-image-preview:large","max-video-preview":"max-video-preview:-1"},"canonical":"https:\/\/noti-america.com\/site\/mexico\/2019\/02\/19\/mexico-puede-crecer-hasta-4-anual-reitera-amlo-ante-empresarios\/","og_locale":"es_ES","og_type":"article","og_title":"M\u00e9xico puede crecer hasta 4% anual, reitera AMLO ante empresarios","og_description":"Fuente:\u00a0\u00a0https:\/\/www.unotv.com\/ &nbsp; El presidente\u00a0Andr\u00e9s Manuel L\u00f3pez Obrador\u00a0asegur\u00f3 este lunes que el proyecto del\u00a0Gobierno de M\u00e9xico\u00a0es el\u00a0progreso del pa\u00eds\u00a0con justicia, porque sin \u00e9sta lo que hay\u00a0es retroceso; destac\u00f3 que en la naci\u00f3n s\u00ed existen las\u00a0condiciones&#46;&#46;&#46;","og_url":"https:\/\/noti-america.com\/site\/mexico\/2019\/02\/19\/mexico-puede-crecer-hasta-4-anual-reitera-amlo-ante-empresarios\/","og_site_name":"M\u00e9xico","article_published_time":"2019-02-19T04:38:53+00:00","og_image":[{"width":750,"height":450,"url":"https:\/\/noti-america.com\/site\/mexico\/wp-content\/uploads\/sites\/13\/2019\/02\/1-40.jpg","type":"image\/jpeg"}],"author":"Redacci\u00f3n NA-NY","twitter_card":"summary_large_image","twitter_misc":{"Escrito por":"Redacci\u00f3n NA-NY","Tiempo estimado de lectura":"1 minuto"},"schema":{"@context":"https:\/\/schema.org","@graph":[{"@type":"Article","@id":"https:\/\/noti-america.com\/site\/mexico\/2019\/02\/19\/mexico-puede-crecer-hasta-4-anual-reitera-amlo-ante-empresarios\/#article","isPartOf":{"@id":"https:\/\/noti-america.com\/site\/mexico\/2019\/02\/19\/mexico-puede-crecer-hasta-4-anual-reitera-amlo-ante-empresarios\/"},"author":{"name":"Redacci\u00f3n NA-NY","@id":"https:\/\/noti-america.com\/site\/mexico\/#\/schema\/person\/db5a6527aaddfc34b3753d557a1292f0"},"headline":"M\u00e9xico puede crecer hasta 4% anual, reitera AMLO ante empresarios","datePublished":"2019-02-19T04:38:53+00:00","mainEntityOfPage":{"@id":"https:\/\/noti-america.com\/site\/mexico\/2019\/02\/19\/mexico-puede-crecer-hasta-4-anual-reitera-amlo-ante-empresarios\/"},"wordCount":288,"commentCount":0,"publisher":{"@id":"https:\/\/noti-america.com\/site\/mexico\/#organization"},"image":{"@id":"https:\/\/noti-america.com\/site\/mexico\/2019\/02\/19\/mexico-puede-crecer-hasta-4-anual-reitera-amlo-ante-empresarios\/#primaryimage"},"thumbnailUrl":"https:\/\/noti-america.com\/site\/mexico\/wp-content\/uploads\/sites\/13\/2019\/02\/1-40.jpg","keywords":["M\u00e9xico puede crecer hasta 4% anual","reitera AMLO ante empresarios"],"articleSection":["Noticias"],"inLanguage":"es","potentialAction":[{"@type":"CommentAction","name":"Comment","target":["https:\/\/noti-america.com\/site\/mexico\/2019\/02\/19\/mexico-puede-crecer-hasta-4-anual-reitera-amlo-ante-empresarios\/#respond"]}]},{"@type":"WebPage","@id":"https:\/\/noti-america.com\/site\/mexico\/2019\/02\/19\/mexico-puede-crecer-hasta-4-anual-reitera-amlo-ante-empresarios\/","url":"https:\/\/noti-america.com\/site\/mexico\/2019\/02\/19\/mexico-puede-crecer-hasta-4-anual-reitera-amlo-ante-empresarios\/","name":"M\u00e9xico puede crecer hasta 4% anual, reitera AMLO ante empresarios - M\u00e9xico","isPartOf":{"@id":"https:\/\/noti-america.com\/site\/mexico\/#website"},"primaryImageOfPage":{"@id":"https:\/\/noti-america.com\/site\/mexico\/2019\/02\/19\/mexico-puede-crecer-hasta-4-anual-reitera-amlo-ante-empresarios\/#primaryimage"},"image":{"@id":"https:\/\/noti-america.com\/site\/mexico\/2019\/02\/19\/mexico-puede-crecer-hasta-4-anual-reitera-amlo-ante-empresarios\/#primaryimage"},"thumbnailUrl":"https:\/\/noti-america.com\/site\/mexico\/wp-content\/uploads\/sites\/13\/2019\/02\/1-40.jpg","datePublished":"2019-02-19T04:38:53+00:00","breadcrumb":{"@id":"https:\/\/noti-america.com\/site\/mexico\/2019\/02\/19\/mexico-puede-crecer-hasta-4-anual-reitera-amlo-ante-empresarios\/#breadcrumb"},"inLanguage":"es","potentialAction":[{"@type":"ReadAction","target":["https:\/\/noti-america.com\/site\/mexico\/2019\/02\/19\/mexico-puede-crecer-hasta-4-anual-reitera-amlo-ante-empresarios\/"]}]},{"@type":"ImageObject","inLanguage":"es","@id":"https:\/\/noti-america.com\/site\/mexico\/2019\/02\/19\/mexico-puede-crecer-hasta-4-anual-reitera-amlo-ante-empresarios\/#primaryimage","url":"https:\/\/noti-america.com\/site\/mexico\/wp-content\/uploads\/sites\/13\/2019\/02\/1-40.jpg","contentUrl":"https:\/\/noti-america.com\/site\/mexico\/wp-content\/uploads\/sites\/13\/2019\/02\/1-40.jpg","width":750,"height":450},{"@type":"BreadcrumbList","@id":"https:\/\/noti-america.com\/site\/mexico\/2019\/02\/19\/mexico-puede-crecer-hasta-4-anual-reitera-amlo-ante-empresarios\/#breadcrumb","itemListElement":[{"@type":"ListItem","position":1,"name":"Portada","item":"https:\/\/noti-america.com\/site\/mexico\/"},{"@type":"ListItem","position":2,"name":"M\u00e9xico puede crecer hasta 4% anual, reitera AMLO ante empresarios"}]},{"@type":"WebSite","@id":"https:\/\/noti-america.com\/site\/mexico\/#website","url":"https:\/\/noti-america.com\/site\/mexico\/","name":"M\u00e9xico | Noti-America.com","description":"","publisher":{"@id":"https:\/\/noti-america.com\/site\/mexico\/#organization"},"potentialAction":[{"@type":"SearchAction","target":{"@type":"EntryPoint","urlTemplate":"https:\/\/noti-america.com\/site\/mexico\/?s={search_term_string}"},"query-input":{"@type":"PropertyValueSpecification","valueRequired":true,"valueName":"search_term_string"}}],"inLanguage":"es"},{"@type":"Organization","@id":"https:\/\/noti-america.com\/site\/mexico\/#organization","name":"Noti-America LLC | M\u00e9xico","url":"https:\/\/noti-america.com\/site\/mexico\/","logo":{"@type":"ImageObject","inLanguage":"es","@id":"https:\/\/noti-america.com\/site\/mexico\/#\/schema\/logo\/image\/","url":"https:\/\/noti-america.com\/site\/mexico\/wp-content\/uploads\/sites\/13\/2020\/07\/LogoNA-4x3-1.jpg","contentUrl":"https:\/\/noti-america.com\/site\/mexico\/wp-content\/uploads\/sites\/13\/2020\/07\/LogoNA-4x3-1.jpg","width":1236,"height":1080,"caption":"Noti-America LLC | M\u00e9xico"},"image":{"@id":"https:\/\/noti-america.com\/site\/mexico\/#\/schema\/logo\/image\/"}},{"@type":"Person","@id":"https:\/\/noti-america.com\/site\/mexico\/#\/schema\/person\/db5a6527aaddfc34b3753d557a1292f0","name":"Redacci\u00f3n NA-NY","image":{"@type":"ImageObject","inLanguage":"es","@id":"https:\/\/secure.gravatar.com\/avatar\/2bd75bb500a8deb1390f777293a9af32d934c46613d2fbac7cceb2aaa2679ae8?s=96&d=mm&r=g","url":"https:\/\/secure.gravatar.com\/avatar\/2bd75bb500a8deb1390f777293a9af32d934c46613d2fbac7cceb2aaa2679ae8?s=96&d=mm&r=g","contentUrl":"https:\/\/secure.gravatar.com\/avatar\/2bd75bb500a8deb1390f777293a9af32d934c46613d2fbac7cceb2aaa2679ae8?s=96&d=mm&r=g","caption":"Redacci\u00f3n NA-NY"},"url":"https:\/\/noti-america.com\/site\/mexico\/author\/redaccionny\/"}]}},"_links":{"self":[{"href":"https:\/\/noti-america.com\/site\/mexico\/wp-json\/wp\/v2\/posts\/3271","targetHints":{"allow":["GET"]}}],"collection":[{"href":"https:\/\/noti-america.com\/site\/mexico\/wp-json\/wp\/v2\/posts"}],"about":[{"href":"https:\/\/noti-america.com\/site\/mexico\/wp-json\/wp\/v2\/types\/post"}],"author":[{"embeddable":true,"href":"https:\/\/noti-america.com\/site\/mexico\/wp-json\/wp\/v2\/users\/28"}],"replies":[{"embeddable":true,"href":"https:\/\/noti-america.com\/site\/mexico\/wp-json\/wp\/v2\/comments?post=3271"}],"version-history":[{"count":1,"href":"https:\/\/noti-america.com\/site\/mexico\/wp-json\/wp\/v2\/posts\/3271\/revisions"}],"predecessor-version":[{"id":3273,"href":"https:\/\/noti-america.com\/site\/mexico\/wp-json\/wp\/v2\/posts\/3271\/revisions\/3273"}],"wp:featuredmedia":[{"embeddable":true,"href":"https:\/\/noti-america.com\/site\/mexico\/wp-json\/wp\/v2\/media\/3272"}],"wp:attachment":[{"href":"https:\/\/noti-america.com\/site\/mexico\/wp-json\/wp\/v2\/media?parent=3271"}],"wp:term":[{"taxonomy":"category","embeddable":true,"href":"https:\/\/noti-america.com\/site\/mexico\/wp-json\/wp\/v2\/categories?post=3271"},{"taxonomy":"post_tag","embeddable":true,"href":"https:\/\/noti-america.com\/site\/mexico\/wp-json\/wp\/v2\/tags?post=3271"}],"curies":[{"name":"wp","href":"https:\/\/api.w.org\/{rel}","templated":true}]}}