{"id":3224,"date":"2019-02-18T06:21:52","date_gmt":"2019-02-18T06:21:52","guid":{"rendered":"http:\/\/noti-america.com\/site\/mexico\/?p=3224"},"modified":"2019-02-18T06:21:52","modified_gmt":"2019-02-18T06:21:52","slug":"expulsan-de-venezuela-a-eurodiputados-que-se-reunirian-con-guaido","status":"publish","type":"post","link":"https:\/\/noti-america.com\/site\/mexico\/2019\/02\/18\/expulsan-de-venezuela-a-eurodiputados-que-se-reunirian-con-guaido\/","title":{"rendered":"Expulsan de Venezuela a eurodiputados que se reunir\u00edan con Guaid\u00f3"},"content":{"rendered":"<p><img loading=\"lazy\" decoding=\"async\" class=\" wp-image-3227 aligncenter\" src=\"http:\/\/noti-america.com\/site\/mexico\/wp-content\/uploads\/sites\/13\/2019\/02\/1-34.jpg\" alt=\"\" width=\"603\" height=\"376\" \/><\/p>\n<h3><\/h3>\n<h3>Fuente:\u00a0https:\/\/www.unotv.com<\/h3>\n<p>&nbsp;<\/p>\n<p dir=\"ltr\">Al menos\u00a0<strong>seis eurodiputados<\/strong>\u00a0fueron detenidos este domingo en el\u00a0Aeropuerto Internacional de Maiquet\u00eda Sim\u00f3n Bol\u00edvar\u00a0y echados de\u00a0<strong>Venezuela<\/strong>\u00a0para \u201cevitar\u201d una reuni\u00f3n con\u00a0<strong>Juan Gerardo Guaid\u00f3 M\u00e1rquez<\/strong>, l\u00edder de la opositora\u00a0<strong>Asamblea Nacional<\/strong>\u00a0(<strong>AN<\/strong>) y autoproclamado \u201c<strong>presidente encargado<\/strong>\u201d.<\/p>\n<p dir=\"ltr\">\n<p dir=\"ltr\">A trav\u00e9s de un\u00a0<strong>video<\/strong>\u00a0difundido en la cuenta de\u00a0<strong>Twitter<\/strong>\u00a0de la\u00a0<strong>activista<\/strong>venezolana\u00a0<strong>Lilian Adriana Tintori Parra<\/strong>, el eurodiputado espa\u00f1ol\u00a0<strong>Esteban Gonz\u00e1lez Pons<\/strong>\u00a0detall\u00f3 que a \u00e9l y a la comitiva, \u201cprimera delegaci\u00f3n\u00a0<strong>que visitar\u00eda<\/strong>\u00a0a Guaid\u00f3\u201d, le\u00a0<strong>retuvieron sus pasaportes<\/strong>.<\/p>\n<p dir=\"ltr\"><em><strong>No dijeron razones; no presentaron alg\u00fan documento que explique la situaci\u00f3n. Llegamos a Venezuela por una invitaci\u00f3n oficial de la (AN), un \u00f3rgano reconocido incluso por el propio (presidente Nicol\u00e1s) Maduro con el fin de evitar que Guaid\u00f3 vea a alguna personalidad extranjera\u201d.<\/strong><\/em><\/p>\n<p dir=\"ltr\">El pol\u00edtico dijo que \u201ccuando en un\u00a0<strong>pa\u00eds<\/strong>, un\u00a0<strong>dictador<\/strong>, cierra las\u00a0<strong>ventanas<\/strong>\u00a0y\u00a0<strong>apaga las luces<\/strong>, es porque va a pasar\u00a0<strong>de las palabras a los hechos<\/strong>. \u00a1<strong>Viva Venezuela libre<\/strong>!\u201d.<\/p>\n<p dir=\"ltr\">La comitiva del\u00a0Parlamento Europeo\u00a0tambi\u00e9n estaba integrada, seg\u00fan el\u00a0<strong>mismo texto<\/strong>\u00a0que acompa\u00f1a al video de Tintori Parra, por:<\/p>\n<ul dir=\"ltr\">\n<li><strong>Esther de Lange<\/strong>, de Pa\u00edses Bajos<\/li>\n<li><strong>Paulo Artur dos Santos Castro de Campos Rangel<\/strong>, de Portugal<\/li>\n<li><strong>Jos\u00e9 Ignacio Salafranca S\u00e1nchez-Neyra<\/strong>, de Espa\u00f1a<\/li>\n<li><strong>Gabriel Mato Adrover<\/strong>, de Espa\u00f1a<\/li>\n<li><strong>Juan Salafranca,\u00a0<\/strong>de Espa\u00f1a<\/li>\n<\/ul>\n","protected":false},"excerpt":{"rendered":"<p>Fuente:\u00a0https:\/\/www.unotv.com &nbsp; Al menos\u00a0seis eurodiputados\u00a0fueron detenidos este domingo en el\u00a0Aeropuerto Internacional de Maiquet\u00eda Sim\u00f3n Bol\u00edvar\u00a0y echados de\u00a0Venezuela\u00a0para \u201cevitar\u201d una reuni\u00f3n con\u00a0Juan Gerardo Guaid\u00f3 M\u00e1rquez, l\u00edder de la opositora\u00a0Asamblea Nacional\u00a0(AN) y autoproclamado \u201cpresidente encargado\u201d. A&#46;&#46;&#46;<\/p>\n","protected":false},"author":28,"featured_media":3228,"comment_status":"open","ping_status":"open","sticky":false,"template":"","format":"standard","meta":{"_acf_changed":false,"om_disable_all_campaigns":false,"rop_custom_images_group":[],"rop_custom_messages_group":[],"rop_publish_now":"initial","rop_publish_now_accounts":{"twitter_242054905_242054905":""},"rop_publish_now_history":[],"rop_publish_now_status":"pending","_uf_show_specific_survey":0,"_uf_disable_surveys":false,"footnotes":""},"categories":[4],"tags":[391],"class_list":["post-3224","post","type-post","status-publish","format-standard","has-post-thumbnail","hentry","category-internacionales","tag-expulsan-de-venezuela-a-eurodiputados-que-se-reunirian-con-guaido"],"acf":[],"aioseo_notices":[],"yoast_head":"<!-- This site is optimized with the Yoast SEO Premium plugin v24.9 (Yoast SEO v27.2) - https:\/\/yoast.com\/product\/yoast-seo-premium-wordpress\/ -->\n<title>Expulsan de Venezuela a eurodiputados que se reunir\u00edan con Guaid\u00f3 - M\u00e9xico<\/title>\n<meta name=\"robots\" content=\"index, follow, max-snippet:-1, max-image-preview:large, max-video-preview:-1\" \/>\n<link rel=\"canonical\" href=\"https:\/\/noti-america.com\/site\/mexico\/2019\/02\/18\/expulsan-de-venezuela-a-eurodiputados-que-se-reunirian-con-guaido\/\" \/>\n<meta property=\"og:locale\" content=\"es_ES\" \/>\n<meta property=\"og:type\" content=\"article\" \/>\n<meta property=\"og:title\" content=\"Expulsan de Venezuela a eurodiputados que se reunir\u00edan con Guaid\u00f3\" \/>\n<meta property=\"og:description\" content=\"Fuente:\u00a0https:\/\/www.unotv.com &nbsp; Al menos\u00a0seis eurodiputados\u00a0fueron detenidos este domingo en el\u00a0Aeropuerto Internacional de Maiquet\u00eda Sim\u00f3n Bol\u00edvar\u00a0y echados de\u00a0Venezuela\u00a0para \u201cevitar\u201d una reuni\u00f3n con\u00a0Juan Gerardo Guaid\u00f3 M\u00e1rquez, l\u00edder de la opositora\u00a0Asamblea Nacional\u00a0(AN) y autoproclamado \u201cpresidente encargado\u201d. A&#046;&#046;&#046;\" \/>\n<meta property=\"og:url\" content=\"https:\/\/noti-america.com\/site\/mexico\/2019\/02\/18\/expulsan-de-venezuela-a-eurodiputados-que-se-reunirian-con-guaido\/\" \/>\n<meta property=\"og:site_name\" content=\"M\u00e9xico\" \/>\n<meta property=\"article:published_time\" content=\"2019-02-18T06:21:52+00:00\" \/>\n<meta property=\"og:image\" content=\"https:\/\/noti-america.com\/site\/mexico\/wp-content\/uploads\/sites\/13\/2019\/02\/2-17.jpg\" \/>\n\t<meta property=\"og:image:width\" content=\"200\" \/>\n\t<meta property=\"og:image:height\" content=\"200\" \/>\n\t<meta property=\"og:image:type\" content=\"image\/jpeg\" \/>\n<meta name=\"author\" content=\"Redacci\u00f3n NA-NY\" \/>\n<meta name=\"twitter:card\" content=\"summary_large_image\" \/>\n<meta name=\"twitter:label1\" content=\"Escrito por\" \/>\n\t<meta name=\"twitter:data1\" content=\"Redacci\u00f3n NA-NY\" \/>\n\t<meta name=\"twitter:label2\" content=\"Tiempo estimado de lectura\" \/>\n\t<meta name=\"twitter:data2\" content=\"1 minuto\" \/>\n<script type=\"application\/ld+json\" class=\"yoast-schema-graph\">{\"@context\":\"https:\/\/schema.org\",\"@graph\":[{\"@type\":\"Article\",\"@id\":\"https:\/\/noti-america.com\/site\/mexico\/2019\/02\/18\/expulsan-de-venezuela-a-eurodiputados-que-se-reunirian-con-guaido\/#article\",\"isPartOf\":{\"@id\":\"https:\/\/noti-america.com\/site\/mexico\/2019\/02\/18\/expulsan-de-venezuela-a-eurodiputados-que-se-reunirian-con-guaido\/\"},\"author\":{\"name\":\"Redacci\u00f3n NA-NY\",\"@id\":\"https:\/\/noti-america.com\/site\/mexico\/#\/schema\/person\/db5a6527aaddfc34b3753d557a1292f0\"},\"headline\":\"Expulsan de Venezuela a eurodiputados que se reunir\u00edan con Guaid\u00f3\",\"datePublished\":\"2019-02-18T06:21:52+00:00\",\"mainEntityOfPage\":{\"@id\":\"https:\/\/noti-america.com\/site\/mexico\/2019\/02\/18\/expulsan-de-venezuela-a-eurodiputados-que-se-reunirian-con-guaido\/\"},\"wordCount\":249,\"commentCount\":0,\"publisher\":{\"@id\":\"https:\/\/noti-america.com\/site\/mexico\/#organization\"},\"image\":{\"@id\":\"https:\/\/noti-america.com\/site\/mexico\/2019\/02\/18\/expulsan-de-venezuela-a-eurodiputados-que-se-reunirian-con-guaido\/#primaryimage\"},\"thumbnailUrl\":\"https:\/\/noti-america.com\/site\/mexico\/wp-content\/uploads\/sites\/13\/2019\/02\/2-17.jpg\",\"keywords\":[\"Expulsan de Venezuela a eurodiputados que se reunir\u00edan con Guaid\u00f3\"],\"articleSection\":[\"Internacionales\"],\"inLanguage\":\"es\",\"potentialAction\":[{\"@type\":\"CommentAction\",\"name\":\"Comment\",\"target\":[\"https:\/\/noti-america.com\/site\/mexico\/2019\/02\/18\/expulsan-de-venezuela-a-eurodiputados-que-se-reunirian-con-guaido\/#respond\"]}]},{\"@type\":\"WebPage\",\"@id\":\"https:\/\/noti-america.com\/site\/mexico\/2019\/02\/18\/expulsan-de-venezuela-a-eurodiputados-que-se-reunirian-con-guaido\/\",\"url\":\"https:\/\/noti-america.com\/site\/mexico\/2019\/02\/18\/expulsan-de-venezuela-a-eurodiputados-que-se-reunirian-con-guaido\/\",\"name\":\"Expulsan de Venezuela a eurodiputados que se reunir\u00edan con Guaid\u00f3 - M\u00e9xico\",\"isPartOf\":{\"@id\":\"https:\/\/noti-america.com\/site\/mexico\/#website\"},\"primaryImageOfPage\":{\"@id\":\"https:\/\/noti-america.com\/site\/mexico\/2019\/02\/18\/expulsan-de-venezuela-a-eurodiputados-que-se-reunirian-con-guaido\/#primaryimage\"},\"image\":{\"@id\":\"https:\/\/noti-america.com\/site\/mexico\/2019\/02\/18\/expulsan-de-venezuela-a-eurodiputados-que-se-reunirian-con-guaido\/#primaryimage\"},\"thumbnailUrl\":\"https:\/\/noti-america.com\/site\/mexico\/wp-content\/uploads\/sites\/13\/2019\/02\/2-17.jpg\",\"datePublished\":\"2019-02-18T06:21:52+00:00\",\"breadcrumb\":{\"@id\":\"https:\/\/noti-america.com\/site\/mexico\/2019\/02\/18\/expulsan-de-venezuela-a-eurodiputados-que-se-reunirian-con-guaido\/#breadcrumb\"},\"inLanguage\":\"es\",\"potentialAction\":[{\"@type\":\"ReadAction\",\"target\":[\"https:\/\/noti-america.com\/site\/mexico\/2019\/02\/18\/expulsan-de-venezuela-a-eurodiputados-que-se-reunirian-con-guaido\/\"]}]},{\"@type\":\"ImageObject\",\"inLanguage\":\"es\",\"@id\":\"https:\/\/noti-america.com\/site\/mexico\/2019\/02\/18\/expulsan-de-venezuela-a-eurodiputados-que-se-reunirian-con-guaido\/#primaryimage\",\"url\":\"https:\/\/noti-america.com\/site\/mexico\/wp-content\/uploads\/sites\/13\/2019\/02\/2-17.jpg\",\"contentUrl\":\"https:\/\/noti-america.com\/site\/mexico\/wp-content\/uploads\/sites\/13\/2019\/02\/2-17.jpg\",\"width\":200,\"height\":200},{\"@type\":\"BreadcrumbList\",\"@id\":\"https:\/\/noti-america.com\/site\/mexico\/2019\/02\/18\/expulsan-de-venezuela-a-eurodiputados-que-se-reunirian-con-guaido\/#breadcrumb\",\"itemListElement\":[{\"@type\":\"ListItem\",\"position\":1,\"name\":\"Portada\",\"item\":\"https:\/\/noti-america.com\/site\/mexico\/\"},{\"@type\":\"ListItem\",\"position\":2,\"name\":\"Expulsan de Venezuela a eurodiputados que se reunir\u00edan con Guaid\u00f3\"}]},{\"@type\":\"WebSite\",\"@id\":\"https:\/\/noti-america.com\/site\/mexico\/#website\",\"url\":\"https:\/\/noti-america.com\/site\/mexico\/\",\"name\":\"M\u00e9xico | Noti-America.com\",\"description\":\"\",\"publisher\":{\"@id\":\"https:\/\/noti-america.com\/site\/mexico\/#organization\"},\"potentialAction\":[{\"@type\":\"SearchAction\",\"target\":{\"@type\":\"EntryPoint\",\"urlTemplate\":\"https:\/\/noti-america.com\/site\/mexico\/?s={search_term_string}\"},\"query-input\":{\"@type\":\"PropertyValueSpecification\",\"valueRequired\":true,\"valueName\":\"search_term_string\"}}],\"inLanguage\":\"es\"},{\"@type\":\"Organization\",\"@id\":\"https:\/\/noti-america.com\/site\/mexico\/#organization\",\"name\":\"Noti-America LLC | M\u00e9xico\",\"url\":\"https:\/\/noti-america.com\/site\/mexico\/\",\"logo\":{\"@type\":\"ImageObject\",\"inLanguage\":\"es\",\"@id\":\"https:\/\/noti-america.com\/site\/mexico\/#\/schema\/logo\/image\/\",\"url\":\"https:\/\/noti-america.com\/site\/mexico\/wp-content\/uploads\/sites\/13\/2020\/07\/LogoNA-4x3-1.jpg\",\"contentUrl\":\"https:\/\/noti-america.com\/site\/mexico\/wp-content\/uploads\/sites\/13\/2020\/07\/LogoNA-4x3-1.jpg\",\"width\":1236,\"height\":1080,\"caption\":\"Noti-America LLC | M\u00e9xico\"},\"image\":{\"@id\":\"https:\/\/noti-america.com\/site\/mexico\/#\/schema\/logo\/image\/\"}},{\"@type\":\"Person\",\"@id\":\"https:\/\/noti-america.com\/site\/mexico\/#\/schema\/person\/db5a6527aaddfc34b3753d557a1292f0\",\"name\":\"Redacci\u00f3n NA-NY\",\"image\":{\"@type\":\"ImageObject\",\"inLanguage\":\"es\",\"@id\":\"https:\/\/secure.gravatar.com\/avatar\/2bd75bb500a8deb1390f777293a9af32d934c46613d2fbac7cceb2aaa2679ae8?s=96&d=mm&r=g\",\"url\":\"https:\/\/secure.gravatar.com\/avatar\/2bd75bb500a8deb1390f777293a9af32d934c46613d2fbac7cceb2aaa2679ae8?s=96&d=mm&r=g\",\"contentUrl\":\"https:\/\/secure.gravatar.com\/avatar\/2bd75bb500a8deb1390f777293a9af32d934c46613d2fbac7cceb2aaa2679ae8?s=96&d=mm&r=g\",\"caption\":\"Redacci\u00f3n NA-NY\"},\"url\":\"https:\/\/noti-america.com\/site\/mexico\/author\/redaccionny\/\"}]}<\/script>\n<!-- \/ Yoast SEO Premium plugin. -->","yoast_head_json":{"title":"Expulsan de Venezuela a eurodiputados que se reunir\u00edan con Guaid\u00f3 - M\u00e9xico","robots":{"index":"index","follow":"follow","max-snippet":"max-snippet:-1","max-image-preview":"max-image-preview:large","max-video-preview":"max-video-preview:-1"},"canonical":"https:\/\/noti-america.com\/site\/mexico\/2019\/02\/18\/expulsan-de-venezuela-a-eurodiputados-que-se-reunirian-con-guaido\/","og_locale":"es_ES","og_type":"article","og_title":"Expulsan de Venezuela a eurodiputados que se reunir\u00edan con Guaid\u00f3","og_description":"Fuente:\u00a0https:\/\/www.unotv.com &nbsp; Al menos\u00a0seis eurodiputados\u00a0fueron detenidos este domingo en el\u00a0Aeropuerto Internacional de Maiquet\u00eda Sim\u00f3n Bol\u00edvar\u00a0y echados de\u00a0Venezuela\u00a0para \u201cevitar\u201d una reuni\u00f3n con\u00a0Juan Gerardo Guaid\u00f3 M\u00e1rquez, l\u00edder de la opositora\u00a0Asamblea Nacional\u00a0(AN) y autoproclamado \u201cpresidente encargado\u201d. A&#46;&#46;&#46;","og_url":"https:\/\/noti-america.com\/site\/mexico\/2019\/02\/18\/expulsan-de-venezuela-a-eurodiputados-que-se-reunirian-con-guaido\/","og_site_name":"M\u00e9xico","article_published_time":"2019-02-18T06:21:52+00:00","og_image":[{"width":200,"height":200,"url":"https:\/\/noti-america.com\/site\/mexico\/wp-content\/uploads\/sites\/13\/2019\/02\/2-17.jpg","type":"image\/jpeg"}],"author":"Redacci\u00f3n NA-NY","twitter_card":"summary_large_image","twitter_misc":{"Escrito por":"Redacci\u00f3n NA-NY","Tiempo estimado de lectura":"1 minuto"},"schema":{"@context":"https:\/\/schema.org","@graph":[{"@type":"Article","@id":"https:\/\/noti-america.com\/site\/mexico\/2019\/02\/18\/expulsan-de-venezuela-a-eurodiputados-que-se-reunirian-con-guaido\/#article","isPartOf":{"@id":"https:\/\/noti-america.com\/site\/mexico\/2019\/02\/18\/expulsan-de-venezuela-a-eurodiputados-que-se-reunirian-con-guaido\/"},"author":{"name":"Redacci\u00f3n NA-NY","@id":"https:\/\/noti-america.com\/site\/mexico\/#\/schema\/person\/db5a6527aaddfc34b3753d557a1292f0"},"headline":"Expulsan de Venezuela a eurodiputados que se reunir\u00edan con Guaid\u00f3","datePublished":"2019-02-18T06:21:52+00:00","mainEntityOfPage":{"@id":"https:\/\/noti-america.com\/site\/mexico\/2019\/02\/18\/expulsan-de-venezuela-a-eurodiputados-que-se-reunirian-con-guaido\/"},"wordCount":249,"commentCount":0,"publisher":{"@id":"https:\/\/noti-america.com\/site\/mexico\/#organization"},"image":{"@id":"https:\/\/noti-america.com\/site\/mexico\/2019\/02\/18\/expulsan-de-venezuela-a-eurodiputados-que-se-reunirian-con-guaido\/#primaryimage"},"thumbnailUrl":"https:\/\/noti-america.com\/site\/mexico\/wp-content\/uploads\/sites\/13\/2019\/02\/2-17.jpg","keywords":["Expulsan de Venezuela a eurodiputados que se reunir\u00edan con Guaid\u00f3"],"articleSection":["Internacionales"],"inLanguage":"es","potentialAction":[{"@type":"CommentAction","name":"Comment","target":["https:\/\/noti-america.com\/site\/mexico\/2019\/02\/18\/expulsan-de-venezuela-a-eurodiputados-que-se-reunirian-con-guaido\/#respond"]}]},{"@type":"WebPage","@id":"https:\/\/noti-america.com\/site\/mexico\/2019\/02\/18\/expulsan-de-venezuela-a-eurodiputados-que-se-reunirian-con-guaido\/","url":"https:\/\/noti-america.com\/site\/mexico\/2019\/02\/18\/expulsan-de-venezuela-a-eurodiputados-que-se-reunirian-con-guaido\/","name":"Expulsan de Venezuela a eurodiputados que se reunir\u00edan con Guaid\u00f3 - M\u00e9xico","isPartOf":{"@id":"https:\/\/noti-america.com\/site\/mexico\/#website"},"primaryImageOfPage":{"@id":"https:\/\/noti-america.com\/site\/mexico\/2019\/02\/18\/expulsan-de-venezuela-a-eurodiputados-que-se-reunirian-con-guaido\/#primaryimage"},"image":{"@id":"https:\/\/noti-america.com\/site\/mexico\/2019\/02\/18\/expulsan-de-venezuela-a-eurodiputados-que-se-reunirian-con-guaido\/#primaryimage"},"thumbnailUrl":"https:\/\/noti-america.com\/site\/mexico\/wp-content\/uploads\/sites\/13\/2019\/02\/2-17.jpg","datePublished":"2019-02-18T06:21:52+00:00","breadcrumb":{"@id":"https:\/\/noti-america.com\/site\/mexico\/2019\/02\/18\/expulsan-de-venezuela-a-eurodiputados-que-se-reunirian-con-guaido\/#breadcrumb"},"inLanguage":"es","potentialAction":[{"@type":"ReadAction","target":["https:\/\/noti-america.com\/site\/mexico\/2019\/02\/18\/expulsan-de-venezuela-a-eurodiputados-que-se-reunirian-con-guaido\/"]}]},{"@type":"ImageObject","inLanguage":"es","@id":"https:\/\/noti-america.com\/site\/mexico\/2019\/02\/18\/expulsan-de-venezuela-a-eurodiputados-que-se-reunirian-con-guaido\/#primaryimage","url":"https:\/\/noti-america.com\/site\/mexico\/wp-content\/uploads\/sites\/13\/2019\/02\/2-17.jpg","contentUrl":"https:\/\/noti-america.com\/site\/mexico\/wp-content\/uploads\/sites\/13\/2019\/02\/2-17.jpg","width":200,"height":200},{"@type":"BreadcrumbList","@id":"https:\/\/noti-america.com\/site\/mexico\/2019\/02\/18\/expulsan-de-venezuela-a-eurodiputados-que-se-reunirian-con-guaido\/#breadcrumb","itemListElement":[{"@type":"ListItem","position":1,"name":"Portada","item":"https:\/\/noti-america.com\/site\/mexico\/"},{"@type":"ListItem","position":2,"name":"Expulsan de Venezuela a eurodiputados que se reunir\u00edan con Guaid\u00f3"}]},{"@type":"WebSite","@id":"https:\/\/noti-america.com\/site\/mexico\/#website","url":"https:\/\/noti-america.com\/site\/mexico\/","name":"M\u00e9xico | Noti-America.com","description":"","publisher":{"@id":"https:\/\/noti-america.com\/site\/mexico\/#organization"},"potentialAction":[{"@type":"SearchAction","target":{"@type":"EntryPoint","urlTemplate":"https:\/\/noti-america.com\/site\/mexico\/?s={search_term_string}"},"query-input":{"@type":"PropertyValueSpecification","valueRequired":true,"valueName":"search_term_string"}}],"inLanguage":"es"},{"@type":"Organization","@id":"https:\/\/noti-america.com\/site\/mexico\/#organization","name":"Noti-America LLC | M\u00e9xico","url":"https:\/\/noti-america.com\/site\/mexico\/","logo":{"@type":"ImageObject","inLanguage":"es","@id":"https:\/\/noti-america.com\/site\/mexico\/#\/schema\/logo\/image\/","url":"https:\/\/noti-america.com\/site\/mexico\/wp-content\/uploads\/sites\/13\/2020\/07\/LogoNA-4x3-1.jpg","contentUrl":"https:\/\/noti-america.com\/site\/mexico\/wp-content\/uploads\/sites\/13\/2020\/07\/LogoNA-4x3-1.jpg","width":1236,"height":1080,"caption":"Noti-America LLC | M\u00e9xico"},"image":{"@id":"https:\/\/noti-america.com\/site\/mexico\/#\/schema\/logo\/image\/"}},{"@type":"Person","@id":"https:\/\/noti-america.com\/site\/mexico\/#\/schema\/person\/db5a6527aaddfc34b3753d557a1292f0","name":"Redacci\u00f3n NA-NY","image":{"@type":"ImageObject","inLanguage":"es","@id":"https:\/\/secure.gravatar.com\/avatar\/2bd75bb500a8deb1390f777293a9af32d934c46613d2fbac7cceb2aaa2679ae8?s=96&d=mm&r=g","url":"https:\/\/secure.gravatar.com\/avatar\/2bd75bb500a8deb1390f777293a9af32d934c46613d2fbac7cceb2aaa2679ae8?s=96&d=mm&r=g","contentUrl":"https:\/\/secure.gravatar.com\/avatar\/2bd75bb500a8deb1390f777293a9af32d934c46613d2fbac7cceb2aaa2679ae8?s=96&d=mm&r=g","caption":"Redacci\u00f3n NA-NY"},"url":"https:\/\/noti-america.com\/site\/mexico\/author\/redaccionny\/"}]}},"_links":{"self":[{"href":"https:\/\/noti-america.com\/site\/mexico\/wp-json\/wp\/v2\/posts\/3224","targetHints":{"allow":["GET"]}}],"collection":[{"href":"https:\/\/noti-america.com\/site\/mexico\/wp-json\/wp\/v2\/posts"}],"about":[{"href":"https:\/\/noti-america.com\/site\/mexico\/wp-json\/wp\/v2\/types\/post"}],"author":[{"embeddable":true,"href":"https:\/\/noti-america.com\/site\/mexico\/wp-json\/wp\/v2\/users\/28"}],"replies":[{"embeddable":true,"href":"https:\/\/noti-america.com\/site\/mexico\/wp-json\/wp\/v2\/comments?post=3224"}],"version-history":[{"count":2,"href":"https:\/\/noti-america.com\/site\/mexico\/wp-json\/wp\/v2\/posts\/3224\/revisions"}],"predecessor-version":[{"id":3229,"href":"https:\/\/noti-america.com\/site\/mexico\/wp-json\/wp\/v2\/posts\/3224\/revisions\/3229"}],"wp:featuredmedia":[{"embeddable":true,"href":"https:\/\/noti-america.com\/site\/mexico\/wp-json\/wp\/v2\/media\/3228"}],"wp:attachment":[{"href":"https:\/\/noti-america.com\/site\/mexico\/wp-json\/wp\/v2\/media?parent=3224"}],"wp:term":[{"taxonomy":"category","embeddable":true,"href":"https:\/\/noti-america.com\/site\/mexico\/wp-json\/wp\/v2\/categories?post=3224"},{"taxonomy":"post_tag","embeddable":true,"href":"https:\/\/noti-america.com\/site\/mexico\/wp-json\/wp\/v2\/tags?post=3224"}],"curies":[{"name":"wp","href":"https:\/\/api.w.org\/{rel}","templated":true}]}}