{"id":3156,"date":"2019-02-13T15:23:13","date_gmt":"2019-02-13T15:23:13","guid":{"rendered":"http:\/\/noti-america.com\/site\/mexico\/?p=3156"},"modified":"2019-02-13T15:23:13","modified_gmt":"2019-02-13T15:23:13","slug":"el-vacio-que-deja-el-chapo-en-sinaloa","status":"publish","type":"post","link":"https:\/\/noti-america.com\/site\/mexico\/2019\/02\/13\/el-vacio-que-deja-el-chapo-en-sinaloa\/","title":{"rendered":"El vac\u00edo que deja \u00abEl Chapo\u00bb en Sinaloa"},"content":{"rendered":"<h3><img loading=\"lazy\" decoding=\"async\" class=\"alignnone  wp-image-3157 aligncenter\" src=\"http:\/\/noti-america.com\/site\/mexico\/wp-content\/uploads\/sites\/13\/2019\/02\/1-25-300x137.jpg\" alt=\"\" width=\"604\" height=\"276\" srcset=\"https:\/\/noti-america.com\/site\/mexico\/wp-content\/uploads\/sites\/13\/2019\/02\/1-25-300x137.jpg 300w, https:\/\/noti-america.com\/site\/mexico\/wp-content\/uploads\/sites\/13\/2019\/02\/1-25-768x351.jpg 768w, https:\/\/noti-america.com\/site\/mexico\/wp-content\/uploads\/sites\/13\/2019\/02\/1-25-1024x468.jpg 1024w, https:\/\/noti-america.com\/site\/mexico\/wp-content\/uploads\/sites\/13\/2019\/02\/1-25-980x450.jpg 980w, https:\/\/noti-america.com\/site\/mexico\/wp-content\/uploads\/sites\/13\/2019\/02\/1-25.jpg 1440w\" sizes=\"auto, (max-width: 604px) 100vw, 604px\" \/><\/h3>\n<h3><\/h3>\n<h3>Fuente:\u00a0\u00a0https:\/\/www.informador.mx\/<\/h3>\n<p>&nbsp;<\/p>\n<p>Si Joaqu\u00edn \u00abEl Chapo\u00bb Guzm\u00e1n volviera a su natal Badiraguato, en\u00a0<strong>Sinaloa<\/strong>, habr\u00eda fiesta.<\/p>\n<p>El hijo pr\u00f3digo, fundador del poderoso c\u00e1rtel de drogas que lleva el nombre del estado,\u00a0<strong>volver\u00eda y ser\u00eda encumbrado nuevamente por los pobladores que lo describen cual si fuera una deidad.<\/strong><\/p>\n<blockquote><p>\u00abDesde que ya no est\u00e1 el se\u00f1or Chapo hay m\u00e1s pobreza, y la gente se tiene que bajar de la sierra, porque est\u00e1 m\u00e1s canija&#8230; m\u00e1s dura la cosa\u00bb<\/p><\/blockquote>\n<p>El Chapo fue declarado\u00a0<strong>culpable este martes en Nueva York<\/strong>\u00a0de los 10 delitos de los que era acusado por liderar un imperio criminal que trafic\u00f3 toneladas de drogas a Estados Unidos durante 25 a\u00f1os. Seg\u00fan las leyes estadounidenses, enfrentar\u00e1 cadena perpetua obligatoria cuando se d\u00e9 a conocer su sentencia el 25 de junio.<\/p>\n<p>Pero en Badiraguato, la historia es otra.<\/p>\n<p><strong>Se le rinde culto con canciones conocidas como \u00abnarcocorridos\u00bb, y tambi\u00e9n con fotograf\u00edas y frases que citan al famoso capo de 61 a\u00f1os.<\/strong><\/p>\n<p>Si volviera, ser\u00eda un alivio, dicen los pobladores, porque cuando estaba no hab\u00eda pobreza ni violencia. Era, describen,\u00a0<strong>como un territorio con un\u00a0autogobierno\u00a0no reconocido y un mandatario dadivoso.<\/strong><\/p>\n<p>\u00abDesde que ya no est\u00e1 el se\u00f1or\u00a0<strong>Chapo<\/strong>\u00a0hay m\u00e1s pobreza, y la gente se tiene que bajar de la sierra, porque est\u00e1 m\u00e1s canija&#8230; m\u00e1s dura la cosa\u00bb, dice Jorge Valenzuela, un poblador de Potrero de Bejarano, comunidad que colinda con el estado de Chihuahua.<\/p>\n<p>\u00ab\u00c9l repart\u00eda dinero a la gente, le daba para sembrar, para que comprara cosas, ya no hay nadie que haga eso\u00bb, agrega Valenzuela desde este pueblo del llamado Tri\u00e1ngulo Dorado, localizado en las monta\u00f1as del noroeste de M\u00e9xico.<\/p>\n<p><strong>Nueve de cada 10 personas que residen en\u00a0Badiraguato\u00a0viven en condiciones de pobreza o pobreza extrema, seg\u00fan datos oficiales<\/strong>. Es el municipio con m\u00e1s carencias sociales y econ\u00f3micas de Sinaloa.<\/p>\n<blockquote><p>\u00ab\u00c9l repart\u00eda dinero a la gente, le daba para sembrar, para que comprara cosas, ya no hay nadie que haga eso\u00bb<\/p><\/blockquote>\n<p>Es tambi\u00e9n el municipio con menor n\u00famero de carreteras construidas, pero de los que cuenta con m\u00e1s caminos rurales que llevan hacia la sierra, donde las principales actividades son la miner\u00eda -33% del territorio est\u00e1 concesionado a empresas extractoras- y la producci\u00f3n de\u00a0<strong>mariguana<\/strong>.<\/p>\n<p>Datos p\u00fablicos de la Secretar\u00eda de la Defensa Nacional revelan que\u00a0<strong>en\u00a0Sinaloa\u00a0se concentr\u00f3 el mayor volumen de erradicaci\u00f3n de mariguana durante 2018<\/strong>, con la\u00a0 destrucci\u00f3n de 43 mil 976 hect\u00e1reas, un 31% del total eliminado en el pa\u00eds.<\/p>\n<p>&nbsp;<\/p>\n<p>&nbsp;<\/p>\n","protected":false},"excerpt":{"rendered":"<p>Fuente:\u00a0\u00a0https:\/\/www.informador.mx\/ &nbsp; Si Joaqu\u00edn \u00abEl Chapo\u00bb Guzm\u00e1n volviera a su natal Badiraguato, en\u00a0Sinaloa, habr\u00eda fiesta. El hijo pr\u00f3digo, fundador del poderoso c\u00e1rtel de drogas que lleva el nombre del estado,\u00a0volver\u00eda y ser\u00eda encumbrado nuevamente&#46;&#46;&#46;<\/p>\n","protected":false},"author":28,"featured_media":3157,"comment_status":"open","ping_status":"open","sticky":false,"template":"","format":"standard","meta":{"_acf_changed":false,"om_disable_all_campaigns":false,"rop_custom_images_group":[],"rop_custom_messages_group":[],"rop_publish_now":"initial","rop_publish_now_accounts":{"twitter_242054905_242054905":""},"rop_publish_now_history":[],"rop_publish_now_status":"pending","_uf_show_specific_survey":0,"_uf_disable_surveys":false,"footnotes":""},"categories":[337],"tags":[380],"class_list":["post-3156","post","type-post","status-publish","format-standard","has-post-thumbnail","hentry","category-noticias","tag-el-vacio-que-deja-el-chapo-en-sinaloa"],"acf":[],"aioseo_notices":[],"yoast_head":"<!-- This site is optimized with the Yoast SEO Premium plugin v24.9 (Yoast SEO v27.2) - https:\/\/yoast.com\/product\/yoast-seo-premium-wordpress\/ -->\n<title>El vac\u00edo que deja &quot;El Chapo&quot; en Sinaloa - M\u00e9xico<\/title>\n<meta name=\"robots\" content=\"index, follow, max-snippet:-1, max-image-preview:large, max-video-preview:-1\" \/>\n<link rel=\"canonical\" href=\"https:\/\/noti-america.com\/site\/mexico\/2019\/02\/13\/el-vacio-que-deja-el-chapo-en-sinaloa\/\" \/>\n<meta property=\"og:locale\" content=\"es_ES\" \/>\n<meta property=\"og:type\" content=\"article\" \/>\n<meta property=\"og:title\" content=\"El vac\u00edo que deja &quot;El Chapo&quot; en Sinaloa\" \/>\n<meta property=\"og:description\" content=\"Fuente:\u00a0\u00a0https:\/\/www.informador.mx\/ &nbsp; Si Joaqu\u00edn \u00abEl Chapo\u00bb Guzm\u00e1n volviera a su natal Badiraguato, en\u00a0Sinaloa, habr\u00eda fiesta. El hijo pr\u00f3digo, fundador del poderoso c\u00e1rtel de drogas que lleva el nombre del estado,\u00a0volver\u00eda y ser\u00eda encumbrado nuevamente&#046;&#046;&#046;\" \/>\n<meta property=\"og:url\" content=\"https:\/\/noti-america.com\/site\/mexico\/2019\/02\/13\/el-vacio-que-deja-el-chapo-en-sinaloa\/\" \/>\n<meta property=\"og:site_name\" content=\"M\u00e9xico\" \/>\n<meta property=\"article:published_time\" content=\"2019-02-13T15:23:13+00:00\" \/>\n<meta property=\"og:image\" content=\"https:\/\/noti-america.com\/site\/mexico\/wp-content\/uploads\/sites\/13\/2019\/02\/1-25.jpg\" \/>\n\t<meta property=\"og:image:width\" content=\"1440\" \/>\n\t<meta property=\"og:image:height\" content=\"658\" \/>\n\t<meta property=\"og:image:type\" content=\"image\/jpeg\" \/>\n<meta name=\"author\" content=\"Redacci\u00f3n NA-NY\" \/>\n<meta name=\"twitter:card\" content=\"summary_large_image\" \/>\n<meta name=\"twitter:label1\" content=\"Escrito por\" \/>\n\t<meta name=\"twitter:data1\" content=\"Redacci\u00f3n NA-NY\" \/>\n\t<meta name=\"twitter:label2\" content=\"Tiempo estimado de lectura\" \/>\n\t<meta name=\"twitter:data2\" content=\"2 minutos\" \/>\n<script type=\"application\/ld+json\" class=\"yoast-schema-graph\">{\"@context\":\"https:\/\/schema.org\",\"@graph\":[{\"@type\":\"Article\",\"@id\":\"https:\/\/noti-america.com\/site\/mexico\/2019\/02\/13\/el-vacio-que-deja-el-chapo-en-sinaloa\/#article\",\"isPartOf\":{\"@id\":\"https:\/\/noti-america.com\/site\/mexico\/2019\/02\/13\/el-vacio-que-deja-el-chapo-en-sinaloa\/\"},\"author\":{\"name\":\"Redacci\u00f3n NA-NY\",\"@id\":\"https:\/\/noti-america.com\/site\/mexico\/#\/schema\/person\/db5a6527aaddfc34b3753d557a1292f0\"},\"headline\":\"El vac\u00edo que deja \u00abEl Chapo\u00bb en Sinaloa\",\"datePublished\":\"2019-02-13T15:23:13+00:00\",\"mainEntityOfPage\":{\"@id\":\"https:\/\/noti-america.com\/site\/mexico\/2019\/02\/13\/el-vacio-que-deja-el-chapo-en-sinaloa\/\"},\"wordCount\":457,\"commentCount\":0,\"publisher\":{\"@id\":\"https:\/\/noti-america.com\/site\/mexico\/#organization\"},\"image\":{\"@id\":\"https:\/\/noti-america.com\/site\/mexico\/2019\/02\/13\/el-vacio-que-deja-el-chapo-en-sinaloa\/#primaryimage\"},\"thumbnailUrl\":\"https:\/\/noti-america.com\/site\/mexico\/wp-content\/uploads\/sites\/13\/2019\/02\/1-25.jpg\",\"keywords\":[\"El vac\u00edo que deja \\\"El Chapo\\\" en Sinaloa\"],\"articleSection\":[\"Noticias\"],\"inLanguage\":\"es\",\"potentialAction\":[{\"@type\":\"CommentAction\",\"name\":\"Comment\",\"target\":[\"https:\/\/noti-america.com\/site\/mexico\/2019\/02\/13\/el-vacio-que-deja-el-chapo-en-sinaloa\/#respond\"]}]},{\"@type\":\"WebPage\",\"@id\":\"https:\/\/noti-america.com\/site\/mexico\/2019\/02\/13\/el-vacio-que-deja-el-chapo-en-sinaloa\/\",\"url\":\"https:\/\/noti-america.com\/site\/mexico\/2019\/02\/13\/el-vacio-que-deja-el-chapo-en-sinaloa\/\",\"name\":\"El vac\u00edo que deja \\\"El Chapo\\\" en Sinaloa - M\u00e9xico\",\"isPartOf\":{\"@id\":\"https:\/\/noti-america.com\/site\/mexico\/#website\"},\"primaryImageOfPage\":{\"@id\":\"https:\/\/noti-america.com\/site\/mexico\/2019\/02\/13\/el-vacio-que-deja-el-chapo-en-sinaloa\/#primaryimage\"},\"image\":{\"@id\":\"https:\/\/noti-america.com\/site\/mexico\/2019\/02\/13\/el-vacio-que-deja-el-chapo-en-sinaloa\/#primaryimage\"},\"thumbnailUrl\":\"https:\/\/noti-america.com\/site\/mexico\/wp-content\/uploads\/sites\/13\/2019\/02\/1-25.jpg\",\"datePublished\":\"2019-02-13T15:23:13+00:00\",\"breadcrumb\":{\"@id\":\"https:\/\/noti-america.com\/site\/mexico\/2019\/02\/13\/el-vacio-que-deja-el-chapo-en-sinaloa\/#breadcrumb\"},\"inLanguage\":\"es\",\"potentialAction\":[{\"@type\":\"ReadAction\",\"target\":[\"https:\/\/noti-america.com\/site\/mexico\/2019\/02\/13\/el-vacio-que-deja-el-chapo-en-sinaloa\/\"]}]},{\"@type\":\"ImageObject\",\"inLanguage\":\"es\",\"@id\":\"https:\/\/noti-america.com\/site\/mexico\/2019\/02\/13\/el-vacio-que-deja-el-chapo-en-sinaloa\/#primaryimage\",\"url\":\"https:\/\/noti-america.com\/site\/mexico\/wp-content\/uploads\/sites\/13\/2019\/02\/1-25.jpg\",\"contentUrl\":\"https:\/\/noti-america.com\/site\/mexico\/wp-content\/uploads\/sites\/13\/2019\/02\/1-25.jpg\",\"width\":1440,\"height\":658},{\"@type\":\"BreadcrumbList\",\"@id\":\"https:\/\/noti-america.com\/site\/mexico\/2019\/02\/13\/el-vacio-que-deja-el-chapo-en-sinaloa\/#breadcrumb\",\"itemListElement\":[{\"@type\":\"ListItem\",\"position\":1,\"name\":\"Portada\",\"item\":\"https:\/\/noti-america.com\/site\/mexico\/\"},{\"@type\":\"ListItem\",\"position\":2,\"name\":\"El vac\u00edo que deja \u00abEl Chapo\u00bb en Sinaloa\"}]},{\"@type\":\"WebSite\",\"@id\":\"https:\/\/noti-america.com\/site\/mexico\/#website\",\"url\":\"https:\/\/noti-america.com\/site\/mexico\/\",\"name\":\"M\u00e9xico | Noti-America.com\",\"description\":\"\",\"publisher\":{\"@id\":\"https:\/\/noti-america.com\/site\/mexico\/#organization\"},\"potentialAction\":[{\"@type\":\"SearchAction\",\"target\":{\"@type\":\"EntryPoint\",\"urlTemplate\":\"https:\/\/noti-america.com\/site\/mexico\/?s={search_term_string}\"},\"query-input\":{\"@type\":\"PropertyValueSpecification\",\"valueRequired\":true,\"valueName\":\"search_term_string\"}}],\"inLanguage\":\"es\"},{\"@type\":\"Organization\",\"@id\":\"https:\/\/noti-america.com\/site\/mexico\/#organization\",\"name\":\"Noti-America LLC | M\u00e9xico\",\"url\":\"https:\/\/noti-america.com\/site\/mexico\/\",\"logo\":{\"@type\":\"ImageObject\",\"inLanguage\":\"es\",\"@id\":\"https:\/\/noti-america.com\/site\/mexico\/#\/schema\/logo\/image\/\",\"url\":\"https:\/\/noti-america.com\/site\/mexico\/wp-content\/uploads\/sites\/13\/2020\/07\/LogoNA-4x3-1.jpg\",\"contentUrl\":\"https:\/\/noti-america.com\/site\/mexico\/wp-content\/uploads\/sites\/13\/2020\/07\/LogoNA-4x3-1.jpg\",\"width\":1236,\"height\":1080,\"caption\":\"Noti-America LLC | M\u00e9xico\"},\"image\":{\"@id\":\"https:\/\/noti-america.com\/site\/mexico\/#\/schema\/logo\/image\/\"}},{\"@type\":\"Person\",\"@id\":\"https:\/\/noti-america.com\/site\/mexico\/#\/schema\/person\/db5a6527aaddfc34b3753d557a1292f0\",\"name\":\"Redacci\u00f3n NA-NY\",\"image\":{\"@type\":\"ImageObject\",\"inLanguage\":\"es\",\"@id\":\"https:\/\/secure.gravatar.com\/avatar\/2bd75bb500a8deb1390f777293a9af32d934c46613d2fbac7cceb2aaa2679ae8?s=96&d=mm&r=g\",\"url\":\"https:\/\/secure.gravatar.com\/avatar\/2bd75bb500a8deb1390f777293a9af32d934c46613d2fbac7cceb2aaa2679ae8?s=96&d=mm&r=g\",\"contentUrl\":\"https:\/\/secure.gravatar.com\/avatar\/2bd75bb500a8deb1390f777293a9af32d934c46613d2fbac7cceb2aaa2679ae8?s=96&d=mm&r=g\",\"caption\":\"Redacci\u00f3n NA-NY\"},\"url\":\"https:\/\/noti-america.com\/site\/mexico\/author\/redaccionny\/\"}]}<\/script>\n<!-- \/ Yoast SEO Premium plugin. -->","yoast_head_json":{"title":"El vac\u00edo que deja \"El Chapo\" en Sinaloa - M\u00e9xico","robots":{"index":"index","follow":"follow","max-snippet":"max-snippet:-1","max-image-preview":"max-image-preview:large","max-video-preview":"max-video-preview:-1"},"canonical":"https:\/\/noti-america.com\/site\/mexico\/2019\/02\/13\/el-vacio-que-deja-el-chapo-en-sinaloa\/","og_locale":"es_ES","og_type":"article","og_title":"El vac\u00edo que deja \"El Chapo\" en Sinaloa","og_description":"Fuente:\u00a0\u00a0https:\/\/www.informador.mx\/ &nbsp; Si Joaqu\u00edn \u00abEl Chapo\u00bb Guzm\u00e1n volviera a su natal Badiraguato, en\u00a0Sinaloa, habr\u00eda fiesta. El hijo pr\u00f3digo, fundador del poderoso c\u00e1rtel de drogas que lleva el nombre del estado,\u00a0volver\u00eda y ser\u00eda encumbrado nuevamente&#46;&#46;&#46;","og_url":"https:\/\/noti-america.com\/site\/mexico\/2019\/02\/13\/el-vacio-que-deja-el-chapo-en-sinaloa\/","og_site_name":"M\u00e9xico","article_published_time":"2019-02-13T15:23:13+00:00","og_image":[{"width":1440,"height":658,"url":"https:\/\/noti-america.com\/site\/mexico\/wp-content\/uploads\/sites\/13\/2019\/02\/1-25.jpg","type":"image\/jpeg"}],"author":"Redacci\u00f3n NA-NY","twitter_card":"summary_large_image","twitter_misc":{"Escrito por":"Redacci\u00f3n NA-NY","Tiempo estimado de lectura":"2 minutos"},"schema":{"@context":"https:\/\/schema.org","@graph":[{"@type":"Article","@id":"https:\/\/noti-america.com\/site\/mexico\/2019\/02\/13\/el-vacio-que-deja-el-chapo-en-sinaloa\/#article","isPartOf":{"@id":"https:\/\/noti-america.com\/site\/mexico\/2019\/02\/13\/el-vacio-que-deja-el-chapo-en-sinaloa\/"},"author":{"name":"Redacci\u00f3n NA-NY","@id":"https:\/\/noti-america.com\/site\/mexico\/#\/schema\/person\/db5a6527aaddfc34b3753d557a1292f0"},"headline":"El vac\u00edo que deja \u00abEl Chapo\u00bb en Sinaloa","datePublished":"2019-02-13T15:23:13+00:00","mainEntityOfPage":{"@id":"https:\/\/noti-america.com\/site\/mexico\/2019\/02\/13\/el-vacio-que-deja-el-chapo-en-sinaloa\/"},"wordCount":457,"commentCount":0,"publisher":{"@id":"https:\/\/noti-america.com\/site\/mexico\/#organization"},"image":{"@id":"https:\/\/noti-america.com\/site\/mexico\/2019\/02\/13\/el-vacio-que-deja-el-chapo-en-sinaloa\/#primaryimage"},"thumbnailUrl":"https:\/\/noti-america.com\/site\/mexico\/wp-content\/uploads\/sites\/13\/2019\/02\/1-25.jpg","keywords":["El vac\u00edo que deja \"El Chapo\" en Sinaloa"],"articleSection":["Noticias"],"inLanguage":"es","potentialAction":[{"@type":"CommentAction","name":"Comment","target":["https:\/\/noti-america.com\/site\/mexico\/2019\/02\/13\/el-vacio-que-deja-el-chapo-en-sinaloa\/#respond"]}]},{"@type":"WebPage","@id":"https:\/\/noti-america.com\/site\/mexico\/2019\/02\/13\/el-vacio-que-deja-el-chapo-en-sinaloa\/","url":"https:\/\/noti-america.com\/site\/mexico\/2019\/02\/13\/el-vacio-que-deja-el-chapo-en-sinaloa\/","name":"El vac\u00edo que deja \"El Chapo\" en Sinaloa - M\u00e9xico","isPartOf":{"@id":"https:\/\/noti-america.com\/site\/mexico\/#website"},"primaryImageOfPage":{"@id":"https:\/\/noti-america.com\/site\/mexico\/2019\/02\/13\/el-vacio-que-deja-el-chapo-en-sinaloa\/#primaryimage"},"image":{"@id":"https:\/\/noti-america.com\/site\/mexico\/2019\/02\/13\/el-vacio-que-deja-el-chapo-en-sinaloa\/#primaryimage"},"thumbnailUrl":"https:\/\/noti-america.com\/site\/mexico\/wp-content\/uploads\/sites\/13\/2019\/02\/1-25.jpg","datePublished":"2019-02-13T15:23:13+00:00","breadcrumb":{"@id":"https:\/\/noti-america.com\/site\/mexico\/2019\/02\/13\/el-vacio-que-deja-el-chapo-en-sinaloa\/#breadcrumb"},"inLanguage":"es","potentialAction":[{"@type":"ReadAction","target":["https:\/\/noti-america.com\/site\/mexico\/2019\/02\/13\/el-vacio-que-deja-el-chapo-en-sinaloa\/"]}]},{"@type":"ImageObject","inLanguage":"es","@id":"https:\/\/noti-america.com\/site\/mexico\/2019\/02\/13\/el-vacio-que-deja-el-chapo-en-sinaloa\/#primaryimage","url":"https:\/\/noti-america.com\/site\/mexico\/wp-content\/uploads\/sites\/13\/2019\/02\/1-25.jpg","contentUrl":"https:\/\/noti-america.com\/site\/mexico\/wp-content\/uploads\/sites\/13\/2019\/02\/1-25.jpg","width":1440,"height":658},{"@type":"BreadcrumbList","@id":"https:\/\/noti-america.com\/site\/mexico\/2019\/02\/13\/el-vacio-que-deja-el-chapo-en-sinaloa\/#breadcrumb","itemListElement":[{"@type":"ListItem","position":1,"name":"Portada","item":"https:\/\/noti-america.com\/site\/mexico\/"},{"@type":"ListItem","position":2,"name":"El vac\u00edo que deja \u00abEl Chapo\u00bb en Sinaloa"}]},{"@type":"WebSite","@id":"https:\/\/noti-america.com\/site\/mexico\/#website","url":"https:\/\/noti-america.com\/site\/mexico\/","name":"M\u00e9xico | Noti-America.com","description":"","publisher":{"@id":"https:\/\/noti-america.com\/site\/mexico\/#organization"},"potentialAction":[{"@type":"SearchAction","target":{"@type":"EntryPoint","urlTemplate":"https:\/\/noti-america.com\/site\/mexico\/?s={search_term_string}"},"query-input":{"@type":"PropertyValueSpecification","valueRequired":true,"valueName":"search_term_string"}}],"inLanguage":"es"},{"@type":"Organization","@id":"https:\/\/noti-america.com\/site\/mexico\/#organization","name":"Noti-America LLC | M\u00e9xico","url":"https:\/\/noti-america.com\/site\/mexico\/","logo":{"@type":"ImageObject","inLanguage":"es","@id":"https:\/\/noti-america.com\/site\/mexico\/#\/schema\/logo\/image\/","url":"https:\/\/noti-america.com\/site\/mexico\/wp-content\/uploads\/sites\/13\/2020\/07\/LogoNA-4x3-1.jpg","contentUrl":"https:\/\/noti-america.com\/site\/mexico\/wp-content\/uploads\/sites\/13\/2020\/07\/LogoNA-4x3-1.jpg","width":1236,"height":1080,"caption":"Noti-America LLC | M\u00e9xico"},"image":{"@id":"https:\/\/noti-america.com\/site\/mexico\/#\/schema\/logo\/image\/"}},{"@type":"Person","@id":"https:\/\/noti-america.com\/site\/mexico\/#\/schema\/person\/db5a6527aaddfc34b3753d557a1292f0","name":"Redacci\u00f3n NA-NY","image":{"@type":"ImageObject","inLanguage":"es","@id":"https:\/\/secure.gravatar.com\/avatar\/2bd75bb500a8deb1390f777293a9af32d934c46613d2fbac7cceb2aaa2679ae8?s=96&d=mm&r=g","url":"https:\/\/secure.gravatar.com\/avatar\/2bd75bb500a8deb1390f777293a9af32d934c46613d2fbac7cceb2aaa2679ae8?s=96&d=mm&r=g","contentUrl":"https:\/\/secure.gravatar.com\/avatar\/2bd75bb500a8deb1390f777293a9af32d934c46613d2fbac7cceb2aaa2679ae8?s=96&d=mm&r=g","caption":"Redacci\u00f3n NA-NY"},"url":"https:\/\/noti-america.com\/site\/mexico\/author\/redaccionny\/"}]}},"_links":{"self":[{"href":"https:\/\/noti-america.com\/site\/mexico\/wp-json\/wp\/v2\/posts\/3156","targetHints":{"allow":["GET"]}}],"collection":[{"href":"https:\/\/noti-america.com\/site\/mexico\/wp-json\/wp\/v2\/posts"}],"about":[{"href":"https:\/\/noti-america.com\/site\/mexico\/wp-json\/wp\/v2\/types\/post"}],"author":[{"embeddable":true,"href":"https:\/\/noti-america.com\/site\/mexico\/wp-json\/wp\/v2\/users\/28"}],"replies":[{"embeddable":true,"href":"https:\/\/noti-america.com\/site\/mexico\/wp-json\/wp\/v2\/comments?post=3156"}],"version-history":[{"count":1,"href":"https:\/\/noti-america.com\/site\/mexico\/wp-json\/wp\/v2\/posts\/3156\/revisions"}],"predecessor-version":[{"id":3158,"href":"https:\/\/noti-america.com\/site\/mexico\/wp-json\/wp\/v2\/posts\/3156\/revisions\/3158"}],"wp:featuredmedia":[{"embeddable":true,"href":"https:\/\/noti-america.com\/site\/mexico\/wp-json\/wp\/v2\/media\/3157"}],"wp:attachment":[{"href":"https:\/\/noti-america.com\/site\/mexico\/wp-json\/wp\/v2\/media?parent=3156"}],"wp:term":[{"taxonomy":"category","embeddable":true,"href":"https:\/\/noti-america.com\/site\/mexico\/wp-json\/wp\/v2\/categories?post=3156"},{"taxonomy":"post_tag","embeddable":true,"href":"https:\/\/noti-america.com\/site\/mexico\/wp-json\/wp\/v2\/tags?post=3156"}],"curies":[{"name":"wp","href":"https:\/\/api.w.org\/{rel}","templated":true}]}}