{"id":3136,"date":"2019-02-13T04:46:12","date_gmt":"2019-02-13T04:46:12","guid":{"rendered":"http:\/\/noti-america.com\/site\/mexico\/?p=3136"},"modified":"2019-02-13T04:48:27","modified_gmt":"2019-02-13T04:48:27","slug":"3136","status":"publish","type":"post","link":"https:\/\/noti-america.com\/site\/mexico\/2019\/02\/13\/3136\/","title":{"rendered":"Lluvias arrecian en Quintana Roo; reportan inundaciones"},"content":{"rendered":"<p><img loading=\"lazy\" decoding=\"async\" class=\" wp-image-3137 aligncenter\" src=\"http:\/\/noti-america.com\/site\/mexico\/wp-content\/uploads\/sites\/13\/2019\/02\/1-21-300x180.jpg\" alt=\"\" width=\"492\" height=\"295\" srcset=\"https:\/\/noti-america.com\/site\/mexico\/wp-content\/uploads\/sites\/13\/2019\/02\/1-21-300x180.jpg 300w, https:\/\/noti-america.com\/site\/mexico\/wp-content\/uploads\/sites\/13\/2019\/02\/1-21.jpg 750w\" sizes=\"auto, (max-width: 492px) 100vw, 492px\" \/><\/p>\n<p>&nbsp;<\/p>\n<h3>Fuente:\u00a0 https:\/\/www.unotv.com<\/h3>\n<p>&nbsp;<\/p>\n<div class=\"panel-image-meta\">\n<p>El municipio de Benito Ju\u00e1rez solicit\u00f3 a habitantes no arrojar basura en la v\u00eda p\u00fablica para evitar anegaciones. Foto: @infolliteras.<\/p>\n<\/div>\n<div class=\"panel-article\">\n<p dir=\"ltr\">Debido a la llegada del\u00a0<strong>Frente Fr\u00edo n\u00famero 36<\/strong>\u00a0en el caribe mexicano, el\u00a0Gobierno de Quintana Roo\u00a0exhort\u00f3 el martes a la ciudadan\u00eda\u00a0<strong>a estar al tanto<\/strong>\u00a0de indicaciones de\u00a0Protecci\u00f3n Civil local, guarecerse del\u00a0<strong>mal tiempo<\/strong>\u00a0y no arrojar basura en la\u00a0<strong>v\u00eda p\u00fablica<\/strong>\u00a0para as\u00ed evitar\u00a0<strong>anegaciones<\/strong>\u00a0y complicar\u00a0<strong>trabajos de mantenimiento<\/strong>.<\/p>\n<p dir=\"ltr\">Por las precipitaciones, diversas zonas de\u00a0<strong>Playa de Carmen<\/strong>\u00a0sufrieron inundaciones, autos\u00a0<strong>quedaron varados<\/strong>\u00a0y locales comerciales vieron\u00a0<strong>interrumpidas<\/strong>\u00a0sus\u00a0<strong>actividades<\/strong>.\u00a0<strong>Mara Lezama<\/strong>, edil de\u00a0<strong>Benito Ju\u00e1rez<\/strong>, sali\u00f3 a calles para \u201climpieza de\u00a0<strong>alcantarillas<\/strong>\u00a0y\u00a0<strong>desazolve<\/strong>\u00a0de pozos de absorci\u00f3n\u201d<\/p>\n<p dir=\"ltr\">La\u00a0<strong>Coordinaci\u00f3n de Protecci\u00f3n Civil Estatal<\/strong>\u00a0dijo que el frente estacionario n\u00famero 36 se encuentra sobre la\u00a0<strong>porci\u00f3n noreste<\/strong>\u00a0de la Rep\u00fablica Mexicana y que se mueve al\u00a0<strong>este sureste<\/strong>, provocando descenso en las\u00a0<strong>temperaturas<\/strong>,\u00a0<strong>viento fresco<\/strong>\u00a0con\u00a0<strong>rachas irregulares<\/strong>, nubosidad y\u00a0<strong>lluvias<\/strong>\u00a0sobre su \u00e1rea de influencia.<\/p>\n<div class=\"gallery\">\n<div class=\"item-gallery\">\n<p><img decoding=\"async\" class=\"aligncenter\" src=\"https:\/\/www.unotv.com\/portal\/unotv\/imagenes_galeria\/168231-GaleriaUno.jpg\" alt=\"\" \/><u>Foto: @AytoCancun.<\/u><\/p>\n<\/div>\n<\/div>\n<p dir=\"ltr\">La\u00a0<strong>Direcci\u00f3n de Tr\u00e1nsito<\/strong>\u00a0en Benito Ju\u00e1rez puso a disposici\u00f3n de los ciudadanos el\u00a0<strong>servicio gratuito de gr\u00faas<\/strong>, luego que veh\u00edculos sufrieron\u00a0<strong>fallas mec\u00e1nicas menores<\/strong>\u00a0y fueron trasladados a un lugar\u00a0<strong>pr\u00f3ximo<\/strong>\u00a0y\u00a0<strong>seguro<\/strong>; en el primer turno de este martes, se limpiaron\u00a0<strong>423 rejillas<\/strong>\u00a0y se recolectaron\u00a0<strong>siete\u00a0metros c\u00fabicos<\/strong>\u00a0de basura.<\/p>\n<div class=\"gallery\">\n<div class=\"item-gallery\">\n<p><img decoding=\"async\" class=\"aligncenter\" src=\"https:\/\/www.unotv.com\/portal\/unotv\/imagenes_galeria\/168232-GaleriaUno.jpg\" alt=\"\" \/><u>Foto: @AytoCancun.<\/u><\/p>\n<\/div>\n<\/div>\n<h3><\/h3>\n<h3>Por las precipitaciones, diversas zonas de\u00a0<strong style=\"font-size: 16px;\">Playa de Carmen<\/strong><span style=\"font-size: 16px;\">\u00a0sufrieron inundaciones, autos\u00a0<\/span><strong style=\"font-size: 16px;\">quedaron varados<\/strong><span style=\"font-size: 16px;\">\u00a0y locales comerciales vieron\u00a0<\/span><strong style=\"font-size: 16px;\">interrumpidas<\/strong><span style=\"font-size: 16px;\">\u00a0sus\u00a0<\/span><strong style=\"font-size: 16px;\">actividades<\/strong><span style=\"font-size: 16px;\">.\u00a0<\/span><strong style=\"font-size: 16px;\">Mara Lezama<\/strong><span style=\"font-size: 16px;\">, edil de\u00a0<\/span><strong style=\"font-size: 16px;\">Benito Ju\u00e1rez<\/strong><span style=\"font-size: 16px;\">, sali\u00f3 a calles para \u201climpieza de\u00a0<\/span><strong style=\"font-size: 16px;\">alcantarillas<\/strong><span style=\"font-size: 16px;\">\u00a0y\u00a0<\/span><strong style=\"font-size: 16px;\">desazolve<\/strong><span style=\"font-size: 16px;\">\u00a0de pozos de absorci\u00f3n\u201d.<\/span><\/h3>\n<div class=\"panel-related\">\n<div class=\"thumb\">\n<div class=\"gallery\">\n<div class=\"item-gallery\">\n<p><img decoding=\"async\" src=\"https:\/\/www.unotv.com\/portal\/unotv\/imagenes_galeria\/168230-GaleriaUno.jpg\" alt=\"\" \/><u>Foto: @infolliteras.<\/u><\/p>\n<\/div>\n<\/div>\n<p dir=\"ltr\">La\u00a0<strong>Coordinaci\u00f3n de Protecci\u00f3n Civil Estatal<\/strong>\u00a0dijo que el frente estacionario n\u00famero 36 se encuentra sobre la\u00a0<strong>porci\u00f3n noreste<\/strong>\u00a0de la Rep\u00fablica Mexicana y que se mueve al\u00a0<strong>este sureste<\/strong>, provocando descenso en las\u00a0<strong>temperaturas<\/strong>,\u00a0<strong>viento fresco<\/strong>\u00a0con\u00a0<strong>rachas irregulares<\/strong>, nubosidad y\u00a0<strong>lluvias<\/strong>\u00a0sobre su \u00e1rea de influencia.<\/p>\n<div class=\"gallery\">\n<div class=\"item-gallery\">\n<p><u>Foto: @AytoCancun.<\/u><\/p>\n<\/div>\n<\/div>\n<p dir=\"ltr\">La\u00a0<strong>Direcci\u00f3n de Tr\u00e1nsito<\/strong>\u00a0en Benito Ju\u00e1rez puso a disposici\u00f3n de los ciudadanos el\u00a0<strong>servicio gratuito de gr\u00faas<\/strong>, luego que veh\u00edculos sufrieron\u00a0<strong>fallas mec\u00e1nicas menores<\/strong>\u00a0y fueron trasladados a un lugar\u00a0<strong>pr\u00f3ximo<\/strong>\u00a0y\u00a0<strong>seguro<\/strong>; en el primer turno de este martes, se limpiaron\u00a0<strong>423 rejillas<\/strong>\u00a0y se recolectaron\u00a0<strong>siete\u00a0metros c\u00fabicos<\/strong>\u00a0de basura.<\/p>\n<div class=\"gallery\">\n<div class=\"item-gallery\">\n<p><img decoding=\"async\" src=\"https:\/\/www.unotv.com\/portal\/unotv\/imagenes_galeria\/168232-GaleriaUno.jpg\" alt=\"\" \/><u>Foto: @AytoCancun.<\/u><\/p>\n<\/div>\n<\/div>\n<h3><\/h3>\n<div class=\"panel-related\">\n<div class=\"thumb\"><\/div>\n<div class=\"item-content\">\n<h2><\/h2>\n<\/div>\n<\/div>\n<\/div>\n<\/div>\n<\/div>\n","protected":false},"excerpt":{"rendered":"<p>&nbsp; Fuente:\u00a0 https:\/\/www.unotv.com &nbsp; El municipio de Benito Ju\u00e1rez solicit\u00f3 a habitantes no arrojar basura en la v\u00eda p\u00fablica para evitar anegaciones. Foto: @infolliteras. Debido a la llegada del\u00a0Frente Fr\u00edo n\u00famero 36\u00a0en el caribe&#46;&#46;&#46;<\/p>\n","protected":false},"author":28,"featured_media":3137,"comment_status":"open","ping_status":"open","sticky":false,"template":"","format":"standard","meta":{"_acf_changed":false,"om_disable_all_campaigns":false,"rop_custom_images_group":[],"rop_custom_messages_group":[],"rop_publish_now":"initial","rop_publish_now_accounts":{"twitter_242054905_242054905":""},"rop_publish_now_history":[],"rop_publish_now_status":"pending","_uf_show_specific_survey":0,"_uf_disable_surveys":false,"footnotes":""},"categories":[337,1],"tags":[],"class_list":["post-3136","post","type-post","status-publish","format-standard","has-post-thumbnail","hentry","category-noticias","category-uncategorized"],"acf":[],"aioseo_notices":[],"yoast_head":"<!-- This site is optimized with the Yoast SEO Premium plugin v24.9 (Yoast SEO v27.2) - https:\/\/yoast.com\/product\/yoast-seo-premium-wordpress\/ -->\n<title>Lluvias arrecian en Quintana Roo; reportan inundaciones - M\u00e9xico<\/title>\n<meta name=\"robots\" content=\"index, follow, max-snippet:-1, max-image-preview:large, max-video-preview:-1\" \/>\n<link rel=\"canonical\" href=\"https:\/\/noti-america.com\/site\/mexico\/2019\/02\/13\/3136\/\" \/>\n<meta property=\"og:locale\" content=\"es_ES\" \/>\n<meta property=\"og:type\" content=\"article\" \/>\n<meta property=\"og:title\" content=\"Lluvias arrecian en Quintana Roo; reportan inundaciones\" \/>\n<meta property=\"og:description\" content=\"&nbsp; Fuente:\u00a0 https:\/\/www.unotv.com &nbsp; El municipio de Benito Ju\u00e1rez solicit\u00f3 a habitantes no arrojar basura en la v\u00eda p\u00fablica para evitar anegaciones. Foto: @infolliteras. Debido a la llegada del\u00a0Frente Fr\u00edo n\u00famero 36\u00a0en el caribe&#046;&#046;&#046;\" \/>\n<meta property=\"og:url\" content=\"https:\/\/noti-america.com\/site\/mexico\/2019\/02\/13\/3136\/\" \/>\n<meta property=\"og:site_name\" content=\"M\u00e9xico\" \/>\n<meta property=\"article:published_time\" content=\"2019-02-13T04:46:12+00:00\" \/>\n<meta property=\"article:modified_time\" content=\"2019-02-13T04:48:27+00:00\" \/>\n<meta property=\"og:image\" content=\"https:\/\/noti-america.com\/site\/mexico\/wp-content\/uploads\/sites\/13\/2019\/02\/1-21.jpg\" \/>\n\t<meta property=\"og:image:width\" content=\"750\" \/>\n\t<meta property=\"og:image:height\" content=\"450\" \/>\n\t<meta property=\"og:image:type\" content=\"image\/jpeg\" \/>\n<meta name=\"author\" content=\"Redacci\u00f3n NA-NY\" \/>\n<meta name=\"twitter:card\" content=\"summary_large_image\" \/>\n<meta name=\"twitter:label1\" content=\"Escrito por\" \/>\n\t<meta name=\"twitter:data1\" content=\"Redacci\u00f3n NA-NY\" \/>\n\t<meta name=\"twitter:label2\" content=\"Tiempo estimado de lectura\" \/>\n\t<meta name=\"twitter:data2\" content=\"2 minutos\" \/>\n<script type=\"application\/ld+json\" class=\"yoast-schema-graph\">{\"@context\":\"https:\/\/schema.org\",\"@graph\":[{\"@type\":\"Article\",\"@id\":\"https:\/\/noti-america.com\/site\/mexico\/2019\/02\/13\/3136\/#article\",\"isPartOf\":{\"@id\":\"https:\/\/noti-america.com\/site\/mexico\/2019\/02\/13\/3136\/\"},\"author\":{\"name\":\"Redacci\u00f3n NA-NY\",\"@id\":\"https:\/\/noti-america.com\/site\/mexico\/#\/schema\/person\/db5a6527aaddfc34b3753d557a1292f0\"},\"headline\":\"Lluvias arrecian en Quintana Roo; reportan inundaciones\",\"datePublished\":\"2019-02-13T04:46:12+00:00\",\"dateModified\":\"2019-02-13T04:48:27+00:00\",\"mainEntityOfPage\":{\"@id\":\"https:\/\/noti-america.com\/site\/mexico\/2019\/02\/13\/3136\/\"},\"wordCount\":417,\"commentCount\":0,\"publisher\":{\"@id\":\"https:\/\/noti-america.com\/site\/mexico\/#organization\"},\"image\":{\"@id\":\"https:\/\/noti-america.com\/site\/mexico\/2019\/02\/13\/3136\/#primaryimage\"},\"thumbnailUrl\":\"https:\/\/noti-america.com\/site\/mexico\/wp-content\/uploads\/sites\/13\/2019\/02\/1-21.jpg\",\"articleSection\":[\"Noticias\",\"Uncategorized\"],\"inLanguage\":\"es\",\"potentialAction\":[{\"@type\":\"CommentAction\",\"name\":\"Comment\",\"target\":[\"https:\/\/noti-america.com\/site\/mexico\/2019\/02\/13\/3136\/#respond\"]}]},{\"@type\":\"WebPage\",\"@id\":\"https:\/\/noti-america.com\/site\/mexico\/2019\/02\/13\/3136\/\",\"url\":\"https:\/\/noti-america.com\/site\/mexico\/2019\/02\/13\/3136\/\",\"name\":\"Lluvias arrecian en Quintana Roo; reportan inundaciones - M\u00e9xico\",\"isPartOf\":{\"@id\":\"https:\/\/noti-america.com\/site\/mexico\/#website\"},\"primaryImageOfPage\":{\"@id\":\"https:\/\/noti-america.com\/site\/mexico\/2019\/02\/13\/3136\/#primaryimage\"},\"image\":{\"@id\":\"https:\/\/noti-america.com\/site\/mexico\/2019\/02\/13\/3136\/#primaryimage\"},\"thumbnailUrl\":\"https:\/\/noti-america.com\/site\/mexico\/wp-content\/uploads\/sites\/13\/2019\/02\/1-21.jpg\",\"datePublished\":\"2019-02-13T04:46:12+00:00\",\"dateModified\":\"2019-02-13T04:48:27+00:00\",\"breadcrumb\":{\"@id\":\"https:\/\/noti-america.com\/site\/mexico\/2019\/02\/13\/3136\/#breadcrumb\"},\"inLanguage\":\"es\",\"potentialAction\":[{\"@type\":\"ReadAction\",\"target\":[\"https:\/\/noti-america.com\/site\/mexico\/2019\/02\/13\/3136\/\"]}]},{\"@type\":\"ImageObject\",\"inLanguage\":\"es\",\"@id\":\"https:\/\/noti-america.com\/site\/mexico\/2019\/02\/13\/3136\/#primaryimage\",\"url\":\"https:\/\/noti-america.com\/site\/mexico\/wp-content\/uploads\/sites\/13\/2019\/02\/1-21.jpg\",\"contentUrl\":\"https:\/\/noti-america.com\/site\/mexico\/wp-content\/uploads\/sites\/13\/2019\/02\/1-21.jpg\",\"width\":750,\"height\":450},{\"@type\":\"BreadcrumbList\",\"@id\":\"https:\/\/noti-america.com\/site\/mexico\/2019\/02\/13\/3136\/#breadcrumb\",\"itemListElement\":[{\"@type\":\"ListItem\",\"position\":1,\"name\":\"Portada\",\"item\":\"https:\/\/noti-america.com\/site\/mexico\/\"},{\"@type\":\"ListItem\",\"position\":2,\"name\":\"Lluvias arrecian en Quintana Roo; reportan inundaciones\"}]},{\"@type\":\"WebSite\",\"@id\":\"https:\/\/noti-america.com\/site\/mexico\/#website\",\"url\":\"https:\/\/noti-america.com\/site\/mexico\/\",\"name\":\"M\u00e9xico | Noti-America.com\",\"description\":\"\",\"publisher\":{\"@id\":\"https:\/\/noti-america.com\/site\/mexico\/#organization\"},\"potentialAction\":[{\"@type\":\"SearchAction\",\"target\":{\"@type\":\"EntryPoint\",\"urlTemplate\":\"https:\/\/noti-america.com\/site\/mexico\/?s={search_term_string}\"},\"query-input\":{\"@type\":\"PropertyValueSpecification\",\"valueRequired\":true,\"valueName\":\"search_term_string\"}}],\"inLanguage\":\"es\"},{\"@type\":\"Organization\",\"@id\":\"https:\/\/noti-america.com\/site\/mexico\/#organization\",\"name\":\"Noti-America LLC | M\u00e9xico\",\"url\":\"https:\/\/noti-america.com\/site\/mexico\/\",\"logo\":{\"@type\":\"ImageObject\",\"inLanguage\":\"es\",\"@id\":\"https:\/\/noti-america.com\/site\/mexico\/#\/schema\/logo\/image\/\",\"url\":\"https:\/\/noti-america.com\/site\/mexico\/wp-content\/uploads\/sites\/13\/2020\/07\/LogoNA-4x3-1.jpg\",\"contentUrl\":\"https:\/\/noti-america.com\/site\/mexico\/wp-content\/uploads\/sites\/13\/2020\/07\/LogoNA-4x3-1.jpg\",\"width\":1236,\"height\":1080,\"caption\":\"Noti-America LLC | M\u00e9xico\"},\"image\":{\"@id\":\"https:\/\/noti-america.com\/site\/mexico\/#\/schema\/logo\/image\/\"}},{\"@type\":\"Person\",\"@id\":\"https:\/\/noti-america.com\/site\/mexico\/#\/schema\/person\/db5a6527aaddfc34b3753d557a1292f0\",\"name\":\"Redacci\u00f3n NA-NY\",\"image\":{\"@type\":\"ImageObject\",\"inLanguage\":\"es\",\"@id\":\"https:\/\/secure.gravatar.com\/avatar\/2bd75bb500a8deb1390f777293a9af32d934c46613d2fbac7cceb2aaa2679ae8?s=96&d=mm&r=g\",\"url\":\"https:\/\/secure.gravatar.com\/avatar\/2bd75bb500a8deb1390f777293a9af32d934c46613d2fbac7cceb2aaa2679ae8?s=96&d=mm&r=g\",\"contentUrl\":\"https:\/\/secure.gravatar.com\/avatar\/2bd75bb500a8deb1390f777293a9af32d934c46613d2fbac7cceb2aaa2679ae8?s=96&d=mm&r=g\",\"caption\":\"Redacci\u00f3n NA-NY\"},\"url\":\"https:\/\/noti-america.com\/site\/mexico\/author\/redaccionny\/\"}]}<\/script>\n<!-- \/ Yoast SEO Premium plugin. -->","yoast_head_json":{"title":"Lluvias arrecian en Quintana Roo; reportan inundaciones - M\u00e9xico","robots":{"index":"index","follow":"follow","max-snippet":"max-snippet:-1","max-image-preview":"max-image-preview:large","max-video-preview":"max-video-preview:-1"},"canonical":"https:\/\/noti-america.com\/site\/mexico\/2019\/02\/13\/3136\/","og_locale":"es_ES","og_type":"article","og_title":"Lluvias arrecian en Quintana Roo; reportan inundaciones","og_description":"&nbsp; Fuente:\u00a0 https:\/\/www.unotv.com &nbsp; El municipio de Benito Ju\u00e1rez solicit\u00f3 a habitantes no arrojar basura en la v\u00eda p\u00fablica para evitar anegaciones. Foto: @infolliteras. Debido a la llegada del\u00a0Frente Fr\u00edo n\u00famero 36\u00a0en el caribe&#46;&#46;&#46;","og_url":"https:\/\/noti-america.com\/site\/mexico\/2019\/02\/13\/3136\/","og_site_name":"M\u00e9xico","article_published_time":"2019-02-13T04:46:12+00:00","article_modified_time":"2019-02-13T04:48:27+00:00","og_image":[{"width":750,"height":450,"url":"https:\/\/noti-america.com\/site\/mexico\/wp-content\/uploads\/sites\/13\/2019\/02\/1-21.jpg","type":"image\/jpeg"}],"author":"Redacci\u00f3n NA-NY","twitter_card":"summary_large_image","twitter_misc":{"Escrito por":"Redacci\u00f3n NA-NY","Tiempo estimado de lectura":"2 minutos"},"schema":{"@context":"https:\/\/schema.org","@graph":[{"@type":"Article","@id":"https:\/\/noti-america.com\/site\/mexico\/2019\/02\/13\/3136\/#article","isPartOf":{"@id":"https:\/\/noti-america.com\/site\/mexico\/2019\/02\/13\/3136\/"},"author":{"name":"Redacci\u00f3n NA-NY","@id":"https:\/\/noti-america.com\/site\/mexico\/#\/schema\/person\/db5a6527aaddfc34b3753d557a1292f0"},"headline":"Lluvias arrecian en Quintana Roo; reportan inundaciones","datePublished":"2019-02-13T04:46:12+00:00","dateModified":"2019-02-13T04:48:27+00:00","mainEntityOfPage":{"@id":"https:\/\/noti-america.com\/site\/mexico\/2019\/02\/13\/3136\/"},"wordCount":417,"commentCount":0,"publisher":{"@id":"https:\/\/noti-america.com\/site\/mexico\/#organization"},"image":{"@id":"https:\/\/noti-america.com\/site\/mexico\/2019\/02\/13\/3136\/#primaryimage"},"thumbnailUrl":"https:\/\/noti-america.com\/site\/mexico\/wp-content\/uploads\/sites\/13\/2019\/02\/1-21.jpg","articleSection":["Noticias","Uncategorized"],"inLanguage":"es","potentialAction":[{"@type":"CommentAction","name":"Comment","target":["https:\/\/noti-america.com\/site\/mexico\/2019\/02\/13\/3136\/#respond"]}]},{"@type":"WebPage","@id":"https:\/\/noti-america.com\/site\/mexico\/2019\/02\/13\/3136\/","url":"https:\/\/noti-america.com\/site\/mexico\/2019\/02\/13\/3136\/","name":"Lluvias arrecian en Quintana Roo; reportan inundaciones - M\u00e9xico","isPartOf":{"@id":"https:\/\/noti-america.com\/site\/mexico\/#website"},"primaryImageOfPage":{"@id":"https:\/\/noti-america.com\/site\/mexico\/2019\/02\/13\/3136\/#primaryimage"},"image":{"@id":"https:\/\/noti-america.com\/site\/mexico\/2019\/02\/13\/3136\/#primaryimage"},"thumbnailUrl":"https:\/\/noti-america.com\/site\/mexico\/wp-content\/uploads\/sites\/13\/2019\/02\/1-21.jpg","datePublished":"2019-02-13T04:46:12+00:00","dateModified":"2019-02-13T04:48:27+00:00","breadcrumb":{"@id":"https:\/\/noti-america.com\/site\/mexico\/2019\/02\/13\/3136\/#breadcrumb"},"inLanguage":"es","potentialAction":[{"@type":"ReadAction","target":["https:\/\/noti-america.com\/site\/mexico\/2019\/02\/13\/3136\/"]}]},{"@type":"ImageObject","inLanguage":"es","@id":"https:\/\/noti-america.com\/site\/mexico\/2019\/02\/13\/3136\/#primaryimage","url":"https:\/\/noti-america.com\/site\/mexico\/wp-content\/uploads\/sites\/13\/2019\/02\/1-21.jpg","contentUrl":"https:\/\/noti-america.com\/site\/mexico\/wp-content\/uploads\/sites\/13\/2019\/02\/1-21.jpg","width":750,"height":450},{"@type":"BreadcrumbList","@id":"https:\/\/noti-america.com\/site\/mexico\/2019\/02\/13\/3136\/#breadcrumb","itemListElement":[{"@type":"ListItem","position":1,"name":"Portada","item":"https:\/\/noti-america.com\/site\/mexico\/"},{"@type":"ListItem","position":2,"name":"Lluvias arrecian en Quintana Roo; reportan inundaciones"}]},{"@type":"WebSite","@id":"https:\/\/noti-america.com\/site\/mexico\/#website","url":"https:\/\/noti-america.com\/site\/mexico\/","name":"M\u00e9xico | Noti-America.com","description":"","publisher":{"@id":"https:\/\/noti-america.com\/site\/mexico\/#organization"},"potentialAction":[{"@type":"SearchAction","target":{"@type":"EntryPoint","urlTemplate":"https:\/\/noti-america.com\/site\/mexico\/?s={search_term_string}"},"query-input":{"@type":"PropertyValueSpecification","valueRequired":true,"valueName":"search_term_string"}}],"inLanguage":"es"},{"@type":"Organization","@id":"https:\/\/noti-america.com\/site\/mexico\/#organization","name":"Noti-America LLC | M\u00e9xico","url":"https:\/\/noti-america.com\/site\/mexico\/","logo":{"@type":"ImageObject","inLanguage":"es","@id":"https:\/\/noti-america.com\/site\/mexico\/#\/schema\/logo\/image\/","url":"https:\/\/noti-america.com\/site\/mexico\/wp-content\/uploads\/sites\/13\/2020\/07\/LogoNA-4x3-1.jpg","contentUrl":"https:\/\/noti-america.com\/site\/mexico\/wp-content\/uploads\/sites\/13\/2020\/07\/LogoNA-4x3-1.jpg","width":1236,"height":1080,"caption":"Noti-America LLC | M\u00e9xico"},"image":{"@id":"https:\/\/noti-america.com\/site\/mexico\/#\/schema\/logo\/image\/"}},{"@type":"Person","@id":"https:\/\/noti-america.com\/site\/mexico\/#\/schema\/person\/db5a6527aaddfc34b3753d557a1292f0","name":"Redacci\u00f3n NA-NY","image":{"@type":"ImageObject","inLanguage":"es","@id":"https:\/\/secure.gravatar.com\/avatar\/2bd75bb500a8deb1390f777293a9af32d934c46613d2fbac7cceb2aaa2679ae8?s=96&d=mm&r=g","url":"https:\/\/secure.gravatar.com\/avatar\/2bd75bb500a8deb1390f777293a9af32d934c46613d2fbac7cceb2aaa2679ae8?s=96&d=mm&r=g","contentUrl":"https:\/\/secure.gravatar.com\/avatar\/2bd75bb500a8deb1390f777293a9af32d934c46613d2fbac7cceb2aaa2679ae8?s=96&d=mm&r=g","caption":"Redacci\u00f3n NA-NY"},"url":"https:\/\/noti-america.com\/site\/mexico\/author\/redaccionny\/"}]}},"_links":{"self":[{"href":"https:\/\/noti-america.com\/site\/mexico\/wp-json\/wp\/v2\/posts\/3136","targetHints":{"allow":["GET"]}}],"collection":[{"href":"https:\/\/noti-america.com\/site\/mexico\/wp-json\/wp\/v2\/posts"}],"about":[{"href":"https:\/\/noti-america.com\/site\/mexico\/wp-json\/wp\/v2\/types\/post"}],"author":[{"embeddable":true,"href":"https:\/\/noti-america.com\/site\/mexico\/wp-json\/wp\/v2\/users\/28"}],"replies":[{"embeddable":true,"href":"https:\/\/noti-america.com\/site\/mexico\/wp-json\/wp\/v2\/comments?post=3136"}],"version-history":[{"count":3,"href":"https:\/\/noti-america.com\/site\/mexico\/wp-json\/wp\/v2\/posts\/3136\/revisions"}],"predecessor-version":[{"id":3140,"href":"https:\/\/noti-america.com\/site\/mexico\/wp-json\/wp\/v2\/posts\/3136\/revisions\/3140"}],"wp:featuredmedia":[{"embeddable":true,"href":"https:\/\/noti-america.com\/site\/mexico\/wp-json\/wp\/v2\/media\/3137"}],"wp:attachment":[{"href":"https:\/\/noti-america.com\/site\/mexico\/wp-json\/wp\/v2\/media?parent=3136"}],"wp:term":[{"taxonomy":"category","embeddable":true,"href":"https:\/\/noti-america.com\/site\/mexico\/wp-json\/wp\/v2\/categories?post=3136"},{"taxonomy":"post_tag","embeddable":true,"href":"https:\/\/noti-america.com\/site\/mexico\/wp-json\/wp\/v2\/tags?post=3136"}],"curies":[{"name":"wp","href":"https:\/\/api.w.org\/{rel}","templated":true}]}}