{"id":3116,"date":"2019-02-12T05:41:21","date_gmt":"2019-02-12T05:41:21","guid":{"rendered":"http:\/\/noti-america.com\/site\/mexico\/?p=3116"},"modified":"2019-02-12T05:41:21","modified_gmt":"2019-02-12T05:41:21","slug":"cnte-retira-bloqueo-en-vias-del-tren-en-uruapan","status":"publish","type":"post","link":"https:\/\/noti-america.com\/site\/mexico\/2019\/02\/12\/cnte-retira-bloqueo-en-vias-del-tren-en-uruapan\/","title":{"rendered":"CNTE retira bloqueo en v\u00edas del tren en Uruapan"},"content":{"rendered":"<h3><img loading=\"lazy\" decoding=\"async\" class=\"alignnone  wp-image-3117 aligncenter\" src=\"http:\/\/noti-america.com\/site\/mexico\/wp-content\/uploads\/sites\/13\/2019\/02\/1-18-300x180.jpg\" alt=\"\" width=\"488\" height=\"293\" srcset=\"https:\/\/noti-america.com\/site\/mexico\/wp-content\/uploads\/sites\/13\/2019\/02\/1-18-300x180.jpg 300w, https:\/\/noti-america.com\/site\/mexico\/wp-content\/uploads\/sites\/13\/2019\/02\/1-18.jpg 750w\" sizes=\"auto, (max-width: 488px) 100vw, 488px\" \/><\/h3>\n<h3><\/h3>\n<h3>Fuente:\u00a0\u00a0https:\/\/www.unotv.com\/<\/h3>\n<p>&nbsp;<\/p>\n<p dir=\"ltr\">Luego de\u00a0 casi un mes de\u00a0<strong>bloqueo en las v\u00edas del tren\u00a0<\/strong>en la localidad de Caltzontzin,\u00a0<strong>Uruapan, Michoac\u00e1n,\u00a0<\/strong>este lunes maestros del sector IX Ind\u00edgena de la Secci\u00f3n 18 de la<strong>\u00a0Coordinadora Nacional de Trabajadores de la Educaci\u00f3n (CNTE)\u00a0<\/strong>determinaron\u00a0<strong>retirar su bloqueo<\/strong>\u00a0en la v\u00eda del tren.<\/p>\n<p dir=\"ltr\">El pasado 31 de enero, en Asamblea General Representativa, la<strong>\u00a0CNTE<\/strong>\u00a0acord\u00f3 retirar todos los<strong>\u00a0bloqueos de tramos ferroviarios.<\/strong>\u00a0Sin embargo, en\u00a0<strong>P\u00e1tzcuaro y Uruapan<\/strong>\u00a0los maestros se opon\u00edan a la<strong>\u00a0liberaci\u00f3n de las v\u00edas<\/strong>\u00a0de comunicaci\u00f3n.<\/p>\n<p dir=\"ltr\">El viernes pasado, mientras dos<strong>\u00a0maestros\u00a0<\/strong>de L\u00e1zaro C\u00e1rdenas comparec\u00edan ante la Fiscal\u00eda General de la Rep\u00fablica por l<strong>a toma de las v\u00edas<\/strong>\u00a0en dicho municipio, la\u00a0<strong>CNTE<\/strong>\u00a0volvi\u00f3 a ordenar el retiro de los bloqueos, instrucci\u00f3n acatada en P\u00e1tzcuaro, pero no en\u00a0<strong>Uruapan,<\/strong>\u00a0donde un grupo de profesores opt\u00f3 por mantener su\u00a0<strong>protesta<\/strong>\u00a0en la comunidad de Caltzontzin.<\/p>\n<p dir=\"ltr\">La dirigencia de la\u00a0<strong>Coordinadora<\/strong>\u00a0se deslind\u00f3 de dicho grupo magisterial que insist\u00eda en el\u00a0<strong>bloqueo,<\/strong>\u00a0a quienes identific\u00f3 como docentes del sector IX Indigena de la\u00a0<strong>Secci\u00f3n 18 de la CNTE.<\/strong><\/p>\n<p dir=\"ltr\">Al mediod\u00eda de este lunes, los profesores de dicho sector informaron su decisi\u00f3n de\u00a0<strong>retirar el plant\u00f3n<\/strong>\u00a0y\u00a0<strong>bloqueo en las v\u00edas f\u00e9rreas,<\/strong>\u00a0luego de 28 d\u00edas de su instalaci\u00f3n.<\/p>\n<ul dir=\"ltr\">\n<li>Con este retiro del campamento<strong>\u00a0magisterial,<\/strong>\u00a0finalmente quedan liberadas en su totalidad las\u00a0<strong>v\u00edas f\u00e9rreas\u00a0<\/strong>de Michoac\u00e1n.<\/li>\n<\/ul>\n","protected":false},"excerpt":{"rendered":"<p>Fuente:\u00a0\u00a0https:\/\/www.unotv.com\/ &nbsp; Luego de\u00a0 casi un mes de\u00a0bloqueo en las v\u00edas del tren\u00a0en la localidad de Caltzontzin,\u00a0Uruapan, Michoac\u00e1n,\u00a0este lunes maestros del sector IX Ind\u00edgena de la Secci\u00f3n 18 de la\u00a0Coordinadora Nacional de Trabajadores de&#46;&#46;&#46;<\/p>\n","protected":false},"author":28,"featured_media":3117,"comment_status":"open","ping_status":"open","sticky":false,"template":"","format":"standard","meta":{"_acf_changed":false,"om_disable_all_campaigns":false,"rop_custom_images_group":[],"rop_custom_messages_group":[],"rop_publish_now":"initial","rop_publish_now_accounts":{"twitter_242054905_242054905":""},"rop_publish_now_history":[],"rop_publish_now_status":"pending","_uf_show_specific_survey":0,"_uf_disable_surveys":false,"footnotes":""},"categories":[337],"tags":[371],"class_list":["post-3116","post","type-post","status-publish","format-standard","has-post-thumbnail","hentry","category-noticias","tag-cnte-retira-bloqueo-en-vias-del-tren-en-uruapan"],"acf":[],"aioseo_notices":[],"yoast_head":"<!-- This site is optimized with the Yoast SEO Premium plugin v24.9 (Yoast SEO v27.2) - https:\/\/yoast.com\/product\/yoast-seo-premium-wordpress\/ -->\n<title>CNTE retira bloqueo en v\u00edas del tren en Uruapan - M\u00e9xico<\/title>\n<meta name=\"robots\" content=\"index, follow, max-snippet:-1, max-image-preview:large, max-video-preview:-1\" \/>\n<link rel=\"canonical\" href=\"https:\/\/noti-america.com\/site\/mexico\/2019\/02\/12\/cnte-retira-bloqueo-en-vias-del-tren-en-uruapan\/\" \/>\n<meta property=\"og:locale\" content=\"es_ES\" \/>\n<meta property=\"og:type\" content=\"article\" \/>\n<meta property=\"og:title\" content=\"CNTE retira bloqueo en v\u00edas del tren en Uruapan\" \/>\n<meta property=\"og:description\" content=\"Fuente:\u00a0\u00a0https:\/\/www.unotv.com\/ &nbsp; Luego de\u00a0 casi un mes de\u00a0bloqueo en las v\u00edas del tren\u00a0en la localidad de Caltzontzin,\u00a0Uruapan, Michoac\u00e1n,\u00a0este lunes maestros del sector IX Ind\u00edgena de la Secci\u00f3n 18 de la\u00a0Coordinadora Nacional de Trabajadores de&#046;&#046;&#046;\" \/>\n<meta property=\"og:url\" content=\"https:\/\/noti-america.com\/site\/mexico\/2019\/02\/12\/cnte-retira-bloqueo-en-vias-del-tren-en-uruapan\/\" \/>\n<meta property=\"og:site_name\" content=\"M\u00e9xico\" \/>\n<meta property=\"article:published_time\" content=\"2019-02-12T05:41:21+00:00\" \/>\n<meta property=\"og:image\" content=\"https:\/\/noti-america.com\/site\/mexico\/wp-content\/uploads\/sites\/13\/2019\/02\/1-18.jpg\" \/>\n\t<meta property=\"og:image:width\" content=\"750\" \/>\n\t<meta property=\"og:image:height\" content=\"450\" \/>\n\t<meta property=\"og:image:type\" content=\"image\/jpeg\" \/>\n<meta name=\"author\" content=\"Redacci\u00f3n NA-NY\" \/>\n<meta name=\"twitter:card\" content=\"summary_large_image\" \/>\n<meta name=\"twitter:label1\" content=\"Escrito por\" \/>\n\t<meta name=\"twitter:data1\" content=\"Redacci\u00f3n NA-NY\" \/>\n\t<meta name=\"twitter:label2\" content=\"Tiempo estimado de lectura\" \/>\n\t<meta name=\"twitter:data2\" content=\"1 minuto\" \/>\n<script type=\"application\/ld+json\" class=\"yoast-schema-graph\">{\"@context\":\"https:\/\/schema.org\",\"@graph\":[{\"@type\":\"Article\",\"@id\":\"https:\/\/noti-america.com\/site\/mexico\/2019\/02\/12\/cnte-retira-bloqueo-en-vias-del-tren-en-uruapan\/#article\",\"isPartOf\":{\"@id\":\"https:\/\/noti-america.com\/site\/mexico\/2019\/02\/12\/cnte-retira-bloqueo-en-vias-del-tren-en-uruapan\/\"},\"author\":{\"name\":\"Redacci\u00f3n NA-NY\",\"@id\":\"https:\/\/noti-america.com\/site\/mexico\/#\/schema\/person\/db5a6527aaddfc34b3753d557a1292f0\"},\"headline\":\"CNTE retira bloqueo en v\u00edas del tren en Uruapan\",\"datePublished\":\"2019-02-12T05:41:21+00:00\",\"mainEntityOfPage\":{\"@id\":\"https:\/\/noti-america.com\/site\/mexico\/2019\/02\/12\/cnte-retira-bloqueo-en-vias-del-tren-en-uruapan\/\"},\"wordCount\":267,\"commentCount\":0,\"publisher\":{\"@id\":\"https:\/\/noti-america.com\/site\/mexico\/#organization\"},\"image\":{\"@id\":\"https:\/\/noti-america.com\/site\/mexico\/2019\/02\/12\/cnte-retira-bloqueo-en-vias-del-tren-en-uruapan\/#primaryimage\"},\"thumbnailUrl\":\"https:\/\/noti-america.com\/site\/mexico\/wp-content\/uploads\/sites\/13\/2019\/02\/1-18.jpg\",\"keywords\":[\"CNTE retira bloqueo en v\u00edas del tren en Uruapan\"],\"articleSection\":[\"Noticias\"],\"inLanguage\":\"es\",\"potentialAction\":[{\"@type\":\"CommentAction\",\"name\":\"Comment\",\"target\":[\"https:\/\/noti-america.com\/site\/mexico\/2019\/02\/12\/cnte-retira-bloqueo-en-vias-del-tren-en-uruapan\/#respond\"]}]},{\"@type\":\"WebPage\",\"@id\":\"https:\/\/noti-america.com\/site\/mexico\/2019\/02\/12\/cnte-retira-bloqueo-en-vias-del-tren-en-uruapan\/\",\"url\":\"https:\/\/noti-america.com\/site\/mexico\/2019\/02\/12\/cnte-retira-bloqueo-en-vias-del-tren-en-uruapan\/\",\"name\":\"CNTE retira bloqueo en v\u00edas del tren en Uruapan - M\u00e9xico\",\"isPartOf\":{\"@id\":\"https:\/\/noti-america.com\/site\/mexico\/#website\"},\"primaryImageOfPage\":{\"@id\":\"https:\/\/noti-america.com\/site\/mexico\/2019\/02\/12\/cnte-retira-bloqueo-en-vias-del-tren-en-uruapan\/#primaryimage\"},\"image\":{\"@id\":\"https:\/\/noti-america.com\/site\/mexico\/2019\/02\/12\/cnte-retira-bloqueo-en-vias-del-tren-en-uruapan\/#primaryimage\"},\"thumbnailUrl\":\"https:\/\/noti-america.com\/site\/mexico\/wp-content\/uploads\/sites\/13\/2019\/02\/1-18.jpg\",\"datePublished\":\"2019-02-12T05:41:21+00:00\",\"breadcrumb\":{\"@id\":\"https:\/\/noti-america.com\/site\/mexico\/2019\/02\/12\/cnte-retira-bloqueo-en-vias-del-tren-en-uruapan\/#breadcrumb\"},\"inLanguage\":\"es\",\"potentialAction\":[{\"@type\":\"ReadAction\",\"target\":[\"https:\/\/noti-america.com\/site\/mexico\/2019\/02\/12\/cnte-retira-bloqueo-en-vias-del-tren-en-uruapan\/\"]}]},{\"@type\":\"ImageObject\",\"inLanguage\":\"es\",\"@id\":\"https:\/\/noti-america.com\/site\/mexico\/2019\/02\/12\/cnte-retira-bloqueo-en-vias-del-tren-en-uruapan\/#primaryimage\",\"url\":\"https:\/\/noti-america.com\/site\/mexico\/wp-content\/uploads\/sites\/13\/2019\/02\/1-18.jpg\",\"contentUrl\":\"https:\/\/noti-america.com\/site\/mexico\/wp-content\/uploads\/sites\/13\/2019\/02\/1-18.jpg\",\"width\":750,\"height\":450},{\"@type\":\"BreadcrumbList\",\"@id\":\"https:\/\/noti-america.com\/site\/mexico\/2019\/02\/12\/cnte-retira-bloqueo-en-vias-del-tren-en-uruapan\/#breadcrumb\",\"itemListElement\":[{\"@type\":\"ListItem\",\"position\":1,\"name\":\"Portada\",\"item\":\"https:\/\/noti-america.com\/site\/mexico\/\"},{\"@type\":\"ListItem\",\"position\":2,\"name\":\"CNTE retira bloqueo en v\u00edas del tren en Uruapan\"}]},{\"@type\":\"WebSite\",\"@id\":\"https:\/\/noti-america.com\/site\/mexico\/#website\",\"url\":\"https:\/\/noti-america.com\/site\/mexico\/\",\"name\":\"M\u00e9xico | Noti-America.com\",\"description\":\"\",\"publisher\":{\"@id\":\"https:\/\/noti-america.com\/site\/mexico\/#organization\"},\"potentialAction\":[{\"@type\":\"SearchAction\",\"target\":{\"@type\":\"EntryPoint\",\"urlTemplate\":\"https:\/\/noti-america.com\/site\/mexico\/?s={search_term_string}\"},\"query-input\":{\"@type\":\"PropertyValueSpecification\",\"valueRequired\":true,\"valueName\":\"search_term_string\"}}],\"inLanguage\":\"es\"},{\"@type\":\"Organization\",\"@id\":\"https:\/\/noti-america.com\/site\/mexico\/#organization\",\"name\":\"Noti-America LLC | M\u00e9xico\",\"url\":\"https:\/\/noti-america.com\/site\/mexico\/\",\"logo\":{\"@type\":\"ImageObject\",\"inLanguage\":\"es\",\"@id\":\"https:\/\/noti-america.com\/site\/mexico\/#\/schema\/logo\/image\/\",\"url\":\"https:\/\/noti-america.com\/site\/mexico\/wp-content\/uploads\/sites\/13\/2020\/07\/LogoNA-4x3-1.jpg\",\"contentUrl\":\"https:\/\/noti-america.com\/site\/mexico\/wp-content\/uploads\/sites\/13\/2020\/07\/LogoNA-4x3-1.jpg\",\"width\":1236,\"height\":1080,\"caption\":\"Noti-America LLC | M\u00e9xico\"},\"image\":{\"@id\":\"https:\/\/noti-america.com\/site\/mexico\/#\/schema\/logo\/image\/\"}},{\"@type\":\"Person\",\"@id\":\"https:\/\/noti-america.com\/site\/mexico\/#\/schema\/person\/db5a6527aaddfc34b3753d557a1292f0\",\"name\":\"Redacci\u00f3n NA-NY\",\"image\":{\"@type\":\"ImageObject\",\"inLanguage\":\"es\",\"@id\":\"https:\/\/secure.gravatar.com\/avatar\/2bd75bb500a8deb1390f777293a9af32d934c46613d2fbac7cceb2aaa2679ae8?s=96&d=mm&r=g\",\"url\":\"https:\/\/secure.gravatar.com\/avatar\/2bd75bb500a8deb1390f777293a9af32d934c46613d2fbac7cceb2aaa2679ae8?s=96&d=mm&r=g\",\"contentUrl\":\"https:\/\/secure.gravatar.com\/avatar\/2bd75bb500a8deb1390f777293a9af32d934c46613d2fbac7cceb2aaa2679ae8?s=96&d=mm&r=g\",\"caption\":\"Redacci\u00f3n NA-NY\"},\"url\":\"https:\/\/noti-america.com\/site\/mexico\/author\/redaccionny\/\"}]}<\/script>\n<!-- \/ Yoast SEO Premium plugin. -->","yoast_head_json":{"title":"CNTE retira bloqueo en v\u00edas del tren en Uruapan - M\u00e9xico","robots":{"index":"index","follow":"follow","max-snippet":"max-snippet:-1","max-image-preview":"max-image-preview:large","max-video-preview":"max-video-preview:-1"},"canonical":"https:\/\/noti-america.com\/site\/mexico\/2019\/02\/12\/cnte-retira-bloqueo-en-vias-del-tren-en-uruapan\/","og_locale":"es_ES","og_type":"article","og_title":"CNTE retira bloqueo en v\u00edas del tren en Uruapan","og_description":"Fuente:\u00a0\u00a0https:\/\/www.unotv.com\/ &nbsp; Luego de\u00a0 casi un mes de\u00a0bloqueo en las v\u00edas del tren\u00a0en la localidad de Caltzontzin,\u00a0Uruapan, Michoac\u00e1n,\u00a0este lunes maestros del sector IX Ind\u00edgena de la Secci\u00f3n 18 de la\u00a0Coordinadora Nacional de Trabajadores de&#46;&#46;&#46;","og_url":"https:\/\/noti-america.com\/site\/mexico\/2019\/02\/12\/cnte-retira-bloqueo-en-vias-del-tren-en-uruapan\/","og_site_name":"M\u00e9xico","article_published_time":"2019-02-12T05:41:21+00:00","og_image":[{"width":750,"height":450,"url":"https:\/\/noti-america.com\/site\/mexico\/wp-content\/uploads\/sites\/13\/2019\/02\/1-18.jpg","type":"image\/jpeg"}],"author":"Redacci\u00f3n NA-NY","twitter_card":"summary_large_image","twitter_misc":{"Escrito por":"Redacci\u00f3n NA-NY","Tiempo estimado de lectura":"1 minuto"},"schema":{"@context":"https:\/\/schema.org","@graph":[{"@type":"Article","@id":"https:\/\/noti-america.com\/site\/mexico\/2019\/02\/12\/cnte-retira-bloqueo-en-vias-del-tren-en-uruapan\/#article","isPartOf":{"@id":"https:\/\/noti-america.com\/site\/mexico\/2019\/02\/12\/cnte-retira-bloqueo-en-vias-del-tren-en-uruapan\/"},"author":{"name":"Redacci\u00f3n NA-NY","@id":"https:\/\/noti-america.com\/site\/mexico\/#\/schema\/person\/db5a6527aaddfc34b3753d557a1292f0"},"headline":"CNTE retira bloqueo en v\u00edas del tren en Uruapan","datePublished":"2019-02-12T05:41:21+00:00","mainEntityOfPage":{"@id":"https:\/\/noti-america.com\/site\/mexico\/2019\/02\/12\/cnte-retira-bloqueo-en-vias-del-tren-en-uruapan\/"},"wordCount":267,"commentCount":0,"publisher":{"@id":"https:\/\/noti-america.com\/site\/mexico\/#organization"},"image":{"@id":"https:\/\/noti-america.com\/site\/mexico\/2019\/02\/12\/cnte-retira-bloqueo-en-vias-del-tren-en-uruapan\/#primaryimage"},"thumbnailUrl":"https:\/\/noti-america.com\/site\/mexico\/wp-content\/uploads\/sites\/13\/2019\/02\/1-18.jpg","keywords":["CNTE retira bloqueo en v\u00edas del tren en Uruapan"],"articleSection":["Noticias"],"inLanguage":"es","potentialAction":[{"@type":"CommentAction","name":"Comment","target":["https:\/\/noti-america.com\/site\/mexico\/2019\/02\/12\/cnte-retira-bloqueo-en-vias-del-tren-en-uruapan\/#respond"]}]},{"@type":"WebPage","@id":"https:\/\/noti-america.com\/site\/mexico\/2019\/02\/12\/cnte-retira-bloqueo-en-vias-del-tren-en-uruapan\/","url":"https:\/\/noti-america.com\/site\/mexico\/2019\/02\/12\/cnte-retira-bloqueo-en-vias-del-tren-en-uruapan\/","name":"CNTE retira bloqueo en v\u00edas del tren en Uruapan - M\u00e9xico","isPartOf":{"@id":"https:\/\/noti-america.com\/site\/mexico\/#website"},"primaryImageOfPage":{"@id":"https:\/\/noti-america.com\/site\/mexico\/2019\/02\/12\/cnte-retira-bloqueo-en-vias-del-tren-en-uruapan\/#primaryimage"},"image":{"@id":"https:\/\/noti-america.com\/site\/mexico\/2019\/02\/12\/cnte-retira-bloqueo-en-vias-del-tren-en-uruapan\/#primaryimage"},"thumbnailUrl":"https:\/\/noti-america.com\/site\/mexico\/wp-content\/uploads\/sites\/13\/2019\/02\/1-18.jpg","datePublished":"2019-02-12T05:41:21+00:00","breadcrumb":{"@id":"https:\/\/noti-america.com\/site\/mexico\/2019\/02\/12\/cnte-retira-bloqueo-en-vias-del-tren-en-uruapan\/#breadcrumb"},"inLanguage":"es","potentialAction":[{"@type":"ReadAction","target":["https:\/\/noti-america.com\/site\/mexico\/2019\/02\/12\/cnte-retira-bloqueo-en-vias-del-tren-en-uruapan\/"]}]},{"@type":"ImageObject","inLanguage":"es","@id":"https:\/\/noti-america.com\/site\/mexico\/2019\/02\/12\/cnte-retira-bloqueo-en-vias-del-tren-en-uruapan\/#primaryimage","url":"https:\/\/noti-america.com\/site\/mexico\/wp-content\/uploads\/sites\/13\/2019\/02\/1-18.jpg","contentUrl":"https:\/\/noti-america.com\/site\/mexico\/wp-content\/uploads\/sites\/13\/2019\/02\/1-18.jpg","width":750,"height":450},{"@type":"BreadcrumbList","@id":"https:\/\/noti-america.com\/site\/mexico\/2019\/02\/12\/cnte-retira-bloqueo-en-vias-del-tren-en-uruapan\/#breadcrumb","itemListElement":[{"@type":"ListItem","position":1,"name":"Portada","item":"https:\/\/noti-america.com\/site\/mexico\/"},{"@type":"ListItem","position":2,"name":"CNTE retira bloqueo en v\u00edas del tren en Uruapan"}]},{"@type":"WebSite","@id":"https:\/\/noti-america.com\/site\/mexico\/#website","url":"https:\/\/noti-america.com\/site\/mexico\/","name":"M\u00e9xico | Noti-America.com","description":"","publisher":{"@id":"https:\/\/noti-america.com\/site\/mexico\/#organization"},"potentialAction":[{"@type":"SearchAction","target":{"@type":"EntryPoint","urlTemplate":"https:\/\/noti-america.com\/site\/mexico\/?s={search_term_string}"},"query-input":{"@type":"PropertyValueSpecification","valueRequired":true,"valueName":"search_term_string"}}],"inLanguage":"es"},{"@type":"Organization","@id":"https:\/\/noti-america.com\/site\/mexico\/#organization","name":"Noti-America LLC | M\u00e9xico","url":"https:\/\/noti-america.com\/site\/mexico\/","logo":{"@type":"ImageObject","inLanguage":"es","@id":"https:\/\/noti-america.com\/site\/mexico\/#\/schema\/logo\/image\/","url":"https:\/\/noti-america.com\/site\/mexico\/wp-content\/uploads\/sites\/13\/2020\/07\/LogoNA-4x3-1.jpg","contentUrl":"https:\/\/noti-america.com\/site\/mexico\/wp-content\/uploads\/sites\/13\/2020\/07\/LogoNA-4x3-1.jpg","width":1236,"height":1080,"caption":"Noti-America LLC | M\u00e9xico"},"image":{"@id":"https:\/\/noti-america.com\/site\/mexico\/#\/schema\/logo\/image\/"}},{"@type":"Person","@id":"https:\/\/noti-america.com\/site\/mexico\/#\/schema\/person\/db5a6527aaddfc34b3753d557a1292f0","name":"Redacci\u00f3n NA-NY","image":{"@type":"ImageObject","inLanguage":"es","@id":"https:\/\/secure.gravatar.com\/avatar\/2bd75bb500a8deb1390f777293a9af32d934c46613d2fbac7cceb2aaa2679ae8?s=96&d=mm&r=g","url":"https:\/\/secure.gravatar.com\/avatar\/2bd75bb500a8deb1390f777293a9af32d934c46613d2fbac7cceb2aaa2679ae8?s=96&d=mm&r=g","contentUrl":"https:\/\/secure.gravatar.com\/avatar\/2bd75bb500a8deb1390f777293a9af32d934c46613d2fbac7cceb2aaa2679ae8?s=96&d=mm&r=g","caption":"Redacci\u00f3n NA-NY"},"url":"https:\/\/noti-america.com\/site\/mexico\/author\/redaccionny\/"}]}},"_links":{"self":[{"href":"https:\/\/noti-america.com\/site\/mexico\/wp-json\/wp\/v2\/posts\/3116","targetHints":{"allow":["GET"]}}],"collection":[{"href":"https:\/\/noti-america.com\/site\/mexico\/wp-json\/wp\/v2\/posts"}],"about":[{"href":"https:\/\/noti-america.com\/site\/mexico\/wp-json\/wp\/v2\/types\/post"}],"author":[{"embeddable":true,"href":"https:\/\/noti-america.com\/site\/mexico\/wp-json\/wp\/v2\/users\/28"}],"replies":[{"embeddable":true,"href":"https:\/\/noti-america.com\/site\/mexico\/wp-json\/wp\/v2\/comments?post=3116"}],"version-history":[{"count":1,"href":"https:\/\/noti-america.com\/site\/mexico\/wp-json\/wp\/v2\/posts\/3116\/revisions"}],"predecessor-version":[{"id":3118,"href":"https:\/\/noti-america.com\/site\/mexico\/wp-json\/wp\/v2\/posts\/3116\/revisions\/3118"}],"wp:featuredmedia":[{"embeddable":true,"href":"https:\/\/noti-america.com\/site\/mexico\/wp-json\/wp\/v2\/media\/3117"}],"wp:attachment":[{"href":"https:\/\/noti-america.com\/site\/mexico\/wp-json\/wp\/v2\/media?parent=3116"}],"wp:term":[{"taxonomy":"category","embeddable":true,"href":"https:\/\/noti-america.com\/site\/mexico\/wp-json\/wp\/v2\/categories?post=3116"},{"taxonomy":"post_tag","embeddable":true,"href":"https:\/\/noti-america.com\/site\/mexico\/wp-json\/wp\/v2\/tags?post=3116"}],"curies":[{"name":"wp","href":"https:\/\/api.w.org\/{rel}","templated":true}]}}