{"id":3077,"date":"2019-02-11T05:10:58","date_gmt":"2019-02-11T05:10:58","guid":{"rendered":"http:\/\/noti-america.com\/site\/mexico\/?p=3077"},"modified":"2019-02-11T05:10:58","modified_gmt":"2019-02-11T05:10:58","slug":"vuelca-camion-cargado-de-azucar-y-aparece-la-rapina","status":"publish","type":"post","link":"https:\/\/noti-america.com\/site\/mexico\/2019\/02\/11\/vuelca-camion-cargado-de-azucar-y-aparece-la-rapina\/","title":{"rendered":"Vuelca cami\u00f3n cargado de az\u00facar y aparece la rapi\u00f1a"},"content":{"rendered":"<h3><img loading=\"lazy\" decoding=\"async\" class=\" wp-image-3078 aligncenter\" src=\"http:\/\/noti-america.com\/site\/mexico\/wp-content\/uploads\/sites\/13\/2019\/02\/1-12-300x225.jpg\" alt=\"\" width=\"544\" height=\"408\" srcset=\"https:\/\/noti-america.com\/site\/mexico\/wp-content\/uploads\/sites\/13\/2019\/02\/1-12-300x225.jpg 300w, https:\/\/noti-america.com\/site\/mexico\/wp-content\/uploads\/sites\/13\/2019\/02\/1-12.jpg 664w\" sizes=\"auto, (max-width: 544px) 100vw, 544px\" \/><\/h3>\n<h3><\/h3>\n<h3><\/h3>\n<h3>Fuente. https:\/\/www.excelsior.com.mx<\/h3>\n<p>&nbsp;<\/p>\n<p class=\"letter-capitular\">Un\u00a0<strong>cami\u00f3n cargado con az\u00facar<\/strong>\u00a0se volc\u00f3 en el tramo de la\u00a0<strong>carretera Trans\u00edstmica Acayucan-Sayula de Alem\u00e1n<\/strong>, sin que se reportaran personas heridas.<\/p>\n<p>Sin embargo, los\u00a0<strong>pobladores<\/strong>\u00a0de comunidades cercanas y\u00a0<strong>automovilistas\u00a0<\/strong>aprovecharon el accidente para cometer<strong>\u00a0actos de rapi\u00f1a.<\/strong><\/p>\n<p>Polic\u00edas en unidades de la\u00a0<strong>Secretar\u00eda de Seguridad P\u00fablica y de la Polic\u00eda Federal<\/strong>, s\u00f3lo permanecieron en el lugar para evitar alg\u00fan incidente de riesgo o violencia, pero no intervinieron para impedir que la gente se llevara el cargamento regado.<\/p>\n<p>El accidente ocurri\u00f3 a las 14:00 horas, pero las autoridades no pod\u00edan empezar maniobras poco despu\u00e9s del incidente porque los pobladores no se retiraban del sitio, a pesar de las advertencias de que la gr\u00faa comenzar\u00eda a realizar maniobras para retirar el cami\u00f3n, que obstru\u00eda la carretera y que provoc\u00f3 una larga hilera de varios kil\u00f3metros.<\/p>\n<p>&nbsp;<\/p>\n","protected":false},"excerpt":{"rendered":"<p>Fuente. https:\/\/www.excelsior.com.mx &nbsp; Un\u00a0cami\u00f3n cargado con az\u00facar\u00a0se volc\u00f3 en el tramo de la\u00a0carretera Trans\u00edstmica Acayucan-Sayula de Alem\u00e1n, sin que se reportaran personas heridas. Sin embargo, los\u00a0pobladores\u00a0de comunidades cercanas y\u00a0automovilistas\u00a0aprovecharon el accidente para cometer\u00a0actos de&#46;&#46;&#46;<\/p>\n","protected":false},"author":28,"featured_media":3078,"comment_status":"open","ping_status":"open","sticky":false,"template":"","format":"standard","meta":{"_acf_changed":false,"om_disable_all_campaigns":false,"rop_custom_images_group":[],"rop_custom_messages_group":[],"rop_publish_now":"initial","rop_publish_now_accounts":{"twitter_242054905_242054905":""},"rop_publish_now_history":[],"rop_publish_now_status":"pending","_uf_show_specific_survey":0,"_uf_disable_surveys":false,"footnotes":""},"categories":[337],"tags":[365],"class_list":["post-3077","post","type-post","status-publish","format-standard","has-post-thumbnail","hentry","category-noticias","tag-vuelca-camion-cargado-de-azucar-y-aparece-la-rapina"],"acf":[],"aioseo_notices":[],"yoast_head":"<!-- This site is optimized with the Yoast SEO Premium plugin v24.9 (Yoast SEO v27.2) - https:\/\/yoast.com\/product\/yoast-seo-premium-wordpress\/ -->\n<title>Vuelca cami\u00f3n cargado de az\u00facar y aparece la rapi\u00f1a - M\u00e9xico<\/title>\n<meta name=\"robots\" content=\"index, follow, max-snippet:-1, max-image-preview:large, max-video-preview:-1\" \/>\n<link rel=\"canonical\" href=\"https:\/\/noti-america.com\/site\/mexico\/2019\/02\/11\/vuelca-camion-cargado-de-azucar-y-aparece-la-rapina\/\" \/>\n<meta property=\"og:locale\" content=\"es_ES\" \/>\n<meta property=\"og:type\" content=\"article\" \/>\n<meta property=\"og:title\" content=\"Vuelca cami\u00f3n cargado de az\u00facar y aparece la rapi\u00f1a\" \/>\n<meta property=\"og:description\" content=\"Fuente. https:\/\/www.excelsior.com.mx &nbsp; Un\u00a0cami\u00f3n cargado con az\u00facar\u00a0se volc\u00f3 en el tramo de la\u00a0carretera Trans\u00edstmica Acayucan-Sayula de Alem\u00e1n, sin que se reportaran personas heridas. Sin embargo, los\u00a0pobladores\u00a0de comunidades cercanas y\u00a0automovilistas\u00a0aprovecharon el accidente para cometer\u00a0actos de&#046;&#046;&#046;\" \/>\n<meta property=\"og:url\" content=\"https:\/\/noti-america.com\/site\/mexico\/2019\/02\/11\/vuelca-camion-cargado-de-azucar-y-aparece-la-rapina\/\" \/>\n<meta property=\"og:site_name\" content=\"M\u00e9xico\" \/>\n<meta property=\"article:published_time\" content=\"2019-02-11T05:10:58+00:00\" \/>\n<meta property=\"og:image\" content=\"https:\/\/noti-america.com\/site\/mexico\/wp-content\/uploads\/sites\/13\/2019\/02\/1-12.jpg\" \/>\n\t<meta property=\"og:image:width\" content=\"664\" \/>\n\t<meta property=\"og:image:height\" content=\"498\" \/>\n\t<meta property=\"og:image:type\" content=\"image\/jpeg\" \/>\n<meta name=\"author\" content=\"Redacci\u00f3n NA-NY\" \/>\n<meta name=\"twitter:card\" content=\"summary_large_image\" \/>\n<meta name=\"twitter:label1\" content=\"Escrito por\" \/>\n\t<meta name=\"twitter:data1\" content=\"Redacci\u00f3n NA-NY\" \/>\n\t<meta name=\"twitter:label2\" content=\"Tiempo estimado de lectura\" \/>\n\t<meta name=\"twitter:data2\" content=\"1 minuto\" \/>\n<script type=\"application\/ld+json\" class=\"yoast-schema-graph\">{\"@context\":\"https:\/\/schema.org\",\"@graph\":[{\"@type\":\"Article\",\"@id\":\"https:\/\/noti-america.com\/site\/mexico\/2019\/02\/11\/vuelca-camion-cargado-de-azucar-y-aparece-la-rapina\/#article\",\"isPartOf\":{\"@id\":\"https:\/\/noti-america.com\/site\/mexico\/2019\/02\/11\/vuelca-camion-cargado-de-azucar-y-aparece-la-rapina\/\"},\"author\":{\"name\":\"Redacci\u00f3n NA-NY\",\"@id\":\"https:\/\/noti-america.com\/site\/mexico\/#\/schema\/person\/db5a6527aaddfc34b3753d557a1292f0\"},\"headline\":\"Vuelca cami\u00f3n cargado de az\u00facar y aparece la rapi\u00f1a\",\"datePublished\":\"2019-02-11T05:10:58+00:00\",\"mainEntityOfPage\":{\"@id\":\"https:\/\/noti-america.com\/site\/mexico\/2019\/02\/11\/vuelca-camion-cargado-de-azucar-y-aparece-la-rapina\/\"},\"wordCount\":173,\"commentCount\":0,\"publisher\":{\"@id\":\"https:\/\/noti-america.com\/site\/mexico\/#organization\"},\"image\":{\"@id\":\"https:\/\/noti-america.com\/site\/mexico\/2019\/02\/11\/vuelca-camion-cargado-de-azucar-y-aparece-la-rapina\/#primaryimage\"},\"thumbnailUrl\":\"https:\/\/noti-america.com\/site\/mexico\/wp-content\/uploads\/sites\/13\/2019\/02\/1-12.jpg\",\"keywords\":[\"Vuelca cami\u00f3n cargado de az\u00facar y aparece la rapi\u00f1a\"],\"articleSection\":[\"Noticias\"],\"inLanguage\":\"es\",\"potentialAction\":[{\"@type\":\"CommentAction\",\"name\":\"Comment\",\"target\":[\"https:\/\/noti-america.com\/site\/mexico\/2019\/02\/11\/vuelca-camion-cargado-de-azucar-y-aparece-la-rapina\/#respond\"]}]},{\"@type\":\"WebPage\",\"@id\":\"https:\/\/noti-america.com\/site\/mexico\/2019\/02\/11\/vuelca-camion-cargado-de-azucar-y-aparece-la-rapina\/\",\"url\":\"https:\/\/noti-america.com\/site\/mexico\/2019\/02\/11\/vuelca-camion-cargado-de-azucar-y-aparece-la-rapina\/\",\"name\":\"Vuelca cami\u00f3n cargado de az\u00facar y aparece la rapi\u00f1a - M\u00e9xico\",\"isPartOf\":{\"@id\":\"https:\/\/noti-america.com\/site\/mexico\/#website\"},\"primaryImageOfPage\":{\"@id\":\"https:\/\/noti-america.com\/site\/mexico\/2019\/02\/11\/vuelca-camion-cargado-de-azucar-y-aparece-la-rapina\/#primaryimage\"},\"image\":{\"@id\":\"https:\/\/noti-america.com\/site\/mexico\/2019\/02\/11\/vuelca-camion-cargado-de-azucar-y-aparece-la-rapina\/#primaryimage\"},\"thumbnailUrl\":\"https:\/\/noti-america.com\/site\/mexico\/wp-content\/uploads\/sites\/13\/2019\/02\/1-12.jpg\",\"datePublished\":\"2019-02-11T05:10:58+00:00\",\"breadcrumb\":{\"@id\":\"https:\/\/noti-america.com\/site\/mexico\/2019\/02\/11\/vuelca-camion-cargado-de-azucar-y-aparece-la-rapina\/#breadcrumb\"},\"inLanguage\":\"es\",\"potentialAction\":[{\"@type\":\"ReadAction\",\"target\":[\"https:\/\/noti-america.com\/site\/mexico\/2019\/02\/11\/vuelca-camion-cargado-de-azucar-y-aparece-la-rapina\/\"]}]},{\"@type\":\"ImageObject\",\"inLanguage\":\"es\",\"@id\":\"https:\/\/noti-america.com\/site\/mexico\/2019\/02\/11\/vuelca-camion-cargado-de-azucar-y-aparece-la-rapina\/#primaryimage\",\"url\":\"https:\/\/noti-america.com\/site\/mexico\/wp-content\/uploads\/sites\/13\/2019\/02\/1-12.jpg\",\"contentUrl\":\"https:\/\/noti-america.com\/site\/mexico\/wp-content\/uploads\/sites\/13\/2019\/02\/1-12.jpg\",\"width\":664,\"height\":498},{\"@type\":\"BreadcrumbList\",\"@id\":\"https:\/\/noti-america.com\/site\/mexico\/2019\/02\/11\/vuelca-camion-cargado-de-azucar-y-aparece-la-rapina\/#breadcrumb\",\"itemListElement\":[{\"@type\":\"ListItem\",\"position\":1,\"name\":\"Portada\",\"item\":\"https:\/\/noti-america.com\/site\/mexico\/\"},{\"@type\":\"ListItem\",\"position\":2,\"name\":\"Vuelca cami\u00f3n cargado de az\u00facar y aparece la rapi\u00f1a\"}]},{\"@type\":\"WebSite\",\"@id\":\"https:\/\/noti-america.com\/site\/mexico\/#website\",\"url\":\"https:\/\/noti-america.com\/site\/mexico\/\",\"name\":\"M\u00e9xico | Noti-America.com\",\"description\":\"\",\"publisher\":{\"@id\":\"https:\/\/noti-america.com\/site\/mexico\/#organization\"},\"potentialAction\":[{\"@type\":\"SearchAction\",\"target\":{\"@type\":\"EntryPoint\",\"urlTemplate\":\"https:\/\/noti-america.com\/site\/mexico\/?s={search_term_string}\"},\"query-input\":{\"@type\":\"PropertyValueSpecification\",\"valueRequired\":true,\"valueName\":\"search_term_string\"}}],\"inLanguage\":\"es\"},{\"@type\":\"Organization\",\"@id\":\"https:\/\/noti-america.com\/site\/mexico\/#organization\",\"name\":\"Noti-America LLC | M\u00e9xico\",\"url\":\"https:\/\/noti-america.com\/site\/mexico\/\",\"logo\":{\"@type\":\"ImageObject\",\"inLanguage\":\"es\",\"@id\":\"https:\/\/noti-america.com\/site\/mexico\/#\/schema\/logo\/image\/\",\"url\":\"https:\/\/noti-america.com\/site\/mexico\/wp-content\/uploads\/sites\/13\/2020\/07\/LogoNA-4x3-1.jpg\",\"contentUrl\":\"https:\/\/noti-america.com\/site\/mexico\/wp-content\/uploads\/sites\/13\/2020\/07\/LogoNA-4x3-1.jpg\",\"width\":1236,\"height\":1080,\"caption\":\"Noti-America LLC | M\u00e9xico\"},\"image\":{\"@id\":\"https:\/\/noti-america.com\/site\/mexico\/#\/schema\/logo\/image\/\"}},{\"@type\":\"Person\",\"@id\":\"https:\/\/noti-america.com\/site\/mexico\/#\/schema\/person\/db5a6527aaddfc34b3753d557a1292f0\",\"name\":\"Redacci\u00f3n NA-NY\",\"image\":{\"@type\":\"ImageObject\",\"inLanguage\":\"es\",\"@id\":\"https:\/\/secure.gravatar.com\/avatar\/2bd75bb500a8deb1390f777293a9af32d934c46613d2fbac7cceb2aaa2679ae8?s=96&d=mm&r=g\",\"url\":\"https:\/\/secure.gravatar.com\/avatar\/2bd75bb500a8deb1390f777293a9af32d934c46613d2fbac7cceb2aaa2679ae8?s=96&d=mm&r=g\",\"contentUrl\":\"https:\/\/secure.gravatar.com\/avatar\/2bd75bb500a8deb1390f777293a9af32d934c46613d2fbac7cceb2aaa2679ae8?s=96&d=mm&r=g\",\"caption\":\"Redacci\u00f3n NA-NY\"},\"url\":\"https:\/\/noti-america.com\/site\/mexico\/author\/redaccionny\/\"}]}<\/script>\n<!-- \/ Yoast SEO Premium plugin. -->","yoast_head_json":{"title":"Vuelca cami\u00f3n cargado de az\u00facar y aparece la rapi\u00f1a - M\u00e9xico","robots":{"index":"index","follow":"follow","max-snippet":"max-snippet:-1","max-image-preview":"max-image-preview:large","max-video-preview":"max-video-preview:-1"},"canonical":"https:\/\/noti-america.com\/site\/mexico\/2019\/02\/11\/vuelca-camion-cargado-de-azucar-y-aparece-la-rapina\/","og_locale":"es_ES","og_type":"article","og_title":"Vuelca cami\u00f3n cargado de az\u00facar y aparece la rapi\u00f1a","og_description":"Fuente. https:\/\/www.excelsior.com.mx &nbsp; Un\u00a0cami\u00f3n cargado con az\u00facar\u00a0se volc\u00f3 en el tramo de la\u00a0carretera Trans\u00edstmica Acayucan-Sayula de Alem\u00e1n, sin que se reportaran personas heridas. Sin embargo, los\u00a0pobladores\u00a0de comunidades cercanas y\u00a0automovilistas\u00a0aprovecharon el accidente para cometer\u00a0actos de&#46;&#46;&#46;","og_url":"https:\/\/noti-america.com\/site\/mexico\/2019\/02\/11\/vuelca-camion-cargado-de-azucar-y-aparece-la-rapina\/","og_site_name":"M\u00e9xico","article_published_time":"2019-02-11T05:10:58+00:00","og_image":[{"width":664,"height":498,"url":"https:\/\/noti-america.com\/site\/mexico\/wp-content\/uploads\/sites\/13\/2019\/02\/1-12.jpg","type":"image\/jpeg"}],"author":"Redacci\u00f3n NA-NY","twitter_card":"summary_large_image","twitter_misc":{"Escrito por":"Redacci\u00f3n NA-NY","Tiempo estimado de lectura":"1 minuto"},"schema":{"@context":"https:\/\/schema.org","@graph":[{"@type":"Article","@id":"https:\/\/noti-america.com\/site\/mexico\/2019\/02\/11\/vuelca-camion-cargado-de-azucar-y-aparece-la-rapina\/#article","isPartOf":{"@id":"https:\/\/noti-america.com\/site\/mexico\/2019\/02\/11\/vuelca-camion-cargado-de-azucar-y-aparece-la-rapina\/"},"author":{"name":"Redacci\u00f3n NA-NY","@id":"https:\/\/noti-america.com\/site\/mexico\/#\/schema\/person\/db5a6527aaddfc34b3753d557a1292f0"},"headline":"Vuelca cami\u00f3n cargado de az\u00facar y aparece la rapi\u00f1a","datePublished":"2019-02-11T05:10:58+00:00","mainEntityOfPage":{"@id":"https:\/\/noti-america.com\/site\/mexico\/2019\/02\/11\/vuelca-camion-cargado-de-azucar-y-aparece-la-rapina\/"},"wordCount":173,"commentCount":0,"publisher":{"@id":"https:\/\/noti-america.com\/site\/mexico\/#organization"},"image":{"@id":"https:\/\/noti-america.com\/site\/mexico\/2019\/02\/11\/vuelca-camion-cargado-de-azucar-y-aparece-la-rapina\/#primaryimage"},"thumbnailUrl":"https:\/\/noti-america.com\/site\/mexico\/wp-content\/uploads\/sites\/13\/2019\/02\/1-12.jpg","keywords":["Vuelca cami\u00f3n cargado de az\u00facar y aparece la rapi\u00f1a"],"articleSection":["Noticias"],"inLanguage":"es","potentialAction":[{"@type":"CommentAction","name":"Comment","target":["https:\/\/noti-america.com\/site\/mexico\/2019\/02\/11\/vuelca-camion-cargado-de-azucar-y-aparece-la-rapina\/#respond"]}]},{"@type":"WebPage","@id":"https:\/\/noti-america.com\/site\/mexico\/2019\/02\/11\/vuelca-camion-cargado-de-azucar-y-aparece-la-rapina\/","url":"https:\/\/noti-america.com\/site\/mexico\/2019\/02\/11\/vuelca-camion-cargado-de-azucar-y-aparece-la-rapina\/","name":"Vuelca cami\u00f3n cargado de az\u00facar y aparece la rapi\u00f1a - M\u00e9xico","isPartOf":{"@id":"https:\/\/noti-america.com\/site\/mexico\/#website"},"primaryImageOfPage":{"@id":"https:\/\/noti-america.com\/site\/mexico\/2019\/02\/11\/vuelca-camion-cargado-de-azucar-y-aparece-la-rapina\/#primaryimage"},"image":{"@id":"https:\/\/noti-america.com\/site\/mexico\/2019\/02\/11\/vuelca-camion-cargado-de-azucar-y-aparece-la-rapina\/#primaryimage"},"thumbnailUrl":"https:\/\/noti-america.com\/site\/mexico\/wp-content\/uploads\/sites\/13\/2019\/02\/1-12.jpg","datePublished":"2019-02-11T05:10:58+00:00","breadcrumb":{"@id":"https:\/\/noti-america.com\/site\/mexico\/2019\/02\/11\/vuelca-camion-cargado-de-azucar-y-aparece-la-rapina\/#breadcrumb"},"inLanguage":"es","potentialAction":[{"@type":"ReadAction","target":["https:\/\/noti-america.com\/site\/mexico\/2019\/02\/11\/vuelca-camion-cargado-de-azucar-y-aparece-la-rapina\/"]}]},{"@type":"ImageObject","inLanguage":"es","@id":"https:\/\/noti-america.com\/site\/mexico\/2019\/02\/11\/vuelca-camion-cargado-de-azucar-y-aparece-la-rapina\/#primaryimage","url":"https:\/\/noti-america.com\/site\/mexico\/wp-content\/uploads\/sites\/13\/2019\/02\/1-12.jpg","contentUrl":"https:\/\/noti-america.com\/site\/mexico\/wp-content\/uploads\/sites\/13\/2019\/02\/1-12.jpg","width":664,"height":498},{"@type":"BreadcrumbList","@id":"https:\/\/noti-america.com\/site\/mexico\/2019\/02\/11\/vuelca-camion-cargado-de-azucar-y-aparece-la-rapina\/#breadcrumb","itemListElement":[{"@type":"ListItem","position":1,"name":"Portada","item":"https:\/\/noti-america.com\/site\/mexico\/"},{"@type":"ListItem","position":2,"name":"Vuelca cami\u00f3n cargado de az\u00facar y aparece la rapi\u00f1a"}]},{"@type":"WebSite","@id":"https:\/\/noti-america.com\/site\/mexico\/#website","url":"https:\/\/noti-america.com\/site\/mexico\/","name":"M\u00e9xico | Noti-America.com","description":"","publisher":{"@id":"https:\/\/noti-america.com\/site\/mexico\/#organization"},"potentialAction":[{"@type":"SearchAction","target":{"@type":"EntryPoint","urlTemplate":"https:\/\/noti-america.com\/site\/mexico\/?s={search_term_string}"},"query-input":{"@type":"PropertyValueSpecification","valueRequired":true,"valueName":"search_term_string"}}],"inLanguage":"es"},{"@type":"Organization","@id":"https:\/\/noti-america.com\/site\/mexico\/#organization","name":"Noti-America LLC | M\u00e9xico","url":"https:\/\/noti-america.com\/site\/mexico\/","logo":{"@type":"ImageObject","inLanguage":"es","@id":"https:\/\/noti-america.com\/site\/mexico\/#\/schema\/logo\/image\/","url":"https:\/\/noti-america.com\/site\/mexico\/wp-content\/uploads\/sites\/13\/2020\/07\/LogoNA-4x3-1.jpg","contentUrl":"https:\/\/noti-america.com\/site\/mexico\/wp-content\/uploads\/sites\/13\/2020\/07\/LogoNA-4x3-1.jpg","width":1236,"height":1080,"caption":"Noti-America LLC | M\u00e9xico"},"image":{"@id":"https:\/\/noti-america.com\/site\/mexico\/#\/schema\/logo\/image\/"}},{"@type":"Person","@id":"https:\/\/noti-america.com\/site\/mexico\/#\/schema\/person\/db5a6527aaddfc34b3753d557a1292f0","name":"Redacci\u00f3n NA-NY","image":{"@type":"ImageObject","inLanguage":"es","@id":"https:\/\/secure.gravatar.com\/avatar\/2bd75bb500a8deb1390f777293a9af32d934c46613d2fbac7cceb2aaa2679ae8?s=96&d=mm&r=g","url":"https:\/\/secure.gravatar.com\/avatar\/2bd75bb500a8deb1390f777293a9af32d934c46613d2fbac7cceb2aaa2679ae8?s=96&d=mm&r=g","contentUrl":"https:\/\/secure.gravatar.com\/avatar\/2bd75bb500a8deb1390f777293a9af32d934c46613d2fbac7cceb2aaa2679ae8?s=96&d=mm&r=g","caption":"Redacci\u00f3n NA-NY"},"url":"https:\/\/noti-america.com\/site\/mexico\/author\/redaccionny\/"}]}},"_links":{"self":[{"href":"https:\/\/noti-america.com\/site\/mexico\/wp-json\/wp\/v2\/posts\/3077","targetHints":{"allow":["GET"]}}],"collection":[{"href":"https:\/\/noti-america.com\/site\/mexico\/wp-json\/wp\/v2\/posts"}],"about":[{"href":"https:\/\/noti-america.com\/site\/mexico\/wp-json\/wp\/v2\/types\/post"}],"author":[{"embeddable":true,"href":"https:\/\/noti-america.com\/site\/mexico\/wp-json\/wp\/v2\/users\/28"}],"replies":[{"embeddable":true,"href":"https:\/\/noti-america.com\/site\/mexico\/wp-json\/wp\/v2\/comments?post=3077"}],"version-history":[{"count":1,"href":"https:\/\/noti-america.com\/site\/mexico\/wp-json\/wp\/v2\/posts\/3077\/revisions"}],"predecessor-version":[{"id":3079,"href":"https:\/\/noti-america.com\/site\/mexico\/wp-json\/wp\/v2\/posts\/3077\/revisions\/3079"}],"wp:featuredmedia":[{"embeddable":true,"href":"https:\/\/noti-america.com\/site\/mexico\/wp-json\/wp\/v2\/media\/3078"}],"wp:attachment":[{"href":"https:\/\/noti-america.com\/site\/mexico\/wp-json\/wp\/v2\/media?parent=3077"}],"wp:term":[{"taxonomy":"category","embeddable":true,"href":"https:\/\/noti-america.com\/site\/mexico\/wp-json\/wp\/v2\/categories?post=3077"},{"taxonomy":"post_tag","embeddable":true,"href":"https:\/\/noti-america.com\/site\/mexico\/wp-json\/wp\/v2\/tags?post=3077"}],"curies":[{"name":"wp","href":"https:\/\/api.w.org\/{rel}","templated":true}]}}