{"id":3074,"date":"2019-02-11T05:07:18","date_gmt":"2019-02-11T05:07:18","guid":{"rendered":"http:\/\/noti-america.com\/site\/mexico\/?p=3074"},"modified":"2019-02-11T05:07:18","modified_gmt":"2019-02-11T05:07:18","slug":"juan-guaido-califico-como-genocidas-a-bloqueadores-de-ayuda-humanitaria","status":"publish","type":"post","link":"https:\/\/noti-america.com\/site\/mexico\/2019\/02\/11\/juan-guaido-califico-como-genocidas-a-bloqueadores-de-ayuda-humanitaria\/","title":{"rendered":"Juan Guaid\u00f3 calific\u00f3 como genocidas a bloqueadores de ayuda humanitaria"},"content":{"rendered":"<h3><img loading=\"lazy\" decoding=\"async\" class=\" wp-image-3075 aligncenter\" src=\"http:\/\/noti-america.com\/site\/mexico\/wp-content\/uploads\/sites\/13\/2019\/02\/1-11-300x180.jpg\" alt=\"\" width=\"543\" height=\"326\" srcset=\"https:\/\/noti-america.com\/site\/mexico\/wp-content\/uploads\/sites\/13\/2019\/02\/1-11-300x180.jpg 300w, https:\/\/noti-america.com\/site\/mexico\/wp-content\/uploads\/sites\/13\/2019\/02\/1-11.jpg 750w\" sizes=\"auto, (max-width: 543px) 100vw, 543px\" \/><\/h3>\n<h3><\/h3>\n<h3>Fuente:\u00a0\u00a0https:\/\/www.unotv.com<\/h3>\n<p dir=\"ltr\">Si\u00a0<strong>militares\u00a0<\/strong>y el\u00a0<strong>gobierno\u00a0<\/strong>de\u00a0<strong>Nicol\u00e1s Maduro<\/strong>\u00a0bloquean la\u00a0<strong>ayuda humanitaria<\/strong>que llega para los\u00a0<strong>venezolanos<\/strong>, ser\u00e1n conocidos casi\u00a0<strong>genocidas<\/strong>, afirm\u00f3 el opositor\u00a0<strong>Juan Guaid\u00f3<\/strong>.<\/p>\n<p dir=\"ltr\"><em><strong>\u00abEsto tiene responsables y que lo sepa el r\u00e9gimen. Eso es delito de lesa humanidad, se\u00f1ores de la Fuerza Armada\u00bb.\u00a0<u>Juan Guaid\u00f3, opositor venezolano<\/u>.<\/strong><\/em><\/p>\n<div class=\"tweeet-post\">\n<div class=\"SandboxRoot env-bp-min\" data-twitter-event-id=\"0\">\n<div id=\"twitter-widget-0\" class=\"EmbeddedTweet EmbeddedTweet--cta EmbeddedTweet--mediaForward media-forward js-clickToOpenTarget js-tweetIdInfo tweet-InformationCircle-widgetParent\" lang=\"es\" data-click-to-open-target=\"https:\/\/twitter.com\/jguaido\/status\/1094755772574154754\" data-iframe-title=\"Tweet de Twitter\" data-scribe=\"page:tweet\" data-tweet-id=\"1094755772574154754\" data-twitter-event-id=\"1\">\n<article class=\"MediaCard\n           MediaCard--mediaForward\n\n           customisable-border\" dir=\"ltr\" data-scribe=\"component:card\"><\/p>\n<div class=\"MediaCard-mediaContainer js-cspForcedStyle\" data-scribe=\"element:photo_grid\" data-style=\"padding-bottom: 50%\">\n<div class=\"MediaCard-mediaAsset ImageGrid ImageGrid--2 ImageGrid--roundedTop\"><a class=\"ImageGrid-image ImageGrid-image-0 CroppedImage CroppedImage--fillHeight\" href=\"https:\/\/twitter.com\/jguaido\/status\/1094755772574154754\/photo\/1\"><img loading=\"lazy\" decoding=\"async\" class=\"CroppedImage-image js-cspForcedStyle\" title=\"Ver imagen en Twitter\" src=\"https:\/\/pbs.twimg.com\/media\/DzFagE-X4AYdBQ2?format=jpg&amp;name=240x240\" alt=\"Ver imagen en Twitter\" width=\"1024\" height=\"683\" data-image=\"https:\/\/pbs.twimg.com\/media\/DzFagE-X4AYdBQ2\" data-style=\"left:-24%;\" \/><\/a><a class=\"ImageGrid-image ImageGrid-image-1 CroppedImage CroppedImage--fillHeight\" href=\"https:\/\/twitter.com\/jguaido\/status\/1094755772574154754\/photo\/1\"><img loading=\"lazy\" decoding=\"async\" class=\"CroppedImage-image js-cspForcedStyle\" title=\"Ver imagen en Twitter\" src=\"https:\/\/pbs.twimg.com\/media\/DzFagFQXcAAy8sy?format=jpg&amp;name=240x240\" alt=\"Ver imagen en Twitter\" width=\"1024\" height=\"683\" data-image=\"https:\/\/pbs.twimg.com\/media\/DzFagFQXcAAy8sy\" data-style=\"left:-39%;\" \/><\/a><\/div>\n<\/div>\n<\/article>\n<div class=\"EmbeddedTweet-tweetContainer\">\n<div class=\"EmbeddedTweet-tweet\">\n<blockquote class=\"Tweet h-entry js-tweetIdInfo subject expanded\" cite=\"https:\/\/twitter.com\/jguaido\/status\/1094755772574154754\" data-tweet-id=\"1094755772574154754\" data-scribe=\"section:subject\">\n<div class=\"Tweet-header\">\n<div class=\"Tweet-brand\">\n<div title=\"Ver en Twitter\" role=\"presentation\" aria-label=\"Ver en Twitter\"><\/div>\n<div class=\"Icon Icon--twitter \" title=\"Ver en Twitter\" role=\"presentation\" aria-label=\"Ver en Twitter\">Asimismo reiter\u00f3 su llamado a una\u00a0<strong>marcha\u00a0<\/strong>el martes,\u00a0<strong>D\u00eda de la Juventud<\/strong>, en memoria de los fallecidos (alrededor de 40, en disturbios desde el 21 de enero, seg\u00fan la\u00a0<strong>ONU<\/strong>) y para exigir que se permita el ingreso de la ayuda.<\/div>\n<\/div>\n<\/div>\n<\/blockquote>\n<\/div>\n<\/div>\n<\/div>\n<\/div>\n<\/div>\n<h2 dir=\"ltr\">\u00bfQu\u00e9 tipo de ayuda le han enviado a Venezuela?<\/h2>\n<p dir=\"ltr\"><strong>Medicinas\u00a0<\/strong>y\u00a0<strong>alimentos\u00a0<\/strong>enviados por\u00a0<strong>Estados Unidos<\/strong>\u00a0permanecen desde hace tres d\u00edas en bodegas del\u00a0<strong>centro de acopio<\/strong>\u00a0instalado en\u00a0<strong>C\u00facuta<\/strong>,\u00a0<strong>Colombia<\/strong>, cerca del puente fronterizo Tienditas, bloqueado por\u00a0<strong>militares venezolanos\u00a0<\/strong>con dos contenedores y una cisterna.<\/p>\n<p>&nbsp;<\/p>\n","protected":false},"excerpt":{"rendered":"<p>Fuente:\u00a0\u00a0https:\/\/www.unotv.com Si\u00a0militares\u00a0y el\u00a0gobierno\u00a0de\u00a0Nicol\u00e1s Maduro\u00a0bloquean la\u00a0ayuda humanitariaque llega para los\u00a0venezolanos, ser\u00e1n conocidos casi\u00a0genocidas, afirm\u00f3 el opositor\u00a0Juan Guaid\u00f3. \u00abEsto tiene responsables y que lo sepa el r\u00e9gimen. Eso es delito de lesa humanidad, se\u00f1ores de la&#46;&#46;&#46;<\/p>\n","protected":false},"author":28,"featured_media":3075,"comment_status":"open","ping_status":"open","sticky":false,"template":"","format":"standard","meta":{"_acf_changed":false,"om_disable_all_campaigns":false,"rop_custom_images_group":[],"rop_custom_messages_group":[],"rop_publish_now":"initial","rop_publish_now_accounts":{"twitter_242054905_242054905":""},"rop_publish_now_history":[],"rop_publish_now_status":"pending","_uf_show_specific_survey":0,"_uf_disable_surveys":false,"footnotes":""},"categories":[4,337],"tags":[364],"class_list":["post-3074","post","type-post","status-publish","format-standard","has-post-thumbnail","hentry","category-internacionales","category-noticias","tag-juan-guaido-califico-como-genocidas-a-bloqueadores-de-ayuda-humanitaria"],"acf":[],"aioseo_notices":[],"yoast_head":"<!-- This site is optimized with the Yoast SEO Premium plugin v24.9 (Yoast SEO v27.2) - https:\/\/yoast.com\/product\/yoast-seo-premium-wordpress\/ -->\n<title>Juan Guaid\u00f3 calific\u00f3 como genocidas a bloqueadores de ayuda humanitaria - M\u00e9xico<\/title>\n<meta name=\"robots\" content=\"index, follow, max-snippet:-1, max-image-preview:large, max-video-preview:-1\" \/>\n<link rel=\"canonical\" href=\"https:\/\/noti-america.com\/site\/mexico\/2019\/02\/11\/juan-guaido-califico-como-genocidas-a-bloqueadores-de-ayuda-humanitaria\/\" \/>\n<meta property=\"og:locale\" content=\"es_ES\" \/>\n<meta property=\"og:type\" content=\"article\" \/>\n<meta property=\"og:title\" content=\"Juan Guaid\u00f3 calific\u00f3 como genocidas a bloqueadores de ayuda humanitaria\" \/>\n<meta property=\"og:description\" content=\"Fuente:\u00a0\u00a0https:\/\/www.unotv.com Si\u00a0militares\u00a0y el\u00a0gobierno\u00a0de\u00a0Nicol\u00e1s Maduro\u00a0bloquean la\u00a0ayuda humanitariaque llega para los\u00a0venezolanos, ser\u00e1n conocidos casi\u00a0genocidas, afirm\u00f3 el opositor\u00a0Juan Guaid\u00f3. \u00abEsto tiene responsables y que lo sepa el r\u00e9gimen. Eso es delito de lesa humanidad, se\u00f1ores de la&#046;&#046;&#046;\" \/>\n<meta property=\"og:url\" content=\"https:\/\/noti-america.com\/site\/mexico\/2019\/02\/11\/juan-guaido-califico-como-genocidas-a-bloqueadores-de-ayuda-humanitaria\/\" \/>\n<meta property=\"og:site_name\" content=\"M\u00e9xico\" \/>\n<meta property=\"article:published_time\" content=\"2019-02-11T05:07:18+00:00\" \/>\n<meta property=\"og:image\" content=\"https:\/\/noti-america.com\/site\/mexico\/wp-content\/uploads\/sites\/13\/2019\/02\/1-11.jpg\" \/>\n\t<meta property=\"og:image:width\" content=\"750\" \/>\n\t<meta property=\"og:image:height\" content=\"450\" \/>\n\t<meta property=\"og:image:type\" content=\"image\/jpeg\" \/>\n<meta name=\"author\" content=\"Redacci\u00f3n NA-NY\" \/>\n<meta name=\"twitter:card\" content=\"summary_large_image\" \/>\n<meta name=\"twitter:label1\" content=\"Escrito por\" \/>\n\t<meta name=\"twitter:data1\" content=\"Redacci\u00f3n NA-NY\" \/>\n\t<meta name=\"twitter:label2\" content=\"Tiempo estimado de lectura\" \/>\n\t<meta name=\"twitter:data2\" content=\"1 minuto\" \/>\n<script type=\"application\/ld+json\" class=\"yoast-schema-graph\">{\"@context\":\"https:\/\/schema.org\",\"@graph\":[{\"@type\":\"Article\",\"@id\":\"https:\/\/noti-america.com\/site\/mexico\/2019\/02\/11\/juan-guaido-califico-como-genocidas-a-bloqueadores-de-ayuda-humanitaria\/#article\",\"isPartOf\":{\"@id\":\"https:\/\/noti-america.com\/site\/mexico\/2019\/02\/11\/juan-guaido-califico-como-genocidas-a-bloqueadores-de-ayuda-humanitaria\/\"},\"author\":{\"name\":\"Redacci\u00f3n NA-NY\",\"@id\":\"https:\/\/noti-america.com\/site\/mexico\/#\/schema\/person\/db5a6527aaddfc34b3753d557a1292f0\"},\"headline\":\"Juan Guaid\u00f3 calific\u00f3 como genocidas a bloqueadores de ayuda humanitaria\",\"datePublished\":\"2019-02-11T05:07:18+00:00\",\"mainEntityOfPage\":{\"@id\":\"https:\/\/noti-america.com\/site\/mexico\/2019\/02\/11\/juan-guaido-califico-como-genocidas-a-bloqueadores-de-ayuda-humanitaria\/\"},\"wordCount\":159,\"commentCount\":0,\"publisher\":{\"@id\":\"https:\/\/noti-america.com\/site\/mexico\/#organization\"},\"image\":{\"@id\":\"https:\/\/noti-america.com\/site\/mexico\/2019\/02\/11\/juan-guaido-califico-como-genocidas-a-bloqueadores-de-ayuda-humanitaria\/#primaryimage\"},\"thumbnailUrl\":\"https:\/\/noti-america.com\/site\/mexico\/wp-content\/uploads\/sites\/13\/2019\/02\/1-11.jpg\",\"keywords\":[\"Juan Guaid\u00f3 calific\u00f3 como genocidas a bloqueadores de ayuda humanitaria\"],\"articleSection\":[\"Internacionales\",\"Noticias\"],\"inLanguage\":\"es\",\"potentialAction\":[{\"@type\":\"CommentAction\",\"name\":\"Comment\",\"target\":[\"https:\/\/noti-america.com\/site\/mexico\/2019\/02\/11\/juan-guaido-califico-como-genocidas-a-bloqueadores-de-ayuda-humanitaria\/#respond\"]}]},{\"@type\":\"WebPage\",\"@id\":\"https:\/\/noti-america.com\/site\/mexico\/2019\/02\/11\/juan-guaido-califico-como-genocidas-a-bloqueadores-de-ayuda-humanitaria\/\",\"url\":\"https:\/\/noti-america.com\/site\/mexico\/2019\/02\/11\/juan-guaido-califico-como-genocidas-a-bloqueadores-de-ayuda-humanitaria\/\",\"name\":\"Juan Guaid\u00f3 calific\u00f3 como genocidas a bloqueadores de ayuda humanitaria - M\u00e9xico\",\"isPartOf\":{\"@id\":\"https:\/\/noti-america.com\/site\/mexico\/#website\"},\"primaryImageOfPage\":{\"@id\":\"https:\/\/noti-america.com\/site\/mexico\/2019\/02\/11\/juan-guaido-califico-como-genocidas-a-bloqueadores-de-ayuda-humanitaria\/#primaryimage\"},\"image\":{\"@id\":\"https:\/\/noti-america.com\/site\/mexico\/2019\/02\/11\/juan-guaido-califico-como-genocidas-a-bloqueadores-de-ayuda-humanitaria\/#primaryimage\"},\"thumbnailUrl\":\"https:\/\/noti-america.com\/site\/mexico\/wp-content\/uploads\/sites\/13\/2019\/02\/1-11.jpg\",\"datePublished\":\"2019-02-11T05:07:18+00:00\",\"breadcrumb\":{\"@id\":\"https:\/\/noti-america.com\/site\/mexico\/2019\/02\/11\/juan-guaido-califico-como-genocidas-a-bloqueadores-de-ayuda-humanitaria\/#breadcrumb\"},\"inLanguage\":\"es\",\"potentialAction\":[{\"@type\":\"ReadAction\",\"target\":[\"https:\/\/noti-america.com\/site\/mexico\/2019\/02\/11\/juan-guaido-califico-como-genocidas-a-bloqueadores-de-ayuda-humanitaria\/\"]}]},{\"@type\":\"ImageObject\",\"inLanguage\":\"es\",\"@id\":\"https:\/\/noti-america.com\/site\/mexico\/2019\/02\/11\/juan-guaido-califico-como-genocidas-a-bloqueadores-de-ayuda-humanitaria\/#primaryimage\",\"url\":\"https:\/\/noti-america.com\/site\/mexico\/wp-content\/uploads\/sites\/13\/2019\/02\/1-11.jpg\",\"contentUrl\":\"https:\/\/noti-america.com\/site\/mexico\/wp-content\/uploads\/sites\/13\/2019\/02\/1-11.jpg\",\"width\":750,\"height\":450},{\"@type\":\"BreadcrumbList\",\"@id\":\"https:\/\/noti-america.com\/site\/mexico\/2019\/02\/11\/juan-guaido-califico-como-genocidas-a-bloqueadores-de-ayuda-humanitaria\/#breadcrumb\",\"itemListElement\":[{\"@type\":\"ListItem\",\"position\":1,\"name\":\"Portada\",\"item\":\"https:\/\/noti-america.com\/site\/mexico\/\"},{\"@type\":\"ListItem\",\"position\":2,\"name\":\"Juan Guaid\u00f3 calific\u00f3 como genocidas a bloqueadores de ayuda humanitaria\"}]},{\"@type\":\"WebSite\",\"@id\":\"https:\/\/noti-america.com\/site\/mexico\/#website\",\"url\":\"https:\/\/noti-america.com\/site\/mexico\/\",\"name\":\"M\u00e9xico | Noti-America.com\",\"description\":\"\",\"publisher\":{\"@id\":\"https:\/\/noti-america.com\/site\/mexico\/#organization\"},\"potentialAction\":[{\"@type\":\"SearchAction\",\"target\":{\"@type\":\"EntryPoint\",\"urlTemplate\":\"https:\/\/noti-america.com\/site\/mexico\/?s={search_term_string}\"},\"query-input\":{\"@type\":\"PropertyValueSpecification\",\"valueRequired\":true,\"valueName\":\"search_term_string\"}}],\"inLanguage\":\"es\"},{\"@type\":\"Organization\",\"@id\":\"https:\/\/noti-america.com\/site\/mexico\/#organization\",\"name\":\"Noti-America LLC | M\u00e9xico\",\"url\":\"https:\/\/noti-america.com\/site\/mexico\/\",\"logo\":{\"@type\":\"ImageObject\",\"inLanguage\":\"es\",\"@id\":\"https:\/\/noti-america.com\/site\/mexico\/#\/schema\/logo\/image\/\",\"url\":\"https:\/\/noti-america.com\/site\/mexico\/wp-content\/uploads\/sites\/13\/2020\/07\/LogoNA-4x3-1.jpg\",\"contentUrl\":\"https:\/\/noti-america.com\/site\/mexico\/wp-content\/uploads\/sites\/13\/2020\/07\/LogoNA-4x3-1.jpg\",\"width\":1236,\"height\":1080,\"caption\":\"Noti-America LLC | M\u00e9xico\"},\"image\":{\"@id\":\"https:\/\/noti-america.com\/site\/mexico\/#\/schema\/logo\/image\/\"}},{\"@type\":\"Person\",\"@id\":\"https:\/\/noti-america.com\/site\/mexico\/#\/schema\/person\/db5a6527aaddfc34b3753d557a1292f0\",\"name\":\"Redacci\u00f3n NA-NY\",\"image\":{\"@type\":\"ImageObject\",\"inLanguage\":\"es\",\"@id\":\"https:\/\/secure.gravatar.com\/avatar\/2bd75bb500a8deb1390f777293a9af32d934c46613d2fbac7cceb2aaa2679ae8?s=96&d=mm&r=g\",\"url\":\"https:\/\/secure.gravatar.com\/avatar\/2bd75bb500a8deb1390f777293a9af32d934c46613d2fbac7cceb2aaa2679ae8?s=96&d=mm&r=g\",\"contentUrl\":\"https:\/\/secure.gravatar.com\/avatar\/2bd75bb500a8deb1390f777293a9af32d934c46613d2fbac7cceb2aaa2679ae8?s=96&d=mm&r=g\",\"caption\":\"Redacci\u00f3n NA-NY\"},\"url\":\"https:\/\/noti-america.com\/site\/mexico\/author\/redaccionny\/\"}]}<\/script>\n<!-- \/ Yoast SEO Premium plugin. -->","yoast_head_json":{"title":"Juan Guaid\u00f3 calific\u00f3 como genocidas a bloqueadores de ayuda humanitaria - M\u00e9xico","robots":{"index":"index","follow":"follow","max-snippet":"max-snippet:-1","max-image-preview":"max-image-preview:large","max-video-preview":"max-video-preview:-1"},"canonical":"https:\/\/noti-america.com\/site\/mexico\/2019\/02\/11\/juan-guaido-califico-como-genocidas-a-bloqueadores-de-ayuda-humanitaria\/","og_locale":"es_ES","og_type":"article","og_title":"Juan Guaid\u00f3 calific\u00f3 como genocidas a bloqueadores de ayuda humanitaria","og_description":"Fuente:\u00a0\u00a0https:\/\/www.unotv.com Si\u00a0militares\u00a0y el\u00a0gobierno\u00a0de\u00a0Nicol\u00e1s Maduro\u00a0bloquean la\u00a0ayuda humanitariaque llega para los\u00a0venezolanos, ser\u00e1n conocidos casi\u00a0genocidas, afirm\u00f3 el opositor\u00a0Juan Guaid\u00f3. \u00abEsto tiene responsables y que lo sepa el r\u00e9gimen. Eso es delito de lesa humanidad, se\u00f1ores de la&#46;&#46;&#46;","og_url":"https:\/\/noti-america.com\/site\/mexico\/2019\/02\/11\/juan-guaido-califico-como-genocidas-a-bloqueadores-de-ayuda-humanitaria\/","og_site_name":"M\u00e9xico","article_published_time":"2019-02-11T05:07:18+00:00","og_image":[{"width":750,"height":450,"url":"https:\/\/noti-america.com\/site\/mexico\/wp-content\/uploads\/sites\/13\/2019\/02\/1-11.jpg","type":"image\/jpeg"}],"author":"Redacci\u00f3n NA-NY","twitter_card":"summary_large_image","twitter_misc":{"Escrito por":"Redacci\u00f3n NA-NY","Tiempo estimado de lectura":"1 minuto"},"schema":{"@context":"https:\/\/schema.org","@graph":[{"@type":"Article","@id":"https:\/\/noti-america.com\/site\/mexico\/2019\/02\/11\/juan-guaido-califico-como-genocidas-a-bloqueadores-de-ayuda-humanitaria\/#article","isPartOf":{"@id":"https:\/\/noti-america.com\/site\/mexico\/2019\/02\/11\/juan-guaido-califico-como-genocidas-a-bloqueadores-de-ayuda-humanitaria\/"},"author":{"name":"Redacci\u00f3n NA-NY","@id":"https:\/\/noti-america.com\/site\/mexico\/#\/schema\/person\/db5a6527aaddfc34b3753d557a1292f0"},"headline":"Juan Guaid\u00f3 calific\u00f3 como genocidas a bloqueadores de ayuda humanitaria","datePublished":"2019-02-11T05:07:18+00:00","mainEntityOfPage":{"@id":"https:\/\/noti-america.com\/site\/mexico\/2019\/02\/11\/juan-guaido-califico-como-genocidas-a-bloqueadores-de-ayuda-humanitaria\/"},"wordCount":159,"commentCount":0,"publisher":{"@id":"https:\/\/noti-america.com\/site\/mexico\/#organization"},"image":{"@id":"https:\/\/noti-america.com\/site\/mexico\/2019\/02\/11\/juan-guaido-califico-como-genocidas-a-bloqueadores-de-ayuda-humanitaria\/#primaryimage"},"thumbnailUrl":"https:\/\/noti-america.com\/site\/mexico\/wp-content\/uploads\/sites\/13\/2019\/02\/1-11.jpg","keywords":["Juan Guaid\u00f3 calific\u00f3 como genocidas a bloqueadores de ayuda humanitaria"],"articleSection":["Internacionales","Noticias"],"inLanguage":"es","potentialAction":[{"@type":"CommentAction","name":"Comment","target":["https:\/\/noti-america.com\/site\/mexico\/2019\/02\/11\/juan-guaido-califico-como-genocidas-a-bloqueadores-de-ayuda-humanitaria\/#respond"]}]},{"@type":"WebPage","@id":"https:\/\/noti-america.com\/site\/mexico\/2019\/02\/11\/juan-guaido-califico-como-genocidas-a-bloqueadores-de-ayuda-humanitaria\/","url":"https:\/\/noti-america.com\/site\/mexico\/2019\/02\/11\/juan-guaido-califico-como-genocidas-a-bloqueadores-de-ayuda-humanitaria\/","name":"Juan Guaid\u00f3 calific\u00f3 como genocidas a bloqueadores de ayuda humanitaria - M\u00e9xico","isPartOf":{"@id":"https:\/\/noti-america.com\/site\/mexico\/#website"},"primaryImageOfPage":{"@id":"https:\/\/noti-america.com\/site\/mexico\/2019\/02\/11\/juan-guaido-califico-como-genocidas-a-bloqueadores-de-ayuda-humanitaria\/#primaryimage"},"image":{"@id":"https:\/\/noti-america.com\/site\/mexico\/2019\/02\/11\/juan-guaido-califico-como-genocidas-a-bloqueadores-de-ayuda-humanitaria\/#primaryimage"},"thumbnailUrl":"https:\/\/noti-america.com\/site\/mexico\/wp-content\/uploads\/sites\/13\/2019\/02\/1-11.jpg","datePublished":"2019-02-11T05:07:18+00:00","breadcrumb":{"@id":"https:\/\/noti-america.com\/site\/mexico\/2019\/02\/11\/juan-guaido-califico-como-genocidas-a-bloqueadores-de-ayuda-humanitaria\/#breadcrumb"},"inLanguage":"es","potentialAction":[{"@type":"ReadAction","target":["https:\/\/noti-america.com\/site\/mexico\/2019\/02\/11\/juan-guaido-califico-como-genocidas-a-bloqueadores-de-ayuda-humanitaria\/"]}]},{"@type":"ImageObject","inLanguage":"es","@id":"https:\/\/noti-america.com\/site\/mexico\/2019\/02\/11\/juan-guaido-califico-como-genocidas-a-bloqueadores-de-ayuda-humanitaria\/#primaryimage","url":"https:\/\/noti-america.com\/site\/mexico\/wp-content\/uploads\/sites\/13\/2019\/02\/1-11.jpg","contentUrl":"https:\/\/noti-america.com\/site\/mexico\/wp-content\/uploads\/sites\/13\/2019\/02\/1-11.jpg","width":750,"height":450},{"@type":"BreadcrumbList","@id":"https:\/\/noti-america.com\/site\/mexico\/2019\/02\/11\/juan-guaido-califico-como-genocidas-a-bloqueadores-de-ayuda-humanitaria\/#breadcrumb","itemListElement":[{"@type":"ListItem","position":1,"name":"Portada","item":"https:\/\/noti-america.com\/site\/mexico\/"},{"@type":"ListItem","position":2,"name":"Juan Guaid\u00f3 calific\u00f3 como genocidas a bloqueadores de ayuda humanitaria"}]},{"@type":"WebSite","@id":"https:\/\/noti-america.com\/site\/mexico\/#website","url":"https:\/\/noti-america.com\/site\/mexico\/","name":"M\u00e9xico | Noti-America.com","description":"","publisher":{"@id":"https:\/\/noti-america.com\/site\/mexico\/#organization"},"potentialAction":[{"@type":"SearchAction","target":{"@type":"EntryPoint","urlTemplate":"https:\/\/noti-america.com\/site\/mexico\/?s={search_term_string}"},"query-input":{"@type":"PropertyValueSpecification","valueRequired":true,"valueName":"search_term_string"}}],"inLanguage":"es"},{"@type":"Organization","@id":"https:\/\/noti-america.com\/site\/mexico\/#organization","name":"Noti-America LLC | M\u00e9xico","url":"https:\/\/noti-america.com\/site\/mexico\/","logo":{"@type":"ImageObject","inLanguage":"es","@id":"https:\/\/noti-america.com\/site\/mexico\/#\/schema\/logo\/image\/","url":"https:\/\/noti-america.com\/site\/mexico\/wp-content\/uploads\/sites\/13\/2020\/07\/LogoNA-4x3-1.jpg","contentUrl":"https:\/\/noti-america.com\/site\/mexico\/wp-content\/uploads\/sites\/13\/2020\/07\/LogoNA-4x3-1.jpg","width":1236,"height":1080,"caption":"Noti-America LLC | M\u00e9xico"},"image":{"@id":"https:\/\/noti-america.com\/site\/mexico\/#\/schema\/logo\/image\/"}},{"@type":"Person","@id":"https:\/\/noti-america.com\/site\/mexico\/#\/schema\/person\/db5a6527aaddfc34b3753d557a1292f0","name":"Redacci\u00f3n NA-NY","image":{"@type":"ImageObject","inLanguage":"es","@id":"https:\/\/secure.gravatar.com\/avatar\/2bd75bb500a8deb1390f777293a9af32d934c46613d2fbac7cceb2aaa2679ae8?s=96&d=mm&r=g","url":"https:\/\/secure.gravatar.com\/avatar\/2bd75bb500a8deb1390f777293a9af32d934c46613d2fbac7cceb2aaa2679ae8?s=96&d=mm&r=g","contentUrl":"https:\/\/secure.gravatar.com\/avatar\/2bd75bb500a8deb1390f777293a9af32d934c46613d2fbac7cceb2aaa2679ae8?s=96&d=mm&r=g","caption":"Redacci\u00f3n NA-NY"},"url":"https:\/\/noti-america.com\/site\/mexico\/author\/redaccionny\/"}]}},"_links":{"self":[{"href":"https:\/\/noti-america.com\/site\/mexico\/wp-json\/wp\/v2\/posts\/3074","targetHints":{"allow":["GET"]}}],"collection":[{"href":"https:\/\/noti-america.com\/site\/mexico\/wp-json\/wp\/v2\/posts"}],"about":[{"href":"https:\/\/noti-america.com\/site\/mexico\/wp-json\/wp\/v2\/types\/post"}],"author":[{"embeddable":true,"href":"https:\/\/noti-america.com\/site\/mexico\/wp-json\/wp\/v2\/users\/28"}],"replies":[{"embeddable":true,"href":"https:\/\/noti-america.com\/site\/mexico\/wp-json\/wp\/v2\/comments?post=3074"}],"version-history":[{"count":1,"href":"https:\/\/noti-america.com\/site\/mexico\/wp-json\/wp\/v2\/posts\/3074\/revisions"}],"predecessor-version":[{"id":3076,"href":"https:\/\/noti-america.com\/site\/mexico\/wp-json\/wp\/v2\/posts\/3074\/revisions\/3076"}],"wp:featuredmedia":[{"embeddable":true,"href":"https:\/\/noti-america.com\/site\/mexico\/wp-json\/wp\/v2\/media\/3075"}],"wp:attachment":[{"href":"https:\/\/noti-america.com\/site\/mexico\/wp-json\/wp\/v2\/media?parent=3074"}],"wp:term":[{"taxonomy":"category","embeddable":true,"href":"https:\/\/noti-america.com\/site\/mexico\/wp-json\/wp\/v2\/categories?post=3074"},{"taxonomy":"post_tag","embeddable":true,"href":"https:\/\/noti-america.com\/site\/mexico\/wp-json\/wp\/v2\/tags?post=3074"}],"curies":[{"name":"wp","href":"https:\/\/api.w.org\/{rel}","templated":true}]}}