{"id":3016,"date":"2019-02-08T16:35:33","date_gmt":"2019-02-08T16:35:33","guid":{"rendered":"http:\/\/noti-america.com\/site\/mexico\/?p=3016"},"modified":"2019-02-08T16:35:33","modified_gmt":"2019-02-08T16:35:33","slug":"suspenden-clases-en-esta-escuela-por-desmayos-y-vomito-en-alumnos","status":"publish","type":"post","link":"https:\/\/noti-america.com\/site\/mexico\/2019\/02\/08\/suspenden-clases-en-esta-escuela-por-desmayos-y-vomito-en-alumnos\/","title":{"rendered":"Suspenden clases en esta escuela por desmayos y v\u00f3mito en alumnos"},"content":{"rendered":"<h3><img loading=\"lazy\" decoding=\"async\" class=\"wp-image-3017 aligncenter\" src=\"http:\/\/noti-america.com\/site\/mexico\/wp-content\/uploads\/sites\/13\/2019\/02\/1-4-300x180.jpg\" alt=\"\" width=\"538\" height=\"323\" srcset=\"https:\/\/noti-america.com\/site\/mexico\/wp-content\/uploads\/sites\/13\/2019\/02\/1-4-300x180.jpg 300w, https:\/\/noti-america.com\/site\/mexico\/wp-content\/uploads\/sites\/13\/2019\/02\/1-4.jpg 750w\" sizes=\"auto, (max-width: 538px) 100vw, 538px\" \/><\/h3>\n<h3><\/h3>\n<h3>Fuente:\u00a0\u00a0https:\/\/www.unotv.com<\/h3>\n<p>&nbsp;<\/p>\n<p dir=\"ltr\">La\u00a0<strong>Secundaria \u00abRafael Ram\u00edrez Casta\u00f1eda\u00bb<\/strong>\u00a0de\u00a0<strong>Tuxtla Guti\u00e9rrez<\/strong>, Chiapas,\u00a0<strong>suspendi\u00f3 clases<\/strong>\u00a0en ambos turnos tras conocer los motivos de los\u00a0<strong>signos de desvanecimiento<\/strong>,\u00a0<strong>mareos\u00a0<\/strong>y\u00a0<strong>v\u00f3mito<\/strong>\u00a0que presentaron los alumnos los d\u00edas 25 de enero y 7 de febrero inform\u00f3 en comunicado la\u00a0<strong>Secretar\u00eda de Educaci\u00f3n<\/strong>.<\/p>\n<p dir=\"ltr\">Se realizar\u00e1 una\u00a0<strong>inspecci\u00f3n\u00a0<\/strong>en las\u00a0<strong>instalaciones educativas<\/strong>\u00a0con el objetivo de\u00a0<strong>descartar la presencia de elementos t\u00f3xicos<\/strong>\u00a0que puedan perjudicar la salud de los alumnos, adem\u00e1s de los resultados de pruebas realizadas por la\u00a0<strong>Secretar\u00eda de Salud<\/strong>\u00a0a agua en botellas recolectada de los botes de basura de la instituci\u00f3n.<\/p>\n<p dir=\"ltr\">Las secretar\u00edas de Educaci\u00f3n, de Salud y de Protecci\u00f3n Civil, as\u00ed como la Fiscal\u00eda General y la Comisi\u00f3n Estatal de los Derechos Humanos han llevado a cabo un trabajo coordinado con la finalidad de atender de manera prioritaria este asunto y como primer medida han determinado la\u00a0<strong>suspensi\u00f3n de clases<\/strong>, pero sobre todo, para\u00a0<strong>garantizar la seguridad f\u00edsica de los estudiantes<\/strong>.<\/p>\n","protected":false},"excerpt":{"rendered":"<p>Fuente:\u00a0\u00a0https:\/\/www.unotv.com &nbsp; La\u00a0Secundaria \u00abRafael Ram\u00edrez Casta\u00f1eda\u00bb\u00a0de\u00a0Tuxtla Guti\u00e9rrez, Chiapas,\u00a0suspendi\u00f3 clases\u00a0en ambos turnos tras conocer los motivos de los\u00a0signos de desvanecimiento,\u00a0mareos\u00a0y\u00a0v\u00f3mito\u00a0que presentaron los alumnos los d\u00edas 25 de enero y 7 de febrero inform\u00f3 en comunicado&#46;&#46;&#46;<\/p>\n","protected":false},"author":28,"featured_media":3017,"comment_status":"open","ping_status":"open","sticky":false,"template":"","format":"standard","meta":{"_acf_changed":false,"om_disable_all_campaigns":false,"rop_custom_images_group":[],"rop_custom_messages_group":[],"rop_publish_now":"initial","rop_publish_now_accounts":{"twitter_242054905_242054905":""},"rop_publish_now_history":[],"rop_publish_now_status":"pending","_uf_show_specific_survey":0,"_uf_disable_surveys":false,"footnotes":""},"categories":[337],"tags":[356],"class_list":["post-3016","post","type-post","status-publish","format-standard","has-post-thumbnail","hentry","category-noticias","tag-suspenden-clases-en-esta-escuela-por-desmayos-y-vomito-en-alumnos"],"acf":[],"aioseo_notices":[],"yoast_head":"<!-- This site is optimized with the Yoast SEO Premium plugin v24.9 (Yoast SEO v27.2) - https:\/\/yoast.com\/product\/yoast-seo-premium-wordpress\/ -->\n<title>Suspenden clases en esta escuela por desmayos y v\u00f3mito en alumnos - M\u00e9xico<\/title>\n<meta name=\"robots\" content=\"index, follow, max-snippet:-1, max-image-preview:large, max-video-preview:-1\" \/>\n<link rel=\"canonical\" href=\"https:\/\/noti-america.com\/site\/mexico\/2019\/02\/08\/suspenden-clases-en-esta-escuela-por-desmayos-y-vomito-en-alumnos\/\" \/>\n<meta property=\"og:locale\" content=\"es_ES\" \/>\n<meta property=\"og:type\" content=\"article\" \/>\n<meta property=\"og:title\" content=\"Suspenden clases en esta escuela por desmayos y v\u00f3mito en alumnos\" \/>\n<meta property=\"og:description\" content=\"Fuente:\u00a0\u00a0https:\/\/www.unotv.com &nbsp; La\u00a0Secundaria \u00abRafael Ram\u00edrez Casta\u00f1eda\u00bb\u00a0de\u00a0Tuxtla Guti\u00e9rrez, Chiapas,\u00a0suspendi\u00f3 clases\u00a0en ambos turnos tras conocer los motivos de los\u00a0signos de desvanecimiento,\u00a0mareos\u00a0y\u00a0v\u00f3mito\u00a0que presentaron los alumnos los d\u00edas 25 de enero y 7 de febrero inform\u00f3 en comunicado&#046;&#046;&#046;\" \/>\n<meta property=\"og:url\" content=\"https:\/\/noti-america.com\/site\/mexico\/2019\/02\/08\/suspenden-clases-en-esta-escuela-por-desmayos-y-vomito-en-alumnos\/\" \/>\n<meta property=\"og:site_name\" content=\"M\u00e9xico\" \/>\n<meta property=\"article:published_time\" content=\"2019-02-08T16:35:33+00:00\" \/>\n<meta property=\"og:image\" content=\"https:\/\/noti-america.com\/site\/mexico\/wp-content\/uploads\/sites\/13\/2019\/02\/1-4.jpg\" \/>\n\t<meta property=\"og:image:width\" content=\"750\" \/>\n\t<meta property=\"og:image:height\" content=\"450\" \/>\n\t<meta property=\"og:image:type\" content=\"image\/jpeg\" \/>\n<meta name=\"author\" content=\"Redacci\u00f3n NA-NY\" \/>\n<meta name=\"twitter:card\" content=\"summary_large_image\" \/>\n<meta name=\"twitter:label1\" content=\"Escrito por\" \/>\n\t<meta name=\"twitter:data1\" content=\"Redacci\u00f3n NA-NY\" \/>\n\t<meta name=\"twitter:label2\" content=\"Tiempo estimado de lectura\" \/>\n\t<meta name=\"twitter:data2\" content=\"1 minuto\" \/>\n<script type=\"application\/ld+json\" class=\"yoast-schema-graph\">{\"@context\":\"https:\/\/schema.org\",\"@graph\":[{\"@type\":\"Article\",\"@id\":\"https:\/\/noti-america.com\/site\/mexico\/2019\/02\/08\/suspenden-clases-en-esta-escuela-por-desmayos-y-vomito-en-alumnos\/#article\",\"isPartOf\":{\"@id\":\"https:\/\/noti-america.com\/site\/mexico\/2019\/02\/08\/suspenden-clases-en-esta-escuela-por-desmayos-y-vomito-en-alumnos\/\"},\"author\":{\"name\":\"Redacci\u00f3n NA-NY\",\"@id\":\"https:\/\/noti-america.com\/site\/mexico\/#\/schema\/person\/db5a6527aaddfc34b3753d557a1292f0\"},\"headline\":\"Suspenden clases en esta escuela por desmayos y v\u00f3mito en alumnos\",\"datePublished\":\"2019-02-08T16:35:33+00:00\",\"mainEntityOfPage\":{\"@id\":\"https:\/\/noti-america.com\/site\/mexico\/2019\/02\/08\/suspenden-clases-en-esta-escuela-por-desmayos-y-vomito-en-alumnos\/\"},\"wordCount\":193,\"commentCount\":0,\"publisher\":{\"@id\":\"https:\/\/noti-america.com\/site\/mexico\/#organization\"},\"image\":{\"@id\":\"https:\/\/noti-america.com\/site\/mexico\/2019\/02\/08\/suspenden-clases-en-esta-escuela-por-desmayos-y-vomito-en-alumnos\/#primaryimage\"},\"thumbnailUrl\":\"https:\/\/noti-america.com\/site\/mexico\/wp-content\/uploads\/sites\/13\/2019\/02\/1-4.jpg\",\"keywords\":[\"Suspenden clases en esta escuela por desmayos y v\u00f3mito en alumnos\"],\"articleSection\":[\"Noticias\"],\"inLanguage\":\"es\",\"potentialAction\":[{\"@type\":\"CommentAction\",\"name\":\"Comment\",\"target\":[\"https:\/\/noti-america.com\/site\/mexico\/2019\/02\/08\/suspenden-clases-en-esta-escuela-por-desmayos-y-vomito-en-alumnos\/#respond\"]}]},{\"@type\":\"WebPage\",\"@id\":\"https:\/\/noti-america.com\/site\/mexico\/2019\/02\/08\/suspenden-clases-en-esta-escuela-por-desmayos-y-vomito-en-alumnos\/\",\"url\":\"https:\/\/noti-america.com\/site\/mexico\/2019\/02\/08\/suspenden-clases-en-esta-escuela-por-desmayos-y-vomito-en-alumnos\/\",\"name\":\"Suspenden clases en esta escuela por desmayos y v\u00f3mito en alumnos - M\u00e9xico\",\"isPartOf\":{\"@id\":\"https:\/\/noti-america.com\/site\/mexico\/#website\"},\"primaryImageOfPage\":{\"@id\":\"https:\/\/noti-america.com\/site\/mexico\/2019\/02\/08\/suspenden-clases-en-esta-escuela-por-desmayos-y-vomito-en-alumnos\/#primaryimage\"},\"image\":{\"@id\":\"https:\/\/noti-america.com\/site\/mexico\/2019\/02\/08\/suspenden-clases-en-esta-escuela-por-desmayos-y-vomito-en-alumnos\/#primaryimage\"},\"thumbnailUrl\":\"https:\/\/noti-america.com\/site\/mexico\/wp-content\/uploads\/sites\/13\/2019\/02\/1-4.jpg\",\"datePublished\":\"2019-02-08T16:35:33+00:00\",\"breadcrumb\":{\"@id\":\"https:\/\/noti-america.com\/site\/mexico\/2019\/02\/08\/suspenden-clases-en-esta-escuela-por-desmayos-y-vomito-en-alumnos\/#breadcrumb\"},\"inLanguage\":\"es\",\"potentialAction\":[{\"@type\":\"ReadAction\",\"target\":[\"https:\/\/noti-america.com\/site\/mexico\/2019\/02\/08\/suspenden-clases-en-esta-escuela-por-desmayos-y-vomito-en-alumnos\/\"]}]},{\"@type\":\"ImageObject\",\"inLanguage\":\"es\",\"@id\":\"https:\/\/noti-america.com\/site\/mexico\/2019\/02\/08\/suspenden-clases-en-esta-escuela-por-desmayos-y-vomito-en-alumnos\/#primaryimage\",\"url\":\"https:\/\/noti-america.com\/site\/mexico\/wp-content\/uploads\/sites\/13\/2019\/02\/1-4.jpg\",\"contentUrl\":\"https:\/\/noti-america.com\/site\/mexico\/wp-content\/uploads\/sites\/13\/2019\/02\/1-4.jpg\",\"width\":750,\"height\":450},{\"@type\":\"BreadcrumbList\",\"@id\":\"https:\/\/noti-america.com\/site\/mexico\/2019\/02\/08\/suspenden-clases-en-esta-escuela-por-desmayos-y-vomito-en-alumnos\/#breadcrumb\",\"itemListElement\":[{\"@type\":\"ListItem\",\"position\":1,\"name\":\"Portada\",\"item\":\"https:\/\/noti-america.com\/site\/mexico\/\"},{\"@type\":\"ListItem\",\"position\":2,\"name\":\"Suspenden clases en esta escuela por desmayos y v\u00f3mito en alumnos\"}]},{\"@type\":\"WebSite\",\"@id\":\"https:\/\/noti-america.com\/site\/mexico\/#website\",\"url\":\"https:\/\/noti-america.com\/site\/mexico\/\",\"name\":\"M\u00e9xico | Noti-America.com\",\"description\":\"\",\"publisher\":{\"@id\":\"https:\/\/noti-america.com\/site\/mexico\/#organization\"},\"potentialAction\":[{\"@type\":\"SearchAction\",\"target\":{\"@type\":\"EntryPoint\",\"urlTemplate\":\"https:\/\/noti-america.com\/site\/mexico\/?s={search_term_string}\"},\"query-input\":{\"@type\":\"PropertyValueSpecification\",\"valueRequired\":true,\"valueName\":\"search_term_string\"}}],\"inLanguage\":\"es\"},{\"@type\":\"Organization\",\"@id\":\"https:\/\/noti-america.com\/site\/mexico\/#organization\",\"name\":\"Noti-America LLC | M\u00e9xico\",\"url\":\"https:\/\/noti-america.com\/site\/mexico\/\",\"logo\":{\"@type\":\"ImageObject\",\"inLanguage\":\"es\",\"@id\":\"https:\/\/noti-america.com\/site\/mexico\/#\/schema\/logo\/image\/\",\"url\":\"https:\/\/noti-america.com\/site\/mexico\/wp-content\/uploads\/sites\/13\/2020\/07\/LogoNA-4x3-1.jpg\",\"contentUrl\":\"https:\/\/noti-america.com\/site\/mexico\/wp-content\/uploads\/sites\/13\/2020\/07\/LogoNA-4x3-1.jpg\",\"width\":1236,\"height\":1080,\"caption\":\"Noti-America LLC | M\u00e9xico\"},\"image\":{\"@id\":\"https:\/\/noti-america.com\/site\/mexico\/#\/schema\/logo\/image\/\"}},{\"@type\":\"Person\",\"@id\":\"https:\/\/noti-america.com\/site\/mexico\/#\/schema\/person\/db5a6527aaddfc34b3753d557a1292f0\",\"name\":\"Redacci\u00f3n NA-NY\",\"image\":{\"@type\":\"ImageObject\",\"inLanguage\":\"es\",\"@id\":\"https:\/\/secure.gravatar.com\/avatar\/2bd75bb500a8deb1390f777293a9af32d934c46613d2fbac7cceb2aaa2679ae8?s=96&d=mm&r=g\",\"url\":\"https:\/\/secure.gravatar.com\/avatar\/2bd75bb500a8deb1390f777293a9af32d934c46613d2fbac7cceb2aaa2679ae8?s=96&d=mm&r=g\",\"contentUrl\":\"https:\/\/secure.gravatar.com\/avatar\/2bd75bb500a8deb1390f777293a9af32d934c46613d2fbac7cceb2aaa2679ae8?s=96&d=mm&r=g\",\"caption\":\"Redacci\u00f3n NA-NY\"},\"url\":\"https:\/\/noti-america.com\/site\/mexico\/author\/redaccionny\/\"}]}<\/script>\n<!-- \/ Yoast SEO Premium plugin. -->","yoast_head_json":{"title":"Suspenden clases en esta escuela por desmayos y v\u00f3mito en alumnos - M\u00e9xico","robots":{"index":"index","follow":"follow","max-snippet":"max-snippet:-1","max-image-preview":"max-image-preview:large","max-video-preview":"max-video-preview:-1"},"canonical":"https:\/\/noti-america.com\/site\/mexico\/2019\/02\/08\/suspenden-clases-en-esta-escuela-por-desmayos-y-vomito-en-alumnos\/","og_locale":"es_ES","og_type":"article","og_title":"Suspenden clases en esta escuela por desmayos y v\u00f3mito en alumnos","og_description":"Fuente:\u00a0\u00a0https:\/\/www.unotv.com &nbsp; La\u00a0Secundaria \u00abRafael Ram\u00edrez Casta\u00f1eda\u00bb\u00a0de\u00a0Tuxtla Guti\u00e9rrez, Chiapas,\u00a0suspendi\u00f3 clases\u00a0en ambos turnos tras conocer los motivos de los\u00a0signos de desvanecimiento,\u00a0mareos\u00a0y\u00a0v\u00f3mito\u00a0que presentaron los alumnos los d\u00edas 25 de enero y 7 de febrero inform\u00f3 en comunicado&#46;&#46;&#46;","og_url":"https:\/\/noti-america.com\/site\/mexico\/2019\/02\/08\/suspenden-clases-en-esta-escuela-por-desmayos-y-vomito-en-alumnos\/","og_site_name":"M\u00e9xico","article_published_time":"2019-02-08T16:35:33+00:00","og_image":[{"width":750,"height":450,"url":"https:\/\/noti-america.com\/site\/mexico\/wp-content\/uploads\/sites\/13\/2019\/02\/1-4.jpg","type":"image\/jpeg"}],"author":"Redacci\u00f3n NA-NY","twitter_card":"summary_large_image","twitter_misc":{"Escrito por":"Redacci\u00f3n NA-NY","Tiempo estimado de lectura":"1 minuto"},"schema":{"@context":"https:\/\/schema.org","@graph":[{"@type":"Article","@id":"https:\/\/noti-america.com\/site\/mexico\/2019\/02\/08\/suspenden-clases-en-esta-escuela-por-desmayos-y-vomito-en-alumnos\/#article","isPartOf":{"@id":"https:\/\/noti-america.com\/site\/mexico\/2019\/02\/08\/suspenden-clases-en-esta-escuela-por-desmayos-y-vomito-en-alumnos\/"},"author":{"name":"Redacci\u00f3n NA-NY","@id":"https:\/\/noti-america.com\/site\/mexico\/#\/schema\/person\/db5a6527aaddfc34b3753d557a1292f0"},"headline":"Suspenden clases en esta escuela por desmayos y v\u00f3mito en alumnos","datePublished":"2019-02-08T16:35:33+00:00","mainEntityOfPage":{"@id":"https:\/\/noti-america.com\/site\/mexico\/2019\/02\/08\/suspenden-clases-en-esta-escuela-por-desmayos-y-vomito-en-alumnos\/"},"wordCount":193,"commentCount":0,"publisher":{"@id":"https:\/\/noti-america.com\/site\/mexico\/#organization"},"image":{"@id":"https:\/\/noti-america.com\/site\/mexico\/2019\/02\/08\/suspenden-clases-en-esta-escuela-por-desmayos-y-vomito-en-alumnos\/#primaryimage"},"thumbnailUrl":"https:\/\/noti-america.com\/site\/mexico\/wp-content\/uploads\/sites\/13\/2019\/02\/1-4.jpg","keywords":["Suspenden clases en esta escuela por desmayos y v\u00f3mito en alumnos"],"articleSection":["Noticias"],"inLanguage":"es","potentialAction":[{"@type":"CommentAction","name":"Comment","target":["https:\/\/noti-america.com\/site\/mexico\/2019\/02\/08\/suspenden-clases-en-esta-escuela-por-desmayos-y-vomito-en-alumnos\/#respond"]}]},{"@type":"WebPage","@id":"https:\/\/noti-america.com\/site\/mexico\/2019\/02\/08\/suspenden-clases-en-esta-escuela-por-desmayos-y-vomito-en-alumnos\/","url":"https:\/\/noti-america.com\/site\/mexico\/2019\/02\/08\/suspenden-clases-en-esta-escuela-por-desmayos-y-vomito-en-alumnos\/","name":"Suspenden clases en esta escuela por desmayos y v\u00f3mito en alumnos - M\u00e9xico","isPartOf":{"@id":"https:\/\/noti-america.com\/site\/mexico\/#website"},"primaryImageOfPage":{"@id":"https:\/\/noti-america.com\/site\/mexico\/2019\/02\/08\/suspenden-clases-en-esta-escuela-por-desmayos-y-vomito-en-alumnos\/#primaryimage"},"image":{"@id":"https:\/\/noti-america.com\/site\/mexico\/2019\/02\/08\/suspenden-clases-en-esta-escuela-por-desmayos-y-vomito-en-alumnos\/#primaryimage"},"thumbnailUrl":"https:\/\/noti-america.com\/site\/mexico\/wp-content\/uploads\/sites\/13\/2019\/02\/1-4.jpg","datePublished":"2019-02-08T16:35:33+00:00","breadcrumb":{"@id":"https:\/\/noti-america.com\/site\/mexico\/2019\/02\/08\/suspenden-clases-en-esta-escuela-por-desmayos-y-vomito-en-alumnos\/#breadcrumb"},"inLanguage":"es","potentialAction":[{"@type":"ReadAction","target":["https:\/\/noti-america.com\/site\/mexico\/2019\/02\/08\/suspenden-clases-en-esta-escuela-por-desmayos-y-vomito-en-alumnos\/"]}]},{"@type":"ImageObject","inLanguage":"es","@id":"https:\/\/noti-america.com\/site\/mexico\/2019\/02\/08\/suspenden-clases-en-esta-escuela-por-desmayos-y-vomito-en-alumnos\/#primaryimage","url":"https:\/\/noti-america.com\/site\/mexico\/wp-content\/uploads\/sites\/13\/2019\/02\/1-4.jpg","contentUrl":"https:\/\/noti-america.com\/site\/mexico\/wp-content\/uploads\/sites\/13\/2019\/02\/1-4.jpg","width":750,"height":450},{"@type":"BreadcrumbList","@id":"https:\/\/noti-america.com\/site\/mexico\/2019\/02\/08\/suspenden-clases-en-esta-escuela-por-desmayos-y-vomito-en-alumnos\/#breadcrumb","itemListElement":[{"@type":"ListItem","position":1,"name":"Portada","item":"https:\/\/noti-america.com\/site\/mexico\/"},{"@type":"ListItem","position":2,"name":"Suspenden clases en esta escuela por desmayos y v\u00f3mito en alumnos"}]},{"@type":"WebSite","@id":"https:\/\/noti-america.com\/site\/mexico\/#website","url":"https:\/\/noti-america.com\/site\/mexico\/","name":"M\u00e9xico | Noti-America.com","description":"","publisher":{"@id":"https:\/\/noti-america.com\/site\/mexico\/#organization"},"potentialAction":[{"@type":"SearchAction","target":{"@type":"EntryPoint","urlTemplate":"https:\/\/noti-america.com\/site\/mexico\/?s={search_term_string}"},"query-input":{"@type":"PropertyValueSpecification","valueRequired":true,"valueName":"search_term_string"}}],"inLanguage":"es"},{"@type":"Organization","@id":"https:\/\/noti-america.com\/site\/mexico\/#organization","name":"Noti-America LLC | M\u00e9xico","url":"https:\/\/noti-america.com\/site\/mexico\/","logo":{"@type":"ImageObject","inLanguage":"es","@id":"https:\/\/noti-america.com\/site\/mexico\/#\/schema\/logo\/image\/","url":"https:\/\/noti-america.com\/site\/mexico\/wp-content\/uploads\/sites\/13\/2020\/07\/LogoNA-4x3-1.jpg","contentUrl":"https:\/\/noti-america.com\/site\/mexico\/wp-content\/uploads\/sites\/13\/2020\/07\/LogoNA-4x3-1.jpg","width":1236,"height":1080,"caption":"Noti-America LLC | M\u00e9xico"},"image":{"@id":"https:\/\/noti-america.com\/site\/mexico\/#\/schema\/logo\/image\/"}},{"@type":"Person","@id":"https:\/\/noti-america.com\/site\/mexico\/#\/schema\/person\/db5a6527aaddfc34b3753d557a1292f0","name":"Redacci\u00f3n NA-NY","image":{"@type":"ImageObject","inLanguage":"es","@id":"https:\/\/secure.gravatar.com\/avatar\/2bd75bb500a8deb1390f777293a9af32d934c46613d2fbac7cceb2aaa2679ae8?s=96&d=mm&r=g","url":"https:\/\/secure.gravatar.com\/avatar\/2bd75bb500a8deb1390f777293a9af32d934c46613d2fbac7cceb2aaa2679ae8?s=96&d=mm&r=g","contentUrl":"https:\/\/secure.gravatar.com\/avatar\/2bd75bb500a8deb1390f777293a9af32d934c46613d2fbac7cceb2aaa2679ae8?s=96&d=mm&r=g","caption":"Redacci\u00f3n NA-NY"},"url":"https:\/\/noti-america.com\/site\/mexico\/author\/redaccionny\/"}]}},"_links":{"self":[{"href":"https:\/\/noti-america.com\/site\/mexico\/wp-json\/wp\/v2\/posts\/3016","targetHints":{"allow":["GET"]}}],"collection":[{"href":"https:\/\/noti-america.com\/site\/mexico\/wp-json\/wp\/v2\/posts"}],"about":[{"href":"https:\/\/noti-america.com\/site\/mexico\/wp-json\/wp\/v2\/types\/post"}],"author":[{"embeddable":true,"href":"https:\/\/noti-america.com\/site\/mexico\/wp-json\/wp\/v2\/users\/28"}],"replies":[{"embeddable":true,"href":"https:\/\/noti-america.com\/site\/mexico\/wp-json\/wp\/v2\/comments?post=3016"}],"version-history":[{"count":1,"href":"https:\/\/noti-america.com\/site\/mexico\/wp-json\/wp\/v2\/posts\/3016\/revisions"}],"predecessor-version":[{"id":3018,"href":"https:\/\/noti-america.com\/site\/mexico\/wp-json\/wp\/v2\/posts\/3016\/revisions\/3018"}],"wp:featuredmedia":[{"embeddable":true,"href":"https:\/\/noti-america.com\/site\/mexico\/wp-json\/wp\/v2\/media\/3017"}],"wp:attachment":[{"href":"https:\/\/noti-america.com\/site\/mexico\/wp-json\/wp\/v2\/media?parent=3016"}],"wp:term":[{"taxonomy":"category","embeddable":true,"href":"https:\/\/noti-america.com\/site\/mexico\/wp-json\/wp\/v2\/categories?post=3016"},{"taxonomy":"post_tag","embeddable":true,"href":"https:\/\/noti-america.com\/site\/mexico\/wp-json\/wp\/v2\/tags?post=3016"}],"curies":[{"name":"wp","href":"https:\/\/api.w.org\/{rel}","templated":true}]}}