{"id":2994,"date":"2019-02-07T13:59:51","date_gmt":"2019-02-07T13:59:51","guid":{"rendered":"http:\/\/noti-america.com\/site\/mexico\/?p=2994"},"modified":"2019-02-07T14:02:51","modified_gmt":"2019-02-07T14:02:51","slug":"invitan-a-realizar-mesas-de-trabajo-para-regularizar-scootershttp-noti-america-com-site-mexico-wp-content-themes-hueman-assets-admin-img-nimble_and_hueman_145-gif","status":"publish","type":"post","link":"https:\/\/noti-america.com\/site\/mexico\/2019\/02\/07\/invitan-a-realizar-mesas-de-trabajo-para-regularizar-scootershttp-noti-america-com-site-mexico-wp-content-themes-hueman-assets-admin-img-nimble_and_hueman_145-gif\/","title":{"rendered":"Invitan a realizar mesas de trabajo para regularizar scooters"},"content":{"rendered":"<h3><img loading=\"lazy\" decoding=\"async\" class=\"alignnone wp-image-2996 aligncenter\" src=\"http:\/\/noti-america.com\/site\/mexico\/wp-content\/uploads\/sites\/13\/2019\/02\/5-1-300x225.jpg\" alt=\"\" width=\"475\" height=\"356\" srcset=\"https:\/\/noti-america.com\/site\/mexico\/wp-content\/uploads\/sites\/13\/2019\/02\/5-1-300x225.jpg 300w, https:\/\/noti-america.com\/site\/mexico\/wp-content\/uploads\/sites\/13\/2019\/02\/5-1.jpg 664w\" sizes=\"auto, (max-width: 475px) 100vw, 475px\" \/><\/h3>\n<h3><\/h3>\n<h3>Fuente:\u00a0\u00a0https:\/\/www.excelsior.com.mx\/<\/h3>\n<p>&nbsp;<\/p>\n<p class=\"letter-capitular\">En la elaboraci\u00f3n de la<strong>\u00a0regulaci\u00f3n de patines el\u00e9ctricos y bicicletas sin anclaje\u00a0<\/strong>que se rentan por medio de aplicaciones, se deben<strong>\u00a0realizar mesas de trabajo\u00a0con\u00a0la participaci\u00f3n de vecinos, empresarios, autoridades<\/strong>\u00a0del gobierno\u00a0de la Ciudad de M\u00e9xico y expertos en movilidad,\u00a0plante\u00f3\u00a0el secretario general del Partido Verde en la capital, Carlos Madrazo Silva.<\/p>\n<blockquote><p>Es necesaria una regulaci\u00f3n que en su elaboraci\u00f3n busque la participaci\u00f3n de los distintos sectores sociales que est\u00e1n implicados, para evitar problemas legales entre las partes\u00bb, subray\u00f3.<\/p><\/blockquote>\n<p>Record\u00f3 que a partir de este mi\u00e9rcoles entra en vigor un<strong>a nueva fase de prueba para bicicletas y monopatines,<\/strong>\u00a0seg\u00fan las autoridades capitalinas, en 45 d\u00edas deber\u00e1 estar normado el servicio, y se\u00f1al\u00f3 que algunos vecinos como protesta ante el mal uso que usuarios le dan a dichos aparatos, los han inutilizado al pintar los c\u00f3digos QR, ante lo que invit\u00f3 a tener paciencia, se inform\u00f3 en un comunicado.<\/p>\n<p>&nbsp;<\/p>\n<p>El dirigente local del Partido Verde Ecologista de M\u00e9xico (PVEM) propuso que como parte de las medidas para los usuarios que estacionen en zonas inadecuadas o circulen en sentido contrario, seg\u00fan el monitoreo GPS con que cuentan esas unidades, podr\u00eda aplicarse un<strong>a penalizaci\u00f3n econ\u00f3mica desde el programa o aplicaci\u00f3n.<\/strong><\/p>\n<blockquote><p>Esta tendr\u00eda que ser transferida \u00edntegramente al monto de contraprestaci\u00f3n que aportar\u00e1n las empresas por el uso del espacio p\u00fablico. Para que esta medida no se convierta s\u00f3lo en una forma de recaudar, de reiterarse el mal uso de los monopatines o bicicletas, ser\u00eda aconsejable que la misma app inhabilitara al usuario reincidente\u00bb, agreg\u00f3.<\/p><\/blockquote>\n<p>Madrazo Silva\u00a0se uni\u00f3 a la petici\u00f3n realizada por el Congreso local para la<strong>implementaci\u00f3n de campa\u00f1as informativas dirigidas a quienes usan este medio de movilidad,<\/strong>\u00a0con la finalidad de difundir el reglamento y medidas de seguridad.<\/p>\n<p>Conf\u00edo\u00a0en que la reglamentaci\u00f3n ser\u00e1 emitida en tiempo, que ser\u00e1 incluyente, \u00abya que existe descontento expresado por vecinos y peatones del per\u00edmetro donde funcionan estas bicicletas y patines el\u00e9ctricos\u00bb, asimismo\u00a0pidi\u00f3 a los vecinos tener paciencia y buscar participar en la elaboraci\u00f3n del reglamento.<\/p>\n","protected":false},"excerpt":{"rendered":"<p>Fuente:\u00a0\u00a0https:\/\/www.excelsior.com.mx\/ &nbsp; En la elaboraci\u00f3n de la\u00a0regulaci\u00f3n de patines el\u00e9ctricos y bicicletas sin anclaje\u00a0que se rentan por medio de aplicaciones, se deben\u00a0realizar mesas de trabajo\u00a0con\u00a0la participaci\u00f3n de vecinos, empresarios, autoridades\u00a0del gobierno\u00a0de la Ciudad de&#46;&#46;&#46;<\/p>\n","protected":false},"author":28,"featured_media":2996,"comment_status":"open","ping_status":"open","sticky":false,"template":"","format":"standard","meta":{"_acf_changed":false,"om_disable_all_campaigns":false,"rop_custom_images_group":[],"rop_custom_messages_group":[],"rop_publish_now":"initial","rop_publish_now_accounts":{"twitter_242054905_242054905":""},"rop_publish_now_history":[],"rop_publish_now_status":"pending","_uf_show_specific_survey":0,"_uf_disable_surveys":false,"footnotes":""},"categories":[337],"tags":[354],"class_list":["post-2994","post","type-post","status-publish","format-standard","has-post-thumbnail","hentry","category-noticias","tag-invitan-a-realizar-mesas-de-trabajo-para-regularizar-scooters"],"acf":[],"aioseo_notices":[],"yoast_head":"<!-- This site is optimized with the Yoast SEO Premium plugin v24.9 (Yoast SEO v27.2) - https:\/\/yoast.com\/product\/yoast-seo-premium-wordpress\/ -->\n<title>Invitan a realizar mesas de trabajo para regularizar scooters - M\u00e9xico<\/title>\n<meta name=\"robots\" content=\"index, follow, max-snippet:-1, max-image-preview:large, max-video-preview:-1\" \/>\n<link rel=\"canonical\" href=\"https:\/\/noti-america.com\/site\/mexico\/2019\/02\/07\/invitan-a-realizar-mesas-de-trabajo-para-regularizar-scootershttp-noti-america-com-site-mexico-wp-content-themes-hueman-assets-admin-img-nimble_and_hueman_145-gif\/\" \/>\n<meta property=\"og:locale\" content=\"es_ES\" \/>\n<meta property=\"og:type\" content=\"article\" \/>\n<meta property=\"og:title\" content=\"Invitan a realizar mesas de trabajo para regularizar scooters\" \/>\n<meta property=\"og:description\" content=\"Fuente:\u00a0\u00a0https:\/\/www.excelsior.com.mx\/ &nbsp; En la elaboraci\u00f3n de la\u00a0regulaci\u00f3n de patines el\u00e9ctricos y bicicletas sin anclaje\u00a0que se rentan por medio de aplicaciones, se deben\u00a0realizar mesas de trabajo\u00a0con\u00a0la participaci\u00f3n de vecinos, empresarios, autoridades\u00a0del gobierno\u00a0de la Ciudad de&#046;&#046;&#046;\" \/>\n<meta property=\"og:url\" content=\"https:\/\/noti-america.com\/site\/mexico\/2019\/02\/07\/invitan-a-realizar-mesas-de-trabajo-para-regularizar-scootershttp-noti-america-com-site-mexico-wp-content-themes-hueman-assets-admin-img-nimble_and_hueman_145-gif\/\" \/>\n<meta property=\"og:site_name\" content=\"M\u00e9xico\" \/>\n<meta property=\"article:published_time\" content=\"2019-02-07T13:59:51+00:00\" \/>\n<meta property=\"article:modified_time\" content=\"2019-02-07T14:02:51+00:00\" \/>\n<meta property=\"og:image\" content=\"https:\/\/noti-america.com\/site\/mexico\/wp-content\/uploads\/sites\/13\/2019\/02\/5-1.jpg\" \/>\n\t<meta property=\"og:image:width\" content=\"664\" \/>\n\t<meta property=\"og:image:height\" content=\"498\" \/>\n\t<meta property=\"og:image:type\" content=\"image\/jpeg\" \/>\n<meta name=\"author\" content=\"Redacci\u00f3n NA-NY\" \/>\n<meta name=\"twitter:card\" content=\"summary_large_image\" \/>\n<meta name=\"twitter:label1\" content=\"Escrito por\" \/>\n\t<meta name=\"twitter:data1\" content=\"Redacci\u00f3n NA-NY\" \/>\n\t<meta name=\"twitter:label2\" content=\"Tiempo estimado de lectura\" \/>\n\t<meta name=\"twitter:data2\" content=\"2 minutos\" \/>\n<script type=\"application\/ld+json\" class=\"yoast-schema-graph\">{\"@context\":\"https:\/\/schema.org\",\"@graph\":[{\"@type\":\"Article\",\"@id\":\"https:\/\/noti-america.com\/site\/mexico\/2019\/02\/07\/invitan-a-realizar-mesas-de-trabajo-para-regularizar-scootershttp-noti-america-com-site-mexico-wp-content-themes-hueman-assets-admin-img-nimble_and_hueman_145-gif\/#article\",\"isPartOf\":{\"@id\":\"https:\/\/noti-america.com\/site\/mexico\/2019\/02\/07\/invitan-a-realizar-mesas-de-trabajo-para-regularizar-scootershttp-noti-america-com-site-mexico-wp-content-themes-hueman-assets-admin-img-nimble_and_hueman_145-gif\/\"},\"author\":{\"name\":\"Redacci\u00f3n NA-NY\",\"@id\":\"https:\/\/noti-america.com\/site\/mexico\/#\/schema\/person\/db5a6527aaddfc34b3753d557a1292f0\"},\"headline\":\"Invitan a realizar mesas de trabajo para regularizar scooters\",\"datePublished\":\"2019-02-07T13:59:51+00:00\",\"dateModified\":\"2019-02-07T14:02:51+00:00\",\"mainEntityOfPage\":{\"@id\":\"https:\/\/noti-america.com\/site\/mexico\/2019\/02\/07\/invitan-a-realizar-mesas-de-trabajo-para-regularizar-scootershttp-noti-america-com-site-mexico-wp-content-themes-hueman-assets-admin-img-nimble_and_hueman_145-gif\/\"},\"wordCount\":387,\"commentCount\":0,\"publisher\":{\"@id\":\"https:\/\/noti-america.com\/site\/mexico\/#organization\"},\"image\":{\"@id\":\"https:\/\/noti-america.com\/site\/mexico\/2019\/02\/07\/invitan-a-realizar-mesas-de-trabajo-para-regularizar-scootershttp-noti-america-com-site-mexico-wp-content-themes-hueman-assets-admin-img-nimble_and_hueman_145-gif\/#primaryimage\"},\"thumbnailUrl\":\"https:\/\/noti-america.com\/site\/mexico\/wp-content\/uploads\/sites\/13\/2019\/02\/5-1.jpg\",\"keywords\":[\"Invitan a realizar mesas de trabajo para regularizar scooters\"],\"articleSection\":[\"Noticias\"],\"inLanguage\":\"es\",\"potentialAction\":[{\"@type\":\"CommentAction\",\"name\":\"Comment\",\"target\":[\"https:\/\/noti-america.com\/site\/mexico\/2019\/02\/07\/invitan-a-realizar-mesas-de-trabajo-para-regularizar-scootershttp-noti-america-com-site-mexico-wp-content-themes-hueman-assets-admin-img-nimble_and_hueman_145-gif\/#respond\"]}]},{\"@type\":\"WebPage\",\"@id\":\"https:\/\/noti-america.com\/site\/mexico\/2019\/02\/07\/invitan-a-realizar-mesas-de-trabajo-para-regularizar-scootershttp-noti-america-com-site-mexico-wp-content-themes-hueman-assets-admin-img-nimble_and_hueman_145-gif\/\",\"url\":\"https:\/\/noti-america.com\/site\/mexico\/2019\/02\/07\/invitan-a-realizar-mesas-de-trabajo-para-regularizar-scootershttp-noti-america-com-site-mexico-wp-content-themes-hueman-assets-admin-img-nimble_and_hueman_145-gif\/\",\"name\":\"Invitan a realizar mesas de trabajo para regularizar scooters - M\u00e9xico\",\"isPartOf\":{\"@id\":\"https:\/\/noti-america.com\/site\/mexico\/#website\"},\"primaryImageOfPage\":{\"@id\":\"https:\/\/noti-america.com\/site\/mexico\/2019\/02\/07\/invitan-a-realizar-mesas-de-trabajo-para-regularizar-scootershttp-noti-america-com-site-mexico-wp-content-themes-hueman-assets-admin-img-nimble_and_hueman_145-gif\/#primaryimage\"},\"image\":{\"@id\":\"https:\/\/noti-america.com\/site\/mexico\/2019\/02\/07\/invitan-a-realizar-mesas-de-trabajo-para-regularizar-scootershttp-noti-america-com-site-mexico-wp-content-themes-hueman-assets-admin-img-nimble_and_hueman_145-gif\/#primaryimage\"},\"thumbnailUrl\":\"https:\/\/noti-america.com\/site\/mexico\/wp-content\/uploads\/sites\/13\/2019\/02\/5-1.jpg\",\"datePublished\":\"2019-02-07T13:59:51+00:00\",\"dateModified\":\"2019-02-07T14:02:51+00:00\",\"breadcrumb\":{\"@id\":\"https:\/\/noti-america.com\/site\/mexico\/2019\/02\/07\/invitan-a-realizar-mesas-de-trabajo-para-regularizar-scootershttp-noti-america-com-site-mexico-wp-content-themes-hueman-assets-admin-img-nimble_and_hueman_145-gif\/#breadcrumb\"},\"inLanguage\":\"es\",\"potentialAction\":[{\"@type\":\"ReadAction\",\"target\":[\"https:\/\/noti-america.com\/site\/mexico\/2019\/02\/07\/invitan-a-realizar-mesas-de-trabajo-para-regularizar-scootershttp-noti-america-com-site-mexico-wp-content-themes-hueman-assets-admin-img-nimble_and_hueman_145-gif\/\"]}]},{\"@type\":\"ImageObject\",\"inLanguage\":\"es\",\"@id\":\"https:\/\/noti-america.com\/site\/mexico\/2019\/02\/07\/invitan-a-realizar-mesas-de-trabajo-para-regularizar-scootershttp-noti-america-com-site-mexico-wp-content-themes-hueman-assets-admin-img-nimble_and_hueman_145-gif\/#primaryimage\",\"url\":\"https:\/\/noti-america.com\/site\/mexico\/wp-content\/uploads\/sites\/13\/2019\/02\/5-1.jpg\",\"contentUrl\":\"https:\/\/noti-america.com\/site\/mexico\/wp-content\/uploads\/sites\/13\/2019\/02\/5-1.jpg\",\"width\":664,\"height\":498},{\"@type\":\"BreadcrumbList\",\"@id\":\"https:\/\/noti-america.com\/site\/mexico\/2019\/02\/07\/invitan-a-realizar-mesas-de-trabajo-para-regularizar-scootershttp-noti-america-com-site-mexico-wp-content-themes-hueman-assets-admin-img-nimble_and_hueman_145-gif\/#breadcrumb\",\"itemListElement\":[{\"@type\":\"ListItem\",\"position\":1,\"name\":\"Portada\",\"item\":\"https:\/\/noti-america.com\/site\/mexico\/\"},{\"@type\":\"ListItem\",\"position\":2,\"name\":\"Invitan a realizar mesas de trabajo para regularizar scooters\"}]},{\"@type\":\"WebSite\",\"@id\":\"https:\/\/noti-america.com\/site\/mexico\/#website\",\"url\":\"https:\/\/noti-america.com\/site\/mexico\/\",\"name\":\"M\u00e9xico | Noti-America.com\",\"description\":\"\",\"publisher\":{\"@id\":\"https:\/\/noti-america.com\/site\/mexico\/#organization\"},\"potentialAction\":[{\"@type\":\"SearchAction\",\"target\":{\"@type\":\"EntryPoint\",\"urlTemplate\":\"https:\/\/noti-america.com\/site\/mexico\/?s={search_term_string}\"},\"query-input\":{\"@type\":\"PropertyValueSpecification\",\"valueRequired\":true,\"valueName\":\"search_term_string\"}}],\"inLanguage\":\"es\"},{\"@type\":\"Organization\",\"@id\":\"https:\/\/noti-america.com\/site\/mexico\/#organization\",\"name\":\"Noti-America LLC | M\u00e9xico\",\"url\":\"https:\/\/noti-america.com\/site\/mexico\/\",\"logo\":{\"@type\":\"ImageObject\",\"inLanguage\":\"es\",\"@id\":\"https:\/\/noti-america.com\/site\/mexico\/#\/schema\/logo\/image\/\",\"url\":\"https:\/\/noti-america.com\/site\/mexico\/wp-content\/uploads\/sites\/13\/2020\/07\/LogoNA-4x3-1.jpg\",\"contentUrl\":\"https:\/\/noti-america.com\/site\/mexico\/wp-content\/uploads\/sites\/13\/2020\/07\/LogoNA-4x3-1.jpg\",\"width\":1236,\"height\":1080,\"caption\":\"Noti-America LLC | M\u00e9xico\"},\"image\":{\"@id\":\"https:\/\/noti-america.com\/site\/mexico\/#\/schema\/logo\/image\/\"}},{\"@type\":\"Person\",\"@id\":\"https:\/\/noti-america.com\/site\/mexico\/#\/schema\/person\/db5a6527aaddfc34b3753d557a1292f0\",\"name\":\"Redacci\u00f3n NA-NY\",\"image\":{\"@type\":\"ImageObject\",\"inLanguage\":\"es\",\"@id\":\"https:\/\/secure.gravatar.com\/avatar\/2bd75bb500a8deb1390f777293a9af32d934c46613d2fbac7cceb2aaa2679ae8?s=96&d=mm&r=g\",\"url\":\"https:\/\/secure.gravatar.com\/avatar\/2bd75bb500a8deb1390f777293a9af32d934c46613d2fbac7cceb2aaa2679ae8?s=96&d=mm&r=g\",\"contentUrl\":\"https:\/\/secure.gravatar.com\/avatar\/2bd75bb500a8deb1390f777293a9af32d934c46613d2fbac7cceb2aaa2679ae8?s=96&d=mm&r=g\",\"caption\":\"Redacci\u00f3n NA-NY\"},\"url\":\"https:\/\/noti-america.com\/site\/mexico\/author\/redaccionny\/\"}]}<\/script>\n<!-- \/ Yoast SEO Premium plugin. -->","yoast_head_json":{"title":"Invitan a realizar mesas de trabajo para regularizar scooters - M\u00e9xico","robots":{"index":"index","follow":"follow","max-snippet":"max-snippet:-1","max-image-preview":"max-image-preview:large","max-video-preview":"max-video-preview:-1"},"canonical":"https:\/\/noti-america.com\/site\/mexico\/2019\/02\/07\/invitan-a-realizar-mesas-de-trabajo-para-regularizar-scootershttp-noti-america-com-site-mexico-wp-content-themes-hueman-assets-admin-img-nimble_and_hueman_145-gif\/","og_locale":"es_ES","og_type":"article","og_title":"Invitan a realizar mesas de trabajo para regularizar scooters","og_description":"Fuente:\u00a0\u00a0https:\/\/www.excelsior.com.mx\/ &nbsp; En la elaboraci\u00f3n de la\u00a0regulaci\u00f3n de patines el\u00e9ctricos y bicicletas sin anclaje\u00a0que se rentan por medio de aplicaciones, se deben\u00a0realizar mesas de trabajo\u00a0con\u00a0la participaci\u00f3n de vecinos, empresarios, autoridades\u00a0del gobierno\u00a0de la Ciudad de&#46;&#46;&#46;","og_url":"https:\/\/noti-america.com\/site\/mexico\/2019\/02\/07\/invitan-a-realizar-mesas-de-trabajo-para-regularizar-scootershttp-noti-america-com-site-mexico-wp-content-themes-hueman-assets-admin-img-nimble_and_hueman_145-gif\/","og_site_name":"M\u00e9xico","article_published_time":"2019-02-07T13:59:51+00:00","article_modified_time":"2019-02-07T14:02:51+00:00","og_image":[{"width":664,"height":498,"url":"https:\/\/noti-america.com\/site\/mexico\/wp-content\/uploads\/sites\/13\/2019\/02\/5-1.jpg","type":"image\/jpeg"}],"author":"Redacci\u00f3n NA-NY","twitter_card":"summary_large_image","twitter_misc":{"Escrito por":"Redacci\u00f3n NA-NY","Tiempo estimado de lectura":"2 minutos"},"schema":{"@context":"https:\/\/schema.org","@graph":[{"@type":"Article","@id":"https:\/\/noti-america.com\/site\/mexico\/2019\/02\/07\/invitan-a-realizar-mesas-de-trabajo-para-regularizar-scootershttp-noti-america-com-site-mexico-wp-content-themes-hueman-assets-admin-img-nimble_and_hueman_145-gif\/#article","isPartOf":{"@id":"https:\/\/noti-america.com\/site\/mexico\/2019\/02\/07\/invitan-a-realizar-mesas-de-trabajo-para-regularizar-scootershttp-noti-america-com-site-mexico-wp-content-themes-hueman-assets-admin-img-nimble_and_hueman_145-gif\/"},"author":{"name":"Redacci\u00f3n NA-NY","@id":"https:\/\/noti-america.com\/site\/mexico\/#\/schema\/person\/db5a6527aaddfc34b3753d557a1292f0"},"headline":"Invitan a realizar mesas de trabajo para regularizar scooters","datePublished":"2019-02-07T13:59:51+00:00","dateModified":"2019-02-07T14:02:51+00:00","mainEntityOfPage":{"@id":"https:\/\/noti-america.com\/site\/mexico\/2019\/02\/07\/invitan-a-realizar-mesas-de-trabajo-para-regularizar-scootershttp-noti-america-com-site-mexico-wp-content-themes-hueman-assets-admin-img-nimble_and_hueman_145-gif\/"},"wordCount":387,"commentCount":0,"publisher":{"@id":"https:\/\/noti-america.com\/site\/mexico\/#organization"},"image":{"@id":"https:\/\/noti-america.com\/site\/mexico\/2019\/02\/07\/invitan-a-realizar-mesas-de-trabajo-para-regularizar-scootershttp-noti-america-com-site-mexico-wp-content-themes-hueman-assets-admin-img-nimble_and_hueman_145-gif\/#primaryimage"},"thumbnailUrl":"https:\/\/noti-america.com\/site\/mexico\/wp-content\/uploads\/sites\/13\/2019\/02\/5-1.jpg","keywords":["Invitan a realizar mesas de trabajo para regularizar scooters"],"articleSection":["Noticias"],"inLanguage":"es","potentialAction":[{"@type":"CommentAction","name":"Comment","target":["https:\/\/noti-america.com\/site\/mexico\/2019\/02\/07\/invitan-a-realizar-mesas-de-trabajo-para-regularizar-scootershttp-noti-america-com-site-mexico-wp-content-themes-hueman-assets-admin-img-nimble_and_hueman_145-gif\/#respond"]}]},{"@type":"WebPage","@id":"https:\/\/noti-america.com\/site\/mexico\/2019\/02\/07\/invitan-a-realizar-mesas-de-trabajo-para-regularizar-scootershttp-noti-america-com-site-mexico-wp-content-themes-hueman-assets-admin-img-nimble_and_hueman_145-gif\/","url":"https:\/\/noti-america.com\/site\/mexico\/2019\/02\/07\/invitan-a-realizar-mesas-de-trabajo-para-regularizar-scootershttp-noti-america-com-site-mexico-wp-content-themes-hueman-assets-admin-img-nimble_and_hueman_145-gif\/","name":"Invitan a realizar mesas de trabajo para regularizar scooters - M\u00e9xico","isPartOf":{"@id":"https:\/\/noti-america.com\/site\/mexico\/#website"},"primaryImageOfPage":{"@id":"https:\/\/noti-america.com\/site\/mexico\/2019\/02\/07\/invitan-a-realizar-mesas-de-trabajo-para-regularizar-scootershttp-noti-america-com-site-mexico-wp-content-themes-hueman-assets-admin-img-nimble_and_hueman_145-gif\/#primaryimage"},"image":{"@id":"https:\/\/noti-america.com\/site\/mexico\/2019\/02\/07\/invitan-a-realizar-mesas-de-trabajo-para-regularizar-scootershttp-noti-america-com-site-mexico-wp-content-themes-hueman-assets-admin-img-nimble_and_hueman_145-gif\/#primaryimage"},"thumbnailUrl":"https:\/\/noti-america.com\/site\/mexico\/wp-content\/uploads\/sites\/13\/2019\/02\/5-1.jpg","datePublished":"2019-02-07T13:59:51+00:00","dateModified":"2019-02-07T14:02:51+00:00","breadcrumb":{"@id":"https:\/\/noti-america.com\/site\/mexico\/2019\/02\/07\/invitan-a-realizar-mesas-de-trabajo-para-regularizar-scootershttp-noti-america-com-site-mexico-wp-content-themes-hueman-assets-admin-img-nimble_and_hueman_145-gif\/#breadcrumb"},"inLanguage":"es","potentialAction":[{"@type":"ReadAction","target":["https:\/\/noti-america.com\/site\/mexico\/2019\/02\/07\/invitan-a-realizar-mesas-de-trabajo-para-regularizar-scootershttp-noti-america-com-site-mexico-wp-content-themes-hueman-assets-admin-img-nimble_and_hueman_145-gif\/"]}]},{"@type":"ImageObject","inLanguage":"es","@id":"https:\/\/noti-america.com\/site\/mexico\/2019\/02\/07\/invitan-a-realizar-mesas-de-trabajo-para-regularizar-scootershttp-noti-america-com-site-mexico-wp-content-themes-hueman-assets-admin-img-nimble_and_hueman_145-gif\/#primaryimage","url":"https:\/\/noti-america.com\/site\/mexico\/wp-content\/uploads\/sites\/13\/2019\/02\/5-1.jpg","contentUrl":"https:\/\/noti-america.com\/site\/mexico\/wp-content\/uploads\/sites\/13\/2019\/02\/5-1.jpg","width":664,"height":498},{"@type":"BreadcrumbList","@id":"https:\/\/noti-america.com\/site\/mexico\/2019\/02\/07\/invitan-a-realizar-mesas-de-trabajo-para-regularizar-scootershttp-noti-america-com-site-mexico-wp-content-themes-hueman-assets-admin-img-nimble_and_hueman_145-gif\/#breadcrumb","itemListElement":[{"@type":"ListItem","position":1,"name":"Portada","item":"https:\/\/noti-america.com\/site\/mexico\/"},{"@type":"ListItem","position":2,"name":"Invitan a realizar mesas de trabajo para regularizar scooters"}]},{"@type":"WebSite","@id":"https:\/\/noti-america.com\/site\/mexico\/#website","url":"https:\/\/noti-america.com\/site\/mexico\/","name":"M\u00e9xico | Noti-America.com","description":"","publisher":{"@id":"https:\/\/noti-america.com\/site\/mexico\/#organization"},"potentialAction":[{"@type":"SearchAction","target":{"@type":"EntryPoint","urlTemplate":"https:\/\/noti-america.com\/site\/mexico\/?s={search_term_string}"},"query-input":{"@type":"PropertyValueSpecification","valueRequired":true,"valueName":"search_term_string"}}],"inLanguage":"es"},{"@type":"Organization","@id":"https:\/\/noti-america.com\/site\/mexico\/#organization","name":"Noti-America LLC | M\u00e9xico","url":"https:\/\/noti-america.com\/site\/mexico\/","logo":{"@type":"ImageObject","inLanguage":"es","@id":"https:\/\/noti-america.com\/site\/mexico\/#\/schema\/logo\/image\/","url":"https:\/\/noti-america.com\/site\/mexico\/wp-content\/uploads\/sites\/13\/2020\/07\/LogoNA-4x3-1.jpg","contentUrl":"https:\/\/noti-america.com\/site\/mexico\/wp-content\/uploads\/sites\/13\/2020\/07\/LogoNA-4x3-1.jpg","width":1236,"height":1080,"caption":"Noti-America LLC | M\u00e9xico"},"image":{"@id":"https:\/\/noti-america.com\/site\/mexico\/#\/schema\/logo\/image\/"}},{"@type":"Person","@id":"https:\/\/noti-america.com\/site\/mexico\/#\/schema\/person\/db5a6527aaddfc34b3753d557a1292f0","name":"Redacci\u00f3n NA-NY","image":{"@type":"ImageObject","inLanguage":"es","@id":"https:\/\/secure.gravatar.com\/avatar\/2bd75bb500a8deb1390f777293a9af32d934c46613d2fbac7cceb2aaa2679ae8?s=96&d=mm&r=g","url":"https:\/\/secure.gravatar.com\/avatar\/2bd75bb500a8deb1390f777293a9af32d934c46613d2fbac7cceb2aaa2679ae8?s=96&d=mm&r=g","contentUrl":"https:\/\/secure.gravatar.com\/avatar\/2bd75bb500a8deb1390f777293a9af32d934c46613d2fbac7cceb2aaa2679ae8?s=96&d=mm&r=g","caption":"Redacci\u00f3n NA-NY"},"url":"https:\/\/noti-america.com\/site\/mexico\/author\/redaccionny\/"}]}},"_links":{"self":[{"href":"https:\/\/noti-america.com\/site\/mexico\/wp-json\/wp\/v2\/posts\/2994","targetHints":{"allow":["GET"]}}],"collection":[{"href":"https:\/\/noti-america.com\/site\/mexico\/wp-json\/wp\/v2\/posts"}],"about":[{"href":"https:\/\/noti-america.com\/site\/mexico\/wp-json\/wp\/v2\/types\/post"}],"author":[{"embeddable":true,"href":"https:\/\/noti-america.com\/site\/mexico\/wp-json\/wp\/v2\/users\/28"}],"replies":[{"embeddable":true,"href":"https:\/\/noti-america.com\/site\/mexico\/wp-json\/wp\/v2\/comments?post=2994"}],"version-history":[{"count":2,"href":"https:\/\/noti-america.com\/site\/mexico\/wp-json\/wp\/v2\/posts\/2994\/revisions"}],"predecessor-version":[{"id":2998,"href":"https:\/\/noti-america.com\/site\/mexico\/wp-json\/wp\/v2\/posts\/2994\/revisions\/2998"}],"wp:featuredmedia":[{"embeddable":true,"href":"https:\/\/noti-america.com\/site\/mexico\/wp-json\/wp\/v2\/media\/2996"}],"wp:attachment":[{"href":"https:\/\/noti-america.com\/site\/mexico\/wp-json\/wp\/v2\/media?parent=2994"}],"wp:term":[{"taxonomy":"category","embeddable":true,"href":"https:\/\/noti-america.com\/site\/mexico\/wp-json\/wp\/v2\/categories?post=2994"},{"taxonomy":"post_tag","embeddable":true,"href":"https:\/\/noti-america.com\/site\/mexico\/wp-json\/wp\/v2\/tags?post=2994"}],"curies":[{"name":"wp","href":"https:\/\/api.w.org\/{rel}","templated":true}]}}