{"id":2986,"date":"2019-02-07T13:52:00","date_gmt":"2019-02-07T13:52:00","guid":{"rendered":"http:\/\/noti-america.com\/site\/mexico\/?p=2986"},"modified":"2019-02-07T13:52:00","modified_gmt":"2019-02-07T13:52:00","slug":"detienen-en-el-metro-a-3-acusados-de-hacer-tocamientos-a-usuarias","status":"publish","type":"post","link":"https:\/\/noti-america.com\/site\/mexico\/2019\/02\/07\/detienen-en-el-metro-a-3-acusados-de-hacer-tocamientos-a-usuarias\/","title":{"rendered":"Detienen en el Metro a 3 acusados de hacer tocamientos a usuarias"},"content":{"rendered":"<h3><img loading=\"lazy\" decoding=\"async\" class=\"wp-image-2987 aligncenter\" src=\"http:\/\/noti-america.com\/site\/mexico\/wp-content\/uploads\/sites\/13\/2019\/02\/3-2-300x180.jpg\" alt=\"\" width=\"605\" height=\"363\" srcset=\"https:\/\/noti-america.com\/site\/mexico\/wp-content\/uploads\/sites\/13\/2019\/02\/3-2-300x180.jpg 300w, https:\/\/noti-america.com\/site\/mexico\/wp-content\/uploads\/sites\/13\/2019\/02\/3-2.jpg 750w\" sizes=\"auto, (max-width: 605px) 100vw, 605px\" \/><\/h3>\n<h3><\/h3>\n<h3>Fuente:\u00a0\u00a0https:\/\/www.unotv.com<\/h3>\n<p>&nbsp;<\/p>\n<p dir=\"ltr\">Elementos de la\u00a0<strong>Secretar\u00eda de Seguridad Ciudadana<\/strong>\u00a0(SSC) de la\u00a0<strong>Ciudad de M\u00e9xico<\/strong>, adscritos a la\u00a0<strong>Polic\u00eda Bancaria e Industrial<\/strong>\u00a0(PBI), realizaron \u00e9ste mi\u00e9rcoles la\u00a0<strong>detenci\u00f3n de tres hombres<\/strong>, relacionados con el\u00a0<strong>posible delito de abuso sexual\u00a0<\/strong>contra\u00a0<strong>usuarias<\/strong>\u00a0del\u00a0<strong>Sistema de Transporte Colectivo<\/strong>\u00a0(STC)\u00a0<strong>Metro.<\/strong><\/p>\n<p dir=\"ltr\">La primera detenci\u00f3n se dio en la\u00a0<strong>estaci\u00f3n Centro M\u00e9dico<\/strong>, de la\u00a0<strong>L\u00ednea 3<\/strong>, cuando los uniformados fueron solicitados por una\u00a0<strong>usuaria de 30 a\u00f1os<\/strong>\u00a0de edad, quien refiri\u00f3 que al viajar a bordo del convoy un hombre, al cual se\u00f1al\u00f3 al momento,\u00a0<strong>en repetidas ocasiones le realiz\u00f3 tocamientos,<\/strong>\u00a0por lo que pidi\u00f3 que lo detuvieran.<\/p>\n<p dir=\"ltr\">El\u00a0<strong>hombre de 45 a\u00f1os<\/strong>\u00a0de edad fue\u00a0<strong>detenido<\/strong>\u00a0y presentado ante la\u00a0<strong>Fiscal\u00eda Especializada en Delitos Sexuales<\/strong>\u00a0FDS-1, donde se definir\u00e1 su situaci\u00f3n jur\u00eddica.<\/p>\n<p dir=\"ltr\">M\u00e1s tarde, polic\u00edas fueron requeridos por otra mujer cuando realizaban su recorrido por el\u00a0<strong>and\u00e9n de la estaci\u00f3n Hidalgo<\/strong>, en la\u00a0<strong>L\u00ednea 3.<\/strong>\u00a0La afectada, de\u00a0<strong>26 a\u00f1os<\/strong>, solicit\u00f3 su ayuda para detener a un hombre a bordo del convoy, ya que\u00a0<strong>le hab\u00eda efectuado tocamientos<\/strong>\u00a0de tipo sexual.<\/p>\n<p dir=\"ltr\">La pasajera refiri\u00f3 que al enfrentarlo\u00a0<strong>su agresor emprendi\u00f3 la huida,<\/strong>\u00a0pero pudo se\u00f1alarlo y el\u00a0<strong>hombre de 56 a\u00f1os<\/strong>\u00a0de edad fue detenido y trasladado ante la Fiscal\u00eda para la Atenci\u00f3n de Delitos Sexuales FDS-6.<\/p>\n<p dir=\"ltr\">Por \u00faltimo, un\u00a0<strong>joven de 22 a\u00f1os<\/strong>\u00a0fue\u00a0<strong>detenido en la estaci\u00f3n La Raza<\/strong>, de la L\u00ednea 3, luego de que una joven lo se\u00f1al\u00f3 como su agresor, pues dijo que\u00a0<strong>la iba siguiendo\u00a0<\/strong>en el pasillo de correspondencia con la L\u00ednea 5 desde la\u00a0<strong>estaci\u00f3n Polit\u00e9cnico<\/strong>\u00a0y\u00a0<strong>al cruzar por el pasillo la jal\u00f3<\/strong>\u00a0de un brazo.<\/p>\n","protected":false},"excerpt":{"rendered":"<p>Fuente:\u00a0\u00a0https:\/\/www.unotv.com &nbsp; Elementos de la\u00a0Secretar\u00eda de Seguridad Ciudadana\u00a0(SSC) de la\u00a0Ciudad de M\u00e9xico, adscritos a la\u00a0Polic\u00eda Bancaria e Industrial\u00a0(PBI), realizaron \u00e9ste mi\u00e9rcoles la\u00a0detenci\u00f3n de tres hombres, relacionados con el\u00a0posible delito de abuso sexual\u00a0contra\u00a0usuarias\u00a0del\u00a0Sistema de Transporte&#46;&#46;&#46;<\/p>\n","protected":false},"author":28,"featured_media":2987,"comment_status":"open","ping_status":"open","sticky":false,"template":"","format":"standard","meta":{"_acf_changed":false,"om_disable_all_campaigns":false,"rop_custom_images_group":[],"rop_custom_messages_group":[],"rop_publish_now":"initial","rop_publish_now_accounts":{"twitter_242054905_242054905":""},"rop_publish_now_history":[],"rop_publish_now_status":"pending","_uf_show_specific_survey":0,"_uf_disable_surveys":false,"footnotes":""},"categories":[337],"tags":[353],"class_list":["post-2986","post","type-post","status-publish","format-standard","has-post-thumbnail","hentry","category-noticias","tag-detienen-en-el-metro-a-3-acusados-de-hacer-tocamientos-a-usuarias"],"acf":[],"aioseo_notices":[],"yoast_head":"<!-- This site is optimized with the Yoast SEO Premium plugin v24.9 (Yoast SEO v27.2) - https:\/\/yoast.com\/product\/yoast-seo-premium-wordpress\/ -->\n<title>Detienen en el Metro a 3 acusados de hacer tocamientos a usuarias - M\u00e9xico<\/title>\n<meta name=\"robots\" content=\"index, follow, max-snippet:-1, max-image-preview:large, max-video-preview:-1\" \/>\n<link rel=\"canonical\" href=\"https:\/\/noti-america.com\/site\/mexico\/2019\/02\/07\/detienen-en-el-metro-a-3-acusados-de-hacer-tocamientos-a-usuarias\/\" \/>\n<meta property=\"og:locale\" content=\"es_ES\" \/>\n<meta property=\"og:type\" content=\"article\" \/>\n<meta property=\"og:title\" content=\"Detienen en el Metro a 3 acusados de hacer tocamientos a usuarias\" \/>\n<meta property=\"og:description\" content=\"Fuente:\u00a0\u00a0https:\/\/www.unotv.com &nbsp; Elementos de la\u00a0Secretar\u00eda de Seguridad Ciudadana\u00a0(SSC) de la\u00a0Ciudad de M\u00e9xico, adscritos a la\u00a0Polic\u00eda Bancaria e Industrial\u00a0(PBI), realizaron \u00e9ste mi\u00e9rcoles la\u00a0detenci\u00f3n de tres hombres, relacionados con el\u00a0posible delito de abuso sexual\u00a0contra\u00a0usuarias\u00a0del\u00a0Sistema de Transporte&#046;&#046;&#046;\" \/>\n<meta property=\"og:url\" content=\"https:\/\/noti-america.com\/site\/mexico\/2019\/02\/07\/detienen-en-el-metro-a-3-acusados-de-hacer-tocamientos-a-usuarias\/\" \/>\n<meta property=\"og:site_name\" content=\"M\u00e9xico\" \/>\n<meta property=\"article:published_time\" content=\"2019-02-07T13:52:00+00:00\" \/>\n<meta property=\"og:image\" content=\"https:\/\/noti-america.com\/site\/mexico\/wp-content\/uploads\/sites\/13\/2019\/02\/3-2.jpg\" \/>\n\t<meta property=\"og:image:width\" content=\"750\" \/>\n\t<meta property=\"og:image:height\" content=\"450\" \/>\n\t<meta property=\"og:image:type\" content=\"image\/jpeg\" \/>\n<meta name=\"author\" content=\"Redacci\u00f3n NA-NY\" \/>\n<meta name=\"twitter:card\" content=\"summary_large_image\" \/>\n<meta name=\"twitter:label1\" content=\"Escrito por\" \/>\n\t<meta name=\"twitter:data1\" content=\"Redacci\u00f3n NA-NY\" \/>\n\t<meta name=\"twitter:label2\" content=\"Tiempo estimado de lectura\" \/>\n\t<meta name=\"twitter:data2\" content=\"2 minutos\" \/>\n<script type=\"application\/ld+json\" class=\"yoast-schema-graph\">{\"@context\":\"https:\/\/schema.org\",\"@graph\":[{\"@type\":\"Article\",\"@id\":\"https:\/\/noti-america.com\/site\/mexico\/2019\/02\/07\/detienen-en-el-metro-a-3-acusados-de-hacer-tocamientos-a-usuarias\/#article\",\"isPartOf\":{\"@id\":\"https:\/\/noti-america.com\/site\/mexico\/2019\/02\/07\/detienen-en-el-metro-a-3-acusados-de-hacer-tocamientos-a-usuarias\/\"},\"author\":{\"name\":\"Redacci\u00f3n NA-NY\",\"@id\":\"https:\/\/noti-america.com\/site\/mexico\/#\/schema\/person\/db5a6527aaddfc34b3753d557a1292f0\"},\"headline\":\"Detienen en el Metro a 3 acusados de hacer tocamientos a usuarias\",\"datePublished\":\"2019-02-07T13:52:00+00:00\",\"mainEntityOfPage\":{\"@id\":\"https:\/\/noti-america.com\/site\/mexico\/2019\/02\/07\/detienen-en-el-metro-a-3-acusados-de-hacer-tocamientos-a-usuarias\/\"},\"wordCount\":311,\"commentCount\":0,\"publisher\":{\"@id\":\"https:\/\/noti-america.com\/site\/mexico\/#organization\"},\"image\":{\"@id\":\"https:\/\/noti-america.com\/site\/mexico\/2019\/02\/07\/detienen-en-el-metro-a-3-acusados-de-hacer-tocamientos-a-usuarias\/#primaryimage\"},\"thumbnailUrl\":\"https:\/\/noti-america.com\/site\/mexico\/wp-content\/uploads\/sites\/13\/2019\/02\/3-2.jpg\",\"keywords\":[\"Detienen en el Metro a 3 acusados de hacer tocamientos a usuarias\"],\"articleSection\":[\"Noticias\"],\"inLanguage\":\"es\",\"potentialAction\":[{\"@type\":\"CommentAction\",\"name\":\"Comment\",\"target\":[\"https:\/\/noti-america.com\/site\/mexico\/2019\/02\/07\/detienen-en-el-metro-a-3-acusados-de-hacer-tocamientos-a-usuarias\/#respond\"]}]},{\"@type\":\"WebPage\",\"@id\":\"https:\/\/noti-america.com\/site\/mexico\/2019\/02\/07\/detienen-en-el-metro-a-3-acusados-de-hacer-tocamientos-a-usuarias\/\",\"url\":\"https:\/\/noti-america.com\/site\/mexico\/2019\/02\/07\/detienen-en-el-metro-a-3-acusados-de-hacer-tocamientos-a-usuarias\/\",\"name\":\"Detienen en el Metro a 3 acusados de hacer tocamientos a usuarias - M\u00e9xico\",\"isPartOf\":{\"@id\":\"https:\/\/noti-america.com\/site\/mexico\/#website\"},\"primaryImageOfPage\":{\"@id\":\"https:\/\/noti-america.com\/site\/mexico\/2019\/02\/07\/detienen-en-el-metro-a-3-acusados-de-hacer-tocamientos-a-usuarias\/#primaryimage\"},\"image\":{\"@id\":\"https:\/\/noti-america.com\/site\/mexico\/2019\/02\/07\/detienen-en-el-metro-a-3-acusados-de-hacer-tocamientos-a-usuarias\/#primaryimage\"},\"thumbnailUrl\":\"https:\/\/noti-america.com\/site\/mexico\/wp-content\/uploads\/sites\/13\/2019\/02\/3-2.jpg\",\"datePublished\":\"2019-02-07T13:52:00+00:00\",\"breadcrumb\":{\"@id\":\"https:\/\/noti-america.com\/site\/mexico\/2019\/02\/07\/detienen-en-el-metro-a-3-acusados-de-hacer-tocamientos-a-usuarias\/#breadcrumb\"},\"inLanguage\":\"es\",\"potentialAction\":[{\"@type\":\"ReadAction\",\"target\":[\"https:\/\/noti-america.com\/site\/mexico\/2019\/02\/07\/detienen-en-el-metro-a-3-acusados-de-hacer-tocamientos-a-usuarias\/\"]}]},{\"@type\":\"ImageObject\",\"inLanguage\":\"es\",\"@id\":\"https:\/\/noti-america.com\/site\/mexico\/2019\/02\/07\/detienen-en-el-metro-a-3-acusados-de-hacer-tocamientos-a-usuarias\/#primaryimage\",\"url\":\"https:\/\/noti-america.com\/site\/mexico\/wp-content\/uploads\/sites\/13\/2019\/02\/3-2.jpg\",\"contentUrl\":\"https:\/\/noti-america.com\/site\/mexico\/wp-content\/uploads\/sites\/13\/2019\/02\/3-2.jpg\",\"width\":750,\"height\":450},{\"@type\":\"BreadcrumbList\",\"@id\":\"https:\/\/noti-america.com\/site\/mexico\/2019\/02\/07\/detienen-en-el-metro-a-3-acusados-de-hacer-tocamientos-a-usuarias\/#breadcrumb\",\"itemListElement\":[{\"@type\":\"ListItem\",\"position\":1,\"name\":\"Portada\",\"item\":\"https:\/\/noti-america.com\/site\/mexico\/\"},{\"@type\":\"ListItem\",\"position\":2,\"name\":\"Detienen en el Metro a 3 acusados de hacer tocamientos a usuarias\"}]},{\"@type\":\"WebSite\",\"@id\":\"https:\/\/noti-america.com\/site\/mexico\/#website\",\"url\":\"https:\/\/noti-america.com\/site\/mexico\/\",\"name\":\"M\u00e9xico | Noti-America.com\",\"description\":\"\",\"publisher\":{\"@id\":\"https:\/\/noti-america.com\/site\/mexico\/#organization\"},\"potentialAction\":[{\"@type\":\"SearchAction\",\"target\":{\"@type\":\"EntryPoint\",\"urlTemplate\":\"https:\/\/noti-america.com\/site\/mexico\/?s={search_term_string}\"},\"query-input\":{\"@type\":\"PropertyValueSpecification\",\"valueRequired\":true,\"valueName\":\"search_term_string\"}}],\"inLanguage\":\"es\"},{\"@type\":\"Organization\",\"@id\":\"https:\/\/noti-america.com\/site\/mexico\/#organization\",\"name\":\"Noti-America LLC | M\u00e9xico\",\"url\":\"https:\/\/noti-america.com\/site\/mexico\/\",\"logo\":{\"@type\":\"ImageObject\",\"inLanguage\":\"es\",\"@id\":\"https:\/\/noti-america.com\/site\/mexico\/#\/schema\/logo\/image\/\",\"url\":\"https:\/\/noti-america.com\/site\/mexico\/wp-content\/uploads\/sites\/13\/2020\/07\/LogoNA-4x3-1.jpg\",\"contentUrl\":\"https:\/\/noti-america.com\/site\/mexico\/wp-content\/uploads\/sites\/13\/2020\/07\/LogoNA-4x3-1.jpg\",\"width\":1236,\"height\":1080,\"caption\":\"Noti-America LLC | M\u00e9xico\"},\"image\":{\"@id\":\"https:\/\/noti-america.com\/site\/mexico\/#\/schema\/logo\/image\/\"}},{\"@type\":\"Person\",\"@id\":\"https:\/\/noti-america.com\/site\/mexico\/#\/schema\/person\/db5a6527aaddfc34b3753d557a1292f0\",\"name\":\"Redacci\u00f3n NA-NY\",\"image\":{\"@type\":\"ImageObject\",\"inLanguage\":\"es\",\"@id\":\"https:\/\/secure.gravatar.com\/avatar\/2bd75bb500a8deb1390f777293a9af32d934c46613d2fbac7cceb2aaa2679ae8?s=96&d=mm&r=g\",\"url\":\"https:\/\/secure.gravatar.com\/avatar\/2bd75bb500a8deb1390f777293a9af32d934c46613d2fbac7cceb2aaa2679ae8?s=96&d=mm&r=g\",\"contentUrl\":\"https:\/\/secure.gravatar.com\/avatar\/2bd75bb500a8deb1390f777293a9af32d934c46613d2fbac7cceb2aaa2679ae8?s=96&d=mm&r=g\",\"caption\":\"Redacci\u00f3n NA-NY\"},\"url\":\"https:\/\/noti-america.com\/site\/mexico\/author\/redaccionny\/\"}]}<\/script>\n<!-- \/ Yoast SEO Premium plugin. -->","yoast_head_json":{"title":"Detienen en el Metro a 3 acusados de hacer tocamientos a usuarias - M\u00e9xico","robots":{"index":"index","follow":"follow","max-snippet":"max-snippet:-1","max-image-preview":"max-image-preview:large","max-video-preview":"max-video-preview:-1"},"canonical":"https:\/\/noti-america.com\/site\/mexico\/2019\/02\/07\/detienen-en-el-metro-a-3-acusados-de-hacer-tocamientos-a-usuarias\/","og_locale":"es_ES","og_type":"article","og_title":"Detienen en el Metro a 3 acusados de hacer tocamientos a usuarias","og_description":"Fuente:\u00a0\u00a0https:\/\/www.unotv.com &nbsp; Elementos de la\u00a0Secretar\u00eda de Seguridad Ciudadana\u00a0(SSC) de la\u00a0Ciudad de M\u00e9xico, adscritos a la\u00a0Polic\u00eda Bancaria e Industrial\u00a0(PBI), realizaron \u00e9ste mi\u00e9rcoles la\u00a0detenci\u00f3n de tres hombres, relacionados con el\u00a0posible delito de abuso sexual\u00a0contra\u00a0usuarias\u00a0del\u00a0Sistema de Transporte&#46;&#46;&#46;","og_url":"https:\/\/noti-america.com\/site\/mexico\/2019\/02\/07\/detienen-en-el-metro-a-3-acusados-de-hacer-tocamientos-a-usuarias\/","og_site_name":"M\u00e9xico","article_published_time":"2019-02-07T13:52:00+00:00","og_image":[{"width":750,"height":450,"url":"https:\/\/noti-america.com\/site\/mexico\/wp-content\/uploads\/sites\/13\/2019\/02\/3-2.jpg","type":"image\/jpeg"}],"author":"Redacci\u00f3n NA-NY","twitter_card":"summary_large_image","twitter_misc":{"Escrito por":"Redacci\u00f3n NA-NY","Tiempo estimado de lectura":"2 minutos"},"schema":{"@context":"https:\/\/schema.org","@graph":[{"@type":"Article","@id":"https:\/\/noti-america.com\/site\/mexico\/2019\/02\/07\/detienen-en-el-metro-a-3-acusados-de-hacer-tocamientos-a-usuarias\/#article","isPartOf":{"@id":"https:\/\/noti-america.com\/site\/mexico\/2019\/02\/07\/detienen-en-el-metro-a-3-acusados-de-hacer-tocamientos-a-usuarias\/"},"author":{"name":"Redacci\u00f3n NA-NY","@id":"https:\/\/noti-america.com\/site\/mexico\/#\/schema\/person\/db5a6527aaddfc34b3753d557a1292f0"},"headline":"Detienen en el Metro a 3 acusados de hacer tocamientos a usuarias","datePublished":"2019-02-07T13:52:00+00:00","mainEntityOfPage":{"@id":"https:\/\/noti-america.com\/site\/mexico\/2019\/02\/07\/detienen-en-el-metro-a-3-acusados-de-hacer-tocamientos-a-usuarias\/"},"wordCount":311,"commentCount":0,"publisher":{"@id":"https:\/\/noti-america.com\/site\/mexico\/#organization"},"image":{"@id":"https:\/\/noti-america.com\/site\/mexico\/2019\/02\/07\/detienen-en-el-metro-a-3-acusados-de-hacer-tocamientos-a-usuarias\/#primaryimage"},"thumbnailUrl":"https:\/\/noti-america.com\/site\/mexico\/wp-content\/uploads\/sites\/13\/2019\/02\/3-2.jpg","keywords":["Detienen en el Metro a 3 acusados de hacer tocamientos a usuarias"],"articleSection":["Noticias"],"inLanguage":"es","potentialAction":[{"@type":"CommentAction","name":"Comment","target":["https:\/\/noti-america.com\/site\/mexico\/2019\/02\/07\/detienen-en-el-metro-a-3-acusados-de-hacer-tocamientos-a-usuarias\/#respond"]}]},{"@type":"WebPage","@id":"https:\/\/noti-america.com\/site\/mexico\/2019\/02\/07\/detienen-en-el-metro-a-3-acusados-de-hacer-tocamientos-a-usuarias\/","url":"https:\/\/noti-america.com\/site\/mexico\/2019\/02\/07\/detienen-en-el-metro-a-3-acusados-de-hacer-tocamientos-a-usuarias\/","name":"Detienen en el Metro a 3 acusados de hacer tocamientos a usuarias - M\u00e9xico","isPartOf":{"@id":"https:\/\/noti-america.com\/site\/mexico\/#website"},"primaryImageOfPage":{"@id":"https:\/\/noti-america.com\/site\/mexico\/2019\/02\/07\/detienen-en-el-metro-a-3-acusados-de-hacer-tocamientos-a-usuarias\/#primaryimage"},"image":{"@id":"https:\/\/noti-america.com\/site\/mexico\/2019\/02\/07\/detienen-en-el-metro-a-3-acusados-de-hacer-tocamientos-a-usuarias\/#primaryimage"},"thumbnailUrl":"https:\/\/noti-america.com\/site\/mexico\/wp-content\/uploads\/sites\/13\/2019\/02\/3-2.jpg","datePublished":"2019-02-07T13:52:00+00:00","breadcrumb":{"@id":"https:\/\/noti-america.com\/site\/mexico\/2019\/02\/07\/detienen-en-el-metro-a-3-acusados-de-hacer-tocamientos-a-usuarias\/#breadcrumb"},"inLanguage":"es","potentialAction":[{"@type":"ReadAction","target":["https:\/\/noti-america.com\/site\/mexico\/2019\/02\/07\/detienen-en-el-metro-a-3-acusados-de-hacer-tocamientos-a-usuarias\/"]}]},{"@type":"ImageObject","inLanguage":"es","@id":"https:\/\/noti-america.com\/site\/mexico\/2019\/02\/07\/detienen-en-el-metro-a-3-acusados-de-hacer-tocamientos-a-usuarias\/#primaryimage","url":"https:\/\/noti-america.com\/site\/mexico\/wp-content\/uploads\/sites\/13\/2019\/02\/3-2.jpg","contentUrl":"https:\/\/noti-america.com\/site\/mexico\/wp-content\/uploads\/sites\/13\/2019\/02\/3-2.jpg","width":750,"height":450},{"@type":"BreadcrumbList","@id":"https:\/\/noti-america.com\/site\/mexico\/2019\/02\/07\/detienen-en-el-metro-a-3-acusados-de-hacer-tocamientos-a-usuarias\/#breadcrumb","itemListElement":[{"@type":"ListItem","position":1,"name":"Portada","item":"https:\/\/noti-america.com\/site\/mexico\/"},{"@type":"ListItem","position":2,"name":"Detienen en el Metro a 3 acusados de hacer tocamientos a usuarias"}]},{"@type":"WebSite","@id":"https:\/\/noti-america.com\/site\/mexico\/#website","url":"https:\/\/noti-america.com\/site\/mexico\/","name":"M\u00e9xico | Noti-America.com","description":"","publisher":{"@id":"https:\/\/noti-america.com\/site\/mexico\/#organization"},"potentialAction":[{"@type":"SearchAction","target":{"@type":"EntryPoint","urlTemplate":"https:\/\/noti-america.com\/site\/mexico\/?s={search_term_string}"},"query-input":{"@type":"PropertyValueSpecification","valueRequired":true,"valueName":"search_term_string"}}],"inLanguage":"es"},{"@type":"Organization","@id":"https:\/\/noti-america.com\/site\/mexico\/#organization","name":"Noti-America LLC | M\u00e9xico","url":"https:\/\/noti-america.com\/site\/mexico\/","logo":{"@type":"ImageObject","inLanguage":"es","@id":"https:\/\/noti-america.com\/site\/mexico\/#\/schema\/logo\/image\/","url":"https:\/\/noti-america.com\/site\/mexico\/wp-content\/uploads\/sites\/13\/2020\/07\/LogoNA-4x3-1.jpg","contentUrl":"https:\/\/noti-america.com\/site\/mexico\/wp-content\/uploads\/sites\/13\/2020\/07\/LogoNA-4x3-1.jpg","width":1236,"height":1080,"caption":"Noti-America LLC | M\u00e9xico"},"image":{"@id":"https:\/\/noti-america.com\/site\/mexico\/#\/schema\/logo\/image\/"}},{"@type":"Person","@id":"https:\/\/noti-america.com\/site\/mexico\/#\/schema\/person\/db5a6527aaddfc34b3753d557a1292f0","name":"Redacci\u00f3n NA-NY","image":{"@type":"ImageObject","inLanguage":"es","@id":"https:\/\/secure.gravatar.com\/avatar\/2bd75bb500a8deb1390f777293a9af32d934c46613d2fbac7cceb2aaa2679ae8?s=96&d=mm&r=g","url":"https:\/\/secure.gravatar.com\/avatar\/2bd75bb500a8deb1390f777293a9af32d934c46613d2fbac7cceb2aaa2679ae8?s=96&d=mm&r=g","contentUrl":"https:\/\/secure.gravatar.com\/avatar\/2bd75bb500a8deb1390f777293a9af32d934c46613d2fbac7cceb2aaa2679ae8?s=96&d=mm&r=g","caption":"Redacci\u00f3n NA-NY"},"url":"https:\/\/noti-america.com\/site\/mexico\/author\/redaccionny\/"}]}},"_links":{"self":[{"href":"https:\/\/noti-america.com\/site\/mexico\/wp-json\/wp\/v2\/posts\/2986","targetHints":{"allow":["GET"]}}],"collection":[{"href":"https:\/\/noti-america.com\/site\/mexico\/wp-json\/wp\/v2\/posts"}],"about":[{"href":"https:\/\/noti-america.com\/site\/mexico\/wp-json\/wp\/v2\/types\/post"}],"author":[{"embeddable":true,"href":"https:\/\/noti-america.com\/site\/mexico\/wp-json\/wp\/v2\/users\/28"}],"replies":[{"embeddable":true,"href":"https:\/\/noti-america.com\/site\/mexico\/wp-json\/wp\/v2\/comments?post=2986"}],"version-history":[{"count":1,"href":"https:\/\/noti-america.com\/site\/mexico\/wp-json\/wp\/v2\/posts\/2986\/revisions"}],"predecessor-version":[{"id":2988,"href":"https:\/\/noti-america.com\/site\/mexico\/wp-json\/wp\/v2\/posts\/2986\/revisions\/2988"}],"wp:featuredmedia":[{"embeddable":true,"href":"https:\/\/noti-america.com\/site\/mexico\/wp-json\/wp\/v2\/media\/2987"}],"wp:attachment":[{"href":"https:\/\/noti-america.com\/site\/mexico\/wp-json\/wp\/v2\/media?parent=2986"}],"wp:term":[{"taxonomy":"category","embeddable":true,"href":"https:\/\/noti-america.com\/site\/mexico\/wp-json\/wp\/v2\/categories?post=2986"},{"taxonomy":"post_tag","embeddable":true,"href":"https:\/\/noti-america.com\/site\/mexico\/wp-json\/wp\/v2\/tags?post=2986"}],"curies":[{"name":"wp","href":"https:\/\/api.w.org\/{rel}","templated":true}]}}