{"id":2944,"date":"2019-02-06T16:37:56","date_gmt":"2019-02-06T16:37:56","guid":{"rendered":"http:\/\/noti-america.com\/site\/mexico\/?p=2944"},"modified":"2019-02-06T16:37:56","modified_gmt":"2019-02-06T16:37:56","slug":"amlo-anuncia-tercera-consulta-para-termoelectrica-en-morelos","status":"publish","type":"post","link":"https:\/\/noti-america.com\/site\/mexico\/2019\/02\/06\/amlo-anuncia-tercera-consulta-para-termoelectrica-en-morelos\/","title":{"rendered":"AMLO anuncia tercera consulta para termoel\u00e9ctrica en Morelos"},"content":{"rendered":"<h3><\/h3>\n<p><img loading=\"lazy\" decoding=\"async\" class=\" wp-image-2945 aligncenter\" src=\"http:\/\/noti-america.com\/site\/mexico\/wp-content\/uploads\/sites\/13\/2019\/02\/4-300x180.jpg\" alt=\"\" width=\"600\" height=\"360\" srcset=\"https:\/\/noti-america.com\/site\/mexico\/wp-content\/uploads\/sites\/13\/2019\/02\/4-300x180.jpg 300w, https:\/\/noti-america.com\/site\/mexico\/wp-content\/uploads\/sites\/13\/2019\/02\/4.jpg 750w\" sizes=\"auto, (max-width: 600px) 100vw, 600px\" \/><\/p>\n<h3><\/h3>\n<h3>Fuente:\u00a0\u00a0https:\/\/www.unotv.com\/<\/h3>\n<p>&nbsp;<\/p>\n<p dir=\"ltr\">En conferencia de prensa matutina, el\u00a0<strong>presidente de M\u00e9xico Andr\u00e9s Manuel L\u00f3pez Obrador (AMLO)\u00a0<\/strong>anunci\u00f3 que habr\u00e1 una nueva consulta ciudadana que tiene que ver con un proyecto en\u00a0<strong>Morelos<\/strong>.<\/p>\n<p dir=\"ltr\"><em><strong>Tenemos en puerta una consulta, tiene que ver con una planta termoel\u00e9ctrica en Morelos\u00bb.\u00a0<u>Andr\u00e9s Manuel L\u00f3pez Obrador.<\/u><\/strong><\/em><\/p>\n<p dir=\"ltr\">El\u00a0<strong>presidente de M\u00e9xico<\/strong>\u00a0anunci\u00f3 que ya se construy\u00f3 un\u00a0<strong>gasoducto<\/strong>\u00a0y la<strong>\u00a0planta\u00a0<\/strong>con una inversi\u00f3n de\u00a0<strong>25 mmdp,<\/strong>\u00a0y solo faltan por edificar\u00a0<strong>100 metros<\/strong>\u00a0del gasoducto. Adem\u00e1s inform\u00f3 que no hay riesgo de contaminaci\u00f3n en los municipios por donde pasan los ductos.<\/p>\n<p dir=\"ltr\">Esta ser\u00eda la tercera consulta ciudadana que\u00a0<strong>AMLO<\/strong>\u00a0lanzar\u00eda luego de la del\u00a0<strong>Aeropuerto en Santa Cecilia<\/strong>\u00a0y la construcci\u00f3n del\u00a0<strong>tren Maya<\/strong>.<\/p>\n<p dir=\"ltr\">El mandatario se\u00f1al\u00f3 que visitar\u00e1 el estado en los pr\u00f3ximos d\u00edas pues hab\u00eda prometido regresar luego que el pasado\u00a0<strong>12 de enero<\/strong>\u00a0cuando el propio presidente, durante la declaratoria de 2019 como\u00a0<strong>A\u00f1o del Caudillo<\/strong>\u00a0del\u00a0<strong>Sur Emiliano Zapata<\/strong>, se comprometi\u00f3 a visitar el estado en el plazo de un mes.<\/p>\n","protected":false},"excerpt":{"rendered":"<p>Fuente:\u00a0\u00a0https:\/\/www.unotv.com\/ &nbsp; En conferencia de prensa matutina, el\u00a0presidente de M\u00e9xico Andr\u00e9s Manuel L\u00f3pez Obrador (AMLO)\u00a0anunci\u00f3 que habr\u00e1 una nueva consulta ciudadana que tiene que ver con un proyecto en\u00a0Morelos. Tenemos en puerta una consulta,&#46;&#46;&#46;<\/p>\n","protected":false},"author":28,"featured_media":2945,"comment_status":"open","ping_status":"open","sticky":false,"template":"","format":"standard","meta":{"_acf_changed":false,"om_disable_all_campaigns":false,"rop_custom_images_group":[],"rop_custom_messages_group":[],"rop_publish_now":"initial","rop_publish_now_accounts":{"twitter_242054905_242054905":""},"rop_publish_now_history":[],"rop_publish_now_status":"pending","_uf_show_specific_survey":0,"_uf_disable_surveys":false,"footnotes":""},"categories":[337],"tags":[344],"class_list":["post-2944","post","type-post","status-publish","format-standard","has-post-thumbnail","hentry","category-noticias","tag-amlo-anuncia-tercera-consulta-para-termoelectrica-en-morelos"],"acf":[],"aioseo_notices":[],"yoast_head":"<!-- This site is optimized with the Yoast SEO Premium plugin v24.9 (Yoast SEO v27.2) - https:\/\/yoast.com\/product\/yoast-seo-premium-wordpress\/ -->\n<title>AMLO anuncia tercera consulta para termoel\u00e9ctrica en Morelos - M\u00e9xico<\/title>\n<meta name=\"robots\" content=\"index, follow, max-snippet:-1, max-image-preview:large, max-video-preview:-1\" \/>\n<link rel=\"canonical\" href=\"https:\/\/noti-america.com\/site\/mexico\/2019\/02\/06\/amlo-anuncia-tercera-consulta-para-termoelectrica-en-morelos\/\" \/>\n<meta property=\"og:locale\" content=\"es_ES\" \/>\n<meta property=\"og:type\" content=\"article\" \/>\n<meta property=\"og:title\" content=\"AMLO anuncia tercera consulta para termoel\u00e9ctrica en Morelos\" \/>\n<meta property=\"og:description\" content=\"Fuente:\u00a0\u00a0https:\/\/www.unotv.com\/ &nbsp; En conferencia de prensa matutina, el\u00a0presidente de M\u00e9xico Andr\u00e9s Manuel L\u00f3pez Obrador (AMLO)\u00a0anunci\u00f3 que habr\u00e1 una nueva consulta ciudadana que tiene que ver con un proyecto en\u00a0Morelos. Tenemos en puerta una consulta,&#046;&#046;&#046;\" \/>\n<meta property=\"og:url\" content=\"https:\/\/noti-america.com\/site\/mexico\/2019\/02\/06\/amlo-anuncia-tercera-consulta-para-termoelectrica-en-morelos\/\" \/>\n<meta property=\"og:site_name\" content=\"M\u00e9xico\" \/>\n<meta property=\"article:published_time\" content=\"2019-02-06T16:37:56+00:00\" \/>\n<meta property=\"og:image\" content=\"https:\/\/noti-america.com\/site\/mexico\/wp-content\/uploads\/sites\/13\/2019\/02\/4.jpg\" \/>\n\t<meta property=\"og:image:width\" content=\"750\" \/>\n\t<meta property=\"og:image:height\" content=\"450\" \/>\n\t<meta property=\"og:image:type\" content=\"image\/jpeg\" \/>\n<meta name=\"author\" content=\"Redacci\u00f3n NA-NY\" \/>\n<meta name=\"twitter:card\" content=\"summary_large_image\" \/>\n<meta name=\"twitter:label1\" content=\"Escrito por\" \/>\n\t<meta name=\"twitter:data1\" content=\"Redacci\u00f3n NA-NY\" \/>\n\t<meta name=\"twitter:label2\" content=\"Tiempo estimado de lectura\" \/>\n\t<meta name=\"twitter:data2\" content=\"1 minuto\" \/>\n<script type=\"application\/ld+json\" class=\"yoast-schema-graph\">{\"@context\":\"https:\/\/schema.org\",\"@graph\":[{\"@type\":\"Article\",\"@id\":\"https:\/\/noti-america.com\/site\/mexico\/2019\/02\/06\/amlo-anuncia-tercera-consulta-para-termoelectrica-en-morelos\/#article\",\"isPartOf\":{\"@id\":\"https:\/\/noti-america.com\/site\/mexico\/2019\/02\/06\/amlo-anuncia-tercera-consulta-para-termoelectrica-en-morelos\/\"},\"author\":{\"name\":\"Redacci\u00f3n NA-NY\",\"@id\":\"https:\/\/noti-america.com\/site\/mexico\/#\/schema\/person\/db5a6527aaddfc34b3753d557a1292f0\"},\"headline\":\"AMLO anuncia tercera consulta para termoel\u00e9ctrica en Morelos\",\"datePublished\":\"2019-02-06T16:37:56+00:00\",\"mainEntityOfPage\":{\"@id\":\"https:\/\/noti-america.com\/site\/mexico\/2019\/02\/06\/amlo-anuncia-tercera-consulta-para-termoelectrica-en-morelos\/\"},\"wordCount\":196,\"commentCount\":0,\"publisher\":{\"@id\":\"https:\/\/noti-america.com\/site\/mexico\/#organization\"},\"image\":{\"@id\":\"https:\/\/noti-america.com\/site\/mexico\/2019\/02\/06\/amlo-anuncia-tercera-consulta-para-termoelectrica-en-morelos\/#primaryimage\"},\"thumbnailUrl\":\"https:\/\/noti-america.com\/site\/mexico\/wp-content\/uploads\/sites\/13\/2019\/02\/4.jpg\",\"keywords\":[\"AMLO anuncia tercera consulta para termoel\u00e9ctrica en Morelos\"],\"articleSection\":[\"Noticias\"],\"inLanguage\":\"es\",\"potentialAction\":[{\"@type\":\"CommentAction\",\"name\":\"Comment\",\"target\":[\"https:\/\/noti-america.com\/site\/mexico\/2019\/02\/06\/amlo-anuncia-tercera-consulta-para-termoelectrica-en-morelos\/#respond\"]}]},{\"@type\":\"WebPage\",\"@id\":\"https:\/\/noti-america.com\/site\/mexico\/2019\/02\/06\/amlo-anuncia-tercera-consulta-para-termoelectrica-en-morelos\/\",\"url\":\"https:\/\/noti-america.com\/site\/mexico\/2019\/02\/06\/amlo-anuncia-tercera-consulta-para-termoelectrica-en-morelos\/\",\"name\":\"AMLO anuncia tercera consulta para termoel\u00e9ctrica en Morelos - M\u00e9xico\",\"isPartOf\":{\"@id\":\"https:\/\/noti-america.com\/site\/mexico\/#website\"},\"primaryImageOfPage\":{\"@id\":\"https:\/\/noti-america.com\/site\/mexico\/2019\/02\/06\/amlo-anuncia-tercera-consulta-para-termoelectrica-en-morelos\/#primaryimage\"},\"image\":{\"@id\":\"https:\/\/noti-america.com\/site\/mexico\/2019\/02\/06\/amlo-anuncia-tercera-consulta-para-termoelectrica-en-morelos\/#primaryimage\"},\"thumbnailUrl\":\"https:\/\/noti-america.com\/site\/mexico\/wp-content\/uploads\/sites\/13\/2019\/02\/4.jpg\",\"datePublished\":\"2019-02-06T16:37:56+00:00\",\"breadcrumb\":{\"@id\":\"https:\/\/noti-america.com\/site\/mexico\/2019\/02\/06\/amlo-anuncia-tercera-consulta-para-termoelectrica-en-morelos\/#breadcrumb\"},\"inLanguage\":\"es\",\"potentialAction\":[{\"@type\":\"ReadAction\",\"target\":[\"https:\/\/noti-america.com\/site\/mexico\/2019\/02\/06\/amlo-anuncia-tercera-consulta-para-termoelectrica-en-morelos\/\"]}]},{\"@type\":\"ImageObject\",\"inLanguage\":\"es\",\"@id\":\"https:\/\/noti-america.com\/site\/mexico\/2019\/02\/06\/amlo-anuncia-tercera-consulta-para-termoelectrica-en-morelos\/#primaryimage\",\"url\":\"https:\/\/noti-america.com\/site\/mexico\/wp-content\/uploads\/sites\/13\/2019\/02\/4.jpg\",\"contentUrl\":\"https:\/\/noti-america.com\/site\/mexico\/wp-content\/uploads\/sites\/13\/2019\/02\/4.jpg\",\"width\":750,\"height\":450},{\"@type\":\"BreadcrumbList\",\"@id\":\"https:\/\/noti-america.com\/site\/mexico\/2019\/02\/06\/amlo-anuncia-tercera-consulta-para-termoelectrica-en-morelos\/#breadcrumb\",\"itemListElement\":[{\"@type\":\"ListItem\",\"position\":1,\"name\":\"Portada\",\"item\":\"https:\/\/noti-america.com\/site\/mexico\/\"},{\"@type\":\"ListItem\",\"position\":2,\"name\":\"AMLO anuncia tercera consulta para termoel\u00e9ctrica en Morelos\"}]},{\"@type\":\"WebSite\",\"@id\":\"https:\/\/noti-america.com\/site\/mexico\/#website\",\"url\":\"https:\/\/noti-america.com\/site\/mexico\/\",\"name\":\"M\u00e9xico | Noti-America.com\",\"description\":\"\",\"publisher\":{\"@id\":\"https:\/\/noti-america.com\/site\/mexico\/#organization\"},\"potentialAction\":[{\"@type\":\"SearchAction\",\"target\":{\"@type\":\"EntryPoint\",\"urlTemplate\":\"https:\/\/noti-america.com\/site\/mexico\/?s={search_term_string}\"},\"query-input\":{\"@type\":\"PropertyValueSpecification\",\"valueRequired\":true,\"valueName\":\"search_term_string\"}}],\"inLanguage\":\"es\"},{\"@type\":\"Organization\",\"@id\":\"https:\/\/noti-america.com\/site\/mexico\/#organization\",\"name\":\"Noti-America LLC | M\u00e9xico\",\"url\":\"https:\/\/noti-america.com\/site\/mexico\/\",\"logo\":{\"@type\":\"ImageObject\",\"inLanguage\":\"es\",\"@id\":\"https:\/\/noti-america.com\/site\/mexico\/#\/schema\/logo\/image\/\",\"url\":\"https:\/\/noti-america.com\/site\/mexico\/wp-content\/uploads\/sites\/13\/2020\/07\/LogoNA-4x3-1.jpg\",\"contentUrl\":\"https:\/\/noti-america.com\/site\/mexico\/wp-content\/uploads\/sites\/13\/2020\/07\/LogoNA-4x3-1.jpg\",\"width\":1236,\"height\":1080,\"caption\":\"Noti-America LLC | M\u00e9xico\"},\"image\":{\"@id\":\"https:\/\/noti-america.com\/site\/mexico\/#\/schema\/logo\/image\/\"}},{\"@type\":\"Person\",\"@id\":\"https:\/\/noti-america.com\/site\/mexico\/#\/schema\/person\/db5a6527aaddfc34b3753d557a1292f0\",\"name\":\"Redacci\u00f3n NA-NY\",\"image\":{\"@type\":\"ImageObject\",\"inLanguage\":\"es\",\"@id\":\"https:\/\/secure.gravatar.com\/avatar\/2bd75bb500a8deb1390f777293a9af32d934c46613d2fbac7cceb2aaa2679ae8?s=96&d=mm&r=g\",\"url\":\"https:\/\/secure.gravatar.com\/avatar\/2bd75bb500a8deb1390f777293a9af32d934c46613d2fbac7cceb2aaa2679ae8?s=96&d=mm&r=g\",\"contentUrl\":\"https:\/\/secure.gravatar.com\/avatar\/2bd75bb500a8deb1390f777293a9af32d934c46613d2fbac7cceb2aaa2679ae8?s=96&d=mm&r=g\",\"caption\":\"Redacci\u00f3n NA-NY\"},\"url\":\"https:\/\/noti-america.com\/site\/mexico\/author\/redaccionny\/\"}]}<\/script>\n<!-- \/ Yoast SEO Premium plugin. -->","yoast_head_json":{"title":"AMLO anuncia tercera consulta para termoel\u00e9ctrica en Morelos - M\u00e9xico","robots":{"index":"index","follow":"follow","max-snippet":"max-snippet:-1","max-image-preview":"max-image-preview:large","max-video-preview":"max-video-preview:-1"},"canonical":"https:\/\/noti-america.com\/site\/mexico\/2019\/02\/06\/amlo-anuncia-tercera-consulta-para-termoelectrica-en-morelos\/","og_locale":"es_ES","og_type":"article","og_title":"AMLO anuncia tercera consulta para termoel\u00e9ctrica en Morelos","og_description":"Fuente:\u00a0\u00a0https:\/\/www.unotv.com\/ &nbsp; En conferencia de prensa matutina, el\u00a0presidente de M\u00e9xico Andr\u00e9s Manuel L\u00f3pez Obrador (AMLO)\u00a0anunci\u00f3 que habr\u00e1 una nueva consulta ciudadana que tiene que ver con un proyecto en\u00a0Morelos. Tenemos en puerta una consulta,&#46;&#46;&#46;","og_url":"https:\/\/noti-america.com\/site\/mexico\/2019\/02\/06\/amlo-anuncia-tercera-consulta-para-termoelectrica-en-morelos\/","og_site_name":"M\u00e9xico","article_published_time":"2019-02-06T16:37:56+00:00","og_image":[{"width":750,"height":450,"url":"https:\/\/noti-america.com\/site\/mexico\/wp-content\/uploads\/sites\/13\/2019\/02\/4.jpg","type":"image\/jpeg"}],"author":"Redacci\u00f3n NA-NY","twitter_card":"summary_large_image","twitter_misc":{"Escrito por":"Redacci\u00f3n NA-NY","Tiempo estimado de lectura":"1 minuto"},"schema":{"@context":"https:\/\/schema.org","@graph":[{"@type":"Article","@id":"https:\/\/noti-america.com\/site\/mexico\/2019\/02\/06\/amlo-anuncia-tercera-consulta-para-termoelectrica-en-morelos\/#article","isPartOf":{"@id":"https:\/\/noti-america.com\/site\/mexico\/2019\/02\/06\/amlo-anuncia-tercera-consulta-para-termoelectrica-en-morelos\/"},"author":{"name":"Redacci\u00f3n NA-NY","@id":"https:\/\/noti-america.com\/site\/mexico\/#\/schema\/person\/db5a6527aaddfc34b3753d557a1292f0"},"headline":"AMLO anuncia tercera consulta para termoel\u00e9ctrica en Morelos","datePublished":"2019-02-06T16:37:56+00:00","mainEntityOfPage":{"@id":"https:\/\/noti-america.com\/site\/mexico\/2019\/02\/06\/amlo-anuncia-tercera-consulta-para-termoelectrica-en-morelos\/"},"wordCount":196,"commentCount":0,"publisher":{"@id":"https:\/\/noti-america.com\/site\/mexico\/#organization"},"image":{"@id":"https:\/\/noti-america.com\/site\/mexico\/2019\/02\/06\/amlo-anuncia-tercera-consulta-para-termoelectrica-en-morelos\/#primaryimage"},"thumbnailUrl":"https:\/\/noti-america.com\/site\/mexico\/wp-content\/uploads\/sites\/13\/2019\/02\/4.jpg","keywords":["AMLO anuncia tercera consulta para termoel\u00e9ctrica en Morelos"],"articleSection":["Noticias"],"inLanguage":"es","potentialAction":[{"@type":"CommentAction","name":"Comment","target":["https:\/\/noti-america.com\/site\/mexico\/2019\/02\/06\/amlo-anuncia-tercera-consulta-para-termoelectrica-en-morelos\/#respond"]}]},{"@type":"WebPage","@id":"https:\/\/noti-america.com\/site\/mexico\/2019\/02\/06\/amlo-anuncia-tercera-consulta-para-termoelectrica-en-morelos\/","url":"https:\/\/noti-america.com\/site\/mexico\/2019\/02\/06\/amlo-anuncia-tercera-consulta-para-termoelectrica-en-morelos\/","name":"AMLO anuncia tercera consulta para termoel\u00e9ctrica en Morelos - M\u00e9xico","isPartOf":{"@id":"https:\/\/noti-america.com\/site\/mexico\/#website"},"primaryImageOfPage":{"@id":"https:\/\/noti-america.com\/site\/mexico\/2019\/02\/06\/amlo-anuncia-tercera-consulta-para-termoelectrica-en-morelos\/#primaryimage"},"image":{"@id":"https:\/\/noti-america.com\/site\/mexico\/2019\/02\/06\/amlo-anuncia-tercera-consulta-para-termoelectrica-en-morelos\/#primaryimage"},"thumbnailUrl":"https:\/\/noti-america.com\/site\/mexico\/wp-content\/uploads\/sites\/13\/2019\/02\/4.jpg","datePublished":"2019-02-06T16:37:56+00:00","breadcrumb":{"@id":"https:\/\/noti-america.com\/site\/mexico\/2019\/02\/06\/amlo-anuncia-tercera-consulta-para-termoelectrica-en-morelos\/#breadcrumb"},"inLanguage":"es","potentialAction":[{"@type":"ReadAction","target":["https:\/\/noti-america.com\/site\/mexico\/2019\/02\/06\/amlo-anuncia-tercera-consulta-para-termoelectrica-en-morelos\/"]}]},{"@type":"ImageObject","inLanguage":"es","@id":"https:\/\/noti-america.com\/site\/mexico\/2019\/02\/06\/amlo-anuncia-tercera-consulta-para-termoelectrica-en-morelos\/#primaryimage","url":"https:\/\/noti-america.com\/site\/mexico\/wp-content\/uploads\/sites\/13\/2019\/02\/4.jpg","contentUrl":"https:\/\/noti-america.com\/site\/mexico\/wp-content\/uploads\/sites\/13\/2019\/02\/4.jpg","width":750,"height":450},{"@type":"BreadcrumbList","@id":"https:\/\/noti-america.com\/site\/mexico\/2019\/02\/06\/amlo-anuncia-tercera-consulta-para-termoelectrica-en-morelos\/#breadcrumb","itemListElement":[{"@type":"ListItem","position":1,"name":"Portada","item":"https:\/\/noti-america.com\/site\/mexico\/"},{"@type":"ListItem","position":2,"name":"AMLO anuncia tercera consulta para termoel\u00e9ctrica en Morelos"}]},{"@type":"WebSite","@id":"https:\/\/noti-america.com\/site\/mexico\/#website","url":"https:\/\/noti-america.com\/site\/mexico\/","name":"M\u00e9xico | Noti-America.com","description":"","publisher":{"@id":"https:\/\/noti-america.com\/site\/mexico\/#organization"},"potentialAction":[{"@type":"SearchAction","target":{"@type":"EntryPoint","urlTemplate":"https:\/\/noti-america.com\/site\/mexico\/?s={search_term_string}"},"query-input":{"@type":"PropertyValueSpecification","valueRequired":true,"valueName":"search_term_string"}}],"inLanguage":"es"},{"@type":"Organization","@id":"https:\/\/noti-america.com\/site\/mexico\/#organization","name":"Noti-America LLC | M\u00e9xico","url":"https:\/\/noti-america.com\/site\/mexico\/","logo":{"@type":"ImageObject","inLanguage":"es","@id":"https:\/\/noti-america.com\/site\/mexico\/#\/schema\/logo\/image\/","url":"https:\/\/noti-america.com\/site\/mexico\/wp-content\/uploads\/sites\/13\/2020\/07\/LogoNA-4x3-1.jpg","contentUrl":"https:\/\/noti-america.com\/site\/mexico\/wp-content\/uploads\/sites\/13\/2020\/07\/LogoNA-4x3-1.jpg","width":1236,"height":1080,"caption":"Noti-America LLC | M\u00e9xico"},"image":{"@id":"https:\/\/noti-america.com\/site\/mexico\/#\/schema\/logo\/image\/"}},{"@type":"Person","@id":"https:\/\/noti-america.com\/site\/mexico\/#\/schema\/person\/db5a6527aaddfc34b3753d557a1292f0","name":"Redacci\u00f3n NA-NY","image":{"@type":"ImageObject","inLanguage":"es","@id":"https:\/\/secure.gravatar.com\/avatar\/2bd75bb500a8deb1390f777293a9af32d934c46613d2fbac7cceb2aaa2679ae8?s=96&d=mm&r=g","url":"https:\/\/secure.gravatar.com\/avatar\/2bd75bb500a8deb1390f777293a9af32d934c46613d2fbac7cceb2aaa2679ae8?s=96&d=mm&r=g","contentUrl":"https:\/\/secure.gravatar.com\/avatar\/2bd75bb500a8deb1390f777293a9af32d934c46613d2fbac7cceb2aaa2679ae8?s=96&d=mm&r=g","caption":"Redacci\u00f3n NA-NY"},"url":"https:\/\/noti-america.com\/site\/mexico\/author\/redaccionny\/"}]}},"_links":{"self":[{"href":"https:\/\/noti-america.com\/site\/mexico\/wp-json\/wp\/v2\/posts\/2944","targetHints":{"allow":["GET"]}}],"collection":[{"href":"https:\/\/noti-america.com\/site\/mexico\/wp-json\/wp\/v2\/posts"}],"about":[{"href":"https:\/\/noti-america.com\/site\/mexico\/wp-json\/wp\/v2\/types\/post"}],"author":[{"embeddable":true,"href":"https:\/\/noti-america.com\/site\/mexico\/wp-json\/wp\/v2\/users\/28"}],"replies":[{"embeddable":true,"href":"https:\/\/noti-america.com\/site\/mexico\/wp-json\/wp\/v2\/comments?post=2944"}],"version-history":[{"count":1,"href":"https:\/\/noti-america.com\/site\/mexico\/wp-json\/wp\/v2\/posts\/2944\/revisions"}],"predecessor-version":[{"id":2946,"href":"https:\/\/noti-america.com\/site\/mexico\/wp-json\/wp\/v2\/posts\/2944\/revisions\/2946"}],"wp:featuredmedia":[{"embeddable":true,"href":"https:\/\/noti-america.com\/site\/mexico\/wp-json\/wp\/v2\/media\/2945"}],"wp:attachment":[{"href":"https:\/\/noti-america.com\/site\/mexico\/wp-json\/wp\/v2\/media?parent=2944"}],"wp:term":[{"taxonomy":"category","embeddable":true,"href":"https:\/\/noti-america.com\/site\/mexico\/wp-json\/wp\/v2\/categories?post=2944"},{"taxonomy":"post_tag","embeddable":true,"href":"https:\/\/noti-america.com\/site\/mexico\/wp-json\/wp\/v2\/tags?post=2944"}],"curies":[{"name":"wp","href":"https:\/\/api.w.org\/{rel}","templated":true}]}}