{"id":2838,"date":"2019-01-29T02:24:46","date_gmt":"2019-01-29T02:24:46","guid":{"rendered":"http:\/\/noti-america.com\/site\/mexico\/?p=2838"},"modified":"2019-01-29T02:24:46","modified_gmt":"2019-01-29T02:24:46","slug":"alerta-en-eu-por-frio-de-45-grados-que-congela-la-piel-en-minutos","status":"publish","type":"post","link":"https:\/\/noti-america.com\/site\/mexico\/2019\/01\/29\/alerta-en-eu-por-frio-de-45-grados-que-congela-la-piel-en-minutos\/","title":{"rendered":"Alerta en EU por fr\u00edo de -45 grados que congela la piel en minutos"},"content":{"rendered":"<p><img loading=\"lazy\" decoding=\"async\" class=\"alignnone  wp-image-2839 aligncenter\" src=\"http:\/\/noti-america.com\/site\/mexico\/wp-content\/uploads\/sites\/13\/2019\/01\/166310-GaleriaUno-300x180.jpg\" alt=\"\" width=\"550\" height=\"330\" srcset=\"https:\/\/noti-america.com\/site\/mexico\/wp-content\/uploads\/sites\/13\/2019\/01\/166310-GaleriaUno-300x180.jpg 300w, https:\/\/noti-america.com\/site\/mexico\/wp-content\/uploads\/sites\/13\/2019\/01\/166310-GaleriaUno.jpg 750w\" sizes=\"auto, (max-width: 550px) 100vw, 550px\" \/><\/p>\n<p>&nbsp;<\/p>\n<p>Fuente:\u00a0\u00a0https:\/\/www.unotv.com\/<\/p>\n<p>&nbsp;<\/p>\n<p dir=\"ltr\"><strong>Estados Unidos<\/strong>\u00a0se encuentra bajo amenaza de un\u00a0<strong>v\u00f3rtice polar,<\/strong>\u00a0un \u00e1rea de baja presi\u00f3n y\u00a0<strong>aire fr\u00edo<\/strong>\u00a0que rodea los polos de la\u00a0<strong>Tierra.<\/strong><\/p>\n<p dir=\"ltr\">Una\u00a0<strong>onda \u00e1rtica\u00a0<\/strong>cubr\u00eda el viernes partes de la regi\u00f3n\u00a0<strong>centro norte de Estados Unidos<\/strong>\u00a0con un\u00a0<strong>fr\u00edo entumecedor,<\/strong>\u00a0obligando a las autoridades a cerrar escuelas en varios estados, pero los pron\u00f3sticos indican que lo peor est\u00e1 por venir.<\/p>\n<ul dir=\"ltr\">\n<li>Se esperan condiciones g\u00e9lidas de hasta -45 grados cent\u00edgrados en los pr\u00f3ximos d\u00edas en algunas puntos del pa\u00eds.<\/li>\n<\/ul>\n<p dir=\"ltr\">La\u00a0<strong>sensaci\u00f3n t\u00e9rmica<\/strong>, que describe el efecto combinado del viento y la temperatura en la<strong>\u00a0piel expuesta<\/strong>, es m\u00e1s preocupante, ya que podr\u00eda<strong>congelarla\u00a0en tan s\u00f3lo diez minutos.\u00a0<\/strong><\/p>\n<p dir=\"ltr\">Las autoridades emitieron\u00a0<strong>advertencias<\/strong>\u00a0por mal tiempo para una zona que va de\u00a0<strong>Dakota<\/strong>\u00a0<strong>del Norte<\/strong>\u00a0a Ohio, con una\u00a0<strong>sensaci\u00f3n t\u00e9rmica peligrosamente fr\u00eda.<\/strong><\/p>\n<div class=\"gallery\">\n<div class=\"item-gallery\"><img decoding=\"async\" class=\"aligncenter\" src=\"https:\/\/www.unotv.com\/portal\/unotv\/imagenes_galeria\/166305-GaleriaUno.jpg\" alt=\"El fri\u00f3 afectar\u00e1 especialmente el Medio Oeste de EU hasta los Grandes Lagos y el Valle de Ohio.\" \/>El fri\u00f3 afectar\u00e1 especialmente el Medio Oeste de EU hasta los Grandes Lagos y el Valle de Ohio.<u>Foto: Servicio Meteorol\u00f3gico Nacional EU<\/u><\/p>\n<\/div>\n<\/div>\n<h3 dir=\"ltr\">Cancelan clases<\/h3>\n<p dir=\"ltr\">Dijeron que las temperaturas podr\u00edan caer hasta -42 grados cent\u00edgrados en el norte de Wisconsin y Minnesota y hasta -37 cent\u00edgrados en partes del norte de<strong>Illinois y de Iowa.<\/strong><\/p>\n<p dir=\"ltr\">El fr\u00edo intenso provoc\u00f3 que el distrito escolar m\u00e1s grande de\u00a0<strong>Wisconsin<\/strong>cancelara las clases el viernes para casi 78 mil estudiantes del sistema p\u00fablico. Se pronostic\u00f3 que la<strong>\u00a0temperatura m\u00e1xima\u00a0<\/strong>no rebase los -16.7 cent\u00edgrados y que la sensaci\u00f3n t\u00e9rmica sea de -20.5 cent\u00edgrados.<\/p>\n<div class=\"gallery\">\n<div class=\"item-gallery\"><img decoding=\"async\" src=\"https:\/\/www.unotv.com\/portal\/unotv\/imagenes_galeria\/166307-GaleriaUno.jpg\" alt=\"\" \/><u>Foto: AP<\/u><\/p>\n<\/div>\n<\/div>\n<p dir=\"ltr\">Las escuelas tambi\u00e9n\u00a0<strong>cerraron por el fr\u00edo<\/strong>\u00a0en el occidente de\u00a0<strong>Michigan<\/strong>, el norte de Illinois, el oriente de Iowa y partes de Wisconsin.<\/p>\n","protected":false},"excerpt":{"rendered":"<p>&nbsp; Fuente:\u00a0\u00a0https:\/\/www.unotv.com\/ &nbsp; Estados Unidos\u00a0se encuentra bajo amenaza de un\u00a0v\u00f3rtice polar,\u00a0un \u00e1rea de baja presi\u00f3n y\u00a0aire fr\u00edo\u00a0que rodea los polos de la\u00a0Tierra. Una\u00a0onda \u00e1rtica\u00a0cubr\u00eda el viernes partes de la regi\u00f3n\u00a0centro norte de Estados Unidos\u00a0con&#46;&#46;&#46;<\/p>\n","protected":false},"author":28,"featured_media":2839,"comment_status":"open","ping_status":"open","sticky":false,"template":"","format":"standard","meta":{"_acf_changed":false,"om_disable_all_campaigns":false,"rop_custom_images_group":[],"rop_custom_messages_group":[],"rop_publish_now":"initial","rop_publish_now_accounts":{"twitter_242054905_242054905":""},"rop_publish_now_history":[],"rop_publish_now_status":"pending","_uf_show_specific_survey":0,"_uf_disable_surveys":false,"footnotes":""},"categories":[4],"tags":[329],"class_list":["post-2838","post","type-post","status-publish","format-standard","has-post-thumbnail","hentry","category-internacionales","tag-alerta-en-eu-por-frio-de-45-grados-que-congela-la-piel-en-minutos"],"acf":[],"aioseo_notices":[],"yoast_head":"<!-- This site is optimized with the Yoast SEO Premium plugin v24.9 (Yoast SEO v27.2) - https:\/\/yoast.com\/product\/yoast-seo-premium-wordpress\/ -->\n<title>Alerta en EU por fr\u00edo de -45 grados que congela la piel en minutos - M\u00e9xico<\/title>\n<meta name=\"robots\" content=\"index, follow, max-snippet:-1, max-image-preview:large, max-video-preview:-1\" \/>\n<link rel=\"canonical\" href=\"https:\/\/noti-america.com\/site\/mexico\/2019\/01\/29\/alerta-en-eu-por-frio-de-45-grados-que-congela-la-piel-en-minutos\/\" \/>\n<meta property=\"og:locale\" content=\"es_ES\" \/>\n<meta property=\"og:type\" content=\"article\" \/>\n<meta property=\"og:title\" content=\"Alerta en EU por fr\u00edo de -45 grados que congela la piel en minutos\" \/>\n<meta property=\"og:description\" content=\"&nbsp; Fuente:\u00a0\u00a0https:\/\/www.unotv.com\/ &nbsp; Estados Unidos\u00a0se encuentra bajo amenaza de un\u00a0v\u00f3rtice polar,\u00a0un \u00e1rea de baja presi\u00f3n y\u00a0aire fr\u00edo\u00a0que rodea los polos de la\u00a0Tierra. Una\u00a0onda \u00e1rtica\u00a0cubr\u00eda el viernes partes de la regi\u00f3n\u00a0centro norte de Estados Unidos\u00a0con&#046;&#046;&#046;\" \/>\n<meta property=\"og:url\" content=\"https:\/\/noti-america.com\/site\/mexico\/2019\/01\/29\/alerta-en-eu-por-frio-de-45-grados-que-congela-la-piel-en-minutos\/\" \/>\n<meta property=\"og:site_name\" content=\"M\u00e9xico\" \/>\n<meta property=\"article:published_time\" content=\"2019-01-29T02:24:46+00:00\" \/>\n<meta property=\"og:image\" content=\"https:\/\/noti-america.com\/site\/mexico\/wp-content\/uploads\/sites\/13\/2019\/01\/166310-GaleriaUno.jpg\" \/>\n\t<meta property=\"og:image:width\" content=\"750\" \/>\n\t<meta property=\"og:image:height\" content=\"450\" \/>\n\t<meta property=\"og:image:type\" content=\"image\/jpeg\" \/>\n<meta name=\"author\" content=\"Redacci\u00f3n NA-NY\" \/>\n<meta name=\"twitter:card\" content=\"summary_large_image\" \/>\n<meta name=\"twitter:label1\" content=\"Escrito por\" \/>\n\t<meta name=\"twitter:data1\" content=\"Redacci\u00f3n NA-NY\" \/>\n\t<meta name=\"twitter:label2\" content=\"Tiempo estimado de lectura\" \/>\n\t<meta name=\"twitter:data2\" content=\"1 minuto\" \/>\n<script type=\"application\/ld+json\" class=\"yoast-schema-graph\">{\"@context\":\"https:\/\/schema.org\",\"@graph\":[{\"@type\":\"Article\",\"@id\":\"https:\/\/noti-america.com\/site\/mexico\/2019\/01\/29\/alerta-en-eu-por-frio-de-45-grados-que-congela-la-piel-en-minutos\/#article\",\"isPartOf\":{\"@id\":\"https:\/\/noti-america.com\/site\/mexico\/2019\/01\/29\/alerta-en-eu-por-frio-de-45-grados-que-congela-la-piel-en-minutos\/\"},\"author\":{\"name\":\"Redacci\u00f3n NA-NY\",\"@id\":\"https:\/\/noti-america.com\/site\/mexico\/#\/schema\/person\/db5a6527aaddfc34b3753d557a1292f0\"},\"headline\":\"Alerta en EU por fr\u00edo de -45 grados que congela la piel en minutos\",\"datePublished\":\"2019-01-29T02:24:46+00:00\",\"mainEntityOfPage\":{\"@id\":\"https:\/\/noti-america.com\/site\/mexico\/2019\/01\/29\/alerta-en-eu-por-frio-de-45-grados-que-congela-la-piel-en-minutos\/\"},\"wordCount\":313,\"commentCount\":0,\"publisher\":{\"@id\":\"https:\/\/noti-america.com\/site\/mexico\/#organization\"},\"image\":{\"@id\":\"https:\/\/noti-america.com\/site\/mexico\/2019\/01\/29\/alerta-en-eu-por-frio-de-45-grados-que-congela-la-piel-en-minutos\/#primaryimage\"},\"thumbnailUrl\":\"https:\/\/noti-america.com\/site\/mexico\/wp-content\/uploads\/sites\/13\/2019\/01\/166310-GaleriaUno.jpg\",\"keywords\":[\"Alerta en EU por fr\u00edo de -45 grados que congela la piel en minutos\"],\"articleSection\":[\"Internacionales\"],\"inLanguage\":\"es\",\"potentialAction\":[{\"@type\":\"CommentAction\",\"name\":\"Comment\",\"target\":[\"https:\/\/noti-america.com\/site\/mexico\/2019\/01\/29\/alerta-en-eu-por-frio-de-45-grados-que-congela-la-piel-en-minutos\/#respond\"]}]},{\"@type\":\"WebPage\",\"@id\":\"https:\/\/noti-america.com\/site\/mexico\/2019\/01\/29\/alerta-en-eu-por-frio-de-45-grados-que-congela-la-piel-en-minutos\/\",\"url\":\"https:\/\/noti-america.com\/site\/mexico\/2019\/01\/29\/alerta-en-eu-por-frio-de-45-grados-que-congela-la-piel-en-minutos\/\",\"name\":\"Alerta en EU por fr\u00edo de -45 grados que congela la piel en minutos - M\u00e9xico\",\"isPartOf\":{\"@id\":\"https:\/\/noti-america.com\/site\/mexico\/#website\"},\"primaryImageOfPage\":{\"@id\":\"https:\/\/noti-america.com\/site\/mexico\/2019\/01\/29\/alerta-en-eu-por-frio-de-45-grados-que-congela-la-piel-en-minutos\/#primaryimage\"},\"image\":{\"@id\":\"https:\/\/noti-america.com\/site\/mexico\/2019\/01\/29\/alerta-en-eu-por-frio-de-45-grados-que-congela-la-piel-en-minutos\/#primaryimage\"},\"thumbnailUrl\":\"https:\/\/noti-america.com\/site\/mexico\/wp-content\/uploads\/sites\/13\/2019\/01\/166310-GaleriaUno.jpg\",\"datePublished\":\"2019-01-29T02:24:46+00:00\",\"breadcrumb\":{\"@id\":\"https:\/\/noti-america.com\/site\/mexico\/2019\/01\/29\/alerta-en-eu-por-frio-de-45-grados-que-congela-la-piel-en-minutos\/#breadcrumb\"},\"inLanguage\":\"es\",\"potentialAction\":[{\"@type\":\"ReadAction\",\"target\":[\"https:\/\/noti-america.com\/site\/mexico\/2019\/01\/29\/alerta-en-eu-por-frio-de-45-grados-que-congela-la-piel-en-minutos\/\"]}]},{\"@type\":\"ImageObject\",\"inLanguage\":\"es\",\"@id\":\"https:\/\/noti-america.com\/site\/mexico\/2019\/01\/29\/alerta-en-eu-por-frio-de-45-grados-que-congela-la-piel-en-minutos\/#primaryimage\",\"url\":\"https:\/\/noti-america.com\/site\/mexico\/wp-content\/uploads\/sites\/13\/2019\/01\/166310-GaleriaUno.jpg\",\"contentUrl\":\"https:\/\/noti-america.com\/site\/mexico\/wp-content\/uploads\/sites\/13\/2019\/01\/166310-GaleriaUno.jpg\",\"width\":750,\"height\":450},{\"@type\":\"BreadcrumbList\",\"@id\":\"https:\/\/noti-america.com\/site\/mexico\/2019\/01\/29\/alerta-en-eu-por-frio-de-45-grados-que-congela-la-piel-en-minutos\/#breadcrumb\",\"itemListElement\":[{\"@type\":\"ListItem\",\"position\":1,\"name\":\"Portada\",\"item\":\"https:\/\/noti-america.com\/site\/mexico\/\"},{\"@type\":\"ListItem\",\"position\":2,\"name\":\"Alerta en EU por fr\u00edo de -45 grados que congela la piel en minutos\"}]},{\"@type\":\"WebSite\",\"@id\":\"https:\/\/noti-america.com\/site\/mexico\/#website\",\"url\":\"https:\/\/noti-america.com\/site\/mexico\/\",\"name\":\"M\u00e9xico | Noti-America.com\",\"description\":\"\",\"publisher\":{\"@id\":\"https:\/\/noti-america.com\/site\/mexico\/#organization\"},\"potentialAction\":[{\"@type\":\"SearchAction\",\"target\":{\"@type\":\"EntryPoint\",\"urlTemplate\":\"https:\/\/noti-america.com\/site\/mexico\/?s={search_term_string}\"},\"query-input\":{\"@type\":\"PropertyValueSpecification\",\"valueRequired\":true,\"valueName\":\"search_term_string\"}}],\"inLanguage\":\"es\"},{\"@type\":\"Organization\",\"@id\":\"https:\/\/noti-america.com\/site\/mexico\/#organization\",\"name\":\"Noti-America LLC | M\u00e9xico\",\"url\":\"https:\/\/noti-america.com\/site\/mexico\/\",\"logo\":{\"@type\":\"ImageObject\",\"inLanguage\":\"es\",\"@id\":\"https:\/\/noti-america.com\/site\/mexico\/#\/schema\/logo\/image\/\",\"url\":\"https:\/\/noti-america.com\/site\/mexico\/wp-content\/uploads\/sites\/13\/2020\/07\/LogoNA-4x3-1.jpg\",\"contentUrl\":\"https:\/\/noti-america.com\/site\/mexico\/wp-content\/uploads\/sites\/13\/2020\/07\/LogoNA-4x3-1.jpg\",\"width\":1236,\"height\":1080,\"caption\":\"Noti-America LLC | M\u00e9xico\"},\"image\":{\"@id\":\"https:\/\/noti-america.com\/site\/mexico\/#\/schema\/logo\/image\/\"}},{\"@type\":\"Person\",\"@id\":\"https:\/\/noti-america.com\/site\/mexico\/#\/schema\/person\/db5a6527aaddfc34b3753d557a1292f0\",\"name\":\"Redacci\u00f3n NA-NY\",\"image\":{\"@type\":\"ImageObject\",\"inLanguage\":\"es\",\"@id\":\"https:\/\/secure.gravatar.com\/avatar\/2bd75bb500a8deb1390f777293a9af32d934c46613d2fbac7cceb2aaa2679ae8?s=96&d=mm&r=g\",\"url\":\"https:\/\/secure.gravatar.com\/avatar\/2bd75bb500a8deb1390f777293a9af32d934c46613d2fbac7cceb2aaa2679ae8?s=96&d=mm&r=g\",\"contentUrl\":\"https:\/\/secure.gravatar.com\/avatar\/2bd75bb500a8deb1390f777293a9af32d934c46613d2fbac7cceb2aaa2679ae8?s=96&d=mm&r=g\",\"caption\":\"Redacci\u00f3n NA-NY\"},\"url\":\"https:\/\/noti-america.com\/site\/mexico\/author\/redaccionny\/\"}]}<\/script>\n<!-- \/ Yoast SEO Premium plugin. -->","yoast_head_json":{"title":"Alerta en EU por fr\u00edo de -45 grados que congela la piel en minutos - M\u00e9xico","robots":{"index":"index","follow":"follow","max-snippet":"max-snippet:-1","max-image-preview":"max-image-preview:large","max-video-preview":"max-video-preview:-1"},"canonical":"https:\/\/noti-america.com\/site\/mexico\/2019\/01\/29\/alerta-en-eu-por-frio-de-45-grados-que-congela-la-piel-en-minutos\/","og_locale":"es_ES","og_type":"article","og_title":"Alerta en EU por fr\u00edo de -45 grados que congela la piel en minutos","og_description":"&nbsp; Fuente:\u00a0\u00a0https:\/\/www.unotv.com\/ &nbsp; Estados Unidos\u00a0se encuentra bajo amenaza de un\u00a0v\u00f3rtice polar,\u00a0un \u00e1rea de baja presi\u00f3n y\u00a0aire fr\u00edo\u00a0que rodea los polos de la\u00a0Tierra. Una\u00a0onda \u00e1rtica\u00a0cubr\u00eda el viernes partes de la regi\u00f3n\u00a0centro norte de Estados Unidos\u00a0con&#46;&#46;&#46;","og_url":"https:\/\/noti-america.com\/site\/mexico\/2019\/01\/29\/alerta-en-eu-por-frio-de-45-grados-que-congela-la-piel-en-minutos\/","og_site_name":"M\u00e9xico","article_published_time":"2019-01-29T02:24:46+00:00","og_image":[{"width":750,"height":450,"url":"https:\/\/noti-america.com\/site\/mexico\/wp-content\/uploads\/sites\/13\/2019\/01\/166310-GaleriaUno.jpg","type":"image\/jpeg"}],"author":"Redacci\u00f3n NA-NY","twitter_card":"summary_large_image","twitter_misc":{"Escrito por":"Redacci\u00f3n NA-NY","Tiempo estimado de lectura":"1 minuto"},"schema":{"@context":"https:\/\/schema.org","@graph":[{"@type":"Article","@id":"https:\/\/noti-america.com\/site\/mexico\/2019\/01\/29\/alerta-en-eu-por-frio-de-45-grados-que-congela-la-piel-en-minutos\/#article","isPartOf":{"@id":"https:\/\/noti-america.com\/site\/mexico\/2019\/01\/29\/alerta-en-eu-por-frio-de-45-grados-que-congela-la-piel-en-minutos\/"},"author":{"name":"Redacci\u00f3n NA-NY","@id":"https:\/\/noti-america.com\/site\/mexico\/#\/schema\/person\/db5a6527aaddfc34b3753d557a1292f0"},"headline":"Alerta en EU por fr\u00edo de -45 grados que congela la piel en minutos","datePublished":"2019-01-29T02:24:46+00:00","mainEntityOfPage":{"@id":"https:\/\/noti-america.com\/site\/mexico\/2019\/01\/29\/alerta-en-eu-por-frio-de-45-grados-que-congela-la-piel-en-minutos\/"},"wordCount":313,"commentCount":0,"publisher":{"@id":"https:\/\/noti-america.com\/site\/mexico\/#organization"},"image":{"@id":"https:\/\/noti-america.com\/site\/mexico\/2019\/01\/29\/alerta-en-eu-por-frio-de-45-grados-que-congela-la-piel-en-minutos\/#primaryimage"},"thumbnailUrl":"https:\/\/noti-america.com\/site\/mexico\/wp-content\/uploads\/sites\/13\/2019\/01\/166310-GaleriaUno.jpg","keywords":["Alerta en EU por fr\u00edo de -45 grados que congela la piel en minutos"],"articleSection":["Internacionales"],"inLanguage":"es","potentialAction":[{"@type":"CommentAction","name":"Comment","target":["https:\/\/noti-america.com\/site\/mexico\/2019\/01\/29\/alerta-en-eu-por-frio-de-45-grados-que-congela-la-piel-en-minutos\/#respond"]}]},{"@type":"WebPage","@id":"https:\/\/noti-america.com\/site\/mexico\/2019\/01\/29\/alerta-en-eu-por-frio-de-45-grados-que-congela-la-piel-en-minutos\/","url":"https:\/\/noti-america.com\/site\/mexico\/2019\/01\/29\/alerta-en-eu-por-frio-de-45-grados-que-congela-la-piel-en-minutos\/","name":"Alerta en EU por fr\u00edo de -45 grados que congela la piel en minutos - M\u00e9xico","isPartOf":{"@id":"https:\/\/noti-america.com\/site\/mexico\/#website"},"primaryImageOfPage":{"@id":"https:\/\/noti-america.com\/site\/mexico\/2019\/01\/29\/alerta-en-eu-por-frio-de-45-grados-que-congela-la-piel-en-minutos\/#primaryimage"},"image":{"@id":"https:\/\/noti-america.com\/site\/mexico\/2019\/01\/29\/alerta-en-eu-por-frio-de-45-grados-que-congela-la-piel-en-minutos\/#primaryimage"},"thumbnailUrl":"https:\/\/noti-america.com\/site\/mexico\/wp-content\/uploads\/sites\/13\/2019\/01\/166310-GaleriaUno.jpg","datePublished":"2019-01-29T02:24:46+00:00","breadcrumb":{"@id":"https:\/\/noti-america.com\/site\/mexico\/2019\/01\/29\/alerta-en-eu-por-frio-de-45-grados-que-congela-la-piel-en-minutos\/#breadcrumb"},"inLanguage":"es","potentialAction":[{"@type":"ReadAction","target":["https:\/\/noti-america.com\/site\/mexico\/2019\/01\/29\/alerta-en-eu-por-frio-de-45-grados-que-congela-la-piel-en-minutos\/"]}]},{"@type":"ImageObject","inLanguage":"es","@id":"https:\/\/noti-america.com\/site\/mexico\/2019\/01\/29\/alerta-en-eu-por-frio-de-45-grados-que-congela-la-piel-en-minutos\/#primaryimage","url":"https:\/\/noti-america.com\/site\/mexico\/wp-content\/uploads\/sites\/13\/2019\/01\/166310-GaleriaUno.jpg","contentUrl":"https:\/\/noti-america.com\/site\/mexico\/wp-content\/uploads\/sites\/13\/2019\/01\/166310-GaleriaUno.jpg","width":750,"height":450},{"@type":"BreadcrumbList","@id":"https:\/\/noti-america.com\/site\/mexico\/2019\/01\/29\/alerta-en-eu-por-frio-de-45-grados-que-congela-la-piel-en-minutos\/#breadcrumb","itemListElement":[{"@type":"ListItem","position":1,"name":"Portada","item":"https:\/\/noti-america.com\/site\/mexico\/"},{"@type":"ListItem","position":2,"name":"Alerta en EU por fr\u00edo de -45 grados que congela la piel en minutos"}]},{"@type":"WebSite","@id":"https:\/\/noti-america.com\/site\/mexico\/#website","url":"https:\/\/noti-america.com\/site\/mexico\/","name":"M\u00e9xico | Noti-America.com","description":"","publisher":{"@id":"https:\/\/noti-america.com\/site\/mexico\/#organization"},"potentialAction":[{"@type":"SearchAction","target":{"@type":"EntryPoint","urlTemplate":"https:\/\/noti-america.com\/site\/mexico\/?s={search_term_string}"},"query-input":{"@type":"PropertyValueSpecification","valueRequired":true,"valueName":"search_term_string"}}],"inLanguage":"es"},{"@type":"Organization","@id":"https:\/\/noti-america.com\/site\/mexico\/#organization","name":"Noti-America LLC | M\u00e9xico","url":"https:\/\/noti-america.com\/site\/mexico\/","logo":{"@type":"ImageObject","inLanguage":"es","@id":"https:\/\/noti-america.com\/site\/mexico\/#\/schema\/logo\/image\/","url":"https:\/\/noti-america.com\/site\/mexico\/wp-content\/uploads\/sites\/13\/2020\/07\/LogoNA-4x3-1.jpg","contentUrl":"https:\/\/noti-america.com\/site\/mexico\/wp-content\/uploads\/sites\/13\/2020\/07\/LogoNA-4x3-1.jpg","width":1236,"height":1080,"caption":"Noti-America LLC | M\u00e9xico"},"image":{"@id":"https:\/\/noti-america.com\/site\/mexico\/#\/schema\/logo\/image\/"}},{"@type":"Person","@id":"https:\/\/noti-america.com\/site\/mexico\/#\/schema\/person\/db5a6527aaddfc34b3753d557a1292f0","name":"Redacci\u00f3n NA-NY","image":{"@type":"ImageObject","inLanguage":"es","@id":"https:\/\/secure.gravatar.com\/avatar\/2bd75bb500a8deb1390f777293a9af32d934c46613d2fbac7cceb2aaa2679ae8?s=96&d=mm&r=g","url":"https:\/\/secure.gravatar.com\/avatar\/2bd75bb500a8deb1390f777293a9af32d934c46613d2fbac7cceb2aaa2679ae8?s=96&d=mm&r=g","contentUrl":"https:\/\/secure.gravatar.com\/avatar\/2bd75bb500a8deb1390f777293a9af32d934c46613d2fbac7cceb2aaa2679ae8?s=96&d=mm&r=g","caption":"Redacci\u00f3n NA-NY"},"url":"https:\/\/noti-america.com\/site\/mexico\/author\/redaccionny\/"}]}},"_links":{"self":[{"href":"https:\/\/noti-america.com\/site\/mexico\/wp-json\/wp\/v2\/posts\/2838","targetHints":{"allow":["GET"]}}],"collection":[{"href":"https:\/\/noti-america.com\/site\/mexico\/wp-json\/wp\/v2\/posts"}],"about":[{"href":"https:\/\/noti-america.com\/site\/mexico\/wp-json\/wp\/v2\/types\/post"}],"author":[{"embeddable":true,"href":"https:\/\/noti-america.com\/site\/mexico\/wp-json\/wp\/v2\/users\/28"}],"replies":[{"embeddable":true,"href":"https:\/\/noti-america.com\/site\/mexico\/wp-json\/wp\/v2\/comments?post=2838"}],"version-history":[{"count":1,"href":"https:\/\/noti-america.com\/site\/mexico\/wp-json\/wp\/v2\/posts\/2838\/revisions"}],"predecessor-version":[{"id":2840,"href":"https:\/\/noti-america.com\/site\/mexico\/wp-json\/wp\/v2\/posts\/2838\/revisions\/2840"}],"wp:featuredmedia":[{"embeddable":true,"href":"https:\/\/noti-america.com\/site\/mexico\/wp-json\/wp\/v2\/media\/2839"}],"wp:attachment":[{"href":"https:\/\/noti-america.com\/site\/mexico\/wp-json\/wp\/v2\/media?parent=2838"}],"wp:term":[{"taxonomy":"category","embeddable":true,"href":"https:\/\/noti-america.com\/site\/mexico\/wp-json\/wp\/v2\/categories?post=2838"},{"taxonomy":"post_tag","embeddable":true,"href":"https:\/\/noti-america.com\/site\/mexico\/wp-json\/wp\/v2\/tags?post=2838"}],"curies":[{"name":"wp","href":"https:\/\/api.w.org\/{rel}","templated":true}]}}