{"id":2822,"date":"2019-01-25T04:58:42","date_gmt":"2019-01-25T04:58:42","guid":{"rendered":"http:\/\/noti-america.com\/site\/mexico\/?p=2822"},"modified":"2019-01-25T04:58:42","modified_gmt":"2019-01-25T04:58:42","slug":"feria-del-tamal-en-iztapalapa-deleitara-a-capitalinos-en-febrero","status":"publish","type":"post","link":"https:\/\/noti-america.com\/site\/mexico\/2019\/01\/25\/feria-del-tamal-en-iztapalapa-deleitara-a-capitalinos-en-febrero\/","title":{"rendered":"Feria del Tamal en Iztapalapa deleitar\u00e1 a capitalinos en febrero"},"content":{"rendered":"<h3><img loading=\"lazy\" decoding=\"async\" class=\"alignnone  wp-image-2823 aligncenter\" src=\"http:\/\/noti-america.com\/site\/mexico\/wp-content\/uploads\/sites\/13\/2019\/01\/2087292-300x225.jpg\" alt=\"\" width=\"479\" height=\"359\" srcset=\"https:\/\/noti-america.com\/site\/mexico\/wp-content\/uploads\/sites\/13\/2019\/01\/2087292-300x225.jpg 300w, https:\/\/noti-america.com\/site\/mexico\/wp-content\/uploads\/sites\/13\/2019\/01\/2087292.jpg 664w\" sizes=\"auto, (max-width: 479px) 100vw, 479px\" \/><\/h3>\n<h3>Fuente:\u00a0\u00a0https:\/\/www.excelsior.com.mx\/<\/h3>\n<p>&nbsp;<\/p>\n<p class=\"letter-capitular\">Con motivo del tradicional festejo del\u00a0<strong>d\u00eda de la Candelaria<\/strong>\u00a0y para el deleite de los visitantes, la<strong>\u00a0Macro Plaza de Iztapalapa<\/strong>\u00a0ser\u00e1 sede de la\u00a0<strong>Octava Feria del Tamal 2019<\/strong>\u00a0del d\u00eda 1 al 3 de febrero, de las 8:00 a las 20:00 horas.<\/p>\n<p><span class=\"article-body-balloon\">La cita es en la Macro Plaza de Iztaplapa del 1 al 3 de febrero.\u00a0<\/span><\/p>\n<p>El evento contar\u00e1 con la participaci\u00f3n de\u00a0<strong>20 productores originarios\u00a0de esa alcald\u00eda<\/strong>\u00a0y estados invitados como Oaxaca, Michoac\u00e1n, Veracruz, Puebla y Guerrero, explic\u00f3 la demarcaci\u00f3n en un comunicado.<\/p>\n<p><b>\u00a0<\/b><\/p>\n<p>Se ofrecer\u00e1n unas 200 variedades de tamales, entre los que figuran los mextlapiques, de charales, los canarios, guajolotas, y los t\u00edpicos como verdes, rajas, mole, dulce, guajillo, tres quesos, entre otros en compa\u00f1\u00eda de una variedad de atoles.<\/p>\n<div class=\"media media-element-container media-style_embed_nota media-wysiwyg-align-center\"><img loading=\"lazy\" decoding=\"async\" class=\"media-element file-style-embed-nota aligncenter\" title=\"\" src=\"https:\/\/cdn2.excelsior.com.mx\/media\/styles\/imagen-embed-nota\/public\/inside-the-note\/pictures\/2019\/01\/24\/poster.jpg\" alt=\"\" width=\"480\" height=\"720\" data-delta=\"1\" \/><\/div>\n<p>&nbsp;<\/p>\n<p>En la Feria del Tamal 2019, en la que se estiman m\u00e1s de 20 mil visitantes, participa tambi\u00e9n la C\u00e1mara Nacional de Industria Restaurantera y Alimentos Condimentados, (Canirac), artesanos y productores de tamales locales y regionales.<\/p>\n<p><b>\u00a0<\/b><\/p>\n<p>La alcald\u00eda dispondr\u00e1 de todo el apoyo operativo para atender y ofrecer el servicio de los visitantes con una derrama econ\u00f3mica de un mill\u00f3n de pesos, adem\u00e1s de que se mantendr\u00e1 un dispositivo de seguridad p\u00fablica y de protecci\u00f3n civil, a fin de garantizar el orden y cuidado de expositores y visitantes.<\/p>\n<p>Durante la celebraci\u00f3n se realizar\u00e1n actividades art\u00edsticas, con danza folcl\u00f3rica, obras de teatro, cantantes, grupos de m\u00fasica en vivo y conjuntos como Yucat\u00e1n a Go Go, Rumba, Salsa Brava, Ahuizoles, Kamupaltik, Sonora Criminal y Rockabilly.<\/p>\n","protected":false},"excerpt":{"rendered":"<p>Fuente:\u00a0\u00a0https:\/\/www.excelsior.com.mx\/ &nbsp; Con motivo del tradicional festejo del\u00a0d\u00eda de la Candelaria\u00a0y para el deleite de los visitantes, la\u00a0Macro Plaza de Iztapalapa\u00a0ser\u00e1 sede de la\u00a0Octava Feria del Tamal 2019\u00a0del d\u00eda 1 al 3 de febrero,&#46;&#46;&#46;<\/p>\n","protected":false},"author":28,"featured_media":2823,"comment_status":"open","ping_status":"open","sticky":false,"template":"","format":"standard","meta":{"_acf_changed":false,"om_disable_all_campaigns":false,"rop_custom_images_group":[],"rop_custom_messages_group":[],"rop_publish_now":"initial","rop_publish_now_accounts":{"twitter_242054905_242054905":""},"rop_publish_now_history":[],"rop_publish_now_status":"pending","_uf_show_specific_survey":0,"_uf_disable_surveys":false,"footnotes":""},"categories":[1],"tags":[327],"class_list":["post-2822","post","type-post","status-publish","format-standard","has-post-thumbnail","hentry","category-uncategorized","tag-feria-del-tamal-en-iztapalapa-deleitara-a-capitalinos-en-febrero"],"acf":[],"aioseo_notices":[],"yoast_head":"<!-- This site is optimized with the Yoast SEO Premium plugin v24.9 (Yoast SEO v27.2) - https:\/\/yoast.com\/product\/yoast-seo-premium-wordpress\/ -->\n<title>Feria del Tamal en Iztapalapa deleitar\u00e1 a capitalinos en febrero - M\u00e9xico<\/title>\n<meta name=\"robots\" content=\"index, follow, max-snippet:-1, max-image-preview:large, max-video-preview:-1\" \/>\n<link rel=\"canonical\" href=\"https:\/\/noti-america.com\/site\/mexico\/2019\/01\/25\/feria-del-tamal-en-iztapalapa-deleitara-a-capitalinos-en-febrero\/\" \/>\n<meta property=\"og:locale\" content=\"es_ES\" \/>\n<meta property=\"og:type\" content=\"article\" \/>\n<meta property=\"og:title\" content=\"Feria del Tamal en Iztapalapa deleitar\u00e1 a capitalinos en febrero\" \/>\n<meta property=\"og:description\" content=\"Fuente:\u00a0\u00a0https:\/\/www.excelsior.com.mx\/ &nbsp; Con motivo del tradicional festejo del\u00a0d\u00eda de la Candelaria\u00a0y para el deleite de los visitantes, la\u00a0Macro Plaza de Iztapalapa\u00a0ser\u00e1 sede de la\u00a0Octava Feria del Tamal 2019\u00a0del d\u00eda 1 al 3 de febrero,&#046;&#046;&#046;\" \/>\n<meta property=\"og:url\" content=\"https:\/\/noti-america.com\/site\/mexico\/2019\/01\/25\/feria-del-tamal-en-iztapalapa-deleitara-a-capitalinos-en-febrero\/\" \/>\n<meta property=\"og:site_name\" content=\"M\u00e9xico\" \/>\n<meta property=\"article:published_time\" content=\"2019-01-25T04:58:42+00:00\" \/>\n<meta property=\"og:image\" content=\"https:\/\/noti-america.com\/site\/mexico\/wp-content\/uploads\/sites\/13\/2019\/01\/2087292.jpg\" \/>\n\t<meta property=\"og:image:width\" content=\"664\" \/>\n\t<meta property=\"og:image:height\" content=\"498\" \/>\n\t<meta property=\"og:image:type\" content=\"image\/jpeg\" \/>\n<meta name=\"author\" content=\"Redacci\u00f3n NA-NY\" \/>\n<meta name=\"twitter:card\" content=\"summary_large_image\" \/>\n<meta name=\"twitter:label1\" content=\"Escrito por\" \/>\n\t<meta name=\"twitter:data1\" content=\"Redacci\u00f3n NA-NY\" \/>\n\t<meta name=\"twitter:label2\" content=\"Tiempo estimado de lectura\" \/>\n\t<meta name=\"twitter:data2\" content=\"1 minuto\" \/>\n<script type=\"application\/ld+json\" class=\"yoast-schema-graph\">{\"@context\":\"https:\/\/schema.org\",\"@graph\":[{\"@type\":\"Article\",\"@id\":\"https:\/\/noti-america.com\/site\/mexico\/2019\/01\/25\/feria-del-tamal-en-iztapalapa-deleitara-a-capitalinos-en-febrero\/#article\",\"isPartOf\":{\"@id\":\"https:\/\/noti-america.com\/site\/mexico\/2019\/01\/25\/feria-del-tamal-en-iztapalapa-deleitara-a-capitalinos-en-febrero\/\"},\"author\":{\"name\":\"Redacci\u00f3n NA-NY\",\"@id\":\"https:\/\/noti-america.com\/site\/mexico\/#\/schema\/person\/db5a6527aaddfc34b3753d557a1292f0\"},\"headline\":\"Feria del Tamal en Iztapalapa deleitar\u00e1 a capitalinos en febrero\",\"datePublished\":\"2019-01-25T04:58:42+00:00\",\"mainEntityOfPage\":{\"@id\":\"https:\/\/noti-america.com\/site\/mexico\/2019\/01\/25\/feria-del-tamal-en-iztapalapa-deleitara-a-capitalinos-en-febrero\/\"},\"wordCount\":281,\"commentCount\":0,\"publisher\":{\"@id\":\"https:\/\/noti-america.com\/site\/mexico\/#organization\"},\"image\":{\"@id\":\"https:\/\/noti-america.com\/site\/mexico\/2019\/01\/25\/feria-del-tamal-en-iztapalapa-deleitara-a-capitalinos-en-febrero\/#primaryimage\"},\"thumbnailUrl\":\"https:\/\/noti-america.com\/site\/mexico\/wp-content\/uploads\/sites\/13\/2019\/01\/2087292.jpg\",\"keywords\":[\"Feria del Tamal en Iztapalapa deleitar\u00e1 a capitalinos en febrero\"],\"articleSection\":[\"Uncategorized\"],\"inLanguage\":\"es\",\"potentialAction\":[{\"@type\":\"CommentAction\",\"name\":\"Comment\",\"target\":[\"https:\/\/noti-america.com\/site\/mexico\/2019\/01\/25\/feria-del-tamal-en-iztapalapa-deleitara-a-capitalinos-en-febrero\/#respond\"]}]},{\"@type\":\"WebPage\",\"@id\":\"https:\/\/noti-america.com\/site\/mexico\/2019\/01\/25\/feria-del-tamal-en-iztapalapa-deleitara-a-capitalinos-en-febrero\/\",\"url\":\"https:\/\/noti-america.com\/site\/mexico\/2019\/01\/25\/feria-del-tamal-en-iztapalapa-deleitara-a-capitalinos-en-febrero\/\",\"name\":\"Feria del Tamal en Iztapalapa deleitar\u00e1 a capitalinos en febrero - M\u00e9xico\",\"isPartOf\":{\"@id\":\"https:\/\/noti-america.com\/site\/mexico\/#website\"},\"primaryImageOfPage\":{\"@id\":\"https:\/\/noti-america.com\/site\/mexico\/2019\/01\/25\/feria-del-tamal-en-iztapalapa-deleitara-a-capitalinos-en-febrero\/#primaryimage\"},\"image\":{\"@id\":\"https:\/\/noti-america.com\/site\/mexico\/2019\/01\/25\/feria-del-tamal-en-iztapalapa-deleitara-a-capitalinos-en-febrero\/#primaryimage\"},\"thumbnailUrl\":\"https:\/\/noti-america.com\/site\/mexico\/wp-content\/uploads\/sites\/13\/2019\/01\/2087292.jpg\",\"datePublished\":\"2019-01-25T04:58:42+00:00\",\"breadcrumb\":{\"@id\":\"https:\/\/noti-america.com\/site\/mexico\/2019\/01\/25\/feria-del-tamal-en-iztapalapa-deleitara-a-capitalinos-en-febrero\/#breadcrumb\"},\"inLanguage\":\"es\",\"potentialAction\":[{\"@type\":\"ReadAction\",\"target\":[\"https:\/\/noti-america.com\/site\/mexico\/2019\/01\/25\/feria-del-tamal-en-iztapalapa-deleitara-a-capitalinos-en-febrero\/\"]}]},{\"@type\":\"ImageObject\",\"inLanguage\":\"es\",\"@id\":\"https:\/\/noti-america.com\/site\/mexico\/2019\/01\/25\/feria-del-tamal-en-iztapalapa-deleitara-a-capitalinos-en-febrero\/#primaryimage\",\"url\":\"https:\/\/noti-america.com\/site\/mexico\/wp-content\/uploads\/sites\/13\/2019\/01\/2087292.jpg\",\"contentUrl\":\"https:\/\/noti-america.com\/site\/mexico\/wp-content\/uploads\/sites\/13\/2019\/01\/2087292.jpg\",\"width\":664,\"height\":498},{\"@type\":\"BreadcrumbList\",\"@id\":\"https:\/\/noti-america.com\/site\/mexico\/2019\/01\/25\/feria-del-tamal-en-iztapalapa-deleitara-a-capitalinos-en-febrero\/#breadcrumb\",\"itemListElement\":[{\"@type\":\"ListItem\",\"position\":1,\"name\":\"Portada\",\"item\":\"https:\/\/noti-america.com\/site\/mexico\/\"},{\"@type\":\"ListItem\",\"position\":2,\"name\":\"Feria del Tamal en Iztapalapa deleitar\u00e1 a capitalinos en febrero\"}]},{\"@type\":\"WebSite\",\"@id\":\"https:\/\/noti-america.com\/site\/mexico\/#website\",\"url\":\"https:\/\/noti-america.com\/site\/mexico\/\",\"name\":\"M\u00e9xico | Noti-America.com\",\"description\":\"\",\"publisher\":{\"@id\":\"https:\/\/noti-america.com\/site\/mexico\/#organization\"},\"potentialAction\":[{\"@type\":\"SearchAction\",\"target\":{\"@type\":\"EntryPoint\",\"urlTemplate\":\"https:\/\/noti-america.com\/site\/mexico\/?s={search_term_string}\"},\"query-input\":{\"@type\":\"PropertyValueSpecification\",\"valueRequired\":true,\"valueName\":\"search_term_string\"}}],\"inLanguage\":\"es\"},{\"@type\":\"Organization\",\"@id\":\"https:\/\/noti-america.com\/site\/mexico\/#organization\",\"name\":\"Noti-America LLC | M\u00e9xico\",\"url\":\"https:\/\/noti-america.com\/site\/mexico\/\",\"logo\":{\"@type\":\"ImageObject\",\"inLanguage\":\"es\",\"@id\":\"https:\/\/noti-america.com\/site\/mexico\/#\/schema\/logo\/image\/\",\"url\":\"https:\/\/noti-america.com\/site\/mexico\/wp-content\/uploads\/sites\/13\/2020\/07\/LogoNA-4x3-1.jpg\",\"contentUrl\":\"https:\/\/noti-america.com\/site\/mexico\/wp-content\/uploads\/sites\/13\/2020\/07\/LogoNA-4x3-1.jpg\",\"width\":1236,\"height\":1080,\"caption\":\"Noti-America LLC | M\u00e9xico\"},\"image\":{\"@id\":\"https:\/\/noti-america.com\/site\/mexico\/#\/schema\/logo\/image\/\"}},{\"@type\":\"Person\",\"@id\":\"https:\/\/noti-america.com\/site\/mexico\/#\/schema\/person\/db5a6527aaddfc34b3753d557a1292f0\",\"name\":\"Redacci\u00f3n NA-NY\",\"image\":{\"@type\":\"ImageObject\",\"inLanguage\":\"es\",\"@id\":\"https:\/\/secure.gravatar.com\/avatar\/2bd75bb500a8deb1390f777293a9af32d934c46613d2fbac7cceb2aaa2679ae8?s=96&d=mm&r=g\",\"url\":\"https:\/\/secure.gravatar.com\/avatar\/2bd75bb500a8deb1390f777293a9af32d934c46613d2fbac7cceb2aaa2679ae8?s=96&d=mm&r=g\",\"contentUrl\":\"https:\/\/secure.gravatar.com\/avatar\/2bd75bb500a8deb1390f777293a9af32d934c46613d2fbac7cceb2aaa2679ae8?s=96&d=mm&r=g\",\"caption\":\"Redacci\u00f3n NA-NY\"},\"url\":\"https:\/\/noti-america.com\/site\/mexico\/author\/redaccionny\/\"}]}<\/script>\n<!-- \/ Yoast SEO Premium plugin. -->","yoast_head_json":{"title":"Feria del Tamal en Iztapalapa deleitar\u00e1 a capitalinos en febrero - M\u00e9xico","robots":{"index":"index","follow":"follow","max-snippet":"max-snippet:-1","max-image-preview":"max-image-preview:large","max-video-preview":"max-video-preview:-1"},"canonical":"https:\/\/noti-america.com\/site\/mexico\/2019\/01\/25\/feria-del-tamal-en-iztapalapa-deleitara-a-capitalinos-en-febrero\/","og_locale":"es_ES","og_type":"article","og_title":"Feria del Tamal en Iztapalapa deleitar\u00e1 a capitalinos en febrero","og_description":"Fuente:\u00a0\u00a0https:\/\/www.excelsior.com.mx\/ &nbsp; Con motivo del tradicional festejo del\u00a0d\u00eda de la Candelaria\u00a0y para el deleite de los visitantes, la\u00a0Macro Plaza de Iztapalapa\u00a0ser\u00e1 sede de la\u00a0Octava Feria del Tamal 2019\u00a0del d\u00eda 1 al 3 de febrero,&#46;&#46;&#46;","og_url":"https:\/\/noti-america.com\/site\/mexico\/2019\/01\/25\/feria-del-tamal-en-iztapalapa-deleitara-a-capitalinos-en-febrero\/","og_site_name":"M\u00e9xico","article_published_time":"2019-01-25T04:58:42+00:00","og_image":[{"width":664,"height":498,"url":"https:\/\/noti-america.com\/site\/mexico\/wp-content\/uploads\/sites\/13\/2019\/01\/2087292.jpg","type":"image\/jpeg"}],"author":"Redacci\u00f3n NA-NY","twitter_card":"summary_large_image","twitter_misc":{"Escrito por":"Redacci\u00f3n NA-NY","Tiempo estimado de lectura":"1 minuto"},"schema":{"@context":"https:\/\/schema.org","@graph":[{"@type":"Article","@id":"https:\/\/noti-america.com\/site\/mexico\/2019\/01\/25\/feria-del-tamal-en-iztapalapa-deleitara-a-capitalinos-en-febrero\/#article","isPartOf":{"@id":"https:\/\/noti-america.com\/site\/mexico\/2019\/01\/25\/feria-del-tamal-en-iztapalapa-deleitara-a-capitalinos-en-febrero\/"},"author":{"name":"Redacci\u00f3n NA-NY","@id":"https:\/\/noti-america.com\/site\/mexico\/#\/schema\/person\/db5a6527aaddfc34b3753d557a1292f0"},"headline":"Feria del Tamal en Iztapalapa deleitar\u00e1 a capitalinos en febrero","datePublished":"2019-01-25T04:58:42+00:00","mainEntityOfPage":{"@id":"https:\/\/noti-america.com\/site\/mexico\/2019\/01\/25\/feria-del-tamal-en-iztapalapa-deleitara-a-capitalinos-en-febrero\/"},"wordCount":281,"commentCount":0,"publisher":{"@id":"https:\/\/noti-america.com\/site\/mexico\/#organization"},"image":{"@id":"https:\/\/noti-america.com\/site\/mexico\/2019\/01\/25\/feria-del-tamal-en-iztapalapa-deleitara-a-capitalinos-en-febrero\/#primaryimage"},"thumbnailUrl":"https:\/\/noti-america.com\/site\/mexico\/wp-content\/uploads\/sites\/13\/2019\/01\/2087292.jpg","keywords":["Feria del Tamal en Iztapalapa deleitar\u00e1 a capitalinos en febrero"],"articleSection":["Uncategorized"],"inLanguage":"es","potentialAction":[{"@type":"CommentAction","name":"Comment","target":["https:\/\/noti-america.com\/site\/mexico\/2019\/01\/25\/feria-del-tamal-en-iztapalapa-deleitara-a-capitalinos-en-febrero\/#respond"]}]},{"@type":"WebPage","@id":"https:\/\/noti-america.com\/site\/mexico\/2019\/01\/25\/feria-del-tamal-en-iztapalapa-deleitara-a-capitalinos-en-febrero\/","url":"https:\/\/noti-america.com\/site\/mexico\/2019\/01\/25\/feria-del-tamal-en-iztapalapa-deleitara-a-capitalinos-en-febrero\/","name":"Feria del Tamal en Iztapalapa deleitar\u00e1 a capitalinos en febrero - M\u00e9xico","isPartOf":{"@id":"https:\/\/noti-america.com\/site\/mexico\/#website"},"primaryImageOfPage":{"@id":"https:\/\/noti-america.com\/site\/mexico\/2019\/01\/25\/feria-del-tamal-en-iztapalapa-deleitara-a-capitalinos-en-febrero\/#primaryimage"},"image":{"@id":"https:\/\/noti-america.com\/site\/mexico\/2019\/01\/25\/feria-del-tamal-en-iztapalapa-deleitara-a-capitalinos-en-febrero\/#primaryimage"},"thumbnailUrl":"https:\/\/noti-america.com\/site\/mexico\/wp-content\/uploads\/sites\/13\/2019\/01\/2087292.jpg","datePublished":"2019-01-25T04:58:42+00:00","breadcrumb":{"@id":"https:\/\/noti-america.com\/site\/mexico\/2019\/01\/25\/feria-del-tamal-en-iztapalapa-deleitara-a-capitalinos-en-febrero\/#breadcrumb"},"inLanguage":"es","potentialAction":[{"@type":"ReadAction","target":["https:\/\/noti-america.com\/site\/mexico\/2019\/01\/25\/feria-del-tamal-en-iztapalapa-deleitara-a-capitalinos-en-febrero\/"]}]},{"@type":"ImageObject","inLanguage":"es","@id":"https:\/\/noti-america.com\/site\/mexico\/2019\/01\/25\/feria-del-tamal-en-iztapalapa-deleitara-a-capitalinos-en-febrero\/#primaryimage","url":"https:\/\/noti-america.com\/site\/mexico\/wp-content\/uploads\/sites\/13\/2019\/01\/2087292.jpg","contentUrl":"https:\/\/noti-america.com\/site\/mexico\/wp-content\/uploads\/sites\/13\/2019\/01\/2087292.jpg","width":664,"height":498},{"@type":"BreadcrumbList","@id":"https:\/\/noti-america.com\/site\/mexico\/2019\/01\/25\/feria-del-tamal-en-iztapalapa-deleitara-a-capitalinos-en-febrero\/#breadcrumb","itemListElement":[{"@type":"ListItem","position":1,"name":"Portada","item":"https:\/\/noti-america.com\/site\/mexico\/"},{"@type":"ListItem","position":2,"name":"Feria del Tamal en Iztapalapa deleitar\u00e1 a capitalinos en febrero"}]},{"@type":"WebSite","@id":"https:\/\/noti-america.com\/site\/mexico\/#website","url":"https:\/\/noti-america.com\/site\/mexico\/","name":"M\u00e9xico | Noti-America.com","description":"","publisher":{"@id":"https:\/\/noti-america.com\/site\/mexico\/#organization"},"potentialAction":[{"@type":"SearchAction","target":{"@type":"EntryPoint","urlTemplate":"https:\/\/noti-america.com\/site\/mexico\/?s={search_term_string}"},"query-input":{"@type":"PropertyValueSpecification","valueRequired":true,"valueName":"search_term_string"}}],"inLanguage":"es"},{"@type":"Organization","@id":"https:\/\/noti-america.com\/site\/mexico\/#organization","name":"Noti-America LLC | M\u00e9xico","url":"https:\/\/noti-america.com\/site\/mexico\/","logo":{"@type":"ImageObject","inLanguage":"es","@id":"https:\/\/noti-america.com\/site\/mexico\/#\/schema\/logo\/image\/","url":"https:\/\/noti-america.com\/site\/mexico\/wp-content\/uploads\/sites\/13\/2020\/07\/LogoNA-4x3-1.jpg","contentUrl":"https:\/\/noti-america.com\/site\/mexico\/wp-content\/uploads\/sites\/13\/2020\/07\/LogoNA-4x3-1.jpg","width":1236,"height":1080,"caption":"Noti-America LLC | M\u00e9xico"},"image":{"@id":"https:\/\/noti-america.com\/site\/mexico\/#\/schema\/logo\/image\/"}},{"@type":"Person","@id":"https:\/\/noti-america.com\/site\/mexico\/#\/schema\/person\/db5a6527aaddfc34b3753d557a1292f0","name":"Redacci\u00f3n NA-NY","image":{"@type":"ImageObject","inLanguage":"es","@id":"https:\/\/secure.gravatar.com\/avatar\/2bd75bb500a8deb1390f777293a9af32d934c46613d2fbac7cceb2aaa2679ae8?s=96&d=mm&r=g","url":"https:\/\/secure.gravatar.com\/avatar\/2bd75bb500a8deb1390f777293a9af32d934c46613d2fbac7cceb2aaa2679ae8?s=96&d=mm&r=g","contentUrl":"https:\/\/secure.gravatar.com\/avatar\/2bd75bb500a8deb1390f777293a9af32d934c46613d2fbac7cceb2aaa2679ae8?s=96&d=mm&r=g","caption":"Redacci\u00f3n NA-NY"},"url":"https:\/\/noti-america.com\/site\/mexico\/author\/redaccionny\/"}]}},"_links":{"self":[{"href":"https:\/\/noti-america.com\/site\/mexico\/wp-json\/wp\/v2\/posts\/2822","targetHints":{"allow":["GET"]}}],"collection":[{"href":"https:\/\/noti-america.com\/site\/mexico\/wp-json\/wp\/v2\/posts"}],"about":[{"href":"https:\/\/noti-america.com\/site\/mexico\/wp-json\/wp\/v2\/types\/post"}],"author":[{"embeddable":true,"href":"https:\/\/noti-america.com\/site\/mexico\/wp-json\/wp\/v2\/users\/28"}],"replies":[{"embeddable":true,"href":"https:\/\/noti-america.com\/site\/mexico\/wp-json\/wp\/v2\/comments?post=2822"}],"version-history":[{"count":1,"href":"https:\/\/noti-america.com\/site\/mexico\/wp-json\/wp\/v2\/posts\/2822\/revisions"}],"predecessor-version":[{"id":2824,"href":"https:\/\/noti-america.com\/site\/mexico\/wp-json\/wp\/v2\/posts\/2822\/revisions\/2824"}],"wp:featuredmedia":[{"embeddable":true,"href":"https:\/\/noti-america.com\/site\/mexico\/wp-json\/wp\/v2\/media\/2823"}],"wp:attachment":[{"href":"https:\/\/noti-america.com\/site\/mexico\/wp-json\/wp\/v2\/media?parent=2822"}],"wp:term":[{"taxonomy":"category","embeddable":true,"href":"https:\/\/noti-america.com\/site\/mexico\/wp-json\/wp\/v2\/categories?post=2822"},{"taxonomy":"post_tag","embeddable":true,"href":"https:\/\/noti-america.com\/site\/mexico\/wp-json\/wp\/v2\/tags?post=2822"}],"curies":[{"name":"wp","href":"https:\/\/api.w.org\/{rel}","templated":true}]}}