{"id":2819,"date":"2019-01-25T04:55:30","date_gmt":"2019-01-25T04:55:30","guid":{"rendered":"http:\/\/noti-america.com\/site\/mexico\/?p=2819"},"modified":"2019-01-25T04:55:30","modified_gmt":"2019-01-25T04:55:30","slug":"en-marcha-operativo-en-paraderos-de-transporte-publico","status":"publish","type":"post","link":"https:\/\/noti-america.com\/site\/mexico\/2019\/01\/25\/en-marcha-operativo-en-paraderos-de-transporte-publico\/","title":{"rendered":"En marcha operativo en paraderos de transporte p\u00fablico"},"content":{"rendered":"<h3><img loading=\"lazy\" decoding=\"async\" class=\" wp-image-2820 aligncenter\" src=\"http:\/\/noti-america.com\/site\/mexico\/wp-content\/uploads\/sites\/13\/2019\/01\/2087307-300x225.jpg\" alt=\"\" width=\"439\" height=\"329\" srcset=\"https:\/\/noti-america.com\/site\/mexico\/wp-content\/uploads\/sites\/13\/2019\/01\/2087307-300x225.jpg 300w, https:\/\/noti-america.com\/site\/mexico\/wp-content\/uploads\/sites\/13\/2019\/01\/2087307.jpg 664w\" sizes=\"auto, (max-width: 439px) 100vw, 439px\" \/><\/h3>\n<h3><\/h3>\n<h3>Fuente:\u00a0\u00a0https:\/\/www.excelsior.com.mx<\/h3>\n<p>&nbsp;<\/p>\n<p class=\"letter-capitular\">El secretario de Seguridad Ciudadana (SSC)<strong>, Jes\u00fas Orta Mart\u00ednez,\u00a0<\/strong>anunci\u00f3 la puesta en marcha de un operativo de seguridad conjunto con las<strong>\u00a0autoridades federales y del Estado de M\u00e9xico<\/strong>\u00a0en paraderos de\u00a0<strong>corredores de transporte p\u00fablico metropolitano.<\/strong><\/p>\n<p>El titular de la dependencia destac\u00f3 que el Operativo de Transporte P\u00fablico arranc\u00f3 con la participaci\u00f3n de las autoridades del Estado de M\u00e9xico, la Polic\u00eda Federal (PF) y la Secretar\u00eda a su mando, en cuatro corredores ubicados en distintos puntos de la ciudad cuyo transporte tiene origen y destino en ambas entidades.<\/p>\n<p><b>\u00a0<\/b><\/p>\n<blockquote><p>Son las rutas que b\u00e1sicamente pasan de la Ciudad de M\u00e9xico al Estado de M\u00e9xico y viceversa y en donde hemos tenido o tenemos incidencia delictiva, como robo a transporte p\u00fablico, entonces estamos haciendo diversas acciones desde revisi\u00f3n desde los paraderos para identificar armas de fuego, armas blancas, para poder proteger a los ciudadanos y por supuesto con presencia arriba de las unidades, ya sea por parte de la polic\u00eda de la Ciudad de M\u00e9xico, del Estado de M\u00e9xico y Federal\u201d, detall\u00f3 Orta Mart\u00ednez.<\/p><\/blockquote>\n<p>Explic\u00f3 que\u00a0<strong>los corredores de transporte que se vigilan cruzan varias alcald\u00edas y municipios del Estado de M\u00e9xico,\u00a0<\/strong>por ello se trabaja de manera conjunta con las polic\u00edas de ambas entidades y de la Federaci\u00f3n.<\/p>\n<p>El objetivo de los operativos es salvaguardar la integridad de los miles de usuarios que d\u00eda con d\u00eda viajan entre ambas entidades.<\/p>\n<p><b>\u00a0<\/b><\/p>\n<p>Por parte de la SSC participan 300 elementos de la Polic\u00eda Bancaria e Industrial, donde se identifican zonas de mayor vulnerabilidad y riesgo en las instalaciones de los diferentes paraderos, de acuerdo a la informaci\u00f3n evaluada de los resultados estad\u00edsticos e incidentes que se suscitan en materia de seguridad, estableciendo las medidas necesarias para abatir, inhibir y evitar delitos.<\/p>\n<p>Aseguran que el personal policial act\u00faa con base a los protocolos de actuaci\u00f3n policial vigentes, respetando ineludiblemente los derechos humanos de las personas.<\/p>\n","protected":false},"excerpt":{"rendered":"<p>Fuente:\u00a0\u00a0https:\/\/www.excelsior.com.mx &nbsp; El secretario de Seguridad Ciudadana (SSC), Jes\u00fas Orta Mart\u00ednez,\u00a0anunci\u00f3 la puesta en marcha de un operativo de seguridad conjunto con las\u00a0autoridades federales y del Estado de M\u00e9xico\u00a0en paraderos de\u00a0corredores de transporte p\u00fablico&#46;&#46;&#46;<\/p>\n","protected":false},"author":28,"featured_media":2820,"comment_status":"open","ping_status":"open","sticky":false,"template":"","format":"standard","meta":{"_acf_changed":false,"om_disable_all_campaigns":false,"rop_custom_images_group":[],"rop_custom_messages_group":[],"rop_publish_now":"initial","rop_publish_now_accounts":{"twitter_242054905_242054905":""},"rop_publish_now_history":[],"rop_publish_now_status":"pending","_uf_show_specific_survey":0,"_uf_disable_surveys":false,"footnotes":""},"categories":[1],"tags":[326],"class_list":["post-2819","post","type-post","status-publish","format-standard","has-post-thumbnail","hentry","category-uncategorized","tag-en-marcha-operativo-en-paraderos-de-transporte-publico"],"acf":[],"aioseo_notices":[],"yoast_head":"<!-- This site is optimized with the Yoast SEO Premium plugin v24.9 (Yoast SEO v27.2) - https:\/\/yoast.com\/product\/yoast-seo-premium-wordpress\/ -->\n<title>En marcha operativo en paraderos de transporte p\u00fablico - M\u00e9xico<\/title>\n<meta name=\"robots\" content=\"index, follow, max-snippet:-1, max-image-preview:large, max-video-preview:-1\" \/>\n<link rel=\"canonical\" href=\"https:\/\/noti-america.com\/site\/mexico\/2019\/01\/25\/en-marcha-operativo-en-paraderos-de-transporte-publico\/\" \/>\n<meta property=\"og:locale\" content=\"es_ES\" \/>\n<meta property=\"og:type\" content=\"article\" \/>\n<meta property=\"og:title\" content=\"En marcha operativo en paraderos de transporte p\u00fablico\" \/>\n<meta property=\"og:description\" content=\"Fuente:\u00a0\u00a0https:\/\/www.excelsior.com.mx &nbsp; El secretario de Seguridad Ciudadana (SSC), Jes\u00fas Orta Mart\u00ednez,\u00a0anunci\u00f3 la puesta en marcha de un operativo de seguridad conjunto con las\u00a0autoridades federales y del Estado de M\u00e9xico\u00a0en paraderos de\u00a0corredores de transporte p\u00fablico&#046;&#046;&#046;\" \/>\n<meta property=\"og:url\" content=\"https:\/\/noti-america.com\/site\/mexico\/2019\/01\/25\/en-marcha-operativo-en-paraderos-de-transporte-publico\/\" \/>\n<meta property=\"og:site_name\" content=\"M\u00e9xico\" \/>\n<meta property=\"article:published_time\" content=\"2019-01-25T04:55:30+00:00\" \/>\n<meta property=\"og:image\" content=\"https:\/\/noti-america.com\/site\/mexico\/wp-content\/uploads\/sites\/13\/2019\/01\/2087307.jpg\" \/>\n\t<meta property=\"og:image:width\" content=\"664\" \/>\n\t<meta property=\"og:image:height\" content=\"498\" \/>\n\t<meta property=\"og:image:type\" content=\"image\/jpeg\" \/>\n<meta name=\"author\" content=\"Redacci\u00f3n NA-NY\" \/>\n<meta name=\"twitter:card\" content=\"summary_large_image\" \/>\n<meta name=\"twitter:label1\" content=\"Escrito por\" \/>\n\t<meta name=\"twitter:data1\" content=\"Redacci\u00f3n NA-NY\" \/>\n\t<meta name=\"twitter:label2\" content=\"Tiempo estimado de lectura\" \/>\n\t<meta name=\"twitter:data2\" content=\"2 minutos\" \/>\n<script type=\"application\/ld+json\" class=\"yoast-schema-graph\">{\"@context\":\"https:\/\/schema.org\",\"@graph\":[{\"@type\":\"Article\",\"@id\":\"https:\/\/noti-america.com\/site\/mexico\/2019\/01\/25\/en-marcha-operativo-en-paraderos-de-transporte-publico\/#article\",\"isPartOf\":{\"@id\":\"https:\/\/noti-america.com\/site\/mexico\/2019\/01\/25\/en-marcha-operativo-en-paraderos-de-transporte-publico\/\"},\"author\":{\"name\":\"Redacci\u00f3n NA-NY\",\"@id\":\"https:\/\/noti-america.com\/site\/mexico\/#\/schema\/person\/db5a6527aaddfc34b3753d557a1292f0\"},\"headline\":\"En marcha operativo en paraderos de transporte p\u00fablico\",\"datePublished\":\"2019-01-25T04:55:30+00:00\",\"mainEntityOfPage\":{\"@id\":\"https:\/\/noti-america.com\/site\/mexico\/2019\/01\/25\/en-marcha-operativo-en-paraderos-de-transporte-publico\/\"},\"wordCount\":356,\"commentCount\":0,\"publisher\":{\"@id\":\"https:\/\/noti-america.com\/site\/mexico\/#organization\"},\"image\":{\"@id\":\"https:\/\/noti-america.com\/site\/mexico\/2019\/01\/25\/en-marcha-operativo-en-paraderos-de-transporte-publico\/#primaryimage\"},\"thumbnailUrl\":\"https:\/\/noti-america.com\/site\/mexico\/wp-content\/uploads\/sites\/13\/2019\/01\/2087307.jpg\",\"keywords\":[\"En marcha operativo en paraderos de transporte p\u00fablico\"],\"articleSection\":[\"Uncategorized\"],\"inLanguage\":\"es\",\"potentialAction\":[{\"@type\":\"CommentAction\",\"name\":\"Comment\",\"target\":[\"https:\/\/noti-america.com\/site\/mexico\/2019\/01\/25\/en-marcha-operativo-en-paraderos-de-transporte-publico\/#respond\"]}]},{\"@type\":\"WebPage\",\"@id\":\"https:\/\/noti-america.com\/site\/mexico\/2019\/01\/25\/en-marcha-operativo-en-paraderos-de-transporte-publico\/\",\"url\":\"https:\/\/noti-america.com\/site\/mexico\/2019\/01\/25\/en-marcha-operativo-en-paraderos-de-transporte-publico\/\",\"name\":\"En marcha operativo en paraderos de transporte p\u00fablico - M\u00e9xico\",\"isPartOf\":{\"@id\":\"https:\/\/noti-america.com\/site\/mexico\/#website\"},\"primaryImageOfPage\":{\"@id\":\"https:\/\/noti-america.com\/site\/mexico\/2019\/01\/25\/en-marcha-operativo-en-paraderos-de-transporte-publico\/#primaryimage\"},\"image\":{\"@id\":\"https:\/\/noti-america.com\/site\/mexico\/2019\/01\/25\/en-marcha-operativo-en-paraderos-de-transporte-publico\/#primaryimage\"},\"thumbnailUrl\":\"https:\/\/noti-america.com\/site\/mexico\/wp-content\/uploads\/sites\/13\/2019\/01\/2087307.jpg\",\"datePublished\":\"2019-01-25T04:55:30+00:00\",\"breadcrumb\":{\"@id\":\"https:\/\/noti-america.com\/site\/mexico\/2019\/01\/25\/en-marcha-operativo-en-paraderos-de-transporte-publico\/#breadcrumb\"},\"inLanguage\":\"es\",\"potentialAction\":[{\"@type\":\"ReadAction\",\"target\":[\"https:\/\/noti-america.com\/site\/mexico\/2019\/01\/25\/en-marcha-operativo-en-paraderos-de-transporte-publico\/\"]}]},{\"@type\":\"ImageObject\",\"inLanguage\":\"es\",\"@id\":\"https:\/\/noti-america.com\/site\/mexico\/2019\/01\/25\/en-marcha-operativo-en-paraderos-de-transporte-publico\/#primaryimage\",\"url\":\"https:\/\/noti-america.com\/site\/mexico\/wp-content\/uploads\/sites\/13\/2019\/01\/2087307.jpg\",\"contentUrl\":\"https:\/\/noti-america.com\/site\/mexico\/wp-content\/uploads\/sites\/13\/2019\/01\/2087307.jpg\",\"width\":664,\"height\":498},{\"@type\":\"BreadcrumbList\",\"@id\":\"https:\/\/noti-america.com\/site\/mexico\/2019\/01\/25\/en-marcha-operativo-en-paraderos-de-transporte-publico\/#breadcrumb\",\"itemListElement\":[{\"@type\":\"ListItem\",\"position\":1,\"name\":\"Portada\",\"item\":\"https:\/\/noti-america.com\/site\/mexico\/\"},{\"@type\":\"ListItem\",\"position\":2,\"name\":\"En marcha operativo en paraderos de transporte p\u00fablico\"}]},{\"@type\":\"WebSite\",\"@id\":\"https:\/\/noti-america.com\/site\/mexico\/#website\",\"url\":\"https:\/\/noti-america.com\/site\/mexico\/\",\"name\":\"M\u00e9xico | Noti-America.com\",\"description\":\"\",\"publisher\":{\"@id\":\"https:\/\/noti-america.com\/site\/mexico\/#organization\"},\"potentialAction\":[{\"@type\":\"SearchAction\",\"target\":{\"@type\":\"EntryPoint\",\"urlTemplate\":\"https:\/\/noti-america.com\/site\/mexico\/?s={search_term_string}\"},\"query-input\":{\"@type\":\"PropertyValueSpecification\",\"valueRequired\":true,\"valueName\":\"search_term_string\"}}],\"inLanguage\":\"es\"},{\"@type\":\"Organization\",\"@id\":\"https:\/\/noti-america.com\/site\/mexico\/#organization\",\"name\":\"Noti-America LLC | M\u00e9xico\",\"url\":\"https:\/\/noti-america.com\/site\/mexico\/\",\"logo\":{\"@type\":\"ImageObject\",\"inLanguage\":\"es\",\"@id\":\"https:\/\/noti-america.com\/site\/mexico\/#\/schema\/logo\/image\/\",\"url\":\"https:\/\/noti-america.com\/site\/mexico\/wp-content\/uploads\/sites\/13\/2020\/07\/LogoNA-4x3-1.jpg\",\"contentUrl\":\"https:\/\/noti-america.com\/site\/mexico\/wp-content\/uploads\/sites\/13\/2020\/07\/LogoNA-4x3-1.jpg\",\"width\":1236,\"height\":1080,\"caption\":\"Noti-America LLC | M\u00e9xico\"},\"image\":{\"@id\":\"https:\/\/noti-america.com\/site\/mexico\/#\/schema\/logo\/image\/\"}},{\"@type\":\"Person\",\"@id\":\"https:\/\/noti-america.com\/site\/mexico\/#\/schema\/person\/db5a6527aaddfc34b3753d557a1292f0\",\"name\":\"Redacci\u00f3n NA-NY\",\"image\":{\"@type\":\"ImageObject\",\"inLanguage\":\"es\",\"@id\":\"https:\/\/secure.gravatar.com\/avatar\/2bd75bb500a8deb1390f777293a9af32d934c46613d2fbac7cceb2aaa2679ae8?s=96&d=mm&r=g\",\"url\":\"https:\/\/secure.gravatar.com\/avatar\/2bd75bb500a8deb1390f777293a9af32d934c46613d2fbac7cceb2aaa2679ae8?s=96&d=mm&r=g\",\"contentUrl\":\"https:\/\/secure.gravatar.com\/avatar\/2bd75bb500a8deb1390f777293a9af32d934c46613d2fbac7cceb2aaa2679ae8?s=96&d=mm&r=g\",\"caption\":\"Redacci\u00f3n NA-NY\"},\"url\":\"https:\/\/noti-america.com\/site\/mexico\/author\/redaccionny\/\"}]}<\/script>\n<!-- \/ Yoast SEO Premium plugin. -->","yoast_head_json":{"title":"En marcha operativo en paraderos de transporte p\u00fablico - M\u00e9xico","robots":{"index":"index","follow":"follow","max-snippet":"max-snippet:-1","max-image-preview":"max-image-preview:large","max-video-preview":"max-video-preview:-1"},"canonical":"https:\/\/noti-america.com\/site\/mexico\/2019\/01\/25\/en-marcha-operativo-en-paraderos-de-transporte-publico\/","og_locale":"es_ES","og_type":"article","og_title":"En marcha operativo en paraderos de transporte p\u00fablico","og_description":"Fuente:\u00a0\u00a0https:\/\/www.excelsior.com.mx &nbsp; El secretario de Seguridad Ciudadana (SSC), Jes\u00fas Orta Mart\u00ednez,\u00a0anunci\u00f3 la puesta en marcha de un operativo de seguridad conjunto con las\u00a0autoridades federales y del Estado de M\u00e9xico\u00a0en paraderos de\u00a0corredores de transporte p\u00fablico&#46;&#46;&#46;","og_url":"https:\/\/noti-america.com\/site\/mexico\/2019\/01\/25\/en-marcha-operativo-en-paraderos-de-transporte-publico\/","og_site_name":"M\u00e9xico","article_published_time":"2019-01-25T04:55:30+00:00","og_image":[{"width":664,"height":498,"url":"https:\/\/noti-america.com\/site\/mexico\/wp-content\/uploads\/sites\/13\/2019\/01\/2087307.jpg","type":"image\/jpeg"}],"author":"Redacci\u00f3n NA-NY","twitter_card":"summary_large_image","twitter_misc":{"Escrito por":"Redacci\u00f3n NA-NY","Tiempo estimado de lectura":"2 minutos"},"schema":{"@context":"https:\/\/schema.org","@graph":[{"@type":"Article","@id":"https:\/\/noti-america.com\/site\/mexico\/2019\/01\/25\/en-marcha-operativo-en-paraderos-de-transporte-publico\/#article","isPartOf":{"@id":"https:\/\/noti-america.com\/site\/mexico\/2019\/01\/25\/en-marcha-operativo-en-paraderos-de-transporte-publico\/"},"author":{"name":"Redacci\u00f3n NA-NY","@id":"https:\/\/noti-america.com\/site\/mexico\/#\/schema\/person\/db5a6527aaddfc34b3753d557a1292f0"},"headline":"En marcha operativo en paraderos de transporte p\u00fablico","datePublished":"2019-01-25T04:55:30+00:00","mainEntityOfPage":{"@id":"https:\/\/noti-america.com\/site\/mexico\/2019\/01\/25\/en-marcha-operativo-en-paraderos-de-transporte-publico\/"},"wordCount":356,"commentCount":0,"publisher":{"@id":"https:\/\/noti-america.com\/site\/mexico\/#organization"},"image":{"@id":"https:\/\/noti-america.com\/site\/mexico\/2019\/01\/25\/en-marcha-operativo-en-paraderos-de-transporte-publico\/#primaryimage"},"thumbnailUrl":"https:\/\/noti-america.com\/site\/mexico\/wp-content\/uploads\/sites\/13\/2019\/01\/2087307.jpg","keywords":["En marcha operativo en paraderos de transporte p\u00fablico"],"articleSection":["Uncategorized"],"inLanguage":"es","potentialAction":[{"@type":"CommentAction","name":"Comment","target":["https:\/\/noti-america.com\/site\/mexico\/2019\/01\/25\/en-marcha-operativo-en-paraderos-de-transporte-publico\/#respond"]}]},{"@type":"WebPage","@id":"https:\/\/noti-america.com\/site\/mexico\/2019\/01\/25\/en-marcha-operativo-en-paraderos-de-transporte-publico\/","url":"https:\/\/noti-america.com\/site\/mexico\/2019\/01\/25\/en-marcha-operativo-en-paraderos-de-transporte-publico\/","name":"En marcha operativo en paraderos de transporte p\u00fablico - M\u00e9xico","isPartOf":{"@id":"https:\/\/noti-america.com\/site\/mexico\/#website"},"primaryImageOfPage":{"@id":"https:\/\/noti-america.com\/site\/mexico\/2019\/01\/25\/en-marcha-operativo-en-paraderos-de-transporte-publico\/#primaryimage"},"image":{"@id":"https:\/\/noti-america.com\/site\/mexico\/2019\/01\/25\/en-marcha-operativo-en-paraderos-de-transporte-publico\/#primaryimage"},"thumbnailUrl":"https:\/\/noti-america.com\/site\/mexico\/wp-content\/uploads\/sites\/13\/2019\/01\/2087307.jpg","datePublished":"2019-01-25T04:55:30+00:00","breadcrumb":{"@id":"https:\/\/noti-america.com\/site\/mexico\/2019\/01\/25\/en-marcha-operativo-en-paraderos-de-transporte-publico\/#breadcrumb"},"inLanguage":"es","potentialAction":[{"@type":"ReadAction","target":["https:\/\/noti-america.com\/site\/mexico\/2019\/01\/25\/en-marcha-operativo-en-paraderos-de-transporte-publico\/"]}]},{"@type":"ImageObject","inLanguage":"es","@id":"https:\/\/noti-america.com\/site\/mexico\/2019\/01\/25\/en-marcha-operativo-en-paraderos-de-transporte-publico\/#primaryimage","url":"https:\/\/noti-america.com\/site\/mexico\/wp-content\/uploads\/sites\/13\/2019\/01\/2087307.jpg","contentUrl":"https:\/\/noti-america.com\/site\/mexico\/wp-content\/uploads\/sites\/13\/2019\/01\/2087307.jpg","width":664,"height":498},{"@type":"BreadcrumbList","@id":"https:\/\/noti-america.com\/site\/mexico\/2019\/01\/25\/en-marcha-operativo-en-paraderos-de-transporte-publico\/#breadcrumb","itemListElement":[{"@type":"ListItem","position":1,"name":"Portada","item":"https:\/\/noti-america.com\/site\/mexico\/"},{"@type":"ListItem","position":2,"name":"En marcha operativo en paraderos de transporte p\u00fablico"}]},{"@type":"WebSite","@id":"https:\/\/noti-america.com\/site\/mexico\/#website","url":"https:\/\/noti-america.com\/site\/mexico\/","name":"M\u00e9xico | Noti-America.com","description":"","publisher":{"@id":"https:\/\/noti-america.com\/site\/mexico\/#organization"},"potentialAction":[{"@type":"SearchAction","target":{"@type":"EntryPoint","urlTemplate":"https:\/\/noti-america.com\/site\/mexico\/?s={search_term_string}"},"query-input":{"@type":"PropertyValueSpecification","valueRequired":true,"valueName":"search_term_string"}}],"inLanguage":"es"},{"@type":"Organization","@id":"https:\/\/noti-america.com\/site\/mexico\/#organization","name":"Noti-America LLC | M\u00e9xico","url":"https:\/\/noti-america.com\/site\/mexico\/","logo":{"@type":"ImageObject","inLanguage":"es","@id":"https:\/\/noti-america.com\/site\/mexico\/#\/schema\/logo\/image\/","url":"https:\/\/noti-america.com\/site\/mexico\/wp-content\/uploads\/sites\/13\/2020\/07\/LogoNA-4x3-1.jpg","contentUrl":"https:\/\/noti-america.com\/site\/mexico\/wp-content\/uploads\/sites\/13\/2020\/07\/LogoNA-4x3-1.jpg","width":1236,"height":1080,"caption":"Noti-America LLC | M\u00e9xico"},"image":{"@id":"https:\/\/noti-america.com\/site\/mexico\/#\/schema\/logo\/image\/"}},{"@type":"Person","@id":"https:\/\/noti-america.com\/site\/mexico\/#\/schema\/person\/db5a6527aaddfc34b3753d557a1292f0","name":"Redacci\u00f3n NA-NY","image":{"@type":"ImageObject","inLanguage":"es","@id":"https:\/\/secure.gravatar.com\/avatar\/2bd75bb500a8deb1390f777293a9af32d934c46613d2fbac7cceb2aaa2679ae8?s=96&d=mm&r=g","url":"https:\/\/secure.gravatar.com\/avatar\/2bd75bb500a8deb1390f777293a9af32d934c46613d2fbac7cceb2aaa2679ae8?s=96&d=mm&r=g","contentUrl":"https:\/\/secure.gravatar.com\/avatar\/2bd75bb500a8deb1390f777293a9af32d934c46613d2fbac7cceb2aaa2679ae8?s=96&d=mm&r=g","caption":"Redacci\u00f3n NA-NY"},"url":"https:\/\/noti-america.com\/site\/mexico\/author\/redaccionny\/"}]}},"_links":{"self":[{"href":"https:\/\/noti-america.com\/site\/mexico\/wp-json\/wp\/v2\/posts\/2819","targetHints":{"allow":["GET"]}}],"collection":[{"href":"https:\/\/noti-america.com\/site\/mexico\/wp-json\/wp\/v2\/posts"}],"about":[{"href":"https:\/\/noti-america.com\/site\/mexico\/wp-json\/wp\/v2\/types\/post"}],"author":[{"embeddable":true,"href":"https:\/\/noti-america.com\/site\/mexico\/wp-json\/wp\/v2\/users\/28"}],"replies":[{"embeddable":true,"href":"https:\/\/noti-america.com\/site\/mexico\/wp-json\/wp\/v2\/comments?post=2819"}],"version-history":[{"count":1,"href":"https:\/\/noti-america.com\/site\/mexico\/wp-json\/wp\/v2\/posts\/2819\/revisions"}],"predecessor-version":[{"id":2821,"href":"https:\/\/noti-america.com\/site\/mexico\/wp-json\/wp\/v2\/posts\/2819\/revisions\/2821"}],"wp:featuredmedia":[{"embeddable":true,"href":"https:\/\/noti-america.com\/site\/mexico\/wp-json\/wp\/v2\/media\/2820"}],"wp:attachment":[{"href":"https:\/\/noti-america.com\/site\/mexico\/wp-json\/wp\/v2\/media?parent=2819"}],"wp:term":[{"taxonomy":"category","embeddable":true,"href":"https:\/\/noti-america.com\/site\/mexico\/wp-json\/wp\/v2\/categories?post=2819"},{"taxonomy":"post_tag","embeddable":true,"href":"https:\/\/noti-america.com\/site\/mexico\/wp-json\/wp\/v2\/tags?post=2819"}],"curies":[{"name":"wp","href":"https:\/\/api.w.org\/{rel}","templated":true}]}}