{"id":2773,"date":"2019-01-24T16:13:51","date_gmt":"2019-01-24T16:13:51","guid":{"rendered":"http:\/\/noti-america.com\/site\/mexico\/?p=2773"},"modified":"2019-01-24T16:13:51","modified_gmt":"2019-01-24T16:13:51","slug":"niegan-tres-veces-la-visa-a-actor-que-interpreta-a-fermin-en-roma","status":"publish","type":"post","link":"https:\/\/noti-america.com\/site\/mexico\/2019\/01\/24\/niegan-tres-veces-la-visa-a-actor-que-interpreta-a-fermin-en-roma\/","title":{"rendered":"Niegan tres veces la visa a actor que interpreta a \u00abFerm\u00edn\u00bb en \u00abRoma\u00bb"},"content":{"rendered":"<h3><img loading=\"lazy\" decoding=\"async\" class=\"alignnone  wp-image-2774 aligncenter\" src=\"http:\/\/noti-america.com\/site\/mexico\/wp-content\/uploads\/sites\/13\/2019\/01\/dxnil0-uyaarjgk_crop1548340260198.jpg_1970638775-300x189.jpg\" alt=\"\" width=\"467\" height=\"294\" srcset=\"https:\/\/noti-america.com\/site\/mexico\/wp-content\/uploads\/sites\/13\/2019\/01\/dxnil0-uyaarjgk_crop1548340260198.jpg_1970638775-300x189.jpg 300w, https:\/\/noti-america.com\/site\/mexico\/wp-content\/uploads\/sites\/13\/2019\/01\/dxnil0-uyaarjgk_crop1548340260198.jpg_1970638775-768x484.jpg 768w, https:\/\/noti-america.com\/site\/mexico\/wp-content\/uploads\/sites\/13\/2019\/01\/dxnil0-uyaarjgk_crop1548340260198.jpg_1970638775.jpg 770w\" sizes=\"auto, (max-width: 467px) 100vw, 467px\" \/><\/h3>\n<h3><\/h3>\n<h3>Fuente:\u00a0\u00a0https:\/\/www.informador.mx<\/h3>\n<p>&nbsp;<\/p>\n<p>El cineasta\u00a0<strong>Alfonso Cuar\u00f3n<\/strong>\u00a0escribi\u00f3 una carta para que\u00a0<strong>Jorge Antonio Guerrero<\/strong>, uno de sus actores en \u00abRoma\u00bb, obtenga la visa estadounidense que le ha sido negada en tres ocasiones durante el \u00faltimo a\u00f1o.<\/p>\n<div id=\"div-gpt-ad-1548262875188-0\" data-google-query-id=\"CNHWkJvnhuACFVC5TwodHcIKmw\"><\/div>\n<blockquote><p>\u00abNo me he sentido en ning\u00fan momento ofendido, enfadado o victimizado, nadie me est\u00e1 haciendo nada, eso es muy claro\u00bb<\/p><\/blockquote>\n<p>Esto para que pueda asistir a la alfombra roja de los premios\u00a0<strong>Oscar<\/strong>, a realizarse el pr\u00f3ximo 24 de febrero. La cinta est\u00e1 considerada para 10 estatuillas.<\/p>\n<div id=\"div-pos-2\"><\/div>\n<div id=\"div-gpt-ad-1539621500235-0\" data-google-query-id=\"CNLWkJvnhuACFVC5TwodHcIKmw\"><\/div>\n<p>Guerrero, quien interpreta a \u00abFerm\u00edn\u00bb, el novio de \u00abCleo\u00bb, considera que han sido malentendidos administrativos, y no otra cosa,\u00a0<strong>los factores que han jugado en su contra para no tener el documento desde hace tiempo.<\/strong><\/p>\n<p>\u00abSoy muy respetuoso de las normas, de las reglas que se rigen en otra cosmovisi\u00f3n\u00bb, subraya.Ver imagen en Twitter<\/p>\n<div>\n<div id=\"twitter-25\" class=\"ck-twitter\">\n<div class=\"SandboxRoot env-bp-350\" data-twitter-event-id=\"0\">\n<div class=\"resize-sensor\">\n<div class=\"resize-sensor-shrink\">\n<div><\/div>\n<\/div>\n<\/div>\n<\/div>\n<\/div>\n<\/div>\n<p>\u00abY en la medida de que alguien de la embajada, alg\u00fan agregado cultural digamos, se pueda enterar de mi participaci\u00f3n en una pel\u00edcula como lo es &#8216;Roma&#8217; y que uno de los mejores directores del mundo que es\u00a0<strong>Alfonso Cuar\u00f3n escribi\u00f3 una carta al oficial consular, va a ser m\u00e1s f\u00e1cil de enterarse de quien es \u00e9ste oficiante del arte interpretativo que ha sido invitado para acompa\u00f1ar a sus colegas<\/strong>\u00ab.<\/p>\n<p>Detalla que lo escrito por Cuar\u00f3n es parte de los comprobantes que deben presentarse ante las autoridades. \u00abComo se sabe, uno tiene que comprobar, acreditar sus inmuebles y a qu\u00e9 se dedica, en este caso era muy importante saber a qui\u00e9n estaba invitando y los detalles relacionados al respecto.\u00a0<strong>Ojal\u00e1 se pueda resolver de la mejor manera e insisto en que, si no voy, igual estar\u00e9 content\u00edsimo, digo, \u00a1son 10 nominaciones caray, no es de todos los a\u00f1os!<\/strong>\u00ab, extern\u00f3.<\/p>\n<p>Asegur\u00f3 estar en la mejor disposici\u00f3n de volver a intentar el tr\u00e1mite y lograr el documento.<\/p>\n<p>\u00abHubo un momento en que se dijo que no era tal tipo de visa porque cre\u00edan iba a trabajar y entonces despu\u00e9s se tuvo que hacer otro tr\u00e1mite donde expresaba que iba de invitado\u00bb, agreg\u00f3.<\/p>\n<p>\u00abNo me he sentido en ning\u00fan momento ofendido, enfadado o victimizado, nadie me est\u00e1 haciendo nada, eso es muy claro. \u00bfA cu\u00e1ntas personas no les pasa eso? (negar la visa), \u00bfcu\u00e1ntas personas incluso deben arriesgar su vida para irse a los\u00a0<strong>Estados Unidos<\/strong>\u00a0no por ser invitados a una alfombra roja, sino para trabajar?\u00bb, concluy\u00f3.<\/p>\n<p>Guerrero, adem\u00e1s de \u00abRoma\u00bb, es conocido por haber interpretado al \u00abCadete Tello\u00bb en la serie de\u00a0<strong>Luis Miguel<\/strong>, adem\u00e1s de actuar en \u00abSitiados\u00bb, de pr\u00f3ximo estreno.<\/p>\n","protected":false},"excerpt":{"rendered":"<p>Fuente:\u00a0\u00a0https:\/\/www.informador.mx &nbsp; El cineasta\u00a0Alfonso Cuar\u00f3n\u00a0escribi\u00f3 una carta para que\u00a0Jorge Antonio Guerrero, uno de sus actores en \u00abRoma\u00bb, obtenga la visa estadounidense que le ha sido negada en tres ocasiones durante el \u00faltimo a\u00f1o. \u00abNo&#46;&#46;&#46;<\/p>\n","protected":false},"author":28,"featured_media":2774,"comment_status":"open","ping_status":"open","sticky":false,"template":"","format":"standard","meta":{"_acf_changed":false,"om_disable_all_campaigns":false,"rop_custom_images_group":[],"rop_custom_messages_group":[],"rop_publish_now":"initial","rop_publish_now_accounts":{"twitter_242054905_242054905":""},"rop_publish_now_history":[],"rop_publish_now_status":"pending","_uf_show_specific_survey":0,"_uf_disable_surveys":false,"footnotes":""},"categories":[8],"tags":[318],"class_list":["post-2773","post","type-post","status-publish","format-standard","has-post-thumbnail","hentry","category-arte-y-espectaculos","tag-niegan-tres-veces-la-visa-a-actor-que-interpreta-a-fermin-en-roma"],"acf":[],"aioseo_notices":[],"yoast_head":"<!-- This site is optimized with the Yoast SEO Premium plugin v24.9 (Yoast SEO v27.2) - https:\/\/yoast.com\/product\/yoast-seo-premium-wordpress\/ -->\n<title>Niegan tres veces la visa a actor que interpreta a &quot;Ferm\u00edn&quot; en &quot;Roma&quot; - M\u00e9xico<\/title>\n<meta name=\"robots\" content=\"index, follow, max-snippet:-1, max-image-preview:large, max-video-preview:-1\" \/>\n<link rel=\"canonical\" href=\"https:\/\/noti-america.com\/site\/mexico\/2019\/01\/24\/niegan-tres-veces-la-visa-a-actor-que-interpreta-a-fermin-en-roma\/\" \/>\n<meta property=\"og:locale\" content=\"es_ES\" \/>\n<meta property=\"og:type\" content=\"article\" \/>\n<meta property=\"og:title\" content=\"Niegan tres veces la visa a actor que interpreta a &quot;Ferm\u00edn&quot; en &quot;Roma&quot;\" \/>\n<meta property=\"og:description\" content=\"Fuente:\u00a0\u00a0https:\/\/www.informador.mx &nbsp; El cineasta\u00a0Alfonso Cuar\u00f3n\u00a0escribi\u00f3 una carta para que\u00a0Jorge Antonio Guerrero, uno de sus actores en \u00abRoma\u00bb, obtenga la visa estadounidense que le ha sido negada en tres ocasiones durante el \u00faltimo a\u00f1o. \u00abNo&#046;&#046;&#046;\" \/>\n<meta property=\"og:url\" content=\"https:\/\/noti-america.com\/site\/mexico\/2019\/01\/24\/niegan-tres-veces-la-visa-a-actor-que-interpreta-a-fermin-en-roma\/\" \/>\n<meta property=\"og:site_name\" content=\"M\u00e9xico\" \/>\n<meta property=\"article:published_time\" content=\"2019-01-24T16:13:51+00:00\" \/>\n<meta property=\"og:image\" content=\"https:\/\/noti-america.com\/site\/mexico\/wp-content\/uploads\/sites\/13\/2019\/01\/dxnil0-uyaarjgk_crop1548340260198.jpg_1970638775.jpg\" \/>\n\t<meta property=\"og:image:width\" content=\"770\" \/>\n\t<meta property=\"og:image:height\" content=\"485\" \/>\n\t<meta property=\"og:image:type\" content=\"image\/jpeg\" \/>\n<meta name=\"author\" content=\"Redacci\u00f3n NA-NY\" \/>\n<meta name=\"twitter:card\" content=\"summary_large_image\" \/>\n<meta name=\"twitter:label1\" content=\"Escrito por\" \/>\n\t<meta name=\"twitter:data1\" content=\"Redacci\u00f3n NA-NY\" \/>\n\t<meta name=\"twitter:label2\" content=\"Tiempo estimado de lectura\" \/>\n\t<meta name=\"twitter:data2\" content=\"2 minutos\" \/>\n<script type=\"application\/ld+json\" class=\"yoast-schema-graph\">{\"@context\":\"https:\/\/schema.org\",\"@graph\":[{\"@type\":\"Article\",\"@id\":\"https:\/\/noti-america.com\/site\/mexico\/2019\/01\/24\/niegan-tres-veces-la-visa-a-actor-que-interpreta-a-fermin-en-roma\/#article\",\"isPartOf\":{\"@id\":\"https:\/\/noti-america.com\/site\/mexico\/2019\/01\/24\/niegan-tres-veces-la-visa-a-actor-que-interpreta-a-fermin-en-roma\/\"},\"author\":{\"name\":\"Redacci\u00f3n NA-NY\",\"@id\":\"https:\/\/noti-america.com\/site\/mexico\/#\/schema\/person\/db5a6527aaddfc34b3753d557a1292f0\"},\"headline\":\"Niegan tres veces la visa a actor que interpreta a \u00abFerm\u00edn\u00bb en \u00abRoma\u00bb\",\"datePublished\":\"2019-01-24T16:13:51+00:00\",\"mainEntityOfPage\":{\"@id\":\"https:\/\/noti-america.com\/site\/mexico\/2019\/01\/24\/niegan-tres-veces-la-visa-a-actor-que-interpreta-a-fermin-en-roma\/\"},\"wordCount\":462,\"commentCount\":0,\"publisher\":{\"@id\":\"https:\/\/noti-america.com\/site\/mexico\/#organization\"},\"image\":{\"@id\":\"https:\/\/noti-america.com\/site\/mexico\/2019\/01\/24\/niegan-tres-veces-la-visa-a-actor-que-interpreta-a-fermin-en-roma\/#primaryimage\"},\"thumbnailUrl\":\"https:\/\/noti-america.com\/site\/mexico\/wp-content\/uploads\/sites\/13\/2019\/01\/dxnil0-uyaarjgk_crop1548340260198.jpg_1970638775.jpg\",\"keywords\":[\"Niegan tres veces la visa a actor que interpreta a \\\"Ferm\u00edn\\\" en \\\"Roma\\\"\"],\"articleSection\":[\"Arte y Espect\u00e1culos\"],\"inLanguage\":\"es\",\"potentialAction\":[{\"@type\":\"CommentAction\",\"name\":\"Comment\",\"target\":[\"https:\/\/noti-america.com\/site\/mexico\/2019\/01\/24\/niegan-tres-veces-la-visa-a-actor-que-interpreta-a-fermin-en-roma\/#respond\"]}]},{\"@type\":\"WebPage\",\"@id\":\"https:\/\/noti-america.com\/site\/mexico\/2019\/01\/24\/niegan-tres-veces-la-visa-a-actor-que-interpreta-a-fermin-en-roma\/\",\"url\":\"https:\/\/noti-america.com\/site\/mexico\/2019\/01\/24\/niegan-tres-veces-la-visa-a-actor-que-interpreta-a-fermin-en-roma\/\",\"name\":\"Niegan tres veces la visa a actor que interpreta a \\\"Ferm\u00edn\\\" en \\\"Roma\\\" - M\u00e9xico\",\"isPartOf\":{\"@id\":\"https:\/\/noti-america.com\/site\/mexico\/#website\"},\"primaryImageOfPage\":{\"@id\":\"https:\/\/noti-america.com\/site\/mexico\/2019\/01\/24\/niegan-tres-veces-la-visa-a-actor-que-interpreta-a-fermin-en-roma\/#primaryimage\"},\"image\":{\"@id\":\"https:\/\/noti-america.com\/site\/mexico\/2019\/01\/24\/niegan-tres-veces-la-visa-a-actor-que-interpreta-a-fermin-en-roma\/#primaryimage\"},\"thumbnailUrl\":\"https:\/\/noti-america.com\/site\/mexico\/wp-content\/uploads\/sites\/13\/2019\/01\/dxnil0-uyaarjgk_crop1548340260198.jpg_1970638775.jpg\",\"datePublished\":\"2019-01-24T16:13:51+00:00\",\"breadcrumb\":{\"@id\":\"https:\/\/noti-america.com\/site\/mexico\/2019\/01\/24\/niegan-tres-veces-la-visa-a-actor-que-interpreta-a-fermin-en-roma\/#breadcrumb\"},\"inLanguage\":\"es\",\"potentialAction\":[{\"@type\":\"ReadAction\",\"target\":[\"https:\/\/noti-america.com\/site\/mexico\/2019\/01\/24\/niegan-tres-veces-la-visa-a-actor-que-interpreta-a-fermin-en-roma\/\"]}]},{\"@type\":\"ImageObject\",\"inLanguage\":\"es\",\"@id\":\"https:\/\/noti-america.com\/site\/mexico\/2019\/01\/24\/niegan-tres-veces-la-visa-a-actor-que-interpreta-a-fermin-en-roma\/#primaryimage\",\"url\":\"https:\/\/noti-america.com\/site\/mexico\/wp-content\/uploads\/sites\/13\/2019\/01\/dxnil0-uyaarjgk_crop1548340260198.jpg_1970638775.jpg\",\"contentUrl\":\"https:\/\/noti-america.com\/site\/mexico\/wp-content\/uploads\/sites\/13\/2019\/01\/dxnil0-uyaarjgk_crop1548340260198.jpg_1970638775.jpg\",\"width\":770,\"height\":485},{\"@type\":\"BreadcrumbList\",\"@id\":\"https:\/\/noti-america.com\/site\/mexico\/2019\/01\/24\/niegan-tres-veces-la-visa-a-actor-que-interpreta-a-fermin-en-roma\/#breadcrumb\",\"itemListElement\":[{\"@type\":\"ListItem\",\"position\":1,\"name\":\"Portada\",\"item\":\"https:\/\/noti-america.com\/site\/mexico\/\"},{\"@type\":\"ListItem\",\"position\":2,\"name\":\"Niegan tres veces la visa a actor que interpreta a \u00abFerm\u00edn\u00bb en \u00abRoma\u00bb\"}]},{\"@type\":\"WebSite\",\"@id\":\"https:\/\/noti-america.com\/site\/mexico\/#website\",\"url\":\"https:\/\/noti-america.com\/site\/mexico\/\",\"name\":\"M\u00e9xico | Noti-America.com\",\"description\":\"\",\"publisher\":{\"@id\":\"https:\/\/noti-america.com\/site\/mexico\/#organization\"},\"potentialAction\":[{\"@type\":\"SearchAction\",\"target\":{\"@type\":\"EntryPoint\",\"urlTemplate\":\"https:\/\/noti-america.com\/site\/mexico\/?s={search_term_string}\"},\"query-input\":{\"@type\":\"PropertyValueSpecification\",\"valueRequired\":true,\"valueName\":\"search_term_string\"}}],\"inLanguage\":\"es\"},{\"@type\":\"Organization\",\"@id\":\"https:\/\/noti-america.com\/site\/mexico\/#organization\",\"name\":\"Noti-America LLC | M\u00e9xico\",\"url\":\"https:\/\/noti-america.com\/site\/mexico\/\",\"logo\":{\"@type\":\"ImageObject\",\"inLanguage\":\"es\",\"@id\":\"https:\/\/noti-america.com\/site\/mexico\/#\/schema\/logo\/image\/\",\"url\":\"https:\/\/noti-america.com\/site\/mexico\/wp-content\/uploads\/sites\/13\/2020\/07\/LogoNA-4x3-1.jpg\",\"contentUrl\":\"https:\/\/noti-america.com\/site\/mexico\/wp-content\/uploads\/sites\/13\/2020\/07\/LogoNA-4x3-1.jpg\",\"width\":1236,\"height\":1080,\"caption\":\"Noti-America LLC | M\u00e9xico\"},\"image\":{\"@id\":\"https:\/\/noti-america.com\/site\/mexico\/#\/schema\/logo\/image\/\"}},{\"@type\":\"Person\",\"@id\":\"https:\/\/noti-america.com\/site\/mexico\/#\/schema\/person\/db5a6527aaddfc34b3753d557a1292f0\",\"name\":\"Redacci\u00f3n NA-NY\",\"image\":{\"@type\":\"ImageObject\",\"inLanguage\":\"es\",\"@id\":\"https:\/\/secure.gravatar.com\/avatar\/2bd75bb500a8deb1390f777293a9af32d934c46613d2fbac7cceb2aaa2679ae8?s=96&d=mm&r=g\",\"url\":\"https:\/\/secure.gravatar.com\/avatar\/2bd75bb500a8deb1390f777293a9af32d934c46613d2fbac7cceb2aaa2679ae8?s=96&d=mm&r=g\",\"contentUrl\":\"https:\/\/secure.gravatar.com\/avatar\/2bd75bb500a8deb1390f777293a9af32d934c46613d2fbac7cceb2aaa2679ae8?s=96&d=mm&r=g\",\"caption\":\"Redacci\u00f3n NA-NY\"},\"url\":\"https:\/\/noti-america.com\/site\/mexico\/author\/redaccionny\/\"}]}<\/script>\n<!-- \/ Yoast SEO Premium plugin. -->","yoast_head_json":{"title":"Niegan tres veces la visa a actor que interpreta a \"Ferm\u00edn\" en \"Roma\" - M\u00e9xico","robots":{"index":"index","follow":"follow","max-snippet":"max-snippet:-1","max-image-preview":"max-image-preview:large","max-video-preview":"max-video-preview:-1"},"canonical":"https:\/\/noti-america.com\/site\/mexico\/2019\/01\/24\/niegan-tres-veces-la-visa-a-actor-que-interpreta-a-fermin-en-roma\/","og_locale":"es_ES","og_type":"article","og_title":"Niegan tres veces la visa a actor que interpreta a \"Ferm\u00edn\" en \"Roma\"","og_description":"Fuente:\u00a0\u00a0https:\/\/www.informador.mx &nbsp; El cineasta\u00a0Alfonso Cuar\u00f3n\u00a0escribi\u00f3 una carta para que\u00a0Jorge Antonio Guerrero, uno de sus actores en \u00abRoma\u00bb, obtenga la visa estadounidense que le ha sido negada en tres ocasiones durante el \u00faltimo a\u00f1o. \u00abNo&#46;&#46;&#46;","og_url":"https:\/\/noti-america.com\/site\/mexico\/2019\/01\/24\/niegan-tres-veces-la-visa-a-actor-que-interpreta-a-fermin-en-roma\/","og_site_name":"M\u00e9xico","article_published_time":"2019-01-24T16:13:51+00:00","og_image":[{"width":770,"height":485,"url":"https:\/\/noti-america.com\/site\/mexico\/wp-content\/uploads\/sites\/13\/2019\/01\/dxnil0-uyaarjgk_crop1548340260198.jpg_1970638775.jpg","type":"image\/jpeg"}],"author":"Redacci\u00f3n NA-NY","twitter_card":"summary_large_image","twitter_misc":{"Escrito por":"Redacci\u00f3n NA-NY","Tiempo estimado de lectura":"2 minutos"},"schema":{"@context":"https:\/\/schema.org","@graph":[{"@type":"Article","@id":"https:\/\/noti-america.com\/site\/mexico\/2019\/01\/24\/niegan-tres-veces-la-visa-a-actor-que-interpreta-a-fermin-en-roma\/#article","isPartOf":{"@id":"https:\/\/noti-america.com\/site\/mexico\/2019\/01\/24\/niegan-tres-veces-la-visa-a-actor-que-interpreta-a-fermin-en-roma\/"},"author":{"name":"Redacci\u00f3n NA-NY","@id":"https:\/\/noti-america.com\/site\/mexico\/#\/schema\/person\/db5a6527aaddfc34b3753d557a1292f0"},"headline":"Niegan tres veces la visa a actor que interpreta a \u00abFerm\u00edn\u00bb en \u00abRoma\u00bb","datePublished":"2019-01-24T16:13:51+00:00","mainEntityOfPage":{"@id":"https:\/\/noti-america.com\/site\/mexico\/2019\/01\/24\/niegan-tres-veces-la-visa-a-actor-que-interpreta-a-fermin-en-roma\/"},"wordCount":462,"commentCount":0,"publisher":{"@id":"https:\/\/noti-america.com\/site\/mexico\/#organization"},"image":{"@id":"https:\/\/noti-america.com\/site\/mexico\/2019\/01\/24\/niegan-tres-veces-la-visa-a-actor-que-interpreta-a-fermin-en-roma\/#primaryimage"},"thumbnailUrl":"https:\/\/noti-america.com\/site\/mexico\/wp-content\/uploads\/sites\/13\/2019\/01\/dxnil0-uyaarjgk_crop1548340260198.jpg_1970638775.jpg","keywords":["Niegan tres veces la visa a actor que interpreta a \"Ferm\u00edn\" en \"Roma\""],"articleSection":["Arte y Espect\u00e1culos"],"inLanguage":"es","potentialAction":[{"@type":"CommentAction","name":"Comment","target":["https:\/\/noti-america.com\/site\/mexico\/2019\/01\/24\/niegan-tres-veces-la-visa-a-actor-que-interpreta-a-fermin-en-roma\/#respond"]}]},{"@type":"WebPage","@id":"https:\/\/noti-america.com\/site\/mexico\/2019\/01\/24\/niegan-tres-veces-la-visa-a-actor-que-interpreta-a-fermin-en-roma\/","url":"https:\/\/noti-america.com\/site\/mexico\/2019\/01\/24\/niegan-tres-veces-la-visa-a-actor-que-interpreta-a-fermin-en-roma\/","name":"Niegan tres veces la visa a actor que interpreta a \"Ferm\u00edn\" en \"Roma\" - M\u00e9xico","isPartOf":{"@id":"https:\/\/noti-america.com\/site\/mexico\/#website"},"primaryImageOfPage":{"@id":"https:\/\/noti-america.com\/site\/mexico\/2019\/01\/24\/niegan-tres-veces-la-visa-a-actor-que-interpreta-a-fermin-en-roma\/#primaryimage"},"image":{"@id":"https:\/\/noti-america.com\/site\/mexico\/2019\/01\/24\/niegan-tres-veces-la-visa-a-actor-que-interpreta-a-fermin-en-roma\/#primaryimage"},"thumbnailUrl":"https:\/\/noti-america.com\/site\/mexico\/wp-content\/uploads\/sites\/13\/2019\/01\/dxnil0-uyaarjgk_crop1548340260198.jpg_1970638775.jpg","datePublished":"2019-01-24T16:13:51+00:00","breadcrumb":{"@id":"https:\/\/noti-america.com\/site\/mexico\/2019\/01\/24\/niegan-tres-veces-la-visa-a-actor-que-interpreta-a-fermin-en-roma\/#breadcrumb"},"inLanguage":"es","potentialAction":[{"@type":"ReadAction","target":["https:\/\/noti-america.com\/site\/mexico\/2019\/01\/24\/niegan-tres-veces-la-visa-a-actor-que-interpreta-a-fermin-en-roma\/"]}]},{"@type":"ImageObject","inLanguage":"es","@id":"https:\/\/noti-america.com\/site\/mexico\/2019\/01\/24\/niegan-tres-veces-la-visa-a-actor-que-interpreta-a-fermin-en-roma\/#primaryimage","url":"https:\/\/noti-america.com\/site\/mexico\/wp-content\/uploads\/sites\/13\/2019\/01\/dxnil0-uyaarjgk_crop1548340260198.jpg_1970638775.jpg","contentUrl":"https:\/\/noti-america.com\/site\/mexico\/wp-content\/uploads\/sites\/13\/2019\/01\/dxnil0-uyaarjgk_crop1548340260198.jpg_1970638775.jpg","width":770,"height":485},{"@type":"BreadcrumbList","@id":"https:\/\/noti-america.com\/site\/mexico\/2019\/01\/24\/niegan-tres-veces-la-visa-a-actor-que-interpreta-a-fermin-en-roma\/#breadcrumb","itemListElement":[{"@type":"ListItem","position":1,"name":"Portada","item":"https:\/\/noti-america.com\/site\/mexico\/"},{"@type":"ListItem","position":2,"name":"Niegan tres veces la visa a actor que interpreta a \u00abFerm\u00edn\u00bb en \u00abRoma\u00bb"}]},{"@type":"WebSite","@id":"https:\/\/noti-america.com\/site\/mexico\/#website","url":"https:\/\/noti-america.com\/site\/mexico\/","name":"M\u00e9xico | Noti-America.com","description":"","publisher":{"@id":"https:\/\/noti-america.com\/site\/mexico\/#organization"},"potentialAction":[{"@type":"SearchAction","target":{"@type":"EntryPoint","urlTemplate":"https:\/\/noti-america.com\/site\/mexico\/?s={search_term_string}"},"query-input":{"@type":"PropertyValueSpecification","valueRequired":true,"valueName":"search_term_string"}}],"inLanguage":"es"},{"@type":"Organization","@id":"https:\/\/noti-america.com\/site\/mexico\/#organization","name":"Noti-America LLC | M\u00e9xico","url":"https:\/\/noti-america.com\/site\/mexico\/","logo":{"@type":"ImageObject","inLanguage":"es","@id":"https:\/\/noti-america.com\/site\/mexico\/#\/schema\/logo\/image\/","url":"https:\/\/noti-america.com\/site\/mexico\/wp-content\/uploads\/sites\/13\/2020\/07\/LogoNA-4x3-1.jpg","contentUrl":"https:\/\/noti-america.com\/site\/mexico\/wp-content\/uploads\/sites\/13\/2020\/07\/LogoNA-4x3-1.jpg","width":1236,"height":1080,"caption":"Noti-America LLC | M\u00e9xico"},"image":{"@id":"https:\/\/noti-america.com\/site\/mexico\/#\/schema\/logo\/image\/"}},{"@type":"Person","@id":"https:\/\/noti-america.com\/site\/mexico\/#\/schema\/person\/db5a6527aaddfc34b3753d557a1292f0","name":"Redacci\u00f3n NA-NY","image":{"@type":"ImageObject","inLanguage":"es","@id":"https:\/\/secure.gravatar.com\/avatar\/2bd75bb500a8deb1390f777293a9af32d934c46613d2fbac7cceb2aaa2679ae8?s=96&d=mm&r=g","url":"https:\/\/secure.gravatar.com\/avatar\/2bd75bb500a8deb1390f777293a9af32d934c46613d2fbac7cceb2aaa2679ae8?s=96&d=mm&r=g","contentUrl":"https:\/\/secure.gravatar.com\/avatar\/2bd75bb500a8deb1390f777293a9af32d934c46613d2fbac7cceb2aaa2679ae8?s=96&d=mm&r=g","caption":"Redacci\u00f3n NA-NY"},"url":"https:\/\/noti-america.com\/site\/mexico\/author\/redaccionny\/"}]}},"_links":{"self":[{"href":"https:\/\/noti-america.com\/site\/mexico\/wp-json\/wp\/v2\/posts\/2773","targetHints":{"allow":["GET"]}}],"collection":[{"href":"https:\/\/noti-america.com\/site\/mexico\/wp-json\/wp\/v2\/posts"}],"about":[{"href":"https:\/\/noti-america.com\/site\/mexico\/wp-json\/wp\/v2\/types\/post"}],"author":[{"embeddable":true,"href":"https:\/\/noti-america.com\/site\/mexico\/wp-json\/wp\/v2\/users\/28"}],"replies":[{"embeddable":true,"href":"https:\/\/noti-america.com\/site\/mexico\/wp-json\/wp\/v2\/comments?post=2773"}],"version-history":[{"count":1,"href":"https:\/\/noti-america.com\/site\/mexico\/wp-json\/wp\/v2\/posts\/2773\/revisions"}],"predecessor-version":[{"id":2775,"href":"https:\/\/noti-america.com\/site\/mexico\/wp-json\/wp\/v2\/posts\/2773\/revisions\/2775"}],"wp:featuredmedia":[{"embeddable":true,"href":"https:\/\/noti-america.com\/site\/mexico\/wp-json\/wp\/v2\/media\/2774"}],"wp:attachment":[{"href":"https:\/\/noti-america.com\/site\/mexico\/wp-json\/wp\/v2\/media?parent=2773"}],"wp:term":[{"taxonomy":"category","embeddable":true,"href":"https:\/\/noti-america.com\/site\/mexico\/wp-json\/wp\/v2\/categories?post=2773"},{"taxonomy":"post_tag","embeddable":true,"href":"https:\/\/noti-america.com\/site\/mexico\/wp-json\/wp\/v2\/tags?post=2773"}],"curies":[{"name":"wp","href":"https:\/\/api.w.org\/{rel}","templated":true}]}}