{"id":2761,"date":"2019-01-24T16:00:51","date_gmt":"2019-01-24T16:00:51","guid":{"rendered":"http:\/\/noti-america.com\/site\/mexico\/?p=2761"},"modified":"2019-01-24T16:00:51","modified_gmt":"2019-01-24T16:00:51","slug":"cientos-de-venezolanos-en-mexico-piden-a-lopez-obrador-que-reconozca-a-guaido-como-presidente","status":"publish","type":"post","link":"https:\/\/noti-america.com\/site\/mexico\/2019\/01\/24\/cientos-de-venezolanos-en-mexico-piden-a-lopez-obrador-que-reconozca-a-guaido-como-presidente\/","title":{"rendered":"Cientos de venezolanos en M\u00e9xico piden a L\u00f3pez Obrador que reconozca a Guaid\u00f3 como presidente"},"content":{"rendered":"<h3><img loading=\"lazy\" decoding=\"async\" class=\" wp-image-2762 aligncenter\" src=\"http:\/\/noti-america.com\/site\/mexico\/wp-content\/uploads\/sites\/13\/2019\/01\/1548301802_382930_1548302072_noticia_normal_recorte1-300x200.jpg\" alt=\"\" width=\"539\" height=\"359\" srcset=\"https:\/\/noti-america.com\/site\/mexico\/wp-content\/uploads\/sites\/13\/2019\/01\/1548301802_382930_1548302072_noticia_normal_recorte1-300x200.jpg 300w, https:\/\/noti-america.com\/site\/mexico\/wp-content\/uploads\/sites\/13\/2019\/01\/1548301802_382930_1548302072_noticia_normal_recorte1-768x513.jpg 768w, https:\/\/noti-america.com\/site\/mexico\/wp-content\/uploads\/sites\/13\/2019\/01\/1548301802_382930_1548302072_noticia_normal_recorte1-1024x684.jpg 1024w, https:\/\/noti-america.com\/site\/mexico\/wp-content\/uploads\/sites\/13\/2019\/01\/1548301802_382930_1548302072_noticia_normal_recorte1-272x182.jpg 272w, https:\/\/noti-america.com\/site\/mexico\/wp-content\/uploads\/sites\/13\/2019\/01\/1548301802_382930_1548302072_noticia_normal_recorte1.jpg 1960w\" sizes=\"auto, (max-width: 539px) 100vw, 539px\" \/><\/h3>\n<h3><\/h3>\n<h3>Fuente:\u00a0\u00a0https:\/\/elpais.com\/<\/h3>\n<p>&nbsp;<\/p>\n<p>\u201cY cay\u00f3, cay\u00f3. Este Gobierno ya cay\u00f3\u201d. Ese fue el grito de cientos de venezolanos que se manifestaron este mi\u00e9rcoles frente a la Embajada en Ciudad de M\u00e9xico\u00a0en apoyo a las protestas realizadas en Venezuela contra Nicol\u00e1s Maduro. Los colores de la bandera nacional \u2014amarillo, azul y rojo\u2014 tomaron la calle para celebrar la autoproclamaci\u00f3n del opositor Juan Guaid\u00f3, hasta el martes pasado l\u00edder de la Asamblea Nacional, como \u201cpresidente encargado\u201d. Pero no todo fue una fiesta. Tambi\u00e9n se hicieron presentes los reproches hacia al jefe de Estado mexicano, Andr\u00e9s Manuel L\u00f3pez Obrador, por no dejar de reconocer a Maduro como mandatario leg\u00edtimo. \u201cAMLO [el acr\u00f3nimo por el que se conoce al l\u00edder de Morena, izquierda] escucha, \u00fanete a la lucha\u201d, coreaban los manifestantes. Adem\u00e1s de en la capital mexicana, las protestas se han replicado en otras ciudades latinoamericanas como Buenos Aires, Lima, Montevideo y Bogot\u00e1. Tambi\u00e9n en Miami, junto a Los \u00c1ngeles la ciudad m\u00e1s latina de EE UU.<\/p>\n<section id=\"sumario_1|apoyos\" class=\"sumario_apoyos derecha\">\n<div class=\"sumario__interior\">\n<div class=\"sumario-texto\">\n<div class=\"apoyos\">\n<p>&nbsp;<\/p>\n<\/div>\n<\/div>\n<\/div>\n<\/section>\n<p>\u201cHoy es un d\u00eda de gloria, de fiesta, pero no significa que todo se solucion\u00f3, no significa que ma\u00f1ana Maduro no vaya a estar. Es solamente el primer paso\u201d, se\u00f1ala Edith Zurita, una mujer que lleva un a\u00f1o y medio viviendo en M\u00e9xico y que se ha acercado hasta la Embajada en Ciudad de M\u00e9xico junto a dos amigas. Como ella, muchos de los que se congregaron compart\u00edan el mismo mensaje: \u201cGuaid\u00f3 tiene que llamar a elecciones libres ya\u201d.<\/p>\n<p>Elizabeth Reyes fue\u00a0una de las exiliadas en M\u00e9xico\u00a0que se present\u00f3 frente a la sede diplom\u00e1tica. Con el rostro pintado con los colores de la bandera venezolana y junto a su peque\u00f1a hija, la mujer acompa\u00f1aba las consignas que los manifestantes coreaban en repudio al presidente Nicol\u00e1s Maduro. Reyes, que lleva 16 a\u00f1os viviendo en M\u00e9xico, espera que lo ocurrido este mi\u00e9rcoles sea \u201cel principio del fin\u201d del chavismo. \u201cSer\u00eda demasiado absurdo quedarse en el Gobierno despu\u00e9s de esta demostraci\u00f3n popular\u201d. La mujer, ataviada con la bandera venezolana, dice estar \u201cagradecida\u201d por el apoyo internacional hacia Guaid\u00f3, pero lamenta la postura del Gobierno de L\u00f3pez Obrador. \u201cMe entristece esa posici\u00f3n porque adoro a M\u00e9xico\u201d, asegura.<\/p>\n<p>A unos metros estaba Ana Hern\u00e1ndez. Sosten\u00eda una bandera venezolana al tiempo que expresaba su desilusi\u00f3n porque M\u00e9xico, el pa\u00eds que le ha abierto sus puertas de par en par, mantiene su reconocimiento a Maduro. \u201cNo era de esperar que el Gobierno mexicano tuviera una posici\u00f3n diferente en este momento hacia Venezuela. No pens\u00e9 que mostraran su apoyo al Gobierno de transici\u00f3n de Guaid\u00f3 y no me extra\u00f1\u00f3 que esa fuera la actitud de L\u00f3pez Obrador. Sigue dando como argumento la no intervenci\u00f3n en los asuntos de otros Gobiernos\u201d, subraya. \u201cFalta poco para que se termine la pesadilla que lleva a\u00f1os asolando a mi pa\u00eds\u201d, agrega esbozando una sonrisa.<\/p>\n<p>El lugar de la concentraci\u00f3n no fue elegido al azar. \u201cSon los representantes de Maduro aqu\u00ed, queremos que se vayan\u201d, se escuchaba entre el gent\u00edo. Dejaron su pa\u00eds por la inseguridad y la dif\u00edcil situaci\u00f3n econ\u00f3mica. Es el caso de Jos\u00e9 Carlos Abreu, que se march\u00f3 al pa\u00eds norteamericano hace ocho a\u00f1os huyendo de \u201cla pobreza y la violencia\u201d. All\u00e1 trabajaba en negocios familiares y en M\u00e9xico ha tenido que rehacer su vida. Ahora espera que lo acontecido este mi\u00e9rcoles\u00a0marque por fin un cambio tras dos d\u00e9cadas de autoritarismo: \u201cEs lo mejor que le ha pasado a Venezuela\u201d.<\/p>\n<p>En la misma l\u00ednea, la escritora y periodista Cristina Marcano, coautora de la biograf\u00eda del expresidente Hugo Ch\u00e1vez \u00ad\u2013<em>Hugo Ch\u00e1vez sin uniforme<\/em>\u00a0(Debate)\u2013, cree que la jornada del mi\u00e9rcoles marca una \u201creactivaci\u00f3n\u201d de los venezolanos tras a\u00f1o y medio sin protestas masivas en el pa\u00eds. \u201cEl ADN de los venezolanos tiene el ansia de la libertad y el reconocimiento de la democracia, y hace que se reactiven estos mecanismos de defensa\u201d, comenta. Sin embargo, agrega, \u201cmientras las fuerzas armadas sigan apoyando a Maduro, el margen de acci\u00f3n de Guaid\u00f3 ser\u00e1 muy estrecho. El Tribunal Supremo de Justicia y la Fiscal\u00eda son organismos que hasta ahora han venido apoyando y acompa\u00f1ando a Maduro, por lo que pudieran venir decisiones judiciales contra Guaid\u00f3, una orden de captura en su contra, que tenga que esconderse&#8230; La pregunta es c\u00f3mo instrumentalizar su poder como presidente encargado; es un tema muy dif\u00edcil de realizar mientras las fuerzas armadas sigan apoyando a Maduro\u201d, desgrana.<\/p>\n<p dir=\"ltr\">Junto a Marcano, el escritor Alberto Barrera, tambi\u00e9n coautor de la biograf\u00eda de Ch\u00e1vez, particip\u00f3 de la concentraci\u00f3n. Subraya la singularidad de la coyuntura pol\u00edtica en la que queda sumido su pa\u00eds: \u201cHay una situaci\u00f3n muy rara. Parece que dependiera de la comunidad internacional definir los escenarios\u201d. El camino que le queda a Venezuela por delante, profundiza Barrera, ser\u00e1 largo y tendr\u00e1 grandes desaf\u00edos. \u201cEl problema es c\u00f3mo se logra lo que tanto ha querido impedir Maduro en los \u00faltimos a\u00f1os: elecciones equilibradas y transparentes\u201d.<\/p>\n","protected":false},"excerpt":{"rendered":"<p>Fuente:\u00a0\u00a0https:\/\/elpais.com\/ &nbsp; \u201cY cay\u00f3, cay\u00f3. Este Gobierno ya cay\u00f3\u201d. Ese fue el grito de cientos de venezolanos que se manifestaron este mi\u00e9rcoles frente a la Embajada en Ciudad de M\u00e9xico\u00a0en apoyo a las protestas&#46;&#46;&#46;<\/p>\n","protected":false},"author":28,"featured_media":2762,"comment_status":"open","ping_status":"open","sticky":false,"template":"","format":"standard","meta":{"_acf_changed":false,"om_disable_all_campaigns":false,"rop_custom_images_group":[],"rop_custom_messages_group":[],"rop_publish_now":"initial","rop_publish_now_accounts":{"twitter_242054905_242054905":""},"rop_publish_now_history":[],"rop_publish_now_status":"pending","_uf_show_specific_survey":0,"_uf_disable_surveys":false,"footnotes":""},"categories":[1],"tags":[315],"class_list":["post-2761","post","type-post","status-publish","format-standard","has-post-thumbnail","hentry","category-uncategorized","tag-cientos-de-venezolanos-en-mexico-piden-a-lopez-obrador-que-reconozca-a-guaido-como-presidente"],"acf":[],"aioseo_notices":[],"yoast_head":"<!-- This site is optimized with the Yoast SEO Premium plugin v24.9 (Yoast SEO v27.2) - https:\/\/yoast.com\/product\/yoast-seo-premium-wordpress\/ -->\n<title>Cientos de venezolanos en M\u00e9xico piden a L\u00f3pez Obrador que reconozca a Guaid\u00f3 como presidente - M\u00e9xico<\/title>\n<meta name=\"robots\" content=\"index, follow, max-snippet:-1, max-image-preview:large, max-video-preview:-1\" \/>\n<link rel=\"canonical\" href=\"https:\/\/noti-america.com\/site\/mexico\/2019\/01\/24\/cientos-de-venezolanos-en-mexico-piden-a-lopez-obrador-que-reconozca-a-guaido-como-presidente\/\" \/>\n<meta property=\"og:locale\" content=\"es_ES\" \/>\n<meta property=\"og:type\" content=\"article\" \/>\n<meta property=\"og:title\" content=\"Cientos de venezolanos en M\u00e9xico piden a L\u00f3pez Obrador que reconozca a Guaid\u00f3 como presidente\" \/>\n<meta property=\"og:description\" content=\"Fuente:\u00a0\u00a0https:\/\/elpais.com\/ &nbsp; \u201cY cay\u00f3, cay\u00f3. Este Gobierno ya cay\u00f3\u201d. Ese fue el grito de cientos de venezolanos que se manifestaron este mi\u00e9rcoles frente a la Embajada en Ciudad de M\u00e9xico\u00a0en apoyo a las protestas&#046;&#046;&#046;\" \/>\n<meta property=\"og:url\" content=\"https:\/\/noti-america.com\/site\/mexico\/2019\/01\/24\/cientos-de-venezolanos-en-mexico-piden-a-lopez-obrador-que-reconozca-a-guaido-como-presidente\/\" \/>\n<meta property=\"og:site_name\" content=\"M\u00e9xico\" \/>\n<meta property=\"article:published_time\" content=\"2019-01-24T16:00:51+00:00\" \/>\n<meta property=\"og:image\" content=\"https:\/\/noti-america.com\/site\/mexico\/wp-content\/uploads\/sites\/13\/2019\/01\/1548301802_382930_1548302072_noticia_normal_recorte1.jpg\" \/>\n\t<meta property=\"og:image:width\" content=\"1960\" \/>\n\t<meta property=\"og:image:height\" content=\"1309\" \/>\n\t<meta property=\"og:image:type\" content=\"image\/jpeg\" \/>\n<meta name=\"author\" content=\"Redacci\u00f3n NA-NY\" \/>\n<meta name=\"twitter:card\" content=\"summary_large_image\" \/>\n<meta name=\"twitter:label1\" content=\"Escrito por\" \/>\n\t<meta name=\"twitter:data1\" content=\"Redacci\u00f3n NA-NY\" \/>\n\t<meta name=\"twitter:label2\" content=\"Tiempo estimado de lectura\" \/>\n\t<meta name=\"twitter:data2\" content=\"4 minutos\" \/>\n<script type=\"application\/ld+json\" class=\"yoast-schema-graph\">{\"@context\":\"https:\/\/schema.org\",\"@graph\":[{\"@type\":\"Article\",\"@id\":\"https:\/\/noti-america.com\/site\/mexico\/2019\/01\/24\/cientos-de-venezolanos-en-mexico-piden-a-lopez-obrador-que-reconozca-a-guaido-como-presidente\/#article\",\"isPartOf\":{\"@id\":\"https:\/\/noti-america.com\/site\/mexico\/2019\/01\/24\/cientos-de-venezolanos-en-mexico-piden-a-lopez-obrador-que-reconozca-a-guaido-como-presidente\/\"},\"author\":{\"name\":\"Redacci\u00f3n NA-NY\",\"@id\":\"https:\/\/noti-america.com\/site\/mexico\/#\/schema\/person\/db5a6527aaddfc34b3753d557a1292f0\"},\"headline\":\"Cientos de venezolanos en M\u00e9xico piden a L\u00f3pez Obrador que reconozca a Guaid\u00f3 como presidente\",\"datePublished\":\"2019-01-24T16:00:51+00:00\",\"mainEntityOfPage\":{\"@id\":\"https:\/\/noti-america.com\/site\/mexico\/2019\/01\/24\/cientos-de-venezolanos-en-mexico-piden-a-lopez-obrador-que-reconozca-a-guaido-como-presidente\/\"},\"wordCount\":909,\"commentCount\":0,\"publisher\":{\"@id\":\"https:\/\/noti-america.com\/site\/mexico\/#organization\"},\"image\":{\"@id\":\"https:\/\/noti-america.com\/site\/mexico\/2019\/01\/24\/cientos-de-venezolanos-en-mexico-piden-a-lopez-obrador-que-reconozca-a-guaido-como-presidente\/#primaryimage\"},\"thumbnailUrl\":\"https:\/\/noti-america.com\/site\/mexico\/wp-content\/uploads\/sites\/13\/2019\/01\/1548301802_382930_1548302072_noticia_normal_recorte1.jpg\",\"keywords\":[\"Cientos de venezolanos en M\u00e9xico piden a L\u00f3pez Obrador que reconozca a Guaid\u00f3 como presidente\"],\"articleSection\":[\"Uncategorized\"],\"inLanguage\":\"es\",\"potentialAction\":[{\"@type\":\"CommentAction\",\"name\":\"Comment\",\"target\":[\"https:\/\/noti-america.com\/site\/mexico\/2019\/01\/24\/cientos-de-venezolanos-en-mexico-piden-a-lopez-obrador-que-reconozca-a-guaido-como-presidente\/#respond\"]}]},{\"@type\":\"WebPage\",\"@id\":\"https:\/\/noti-america.com\/site\/mexico\/2019\/01\/24\/cientos-de-venezolanos-en-mexico-piden-a-lopez-obrador-que-reconozca-a-guaido-como-presidente\/\",\"url\":\"https:\/\/noti-america.com\/site\/mexico\/2019\/01\/24\/cientos-de-venezolanos-en-mexico-piden-a-lopez-obrador-que-reconozca-a-guaido-como-presidente\/\",\"name\":\"Cientos de venezolanos en M\u00e9xico piden a L\u00f3pez Obrador que reconozca a Guaid\u00f3 como presidente - M\u00e9xico\",\"isPartOf\":{\"@id\":\"https:\/\/noti-america.com\/site\/mexico\/#website\"},\"primaryImageOfPage\":{\"@id\":\"https:\/\/noti-america.com\/site\/mexico\/2019\/01\/24\/cientos-de-venezolanos-en-mexico-piden-a-lopez-obrador-que-reconozca-a-guaido-como-presidente\/#primaryimage\"},\"image\":{\"@id\":\"https:\/\/noti-america.com\/site\/mexico\/2019\/01\/24\/cientos-de-venezolanos-en-mexico-piden-a-lopez-obrador-que-reconozca-a-guaido-como-presidente\/#primaryimage\"},\"thumbnailUrl\":\"https:\/\/noti-america.com\/site\/mexico\/wp-content\/uploads\/sites\/13\/2019\/01\/1548301802_382930_1548302072_noticia_normal_recorte1.jpg\",\"datePublished\":\"2019-01-24T16:00:51+00:00\",\"breadcrumb\":{\"@id\":\"https:\/\/noti-america.com\/site\/mexico\/2019\/01\/24\/cientos-de-venezolanos-en-mexico-piden-a-lopez-obrador-que-reconozca-a-guaido-como-presidente\/#breadcrumb\"},\"inLanguage\":\"es\",\"potentialAction\":[{\"@type\":\"ReadAction\",\"target\":[\"https:\/\/noti-america.com\/site\/mexico\/2019\/01\/24\/cientos-de-venezolanos-en-mexico-piden-a-lopez-obrador-que-reconozca-a-guaido-como-presidente\/\"]}]},{\"@type\":\"ImageObject\",\"inLanguage\":\"es\",\"@id\":\"https:\/\/noti-america.com\/site\/mexico\/2019\/01\/24\/cientos-de-venezolanos-en-mexico-piden-a-lopez-obrador-que-reconozca-a-guaido-como-presidente\/#primaryimage\",\"url\":\"https:\/\/noti-america.com\/site\/mexico\/wp-content\/uploads\/sites\/13\/2019\/01\/1548301802_382930_1548302072_noticia_normal_recorte1.jpg\",\"contentUrl\":\"https:\/\/noti-america.com\/site\/mexico\/wp-content\/uploads\/sites\/13\/2019\/01\/1548301802_382930_1548302072_noticia_normal_recorte1.jpg\",\"width\":1960,\"height\":1309},{\"@type\":\"BreadcrumbList\",\"@id\":\"https:\/\/noti-america.com\/site\/mexico\/2019\/01\/24\/cientos-de-venezolanos-en-mexico-piden-a-lopez-obrador-que-reconozca-a-guaido-como-presidente\/#breadcrumb\",\"itemListElement\":[{\"@type\":\"ListItem\",\"position\":1,\"name\":\"Portada\",\"item\":\"https:\/\/noti-america.com\/site\/mexico\/\"},{\"@type\":\"ListItem\",\"position\":2,\"name\":\"Cientos de venezolanos en M\u00e9xico piden a L\u00f3pez Obrador que reconozca a Guaid\u00f3 como presidente\"}]},{\"@type\":\"WebSite\",\"@id\":\"https:\/\/noti-america.com\/site\/mexico\/#website\",\"url\":\"https:\/\/noti-america.com\/site\/mexico\/\",\"name\":\"M\u00e9xico | Noti-America.com\",\"description\":\"\",\"publisher\":{\"@id\":\"https:\/\/noti-america.com\/site\/mexico\/#organization\"},\"potentialAction\":[{\"@type\":\"SearchAction\",\"target\":{\"@type\":\"EntryPoint\",\"urlTemplate\":\"https:\/\/noti-america.com\/site\/mexico\/?s={search_term_string}\"},\"query-input\":{\"@type\":\"PropertyValueSpecification\",\"valueRequired\":true,\"valueName\":\"search_term_string\"}}],\"inLanguage\":\"es\"},{\"@type\":\"Organization\",\"@id\":\"https:\/\/noti-america.com\/site\/mexico\/#organization\",\"name\":\"Noti-America LLC | M\u00e9xico\",\"url\":\"https:\/\/noti-america.com\/site\/mexico\/\",\"logo\":{\"@type\":\"ImageObject\",\"inLanguage\":\"es\",\"@id\":\"https:\/\/noti-america.com\/site\/mexico\/#\/schema\/logo\/image\/\",\"url\":\"https:\/\/noti-america.com\/site\/mexico\/wp-content\/uploads\/sites\/13\/2020\/07\/LogoNA-4x3-1.jpg\",\"contentUrl\":\"https:\/\/noti-america.com\/site\/mexico\/wp-content\/uploads\/sites\/13\/2020\/07\/LogoNA-4x3-1.jpg\",\"width\":1236,\"height\":1080,\"caption\":\"Noti-America LLC | M\u00e9xico\"},\"image\":{\"@id\":\"https:\/\/noti-america.com\/site\/mexico\/#\/schema\/logo\/image\/\"}},{\"@type\":\"Person\",\"@id\":\"https:\/\/noti-america.com\/site\/mexico\/#\/schema\/person\/db5a6527aaddfc34b3753d557a1292f0\",\"name\":\"Redacci\u00f3n NA-NY\",\"image\":{\"@type\":\"ImageObject\",\"inLanguage\":\"es\",\"@id\":\"https:\/\/secure.gravatar.com\/avatar\/2bd75bb500a8deb1390f777293a9af32d934c46613d2fbac7cceb2aaa2679ae8?s=96&d=mm&r=g\",\"url\":\"https:\/\/secure.gravatar.com\/avatar\/2bd75bb500a8deb1390f777293a9af32d934c46613d2fbac7cceb2aaa2679ae8?s=96&d=mm&r=g\",\"contentUrl\":\"https:\/\/secure.gravatar.com\/avatar\/2bd75bb500a8deb1390f777293a9af32d934c46613d2fbac7cceb2aaa2679ae8?s=96&d=mm&r=g\",\"caption\":\"Redacci\u00f3n NA-NY\"},\"url\":\"https:\/\/noti-america.com\/site\/mexico\/author\/redaccionny\/\"}]}<\/script>\n<!-- \/ Yoast SEO Premium plugin. -->","yoast_head_json":{"title":"Cientos de venezolanos en M\u00e9xico piden a L\u00f3pez Obrador que reconozca a Guaid\u00f3 como presidente - M\u00e9xico","robots":{"index":"index","follow":"follow","max-snippet":"max-snippet:-1","max-image-preview":"max-image-preview:large","max-video-preview":"max-video-preview:-1"},"canonical":"https:\/\/noti-america.com\/site\/mexico\/2019\/01\/24\/cientos-de-venezolanos-en-mexico-piden-a-lopez-obrador-que-reconozca-a-guaido-como-presidente\/","og_locale":"es_ES","og_type":"article","og_title":"Cientos de venezolanos en M\u00e9xico piden a L\u00f3pez Obrador que reconozca a Guaid\u00f3 como presidente","og_description":"Fuente:\u00a0\u00a0https:\/\/elpais.com\/ &nbsp; \u201cY cay\u00f3, cay\u00f3. Este Gobierno ya cay\u00f3\u201d. Ese fue el grito de cientos de venezolanos que se manifestaron este mi\u00e9rcoles frente a la Embajada en Ciudad de M\u00e9xico\u00a0en apoyo a las protestas&#46;&#46;&#46;","og_url":"https:\/\/noti-america.com\/site\/mexico\/2019\/01\/24\/cientos-de-venezolanos-en-mexico-piden-a-lopez-obrador-que-reconozca-a-guaido-como-presidente\/","og_site_name":"M\u00e9xico","article_published_time":"2019-01-24T16:00:51+00:00","og_image":[{"width":1960,"height":1309,"url":"https:\/\/noti-america.com\/site\/mexico\/wp-content\/uploads\/sites\/13\/2019\/01\/1548301802_382930_1548302072_noticia_normal_recorte1.jpg","type":"image\/jpeg"}],"author":"Redacci\u00f3n NA-NY","twitter_card":"summary_large_image","twitter_misc":{"Escrito por":"Redacci\u00f3n NA-NY","Tiempo estimado de lectura":"4 minutos"},"schema":{"@context":"https:\/\/schema.org","@graph":[{"@type":"Article","@id":"https:\/\/noti-america.com\/site\/mexico\/2019\/01\/24\/cientos-de-venezolanos-en-mexico-piden-a-lopez-obrador-que-reconozca-a-guaido-como-presidente\/#article","isPartOf":{"@id":"https:\/\/noti-america.com\/site\/mexico\/2019\/01\/24\/cientos-de-venezolanos-en-mexico-piden-a-lopez-obrador-que-reconozca-a-guaido-como-presidente\/"},"author":{"name":"Redacci\u00f3n NA-NY","@id":"https:\/\/noti-america.com\/site\/mexico\/#\/schema\/person\/db5a6527aaddfc34b3753d557a1292f0"},"headline":"Cientos de venezolanos en M\u00e9xico piden a L\u00f3pez Obrador que reconozca a Guaid\u00f3 como presidente","datePublished":"2019-01-24T16:00:51+00:00","mainEntityOfPage":{"@id":"https:\/\/noti-america.com\/site\/mexico\/2019\/01\/24\/cientos-de-venezolanos-en-mexico-piden-a-lopez-obrador-que-reconozca-a-guaido-como-presidente\/"},"wordCount":909,"commentCount":0,"publisher":{"@id":"https:\/\/noti-america.com\/site\/mexico\/#organization"},"image":{"@id":"https:\/\/noti-america.com\/site\/mexico\/2019\/01\/24\/cientos-de-venezolanos-en-mexico-piden-a-lopez-obrador-que-reconozca-a-guaido-como-presidente\/#primaryimage"},"thumbnailUrl":"https:\/\/noti-america.com\/site\/mexico\/wp-content\/uploads\/sites\/13\/2019\/01\/1548301802_382930_1548302072_noticia_normal_recorte1.jpg","keywords":["Cientos de venezolanos en M\u00e9xico piden a L\u00f3pez Obrador que reconozca a Guaid\u00f3 como presidente"],"articleSection":["Uncategorized"],"inLanguage":"es","potentialAction":[{"@type":"CommentAction","name":"Comment","target":["https:\/\/noti-america.com\/site\/mexico\/2019\/01\/24\/cientos-de-venezolanos-en-mexico-piden-a-lopez-obrador-que-reconozca-a-guaido-como-presidente\/#respond"]}]},{"@type":"WebPage","@id":"https:\/\/noti-america.com\/site\/mexico\/2019\/01\/24\/cientos-de-venezolanos-en-mexico-piden-a-lopez-obrador-que-reconozca-a-guaido-como-presidente\/","url":"https:\/\/noti-america.com\/site\/mexico\/2019\/01\/24\/cientos-de-venezolanos-en-mexico-piden-a-lopez-obrador-que-reconozca-a-guaido-como-presidente\/","name":"Cientos de venezolanos en M\u00e9xico piden a L\u00f3pez Obrador que reconozca a Guaid\u00f3 como presidente - M\u00e9xico","isPartOf":{"@id":"https:\/\/noti-america.com\/site\/mexico\/#website"},"primaryImageOfPage":{"@id":"https:\/\/noti-america.com\/site\/mexico\/2019\/01\/24\/cientos-de-venezolanos-en-mexico-piden-a-lopez-obrador-que-reconozca-a-guaido-como-presidente\/#primaryimage"},"image":{"@id":"https:\/\/noti-america.com\/site\/mexico\/2019\/01\/24\/cientos-de-venezolanos-en-mexico-piden-a-lopez-obrador-que-reconozca-a-guaido-como-presidente\/#primaryimage"},"thumbnailUrl":"https:\/\/noti-america.com\/site\/mexico\/wp-content\/uploads\/sites\/13\/2019\/01\/1548301802_382930_1548302072_noticia_normal_recorte1.jpg","datePublished":"2019-01-24T16:00:51+00:00","breadcrumb":{"@id":"https:\/\/noti-america.com\/site\/mexico\/2019\/01\/24\/cientos-de-venezolanos-en-mexico-piden-a-lopez-obrador-que-reconozca-a-guaido-como-presidente\/#breadcrumb"},"inLanguage":"es","potentialAction":[{"@type":"ReadAction","target":["https:\/\/noti-america.com\/site\/mexico\/2019\/01\/24\/cientos-de-venezolanos-en-mexico-piden-a-lopez-obrador-que-reconozca-a-guaido-como-presidente\/"]}]},{"@type":"ImageObject","inLanguage":"es","@id":"https:\/\/noti-america.com\/site\/mexico\/2019\/01\/24\/cientos-de-venezolanos-en-mexico-piden-a-lopez-obrador-que-reconozca-a-guaido-como-presidente\/#primaryimage","url":"https:\/\/noti-america.com\/site\/mexico\/wp-content\/uploads\/sites\/13\/2019\/01\/1548301802_382930_1548302072_noticia_normal_recorte1.jpg","contentUrl":"https:\/\/noti-america.com\/site\/mexico\/wp-content\/uploads\/sites\/13\/2019\/01\/1548301802_382930_1548302072_noticia_normal_recorte1.jpg","width":1960,"height":1309},{"@type":"BreadcrumbList","@id":"https:\/\/noti-america.com\/site\/mexico\/2019\/01\/24\/cientos-de-venezolanos-en-mexico-piden-a-lopez-obrador-que-reconozca-a-guaido-como-presidente\/#breadcrumb","itemListElement":[{"@type":"ListItem","position":1,"name":"Portada","item":"https:\/\/noti-america.com\/site\/mexico\/"},{"@type":"ListItem","position":2,"name":"Cientos de venezolanos en M\u00e9xico piden a L\u00f3pez Obrador que reconozca a Guaid\u00f3 como presidente"}]},{"@type":"WebSite","@id":"https:\/\/noti-america.com\/site\/mexico\/#website","url":"https:\/\/noti-america.com\/site\/mexico\/","name":"M\u00e9xico | Noti-America.com","description":"","publisher":{"@id":"https:\/\/noti-america.com\/site\/mexico\/#organization"},"potentialAction":[{"@type":"SearchAction","target":{"@type":"EntryPoint","urlTemplate":"https:\/\/noti-america.com\/site\/mexico\/?s={search_term_string}"},"query-input":{"@type":"PropertyValueSpecification","valueRequired":true,"valueName":"search_term_string"}}],"inLanguage":"es"},{"@type":"Organization","@id":"https:\/\/noti-america.com\/site\/mexico\/#organization","name":"Noti-America LLC | M\u00e9xico","url":"https:\/\/noti-america.com\/site\/mexico\/","logo":{"@type":"ImageObject","inLanguage":"es","@id":"https:\/\/noti-america.com\/site\/mexico\/#\/schema\/logo\/image\/","url":"https:\/\/noti-america.com\/site\/mexico\/wp-content\/uploads\/sites\/13\/2020\/07\/LogoNA-4x3-1.jpg","contentUrl":"https:\/\/noti-america.com\/site\/mexico\/wp-content\/uploads\/sites\/13\/2020\/07\/LogoNA-4x3-1.jpg","width":1236,"height":1080,"caption":"Noti-America LLC | M\u00e9xico"},"image":{"@id":"https:\/\/noti-america.com\/site\/mexico\/#\/schema\/logo\/image\/"}},{"@type":"Person","@id":"https:\/\/noti-america.com\/site\/mexico\/#\/schema\/person\/db5a6527aaddfc34b3753d557a1292f0","name":"Redacci\u00f3n NA-NY","image":{"@type":"ImageObject","inLanguage":"es","@id":"https:\/\/secure.gravatar.com\/avatar\/2bd75bb500a8deb1390f777293a9af32d934c46613d2fbac7cceb2aaa2679ae8?s=96&d=mm&r=g","url":"https:\/\/secure.gravatar.com\/avatar\/2bd75bb500a8deb1390f777293a9af32d934c46613d2fbac7cceb2aaa2679ae8?s=96&d=mm&r=g","contentUrl":"https:\/\/secure.gravatar.com\/avatar\/2bd75bb500a8deb1390f777293a9af32d934c46613d2fbac7cceb2aaa2679ae8?s=96&d=mm&r=g","caption":"Redacci\u00f3n NA-NY"},"url":"https:\/\/noti-america.com\/site\/mexico\/author\/redaccionny\/"}]}},"_links":{"self":[{"href":"https:\/\/noti-america.com\/site\/mexico\/wp-json\/wp\/v2\/posts\/2761","targetHints":{"allow":["GET"]}}],"collection":[{"href":"https:\/\/noti-america.com\/site\/mexico\/wp-json\/wp\/v2\/posts"}],"about":[{"href":"https:\/\/noti-america.com\/site\/mexico\/wp-json\/wp\/v2\/types\/post"}],"author":[{"embeddable":true,"href":"https:\/\/noti-america.com\/site\/mexico\/wp-json\/wp\/v2\/users\/28"}],"replies":[{"embeddable":true,"href":"https:\/\/noti-america.com\/site\/mexico\/wp-json\/wp\/v2\/comments?post=2761"}],"version-history":[{"count":1,"href":"https:\/\/noti-america.com\/site\/mexico\/wp-json\/wp\/v2\/posts\/2761\/revisions"}],"predecessor-version":[{"id":2763,"href":"https:\/\/noti-america.com\/site\/mexico\/wp-json\/wp\/v2\/posts\/2761\/revisions\/2763"}],"wp:featuredmedia":[{"embeddable":true,"href":"https:\/\/noti-america.com\/site\/mexico\/wp-json\/wp\/v2\/media\/2762"}],"wp:attachment":[{"href":"https:\/\/noti-america.com\/site\/mexico\/wp-json\/wp\/v2\/media?parent=2761"}],"wp:term":[{"taxonomy":"category","embeddable":true,"href":"https:\/\/noti-america.com\/site\/mexico\/wp-json\/wp\/v2\/categories?post=2761"},{"taxonomy":"post_tag","embeddable":true,"href":"https:\/\/noti-america.com\/site\/mexico\/wp-json\/wp\/v2\/tags?post=2761"}],"curies":[{"name":"wp","href":"https:\/\/api.w.org\/{rel}","templated":true}]}}