{"id":2718,"date":"2019-01-23T04:21:51","date_gmt":"2019-01-23T04:21:51","guid":{"rendered":"http:\/\/noti-america.com\/site\/mexico\/?p=2718"},"modified":"2019-01-23T04:21:51","modified_gmt":"2019-01-23T04:21:51","slug":"ayer-atacaron-la-mayoria-de-los-ductos-que-corren-por-el-pais-lopez-obrador","status":"publish","type":"post","link":"https:\/\/noti-america.com\/site\/mexico\/2019\/01\/23\/ayer-atacaron-la-mayoria-de-los-ductos-que-corren-por-el-pais-lopez-obrador\/","title":{"rendered":"Ayer atacaron la mayor\u00eda de los ductos que corren por el pa\u00eds: L\u00f3pez Obrador"},"content":{"rendered":"<h3><img loading=\"lazy\" decoding=\"async\" class=\"alignnone  wp-image-2719 aligncenter\" src=\"http:\/\/noti-america.com\/site\/mexico\/wp-content\/uploads\/sites\/13\/2019\/01\/descarga-1-7.jpg\" alt=\"\" width=\"476\" height=\"275\" \/><\/h3>\n<h3><\/h3>\n<h3>Fuente:\u00a0\u00a0https:\/\/www.informador.mx<\/h3>\n<p>&nbsp;<\/p>\n<p>&nbsp;<\/p>\n<p>yer, atacaron la mayor\u00eda de ductos que corren por el pa\u00eds,\u00a0<strong>provocando fugas peligrosas en las que nadie result\u00f3 lesionado<\/strong>, afirm\u00f3 el Presidente\u00a0<strong>Andr\u00e9s Manuel L\u00f3pez Obrador<\/strong>\u00a0en conferencia de prensa matutina.<\/p>\n<p><strong>Por ejemplo, el ducto que corre de Salamanca a Guadalajara fue sacado de operaci\u00f3n hasta cuatro veces durante todo el d\u00eda<\/strong>, mientras que el ducto que corre de Tuxpan a Azcapotzalco report\u00f3 una toma clandestina.<\/p>\n<div id=\"div-pos-2\"><\/div>\n<div id=\"div-gpt-ad-1539621500235-0\" data-google-query-id=\"CPqImJqGg-ACFU7bwAodj84GeQ\"><\/div>\n<div data-oembed-url=\"https:\/\/www.informador.mx\/mexico\/Lopez-Obrador-presenta-plan-para-comunidades-por-donde-pasan-ductos-de-Pemex-20190122-0039.html\">\n<div class=\"iframely-embed\">\n<div>\n<div>\n<div class=\"body\">\n<div class=\"w __if _lc _sm _od _alsd _alcd _lh15 _xf _xm _xi _xt _xd __wc-600\">\n<div class=\"wf\">\n<div class=\"wc\">\n<div class=\"e\" data-style=\"padding-bottom: 53.6508%;\">\n<div class=\"em\"><\/div>\n<\/div>\n<\/div>\n<div class=\"wt\">\n<div class=\"t _f0\">\n<div class=\"th _f1p\">L\u00f3pez Obrador presenta plan para comunidades por donde pasan ductos de Pemex<\/div>\n<div class=\"td\">El Mandatario dice que desplegar\u00e1n ocho programas sociales para 91 municipios que significar\u00e1 un beneficio para un mill\u00f3n 648 mil personas<\/div>\n<div class=\"tf _f1m\"><\/div>\n<\/div>\n<\/div>\n<\/div>\n<\/div>\n<\/div>\n<\/div>\n<\/div>\n<\/div>\n<\/div>\n<p>Ante la constante en ataques a los tubos por d\u00f3nde se administra combustible,\u00a0<strong>las Fuerzas Armadas presentaron hoy un plan en privado al Presidente L\u00f3pez Obrador para reforzar las brigadas las 24 horas del d\u00eda<\/strong>.<\/p>\n<p>\u00abEstamos reforzando las brigadas, pero no nos vamos a cansar nosotros. Cuento con todo el apoyo de Ej\u00e9rcito y la Marina \u00ab, asegur\u00f3 el Mandatario nacional.<\/p>\n<p>Asimismo, sostuvo que\u00a0<strong>todos los ductos est\u00e1n funcionando bien esta ma\u00f1ana<\/strong>.<\/p>\n<div>\n<div data-oembed-url=\"https:\/\/www.informador.mx\/jalisco\/Reabren-ducto-Salamanca-Guadalajara-y-registran-tres-interrupciones-20190121-0081.html\">\n<div class=\"iframely-embed\">\n<div>\n<div>\n<div class=\"body\">\n<div class=\"w __if _lc _sm _od _alsd _alcd _lh15 _xf _xm _xi _xt _xd __wc-600\">\n<div class=\"wf\">\n<div class=\"wc\">\n<div class=\"e\" data-style=\"padding-bottom: 53.6508%;\">\n<div class=\"em\"><\/div>\n<\/div>\n<\/div>\n<\/div>\n<\/div>\n<\/div>\n<\/div>\n<\/div>\n<\/div>\n<\/div>\n<\/div>\n","protected":false},"excerpt":{"rendered":"<p>Fuente:\u00a0\u00a0https:\/\/www.informador.mx &nbsp; &nbsp; yer, atacaron la mayor\u00eda de ductos que corren por el pa\u00eds,\u00a0provocando fugas peligrosas en las que nadie result\u00f3 lesionado, afirm\u00f3 el Presidente\u00a0Andr\u00e9s Manuel L\u00f3pez Obrador\u00a0en conferencia de prensa matutina. Por ejemplo,&#46;&#46;&#46;<\/p>\n","protected":false},"author":28,"featured_media":2622,"comment_status":"open","ping_status":"open","sticky":false,"template":"","format":"standard","meta":{"_acf_changed":false,"om_disable_all_campaigns":false,"rop_custom_images_group":[],"rop_custom_messages_group":[],"rop_publish_now":"initial","rop_publish_now_accounts":{"twitter_242054905_242054905":""},"rop_publish_now_history":[],"rop_publish_now_status":"pending","_uf_show_specific_survey":0,"_uf_disable_surveys":false,"footnotes":""},"categories":[1],"tags":[302],"class_list":["post-2718","post","type-post","status-publish","format-standard","has-post-thumbnail","hentry","category-uncategorized","tag-ayer-atacaron-la-mayoria-de-los-ductos-que-corren-por-el-pais-lopez-obrador"],"acf":[],"aioseo_notices":[],"yoast_head":"<!-- This site is optimized with the Yoast SEO Premium plugin v24.9 (Yoast SEO v27.2) - https:\/\/yoast.com\/product\/yoast-seo-premium-wordpress\/ -->\n<title>Ayer atacaron la mayor\u00eda de los ductos que corren por el pa\u00eds: L\u00f3pez Obrador - M\u00e9xico<\/title>\n<meta name=\"robots\" content=\"index, follow, max-snippet:-1, max-image-preview:large, max-video-preview:-1\" \/>\n<link rel=\"canonical\" href=\"https:\/\/noti-america.com\/site\/mexico\/2019\/01\/23\/ayer-atacaron-la-mayoria-de-los-ductos-que-corren-por-el-pais-lopez-obrador\/\" \/>\n<meta property=\"og:locale\" content=\"es_ES\" \/>\n<meta property=\"og:type\" content=\"article\" \/>\n<meta property=\"og:title\" content=\"Ayer atacaron la mayor\u00eda de los ductos que corren por el pa\u00eds: L\u00f3pez Obrador\" \/>\n<meta property=\"og:description\" content=\"Fuente:\u00a0\u00a0https:\/\/www.informador.mx &nbsp; &nbsp; yer, atacaron la mayor\u00eda de ductos que corren por el pa\u00eds,\u00a0provocando fugas peligrosas en las que nadie result\u00f3 lesionado, afirm\u00f3 el Presidente\u00a0Andr\u00e9s Manuel L\u00f3pez Obrador\u00a0en conferencia de prensa matutina. Por ejemplo,&#046;&#046;&#046;\" \/>\n<meta property=\"og:url\" content=\"https:\/\/noti-america.com\/site\/mexico\/2019\/01\/23\/ayer-atacaron-la-mayoria-de-los-ductos-que-corren-por-el-pais-lopez-obrador\/\" \/>\n<meta property=\"og:site_name\" content=\"M\u00e9xico\" \/>\n<meta property=\"article:published_time\" content=\"2019-01-23T04:21:51+00:00\" \/>\n<meta property=\"og:image\" content=\"https:\/\/noti-america.com\/site\/mexico\/wp-content\/uploads\/sites\/13\/2019\/01\/sun__b__fregoso_crop1547678115055-1.jpg_1970638775-1.jpg\" \/>\n\t<meta property=\"og:image:width\" content=\"770\" \/>\n\t<meta property=\"og:image:height\" content=\"485\" \/>\n\t<meta property=\"og:image:type\" content=\"image\/jpeg\" \/>\n<meta name=\"author\" content=\"Redacci\u00f3n NA-NY\" \/>\n<meta name=\"twitter:card\" content=\"summary_large_image\" \/>\n<meta name=\"twitter:label1\" content=\"Escrito por\" \/>\n\t<meta name=\"twitter:data1\" content=\"Redacci\u00f3n NA-NY\" \/>\n\t<meta name=\"twitter:label2\" content=\"Tiempo estimado de lectura\" \/>\n\t<meta name=\"twitter:data2\" content=\"1 minuto\" \/>\n<script type=\"application\/ld+json\" class=\"yoast-schema-graph\">{\"@context\":\"https:\/\/schema.org\",\"@graph\":[{\"@type\":\"Article\",\"@id\":\"https:\/\/noti-america.com\/site\/mexico\/2019\/01\/23\/ayer-atacaron-la-mayoria-de-los-ductos-que-corren-por-el-pais-lopez-obrador\/#article\",\"isPartOf\":{\"@id\":\"https:\/\/noti-america.com\/site\/mexico\/2019\/01\/23\/ayer-atacaron-la-mayoria-de-los-ductos-que-corren-por-el-pais-lopez-obrador\/\"},\"author\":{\"name\":\"Redacci\u00f3n NA-NY\",\"@id\":\"https:\/\/noti-america.com\/site\/mexico\/#\/schema\/person\/db5a6527aaddfc34b3753d557a1292f0\"},\"headline\":\"Ayer atacaron la mayor\u00eda de los ductos que corren por el pa\u00eds: L\u00f3pez Obrador\",\"datePublished\":\"2019-01-23T04:21:51+00:00\",\"mainEntityOfPage\":{\"@id\":\"https:\/\/noti-america.com\/site\/mexico\/2019\/01\/23\/ayer-atacaron-la-mayoria-de-los-ductos-que-corren-por-el-pais-lopez-obrador\/\"},\"wordCount\":207,\"commentCount\":0,\"publisher\":{\"@id\":\"https:\/\/noti-america.com\/site\/mexico\/#organization\"},\"image\":{\"@id\":\"https:\/\/noti-america.com\/site\/mexico\/2019\/01\/23\/ayer-atacaron-la-mayoria-de-los-ductos-que-corren-por-el-pais-lopez-obrador\/#primaryimage\"},\"thumbnailUrl\":\"https:\/\/noti-america.com\/site\/mexico\/wp-content\/uploads\/sites\/13\/2019\/01\/sun__b__fregoso_crop1547678115055-1.jpg_1970638775-1.jpg\",\"keywords\":[\"Ayer atacaron la mayor\u00eda de los ductos que corren por el pa\u00eds: L\u00f3pez Obrador\"],\"articleSection\":[\"Uncategorized\"],\"inLanguage\":\"es\",\"potentialAction\":[{\"@type\":\"CommentAction\",\"name\":\"Comment\",\"target\":[\"https:\/\/noti-america.com\/site\/mexico\/2019\/01\/23\/ayer-atacaron-la-mayoria-de-los-ductos-que-corren-por-el-pais-lopez-obrador\/#respond\"]}]},{\"@type\":\"WebPage\",\"@id\":\"https:\/\/noti-america.com\/site\/mexico\/2019\/01\/23\/ayer-atacaron-la-mayoria-de-los-ductos-que-corren-por-el-pais-lopez-obrador\/\",\"url\":\"https:\/\/noti-america.com\/site\/mexico\/2019\/01\/23\/ayer-atacaron-la-mayoria-de-los-ductos-que-corren-por-el-pais-lopez-obrador\/\",\"name\":\"Ayer atacaron la mayor\u00eda de los ductos que corren por el pa\u00eds: L\u00f3pez Obrador - M\u00e9xico\",\"isPartOf\":{\"@id\":\"https:\/\/noti-america.com\/site\/mexico\/#website\"},\"primaryImageOfPage\":{\"@id\":\"https:\/\/noti-america.com\/site\/mexico\/2019\/01\/23\/ayer-atacaron-la-mayoria-de-los-ductos-que-corren-por-el-pais-lopez-obrador\/#primaryimage\"},\"image\":{\"@id\":\"https:\/\/noti-america.com\/site\/mexico\/2019\/01\/23\/ayer-atacaron-la-mayoria-de-los-ductos-que-corren-por-el-pais-lopez-obrador\/#primaryimage\"},\"thumbnailUrl\":\"https:\/\/noti-america.com\/site\/mexico\/wp-content\/uploads\/sites\/13\/2019\/01\/sun__b__fregoso_crop1547678115055-1.jpg_1970638775-1.jpg\",\"datePublished\":\"2019-01-23T04:21:51+00:00\",\"breadcrumb\":{\"@id\":\"https:\/\/noti-america.com\/site\/mexico\/2019\/01\/23\/ayer-atacaron-la-mayoria-de-los-ductos-que-corren-por-el-pais-lopez-obrador\/#breadcrumb\"},\"inLanguage\":\"es\",\"potentialAction\":[{\"@type\":\"ReadAction\",\"target\":[\"https:\/\/noti-america.com\/site\/mexico\/2019\/01\/23\/ayer-atacaron-la-mayoria-de-los-ductos-que-corren-por-el-pais-lopez-obrador\/\"]}]},{\"@type\":\"ImageObject\",\"inLanguage\":\"es\",\"@id\":\"https:\/\/noti-america.com\/site\/mexico\/2019\/01\/23\/ayer-atacaron-la-mayoria-de-los-ductos-que-corren-por-el-pais-lopez-obrador\/#primaryimage\",\"url\":\"https:\/\/noti-america.com\/site\/mexico\/wp-content\/uploads\/sites\/13\/2019\/01\/sun__b__fregoso_crop1547678115055-1.jpg_1970638775-1.jpg\",\"contentUrl\":\"https:\/\/noti-america.com\/site\/mexico\/wp-content\/uploads\/sites\/13\/2019\/01\/sun__b__fregoso_crop1547678115055-1.jpg_1970638775-1.jpg\",\"width\":770,\"height\":485},{\"@type\":\"BreadcrumbList\",\"@id\":\"https:\/\/noti-america.com\/site\/mexico\/2019\/01\/23\/ayer-atacaron-la-mayoria-de-los-ductos-que-corren-por-el-pais-lopez-obrador\/#breadcrumb\",\"itemListElement\":[{\"@type\":\"ListItem\",\"position\":1,\"name\":\"Portada\",\"item\":\"https:\/\/noti-america.com\/site\/mexico\/\"},{\"@type\":\"ListItem\",\"position\":2,\"name\":\"Ayer atacaron la mayor\u00eda de los ductos que corren por el pa\u00eds: L\u00f3pez Obrador\"}]},{\"@type\":\"WebSite\",\"@id\":\"https:\/\/noti-america.com\/site\/mexico\/#website\",\"url\":\"https:\/\/noti-america.com\/site\/mexico\/\",\"name\":\"M\u00e9xico | Noti-America.com\",\"description\":\"\",\"publisher\":{\"@id\":\"https:\/\/noti-america.com\/site\/mexico\/#organization\"},\"potentialAction\":[{\"@type\":\"SearchAction\",\"target\":{\"@type\":\"EntryPoint\",\"urlTemplate\":\"https:\/\/noti-america.com\/site\/mexico\/?s={search_term_string}\"},\"query-input\":{\"@type\":\"PropertyValueSpecification\",\"valueRequired\":true,\"valueName\":\"search_term_string\"}}],\"inLanguage\":\"es\"},{\"@type\":\"Organization\",\"@id\":\"https:\/\/noti-america.com\/site\/mexico\/#organization\",\"name\":\"Noti-America LLC | M\u00e9xico\",\"url\":\"https:\/\/noti-america.com\/site\/mexico\/\",\"logo\":{\"@type\":\"ImageObject\",\"inLanguage\":\"es\",\"@id\":\"https:\/\/noti-america.com\/site\/mexico\/#\/schema\/logo\/image\/\",\"url\":\"https:\/\/noti-america.com\/site\/mexico\/wp-content\/uploads\/sites\/13\/2020\/07\/LogoNA-4x3-1.jpg\",\"contentUrl\":\"https:\/\/noti-america.com\/site\/mexico\/wp-content\/uploads\/sites\/13\/2020\/07\/LogoNA-4x3-1.jpg\",\"width\":1236,\"height\":1080,\"caption\":\"Noti-America LLC | M\u00e9xico\"},\"image\":{\"@id\":\"https:\/\/noti-america.com\/site\/mexico\/#\/schema\/logo\/image\/\"}},{\"@type\":\"Person\",\"@id\":\"https:\/\/noti-america.com\/site\/mexico\/#\/schema\/person\/db5a6527aaddfc34b3753d557a1292f0\",\"name\":\"Redacci\u00f3n NA-NY\",\"image\":{\"@type\":\"ImageObject\",\"inLanguage\":\"es\",\"@id\":\"https:\/\/secure.gravatar.com\/avatar\/2bd75bb500a8deb1390f777293a9af32d934c46613d2fbac7cceb2aaa2679ae8?s=96&d=mm&r=g\",\"url\":\"https:\/\/secure.gravatar.com\/avatar\/2bd75bb500a8deb1390f777293a9af32d934c46613d2fbac7cceb2aaa2679ae8?s=96&d=mm&r=g\",\"contentUrl\":\"https:\/\/secure.gravatar.com\/avatar\/2bd75bb500a8deb1390f777293a9af32d934c46613d2fbac7cceb2aaa2679ae8?s=96&d=mm&r=g\",\"caption\":\"Redacci\u00f3n NA-NY\"},\"url\":\"https:\/\/noti-america.com\/site\/mexico\/author\/redaccionny\/\"}]}<\/script>\n<!-- \/ Yoast SEO Premium plugin. -->","yoast_head_json":{"title":"Ayer atacaron la mayor\u00eda de los ductos que corren por el pa\u00eds: L\u00f3pez Obrador - M\u00e9xico","robots":{"index":"index","follow":"follow","max-snippet":"max-snippet:-1","max-image-preview":"max-image-preview:large","max-video-preview":"max-video-preview:-1"},"canonical":"https:\/\/noti-america.com\/site\/mexico\/2019\/01\/23\/ayer-atacaron-la-mayoria-de-los-ductos-que-corren-por-el-pais-lopez-obrador\/","og_locale":"es_ES","og_type":"article","og_title":"Ayer atacaron la mayor\u00eda de los ductos que corren por el pa\u00eds: L\u00f3pez Obrador","og_description":"Fuente:\u00a0\u00a0https:\/\/www.informador.mx &nbsp; &nbsp; yer, atacaron la mayor\u00eda de ductos que corren por el pa\u00eds,\u00a0provocando fugas peligrosas en las que nadie result\u00f3 lesionado, afirm\u00f3 el Presidente\u00a0Andr\u00e9s Manuel L\u00f3pez Obrador\u00a0en conferencia de prensa matutina. Por ejemplo,&#46;&#46;&#46;","og_url":"https:\/\/noti-america.com\/site\/mexico\/2019\/01\/23\/ayer-atacaron-la-mayoria-de-los-ductos-que-corren-por-el-pais-lopez-obrador\/","og_site_name":"M\u00e9xico","article_published_time":"2019-01-23T04:21:51+00:00","og_image":[{"width":770,"height":485,"url":"https:\/\/noti-america.com\/site\/mexico\/wp-content\/uploads\/sites\/13\/2019\/01\/sun__b__fregoso_crop1547678115055-1.jpg_1970638775-1.jpg","type":"image\/jpeg"}],"author":"Redacci\u00f3n NA-NY","twitter_card":"summary_large_image","twitter_misc":{"Escrito por":"Redacci\u00f3n NA-NY","Tiempo estimado de lectura":"1 minuto"},"schema":{"@context":"https:\/\/schema.org","@graph":[{"@type":"Article","@id":"https:\/\/noti-america.com\/site\/mexico\/2019\/01\/23\/ayer-atacaron-la-mayoria-de-los-ductos-que-corren-por-el-pais-lopez-obrador\/#article","isPartOf":{"@id":"https:\/\/noti-america.com\/site\/mexico\/2019\/01\/23\/ayer-atacaron-la-mayoria-de-los-ductos-que-corren-por-el-pais-lopez-obrador\/"},"author":{"name":"Redacci\u00f3n NA-NY","@id":"https:\/\/noti-america.com\/site\/mexico\/#\/schema\/person\/db5a6527aaddfc34b3753d557a1292f0"},"headline":"Ayer atacaron la mayor\u00eda de los ductos que corren por el pa\u00eds: L\u00f3pez Obrador","datePublished":"2019-01-23T04:21:51+00:00","mainEntityOfPage":{"@id":"https:\/\/noti-america.com\/site\/mexico\/2019\/01\/23\/ayer-atacaron-la-mayoria-de-los-ductos-que-corren-por-el-pais-lopez-obrador\/"},"wordCount":207,"commentCount":0,"publisher":{"@id":"https:\/\/noti-america.com\/site\/mexico\/#organization"},"image":{"@id":"https:\/\/noti-america.com\/site\/mexico\/2019\/01\/23\/ayer-atacaron-la-mayoria-de-los-ductos-que-corren-por-el-pais-lopez-obrador\/#primaryimage"},"thumbnailUrl":"https:\/\/noti-america.com\/site\/mexico\/wp-content\/uploads\/sites\/13\/2019\/01\/sun__b__fregoso_crop1547678115055-1.jpg_1970638775-1.jpg","keywords":["Ayer atacaron la mayor\u00eda de los ductos que corren por el pa\u00eds: L\u00f3pez Obrador"],"articleSection":["Uncategorized"],"inLanguage":"es","potentialAction":[{"@type":"CommentAction","name":"Comment","target":["https:\/\/noti-america.com\/site\/mexico\/2019\/01\/23\/ayer-atacaron-la-mayoria-de-los-ductos-que-corren-por-el-pais-lopez-obrador\/#respond"]}]},{"@type":"WebPage","@id":"https:\/\/noti-america.com\/site\/mexico\/2019\/01\/23\/ayer-atacaron-la-mayoria-de-los-ductos-que-corren-por-el-pais-lopez-obrador\/","url":"https:\/\/noti-america.com\/site\/mexico\/2019\/01\/23\/ayer-atacaron-la-mayoria-de-los-ductos-que-corren-por-el-pais-lopez-obrador\/","name":"Ayer atacaron la mayor\u00eda de los ductos que corren por el pa\u00eds: L\u00f3pez Obrador - M\u00e9xico","isPartOf":{"@id":"https:\/\/noti-america.com\/site\/mexico\/#website"},"primaryImageOfPage":{"@id":"https:\/\/noti-america.com\/site\/mexico\/2019\/01\/23\/ayer-atacaron-la-mayoria-de-los-ductos-que-corren-por-el-pais-lopez-obrador\/#primaryimage"},"image":{"@id":"https:\/\/noti-america.com\/site\/mexico\/2019\/01\/23\/ayer-atacaron-la-mayoria-de-los-ductos-que-corren-por-el-pais-lopez-obrador\/#primaryimage"},"thumbnailUrl":"https:\/\/noti-america.com\/site\/mexico\/wp-content\/uploads\/sites\/13\/2019\/01\/sun__b__fregoso_crop1547678115055-1.jpg_1970638775-1.jpg","datePublished":"2019-01-23T04:21:51+00:00","breadcrumb":{"@id":"https:\/\/noti-america.com\/site\/mexico\/2019\/01\/23\/ayer-atacaron-la-mayoria-de-los-ductos-que-corren-por-el-pais-lopez-obrador\/#breadcrumb"},"inLanguage":"es","potentialAction":[{"@type":"ReadAction","target":["https:\/\/noti-america.com\/site\/mexico\/2019\/01\/23\/ayer-atacaron-la-mayoria-de-los-ductos-que-corren-por-el-pais-lopez-obrador\/"]}]},{"@type":"ImageObject","inLanguage":"es","@id":"https:\/\/noti-america.com\/site\/mexico\/2019\/01\/23\/ayer-atacaron-la-mayoria-de-los-ductos-que-corren-por-el-pais-lopez-obrador\/#primaryimage","url":"https:\/\/noti-america.com\/site\/mexico\/wp-content\/uploads\/sites\/13\/2019\/01\/sun__b__fregoso_crop1547678115055-1.jpg_1970638775-1.jpg","contentUrl":"https:\/\/noti-america.com\/site\/mexico\/wp-content\/uploads\/sites\/13\/2019\/01\/sun__b__fregoso_crop1547678115055-1.jpg_1970638775-1.jpg","width":770,"height":485},{"@type":"BreadcrumbList","@id":"https:\/\/noti-america.com\/site\/mexico\/2019\/01\/23\/ayer-atacaron-la-mayoria-de-los-ductos-que-corren-por-el-pais-lopez-obrador\/#breadcrumb","itemListElement":[{"@type":"ListItem","position":1,"name":"Portada","item":"https:\/\/noti-america.com\/site\/mexico\/"},{"@type":"ListItem","position":2,"name":"Ayer atacaron la mayor\u00eda de los ductos que corren por el pa\u00eds: L\u00f3pez Obrador"}]},{"@type":"WebSite","@id":"https:\/\/noti-america.com\/site\/mexico\/#website","url":"https:\/\/noti-america.com\/site\/mexico\/","name":"M\u00e9xico | Noti-America.com","description":"","publisher":{"@id":"https:\/\/noti-america.com\/site\/mexico\/#organization"},"potentialAction":[{"@type":"SearchAction","target":{"@type":"EntryPoint","urlTemplate":"https:\/\/noti-america.com\/site\/mexico\/?s={search_term_string}"},"query-input":{"@type":"PropertyValueSpecification","valueRequired":true,"valueName":"search_term_string"}}],"inLanguage":"es"},{"@type":"Organization","@id":"https:\/\/noti-america.com\/site\/mexico\/#organization","name":"Noti-America LLC | M\u00e9xico","url":"https:\/\/noti-america.com\/site\/mexico\/","logo":{"@type":"ImageObject","inLanguage":"es","@id":"https:\/\/noti-america.com\/site\/mexico\/#\/schema\/logo\/image\/","url":"https:\/\/noti-america.com\/site\/mexico\/wp-content\/uploads\/sites\/13\/2020\/07\/LogoNA-4x3-1.jpg","contentUrl":"https:\/\/noti-america.com\/site\/mexico\/wp-content\/uploads\/sites\/13\/2020\/07\/LogoNA-4x3-1.jpg","width":1236,"height":1080,"caption":"Noti-America LLC | M\u00e9xico"},"image":{"@id":"https:\/\/noti-america.com\/site\/mexico\/#\/schema\/logo\/image\/"}},{"@type":"Person","@id":"https:\/\/noti-america.com\/site\/mexico\/#\/schema\/person\/db5a6527aaddfc34b3753d557a1292f0","name":"Redacci\u00f3n NA-NY","image":{"@type":"ImageObject","inLanguage":"es","@id":"https:\/\/secure.gravatar.com\/avatar\/2bd75bb500a8deb1390f777293a9af32d934c46613d2fbac7cceb2aaa2679ae8?s=96&d=mm&r=g","url":"https:\/\/secure.gravatar.com\/avatar\/2bd75bb500a8deb1390f777293a9af32d934c46613d2fbac7cceb2aaa2679ae8?s=96&d=mm&r=g","contentUrl":"https:\/\/secure.gravatar.com\/avatar\/2bd75bb500a8deb1390f777293a9af32d934c46613d2fbac7cceb2aaa2679ae8?s=96&d=mm&r=g","caption":"Redacci\u00f3n NA-NY"},"url":"https:\/\/noti-america.com\/site\/mexico\/author\/redaccionny\/"}]}},"_links":{"self":[{"href":"https:\/\/noti-america.com\/site\/mexico\/wp-json\/wp\/v2\/posts\/2718","targetHints":{"allow":["GET"]}}],"collection":[{"href":"https:\/\/noti-america.com\/site\/mexico\/wp-json\/wp\/v2\/posts"}],"about":[{"href":"https:\/\/noti-america.com\/site\/mexico\/wp-json\/wp\/v2\/types\/post"}],"author":[{"embeddable":true,"href":"https:\/\/noti-america.com\/site\/mexico\/wp-json\/wp\/v2\/users\/28"}],"replies":[{"embeddable":true,"href":"https:\/\/noti-america.com\/site\/mexico\/wp-json\/wp\/v2\/comments?post=2718"}],"version-history":[{"count":1,"href":"https:\/\/noti-america.com\/site\/mexico\/wp-json\/wp\/v2\/posts\/2718\/revisions"}],"predecessor-version":[{"id":2720,"href":"https:\/\/noti-america.com\/site\/mexico\/wp-json\/wp\/v2\/posts\/2718\/revisions\/2720"}],"wp:featuredmedia":[{"embeddable":true,"href":"https:\/\/noti-america.com\/site\/mexico\/wp-json\/wp\/v2\/media\/2622"}],"wp:attachment":[{"href":"https:\/\/noti-america.com\/site\/mexico\/wp-json\/wp\/v2\/media?parent=2718"}],"wp:term":[{"taxonomy":"category","embeddable":true,"href":"https:\/\/noti-america.com\/site\/mexico\/wp-json\/wp\/v2\/categories?post=2718"},{"taxonomy":"post_tag","embeddable":true,"href":"https:\/\/noti-america.com\/site\/mexico\/wp-json\/wp\/v2\/tags?post=2718"}],"curies":[{"name":"wp","href":"https:\/\/api.w.org\/{rel}","templated":true}]}}