{"id":2694,"date":"2019-01-22T03:57:57","date_gmt":"2019-01-22T03:57:57","guid":{"rendered":"http:\/\/noti-america.com\/site\/mexico\/?p=2694"},"modified":"2019-01-22T03:57:57","modified_gmt":"2019-01-22T03:57:57","slug":"caravana-migrante-llega-a-frontera-de-mexico-con-guatemala","status":"publish","type":"post","link":"https:\/\/noti-america.com\/site\/mexico\/2019\/01\/22\/caravana-migrante-llega-a-frontera-de-mexico-con-guatemala\/","title":{"rendered":"Caravana migrante llega a frontera de M\u00e9xico con Guatemala"},"content":{"rendered":"<h3><img loading=\"lazy\" decoding=\"async\" class=\" wp-image-2695 aligncenter\" src=\"http:\/\/noti-america.com\/site\/mexico\/wp-content\/uploads\/sites\/13\/2019\/01\/la_caravana_migrante_px29532318x_crop1548096342850.jpg_1970638775-300x189.jpg\" alt=\"\" width=\"506\" height=\"319\" srcset=\"https:\/\/noti-america.com\/site\/mexico\/wp-content\/uploads\/sites\/13\/2019\/01\/la_caravana_migrante_px29532318x_crop1548096342850.jpg_1970638775-300x189.jpg 300w, https:\/\/noti-america.com\/site\/mexico\/wp-content\/uploads\/sites\/13\/2019\/01\/la_caravana_migrante_px29532318x_crop1548096342850.jpg_1970638775-768x484.jpg 768w, https:\/\/noti-america.com\/site\/mexico\/wp-content\/uploads\/sites\/13\/2019\/01\/la_caravana_migrante_px29532318x_crop1548096342850.jpg_1970638775.jpg 770w\" sizes=\"auto, (max-width: 506px) 100vw, 506px\" \/><\/h3>\n<h3><\/h3>\n<h3>Fuente:\u00a0\u00a0https:\/\/www.informador.mx<\/h3>\n<p>&nbsp;<\/p>\n<p>Unos 400 migrantes de la caravana que parti\u00f3 el pasado domingo de Honduras llegaron a este punto fronterizo con\u00a0<strong>M\u00e9xico<\/strong>\u00a0y\u00a0<strong>se desplazaron al Puente Internacional Rodolfo Robles, que sirve de divisi\u00f3n pol\u00edtica entre M\u00e9xico y Guatemala; para tramitar la Tarjeta por Razones Humanitarias que les permita transitar libremente por territorio nacional<\/strong>\u00a0por un lapso de un a\u00f1o.<\/p>\n<p><strong>Durante un recorrido, se observ\u00f3 que la fila de solicitantes abarca todo el Puente Internacional, unos 300 metros<\/strong>; donde personal del Instituto Nacional de Migraci\u00f3n (INM) de manera ordenada forman en filas a los extranjeros de acuerdo al tipo de proceso en que va el tr\u00e1mite.<\/p>\n<div id=\"div-pos-2\"><\/div>\n<div id=\"div-gpt-ad-1539621500235-0\" data-google-query-id=\"CKPK7JO_gOACFVUuaQodvY0Oaw\"><\/div>\n<div data-oembed-url=\"https:\/\/www.informador.mx\/mexico\/Entregan-primeras-tarjetas-de-visita-humanitaria-a-migrantes--20190121-0007.html\">\n<div class=\"iframely-embed\">\n<div>\n<div>\n<div class=\"body\">\n<div class=\"w __if _lc _sm _od _alsd _alcd _lh15 _xf _xm _xi _xt _xd __wc-600\">\n<div class=\"wf\">\n<div class=\"wc\">\n<div class=\"e\" data-style=\"padding-bottom: 53.6508%;\">\n<div class=\"em\"><\/div>\n<\/div>\n<\/div>\n<div class=\"wt\">\n<div class=\"t _f0\">\n<div class=\"th _f1p\">Entregan primeras tarjetas de visita humanitaria a migrantes<\/div>\n<div class=\"td\">Hasta ayer, en Ciudad Hidalgo se registraron cuatro mil 511 solicitudes de visitantes por razones humanitarias y 915 de infantes y adolescentes,<\/div>\n<div class=\"tf _f1m\"><\/div>\n<\/div>\n<\/div>\n<\/div>\n<\/div>\n<\/div>\n<\/div>\n<\/div>\n<\/div>\n<\/div>\n<p>Hombres, mujeres con ni\u00f1os, adultos mayores y personas con capacidades diferentes, esperan bajo temperaturas de hasta 38 grados, ser atendidos por el personal migratorio.<\/p>\n<p>Ante la negativa de los pobladores de Ciudad Hidalgo, localidad fronteriza con M\u00e9xico, de instalar el albergue; las mujeres con sus hijos son alojados en un refugio improvisado en el Puerto Fronterizo mientras esperan que concluya el tr\u00e1mite de la Tarjeta por Razones Humanitarias.<\/p>\n<p>En un cartel se informa a\u00a0<strong>los migrantes<\/strong>\u00a0los derechos y obligaciones de este programa humanitarios, entre ellos que los hijos de los migrantes podr\u00e1n acceder a los servicios educativos, permiso para trabajar, atenci\u00f3n m\u00e9dica y medicamentos y entrar y salir del pa\u00eds mientras est\u00e9 vigente la mica.<\/p>\n","protected":false},"excerpt":{"rendered":"<p>Fuente:\u00a0\u00a0https:\/\/www.informador.mx &nbsp; Unos 400 migrantes de la caravana que parti\u00f3 el pasado domingo de Honduras llegaron a este punto fronterizo con\u00a0M\u00e9xico\u00a0y\u00a0se desplazaron al Puente Internacional Rodolfo Robles, que sirve de divisi\u00f3n pol\u00edtica entre M\u00e9xico&#46;&#46;&#46;<\/p>\n","protected":false},"author":28,"featured_media":2695,"comment_status":"open","ping_status":"open","sticky":false,"template":"","format":"standard","meta":{"_acf_changed":false,"om_disable_all_campaigns":false,"rop_custom_images_group":[],"rop_custom_messages_group":[],"rop_publish_now":"initial","rop_publish_now_accounts":{"twitter_242054905_242054905":""},"rop_publish_now_history":[],"rop_publish_now_status":"pending","_uf_show_specific_survey":0,"_uf_disable_surveys":false,"footnotes":""},"categories":[1],"tags":[296],"class_list":["post-2694","post","type-post","status-publish","format-standard","has-post-thumbnail","hentry","category-uncategorized","tag-caravana-migrante-llega-a-frontera-de-mexico-con-guatemala"],"acf":[],"aioseo_notices":[],"yoast_head":"<!-- This site is optimized with the Yoast SEO Premium plugin v24.9 (Yoast SEO v27.2) - https:\/\/yoast.com\/product\/yoast-seo-premium-wordpress\/ -->\n<title>Caravana migrante llega a frontera de M\u00e9xico con Guatemala - M\u00e9xico<\/title>\n<meta name=\"robots\" content=\"index, follow, max-snippet:-1, max-image-preview:large, max-video-preview:-1\" \/>\n<link rel=\"canonical\" href=\"https:\/\/noti-america.com\/site\/mexico\/2019\/01\/22\/caravana-migrante-llega-a-frontera-de-mexico-con-guatemala\/\" \/>\n<meta property=\"og:locale\" content=\"es_ES\" \/>\n<meta property=\"og:type\" content=\"article\" \/>\n<meta property=\"og:title\" content=\"Caravana migrante llega a frontera de M\u00e9xico con Guatemala\" \/>\n<meta property=\"og:description\" content=\"Fuente:\u00a0\u00a0https:\/\/www.informador.mx &nbsp; Unos 400 migrantes de la caravana que parti\u00f3 el pasado domingo de Honduras llegaron a este punto fronterizo con\u00a0M\u00e9xico\u00a0y\u00a0se desplazaron al Puente Internacional Rodolfo Robles, que sirve de divisi\u00f3n pol\u00edtica entre M\u00e9xico&#046;&#046;&#046;\" \/>\n<meta property=\"og:url\" content=\"https:\/\/noti-america.com\/site\/mexico\/2019\/01\/22\/caravana-migrante-llega-a-frontera-de-mexico-con-guatemala\/\" \/>\n<meta property=\"og:site_name\" content=\"M\u00e9xico\" \/>\n<meta property=\"article:published_time\" content=\"2019-01-22T03:57:57+00:00\" \/>\n<meta property=\"og:image\" content=\"https:\/\/noti-america.com\/site\/mexico\/wp-content\/uploads\/sites\/13\/2019\/01\/la_caravana_migrante_px29532318x_crop1548096342850.jpg_1970638775.jpg\" \/>\n\t<meta property=\"og:image:width\" content=\"770\" \/>\n\t<meta property=\"og:image:height\" content=\"485\" \/>\n\t<meta property=\"og:image:type\" content=\"image\/jpeg\" \/>\n<meta name=\"author\" content=\"Redacci\u00f3n NA-NY\" \/>\n<meta name=\"twitter:card\" content=\"summary_large_image\" \/>\n<meta name=\"twitter:label1\" content=\"Escrito por\" \/>\n\t<meta name=\"twitter:data1\" content=\"Redacci\u00f3n NA-NY\" \/>\n\t<meta name=\"twitter:label2\" content=\"Tiempo estimado de lectura\" \/>\n\t<meta name=\"twitter:data2\" content=\"1 minuto\" \/>\n<script type=\"application\/ld+json\" class=\"yoast-schema-graph\">{\"@context\":\"https:\/\/schema.org\",\"@graph\":[{\"@type\":\"Article\",\"@id\":\"https:\/\/noti-america.com\/site\/mexico\/2019\/01\/22\/caravana-migrante-llega-a-frontera-de-mexico-con-guatemala\/#article\",\"isPartOf\":{\"@id\":\"https:\/\/noti-america.com\/site\/mexico\/2019\/01\/22\/caravana-migrante-llega-a-frontera-de-mexico-con-guatemala\/\"},\"author\":{\"name\":\"Redacci\u00f3n NA-NY\",\"@id\":\"https:\/\/noti-america.com\/site\/mexico\/#\/schema\/person\/db5a6527aaddfc34b3753d557a1292f0\"},\"headline\":\"Caravana migrante llega a frontera de M\u00e9xico con Guatemala\",\"datePublished\":\"2019-01-22T03:57:57+00:00\",\"mainEntityOfPage\":{\"@id\":\"https:\/\/noti-america.com\/site\/mexico\/2019\/01\/22\/caravana-migrante-llega-a-frontera-de-mexico-con-guatemala\/\"},\"wordCount\":275,\"commentCount\":0,\"publisher\":{\"@id\":\"https:\/\/noti-america.com\/site\/mexico\/#organization\"},\"image\":{\"@id\":\"https:\/\/noti-america.com\/site\/mexico\/2019\/01\/22\/caravana-migrante-llega-a-frontera-de-mexico-con-guatemala\/#primaryimage\"},\"thumbnailUrl\":\"https:\/\/noti-america.com\/site\/mexico\/wp-content\/uploads\/sites\/13\/2019\/01\/la_caravana_migrante_px29532318x_crop1548096342850.jpg_1970638775.jpg\",\"keywords\":[\"Caravana migrante llega a frontera de M\u00e9xico con Guatemala\"],\"articleSection\":[\"Uncategorized\"],\"inLanguage\":\"es\",\"potentialAction\":[{\"@type\":\"CommentAction\",\"name\":\"Comment\",\"target\":[\"https:\/\/noti-america.com\/site\/mexico\/2019\/01\/22\/caravana-migrante-llega-a-frontera-de-mexico-con-guatemala\/#respond\"]}]},{\"@type\":\"WebPage\",\"@id\":\"https:\/\/noti-america.com\/site\/mexico\/2019\/01\/22\/caravana-migrante-llega-a-frontera-de-mexico-con-guatemala\/\",\"url\":\"https:\/\/noti-america.com\/site\/mexico\/2019\/01\/22\/caravana-migrante-llega-a-frontera-de-mexico-con-guatemala\/\",\"name\":\"Caravana migrante llega a frontera de M\u00e9xico con Guatemala - M\u00e9xico\",\"isPartOf\":{\"@id\":\"https:\/\/noti-america.com\/site\/mexico\/#website\"},\"primaryImageOfPage\":{\"@id\":\"https:\/\/noti-america.com\/site\/mexico\/2019\/01\/22\/caravana-migrante-llega-a-frontera-de-mexico-con-guatemala\/#primaryimage\"},\"image\":{\"@id\":\"https:\/\/noti-america.com\/site\/mexico\/2019\/01\/22\/caravana-migrante-llega-a-frontera-de-mexico-con-guatemala\/#primaryimage\"},\"thumbnailUrl\":\"https:\/\/noti-america.com\/site\/mexico\/wp-content\/uploads\/sites\/13\/2019\/01\/la_caravana_migrante_px29532318x_crop1548096342850.jpg_1970638775.jpg\",\"datePublished\":\"2019-01-22T03:57:57+00:00\",\"breadcrumb\":{\"@id\":\"https:\/\/noti-america.com\/site\/mexico\/2019\/01\/22\/caravana-migrante-llega-a-frontera-de-mexico-con-guatemala\/#breadcrumb\"},\"inLanguage\":\"es\",\"potentialAction\":[{\"@type\":\"ReadAction\",\"target\":[\"https:\/\/noti-america.com\/site\/mexico\/2019\/01\/22\/caravana-migrante-llega-a-frontera-de-mexico-con-guatemala\/\"]}]},{\"@type\":\"ImageObject\",\"inLanguage\":\"es\",\"@id\":\"https:\/\/noti-america.com\/site\/mexico\/2019\/01\/22\/caravana-migrante-llega-a-frontera-de-mexico-con-guatemala\/#primaryimage\",\"url\":\"https:\/\/noti-america.com\/site\/mexico\/wp-content\/uploads\/sites\/13\/2019\/01\/la_caravana_migrante_px29532318x_crop1548096342850.jpg_1970638775.jpg\",\"contentUrl\":\"https:\/\/noti-america.com\/site\/mexico\/wp-content\/uploads\/sites\/13\/2019\/01\/la_caravana_migrante_px29532318x_crop1548096342850.jpg_1970638775.jpg\",\"width\":770,\"height\":485},{\"@type\":\"BreadcrumbList\",\"@id\":\"https:\/\/noti-america.com\/site\/mexico\/2019\/01\/22\/caravana-migrante-llega-a-frontera-de-mexico-con-guatemala\/#breadcrumb\",\"itemListElement\":[{\"@type\":\"ListItem\",\"position\":1,\"name\":\"Portada\",\"item\":\"https:\/\/noti-america.com\/site\/mexico\/\"},{\"@type\":\"ListItem\",\"position\":2,\"name\":\"Caravana migrante llega a frontera de M\u00e9xico con Guatemala\"}]},{\"@type\":\"WebSite\",\"@id\":\"https:\/\/noti-america.com\/site\/mexico\/#website\",\"url\":\"https:\/\/noti-america.com\/site\/mexico\/\",\"name\":\"M\u00e9xico | Noti-America.com\",\"description\":\"\",\"publisher\":{\"@id\":\"https:\/\/noti-america.com\/site\/mexico\/#organization\"},\"potentialAction\":[{\"@type\":\"SearchAction\",\"target\":{\"@type\":\"EntryPoint\",\"urlTemplate\":\"https:\/\/noti-america.com\/site\/mexico\/?s={search_term_string}\"},\"query-input\":{\"@type\":\"PropertyValueSpecification\",\"valueRequired\":true,\"valueName\":\"search_term_string\"}}],\"inLanguage\":\"es\"},{\"@type\":\"Organization\",\"@id\":\"https:\/\/noti-america.com\/site\/mexico\/#organization\",\"name\":\"Noti-America LLC | M\u00e9xico\",\"url\":\"https:\/\/noti-america.com\/site\/mexico\/\",\"logo\":{\"@type\":\"ImageObject\",\"inLanguage\":\"es\",\"@id\":\"https:\/\/noti-america.com\/site\/mexico\/#\/schema\/logo\/image\/\",\"url\":\"https:\/\/noti-america.com\/site\/mexico\/wp-content\/uploads\/sites\/13\/2020\/07\/LogoNA-4x3-1.jpg\",\"contentUrl\":\"https:\/\/noti-america.com\/site\/mexico\/wp-content\/uploads\/sites\/13\/2020\/07\/LogoNA-4x3-1.jpg\",\"width\":1236,\"height\":1080,\"caption\":\"Noti-America LLC | M\u00e9xico\"},\"image\":{\"@id\":\"https:\/\/noti-america.com\/site\/mexico\/#\/schema\/logo\/image\/\"}},{\"@type\":\"Person\",\"@id\":\"https:\/\/noti-america.com\/site\/mexico\/#\/schema\/person\/db5a6527aaddfc34b3753d557a1292f0\",\"name\":\"Redacci\u00f3n NA-NY\",\"image\":{\"@type\":\"ImageObject\",\"inLanguage\":\"es\",\"@id\":\"https:\/\/secure.gravatar.com\/avatar\/2bd75bb500a8deb1390f777293a9af32d934c46613d2fbac7cceb2aaa2679ae8?s=96&d=mm&r=g\",\"url\":\"https:\/\/secure.gravatar.com\/avatar\/2bd75bb500a8deb1390f777293a9af32d934c46613d2fbac7cceb2aaa2679ae8?s=96&d=mm&r=g\",\"contentUrl\":\"https:\/\/secure.gravatar.com\/avatar\/2bd75bb500a8deb1390f777293a9af32d934c46613d2fbac7cceb2aaa2679ae8?s=96&d=mm&r=g\",\"caption\":\"Redacci\u00f3n NA-NY\"},\"url\":\"https:\/\/noti-america.com\/site\/mexico\/author\/redaccionny\/\"}]}<\/script>\n<!-- \/ Yoast SEO Premium plugin. -->","yoast_head_json":{"title":"Caravana migrante llega a frontera de M\u00e9xico con Guatemala - M\u00e9xico","robots":{"index":"index","follow":"follow","max-snippet":"max-snippet:-1","max-image-preview":"max-image-preview:large","max-video-preview":"max-video-preview:-1"},"canonical":"https:\/\/noti-america.com\/site\/mexico\/2019\/01\/22\/caravana-migrante-llega-a-frontera-de-mexico-con-guatemala\/","og_locale":"es_ES","og_type":"article","og_title":"Caravana migrante llega a frontera de M\u00e9xico con Guatemala","og_description":"Fuente:\u00a0\u00a0https:\/\/www.informador.mx &nbsp; Unos 400 migrantes de la caravana que parti\u00f3 el pasado domingo de Honduras llegaron a este punto fronterizo con\u00a0M\u00e9xico\u00a0y\u00a0se desplazaron al Puente Internacional Rodolfo Robles, que sirve de divisi\u00f3n pol\u00edtica entre M\u00e9xico&#46;&#46;&#46;","og_url":"https:\/\/noti-america.com\/site\/mexico\/2019\/01\/22\/caravana-migrante-llega-a-frontera-de-mexico-con-guatemala\/","og_site_name":"M\u00e9xico","article_published_time":"2019-01-22T03:57:57+00:00","og_image":[{"width":770,"height":485,"url":"https:\/\/noti-america.com\/site\/mexico\/wp-content\/uploads\/sites\/13\/2019\/01\/la_caravana_migrante_px29532318x_crop1548096342850.jpg_1970638775.jpg","type":"image\/jpeg"}],"author":"Redacci\u00f3n NA-NY","twitter_card":"summary_large_image","twitter_misc":{"Escrito por":"Redacci\u00f3n NA-NY","Tiempo estimado de lectura":"1 minuto"},"schema":{"@context":"https:\/\/schema.org","@graph":[{"@type":"Article","@id":"https:\/\/noti-america.com\/site\/mexico\/2019\/01\/22\/caravana-migrante-llega-a-frontera-de-mexico-con-guatemala\/#article","isPartOf":{"@id":"https:\/\/noti-america.com\/site\/mexico\/2019\/01\/22\/caravana-migrante-llega-a-frontera-de-mexico-con-guatemala\/"},"author":{"name":"Redacci\u00f3n NA-NY","@id":"https:\/\/noti-america.com\/site\/mexico\/#\/schema\/person\/db5a6527aaddfc34b3753d557a1292f0"},"headline":"Caravana migrante llega a frontera de M\u00e9xico con Guatemala","datePublished":"2019-01-22T03:57:57+00:00","mainEntityOfPage":{"@id":"https:\/\/noti-america.com\/site\/mexico\/2019\/01\/22\/caravana-migrante-llega-a-frontera-de-mexico-con-guatemala\/"},"wordCount":275,"commentCount":0,"publisher":{"@id":"https:\/\/noti-america.com\/site\/mexico\/#organization"},"image":{"@id":"https:\/\/noti-america.com\/site\/mexico\/2019\/01\/22\/caravana-migrante-llega-a-frontera-de-mexico-con-guatemala\/#primaryimage"},"thumbnailUrl":"https:\/\/noti-america.com\/site\/mexico\/wp-content\/uploads\/sites\/13\/2019\/01\/la_caravana_migrante_px29532318x_crop1548096342850.jpg_1970638775.jpg","keywords":["Caravana migrante llega a frontera de M\u00e9xico con Guatemala"],"articleSection":["Uncategorized"],"inLanguage":"es","potentialAction":[{"@type":"CommentAction","name":"Comment","target":["https:\/\/noti-america.com\/site\/mexico\/2019\/01\/22\/caravana-migrante-llega-a-frontera-de-mexico-con-guatemala\/#respond"]}]},{"@type":"WebPage","@id":"https:\/\/noti-america.com\/site\/mexico\/2019\/01\/22\/caravana-migrante-llega-a-frontera-de-mexico-con-guatemala\/","url":"https:\/\/noti-america.com\/site\/mexico\/2019\/01\/22\/caravana-migrante-llega-a-frontera-de-mexico-con-guatemala\/","name":"Caravana migrante llega a frontera de M\u00e9xico con Guatemala - M\u00e9xico","isPartOf":{"@id":"https:\/\/noti-america.com\/site\/mexico\/#website"},"primaryImageOfPage":{"@id":"https:\/\/noti-america.com\/site\/mexico\/2019\/01\/22\/caravana-migrante-llega-a-frontera-de-mexico-con-guatemala\/#primaryimage"},"image":{"@id":"https:\/\/noti-america.com\/site\/mexico\/2019\/01\/22\/caravana-migrante-llega-a-frontera-de-mexico-con-guatemala\/#primaryimage"},"thumbnailUrl":"https:\/\/noti-america.com\/site\/mexico\/wp-content\/uploads\/sites\/13\/2019\/01\/la_caravana_migrante_px29532318x_crop1548096342850.jpg_1970638775.jpg","datePublished":"2019-01-22T03:57:57+00:00","breadcrumb":{"@id":"https:\/\/noti-america.com\/site\/mexico\/2019\/01\/22\/caravana-migrante-llega-a-frontera-de-mexico-con-guatemala\/#breadcrumb"},"inLanguage":"es","potentialAction":[{"@type":"ReadAction","target":["https:\/\/noti-america.com\/site\/mexico\/2019\/01\/22\/caravana-migrante-llega-a-frontera-de-mexico-con-guatemala\/"]}]},{"@type":"ImageObject","inLanguage":"es","@id":"https:\/\/noti-america.com\/site\/mexico\/2019\/01\/22\/caravana-migrante-llega-a-frontera-de-mexico-con-guatemala\/#primaryimage","url":"https:\/\/noti-america.com\/site\/mexico\/wp-content\/uploads\/sites\/13\/2019\/01\/la_caravana_migrante_px29532318x_crop1548096342850.jpg_1970638775.jpg","contentUrl":"https:\/\/noti-america.com\/site\/mexico\/wp-content\/uploads\/sites\/13\/2019\/01\/la_caravana_migrante_px29532318x_crop1548096342850.jpg_1970638775.jpg","width":770,"height":485},{"@type":"BreadcrumbList","@id":"https:\/\/noti-america.com\/site\/mexico\/2019\/01\/22\/caravana-migrante-llega-a-frontera-de-mexico-con-guatemala\/#breadcrumb","itemListElement":[{"@type":"ListItem","position":1,"name":"Portada","item":"https:\/\/noti-america.com\/site\/mexico\/"},{"@type":"ListItem","position":2,"name":"Caravana migrante llega a frontera de M\u00e9xico con Guatemala"}]},{"@type":"WebSite","@id":"https:\/\/noti-america.com\/site\/mexico\/#website","url":"https:\/\/noti-america.com\/site\/mexico\/","name":"M\u00e9xico | Noti-America.com","description":"","publisher":{"@id":"https:\/\/noti-america.com\/site\/mexico\/#organization"},"potentialAction":[{"@type":"SearchAction","target":{"@type":"EntryPoint","urlTemplate":"https:\/\/noti-america.com\/site\/mexico\/?s={search_term_string}"},"query-input":{"@type":"PropertyValueSpecification","valueRequired":true,"valueName":"search_term_string"}}],"inLanguage":"es"},{"@type":"Organization","@id":"https:\/\/noti-america.com\/site\/mexico\/#organization","name":"Noti-America LLC | M\u00e9xico","url":"https:\/\/noti-america.com\/site\/mexico\/","logo":{"@type":"ImageObject","inLanguage":"es","@id":"https:\/\/noti-america.com\/site\/mexico\/#\/schema\/logo\/image\/","url":"https:\/\/noti-america.com\/site\/mexico\/wp-content\/uploads\/sites\/13\/2020\/07\/LogoNA-4x3-1.jpg","contentUrl":"https:\/\/noti-america.com\/site\/mexico\/wp-content\/uploads\/sites\/13\/2020\/07\/LogoNA-4x3-1.jpg","width":1236,"height":1080,"caption":"Noti-America LLC | M\u00e9xico"},"image":{"@id":"https:\/\/noti-america.com\/site\/mexico\/#\/schema\/logo\/image\/"}},{"@type":"Person","@id":"https:\/\/noti-america.com\/site\/mexico\/#\/schema\/person\/db5a6527aaddfc34b3753d557a1292f0","name":"Redacci\u00f3n NA-NY","image":{"@type":"ImageObject","inLanguage":"es","@id":"https:\/\/secure.gravatar.com\/avatar\/2bd75bb500a8deb1390f777293a9af32d934c46613d2fbac7cceb2aaa2679ae8?s=96&d=mm&r=g","url":"https:\/\/secure.gravatar.com\/avatar\/2bd75bb500a8deb1390f777293a9af32d934c46613d2fbac7cceb2aaa2679ae8?s=96&d=mm&r=g","contentUrl":"https:\/\/secure.gravatar.com\/avatar\/2bd75bb500a8deb1390f777293a9af32d934c46613d2fbac7cceb2aaa2679ae8?s=96&d=mm&r=g","caption":"Redacci\u00f3n NA-NY"},"url":"https:\/\/noti-america.com\/site\/mexico\/author\/redaccionny\/"}]}},"_links":{"self":[{"href":"https:\/\/noti-america.com\/site\/mexico\/wp-json\/wp\/v2\/posts\/2694","targetHints":{"allow":["GET"]}}],"collection":[{"href":"https:\/\/noti-america.com\/site\/mexico\/wp-json\/wp\/v2\/posts"}],"about":[{"href":"https:\/\/noti-america.com\/site\/mexico\/wp-json\/wp\/v2\/types\/post"}],"author":[{"embeddable":true,"href":"https:\/\/noti-america.com\/site\/mexico\/wp-json\/wp\/v2\/users\/28"}],"replies":[{"embeddable":true,"href":"https:\/\/noti-america.com\/site\/mexico\/wp-json\/wp\/v2\/comments?post=2694"}],"version-history":[{"count":1,"href":"https:\/\/noti-america.com\/site\/mexico\/wp-json\/wp\/v2\/posts\/2694\/revisions"}],"predecessor-version":[{"id":2696,"href":"https:\/\/noti-america.com\/site\/mexico\/wp-json\/wp\/v2\/posts\/2694\/revisions\/2696"}],"wp:featuredmedia":[{"embeddable":true,"href":"https:\/\/noti-america.com\/site\/mexico\/wp-json\/wp\/v2\/media\/2695"}],"wp:attachment":[{"href":"https:\/\/noti-america.com\/site\/mexico\/wp-json\/wp\/v2\/media?parent=2694"}],"wp:term":[{"taxonomy":"category","embeddable":true,"href":"https:\/\/noti-america.com\/site\/mexico\/wp-json\/wp\/v2\/categories?post=2694"},{"taxonomy":"post_tag","embeddable":true,"href":"https:\/\/noti-america.com\/site\/mexico\/wp-json\/wp\/v2\/tags?post=2694"}],"curies":[{"name":"wp","href":"https:\/\/api.w.org\/{rel}","templated":true}]}}