{"id":2666,"date":"2019-01-21T17:11:44","date_gmt":"2019-01-21T17:11:44","guid":{"rendered":"http:\/\/noti-america.com\/site\/mexico\/?p=2666"},"modified":"2019-01-21T17:11:44","modified_gmt":"2019-01-21T17:11:44","slug":"bluemonday-hoy-es-dia-mas-triste-del-ano-te-decimos-por-que","status":"publish","type":"post","link":"https:\/\/noti-america.com\/site\/mexico\/2019\/01\/21\/bluemonday-hoy-es-dia-mas-triste-del-ano-te-decimos-por-que\/","title":{"rendered":"#BlueMonday, HOY es d\u00eda m\u00e1s triste del a\u00f1o, te decimos por qu\u00e9"},"content":{"rendered":"<h3><img loading=\"lazy\" decoding=\"async\" class=\"alignnone  wp-image-2667 aligncenter\" src=\"http:\/\/noti-america.com\/site\/mexico\/wp-content\/uploads\/sites\/13\/2019\/01\/2084921-300x225.jpg\" alt=\"\" width=\"396\" height=\"297\" srcset=\"https:\/\/noti-america.com\/site\/mexico\/wp-content\/uploads\/sites\/13\/2019\/01\/2084921-300x225.jpg 300w, https:\/\/noti-america.com\/site\/mexico\/wp-content\/uploads\/sites\/13\/2019\/01\/2084921.jpg 664w\" sizes=\"auto, (max-width: 396px) 100vw, 396px\" \/><\/h3>\n<h3>Fuente\u00a0\u00a0https:\/\/www.excelsior.com.mx<\/h3>\n<p>&nbsp;<\/p>\n<p class=\"letter-capitular\">Hay d\u00edas en que nos levantamos con el pie izquierdo\u00a0y todo sale mal, eso es normal, pero\u00a0\u00bfsab\u00edas que hoy es considerado<strong>\u00a0el d\u00eda m\u00e1s deprimente del a\u00f1o<\/strong>?<\/p>\n<p>Aunque los\u00a0<strong>lunes<\/strong>\u00a0siempre son tediosos y complicados, el\u00a0<strong>tercer lunes de enero<\/strong>\u00a0presenta dessaf\u00edos mayores en cuanto a lo an\u00edmico.<\/p>\n<p><span class=\"article-body-balloon\">\u00a1Cuidado! No confundas nostalgia de fin de a\u00f1o con depresi\u00f3n<\/span><\/p>\n<p>Si hoy te sientes sin ganas, cabizbajo y con profunda tristeza quiz\u00e1 es por el\u00a0<strong>&#8216;Blue Monday&#8217;.<\/strong><\/p>\n<p>De acuerdo con el especialista norteamericano en psicolog\u00eda<strong>\u00a0Cliff Arnall<\/strong>, una\u00a0<strong>f\u00f3rmula matem\u00e1tica\u00a0<\/strong>-que toma aspectos c\u00f3mo el tiempo restante hacia las vacaciones, estr\u00e9s, la\u00a0rutina y el no estar cumpliendo los prop\u00f3sitos- revel\u00f3\u00a0hoy es\u00a0el d\u00eda m\u00e1s triste del a\u00f1o.<\/p>\n<p>La f\u00f3rmula<strong>\u00a01\/8C+(D-d) 3\/8xTI MxNA<\/strong>\u00a0se explica de la siguiente manera:\u00a0\u00abC\u00bb es el factor clim\u00e1tico; \u00abD\u00bb las deudas adquiridas durante las fiestas; \u00abd\u00bb el dinero que se cobrar\u00e1 a finales de enero; \u00abT\u00bb es el tiempo transcurrido desde la Navidad; \u00abI\u00bb hace referencia al per\u00edodo desde el \u00faltimo intento fallido de dejar un mal h\u00e1bito como puede ser dejar de fumar, o comenzar un nuevo desaf\u00edo; \u00abM\u00bb las motivaciones que quedan; y por \u00faltimo; \u00abNA\u00bb es la necesidad de actuar para cambiar la vida.<\/p>\n<p>Entre los s\u00edntomas m\u00e1s frecuentes del \u00abBlue Monday\u00bb se destacan la\u00a0ansiedad, la irritabilidad;\u00a0 la<strong>\u00a0falta de energ\u00eda<\/strong>, as\u00ed como la<strong>\u00a0falta\u00a0de concentraci\u00f3n<\/strong>\u00a0y hambre.<\/p>\n","protected":false},"excerpt":{"rendered":"<p>Fuente\u00a0\u00a0https:\/\/www.excelsior.com.mx &nbsp; Hay d\u00edas en que nos levantamos con el pie izquierdo\u00a0y todo sale mal, eso es normal, pero\u00a0\u00bfsab\u00edas que hoy es considerado\u00a0el d\u00eda m\u00e1s deprimente del a\u00f1o? Aunque los\u00a0lunes\u00a0siempre son tediosos y complicados,&#46;&#46;&#46;<\/p>\n","protected":false},"author":28,"featured_media":2667,"comment_status":"open","ping_status":"open","sticky":false,"template":"","format":"standard","meta":{"_acf_changed":false,"om_disable_all_campaigns":false,"rop_custom_images_group":[],"rop_custom_messages_group":[],"rop_publish_now":"initial","rop_publish_now_accounts":{"twitter_242054905_242054905":""},"rop_publish_now_history":[],"rop_publish_now_status":"pending","_uf_show_specific_survey":0,"_uf_disable_surveys":false,"footnotes":""},"categories":[1],"tags":[284,285,286],"class_list":["post-2666","post","type-post","status-publish","format-standard","has-post-thumbnail","hentry","category-uncategorized","tag-bluemonday","tag-hoy-es-dia-mas-triste-del-ano","tag-te-decimos-por-que"],"acf":[],"aioseo_notices":[],"yoast_head":"<!-- This site is optimized with the Yoast SEO Premium plugin v24.9 (Yoast SEO v27.2) - https:\/\/yoast.com\/product\/yoast-seo-premium-wordpress\/ -->\n<title>#BlueMonday, HOY es d\u00eda m\u00e1s triste del a\u00f1o, te decimos por qu\u00e9 - M\u00e9xico<\/title>\n<meta name=\"robots\" content=\"index, follow, max-snippet:-1, max-image-preview:large, max-video-preview:-1\" \/>\n<link rel=\"canonical\" href=\"https:\/\/noti-america.com\/site\/mexico\/2019\/01\/21\/bluemonday-hoy-es-dia-mas-triste-del-ano-te-decimos-por-que\/\" \/>\n<meta property=\"og:locale\" content=\"es_ES\" \/>\n<meta property=\"og:type\" content=\"article\" \/>\n<meta property=\"og:title\" content=\"#BlueMonday, HOY es d\u00eda m\u00e1s triste del a\u00f1o, te decimos por qu\u00e9\" \/>\n<meta property=\"og:description\" content=\"Fuente\u00a0\u00a0https:\/\/www.excelsior.com.mx &nbsp; Hay d\u00edas en que nos levantamos con el pie izquierdo\u00a0y todo sale mal, eso es normal, pero\u00a0\u00bfsab\u00edas que hoy es considerado\u00a0el d\u00eda m\u00e1s deprimente del a\u00f1o? Aunque los\u00a0lunes\u00a0siempre son tediosos y complicados,&#046;&#046;&#046;\" \/>\n<meta property=\"og:url\" content=\"https:\/\/noti-america.com\/site\/mexico\/2019\/01\/21\/bluemonday-hoy-es-dia-mas-triste-del-ano-te-decimos-por-que\/\" \/>\n<meta property=\"og:site_name\" content=\"M\u00e9xico\" \/>\n<meta property=\"article:published_time\" content=\"2019-01-21T17:11:44+00:00\" \/>\n<meta property=\"og:image\" content=\"https:\/\/noti-america.com\/site\/mexico\/wp-content\/uploads\/sites\/13\/2019\/01\/2084921.jpg\" \/>\n\t<meta property=\"og:image:width\" content=\"664\" \/>\n\t<meta property=\"og:image:height\" content=\"498\" \/>\n\t<meta property=\"og:image:type\" content=\"image\/jpeg\" \/>\n<meta name=\"author\" content=\"Redacci\u00f3n NA-NY\" \/>\n<meta name=\"twitter:card\" content=\"summary_large_image\" \/>\n<meta name=\"twitter:label1\" content=\"Escrito por\" \/>\n\t<meta name=\"twitter:data1\" content=\"Redacci\u00f3n NA-NY\" \/>\n\t<meta name=\"twitter:label2\" content=\"Tiempo estimado de lectura\" \/>\n\t<meta name=\"twitter:data2\" content=\"1 minuto\" \/>\n<script type=\"application\/ld+json\" class=\"yoast-schema-graph\">{\"@context\":\"https:\/\/schema.org\",\"@graph\":[{\"@type\":\"Article\",\"@id\":\"https:\/\/noti-america.com\/site\/mexico\/2019\/01\/21\/bluemonday-hoy-es-dia-mas-triste-del-ano-te-decimos-por-que\/#article\",\"isPartOf\":{\"@id\":\"https:\/\/noti-america.com\/site\/mexico\/2019\/01\/21\/bluemonday-hoy-es-dia-mas-triste-del-ano-te-decimos-por-que\/\"},\"author\":{\"name\":\"Redacci\u00f3n NA-NY\",\"@id\":\"https:\/\/noti-america.com\/site\/mexico\/#\/schema\/person\/db5a6527aaddfc34b3753d557a1292f0\"},\"headline\":\"#BlueMonday, HOY es d\u00eda m\u00e1s triste del a\u00f1o, te decimos por qu\u00e9\",\"datePublished\":\"2019-01-21T17:11:44+00:00\",\"mainEntityOfPage\":{\"@id\":\"https:\/\/noti-america.com\/site\/mexico\/2019\/01\/21\/bluemonday-hoy-es-dia-mas-triste-del-ano-te-decimos-por-que\/\"},\"wordCount\":280,\"commentCount\":0,\"publisher\":{\"@id\":\"https:\/\/noti-america.com\/site\/mexico\/#organization\"},\"image\":{\"@id\":\"https:\/\/noti-america.com\/site\/mexico\/2019\/01\/21\/bluemonday-hoy-es-dia-mas-triste-del-ano-te-decimos-por-que\/#primaryimage\"},\"thumbnailUrl\":\"https:\/\/noti-america.com\/site\/mexico\/wp-content\/uploads\/sites\/13\/2019\/01\/2084921.jpg\",\"keywords\":[\"#BlueMonday\",\"HOY es d\u00eda m\u00e1s triste del a\u00f1o\",\"te decimos por qu\u00e9\"],\"articleSection\":[\"Uncategorized\"],\"inLanguage\":\"es\",\"potentialAction\":[{\"@type\":\"CommentAction\",\"name\":\"Comment\",\"target\":[\"https:\/\/noti-america.com\/site\/mexico\/2019\/01\/21\/bluemonday-hoy-es-dia-mas-triste-del-ano-te-decimos-por-que\/#respond\"]}]},{\"@type\":\"WebPage\",\"@id\":\"https:\/\/noti-america.com\/site\/mexico\/2019\/01\/21\/bluemonday-hoy-es-dia-mas-triste-del-ano-te-decimos-por-que\/\",\"url\":\"https:\/\/noti-america.com\/site\/mexico\/2019\/01\/21\/bluemonday-hoy-es-dia-mas-triste-del-ano-te-decimos-por-que\/\",\"name\":\"#BlueMonday, HOY es d\u00eda m\u00e1s triste del a\u00f1o, te decimos por qu\u00e9 - M\u00e9xico\",\"isPartOf\":{\"@id\":\"https:\/\/noti-america.com\/site\/mexico\/#website\"},\"primaryImageOfPage\":{\"@id\":\"https:\/\/noti-america.com\/site\/mexico\/2019\/01\/21\/bluemonday-hoy-es-dia-mas-triste-del-ano-te-decimos-por-que\/#primaryimage\"},\"image\":{\"@id\":\"https:\/\/noti-america.com\/site\/mexico\/2019\/01\/21\/bluemonday-hoy-es-dia-mas-triste-del-ano-te-decimos-por-que\/#primaryimage\"},\"thumbnailUrl\":\"https:\/\/noti-america.com\/site\/mexico\/wp-content\/uploads\/sites\/13\/2019\/01\/2084921.jpg\",\"datePublished\":\"2019-01-21T17:11:44+00:00\",\"breadcrumb\":{\"@id\":\"https:\/\/noti-america.com\/site\/mexico\/2019\/01\/21\/bluemonday-hoy-es-dia-mas-triste-del-ano-te-decimos-por-que\/#breadcrumb\"},\"inLanguage\":\"es\",\"potentialAction\":[{\"@type\":\"ReadAction\",\"target\":[\"https:\/\/noti-america.com\/site\/mexico\/2019\/01\/21\/bluemonday-hoy-es-dia-mas-triste-del-ano-te-decimos-por-que\/\"]}]},{\"@type\":\"ImageObject\",\"inLanguage\":\"es\",\"@id\":\"https:\/\/noti-america.com\/site\/mexico\/2019\/01\/21\/bluemonday-hoy-es-dia-mas-triste-del-ano-te-decimos-por-que\/#primaryimage\",\"url\":\"https:\/\/noti-america.com\/site\/mexico\/wp-content\/uploads\/sites\/13\/2019\/01\/2084921.jpg\",\"contentUrl\":\"https:\/\/noti-america.com\/site\/mexico\/wp-content\/uploads\/sites\/13\/2019\/01\/2084921.jpg\",\"width\":664,\"height\":498},{\"@type\":\"BreadcrumbList\",\"@id\":\"https:\/\/noti-america.com\/site\/mexico\/2019\/01\/21\/bluemonday-hoy-es-dia-mas-triste-del-ano-te-decimos-por-que\/#breadcrumb\",\"itemListElement\":[{\"@type\":\"ListItem\",\"position\":1,\"name\":\"Portada\",\"item\":\"https:\/\/noti-america.com\/site\/mexico\/\"},{\"@type\":\"ListItem\",\"position\":2,\"name\":\"#BlueMonday, HOY es d\u00eda m\u00e1s triste del a\u00f1o, te decimos por qu\u00e9\"}]},{\"@type\":\"WebSite\",\"@id\":\"https:\/\/noti-america.com\/site\/mexico\/#website\",\"url\":\"https:\/\/noti-america.com\/site\/mexico\/\",\"name\":\"M\u00e9xico | Noti-America.com\",\"description\":\"\",\"publisher\":{\"@id\":\"https:\/\/noti-america.com\/site\/mexico\/#organization\"},\"potentialAction\":[{\"@type\":\"SearchAction\",\"target\":{\"@type\":\"EntryPoint\",\"urlTemplate\":\"https:\/\/noti-america.com\/site\/mexico\/?s={search_term_string}\"},\"query-input\":{\"@type\":\"PropertyValueSpecification\",\"valueRequired\":true,\"valueName\":\"search_term_string\"}}],\"inLanguage\":\"es\"},{\"@type\":\"Organization\",\"@id\":\"https:\/\/noti-america.com\/site\/mexico\/#organization\",\"name\":\"Noti-America LLC | M\u00e9xico\",\"url\":\"https:\/\/noti-america.com\/site\/mexico\/\",\"logo\":{\"@type\":\"ImageObject\",\"inLanguage\":\"es\",\"@id\":\"https:\/\/noti-america.com\/site\/mexico\/#\/schema\/logo\/image\/\",\"url\":\"https:\/\/noti-america.com\/site\/mexico\/wp-content\/uploads\/sites\/13\/2020\/07\/LogoNA-4x3-1.jpg\",\"contentUrl\":\"https:\/\/noti-america.com\/site\/mexico\/wp-content\/uploads\/sites\/13\/2020\/07\/LogoNA-4x3-1.jpg\",\"width\":1236,\"height\":1080,\"caption\":\"Noti-America LLC | M\u00e9xico\"},\"image\":{\"@id\":\"https:\/\/noti-america.com\/site\/mexico\/#\/schema\/logo\/image\/\"}},{\"@type\":\"Person\",\"@id\":\"https:\/\/noti-america.com\/site\/mexico\/#\/schema\/person\/db5a6527aaddfc34b3753d557a1292f0\",\"name\":\"Redacci\u00f3n NA-NY\",\"image\":{\"@type\":\"ImageObject\",\"inLanguage\":\"es\",\"@id\":\"https:\/\/secure.gravatar.com\/avatar\/2bd75bb500a8deb1390f777293a9af32d934c46613d2fbac7cceb2aaa2679ae8?s=96&d=mm&r=g\",\"url\":\"https:\/\/secure.gravatar.com\/avatar\/2bd75bb500a8deb1390f777293a9af32d934c46613d2fbac7cceb2aaa2679ae8?s=96&d=mm&r=g\",\"contentUrl\":\"https:\/\/secure.gravatar.com\/avatar\/2bd75bb500a8deb1390f777293a9af32d934c46613d2fbac7cceb2aaa2679ae8?s=96&d=mm&r=g\",\"caption\":\"Redacci\u00f3n NA-NY\"},\"url\":\"https:\/\/noti-america.com\/site\/mexico\/author\/redaccionny\/\"}]}<\/script>\n<!-- \/ Yoast SEO Premium plugin. -->","yoast_head_json":{"title":"#BlueMonday, HOY es d\u00eda m\u00e1s triste del a\u00f1o, te decimos por qu\u00e9 - M\u00e9xico","robots":{"index":"index","follow":"follow","max-snippet":"max-snippet:-1","max-image-preview":"max-image-preview:large","max-video-preview":"max-video-preview:-1"},"canonical":"https:\/\/noti-america.com\/site\/mexico\/2019\/01\/21\/bluemonday-hoy-es-dia-mas-triste-del-ano-te-decimos-por-que\/","og_locale":"es_ES","og_type":"article","og_title":"#BlueMonday, HOY es d\u00eda m\u00e1s triste del a\u00f1o, te decimos por qu\u00e9","og_description":"Fuente\u00a0\u00a0https:\/\/www.excelsior.com.mx &nbsp; Hay d\u00edas en que nos levantamos con el pie izquierdo\u00a0y todo sale mal, eso es normal, pero\u00a0\u00bfsab\u00edas que hoy es considerado\u00a0el d\u00eda m\u00e1s deprimente del a\u00f1o? Aunque los\u00a0lunes\u00a0siempre son tediosos y complicados,&#46;&#46;&#46;","og_url":"https:\/\/noti-america.com\/site\/mexico\/2019\/01\/21\/bluemonday-hoy-es-dia-mas-triste-del-ano-te-decimos-por-que\/","og_site_name":"M\u00e9xico","article_published_time":"2019-01-21T17:11:44+00:00","og_image":[{"width":664,"height":498,"url":"https:\/\/noti-america.com\/site\/mexico\/wp-content\/uploads\/sites\/13\/2019\/01\/2084921.jpg","type":"image\/jpeg"}],"author":"Redacci\u00f3n NA-NY","twitter_card":"summary_large_image","twitter_misc":{"Escrito por":"Redacci\u00f3n NA-NY","Tiempo estimado de lectura":"1 minuto"},"schema":{"@context":"https:\/\/schema.org","@graph":[{"@type":"Article","@id":"https:\/\/noti-america.com\/site\/mexico\/2019\/01\/21\/bluemonday-hoy-es-dia-mas-triste-del-ano-te-decimos-por-que\/#article","isPartOf":{"@id":"https:\/\/noti-america.com\/site\/mexico\/2019\/01\/21\/bluemonday-hoy-es-dia-mas-triste-del-ano-te-decimos-por-que\/"},"author":{"name":"Redacci\u00f3n NA-NY","@id":"https:\/\/noti-america.com\/site\/mexico\/#\/schema\/person\/db5a6527aaddfc34b3753d557a1292f0"},"headline":"#BlueMonday, HOY es d\u00eda m\u00e1s triste del a\u00f1o, te decimos por qu\u00e9","datePublished":"2019-01-21T17:11:44+00:00","mainEntityOfPage":{"@id":"https:\/\/noti-america.com\/site\/mexico\/2019\/01\/21\/bluemonday-hoy-es-dia-mas-triste-del-ano-te-decimos-por-que\/"},"wordCount":280,"commentCount":0,"publisher":{"@id":"https:\/\/noti-america.com\/site\/mexico\/#organization"},"image":{"@id":"https:\/\/noti-america.com\/site\/mexico\/2019\/01\/21\/bluemonday-hoy-es-dia-mas-triste-del-ano-te-decimos-por-que\/#primaryimage"},"thumbnailUrl":"https:\/\/noti-america.com\/site\/mexico\/wp-content\/uploads\/sites\/13\/2019\/01\/2084921.jpg","keywords":["#BlueMonday","HOY es d\u00eda m\u00e1s triste del a\u00f1o","te decimos por qu\u00e9"],"articleSection":["Uncategorized"],"inLanguage":"es","potentialAction":[{"@type":"CommentAction","name":"Comment","target":["https:\/\/noti-america.com\/site\/mexico\/2019\/01\/21\/bluemonday-hoy-es-dia-mas-triste-del-ano-te-decimos-por-que\/#respond"]}]},{"@type":"WebPage","@id":"https:\/\/noti-america.com\/site\/mexico\/2019\/01\/21\/bluemonday-hoy-es-dia-mas-triste-del-ano-te-decimos-por-que\/","url":"https:\/\/noti-america.com\/site\/mexico\/2019\/01\/21\/bluemonday-hoy-es-dia-mas-triste-del-ano-te-decimos-por-que\/","name":"#BlueMonday, HOY es d\u00eda m\u00e1s triste del a\u00f1o, te decimos por qu\u00e9 - M\u00e9xico","isPartOf":{"@id":"https:\/\/noti-america.com\/site\/mexico\/#website"},"primaryImageOfPage":{"@id":"https:\/\/noti-america.com\/site\/mexico\/2019\/01\/21\/bluemonday-hoy-es-dia-mas-triste-del-ano-te-decimos-por-que\/#primaryimage"},"image":{"@id":"https:\/\/noti-america.com\/site\/mexico\/2019\/01\/21\/bluemonday-hoy-es-dia-mas-triste-del-ano-te-decimos-por-que\/#primaryimage"},"thumbnailUrl":"https:\/\/noti-america.com\/site\/mexico\/wp-content\/uploads\/sites\/13\/2019\/01\/2084921.jpg","datePublished":"2019-01-21T17:11:44+00:00","breadcrumb":{"@id":"https:\/\/noti-america.com\/site\/mexico\/2019\/01\/21\/bluemonday-hoy-es-dia-mas-triste-del-ano-te-decimos-por-que\/#breadcrumb"},"inLanguage":"es","potentialAction":[{"@type":"ReadAction","target":["https:\/\/noti-america.com\/site\/mexico\/2019\/01\/21\/bluemonday-hoy-es-dia-mas-triste-del-ano-te-decimos-por-que\/"]}]},{"@type":"ImageObject","inLanguage":"es","@id":"https:\/\/noti-america.com\/site\/mexico\/2019\/01\/21\/bluemonday-hoy-es-dia-mas-triste-del-ano-te-decimos-por-que\/#primaryimage","url":"https:\/\/noti-america.com\/site\/mexico\/wp-content\/uploads\/sites\/13\/2019\/01\/2084921.jpg","contentUrl":"https:\/\/noti-america.com\/site\/mexico\/wp-content\/uploads\/sites\/13\/2019\/01\/2084921.jpg","width":664,"height":498},{"@type":"BreadcrumbList","@id":"https:\/\/noti-america.com\/site\/mexico\/2019\/01\/21\/bluemonday-hoy-es-dia-mas-triste-del-ano-te-decimos-por-que\/#breadcrumb","itemListElement":[{"@type":"ListItem","position":1,"name":"Portada","item":"https:\/\/noti-america.com\/site\/mexico\/"},{"@type":"ListItem","position":2,"name":"#BlueMonday, HOY es d\u00eda m\u00e1s triste del a\u00f1o, te decimos por qu\u00e9"}]},{"@type":"WebSite","@id":"https:\/\/noti-america.com\/site\/mexico\/#website","url":"https:\/\/noti-america.com\/site\/mexico\/","name":"M\u00e9xico | Noti-America.com","description":"","publisher":{"@id":"https:\/\/noti-america.com\/site\/mexico\/#organization"},"potentialAction":[{"@type":"SearchAction","target":{"@type":"EntryPoint","urlTemplate":"https:\/\/noti-america.com\/site\/mexico\/?s={search_term_string}"},"query-input":{"@type":"PropertyValueSpecification","valueRequired":true,"valueName":"search_term_string"}}],"inLanguage":"es"},{"@type":"Organization","@id":"https:\/\/noti-america.com\/site\/mexico\/#organization","name":"Noti-America LLC | M\u00e9xico","url":"https:\/\/noti-america.com\/site\/mexico\/","logo":{"@type":"ImageObject","inLanguage":"es","@id":"https:\/\/noti-america.com\/site\/mexico\/#\/schema\/logo\/image\/","url":"https:\/\/noti-america.com\/site\/mexico\/wp-content\/uploads\/sites\/13\/2020\/07\/LogoNA-4x3-1.jpg","contentUrl":"https:\/\/noti-america.com\/site\/mexico\/wp-content\/uploads\/sites\/13\/2020\/07\/LogoNA-4x3-1.jpg","width":1236,"height":1080,"caption":"Noti-America LLC | M\u00e9xico"},"image":{"@id":"https:\/\/noti-america.com\/site\/mexico\/#\/schema\/logo\/image\/"}},{"@type":"Person","@id":"https:\/\/noti-america.com\/site\/mexico\/#\/schema\/person\/db5a6527aaddfc34b3753d557a1292f0","name":"Redacci\u00f3n NA-NY","image":{"@type":"ImageObject","inLanguage":"es","@id":"https:\/\/secure.gravatar.com\/avatar\/2bd75bb500a8deb1390f777293a9af32d934c46613d2fbac7cceb2aaa2679ae8?s=96&d=mm&r=g","url":"https:\/\/secure.gravatar.com\/avatar\/2bd75bb500a8deb1390f777293a9af32d934c46613d2fbac7cceb2aaa2679ae8?s=96&d=mm&r=g","contentUrl":"https:\/\/secure.gravatar.com\/avatar\/2bd75bb500a8deb1390f777293a9af32d934c46613d2fbac7cceb2aaa2679ae8?s=96&d=mm&r=g","caption":"Redacci\u00f3n NA-NY"},"url":"https:\/\/noti-america.com\/site\/mexico\/author\/redaccionny\/"}]}},"_links":{"self":[{"href":"https:\/\/noti-america.com\/site\/mexico\/wp-json\/wp\/v2\/posts\/2666","targetHints":{"allow":["GET"]}}],"collection":[{"href":"https:\/\/noti-america.com\/site\/mexico\/wp-json\/wp\/v2\/posts"}],"about":[{"href":"https:\/\/noti-america.com\/site\/mexico\/wp-json\/wp\/v2\/types\/post"}],"author":[{"embeddable":true,"href":"https:\/\/noti-america.com\/site\/mexico\/wp-json\/wp\/v2\/users\/28"}],"replies":[{"embeddable":true,"href":"https:\/\/noti-america.com\/site\/mexico\/wp-json\/wp\/v2\/comments?post=2666"}],"version-history":[{"count":1,"href":"https:\/\/noti-america.com\/site\/mexico\/wp-json\/wp\/v2\/posts\/2666\/revisions"}],"predecessor-version":[{"id":2668,"href":"https:\/\/noti-america.com\/site\/mexico\/wp-json\/wp\/v2\/posts\/2666\/revisions\/2668"}],"wp:featuredmedia":[{"embeddable":true,"href":"https:\/\/noti-america.com\/site\/mexico\/wp-json\/wp\/v2\/media\/2667"}],"wp:attachment":[{"href":"https:\/\/noti-america.com\/site\/mexico\/wp-json\/wp\/v2\/media?parent=2666"}],"wp:term":[{"taxonomy":"category","embeddable":true,"href":"https:\/\/noti-america.com\/site\/mexico\/wp-json\/wp\/v2\/categories?post=2666"},{"taxonomy":"post_tag","embeddable":true,"href":"https:\/\/noti-america.com\/site\/mexico\/wp-json\/wp\/v2\/tags?post=2666"}],"curies":[{"name":"wp","href":"https:\/\/api.w.org\/{rel}","templated":true}]}}