{"id":2650,"date":"2019-01-21T16:32:56","date_gmt":"2019-01-21T16:32:56","guid":{"rendered":"http:\/\/noti-america.com\/site\/mexico\/?p=2650"},"modified":"2019-01-21T16:32:56","modified_gmt":"2019-01-21T16:32:56","slug":"asi-seran-las-pipas-operadas-por-la-sedena-se-compraron-a-eu-por-85-mdd","status":"publish","type":"post","link":"https:\/\/noti-america.com\/site\/mexico\/2019\/01\/21\/asi-seran-las-pipas-operadas-por-la-sedena-se-compraron-a-eu-por-85-mdd\/","title":{"rendered":"As\u00ed ser\u00e1n las pipas operadas por la Sedena; se compraron a EU por 85 mdd"},"content":{"rendered":"<h3><img loading=\"lazy\" decoding=\"async\" class=\" wp-image-2651 aligncenter\" src=\"http:\/\/noti-america.com\/site\/mexico\/wp-content\/uploads\/sites\/13\/2019\/01\/165274-Principal-300x180.jpg\" alt=\"\" width=\"447\" height=\"268\" srcset=\"https:\/\/noti-america.com\/site\/mexico\/wp-content\/uploads\/sites\/13\/2019\/01\/165274-Principal-300x180.jpg 300w, https:\/\/noti-america.com\/site\/mexico\/wp-content\/uploads\/sites\/13\/2019\/01\/165274-Principal.jpg 750w\" sizes=\"auto, (max-width: 447px) 100vw, 447px\" \/><\/h3>\n<h3>https:\/\/www.unotv.com\/noticias<\/h3>\n<p>&nbsp;<\/p>\n<p dir=\"ltr\">El presidente\u00a0<strong>Andr\u00e9s Manuel L\u00f3pez Obrador (AMLO),<\/strong>\u00a0inform\u00f3 que se envi\u00f3 una misi\u00f3n a Estados Unidos para\u00a0<strong>adquirir autotanques,<\/strong>\u00a0los cuales van a estar operados por la Secretar\u00eda de la Defensa Nacional (<strong>Sedena<\/strong>), en el\u00a0<strong>plan DNII-E<\/strong>por desabasto de combustible.<\/p>\n<p dir=\"ltr\"><em><strong>El informe que tengo de ayer es de que ya se firmaron contratos para adquirir 571 pipas, con capacidad de 31 mil litros cada una y un costo de alrededor de 85 millones de d\u00f3lares. A finales de marzo se tendr\u00e1 capacidad para transportar 116 mil barriles adicionales\u00bb.\u00a0<u>AMLO.<\/u><\/strong><\/em><\/p>\n<div class=\"gallery\">\n<div class=\"item-gallery\"><img decoding=\"async\" class=\"aligncenter\" src=\"https:\/\/www.unotv.com\/portal\/unotv\/imagenes_galeria\/165275-GaleriaUno.jpg\" alt=\"Foto: Especial.\" \/><u>Foto: Especial.<\/u><\/p>\n<\/div>\n<\/div>\n<p dir=\"ltr\">Por su parte, el titular de la Sedena, el\u00a0<strong>general Luis Cresencio Sandoval Gonz\u00e1lez,<\/strong>\u00a0inform\u00f3 que se recibieron en total\u00a0<strong>seis mil 199 solicitudes<\/strong>\u00a0para manejar las pipas y hasta ahora se tienen aptos para ser contratados\u00a0<strong>120 personas.<\/strong><\/p>\n<p dir=\"ltr\">Indic\u00f3 que cuando se recibieron a los aspirantes se revis\u00f3 la documentaci\u00f3n, donde se vieron los requisitos para tener las capacidades.<\/p>\n<p dir=\"ltr\">Se\u00f1al\u00f3 que despu\u00e9s se realiz\u00f3 una tercera etapa con ex\u00e1menes m\u00e9dicos y pr\u00e1cticos.<\/p>\n<p dir=\"ltr\"><em><strong>Nos quedan pendientes por evaluar 450 personas. 120 hombres\u00a0ya est\u00e1n en capacidad para ser contratados\u00bb.\u00a0<u>general Luis Cresencio Sandoval Gonz\u00e1lez, secretario de la Defensa Nacional (Sedena).<\/u><\/strong><\/em><\/p>\n<h3><\/h3>\n<h3><\/h3>\n","protected":false},"excerpt":{"rendered":"<p>https:\/\/www.unotv.com\/noticias &nbsp; El presidente\u00a0Andr\u00e9s Manuel L\u00f3pez Obrador (AMLO),\u00a0inform\u00f3 que se envi\u00f3 una misi\u00f3n a Estados Unidos para\u00a0adquirir autotanques,\u00a0los cuales van a estar operados por la Secretar\u00eda de la Defensa Nacional (Sedena), en el\u00a0plan DNII-Epor&#46;&#46;&#46;<\/p>\n","protected":false},"author":28,"featured_media":2651,"comment_status":"open","ping_status":"open","sticky":false,"template":"","format":"standard","meta":{"_acf_changed":false,"om_disable_all_campaigns":false,"rop_custom_images_group":[],"rop_custom_messages_group":[],"rop_publish_now":"initial","rop_publish_now_accounts":{"twitter_242054905_242054905":""},"rop_publish_now_history":[],"rop_publish_now_status":"pending","_uf_show_specific_survey":0,"_uf_disable_surveys":false,"footnotes":""},"categories":[1],"tags":[281],"class_list":["post-2650","post","type-post","status-publish","format-standard","has-post-thumbnail","hentry","category-uncategorized","tag-asi-seran-las-pipas-operadas-por-la-sedena-se-compraron-a-eu-por-85-mdd"],"acf":[],"aioseo_notices":[],"yoast_head":"<!-- This site is optimized with the Yoast SEO Premium plugin v24.9 (Yoast SEO v27.2) - https:\/\/yoast.com\/product\/yoast-seo-premium-wordpress\/ -->\n<title>As\u00ed ser\u00e1n las pipas operadas por la Sedena; se compraron a EU por 85 mdd - M\u00e9xico<\/title>\n<meta name=\"robots\" content=\"index, follow, max-snippet:-1, max-image-preview:large, max-video-preview:-1\" \/>\n<link rel=\"canonical\" href=\"https:\/\/noti-america.com\/site\/mexico\/2019\/01\/21\/asi-seran-las-pipas-operadas-por-la-sedena-se-compraron-a-eu-por-85-mdd\/\" \/>\n<meta property=\"og:locale\" content=\"es_ES\" \/>\n<meta property=\"og:type\" content=\"article\" \/>\n<meta property=\"og:title\" content=\"As\u00ed ser\u00e1n las pipas operadas por la Sedena; se compraron a EU por 85 mdd\" \/>\n<meta property=\"og:description\" content=\"https:\/\/www.unotv.com\/noticias &nbsp; El presidente\u00a0Andr\u00e9s Manuel L\u00f3pez Obrador (AMLO),\u00a0inform\u00f3 que se envi\u00f3 una misi\u00f3n a Estados Unidos para\u00a0adquirir autotanques,\u00a0los cuales van a estar operados por la Secretar\u00eda de la Defensa Nacional (Sedena), en el\u00a0plan DNII-Epor&#046;&#046;&#046;\" \/>\n<meta property=\"og:url\" content=\"https:\/\/noti-america.com\/site\/mexico\/2019\/01\/21\/asi-seran-las-pipas-operadas-por-la-sedena-se-compraron-a-eu-por-85-mdd\/\" \/>\n<meta property=\"og:site_name\" content=\"M\u00e9xico\" \/>\n<meta property=\"article:published_time\" content=\"2019-01-21T16:32:56+00:00\" \/>\n<meta property=\"og:image\" content=\"https:\/\/noti-america.com\/site\/mexico\/wp-content\/uploads\/sites\/13\/2019\/01\/165274-Principal.jpg\" \/>\n\t<meta property=\"og:image:width\" content=\"750\" \/>\n\t<meta property=\"og:image:height\" content=\"450\" \/>\n\t<meta property=\"og:image:type\" content=\"image\/jpeg\" \/>\n<meta name=\"author\" content=\"Redacci\u00f3n NA-NY\" \/>\n<meta name=\"twitter:card\" content=\"summary_large_image\" \/>\n<meta name=\"twitter:label1\" content=\"Escrito por\" \/>\n\t<meta name=\"twitter:data1\" content=\"Redacci\u00f3n NA-NY\" \/>\n\t<meta name=\"twitter:label2\" content=\"Tiempo estimado de lectura\" \/>\n\t<meta name=\"twitter:data2\" content=\"1 minuto\" \/>\n<script type=\"application\/ld+json\" class=\"yoast-schema-graph\">{\"@context\":\"https:\/\/schema.org\",\"@graph\":[{\"@type\":\"Article\",\"@id\":\"https:\/\/noti-america.com\/site\/mexico\/2019\/01\/21\/asi-seran-las-pipas-operadas-por-la-sedena-se-compraron-a-eu-por-85-mdd\/#article\",\"isPartOf\":{\"@id\":\"https:\/\/noti-america.com\/site\/mexico\/2019\/01\/21\/asi-seran-las-pipas-operadas-por-la-sedena-se-compraron-a-eu-por-85-mdd\/\"},\"author\":{\"name\":\"Redacci\u00f3n NA-NY\",\"@id\":\"https:\/\/noti-america.com\/site\/mexico\/#\/schema\/person\/db5a6527aaddfc34b3753d557a1292f0\"},\"headline\":\"As\u00ed ser\u00e1n las pipas operadas por la Sedena; se compraron a EU por 85 mdd\",\"datePublished\":\"2019-01-21T16:32:56+00:00\",\"mainEntityOfPage\":{\"@id\":\"https:\/\/noti-america.com\/site\/mexico\/2019\/01\/21\/asi-seran-las-pipas-operadas-por-la-sedena-se-compraron-a-eu-por-85-mdd\/\"},\"wordCount\":218,\"commentCount\":0,\"publisher\":{\"@id\":\"https:\/\/noti-america.com\/site\/mexico\/#organization\"},\"image\":{\"@id\":\"https:\/\/noti-america.com\/site\/mexico\/2019\/01\/21\/asi-seran-las-pipas-operadas-por-la-sedena-se-compraron-a-eu-por-85-mdd\/#primaryimage\"},\"thumbnailUrl\":\"https:\/\/noti-america.com\/site\/mexico\/wp-content\/uploads\/sites\/13\/2019\/01\/165274-Principal.jpg\",\"keywords\":[\"As\u00ed ser\u00e1n las pipas operadas por la Sedena; se compraron a EU por 85 mdd\"],\"articleSection\":[\"Uncategorized\"],\"inLanguage\":\"es\",\"potentialAction\":[{\"@type\":\"CommentAction\",\"name\":\"Comment\",\"target\":[\"https:\/\/noti-america.com\/site\/mexico\/2019\/01\/21\/asi-seran-las-pipas-operadas-por-la-sedena-se-compraron-a-eu-por-85-mdd\/#respond\"]}]},{\"@type\":\"WebPage\",\"@id\":\"https:\/\/noti-america.com\/site\/mexico\/2019\/01\/21\/asi-seran-las-pipas-operadas-por-la-sedena-se-compraron-a-eu-por-85-mdd\/\",\"url\":\"https:\/\/noti-america.com\/site\/mexico\/2019\/01\/21\/asi-seran-las-pipas-operadas-por-la-sedena-se-compraron-a-eu-por-85-mdd\/\",\"name\":\"As\u00ed ser\u00e1n las pipas operadas por la Sedena; se compraron a EU por 85 mdd - M\u00e9xico\",\"isPartOf\":{\"@id\":\"https:\/\/noti-america.com\/site\/mexico\/#website\"},\"primaryImageOfPage\":{\"@id\":\"https:\/\/noti-america.com\/site\/mexico\/2019\/01\/21\/asi-seran-las-pipas-operadas-por-la-sedena-se-compraron-a-eu-por-85-mdd\/#primaryimage\"},\"image\":{\"@id\":\"https:\/\/noti-america.com\/site\/mexico\/2019\/01\/21\/asi-seran-las-pipas-operadas-por-la-sedena-se-compraron-a-eu-por-85-mdd\/#primaryimage\"},\"thumbnailUrl\":\"https:\/\/noti-america.com\/site\/mexico\/wp-content\/uploads\/sites\/13\/2019\/01\/165274-Principal.jpg\",\"datePublished\":\"2019-01-21T16:32:56+00:00\",\"breadcrumb\":{\"@id\":\"https:\/\/noti-america.com\/site\/mexico\/2019\/01\/21\/asi-seran-las-pipas-operadas-por-la-sedena-se-compraron-a-eu-por-85-mdd\/#breadcrumb\"},\"inLanguage\":\"es\",\"potentialAction\":[{\"@type\":\"ReadAction\",\"target\":[\"https:\/\/noti-america.com\/site\/mexico\/2019\/01\/21\/asi-seran-las-pipas-operadas-por-la-sedena-se-compraron-a-eu-por-85-mdd\/\"]}]},{\"@type\":\"ImageObject\",\"inLanguage\":\"es\",\"@id\":\"https:\/\/noti-america.com\/site\/mexico\/2019\/01\/21\/asi-seran-las-pipas-operadas-por-la-sedena-se-compraron-a-eu-por-85-mdd\/#primaryimage\",\"url\":\"https:\/\/noti-america.com\/site\/mexico\/wp-content\/uploads\/sites\/13\/2019\/01\/165274-Principal.jpg\",\"contentUrl\":\"https:\/\/noti-america.com\/site\/mexico\/wp-content\/uploads\/sites\/13\/2019\/01\/165274-Principal.jpg\",\"width\":750,\"height\":450},{\"@type\":\"BreadcrumbList\",\"@id\":\"https:\/\/noti-america.com\/site\/mexico\/2019\/01\/21\/asi-seran-las-pipas-operadas-por-la-sedena-se-compraron-a-eu-por-85-mdd\/#breadcrumb\",\"itemListElement\":[{\"@type\":\"ListItem\",\"position\":1,\"name\":\"Portada\",\"item\":\"https:\/\/noti-america.com\/site\/mexico\/\"},{\"@type\":\"ListItem\",\"position\":2,\"name\":\"As\u00ed ser\u00e1n las pipas operadas por la Sedena; se compraron a EU por 85 mdd\"}]},{\"@type\":\"WebSite\",\"@id\":\"https:\/\/noti-america.com\/site\/mexico\/#website\",\"url\":\"https:\/\/noti-america.com\/site\/mexico\/\",\"name\":\"M\u00e9xico | Noti-America.com\",\"description\":\"\",\"publisher\":{\"@id\":\"https:\/\/noti-america.com\/site\/mexico\/#organization\"},\"potentialAction\":[{\"@type\":\"SearchAction\",\"target\":{\"@type\":\"EntryPoint\",\"urlTemplate\":\"https:\/\/noti-america.com\/site\/mexico\/?s={search_term_string}\"},\"query-input\":{\"@type\":\"PropertyValueSpecification\",\"valueRequired\":true,\"valueName\":\"search_term_string\"}}],\"inLanguage\":\"es\"},{\"@type\":\"Organization\",\"@id\":\"https:\/\/noti-america.com\/site\/mexico\/#organization\",\"name\":\"Noti-America LLC | M\u00e9xico\",\"url\":\"https:\/\/noti-america.com\/site\/mexico\/\",\"logo\":{\"@type\":\"ImageObject\",\"inLanguage\":\"es\",\"@id\":\"https:\/\/noti-america.com\/site\/mexico\/#\/schema\/logo\/image\/\",\"url\":\"https:\/\/noti-america.com\/site\/mexico\/wp-content\/uploads\/sites\/13\/2020\/07\/LogoNA-4x3-1.jpg\",\"contentUrl\":\"https:\/\/noti-america.com\/site\/mexico\/wp-content\/uploads\/sites\/13\/2020\/07\/LogoNA-4x3-1.jpg\",\"width\":1236,\"height\":1080,\"caption\":\"Noti-America LLC | M\u00e9xico\"},\"image\":{\"@id\":\"https:\/\/noti-america.com\/site\/mexico\/#\/schema\/logo\/image\/\"}},{\"@type\":\"Person\",\"@id\":\"https:\/\/noti-america.com\/site\/mexico\/#\/schema\/person\/db5a6527aaddfc34b3753d557a1292f0\",\"name\":\"Redacci\u00f3n NA-NY\",\"image\":{\"@type\":\"ImageObject\",\"inLanguage\":\"es\",\"@id\":\"https:\/\/secure.gravatar.com\/avatar\/2bd75bb500a8deb1390f777293a9af32d934c46613d2fbac7cceb2aaa2679ae8?s=96&d=mm&r=g\",\"url\":\"https:\/\/secure.gravatar.com\/avatar\/2bd75bb500a8deb1390f777293a9af32d934c46613d2fbac7cceb2aaa2679ae8?s=96&d=mm&r=g\",\"contentUrl\":\"https:\/\/secure.gravatar.com\/avatar\/2bd75bb500a8deb1390f777293a9af32d934c46613d2fbac7cceb2aaa2679ae8?s=96&d=mm&r=g\",\"caption\":\"Redacci\u00f3n NA-NY\"},\"url\":\"https:\/\/noti-america.com\/site\/mexico\/author\/redaccionny\/\"}]}<\/script>\n<!-- \/ Yoast SEO Premium plugin. -->","yoast_head_json":{"title":"As\u00ed ser\u00e1n las pipas operadas por la Sedena; se compraron a EU por 85 mdd - M\u00e9xico","robots":{"index":"index","follow":"follow","max-snippet":"max-snippet:-1","max-image-preview":"max-image-preview:large","max-video-preview":"max-video-preview:-1"},"canonical":"https:\/\/noti-america.com\/site\/mexico\/2019\/01\/21\/asi-seran-las-pipas-operadas-por-la-sedena-se-compraron-a-eu-por-85-mdd\/","og_locale":"es_ES","og_type":"article","og_title":"As\u00ed ser\u00e1n las pipas operadas por la Sedena; se compraron a EU por 85 mdd","og_description":"https:\/\/www.unotv.com\/noticias &nbsp; El presidente\u00a0Andr\u00e9s Manuel L\u00f3pez Obrador (AMLO),\u00a0inform\u00f3 que se envi\u00f3 una misi\u00f3n a Estados Unidos para\u00a0adquirir autotanques,\u00a0los cuales van a estar operados por la Secretar\u00eda de la Defensa Nacional (Sedena), en el\u00a0plan DNII-Epor&#46;&#46;&#46;","og_url":"https:\/\/noti-america.com\/site\/mexico\/2019\/01\/21\/asi-seran-las-pipas-operadas-por-la-sedena-se-compraron-a-eu-por-85-mdd\/","og_site_name":"M\u00e9xico","article_published_time":"2019-01-21T16:32:56+00:00","og_image":[{"width":750,"height":450,"url":"https:\/\/noti-america.com\/site\/mexico\/wp-content\/uploads\/sites\/13\/2019\/01\/165274-Principal.jpg","type":"image\/jpeg"}],"author":"Redacci\u00f3n NA-NY","twitter_card":"summary_large_image","twitter_misc":{"Escrito por":"Redacci\u00f3n NA-NY","Tiempo estimado de lectura":"1 minuto"},"schema":{"@context":"https:\/\/schema.org","@graph":[{"@type":"Article","@id":"https:\/\/noti-america.com\/site\/mexico\/2019\/01\/21\/asi-seran-las-pipas-operadas-por-la-sedena-se-compraron-a-eu-por-85-mdd\/#article","isPartOf":{"@id":"https:\/\/noti-america.com\/site\/mexico\/2019\/01\/21\/asi-seran-las-pipas-operadas-por-la-sedena-se-compraron-a-eu-por-85-mdd\/"},"author":{"name":"Redacci\u00f3n NA-NY","@id":"https:\/\/noti-america.com\/site\/mexico\/#\/schema\/person\/db5a6527aaddfc34b3753d557a1292f0"},"headline":"As\u00ed ser\u00e1n las pipas operadas por la Sedena; se compraron a EU por 85 mdd","datePublished":"2019-01-21T16:32:56+00:00","mainEntityOfPage":{"@id":"https:\/\/noti-america.com\/site\/mexico\/2019\/01\/21\/asi-seran-las-pipas-operadas-por-la-sedena-se-compraron-a-eu-por-85-mdd\/"},"wordCount":218,"commentCount":0,"publisher":{"@id":"https:\/\/noti-america.com\/site\/mexico\/#organization"},"image":{"@id":"https:\/\/noti-america.com\/site\/mexico\/2019\/01\/21\/asi-seran-las-pipas-operadas-por-la-sedena-se-compraron-a-eu-por-85-mdd\/#primaryimage"},"thumbnailUrl":"https:\/\/noti-america.com\/site\/mexico\/wp-content\/uploads\/sites\/13\/2019\/01\/165274-Principal.jpg","keywords":["As\u00ed ser\u00e1n las pipas operadas por la Sedena; se compraron a EU por 85 mdd"],"articleSection":["Uncategorized"],"inLanguage":"es","potentialAction":[{"@type":"CommentAction","name":"Comment","target":["https:\/\/noti-america.com\/site\/mexico\/2019\/01\/21\/asi-seran-las-pipas-operadas-por-la-sedena-se-compraron-a-eu-por-85-mdd\/#respond"]}]},{"@type":"WebPage","@id":"https:\/\/noti-america.com\/site\/mexico\/2019\/01\/21\/asi-seran-las-pipas-operadas-por-la-sedena-se-compraron-a-eu-por-85-mdd\/","url":"https:\/\/noti-america.com\/site\/mexico\/2019\/01\/21\/asi-seran-las-pipas-operadas-por-la-sedena-se-compraron-a-eu-por-85-mdd\/","name":"As\u00ed ser\u00e1n las pipas operadas por la Sedena; se compraron a EU por 85 mdd - M\u00e9xico","isPartOf":{"@id":"https:\/\/noti-america.com\/site\/mexico\/#website"},"primaryImageOfPage":{"@id":"https:\/\/noti-america.com\/site\/mexico\/2019\/01\/21\/asi-seran-las-pipas-operadas-por-la-sedena-se-compraron-a-eu-por-85-mdd\/#primaryimage"},"image":{"@id":"https:\/\/noti-america.com\/site\/mexico\/2019\/01\/21\/asi-seran-las-pipas-operadas-por-la-sedena-se-compraron-a-eu-por-85-mdd\/#primaryimage"},"thumbnailUrl":"https:\/\/noti-america.com\/site\/mexico\/wp-content\/uploads\/sites\/13\/2019\/01\/165274-Principal.jpg","datePublished":"2019-01-21T16:32:56+00:00","breadcrumb":{"@id":"https:\/\/noti-america.com\/site\/mexico\/2019\/01\/21\/asi-seran-las-pipas-operadas-por-la-sedena-se-compraron-a-eu-por-85-mdd\/#breadcrumb"},"inLanguage":"es","potentialAction":[{"@type":"ReadAction","target":["https:\/\/noti-america.com\/site\/mexico\/2019\/01\/21\/asi-seran-las-pipas-operadas-por-la-sedena-se-compraron-a-eu-por-85-mdd\/"]}]},{"@type":"ImageObject","inLanguage":"es","@id":"https:\/\/noti-america.com\/site\/mexico\/2019\/01\/21\/asi-seran-las-pipas-operadas-por-la-sedena-se-compraron-a-eu-por-85-mdd\/#primaryimage","url":"https:\/\/noti-america.com\/site\/mexico\/wp-content\/uploads\/sites\/13\/2019\/01\/165274-Principal.jpg","contentUrl":"https:\/\/noti-america.com\/site\/mexico\/wp-content\/uploads\/sites\/13\/2019\/01\/165274-Principal.jpg","width":750,"height":450},{"@type":"BreadcrumbList","@id":"https:\/\/noti-america.com\/site\/mexico\/2019\/01\/21\/asi-seran-las-pipas-operadas-por-la-sedena-se-compraron-a-eu-por-85-mdd\/#breadcrumb","itemListElement":[{"@type":"ListItem","position":1,"name":"Portada","item":"https:\/\/noti-america.com\/site\/mexico\/"},{"@type":"ListItem","position":2,"name":"As\u00ed ser\u00e1n las pipas operadas por la Sedena; se compraron a EU por 85 mdd"}]},{"@type":"WebSite","@id":"https:\/\/noti-america.com\/site\/mexico\/#website","url":"https:\/\/noti-america.com\/site\/mexico\/","name":"M\u00e9xico | Noti-America.com","description":"","publisher":{"@id":"https:\/\/noti-america.com\/site\/mexico\/#organization"},"potentialAction":[{"@type":"SearchAction","target":{"@type":"EntryPoint","urlTemplate":"https:\/\/noti-america.com\/site\/mexico\/?s={search_term_string}"},"query-input":{"@type":"PropertyValueSpecification","valueRequired":true,"valueName":"search_term_string"}}],"inLanguage":"es"},{"@type":"Organization","@id":"https:\/\/noti-america.com\/site\/mexico\/#organization","name":"Noti-America LLC | M\u00e9xico","url":"https:\/\/noti-america.com\/site\/mexico\/","logo":{"@type":"ImageObject","inLanguage":"es","@id":"https:\/\/noti-america.com\/site\/mexico\/#\/schema\/logo\/image\/","url":"https:\/\/noti-america.com\/site\/mexico\/wp-content\/uploads\/sites\/13\/2020\/07\/LogoNA-4x3-1.jpg","contentUrl":"https:\/\/noti-america.com\/site\/mexico\/wp-content\/uploads\/sites\/13\/2020\/07\/LogoNA-4x3-1.jpg","width":1236,"height":1080,"caption":"Noti-America LLC | M\u00e9xico"},"image":{"@id":"https:\/\/noti-america.com\/site\/mexico\/#\/schema\/logo\/image\/"}},{"@type":"Person","@id":"https:\/\/noti-america.com\/site\/mexico\/#\/schema\/person\/db5a6527aaddfc34b3753d557a1292f0","name":"Redacci\u00f3n NA-NY","image":{"@type":"ImageObject","inLanguage":"es","@id":"https:\/\/secure.gravatar.com\/avatar\/2bd75bb500a8deb1390f777293a9af32d934c46613d2fbac7cceb2aaa2679ae8?s=96&d=mm&r=g","url":"https:\/\/secure.gravatar.com\/avatar\/2bd75bb500a8deb1390f777293a9af32d934c46613d2fbac7cceb2aaa2679ae8?s=96&d=mm&r=g","contentUrl":"https:\/\/secure.gravatar.com\/avatar\/2bd75bb500a8deb1390f777293a9af32d934c46613d2fbac7cceb2aaa2679ae8?s=96&d=mm&r=g","caption":"Redacci\u00f3n NA-NY"},"url":"https:\/\/noti-america.com\/site\/mexico\/author\/redaccionny\/"}]}},"_links":{"self":[{"href":"https:\/\/noti-america.com\/site\/mexico\/wp-json\/wp\/v2\/posts\/2650","targetHints":{"allow":["GET"]}}],"collection":[{"href":"https:\/\/noti-america.com\/site\/mexico\/wp-json\/wp\/v2\/posts"}],"about":[{"href":"https:\/\/noti-america.com\/site\/mexico\/wp-json\/wp\/v2\/types\/post"}],"author":[{"embeddable":true,"href":"https:\/\/noti-america.com\/site\/mexico\/wp-json\/wp\/v2\/users\/28"}],"replies":[{"embeddable":true,"href":"https:\/\/noti-america.com\/site\/mexico\/wp-json\/wp\/v2\/comments?post=2650"}],"version-history":[{"count":1,"href":"https:\/\/noti-america.com\/site\/mexico\/wp-json\/wp\/v2\/posts\/2650\/revisions"}],"predecessor-version":[{"id":2652,"href":"https:\/\/noti-america.com\/site\/mexico\/wp-json\/wp\/v2\/posts\/2650\/revisions\/2652"}],"wp:featuredmedia":[{"embeddable":true,"href":"https:\/\/noti-america.com\/site\/mexico\/wp-json\/wp\/v2\/media\/2651"}],"wp:attachment":[{"href":"https:\/\/noti-america.com\/site\/mexico\/wp-json\/wp\/v2\/media?parent=2650"}],"wp:term":[{"taxonomy":"category","embeddable":true,"href":"https:\/\/noti-america.com\/site\/mexico\/wp-json\/wp\/v2\/categories?post=2650"},{"taxonomy":"post_tag","embeddable":true,"href":"https:\/\/noti-america.com\/site\/mexico\/wp-json\/wp\/v2\/tags?post=2650"}],"curies":[{"name":"wp","href":"https:\/\/api.w.org\/{rel}","templated":true}]}}