{"id":2645,"date":"2019-01-21T05:37:11","date_gmt":"2019-01-21T05:37:11","guid":{"rendered":"http:\/\/noti-america.com\/site\/mexico\/?p=2645"},"modified":"2019-01-21T05:37:11","modified_gmt":"2019-01-21T05:37:11","slug":"benito-guerra-se-corona-en-la-race-of-champions-mexico","status":"publish","type":"post","link":"https:\/\/noti-america.com\/site\/mexico\/2019\/01\/21\/benito-guerra-se-corona-en-la-race-of-champions-mexico\/","title":{"rendered":"Benito Guerra se corona en la Race of Champions M\u00e9xico"},"content":{"rendered":"<p>&nbsp;<\/p>\n<p><img loading=\"lazy\" decoding=\"async\" class=\" wp-image-2646 aligncenter\" src=\"http:\/\/noti-america.com\/site\/mexico\/wp-content\/uploads\/sites\/13\/2019\/01\/165203-Principal-300x180.jpg\" alt=\"\" width=\"607\" height=\"364\" srcset=\"https:\/\/noti-america.com\/site\/mexico\/wp-content\/uploads\/sites\/13\/2019\/01\/165203-Principal-300x180.jpg 300w, https:\/\/noti-america.com\/site\/mexico\/wp-content\/uploads\/sites\/13\/2019\/01\/165203-Principal.jpg 750w\" sizes=\"auto, (max-width: 607px) 100vw, 607px\" \/><\/p>\n<h3><\/h3>\n<h3>https:\/\/www.unotv.com\/noticias\/portal\/deportes\/<\/h3>\n<p>&nbsp;<\/p>\n<p><span class=\"capital-letter\">B<\/span><strong>enito Guerra<\/strong>\u00a0pas\u00f3 a la historia al vencer en la final de la\u00a0<strong>Race of Champions M\u00e9xico<\/strong>\u00a0al franc\u00e9s\u00a0<strong>Loic Duval<\/strong>\u00a0y convertirse en el nuevo campe\u00f3n de campeones en el deporte motor.<\/p>\n<aside class=\"summary-item\">\n<figure class=\"multimedia-item video\">\n<div id=\"video-5c44ea6d268e3e650a8b4626_summary_1\" class=\"full-video\">\n<div><button id=\"video-5c44ea6d268e3e650a8b4626_summary_1_playBtn\" class=\"kWidgetCentered kWidgetPlayBtn\" aria-label=\"Play video content\"><\/button><img decoding=\"async\" class=\"kWidgetCentered\" src=\"https:\/\/ak.uecdn.es\/html5\/html5lib\/v2.73.3_ue\/modules\/KalturaSupport\/thumbnail.php\/p\/110\/uiconf_id\/14969339\/entry_id\/0_2geagz63\/height\/407?\" alt=\"Video thumbnail\" \/><\/div>\n<\/div><figcaption class=\"caption\"><i class=\"icon-caption-video\"><\/i>Festejos de Benito Guerra<\/figcaption><\/figure>\n<\/aside>\n<p>En su primera edici\u00f3n en M\u00e9xico, el piloto de la<strong>\u00a0Escuder\u00eda Telmex-Telcel<\/strong>conquist\u00f3 el Foro Sol del\u00a0<strong>Aut\u00f3dromo de los Hermanos Rodr\u00edguez,<\/strong>\u00a0luego de imponerse en dos heats al conductor europeo.<\/p>\n<figure class=\"multimedia-item photo-decoration\"><img decoding=\"async\" class=\"full-image aligncenter\" src=\"https:\/\/e00-marca.uecdn.es\/assets\/multimedia\/imagenes\/2019\/01\/20\/15480202488477.jpg\" width=\"660\" \/>@escuderiatelmex<\/figure>\n<p style=\"text-align: justify;\">Guerra lleg\u00f3 a la pelea por el t\u00edtulo despu\u00e9s de liderar el Grupo C, donde dio la sorpresa al vencer a\u00a0<strong>Sebastian Vettel.<\/strong>\u00a0En los cuartos de final se impuso a\u00a0<strong>Pierre Gasly,<\/strong>\u00a0en las semifinales se impuso a su compatriota\u00a0<strong>Esteban Guti\u00e9rrez<\/strong>\u00a0para despu\u00e9s coronarse ante\u00a0<strong>Loic Duval.<\/strong><\/p>\n<div class=\"SandboxRoot env-bp-350\" data-twitter-event-id=\"0\">\n<div id=\"twitter-widget-0\" class=\"EmbeddedTweet EmbeddedTweet--cta EmbeddedTweet--mediaForward media-forward js-clickToOpenTarget js-tweetIdInfo tweet-InformationCircle-widgetParent\" lang=\"es\" data-click-to-open-target=\"https:\/\/twitter.com\/escuderiatelmex\/status\/1087103806150721536\" data-iframe-title=\"Tweet de Twitter\" data-scribe=\"page:tweet\" data-tweet-id=\"1087103806150721536\" data-twitter-event-id=\"1\">\n<article class=\"MediaCard\n           MediaCard--mediaForward\n\n           cards-multimedia\n           customisable-border\" dir=\"ltr\" data-scribe=\"component:card\"><\/p>\n<div class=\"MediaCard-media\">\n<div class=\"MediaCard-widthConstraint js-cspForcedStyle\" data-style=\"max-width: 2000px\">\n<div class=\"MediaCard-mediaContainer js-cspForcedStyle\" data-style=\"padding-bottom: 56.2500%\">\n<div class=\"NaturalImage-ctaOverlay PlayButton PlayButton--centered\" data-scribe=\"element:play_button\">\n<div class=\"Icon Icon--playCircle \" title=\"Reproducir contenido multimedia\" role=\"img\" aria-label=\"Reproducir contenido multimedia\"><\/div>\n<\/div>\n<p><a class=\"MediaCard-mediaAsset MediaCard-mediaPlaceholder NaturalImage NaturalImage--fill js-playableMediaInterstitial\" href=\"https:\/\/twitter.com\/escuderiatelmex\/status\/1087103806150721536\"><img decoding=\"async\" class=\"NaturalImage-image aligncenter\" src=\"https:\/\/pbs.twimg.com\/ext_tw_video_thumb\/1087103664940961792\/pu\/img\/RoidSIZmN5yZtJHr?format=jpg&amp;name=small\" alt=\"Video insertado\" data-image=\"https:\/\/pbs.twimg.com\/ext_tw_video_thumb\/1087103664940961792\/pu\/img\/RoidSIZmN5yZtJHr\" data-scribe=\"element:poster_image\" \/><\/a><\/div>\n<\/div>\n<\/div>\n<\/article>\n<div class=\"EmbeddedTweet-tweetContainer\">\n<div class=\"EmbeddedTweet-tweet\">\n<blockquote class=\"Tweet h-entry js-tweetIdInfo subject expanded\" cite=\"https:\/\/twitter.com\/escuderiatelmex\/status\/1087103806150721536\" data-tweet-id=\"1087103806150721536\" data-scribe=\"section:subject\">\n<div class=\"Tweet-header\"><a class=\"TweetAuthor-avatar  Identity-avatar u-linkBlend\" href=\"https:\/\/twitter.com\/escuderiatelmex\" data-scribe=\"element:user_link\" aria-label=\"Escuder\u00eda Telmex (nombre de pantalla: escuderiatelmex)\"><img decoding=\"async\" class=\"Avatar\" src=\"https:\/\/pbs.twimg.com\/profile_images\/1081015100838821888\/Q0yuy5Fh_normal.jpg\" alt=\"\" data-scribe=\"element:avatar\" data-src-2x=\"https:\/\/pbs.twimg.com\/profile_images\/1081015100838821888\/Q0yuy5Fh_bigger.jpg\" data-src-1x=\"https:\/\/pbs.twimg.com\/profile_images\/1081015100838821888\/Q0yuy5Fh_normal.jpg\" \/><\/a><\/p>\n<div class=\"TweetAuthor js-inViewportScribingTarget\" data-scribe=\"component:author\">\n<div class=\"TweetAuthor-nameScreenNameContainer\"><span class=\"TweetAuthor-decoratedName\"><span class=\"TweetAuthor-name Identity-name customisable-highlight\" title=\"Escuder\u00eda Telmex\" data-scribe=\"element:name\">Escuder\u00eda Telmex<\/span><\/span><\/p>\n<div class=\"Icon Icon--verified \" title=\"Cuenta verificada\" role=\"img\" aria-label=\"Cuenta verificada\"><\/div>\n<p><b>\u00a0<\/b><\/div>\n<\/div>\n<div class=\"Tweet-brand\">\n<div class=\"Icon Icon--twitter \" title=\"Ver en Twitter\" role=\"presentation\" aria-label=\"Ver en Twitter\"><\/div>\n<\/div>\n<\/div>\n<\/blockquote>\n<\/div>\n<\/div>\n<\/div>\n<div class=\"resize-sensor\">\n<div class=\"resize-sensor-expand\">\n<div><\/div>\n<\/div>\n<div class=\"resize-sensor-shrink\">\n<div><\/div>\n<\/div>\n<\/div>\n<\/div>\n<p>En el primer heat,\u00a0<strong>Guerra<\/strong>\u00a0se impuso con una marca de 55.3334, en el segundo heat volvi\u00f3 superar a su rival con un registro de 52.2119, por lo que no fue necesario definir el t\u00edtulo en una \u00faltima vuelta.<\/p>\n","protected":false},"excerpt":{"rendered":"<p>&nbsp; https:\/\/www.unotv.com\/noticias\/portal\/deportes\/ &nbsp; Benito Guerra\u00a0pas\u00f3 a la historia al vencer en la final de la\u00a0Race of Champions M\u00e9xico\u00a0al franc\u00e9s\u00a0Loic Duval\u00a0y convertirse en el nuevo campe\u00f3n de campeones en el deporte motor. Festejos de Benito&#46;&#46;&#46;<\/p>\n","protected":false},"author":28,"featured_media":2646,"comment_status":"open","ping_status":"open","sticky":false,"template":"","format":"standard","meta":{"_acf_changed":false,"om_disable_all_campaigns":false,"rop_custom_images_group":[],"rop_custom_messages_group":[],"rop_publish_now":"initial","rop_publish_now_accounts":{"twitter_242054905_242054905":""},"rop_publish_now_history":[],"rop_publish_now_status":"pending","_uf_show_specific_survey":0,"_uf_disable_surveys":false,"footnotes":""},"categories":[16],"tags":[280],"class_list":["post-2645","post","type-post","status-publish","format-standard","has-post-thumbnail","hentry","category-deportes","tag-benito-guerra-se-corona-en-la-race-of-champions-mexico"],"acf":[],"aioseo_notices":[],"yoast_head":"<!-- This site is optimized with the Yoast SEO Premium plugin v24.9 (Yoast SEO v27.2) - https:\/\/yoast.com\/product\/yoast-seo-premium-wordpress\/ -->\n<title>Benito Guerra se corona en la Race of Champions M\u00e9xico - M\u00e9xico<\/title>\n<meta name=\"robots\" content=\"index, follow, max-snippet:-1, max-image-preview:large, max-video-preview:-1\" \/>\n<link rel=\"canonical\" href=\"https:\/\/noti-america.com\/site\/mexico\/2019\/01\/21\/benito-guerra-se-corona-en-la-race-of-champions-mexico\/\" \/>\n<meta property=\"og:locale\" content=\"es_ES\" \/>\n<meta property=\"og:type\" content=\"article\" \/>\n<meta property=\"og:title\" content=\"Benito Guerra se corona en la Race of Champions M\u00e9xico\" \/>\n<meta property=\"og:description\" content=\"&nbsp; https:\/\/www.unotv.com\/noticias\/portal\/deportes\/ &nbsp; Benito Guerra\u00a0pas\u00f3 a la historia al vencer en la final de la\u00a0Race of Champions M\u00e9xico\u00a0al franc\u00e9s\u00a0Loic Duval\u00a0y convertirse en el nuevo campe\u00f3n de campeones en el deporte motor. Festejos de Benito&#046;&#046;&#046;\" \/>\n<meta property=\"og:url\" content=\"https:\/\/noti-america.com\/site\/mexico\/2019\/01\/21\/benito-guerra-se-corona-en-la-race-of-champions-mexico\/\" \/>\n<meta property=\"og:site_name\" content=\"M\u00e9xico\" \/>\n<meta property=\"article:published_time\" content=\"2019-01-21T05:37:11+00:00\" \/>\n<meta property=\"og:image\" content=\"https:\/\/noti-america.com\/site\/mexico\/wp-content\/uploads\/sites\/13\/2019\/01\/165203-Principal.jpg\" \/>\n\t<meta property=\"og:image:width\" content=\"750\" \/>\n\t<meta property=\"og:image:height\" content=\"450\" \/>\n\t<meta property=\"og:image:type\" content=\"image\/jpeg\" \/>\n<meta name=\"author\" content=\"Redacci\u00f3n NA-NY\" \/>\n<meta name=\"twitter:card\" content=\"summary_large_image\" \/>\n<meta name=\"twitter:label1\" content=\"Escrito por\" \/>\n\t<meta name=\"twitter:data1\" content=\"Redacci\u00f3n NA-NY\" \/>\n\t<meta name=\"twitter:label2\" content=\"Tiempo estimado de lectura\" \/>\n\t<meta name=\"twitter:data2\" content=\"1 minuto\" \/>\n<script type=\"application\/ld+json\" class=\"yoast-schema-graph\">{\"@context\":\"https:\/\/schema.org\",\"@graph\":[{\"@type\":\"Article\",\"@id\":\"https:\/\/noti-america.com\/site\/mexico\/2019\/01\/21\/benito-guerra-se-corona-en-la-race-of-champions-mexico\/#article\",\"isPartOf\":{\"@id\":\"https:\/\/noti-america.com\/site\/mexico\/2019\/01\/21\/benito-guerra-se-corona-en-la-race-of-champions-mexico\/\"},\"author\":{\"name\":\"Redacci\u00f3n NA-NY\",\"@id\":\"https:\/\/noti-america.com\/site\/mexico\/#\/schema\/person\/db5a6527aaddfc34b3753d557a1292f0\"},\"headline\":\"Benito Guerra se corona en la Race of Champions M\u00e9xico\",\"datePublished\":\"2019-01-21T05:37:11+00:00\",\"mainEntityOfPage\":{\"@id\":\"https:\/\/noti-america.com\/site\/mexico\/2019\/01\/21\/benito-guerra-se-corona-en-la-race-of-champions-mexico\/\"},\"wordCount\":191,\"commentCount\":0,\"publisher\":{\"@id\":\"https:\/\/noti-america.com\/site\/mexico\/#organization\"},\"image\":{\"@id\":\"https:\/\/noti-america.com\/site\/mexico\/2019\/01\/21\/benito-guerra-se-corona-en-la-race-of-champions-mexico\/#primaryimage\"},\"thumbnailUrl\":\"https:\/\/noti-america.com\/site\/mexico\/wp-content\/uploads\/sites\/13\/2019\/01\/165203-Principal.jpg\",\"keywords\":[\"Benito Guerra se corona en la Race of Champions M\u00e9xico\"],\"articleSection\":[\"Deportes\"],\"inLanguage\":\"es\",\"potentialAction\":[{\"@type\":\"CommentAction\",\"name\":\"Comment\",\"target\":[\"https:\/\/noti-america.com\/site\/mexico\/2019\/01\/21\/benito-guerra-se-corona-en-la-race-of-champions-mexico\/#respond\"]}]},{\"@type\":\"WebPage\",\"@id\":\"https:\/\/noti-america.com\/site\/mexico\/2019\/01\/21\/benito-guerra-se-corona-en-la-race-of-champions-mexico\/\",\"url\":\"https:\/\/noti-america.com\/site\/mexico\/2019\/01\/21\/benito-guerra-se-corona-en-la-race-of-champions-mexico\/\",\"name\":\"Benito Guerra se corona en la Race of Champions M\u00e9xico - M\u00e9xico\",\"isPartOf\":{\"@id\":\"https:\/\/noti-america.com\/site\/mexico\/#website\"},\"primaryImageOfPage\":{\"@id\":\"https:\/\/noti-america.com\/site\/mexico\/2019\/01\/21\/benito-guerra-se-corona-en-la-race-of-champions-mexico\/#primaryimage\"},\"image\":{\"@id\":\"https:\/\/noti-america.com\/site\/mexico\/2019\/01\/21\/benito-guerra-se-corona-en-la-race-of-champions-mexico\/#primaryimage\"},\"thumbnailUrl\":\"https:\/\/noti-america.com\/site\/mexico\/wp-content\/uploads\/sites\/13\/2019\/01\/165203-Principal.jpg\",\"datePublished\":\"2019-01-21T05:37:11+00:00\",\"breadcrumb\":{\"@id\":\"https:\/\/noti-america.com\/site\/mexico\/2019\/01\/21\/benito-guerra-se-corona-en-la-race-of-champions-mexico\/#breadcrumb\"},\"inLanguage\":\"es\",\"potentialAction\":[{\"@type\":\"ReadAction\",\"target\":[\"https:\/\/noti-america.com\/site\/mexico\/2019\/01\/21\/benito-guerra-se-corona-en-la-race-of-champions-mexico\/\"]}]},{\"@type\":\"ImageObject\",\"inLanguage\":\"es\",\"@id\":\"https:\/\/noti-america.com\/site\/mexico\/2019\/01\/21\/benito-guerra-se-corona-en-la-race-of-champions-mexico\/#primaryimage\",\"url\":\"https:\/\/noti-america.com\/site\/mexico\/wp-content\/uploads\/sites\/13\/2019\/01\/165203-Principal.jpg\",\"contentUrl\":\"https:\/\/noti-america.com\/site\/mexico\/wp-content\/uploads\/sites\/13\/2019\/01\/165203-Principal.jpg\",\"width\":750,\"height\":450},{\"@type\":\"BreadcrumbList\",\"@id\":\"https:\/\/noti-america.com\/site\/mexico\/2019\/01\/21\/benito-guerra-se-corona-en-la-race-of-champions-mexico\/#breadcrumb\",\"itemListElement\":[{\"@type\":\"ListItem\",\"position\":1,\"name\":\"Portada\",\"item\":\"https:\/\/noti-america.com\/site\/mexico\/\"},{\"@type\":\"ListItem\",\"position\":2,\"name\":\"Benito Guerra se corona en la Race of Champions M\u00e9xico\"}]},{\"@type\":\"WebSite\",\"@id\":\"https:\/\/noti-america.com\/site\/mexico\/#website\",\"url\":\"https:\/\/noti-america.com\/site\/mexico\/\",\"name\":\"M\u00e9xico | Noti-America.com\",\"description\":\"\",\"publisher\":{\"@id\":\"https:\/\/noti-america.com\/site\/mexico\/#organization\"},\"potentialAction\":[{\"@type\":\"SearchAction\",\"target\":{\"@type\":\"EntryPoint\",\"urlTemplate\":\"https:\/\/noti-america.com\/site\/mexico\/?s={search_term_string}\"},\"query-input\":{\"@type\":\"PropertyValueSpecification\",\"valueRequired\":true,\"valueName\":\"search_term_string\"}}],\"inLanguage\":\"es\"},{\"@type\":\"Organization\",\"@id\":\"https:\/\/noti-america.com\/site\/mexico\/#organization\",\"name\":\"Noti-America LLC | M\u00e9xico\",\"url\":\"https:\/\/noti-america.com\/site\/mexico\/\",\"logo\":{\"@type\":\"ImageObject\",\"inLanguage\":\"es\",\"@id\":\"https:\/\/noti-america.com\/site\/mexico\/#\/schema\/logo\/image\/\",\"url\":\"https:\/\/noti-america.com\/site\/mexico\/wp-content\/uploads\/sites\/13\/2020\/07\/LogoNA-4x3-1.jpg\",\"contentUrl\":\"https:\/\/noti-america.com\/site\/mexico\/wp-content\/uploads\/sites\/13\/2020\/07\/LogoNA-4x3-1.jpg\",\"width\":1236,\"height\":1080,\"caption\":\"Noti-America LLC | M\u00e9xico\"},\"image\":{\"@id\":\"https:\/\/noti-america.com\/site\/mexico\/#\/schema\/logo\/image\/\"}},{\"@type\":\"Person\",\"@id\":\"https:\/\/noti-america.com\/site\/mexico\/#\/schema\/person\/db5a6527aaddfc34b3753d557a1292f0\",\"name\":\"Redacci\u00f3n NA-NY\",\"image\":{\"@type\":\"ImageObject\",\"inLanguage\":\"es\",\"@id\":\"https:\/\/secure.gravatar.com\/avatar\/2bd75bb500a8deb1390f777293a9af32d934c46613d2fbac7cceb2aaa2679ae8?s=96&d=mm&r=g\",\"url\":\"https:\/\/secure.gravatar.com\/avatar\/2bd75bb500a8deb1390f777293a9af32d934c46613d2fbac7cceb2aaa2679ae8?s=96&d=mm&r=g\",\"contentUrl\":\"https:\/\/secure.gravatar.com\/avatar\/2bd75bb500a8deb1390f777293a9af32d934c46613d2fbac7cceb2aaa2679ae8?s=96&d=mm&r=g\",\"caption\":\"Redacci\u00f3n NA-NY\"},\"url\":\"https:\/\/noti-america.com\/site\/mexico\/author\/redaccionny\/\"}]}<\/script>\n<!-- \/ Yoast SEO Premium plugin. -->","yoast_head_json":{"title":"Benito Guerra se corona en la Race of Champions M\u00e9xico - M\u00e9xico","robots":{"index":"index","follow":"follow","max-snippet":"max-snippet:-1","max-image-preview":"max-image-preview:large","max-video-preview":"max-video-preview:-1"},"canonical":"https:\/\/noti-america.com\/site\/mexico\/2019\/01\/21\/benito-guerra-se-corona-en-la-race-of-champions-mexico\/","og_locale":"es_ES","og_type":"article","og_title":"Benito Guerra se corona en la Race of Champions M\u00e9xico","og_description":"&nbsp; https:\/\/www.unotv.com\/noticias\/portal\/deportes\/ &nbsp; Benito Guerra\u00a0pas\u00f3 a la historia al vencer en la final de la\u00a0Race of Champions M\u00e9xico\u00a0al franc\u00e9s\u00a0Loic Duval\u00a0y convertirse en el nuevo campe\u00f3n de campeones en el deporte motor. Festejos de Benito&#46;&#46;&#46;","og_url":"https:\/\/noti-america.com\/site\/mexico\/2019\/01\/21\/benito-guerra-se-corona-en-la-race-of-champions-mexico\/","og_site_name":"M\u00e9xico","article_published_time":"2019-01-21T05:37:11+00:00","og_image":[{"width":750,"height":450,"url":"https:\/\/noti-america.com\/site\/mexico\/wp-content\/uploads\/sites\/13\/2019\/01\/165203-Principal.jpg","type":"image\/jpeg"}],"author":"Redacci\u00f3n NA-NY","twitter_card":"summary_large_image","twitter_misc":{"Escrito por":"Redacci\u00f3n NA-NY","Tiempo estimado de lectura":"1 minuto"},"schema":{"@context":"https:\/\/schema.org","@graph":[{"@type":"Article","@id":"https:\/\/noti-america.com\/site\/mexico\/2019\/01\/21\/benito-guerra-se-corona-en-la-race-of-champions-mexico\/#article","isPartOf":{"@id":"https:\/\/noti-america.com\/site\/mexico\/2019\/01\/21\/benito-guerra-se-corona-en-la-race-of-champions-mexico\/"},"author":{"name":"Redacci\u00f3n NA-NY","@id":"https:\/\/noti-america.com\/site\/mexico\/#\/schema\/person\/db5a6527aaddfc34b3753d557a1292f0"},"headline":"Benito Guerra se corona en la Race of Champions M\u00e9xico","datePublished":"2019-01-21T05:37:11+00:00","mainEntityOfPage":{"@id":"https:\/\/noti-america.com\/site\/mexico\/2019\/01\/21\/benito-guerra-se-corona-en-la-race-of-champions-mexico\/"},"wordCount":191,"commentCount":0,"publisher":{"@id":"https:\/\/noti-america.com\/site\/mexico\/#organization"},"image":{"@id":"https:\/\/noti-america.com\/site\/mexico\/2019\/01\/21\/benito-guerra-se-corona-en-la-race-of-champions-mexico\/#primaryimage"},"thumbnailUrl":"https:\/\/noti-america.com\/site\/mexico\/wp-content\/uploads\/sites\/13\/2019\/01\/165203-Principal.jpg","keywords":["Benito Guerra se corona en la Race of Champions M\u00e9xico"],"articleSection":["Deportes"],"inLanguage":"es","potentialAction":[{"@type":"CommentAction","name":"Comment","target":["https:\/\/noti-america.com\/site\/mexico\/2019\/01\/21\/benito-guerra-se-corona-en-la-race-of-champions-mexico\/#respond"]}]},{"@type":"WebPage","@id":"https:\/\/noti-america.com\/site\/mexico\/2019\/01\/21\/benito-guerra-se-corona-en-la-race-of-champions-mexico\/","url":"https:\/\/noti-america.com\/site\/mexico\/2019\/01\/21\/benito-guerra-se-corona-en-la-race-of-champions-mexico\/","name":"Benito Guerra se corona en la Race of Champions M\u00e9xico - M\u00e9xico","isPartOf":{"@id":"https:\/\/noti-america.com\/site\/mexico\/#website"},"primaryImageOfPage":{"@id":"https:\/\/noti-america.com\/site\/mexico\/2019\/01\/21\/benito-guerra-se-corona-en-la-race-of-champions-mexico\/#primaryimage"},"image":{"@id":"https:\/\/noti-america.com\/site\/mexico\/2019\/01\/21\/benito-guerra-se-corona-en-la-race-of-champions-mexico\/#primaryimage"},"thumbnailUrl":"https:\/\/noti-america.com\/site\/mexico\/wp-content\/uploads\/sites\/13\/2019\/01\/165203-Principal.jpg","datePublished":"2019-01-21T05:37:11+00:00","breadcrumb":{"@id":"https:\/\/noti-america.com\/site\/mexico\/2019\/01\/21\/benito-guerra-se-corona-en-la-race-of-champions-mexico\/#breadcrumb"},"inLanguage":"es","potentialAction":[{"@type":"ReadAction","target":["https:\/\/noti-america.com\/site\/mexico\/2019\/01\/21\/benito-guerra-se-corona-en-la-race-of-champions-mexico\/"]}]},{"@type":"ImageObject","inLanguage":"es","@id":"https:\/\/noti-america.com\/site\/mexico\/2019\/01\/21\/benito-guerra-se-corona-en-la-race-of-champions-mexico\/#primaryimage","url":"https:\/\/noti-america.com\/site\/mexico\/wp-content\/uploads\/sites\/13\/2019\/01\/165203-Principal.jpg","contentUrl":"https:\/\/noti-america.com\/site\/mexico\/wp-content\/uploads\/sites\/13\/2019\/01\/165203-Principal.jpg","width":750,"height":450},{"@type":"BreadcrumbList","@id":"https:\/\/noti-america.com\/site\/mexico\/2019\/01\/21\/benito-guerra-se-corona-en-la-race-of-champions-mexico\/#breadcrumb","itemListElement":[{"@type":"ListItem","position":1,"name":"Portada","item":"https:\/\/noti-america.com\/site\/mexico\/"},{"@type":"ListItem","position":2,"name":"Benito Guerra se corona en la Race of Champions M\u00e9xico"}]},{"@type":"WebSite","@id":"https:\/\/noti-america.com\/site\/mexico\/#website","url":"https:\/\/noti-america.com\/site\/mexico\/","name":"M\u00e9xico | Noti-America.com","description":"","publisher":{"@id":"https:\/\/noti-america.com\/site\/mexico\/#organization"},"potentialAction":[{"@type":"SearchAction","target":{"@type":"EntryPoint","urlTemplate":"https:\/\/noti-america.com\/site\/mexico\/?s={search_term_string}"},"query-input":{"@type":"PropertyValueSpecification","valueRequired":true,"valueName":"search_term_string"}}],"inLanguage":"es"},{"@type":"Organization","@id":"https:\/\/noti-america.com\/site\/mexico\/#organization","name":"Noti-America LLC | M\u00e9xico","url":"https:\/\/noti-america.com\/site\/mexico\/","logo":{"@type":"ImageObject","inLanguage":"es","@id":"https:\/\/noti-america.com\/site\/mexico\/#\/schema\/logo\/image\/","url":"https:\/\/noti-america.com\/site\/mexico\/wp-content\/uploads\/sites\/13\/2020\/07\/LogoNA-4x3-1.jpg","contentUrl":"https:\/\/noti-america.com\/site\/mexico\/wp-content\/uploads\/sites\/13\/2020\/07\/LogoNA-4x3-1.jpg","width":1236,"height":1080,"caption":"Noti-America LLC | M\u00e9xico"},"image":{"@id":"https:\/\/noti-america.com\/site\/mexico\/#\/schema\/logo\/image\/"}},{"@type":"Person","@id":"https:\/\/noti-america.com\/site\/mexico\/#\/schema\/person\/db5a6527aaddfc34b3753d557a1292f0","name":"Redacci\u00f3n NA-NY","image":{"@type":"ImageObject","inLanguage":"es","@id":"https:\/\/secure.gravatar.com\/avatar\/2bd75bb500a8deb1390f777293a9af32d934c46613d2fbac7cceb2aaa2679ae8?s=96&d=mm&r=g","url":"https:\/\/secure.gravatar.com\/avatar\/2bd75bb500a8deb1390f777293a9af32d934c46613d2fbac7cceb2aaa2679ae8?s=96&d=mm&r=g","contentUrl":"https:\/\/secure.gravatar.com\/avatar\/2bd75bb500a8deb1390f777293a9af32d934c46613d2fbac7cceb2aaa2679ae8?s=96&d=mm&r=g","caption":"Redacci\u00f3n NA-NY"},"url":"https:\/\/noti-america.com\/site\/mexico\/author\/redaccionny\/"}]}},"_links":{"self":[{"href":"https:\/\/noti-america.com\/site\/mexico\/wp-json\/wp\/v2\/posts\/2645","targetHints":{"allow":["GET"]}}],"collection":[{"href":"https:\/\/noti-america.com\/site\/mexico\/wp-json\/wp\/v2\/posts"}],"about":[{"href":"https:\/\/noti-america.com\/site\/mexico\/wp-json\/wp\/v2\/types\/post"}],"author":[{"embeddable":true,"href":"https:\/\/noti-america.com\/site\/mexico\/wp-json\/wp\/v2\/users\/28"}],"replies":[{"embeddable":true,"href":"https:\/\/noti-america.com\/site\/mexico\/wp-json\/wp\/v2\/comments?post=2645"}],"version-history":[{"count":1,"href":"https:\/\/noti-america.com\/site\/mexico\/wp-json\/wp\/v2\/posts\/2645\/revisions"}],"predecessor-version":[{"id":2647,"href":"https:\/\/noti-america.com\/site\/mexico\/wp-json\/wp\/v2\/posts\/2645\/revisions\/2647"}],"wp:featuredmedia":[{"embeddable":true,"href":"https:\/\/noti-america.com\/site\/mexico\/wp-json\/wp\/v2\/media\/2646"}],"wp:attachment":[{"href":"https:\/\/noti-america.com\/site\/mexico\/wp-json\/wp\/v2\/media?parent=2645"}],"wp:term":[{"taxonomy":"category","embeddable":true,"href":"https:\/\/noti-america.com\/site\/mexico\/wp-json\/wp\/v2\/categories?post=2645"},{"taxonomy":"post_tag","embeddable":true,"href":"https:\/\/noti-america.com\/site\/mexico\/wp-json\/wp\/v2\/tags?post=2645"}],"curies":[{"name":"wp","href":"https:\/\/api.w.org\/{rel}","templated":true}]}}