{"id":2642,"date":"2019-01-21T05:33:02","date_gmt":"2019-01-21T05:33:02","guid":{"rendered":"http:\/\/noti-america.com\/site\/mexico\/?p=2642"},"modified":"2019-01-21T05:33:02","modified_gmt":"2019-01-21T05:33:02","slug":"esta-es-la-terna-para-gobierno-interino-de-puebla","status":"publish","type":"post","link":"https:\/\/noti-america.com\/site\/mexico\/2019\/01\/21\/esta-es-la-terna-para-gobierno-interino-de-puebla\/","title":{"rendered":"\u00c9sta es la terna para gobierno interino de Puebla"},"content":{"rendered":"<h3><img loading=\"lazy\" decoding=\"async\" class=\"alignnone  wp-image-2643 aligncenter\" src=\"http:\/\/noti-america.com\/site\/mexico\/wp-content\/uploads\/sites\/13\/2019\/01\/165208-Principal-300x180.jpg\" alt=\"\" width=\"503\" height=\"302\" srcset=\"https:\/\/noti-america.com\/site\/mexico\/wp-content\/uploads\/sites\/13\/2019\/01\/165208-Principal-300x180.jpg 300w, https:\/\/noti-america.com\/site\/mexico\/wp-content\/uploads\/sites\/13\/2019\/01\/165208-Principal.jpg 750w\" sizes=\"auto, (max-width: 503px) 100vw, 503px\" \/><\/h3>\n<h3><\/h3>\n<h3>https:\/\/www.unotv.com\/noticias\/<\/h3>\n<p>&nbsp;<\/p>\n<p dir=\"ltr\">Los integrantes de la Junta de Gobierno y Coordinaci\u00f3n Pol\u00edtica del Congreso local acordaron proponer la terna\u00a0para el dictamen con el que se elegir\u00e1 a gobernador interino de Puebla.<\/p>\n<p dir=\"ltr\">Est\u00e1\u00a0conformada por:<\/p>\n<ul dir=\"ltr\">\n<li>Jes\u00fas Rodr\u00edguez\u00a0<strong>Almeida<\/strong><\/li>\n<li>Guillermo\u00a0<strong>Pacheco\u00a0<\/strong>Pulido<\/li>\n<li>\u00c1ngel\u00a0<strong>Gerardo Islas\u00a0<\/strong>Maldonado<\/li>\n<\/ul>\n<p dir=\"ltr\">El presidente de dicha Junta, Gabriel Biestro Medinilla, expres\u00f3 que dichos nombres se decidieron por acuerdo de los coordinadores de fracciones parlamentarias de la Legislatura, y recomendaron a la\u00a0<strong>Comisi\u00f3n de Gobernaci\u00f3n y Puntos Constitucionales\u00a0<\/strong>que el dictamen para el gobernador interino salga ma\u00f1ana.<\/p>\n<p dir=\"ltr\">Biestro Medinilla subray\u00f3 que est\u00e1n en la misma din\u00e1mica de encontrar consenso para que quien salga goce de la legitimidad y gobernabilidad que el procedimiento necesita, m\u00e1s all\u00e1 de colores lo importante es que haga frente a\u00a0<strong>responsabilidades de gobierno como es la paz, unidad, certeza, e imparcialidad.<\/strong><\/p>\n<ul dir=\"ltr\">\n<li>A\u00f1adi\u00f3 que primero deben cumplir con los requisitos de la Constituci\u00f3n del estado para ser gobernador o gobernadora.<\/li>\n<\/ul>\n<p dir=\"ltr\">Roc\u00edo Garc\u00eda Olmedo, coordinadora de la fracci\u00f3n parlamentaria del Partido Revolucionario Institucional, dijo que estar\u00e1n atentos a la convocatoria de la sesi\u00f3n de la\u00a0<strong>Comisi\u00f3n de Gobernaci\u00f3n y Puntos Constitucionales<\/strong>, as\u00ed como al procedimiento que se lleve a cabo con base en el acuerdo que ya tienen.<\/p>\n<p dir=\"ltr\">Tras la designaci\u00f3n de la terna, este lunes los diputados de la Comisi\u00f3n de Gobernaci\u00f3n y Puntos Constitucionales har\u00e1n la elecci\u00f3n, y se seguir\u00e1 con el procedimiento.<\/p>\n","protected":false},"excerpt":{"rendered":"<p>https:\/\/www.unotv.com\/noticias\/ &nbsp; Los integrantes de la Junta de Gobierno y Coordinaci\u00f3n Pol\u00edtica del Congreso local acordaron proponer la terna\u00a0para el dictamen con el que se elegir\u00e1 a gobernador interino de Puebla. Est\u00e1\u00a0conformada por: Jes\u00fas&#46;&#46;&#46;<\/p>\n","protected":false},"author":28,"featured_media":2643,"comment_status":"open","ping_status":"open","sticky":false,"template":"","format":"standard","meta":{"_acf_changed":false,"om_disable_all_campaigns":false,"rop_custom_images_group":[],"rop_custom_messages_group":[],"rop_publish_now":"initial","rop_publish_now_accounts":{"twitter_242054905_242054905":""},"rop_publish_now_history":[],"rop_publish_now_status":"pending","_uf_show_specific_survey":0,"_uf_disable_surveys":false,"footnotes":""},"categories":[1],"tags":[279],"class_list":["post-2642","post","type-post","status-publish","format-standard","has-post-thumbnail","hentry","category-uncategorized","tag-esta-es-la-terna-para-gobierno-interino-de-puebla"],"acf":[],"aioseo_notices":[],"yoast_head":"<!-- This site is optimized with the Yoast SEO Premium plugin v24.9 (Yoast SEO v27.2) - https:\/\/yoast.com\/product\/yoast-seo-premium-wordpress\/ -->\n<title>\u00c9sta es la terna para gobierno interino de Puebla - M\u00e9xico<\/title>\n<meta name=\"robots\" content=\"index, follow, max-snippet:-1, max-image-preview:large, max-video-preview:-1\" \/>\n<link rel=\"canonical\" href=\"https:\/\/noti-america.com\/site\/mexico\/2019\/01\/21\/esta-es-la-terna-para-gobierno-interino-de-puebla\/\" \/>\n<meta property=\"og:locale\" content=\"es_ES\" \/>\n<meta property=\"og:type\" content=\"article\" \/>\n<meta property=\"og:title\" content=\"\u00c9sta es la terna para gobierno interino de Puebla\" \/>\n<meta property=\"og:description\" content=\"https:\/\/www.unotv.com\/noticias\/ &nbsp; Los integrantes de la Junta de Gobierno y Coordinaci\u00f3n Pol\u00edtica del Congreso local acordaron proponer la terna\u00a0para el dictamen con el que se elegir\u00e1 a gobernador interino de Puebla. Est\u00e1\u00a0conformada por: Jes\u00fas&#046;&#046;&#046;\" \/>\n<meta property=\"og:url\" content=\"https:\/\/noti-america.com\/site\/mexico\/2019\/01\/21\/esta-es-la-terna-para-gobierno-interino-de-puebla\/\" \/>\n<meta property=\"og:site_name\" content=\"M\u00e9xico\" \/>\n<meta property=\"article:published_time\" content=\"2019-01-21T05:33:02+00:00\" \/>\n<meta property=\"og:image\" content=\"https:\/\/noti-america.com\/site\/mexico\/wp-content\/uploads\/sites\/13\/2019\/01\/165208-Principal.jpg\" \/>\n\t<meta property=\"og:image:width\" content=\"750\" \/>\n\t<meta property=\"og:image:height\" content=\"450\" \/>\n\t<meta property=\"og:image:type\" content=\"image\/jpeg\" \/>\n<meta name=\"author\" content=\"Redacci\u00f3n NA-NY\" \/>\n<meta name=\"twitter:card\" content=\"summary_large_image\" \/>\n<meta name=\"twitter:label1\" content=\"Escrito por\" \/>\n\t<meta name=\"twitter:data1\" content=\"Redacci\u00f3n NA-NY\" \/>\n\t<meta name=\"twitter:label2\" content=\"Tiempo estimado de lectura\" \/>\n\t<meta name=\"twitter:data2\" content=\"1 minuto\" \/>\n<script type=\"application\/ld+json\" class=\"yoast-schema-graph\">{\"@context\":\"https:\/\/schema.org\",\"@graph\":[{\"@type\":\"Article\",\"@id\":\"https:\/\/noti-america.com\/site\/mexico\/2019\/01\/21\/esta-es-la-terna-para-gobierno-interino-de-puebla\/#article\",\"isPartOf\":{\"@id\":\"https:\/\/noti-america.com\/site\/mexico\/2019\/01\/21\/esta-es-la-terna-para-gobierno-interino-de-puebla\/\"},\"author\":{\"name\":\"Redacci\u00f3n NA-NY\",\"@id\":\"https:\/\/noti-america.com\/site\/mexico\/#\/schema\/person\/db5a6527aaddfc34b3753d557a1292f0\"},\"headline\":\"\u00c9sta es la terna para gobierno interino de Puebla\",\"datePublished\":\"2019-01-21T05:33:02+00:00\",\"mainEntityOfPage\":{\"@id\":\"https:\/\/noti-america.com\/site\/mexico\/2019\/01\/21\/esta-es-la-terna-para-gobierno-interino-de-puebla\/\"},\"wordCount\":266,\"commentCount\":0,\"publisher\":{\"@id\":\"https:\/\/noti-america.com\/site\/mexico\/#organization\"},\"image\":{\"@id\":\"https:\/\/noti-america.com\/site\/mexico\/2019\/01\/21\/esta-es-la-terna-para-gobierno-interino-de-puebla\/#primaryimage\"},\"thumbnailUrl\":\"https:\/\/noti-america.com\/site\/mexico\/wp-content\/uploads\/sites\/13\/2019\/01\/165208-Principal.jpg\",\"keywords\":[\"\u00c9sta es la terna para gobierno interino de Puebla\"],\"articleSection\":[\"Uncategorized\"],\"inLanguage\":\"es\",\"potentialAction\":[{\"@type\":\"CommentAction\",\"name\":\"Comment\",\"target\":[\"https:\/\/noti-america.com\/site\/mexico\/2019\/01\/21\/esta-es-la-terna-para-gobierno-interino-de-puebla\/#respond\"]}]},{\"@type\":\"WebPage\",\"@id\":\"https:\/\/noti-america.com\/site\/mexico\/2019\/01\/21\/esta-es-la-terna-para-gobierno-interino-de-puebla\/\",\"url\":\"https:\/\/noti-america.com\/site\/mexico\/2019\/01\/21\/esta-es-la-terna-para-gobierno-interino-de-puebla\/\",\"name\":\"\u00c9sta es la terna para gobierno interino de Puebla - M\u00e9xico\",\"isPartOf\":{\"@id\":\"https:\/\/noti-america.com\/site\/mexico\/#website\"},\"primaryImageOfPage\":{\"@id\":\"https:\/\/noti-america.com\/site\/mexico\/2019\/01\/21\/esta-es-la-terna-para-gobierno-interino-de-puebla\/#primaryimage\"},\"image\":{\"@id\":\"https:\/\/noti-america.com\/site\/mexico\/2019\/01\/21\/esta-es-la-terna-para-gobierno-interino-de-puebla\/#primaryimage\"},\"thumbnailUrl\":\"https:\/\/noti-america.com\/site\/mexico\/wp-content\/uploads\/sites\/13\/2019\/01\/165208-Principal.jpg\",\"datePublished\":\"2019-01-21T05:33:02+00:00\",\"breadcrumb\":{\"@id\":\"https:\/\/noti-america.com\/site\/mexico\/2019\/01\/21\/esta-es-la-terna-para-gobierno-interino-de-puebla\/#breadcrumb\"},\"inLanguage\":\"es\",\"potentialAction\":[{\"@type\":\"ReadAction\",\"target\":[\"https:\/\/noti-america.com\/site\/mexico\/2019\/01\/21\/esta-es-la-terna-para-gobierno-interino-de-puebla\/\"]}]},{\"@type\":\"ImageObject\",\"inLanguage\":\"es\",\"@id\":\"https:\/\/noti-america.com\/site\/mexico\/2019\/01\/21\/esta-es-la-terna-para-gobierno-interino-de-puebla\/#primaryimage\",\"url\":\"https:\/\/noti-america.com\/site\/mexico\/wp-content\/uploads\/sites\/13\/2019\/01\/165208-Principal.jpg\",\"contentUrl\":\"https:\/\/noti-america.com\/site\/mexico\/wp-content\/uploads\/sites\/13\/2019\/01\/165208-Principal.jpg\",\"width\":750,\"height\":450},{\"@type\":\"BreadcrumbList\",\"@id\":\"https:\/\/noti-america.com\/site\/mexico\/2019\/01\/21\/esta-es-la-terna-para-gobierno-interino-de-puebla\/#breadcrumb\",\"itemListElement\":[{\"@type\":\"ListItem\",\"position\":1,\"name\":\"Portada\",\"item\":\"https:\/\/noti-america.com\/site\/mexico\/\"},{\"@type\":\"ListItem\",\"position\":2,\"name\":\"\u00c9sta es la terna para gobierno interino de Puebla\"}]},{\"@type\":\"WebSite\",\"@id\":\"https:\/\/noti-america.com\/site\/mexico\/#website\",\"url\":\"https:\/\/noti-america.com\/site\/mexico\/\",\"name\":\"M\u00e9xico | Noti-America.com\",\"description\":\"\",\"publisher\":{\"@id\":\"https:\/\/noti-america.com\/site\/mexico\/#organization\"},\"potentialAction\":[{\"@type\":\"SearchAction\",\"target\":{\"@type\":\"EntryPoint\",\"urlTemplate\":\"https:\/\/noti-america.com\/site\/mexico\/?s={search_term_string}\"},\"query-input\":{\"@type\":\"PropertyValueSpecification\",\"valueRequired\":true,\"valueName\":\"search_term_string\"}}],\"inLanguage\":\"es\"},{\"@type\":\"Organization\",\"@id\":\"https:\/\/noti-america.com\/site\/mexico\/#organization\",\"name\":\"Noti-America LLC | M\u00e9xico\",\"url\":\"https:\/\/noti-america.com\/site\/mexico\/\",\"logo\":{\"@type\":\"ImageObject\",\"inLanguage\":\"es\",\"@id\":\"https:\/\/noti-america.com\/site\/mexico\/#\/schema\/logo\/image\/\",\"url\":\"https:\/\/noti-america.com\/site\/mexico\/wp-content\/uploads\/sites\/13\/2020\/07\/LogoNA-4x3-1.jpg\",\"contentUrl\":\"https:\/\/noti-america.com\/site\/mexico\/wp-content\/uploads\/sites\/13\/2020\/07\/LogoNA-4x3-1.jpg\",\"width\":1236,\"height\":1080,\"caption\":\"Noti-America LLC | M\u00e9xico\"},\"image\":{\"@id\":\"https:\/\/noti-america.com\/site\/mexico\/#\/schema\/logo\/image\/\"}},{\"@type\":\"Person\",\"@id\":\"https:\/\/noti-america.com\/site\/mexico\/#\/schema\/person\/db5a6527aaddfc34b3753d557a1292f0\",\"name\":\"Redacci\u00f3n NA-NY\",\"image\":{\"@type\":\"ImageObject\",\"inLanguage\":\"es\",\"@id\":\"https:\/\/secure.gravatar.com\/avatar\/2bd75bb500a8deb1390f777293a9af32d934c46613d2fbac7cceb2aaa2679ae8?s=96&d=mm&r=g\",\"url\":\"https:\/\/secure.gravatar.com\/avatar\/2bd75bb500a8deb1390f777293a9af32d934c46613d2fbac7cceb2aaa2679ae8?s=96&d=mm&r=g\",\"contentUrl\":\"https:\/\/secure.gravatar.com\/avatar\/2bd75bb500a8deb1390f777293a9af32d934c46613d2fbac7cceb2aaa2679ae8?s=96&d=mm&r=g\",\"caption\":\"Redacci\u00f3n NA-NY\"},\"url\":\"https:\/\/noti-america.com\/site\/mexico\/author\/redaccionny\/\"}]}<\/script>\n<!-- \/ Yoast SEO Premium plugin. -->","yoast_head_json":{"title":"\u00c9sta es la terna para gobierno interino de Puebla - M\u00e9xico","robots":{"index":"index","follow":"follow","max-snippet":"max-snippet:-1","max-image-preview":"max-image-preview:large","max-video-preview":"max-video-preview:-1"},"canonical":"https:\/\/noti-america.com\/site\/mexico\/2019\/01\/21\/esta-es-la-terna-para-gobierno-interino-de-puebla\/","og_locale":"es_ES","og_type":"article","og_title":"\u00c9sta es la terna para gobierno interino de Puebla","og_description":"https:\/\/www.unotv.com\/noticias\/ &nbsp; Los integrantes de la Junta de Gobierno y Coordinaci\u00f3n Pol\u00edtica del Congreso local acordaron proponer la terna\u00a0para el dictamen con el que se elegir\u00e1 a gobernador interino de Puebla. Est\u00e1\u00a0conformada por: Jes\u00fas&#46;&#46;&#46;","og_url":"https:\/\/noti-america.com\/site\/mexico\/2019\/01\/21\/esta-es-la-terna-para-gobierno-interino-de-puebla\/","og_site_name":"M\u00e9xico","article_published_time":"2019-01-21T05:33:02+00:00","og_image":[{"width":750,"height":450,"url":"https:\/\/noti-america.com\/site\/mexico\/wp-content\/uploads\/sites\/13\/2019\/01\/165208-Principal.jpg","type":"image\/jpeg"}],"author":"Redacci\u00f3n NA-NY","twitter_card":"summary_large_image","twitter_misc":{"Escrito por":"Redacci\u00f3n NA-NY","Tiempo estimado de lectura":"1 minuto"},"schema":{"@context":"https:\/\/schema.org","@graph":[{"@type":"Article","@id":"https:\/\/noti-america.com\/site\/mexico\/2019\/01\/21\/esta-es-la-terna-para-gobierno-interino-de-puebla\/#article","isPartOf":{"@id":"https:\/\/noti-america.com\/site\/mexico\/2019\/01\/21\/esta-es-la-terna-para-gobierno-interino-de-puebla\/"},"author":{"name":"Redacci\u00f3n NA-NY","@id":"https:\/\/noti-america.com\/site\/mexico\/#\/schema\/person\/db5a6527aaddfc34b3753d557a1292f0"},"headline":"\u00c9sta es la terna para gobierno interino de Puebla","datePublished":"2019-01-21T05:33:02+00:00","mainEntityOfPage":{"@id":"https:\/\/noti-america.com\/site\/mexico\/2019\/01\/21\/esta-es-la-terna-para-gobierno-interino-de-puebla\/"},"wordCount":266,"commentCount":0,"publisher":{"@id":"https:\/\/noti-america.com\/site\/mexico\/#organization"},"image":{"@id":"https:\/\/noti-america.com\/site\/mexico\/2019\/01\/21\/esta-es-la-terna-para-gobierno-interino-de-puebla\/#primaryimage"},"thumbnailUrl":"https:\/\/noti-america.com\/site\/mexico\/wp-content\/uploads\/sites\/13\/2019\/01\/165208-Principal.jpg","keywords":["\u00c9sta es la terna para gobierno interino de Puebla"],"articleSection":["Uncategorized"],"inLanguage":"es","potentialAction":[{"@type":"CommentAction","name":"Comment","target":["https:\/\/noti-america.com\/site\/mexico\/2019\/01\/21\/esta-es-la-terna-para-gobierno-interino-de-puebla\/#respond"]}]},{"@type":"WebPage","@id":"https:\/\/noti-america.com\/site\/mexico\/2019\/01\/21\/esta-es-la-terna-para-gobierno-interino-de-puebla\/","url":"https:\/\/noti-america.com\/site\/mexico\/2019\/01\/21\/esta-es-la-terna-para-gobierno-interino-de-puebla\/","name":"\u00c9sta es la terna para gobierno interino de Puebla - M\u00e9xico","isPartOf":{"@id":"https:\/\/noti-america.com\/site\/mexico\/#website"},"primaryImageOfPage":{"@id":"https:\/\/noti-america.com\/site\/mexico\/2019\/01\/21\/esta-es-la-terna-para-gobierno-interino-de-puebla\/#primaryimage"},"image":{"@id":"https:\/\/noti-america.com\/site\/mexico\/2019\/01\/21\/esta-es-la-terna-para-gobierno-interino-de-puebla\/#primaryimage"},"thumbnailUrl":"https:\/\/noti-america.com\/site\/mexico\/wp-content\/uploads\/sites\/13\/2019\/01\/165208-Principal.jpg","datePublished":"2019-01-21T05:33:02+00:00","breadcrumb":{"@id":"https:\/\/noti-america.com\/site\/mexico\/2019\/01\/21\/esta-es-la-terna-para-gobierno-interino-de-puebla\/#breadcrumb"},"inLanguage":"es","potentialAction":[{"@type":"ReadAction","target":["https:\/\/noti-america.com\/site\/mexico\/2019\/01\/21\/esta-es-la-terna-para-gobierno-interino-de-puebla\/"]}]},{"@type":"ImageObject","inLanguage":"es","@id":"https:\/\/noti-america.com\/site\/mexico\/2019\/01\/21\/esta-es-la-terna-para-gobierno-interino-de-puebla\/#primaryimage","url":"https:\/\/noti-america.com\/site\/mexico\/wp-content\/uploads\/sites\/13\/2019\/01\/165208-Principal.jpg","contentUrl":"https:\/\/noti-america.com\/site\/mexico\/wp-content\/uploads\/sites\/13\/2019\/01\/165208-Principal.jpg","width":750,"height":450},{"@type":"BreadcrumbList","@id":"https:\/\/noti-america.com\/site\/mexico\/2019\/01\/21\/esta-es-la-terna-para-gobierno-interino-de-puebla\/#breadcrumb","itemListElement":[{"@type":"ListItem","position":1,"name":"Portada","item":"https:\/\/noti-america.com\/site\/mexico\/"},{"@type":"ListItem","position":2,"name":"\u00c9sta es la terna para gobierno interino de Puebla"}]},{"@type":"WebSite","@id":"https:\/\/noti-america.com\/site\/mexico\/#website","url":"https:\/\/noti-america.com\/site\/mexico\/","name":"M\u00e9xico | Noti-America.com","description":"","publisher":{"@id":"https:\/\/noti-america.com\/site\/mexico\/#organization"},"potentialAction":[{"@type":"SearchAction","target":{"@type":"EntryPoint","urlTemplate":"https:\/\/noti-america.com\/site\/mexico\/?s={search_term_string}"},"query-input":{"@type":"PropertyValueSpecification","valueRequired":true,"valueName":"search_term_string"}}],"inLanguage":"es"},{"@type":"Organization","@id":"https:\/\/noti-america.com\/site\/mexico\/#organization","name":"Noti-America LLC | M\u00e9xico","url":"https:\/\/noti-america.com\/site\/mexico\/","logo":{"@type":"ImageObject","inLanguage":"es","@id":"https:\/\/noti-america.com\/site\/mexico\/#\/schema\/logo\/image\/","url":"https:\/\/noti-america.com\/site\/mexico\/wp-content\/uploads\/sites\/13\/2020\/07\/LogoNA-4x3-1.jpg","contentUrl":"https:\/\/noti-america.com\/site\/mexico\/wp-content\/uploads\/sites\/13\/2020\/07\/LogoNA-4x3-1.jpg","width":1236,"height":1080,"caption":"Noti-America LLC | M\u00e9xico"},"image":{"@id":"https:\/\/noti-america.com\/site\/mexico\/#\/schema\/logo\/image\/"}},{"@type":"Person","@id":"https:\/\/noti-america.com\/site\/mexico\/#\/schema\/person\/db5a6527aaddfc34b3753d557a1292f0","name":"Redacci\u00f3n NA-NY","image":{"@type":"ImageObject","inLanguage":"es","@id":"https:\/\/secure.gravatar.com\/avatar\/2bd75bb500a8deb1390f777293a9af32d934c46613d2fbac7cceb2aaa2679ae8?s=96&d=mm&r=g","url":"https:\/\/secure.gravatar.com\/avatar\/2bd75bb500a8deb1390f777293a9af32d934c46613d2fbac7cceb2aaa2679ae8?s=96&d=mm&r=g","contentUrl":"https:\/\/secure.gravatar.com\/avatar\/2bd75bb500a8deb1390f777293a9af32d934c46613d2fbac7cceb2aaa2679ae8?s=96&d=mm&r=g","caption":"Redacci\u00f3n NA-NY"},"url":"https:\/\/noti-america.com\/site\/mexico\/author\/redaccionny\/"}]}},"_links":{"self":[{"href":"https:\/\/noti-america.com\/site\/mexico\/wp-json\/wp\/v2\/posts\/2642","targetHints":{"allow":["GET"]}}],"collection":[{"href":"https:\/\/noti-america.com\/site\/mexico\/wp-json\/wp\/v2\/posts"}],"about":[{"href":"https:\/\/noti-america.com\/site\/mexico\/wp-json\/wp\/v2\/types\/post"}],"author":[{"embeddable":true,"href":"https:\/\/noti-america.com\/site\/mexico\/wp-json\/wp\/v2\/users\/28"}],"replies":[{"embeddable":true,"href":"https:\/\/noti-america.com\/site\/mexico\/wp-json\/wp\/v2\/comments?post=2642"}],"version-history":[{"count":1,"href":"https:\/\/noti-america.com\/site\/mexico\/wp-json\/wp\/v2\/posts\/2642\/revisions"}],"predecessor-version":[{"id":2644,"href":"https:\/\/noti-america.com\/site\/mexico\/wp-json\/wp\/v2\/posts\/2642\/revisions\/2644"}],"wp:featuredmedia":[{"embeddable":true,"href":"https:\/\/noti-america.com\/site\/mexico\/wp-json\/wp\/v2\/media\/2643"}],"wp:attachment":[{"href":"https:\/\/noti-america.com\/site\/mexico\/wp-json\/wp\/v2\/media?parent=2642"}],"wp:term":[{"taxonomy":"category","embeddable":true,"href":"https:\/\/noti-america.com\/site\/mexico\/wp-json\/wp\/v2\/categories?post=2642"},{"taxonomy":"post_tag","embeddable":true,"href":"https:\/\/noti-america.com\/site\/mexico\/wp-json\/wp\/v2\/tags?post=2642"}],"curies":[{"name":"wp","href":"https:\/\/api.w.org\/{rel}","templated":true}]}}