{"id":2607,"date":"2019-01-18T03:34:07","date_gmt":"2019-01-18T03:34:07","guid":{"rendered":"http:\/\/noti-america.com\/site\/mexico\/?p=2607"},"modified":"2019-01-18T03:34:07","modified_gmt":"2019-01-18T03:34:07","slug":"preven-lluvias-y-granizadas-a-lo-largo-del-pais-por-frente-frio-29","status":"publish","type":"post","link":"https:\/\/noti-america.com\/site\/mexico\/2019\/01\/18\/preven-lluvias-y-granizadas-a-lo-largo-del-pais-por-frente-frio-29\/","title":{"rendered":"Prev\u00e9n lluvias y granizadas a lo largo del pa\u00eds por frente fr\u00edo 29"},"content":{"rendered":"<p><img loading=\"lazy\" decoding=\"async\" class=\" wp-image-2608 aligncenter\" src=\"http:\/\/noti-america.com\/site\/mexico\/wp-content\/uploads\/sites\/13\/2019\/01\/2083191-300x225.jpg\" alt=\"\" width=\"456\" height=\"342\" srcset=\"https:\/\/noti-america.com\/site\/mexico\/wp-content\/uploads\/sites\/13\/2019\/01\/2083191-300x225.jpg 300w, https:\/\/noti-america.com\/site\/mexico\/wp-content\/uploads\/sites\/13\/2019\/01\/2083191.jpg 664w\" sizes=\"auto, (max-width: 456px) 100vw, 456px\" \/><\/p>\n<p>&nbsp;<\/p>\n<h3>Fuente:\u00a0 \u00a0\u00a0https:\/\/www.excelsior.com.mx<\/h3>\n<p>&nbsp;<\/p>\n<p class=\"letter-capitular\">El Servicio Meteorol\u00f3gico Nacional (SMN) inform\u00f3 que en las pr\u00f3ximas horas el\u00a0<strong>frente fr\u00edo 29<\/strong>, el cual ingresar\u00e1 durante esta noche y madrugada por el noroeste de la Rep\u00fablica Mexicana, ocasionar\u00e1 lluvias y vientos fuertes en Baja California.<\/p>\n<p>En un comunicado, destac\u00f3 que adem\u00e1s se\u00a0<strong>prev\u00e9n lluvias fuertes<\/strong>\u00a0<strong>con tormentas el\u00e9ctricas y posible granizada\u00a0<\/strong>en las mesas del norte y central, as\u00ed como en el occidente del pa\u00eds.<\/p>\n<p>Refiri\u00f3 que esas condiciones ser\u00e1n generadas por dos sistemas de baja presi\u00f3n extendidos sobre el occidente del pa\u00eds y el suroeste del Golfo de M\u00e9xico, as\u00ed como por el abundante ingreso de humedad procedente del Oc\u00e9ano Pac\u00edfico.<\/p>\n<p>Ante el descenso de temperatura, el organismo dependiente de la<strong>\u00a0Comisi\u00f3n Nacional del Agua (Conagua)\u00a0<\/strong>recomend\u00f3 a la poblaci\u00f3n abrigarse, hidratarse y brindar especial atenci\u00f3n a ni\u00f1os, personas enfermas y adultos mayores.<\/p>\n","protected":false},"excerpt":{"rendered":"<p>&nbsp; Fuente:\u00a0 \u00a0\u00a0https:\/\/www.excelsior.com.mx &nbsp; El Servicio Meteorol\u00f3gico Nacional (SMN) inform\u00f3 que en las pr\u00f3ximas horas el\u00a0frente fr\u00edo 29, el cual ingresar\u00e1 durante esta noche y madrugada por el noroeste de la Rep\u00fablica Mexicana, ocasionar\u00e1&#46;&#46;&#46;<\/p>\n","protected":false},"author":28,"featured_media":2608,"comment_status":"open","ping_status":"open","sticky":false,"template":"","format":"standard","meta":{"_acf_changed":false,"om_disable_all_campaigns":false,"rop_custom_images_group":[],"rop_custom_messages_group":[],"rop_publish_now":"initial","rop_publish_now_accounts":{"twitter_242054905_242054905":""},"rop_publish_now_history":[],"rop_publish_now_status":"pending","_uf_show_specific_survey":0,"_uf_disable_surveys":false,"footnotes":""},"categories":[1],"tags":[274],"class_list":["post-2607","post","type-post","status-publish","format-standard","has-post-thumbnail","hentry","category-uncategorized","tag-preven-lluvias-y-granizadas-a-lo-largo-del-pais-por-frente-frio-29"],"acf":[],"aioseo_notices":[],"yoast_head":"<!-- This site is optimized with the Yoast SEO Premium plugin v24.9 (Yoast SEO v27.2) - https:\/\/yoast.com\/product\/yoast-seo-premium-wordpress\/ -->\n<title>Prev\u00e9n lluvias y granizadas a lo largo del pa\u00eds por frente fr\u00edo 29 - M\u00e9xico<\/title>\n<meta name=\"robots\" content=\"index, follow, max-snippet:-1, max-image-preview:large, max-video-preview:-1\" \/>\n<link rel=\"canonical\" href=\"https:\/\/noti-america.com\/site\/mexico\/2019\/01\/18\/preven-lluvias-y-granizadas-a-lo-largo-del-pais-por-frente-frio-29\/\" \/>\n<meta property=\"og:locale\" content=\"es_ES\" \/>\n<meta property=\"og:type\" content=\"article\" \/>\n<meta property=\"og:title\" content=\"Prev\u00e9n lluvias y granizadas a lo largo del pa\u00eds por frente fr\u00edo 29\" \/>\n<meta property=\"og:description\" content=\"&nbsp; Fuente:\u00a0 \u00a0\u00a0https:\/\/www.excelsior.com.mx &nbsp; El Servicio Meteorol\u00f3gico Nacional (SMN) inform\u00f3 que en las pr\u00f3ximas horas el\u00a0frente fr\u00edo 29, el cual ingresar\u00e1 durante esta noche y madrugada por el noroeste de la Rep\u00fablica Mexicana, ocasionar\u00e1&#046;&#046;&#046;\" \/>\n<meta property=\"og:url\" content=\"https:\/\/noti-america.com\/site\/mexico\/2019\/01\/18\/preven-lluvias-y-granizadas-a-lo-largo-del-pais-por-frente-frio-29\/\" \/>\n<meta property=\"og:site_name\" content=\"M\u00e9xico\" \/>\n<meta property=\"article:published_time\" content=\"2019-01-18T03:34:07+00:00\" \/>\n<meta property=\"og:image\" content=\"https:\/\/noti-america.com\/site\/mexico\/wp-content\/uploads\/sites\/13\/2019\/01\/2083191.jpg\" \/>\n\t<meta property=\"og:image:width\" content=\"664\" \/>\n\t<meta property=\"og:image:height\" content=\"498\" \/>\n\t<meta property=\"og:image:type\" content=\"image\/jpeg\" \/>\n<meta name=\"author\" content=\"Redacci\u00f3n NA-NY\" \/>\n<meta name=\"twitter:card\" content=\"summary_large_image\" \/>\n<meta name=\"twitter:label1\" content=\"Escrito por\" \/>\n\t<meta name=\"twitter:data1\" content=\"Redacci\u00f3n NA-NY\" \/>\n\t<meta name=\"twitter:label2\" content=\"Tiempo estimado de lectura\" \/>\n\t<meta name=\"twitter:data2\" content=\"1 minuto\" \/>\n<script type=\"application\/ld+json\" class=\"yoast-schema-graph\">{\"@context\":\"https:\/\/schema.org\",\"@graph\":[{\"@type\":\"Article\",\"@id\":\"https:\/\/noti-america.com\/site\/mexico\/2019\/01\/18\/preven-lluvias-y-granizadas-a-lo-largo-del-pais-por-frente-frio-29\/#article\",\"isPartOf\":{\"@id\":\"https:\/\/noti-america.com\/site\/mexico\/2019\/01\/18\/preven-lluvias-y-granizadas-a-lo-largo-del-pais-por-frente-frio-29\/\"},\"author\":{\"name\":\"Redacci\u00f3n NA-NY\",\"@id\":\"https:\/\/noti-america.com\/site\/mexico\/#\/schema\/person\/db5a6527aaddfc34b3753d557a1292f0\"},\"headline\":\"Prev\u00e9n lluvias y granizadas a lo largo del pa\u00eds por frente fr\u00edo 29\",\"datePublished\":\"2019-01-18T03:34:07+00:00\",\"mainEntityOfPage\":{\"@id\":\"https:\/\/noti-america.com\/site\/mexico\/2019\/01\/18\/preven-lluvias-y-granizadas-a-lo-largo-del-pais-por-frente-frio-29\/\"},\"wordCount\":177,\"commentCount\":0,\"publisher\":{\"@id\":\"https:\/\/noti-america.com\/site\/mexico\/#organization\"},\"image\":{\"@id\":\"https:\/\/noti-america.com\/site\/mexico\/2019\/01\/18\/preven-lluvias-y-granizadas-a-lo-largo-del-pais-por-frente-frio-29\/#primaryimage\"},\"thumbnailUrl\":\"https:\/\/noti-america.com\/site\/mexico\/wp-content\/uploads\/sites\/13\/2019\/01\/2083191.jpg\",\"keywords\":[\"Prev\u00e9n lluvias y granizadas a lo largo del pa\u00eds por frente fr\u00edo 29\"],\"articleSection\":[\"Uncategorized\"],\"inLanguage\":\"es\",\"potentialAction\":[{\"@type\":\"CommentAction\",\"name\":\"Comment\",\"target\":[\"https:\/\/noti-america.com\/site\/mexico\/2019\/01\/18\/preven-lluvias-y-granizadas-a-lo-largo-del-pais-por-frente-frio-29\/#respond\"]}]},{\"@type\":\"WebPage\",\"@id\":\"https:\/\/noti-america.com\/site\/mexico\/2019\/01\/18\/preven-lluvias-y-granizadas-a-lo-largo-del-pais-por-frente-frio-29\/\",\"url\":\"https:\/\/noti-america.com\/site\/mexico\/2019\/01\/18\/preven-lluvias-y-granizadas-a-lo-largo-del-pais-por-frente-frio-29\/\",\"name\":\"Prev\u00e9n lluvias y granizadas a lo largo del pa\u00eds por frente fr\u00edo 29 - M\u00e9xico\",\"isPartOf\":{\"@id\":\"https:\/\/noti-america.com\/site\/mexico\/#website\"},\"primaryImageOfPage\":{\"@id\":\"https:\/\/noti-america.com\/site\/mexico\/2019\/01\/18\/preven-lluvias-y-granizadas-a-lo-largo-del-pais-por-frente-frio-29\/#primaryimage\"},\"image\":{\"@id\":\"https:\/\/noti-america.com\/site\/mexico\/2019\/01\/18\/preven-lluvias-y-granizadas-a-lo-largo-del-pais-por-frente-frio-29\/#primaryimage\"},\"thumbnailUrl\":\"https:\/\/noti-america.com\/site\/mexico\/wp-content\/uploads\/sites\/13\/2019\/01\/2083191.jpg\",\"datePublished\":\"2019-01-18T03:34:07+00:00\",\"breadcrumb\":{\"@id\":\"https:\/\/noti-america.com\/site\/mexico\/2019\/01\/18\/preven-lluvias-y-granizadas-a-lo-largo-del-pais-por-frente-frio-29\/#breadcrumb\"},\"inLanguage\":\"es\",\"potentialAction\":[{\"@type\":\"ReadAction\",\"target\":[\"https:\/\/noti-america.com\/site\/mexico\/2019\/01\/18\/preven-lluvias-y-granizadas-a-lo-largo-del-pais-por-frente-frio-29\/\"]}]},{\"@type\":\"ImageObject\",\"inLanguage\":\"es\",\"@id\":\"https:\/\/noti-america.com\/site\/mexico\/2019\/01\/18\/preven-lluvias-y-granizadas-a-lo-largo-del-pais-por-frente-frio-29\/#primaryimage\",\"url\":\"https:\/\/noti-america.com\/site\/mexico\/wp-content\/uploads\/sites\/13\/2019\/01\/2083191.jpg\",\"contentUrl\":\"https:\/\/noti-america.com\/site\/mexico\/wp-content\/uploads\/sites\/13\/2019\/01\/2083191.jpg\",\"width\":664,\"height\":498},{\"@type\":\"BreadcrumbList\",\"@id\":\"https:\/\/noti-america.com\/site\/mexico\/2019\/01\/18\/preven-lluvias-y-granizadas-a-lo-largo-del-pais-por-frente-frio-29\/#breadcrumb\",\"itemListElement\":[{\"@type\":\"ListItem\",\"position\":1,\"name\":\"Portada\",\"item\":\"https:\/\/noti-america.com\/site\/mexico\/\"},{\"@type\":\"ListItem\",\"position\":2,\"name\":\"Prev\u00e9n lluvias y granizadas a lo largo del pa\u00eds por frente fr\u00edo 29\"}]},{\"@type\":\"WebSite\",\"@id\":\"https:\/\/noti-america.com\/site\/mexico\/#website\",\"url\":\"https:\/\/noti-america.com\/site\/mexico\/\",\"name\":\"M\u00e9xico | Noti-America.com\",\"description\":\"\",\"publisher\":{\"@id\":\"https:\/\/noti-america.com\/site\/mexico\/#organization\"},\"potentialAction\":[{\"@type\":\"SearchAction\",\"target\":{\"@type\":\"EntryPoint\",\"urlTemplate\":\"https:\/\/noti-america.com\/site\/mexico\/?s={search_term_string}\"},\"query-input\":{\"@type\":\"PropertyValueSpecification\",\"valueRequired\":true,\"valueName\":\"search_term_string\"}}],\"inLanguage\":\"es\"},{\"@type\":\"Organization\",\"@id\":\"https:\/\/noti-america.com\/site\/mexico\/#organization\",\"name\":\"Noti-America LLC | M\u00e9xico\",\"url\":\"https:\/\/noti-america.com\/site\/mexico\/\",\"logo\":{\"@type\":\"ImageObject\",\"inLanguage\":\"es\",\"@id\":\"https:\/\/noti-america.com\/site\/mexico\/#\/schema\/logo\/image\/\",\"url\":\"https:\/\/noti-america.com\/site\/mexico\/wp-content\/uploads\/sites\/13\/2020\/07\/LogoNA-4x3-1.jpg\",\"contentUrl\":\"https:\/\/noti-america.com\/site\/mexico\/wp-content\/uploads\/sites\/13\/2020\/07\/LogoNA-4x3-1.jpg\",\"width\":1236,\"height\":1080,\"caption\":\"Noti-America LLC | M\u00e9xico\"},\"image\":{\"@id\":\"https:\/\/noti-america.com\/site\/mexico\/#\/schema\/logo\/image\/\"}},{\"@type\":\"Person\",\"@id\":\"https:\/\/noti-america.com\/site\/mexico\/#\/schema\/person\/db5a6527aaddfc34b3753d557a1292f0\",\"name\":\"Redacci\u00f3n NA-NY\",\"image\":{\"@type\":\"ImageObject\",\"inLanguage\":\"es\",\"@id\":\"https:\/\/secure.gravatar.com\/avatar\/2bd75bb500a8deb1390f777293a9af32d934c46613d2fbac7cceb2aaa2679ae8?s=96&d=mm&r=g\",\"url\":\"https:\/\/secure.gravatar.com\/avatar\/2bd75bb500a8deb1390f777293a9af32d934c46613d2fbac7cceb2aaa2679ae8?s=96&d=mm&r=g\",\"contentUrl\":\"https:\/\/secure.gravatar.com\/avatar\/2bd75bb500a8deb1390f777293a9af32d934c46613d2fbac7cceb2aaa2679ae8?s=96&d=mm&r=g\",\"caption\":\"Redacci\u00f3n NA-NY\"},\"url\":\"https:\/\/noti-america.com\/site\/mexico\/author\/redaccionny\/\"}]}<\/script>\n<!-- \/ Yoast SEO Premium plugin. -->","yoast_head_json":{"title":"Prev\u00e9n lluvias y granizadas a lo largo del pa\u00eds por frente fr\u00edo 29 - M\u00e9xico","robots":{"index":"index","follow":"follow","max-snippet":"max-snippet:-1","max-image-preview":"max-image-preview:large","max-video-preview":"max-video-preview:-1"},"canonical":"https:\/\/noti-america.com\/site\/mexico\/2019\/01\/18\/preven-lluvias-y-granizadas-a-lo-largo-del-pais-por-frente-frio-29\/","og_locale":"es_ES","og_type":"article","og_title":"Prev\u00e9n lluvias y granizadas a lo largo del pa\u00eds por frente fr\u00edo 29","og_description":"&nbsp; Fuente:\u00a0 \u00a0\u00a0https:\/\/www.excelsior.com.mx &nbsp; El Servicio Meteorol\u00f3gico Nacional (SMN) inform\u00f3 que en las pr\u00f3ximas horas el\u00a0frente fr\u00edo 29, el cual ingresar\u00e1 durante esta noche y madrugada por el noroeste de la Rep\u00fablica Mexicana, ocasionar\u00e1&#46;&#46;&#46;","og_url":"https:\/\/noti-america.com\/site\/mexico\/2019\/01\/18\/preven-lluvias-y-granizadas-a-lo-largo-del-pais-por-frente-frio-29\/","og_site_name":"M\u00e9xico","article_published_time":"2019-01-18T03:34:07+00:00","og_image":[{"width":664,"height":498,"url":"https:\/\/noti-america.com\/site\/mexico\/wp-content\/uploads\/sites\/13\/2019\/01\/2083191.jpg","type":"image\/jpeg"}],"author":"Redacci\u00f3n NA-NY","twitter_card":"summary_large_image","twitter_misc":{"Escrito por":"Redacci\u00f3n NA-NY","Tiempo estimado de lectura":"1 minuto"},"schema":{"@context":"https:\/\/schema.org","@graph":[{"@type":"Article","@id":"https:\/\/noti-america.com\/site\/mexico\/2019\/01\/18\/preven-lluvias-y-granizadas-a-lo-largo-del-pais-por-frente-frio-29\/#article","isPartOf":{"@id":"https:\/\/noti-america.com\/site\/mexico\/2019\/01\/18\/preven-lluvias-y-granizadas-a-lo-largo-del-pais-por-frente-frio-29\/"},"author":{"name":"Redacci\u00f3n NA-NY","@id":"https:\/\/noti-america.com\/site\/mexico\/#\/schema\/person\/db5a6527aaddfc34b3753d557a1292f0"},"headline":"Prev\u00e9n lluvias y granizadas a lo largo del pa\u00eds por frente fr\u00edo 29","datePublished":"2019-01-18T03:34:07+00:00","mainEntityOfPage":{"@id":"https:\/\/noti-america.com\/site\/mexico\/2019\/01\/18\/preven-lluvias-y-granizadas-a-lo-largo-del-pais-por-frente-frio-29\/"},"wordCount":177,"commentCount":0,"publisher":{"@id":"https:\/\/noti-america.com\/site\/mexico\/#organization"},"image":{"@id":"https:\/\/noti-america.com\/site\/mexico\/2019\/01\/18\/preven-lluvias-y-granizadas-a-lo-largo-del-pais-por-frente-frio-29\/#primaryimage"},"thumbnailUrl":"https:\/\/noti-america.com\/site\/mexico\/wp-content\/uploads\/sites\/13\/2019\/01\/2083191.jpg","keywords":["Prev\u00e9n lluvias y granizadas a lo largo del pa\u00eds por frente fr\u00edo 29"],"articleSection":["Uncategorized"],"inLanguage":"es","potentialAction":[{"@type":"CommentAction","name":"Comment","target":["https:\/\/noti-america.com\/site\/mexico\/2019\/01\/18\/preven-lluvias-y-granizadas-a-lo-largo-del-pais-por-frente-frio-29\/#respond"]}]},{"@type":"WebPage","@id":"https:\/\/noti-america.com\/site\/mexico\/2019\/01\/18\/preven-lluvias-y-granizadas-a-lo-largo-del-pais-por-frente-frio-29\/","url":"https:\/\/noti-america.com\/site\/mexico\/2019\/01\/18\/preven-lluvias-y-granizadas-a-lo-largo-del-pais-por-frente-frio-29\/","name":"Prev\u00e9n lluvias y granizadas a lo largo del pa\u00eds por frente fr\u00edo 29 - M\u00e9xico","isPartOf":{"@id":"https:\/\/noti-america.com\/site\/mexico\/#website"},"primaryImageOfPage":{"@id":"https:\/\/noti-america.com\/site\/mexico\/2019\/01\/18\/preven-lluvias-y-granizadas-a-lo-largo-del-pais-por-frente-frio-29\/#primaryimage"},"image":{"@id":"https:\/\/noti-america.com\/site\/mexico\/2019\/01\/18\/preven-lluvias-y-granizadas-a-lo-largo-del-pais-por-frente-frio-29\/#primaryimage"},"thumbnailUrl":"https:\/\/noti-america.com\/site\/mexico\/wp-content\/uploads\/sites\/13\/2019\/01\/2083191.jpg","datePublished":"2019-01-18T03:34:07+00:00","breadcrumb":{"@id":"https:\/\/noti-america.com\/site\/mexico\/2019\/01\/18\/preven-lluvias-y-granizadas-a-lo-largo-del-pais-por-frente-frio-29\/#breadcrumb"},"inLanguage":"es","potentialAction":[{"@type":"ReadAction","target":["https:\/\/noti-america.com\/site\/mexico\/2019\/01\/18\/preven-lluvias-y-granizadas-a-lo-largo-del-pais-por-frente-frio-29\/"]}]},{"@type":"ImageObject","inLanguage":"es","@id":"https:\/\/noti-america.com\/site\/mexico\/2019\/01\/18\/preven-lluvias-y-granizadas-a-lo-largo-del-pais-por-frente-frio-29\/#primaryimage","url":"https:\/\/noti-america.com\/site\/mexico\/wp-content\/uploads\/sites\/13\/2019\/01\/2083191.jpg","contentUrl":"https:\/\/noti-america.com\/site\/mexico\/wp-content\/uploads\/sites\/13\/2019\/01\/2083191.jpg","width":664,"height":498},{"@type":"BreadcrumbList","@id":"https:\/\/noti-america.com\/site\/mexico\/2019\/01\/18\/preven-lluvias-y-granizadas-a-lo-largo-del-pais-por-frente-frio-29\/#breadcrumb","itemListElement":[{"@type":"ListItem","position":1,"name":"Portada","item":"https:\/\/noti-america.com\/site\/mexico\/"},{"@type":"ListItem","position":2,"name":"Prev\u00e9n lluvias y granizadas a lo largo del pa\u00eds por frente fr\u00edo 29"}]},{"@type":"WebSite","@id":"https:\/\/noti-america.com\/site\/mexico\/#website","url":"https:\/\/noti-america.com\/site\/mexico\/","name":"M\u00e9xico | Noti-America.com","description":"","publisher":{"@id":"https:\/\/noti-america.com\/site\/mexico\/#organization"},"potentialAction":[{"@type":"SearchAction","target":{"@type":"EntryPoint","urlTemplate":"https:\/\/noti-america.com\/site\/mexico\/?s={search_term_string}"},"query-input":{"@type":"PropertyValueSpecification","valueRequired":true,"valueName":"search_term_string"}}],"inLanguage":"es"},{"@type":"Organization","@id":"https:\/\/noti-america.com\/site\/mexico\/#organization","name":"Noti-America LLC | M\u00e9xico","url":"https:\/\/noti-america.com\/site\/mexico\/","logo":{"@type":"ImageObject","inLanguage":"es","@id":"https:\/\/noti-america.com\/site\/mexico\/#\/schema\/logo\/image\/","url":"https:\/\/noti-america.com\/site\/mexico\/wp-content\/uploads\/sites\/13\/2020\/07\/LogoNA-4x3-1.jpg","contentUrl":"https:\/\/noti-america.com\/site\/mexico\/wp-content\/uploads\/sites\/13\/2020\/07\/LogoNA-4x3-1.jpg","width":1236,"height":1080,"caption":"Noti-America LLC | M\u00e9xico"},"image":{"@id":"https:\/\/noti-america.com\/site\/mexico\/#\/schema\/logo\/image\/"}},{"@type":"Person","@id":"https:\/\/noti-america.com\/site\/mexico\/#\/schema\/person\/db5a6527aaddfc34b3753d557a1292f0","name":"Redacci\u00f3n NA-NY","image":{"@type":"ImageObject","inLanguage":"es","@id":"https:\/\/secure.gravatar.com\/avatar\/2bd75bb500a8deb1390f777293a9af32d934c46613d2fbac7cceb2aaa2679ae8?s=96&d=mm&r=g","url":"https:\/\/secure.gravatar.com\/avatar\/2bd75bb500a8deb1390f777293a9af32d934c46613d2fbac7cceb2aaa2679ae8?s=96&d=mm&r=g","contentUrl":"https:\/\/secure.gravatar.com\/avatar\/2bd75bb500a8deb1390f777293a9af32d934c46613d2fbac7cceb2aaa2679ae8?s=96&d=mm&r=g","caption":"Redacci\u00f3n NA-NY"},"url":"https:\/\/noti-america.com\/site\/mexico\/author\/redaccionny\/"}]}},"_links":{"self":[{"href":"https:\/\/noti-america.com\/site\/mexico\/wp-json\/wp\/v2\/posts\/2607","targetHints":{"allow":["GET"]}}],"collection":[{"href":"https:\/\/noti-america.com\/site\/mexico\/wp-json\/wp\/v2\/posts"}],"about":[{"href":"https:\/\/noti-america.com\/site\/mexico\/wp-json\/wp\/v2\/types\/post"}],"author":[{"embeddable":true,"href":"https:\/\/noti-america.com\/site\/mexico\/wp-json\/wp\/v2\/users\/28"}],"replies":[{"embeddable":true,"href":"https:\/\/noti-america.com\/site\/mexico\/wp-json\/wp\/v2\/comments?post=2607"}],"version-history":[{"count":1,"href":"https:\/\/noti-america.com\/site\/mexico\/wp-json\/wp\/v2\/posts\/2607\/revisions"}],"predecessor-version":[{"id":2609,"href":"https:\/\/noti-america.com\/site\/mexico\/wp-json\/wp\/v2\/posts\/2607\/revisions\/2609"}],"wp:featuredmedia":[{"embeddable":true,"href":"https:\/\/noti-america.com\/site\/mexico\/wp-json\/wp\/v2\/media\/2608"}],"wp:attachment":[{"href":"https:\/\/noti-america.com\/site\/mexico\/wp-json\/wp\/v2\/media?parent=2607"}],"wp:term":[{"taxonomy":"category","embeddable":true,"href":"https:\/\/noti-america.com\/site\/mexico\/wp-json\/wp\/v2\/categories?post=2607"},{"taxonomy":"post_tag","embeddable":true,"href":"https:\/\/noti-america.com\/site\/mexico\/wp-json\/wp\/v2\/tags?post=2607"}],"curies":[{"name":"wp","href":"https:\/\/api.w.org\/{rel}","templated":true}]}}