{"id":2604,"date":"2019-01-18T02:53:04","date_gmt":"2019-01-18T02:53:04","guid":{"rendered":"http:\/\/noti-america.com\/site\/mexico\/?p=2604"},"modified":"2019-01-18T02:53:04","modified_gmt":"2019-01-18T02:53:04","slug":"canelo-oficializa-pelea-contra-daniel-jacobs-campeon-de-la-fib","status":"publish","type":"post","link":"https:\/\/noti-america.com\/site\/mexico\/2019\/01\/18\/canelo-oficializa-pelea-contra-daniel-jacobs-campeon-de-la-fib\/","title":{"rendered":"Canelo oficializa pelea contra Daniel Jacobs, campe\u00f3n de la FIB"},"content":{"rendered":"<h3><img loading=\"lazy\" decoding=\"async\" class=\" wp-image-2605 aligncenter\" src=\"http:\/\/noti-america.com\/site\/mexico\/wp-content\/uploads\/sites\/13\/2019\/01\/164908-Principal-300x180.jpg\" alt=\"\" width=\"518\" height=\"311\" srcset=\"https:\/\/noti-america.com\/site\/mexico\/wp-content\/uploads\/sites\/13\/2019\/01\/164908-Principal-300x180.jpg 300w, https:\/\/noti-america.com\/site\/mexico\/wp-content\/uploads\/sites\/13\/2019\/01\/164908-Principal.jpg 750w\" sizes=\"auto, (max-width: 518px) 100vw, 518px\" \/><\/h3>\n<h3><\/h3>\n<h3>Fuente:\u00a0\u00a0https:\/\/www.unotv.com<\/h3>\n<p>&nbsp;<\/p>\n<p><span class=\"capital-letter\">S<\/span>a\u00fal &#8216;Canelo&#8217; \u00c1lvarez\u00a0cerr\u00f3 su segunda pelea del contrato hist\u00f3rico que firm\u00f3 por 365 millones de d\u00f3lares con el servicio de streaming, DAZN. El mexicano\u00a0se enfrentar\u00e1 a Daniel Jacobs, campe\u00f3n del t\u00edtulo mundial de peso mediano de la Federaci\u00f3n Internacional de Boxeo (IBF),\u00a0el pr\u00f3ximo 4 de mayo.<\/p>\n<div class=\"SandboxRoot env-bp-350\" data-twitter-event-id=\"0\">\n<div id=\"twitter-widget-0\" class=\"EmbeddedTweet EmbeddedTweet--cta EmbeddedTweet--mediaForward media-forward js-clickToOpenTarget js-tweetIdInfo tweet-InformationCircle-widgetParent\" lang=\"es\" data-click-to-open-target=\"https:\/\/twitter.com\/Canelo\/status\/1086005311054532609\" data-iframe-title=\"Tweet de Twitter\" data-scribe=\"page:tweet\" data-tweet-id=\"1086005311054532609\" data-twitter-event-id=\"1\">\n<article class=\"MediaCard\n           MediaCard--mediaForward\n\n           customisable-border\" dir=\"ltr\" data-scribe=\"component:card\"><\/p>\n<div class=\"MediaCard-media\" data-scribe=\"element:photo\"><a class=\"MediaCard-borderOverlay\" tabindex=\"-1\" title=\"Ver imagen en Twitter\" role=\"presentation\" href=\"https:\/\/twitter.com\/Canelo\/status\/1086005311054532609\/photo\/1\"><span class=\"u-hiddenVisually\">Ver imagen en Twitter<\/span><\/a><\/p>\n<div class=\"MediaCard-widthConstraint js-cspForcedStyle\" data-style=\"max-width: 1200px\">\n<div class=\"MediaCard-mediaContainer js-cspForcedStyle\" data-style=\"padding-bottom: 100.0000%\"><a class=\"MediaCard-mediaAsset NaturalImage\" href=\"https:\/\/twitter.com\/Canelo\/status\/1086005311054532609\/photo\/1\"><img loading=\"lazy\" decoding=\"async\" class=\"NaturalImage-image\" title=\"Ver imagen en Twitter\" src=\"https:\/\/pbs.twimg.com\/media\/DxJEEvoXgAAb90q?format=jpg&amp;name=small\" alt=\"Ver imagen en Twitter\" width=\"1200\" height=\"1200\" data-image=\"https:\/\/pbs.twimg.com\/media\/DxJEEvoXgAAb90q\" \/><\/a><\/div>\n<\/div>\n<\/div>\n<\/article>\n<div class=\"EmbeddedTweet-tweetContainer\">\n<div class=\"EmbeddedTweet-tweet\">\n<blockquote class=\"Tweet h-entry js-tweetIdInfo subject expanded\" cite=\"https:\/\/twitter.com\/Canelo\/status\/1086005311054532609\" data-tweet-id=\"1086005311054532609\" data-scribe=\"section:subject\">\n<div class=\"Tweet-header\"><a class=\"TweetAuthor-avatar  Identity-avatar u-linkBlend\" href=\"https:\/\/twitter.com\/Canelo\" data-scribe=\"element:user_link\" aria-label=\"Canelo Alvarez (nombre de pantalla: Canelo)\"><img decoding=\"async\" class=\"Avatar\" src=\"https:\/\/pbs.twimg.com\/profile_images\/1067830327563890688\/ssJF_rwb_normal.jpg\" alt=\"\" data-scribe=\"element:avatar\" data-src-2x=\"https:\/\/pbs.twimg.com\/profile_images\/1067830327563890688\/ssJF_rwb_bigger.jpg\" data-src-1x=\"https:\/\/pbs.twimg.com\/profile_images\/1067830327563890688\/ssJF_rwb_normal.jpg\" \/><\/a><\/p>\n<div class=\"TweetAuthor js-inViewportScribingTarget\" data-scribe=\"component:author\">\n<div class=\"TweetAuthor-nameScreenNameContainer\"><span class=\"TweetAuthor-decoratedName\"><span class=\"TweetAuthor-name Identity-name customisable-highlight\" title=\"Canelo Alvarez\" data-scribe=\"element:name\">Canelo Alvarez<\/span><\/span><\/p>\n<div class=\"Icon Icon--verified \" title=\"Cuenta verificada\" role=\"img\" aria-label=\"Cuenta verificada\"><\/div>\n<p><span class=\"TweetAuthor-decoratedName\"><span class=\"TweetAuthor-verifiedBadge\" data-scribe=\"element:verified_badge\">\u2714<\/span><\/span><span class=\"TweetAuthor-screenName Identity-screenName\" dir=\"ltr\" title=\"@Canelo\" data-scribe=\"element:screen_name\">@Canelo<\/span><\/div>\n<\/div>\n<div class=\"Tweet-brand\">\n<div class=\"Icon Icon--twitter \" title=\"Ver en Twitter\" role=\"presentation\" aria-label=\"Ver en Twitter\"><\/div>\n<\/div>\n<\/div>\n<div class=\"Tweet-body e-entry-content\" data-scribe=\"component:tweet\">\n<div class=\"u-hiddenVisually js-inViewportScribingTarget\"><\/div>\n<p class=\"Tweet-text e-entry-title\" dir=\"ltr\" lang=\"es\">Es oficial, <a class=\"PrettyLink hashtag customisable\" dir=\"ltr\" href=\"https:\/\/twitter.com\/hashtag\/CaneloJacobs?src=hash\" rel=\"tag\" data-query-source=\"hashtag_click\" data-scribe=\"element:hashtag\"><span class=\"PrettyLink-prefix\">#<\/span><\/a><span class=\"PrettyLink-value\">CaneloJacobs<\/span> este pr\u00f3ximo 4 de Mayo.<\/p>\n<div class=\"TweetInfo\">\n<div class=\"TweetInfo-like\">\n<div data-scribe=\"element:heart\">\n<div class=\"Icon Icon--heart \" title=\"Me gusta\" role=\"img\" aria-label=\"Me gusta\"><\/div>\n<\/div>\n<\/div>\n<\/div>\n<\/div>\n<\/blockquote>\n<\/div>\n<\/div>\n<\/div>\n<\/div>\n<p>El boxeador de Guadalajara lo anunci\u00f3 mediante sus redes sociales y con esto\u00a0se confirma que se una de las mejores peleas en la actualidad.<\/p>\n<p>Canelo, con marca de 51-1-2 y 35 KO, expondr\u00e1 sus\u00a0t\u00edtulos de peso medio\u00a0de la Asociaci\u00f3n Mundial de Boxeo (WBA) y del Consejo Mundial de Boxeo (WBC), mientras que\u00a0Jacobs\u00a0(35-2 y 29 KO&#8217;s)\u00a0pondr\u00e1 en juego el de la IBF.<\/p>\n<p>A\u00fan no hay sede confirmada, pero\u00a0todo parece indicar que el escenario ser\u00e1 la T-Mobile Arena de Las Vegas, Nevada, recinto donde se llevaron a cabo los dos combates con Gennady Golovkin.<\/p>\n","protected":false},"excerpt":{"rendered":"<p>Fuente:\u00a0\u00a0https:\/\/www.unotv.com &nbsp; Sa\u00fal &#8216;Canelo&#8217; \u00c1lvarez\u00a0cerr\u00f3 su segunda pelea del contrato hist\u00f3rico que firm\u00f3 por 365 millones de d\u00f3lares con el servicio de streaming, DAZN. El mexicano\u00a0se enfrentar\u00e1 a Daniel Jacobs, campe\u00f3n del t\u00edtulo mundial&#46;&#46;&#46;<\/p>\n","protected":false},"author":28,"featured_media":2605,"comment_status":"open","ping_status":"open","sticky":false,"template":"","format":"standard","meta":{"_acf_changed":false,"om_disable_all_campaigns":false,"rop_custom_images_group":[],"rop_custom_messages_group":[],"rop_publish_now":"initial","rop_publish_now_accounts":{"twitter_242054905_242054905":""},"rop_publish_now_history":[],"rop_publish_now_status":"pending","_uf_show_specific_survey":0,"_uf_disable_surveys":false,"footnotes":""},"categories":[16],"tags":[273,272],"class_list":["post-2604","post","type-post","status-publish","format-standard","has-post-thumbnail","hentry","category-deportes","tag-campeon-de-la-fib","tag-canelo-oficializa-pelea-contra-daniel-jacobs"],"acf":[],"aioseo_notices":[],"yoast_head":"<!-- This site is optimized with the Yoast SEO Premium plugin v24.9 (Yoast SEO v27.2) - https:\/\/yoast.com\/product\/yoast-seo-premium-wordpress\/ -->\n<title>Canelo oficializa pelea contra Daniel Jacobs, campe\u00f3n de la FIB - M\u00e9xico<\/title>\n<meta name=\"robots\" content=\"index, follow, max-snippet:-1, max-image-preview:large, max-video-preview:-1\" \/>\n<link rel=\"canonical\" href=\"https:\/\/noti-america.com\/site\/mexico\/2019\/01\/18\/canelo-oficializa-pelea-contra-daniel-jacobs-campeon-de-la-fib\/\" \/>\n<meta property=\"og:locale\" content=\"es_ES\" \/>\n<meta property=\"og:type\" content=\"article\" \/>\n<meta property=\"og:title\" content=\"Canelo oficializa pelea contra Daniel Jacobs, campe\u00f3n de la FIB\" \/>\n<meta property=\"og:description\" content=\"Fuente:\u00a0\u00a0https:\/\/www.unotv.com &nbsp; Sa\u00fal &#8216;Canelo&#8217; \u00c1lvarez\u00a0cerr\u00f3 su segunda pelea del contrato hist\u00f3rico que firm\u00f3 por 365 millones de d\u00f3lares con el servicio de streaming, DAZN. El mexicano\u00a0se enfrentar\u00e1 a Daniel Jacobs, campe\u00f3n del t\u00edtulo mundial&#046;&#046;&#046;\" \/>\n<meta property=\"og:url\" content=\"https:\/\/noti-america.com\/site\/mexico\/2019\/01\/18\/canelo-oficializa-pelea-contra-daniel-jacobs-campeon-de-la-fib\/\" \/>\n<meta property=\"og:site_name\" content=\"M\u00e9xico\" \/>\n<meta property=\"article:published_time\" content=\"2019-01-18T02:53:04+00:00\" \/>\n<meta property=\"og:image\" content=\"https:\/\/noti-america.com\/site\/mexico\/wp-content\/uploads\/sites\/13\/2019\/01\/164908-Principal.jpg\" \/>\n\t<meta property=\"og:image:width\" content=\"750\" \/>\n\t<meta property=\"og:image:height\" content=\"450\" \/>\n\t<meta property=\"og:image:type\" content=\"image\/jpeg\" \/>\n<meta name=\"author\" content=\"Redacci\u00f3n NA-NY\" \/>\n<meta name=\"twitter:card\" content=\"summary_large_image\" \/>\n<meta name=\"twitter:label1\" content=\"Escrito por\" \/>\n\t<meta name=\"twitter:data1\" content=\"Redacci\u00f3n NA-NY\" \/>\n\t<meta name=\"twitter:label2\" content=\"Tiempo estimado de lectura\" \/>\n\t<meta name=\"twitter:data2\" content=\"1 minuto\" \/>\n<script type=\"application\/ld+json\" class=\"yoast-schema-graph\">{\"@context\":\"https:\/\/schema.org\",\"@graph\":[{\"@type\":\"Article\",\"@id\":\"https:\/\/noti-america.com\/site\/mexico\/2019\/01\/18\/canelo-oficializa-pelea-contra-daniel-jacobs-campeon-de-la-fib\/#article\",\"isPartOf\":{\"@id\":\"https:\/\/noti-america.com\/site\/mexico\/2019\/01\/18\/canelo-oficializa-pelea-contra-daniel-jacobs-campeon-de-la-fib\/\"},\"author\":{\"name\":\"Redacci\u00f3n NA-NY\",\"@id\":\"https:\/\/noti-america.com\/site\/mexico\/#\/schema\/person\/db5a6527aaddfc34b3753d557a1292f0\"},\"headline\":\"Canelo oficializa pelea contra Daniel Jacobs, campe\u00f3n de la FIB\",\"datePublished\":\"2019-01-18T02:53:04+00:00\",\"mainEntityOfPage\":{\"@id\":\"https:\/\/noti-america.com\/site\/mexico\/2019\/01\/18\/canelo-oficializa-pelea-contra-daniel-jacobs-campeon-de-la-fib\/\"},\"wordCount\":188,\"commentCount\":0,\"publisher\":{\"@id\":\"https:\/\/noti-america.com\/site\/mexico\/#organization\"},\"image\":{\"@id\":\"https:\/\/noti-america.com\/site\/mexico\/2019\/01\/18\/canelo-oficializa-pelea-contra-daniel-jacobs-campeon-de-la-fib\/#primaryimage\"},\"thumbnailUrl\":\"https:\/\/noti-america.com\/site\/mexico\/wp-content\/uploads\/sites\/13\/2019\/01\/164908-Principal.jpg\",\"keywords\":[\"campe\u00f3n de la FIB\",\"Canelo oficializa pelea contra Daniel Jacobs\"],\"articleSection\":[\"Deportes\"],\"inLanguage\":\"es\",\"potentialAction\":[{\"@type\":\"CommentAction\",\"name\":\"Comment\",\"target\":[\"https:\/\/noti-america.com\/site\/mexico\/2019\/01\/18\/canelo-oficializa-pelea-contra-daniel-jacobs-campeon-de-la-fib\/#respond\"]}]},{\"@type\":\"WebPage\",\"@id\":\"https:\/\/noti-america.com\/site\/mexico\/2019\/01\/18\/canelo-oficializa-pelea-contra-daniel-jacobs-campeon-de-la-fib\/\",\"url\":\"https:\/\/noti-america.com\/site\/mexico\/2019\/01\/18\/canelo-oficializa-pelea-contra-daniel-jacobs-campeon-de-la-fib\/\",\"name\":\"Canelo oficializa pelea contra Daniel Jacobs, campe\u00f3n de la FIB - M\u00e9xico\",\"isPartOf\":{\"@id\":\"https:\/\/noti-america.com\/site\/mexico\/#website\"},\"primaryImageOfPage\":{\"@id\":\"https:\/\/noti-america.com\/site\/mexico\/2019\/01\/18\/canelo-oficializa-pelea-contra-daniel-jacobs-campeon-de-la-fib\/#primaryimage\"},\"image\":{\"@id\":\"https:\/\/noti-america.com\/site\/mexico\/2019\/01\/18\/canelo-oficializa-pelea-contra-daniel-jacobs-campeon-de-la-fib\/#primaryimage\"},\"thumbnailUrl\":\"https:\/\/noti-america.com\/site\/mexico\/wp-content\/uploads\/sites\/13\/2019\/01\/164908-Principal.jpg\",\"datePublished\":\"2019-01-18T02:53:04+00:00\",\"breadcrumb\":{\"@id\":\"https:\/\/noti-america.com\/site\/mexico\/2019\/01\/18\/canelo-oficializa-pelea-contra-daniel-jacobs-campeon-de-la-fib\/#breadcrumb\"},\"inLanguage\":\"es\",\"potentialAction\":[{\"@type\":\"ReadAction\",\"target\":[\"https:\/\/noti-america.com\/site\/mexico\/2019\/01\/18\/canelo-oficializa-pelea-contra-daniel-jacobs-campeon-de-la-fib\/\"]}]},{\"@type\":\"ImageObject\",\"inLanguage\":\"es\",\"@id\":\"https:\/\/noti-america.com\/site\/mexico\/2019\/01\/18\/canelo-oficializa-pelea-contra-daniel-jacobs-campeon-de-la-fib\/#primaryimage\",\"url\":\"https:\/\/noti-america.com\/site\/mexico\/wp-content\/uploads\/sites\/13\/2019\/01\/164908-Principal.jpg\",\"contentUrl\":\"https:\/\/noti-america.com\/site\/mexico\/wp-content\/uploads\/sites\/13\/2019\/01\/164908-Principal.jpg\",\"width\":750,\"height\":450},{\"@type\":\"BreadcrumbList\",\"@id\":\"https:\/\/noti-america.com\/site\/mexico\/2019\/01\/18\/canelo-oficializa-pelea-contra-daniel-jacobs-campeon-de-la-fib\/#breadcrumb\",\"itemListElement\":[{\"@type\":\"ListItem\",\"position\":1,\"name\":\"Portada\",\"item\":\"https:\/\/noti-america.com\/site\/mexico\/\"},{\"@type\":\"ListItem\",\"position\":2,\"name\":\"Canelo oficializa pelea contra Daniel Jacobs, campe\u00f3n de la FIB\"}]},{\"@type\":\"WebSite\",\"@id\":\"https:\/\/noti-america.com\/site\/mexico\/#website\",\"url\":\"https:\/\/noti-america.com\/site\/mexico\/\",\"name\":\"M\u00e9xico | Noti-America.com\",\"description\":\"\",\"publisher\":{\"@id\":\"https:\/\/noti-america.com\/site\/mexico\/#organization\"},\"potentialAction\":[{\"@type\":\"SearchAction\",\"target\":{\"@type\":\"EntryPoint\",\"urlTemplate\":\"https:\/\/noti-america.com\/site\/mexico\/?s={search_term_string}\"},\"query-input\":{\"@type\":\"PropertyValueSpecification\",\"valueRequired\":true,\"valueName\":\"search_term_string\"}}],\"inLanguage\":\"es\"},{\"@type\":\"Organization\",\"@id\":\"https:\/\/noti-america.com\/site\/mexico\/#organization\",\"name\":\"Noti-America LLC | M\u00e9xico\",\"url\":\"https:\/\/noti-america.com\/site\/mexico\/\",\"logo\":{\"@type\":\"ImageObject\",\"inLanguage\":\"es\",\"@id\":\"https:\/\/noti-america.com\/site\/mexico\/#\/schema\/logo\/image\/\",\"url\":\"https:\/\/noti-america.com\/site\/mexico\/wp-content\/uploads\/sites\/13\/2020\/07\/LogoNA-4x3-1.jpg\",\"contentUrl\":\"https:\/\/noti-america.com\/site\/mexico\/wp-content\/uploads\/sites\/13\/2020\/07\/LogoNA-4x3-1.jpg\",\"width\":1236,\"height\":1080,\"caption\":\"Noti-America LLC | M\u00e9xico\"},\"image\":{\"@id\":\"https:\/\/noti-america.com\/site\/mexico\/#\/schema\/logo\/image\/\"}},{\"@type\":\"Person\",\"@id\":\"https:\/\/noti-america.com\/site\/mexico\/#\/schema\/person\/db5a6527aaddfc34b3753d557a1292f0\",\"name\":\"Redacci\u00f3n NA-NY\",\"image\":{\"@type\":\"ImageObject\",\"inLanguage\":\"es\",\"@id\":\"https:\/\/secure.gravatar.com\/avatar\/2bd75bb500a8deb1390f777293a9af32d934c46613d2fbac7cceb2aaa2679ae8?s=96&d=mm&r=g\",\"url\":\"https:\/\/secure.gravatar.com\/avatar\/2bd75bb500a8deb1390f777293a9af32d934c46613d2fbac7cceb2aaa2679ae8?s=96&d=mm&r=g\",\"contentUrl\":\"https:\/\/secure.gravatar.com\/avatar\/2bd75bb500a8deb1390f777293a9af32d934c46613d2fbac7cceb2aaa2679ae8?s=96&d=mm&r=g\",\"caption\":\"Redacci\u00f3n NA-NY\"},\"url\":\"https:\/\/noti-america.com\/site\/mexico\/author\/redaccionny\/\"}]}<\/script>\n<!-- \/ Yoast SEO Premium plugin. -->","yoast_head_json":{"title":"Canelo oficializa pelea contra Daniel Jacobs, campe\u00f3n de la FIB - M\u00e9xico","robots":{"index":"index","follow":"follow","max-snippet":"max-snippet:-1","max-image-preview":"max-image-preview:large","max-video-preview":"max-video-preview:-1"},"canonical":"https:\/\/noti-america.com\/site\/mexico\/2019\/01\/18\/canelo-oficializa-pelea-contra-daniel-jacobs-campeon-de-la-fib\/","og_locale":"es_ES","og_type":"article","og_title":"Canelo oficializa pelea contra Daniel Jacobs, campe\u00f3n de la FIB","og_description":"Fuente:\u00a0\u00a0https:\/\/www.unotv.com &nbsp; Sa\u00fal &#8216;Canelo&#8217; \u00c1lvarez\u00a0cerr\u00f3 su segunda pelea del contrato hist\u00f3rico que firm\u00f3 por 365 millones de d\u00f3lares con el servicio de streaming, DAZN. El mexicano\u00a0se enfrentar\u00e1 a Daniel Jacobs, campe\u00f3n del t\u00edtulo mundial&#46;&#46;&#46;","og_url":"https:\/\/noti-america.com\/site\/mexico\/2019\/01\/18\/canelo-oficializa-pelea-contra-daniel-jacobs-campeon-de-la-fib\/","og_site_name":"M\u00e9xico","article_published_time":"2019-01-18T02:53:04+00:00","og_image":[{"width":750,"height":450,"url":"https:\/\/noti-america.com\/site\/mexico\/wp-content\/uploads\/sites\/13\/2019\/01\/164908-Principal.jpg","type":"image\/jpeg"}],"author":"Redacci\u00f3n NA-NY","twitter_card":"summary_large_image","twitter_misc":{"Escrito por":"Redacci\u00f3n NA-NY","Tiempo estimado de lectura":"1 minuto"},"schema":{"@context":"https:\/\/schema.org","@graph":[{"@type":"Article","@id":"https:\/\/noti-america.com\/site\/mexico\/2019\/01\/18\/canelo-oficializa-pelea-contra-daniel-jacobs-campeon-de-la-fib\/#article","isPartOf":{"@id":"https:\/\/noti-america.com\/site\/mexico\/2019\/01\/18\/canelo-oficializa-pelea-contra-daniel-jacobs-campeon-de-la-fib\/"},"author":{"name":"Redacci\u00f3n NA-NY","@id":"https:\/\/noti-america.com\/site\/mexico\/#\/schema\/person\/db5a6527aaddfc34b3753d557a1292f0"},"headline":"Canelo oficializa pelea contra Daniel Jacobs, campe\u00f3n de la FIB","datePublished":"2019-01-18T02:53:04+00:00","mainEntityOfPage":{"@id":"https:\/\/noti-america.com\/site\/mexico\/2019\/01\/18\/canelo-oficializa-pelea-contra-daniel-jacobs-campeon-de-la-fib\/"},"wordCount":188,"commentCount":0,"publisher":{"@id":"https:\/\/noti-america.com\/site\/mexico\/#organization"},"image":{"@id":"https:\/\/noti-america.com\/site\/mexico\/2019\/01\/18\/canelo-oficializa-pelea-contra-daniel-jacobs-campeon-de-la-fib\/#primaryimage"},"thumbnailUrl":"https:\/\/noti-america.com\/site\/mexico\/wp-content\/uploads\/sites\/13\/2019\/01\/164908-Principal.jpg","keywords":["campe\u00f3n de la FIB","Canelo oficializa pelea contra Daniel Jacobs"],"articleSection":["Deportes"],"inLanguage":"es","potentialAction":[{"@type":"CommentAction","name":"Comment","target":["https:\/\/noti-america.com\/site\/mexico\/2019\/01\/18\/canelo-oficializa-pelea-contra-daniel-jacobs-campeon-de-la-fib\/#respond"]}]},{"@type":"WebPage","@id":"https:\/\/noti-america.com\/site\/mexico\/2019\/01\/18\/canelo-oficializa-pelea-contra-daniel-jacobs-campeon-de-la-fib\/","url":"https:\/\/noti-america.com\/site\/mexico\/2019\/01\/18\/canelo-oficializa-pelea-contra-daniel-jacobs-campeon-de-la-fib\/","name":"Canelo oficializa pelea contra Daniel Jacobs, campe\u00f3n de la FIB - M\u00e9xico","isPartOf":{"@id":"https:\/\/noti-america.com\/site\/mexico\/#website"},"primaryImageOfPage":{"@id":"https:\/\/noti-america.com\/site\/mexico\/2019\/01\/18\/canelo-oficializa-pelea-contra-daniel-jacobs-campeon-de-la-fib\/#primaryimage"},"image":{"@id":"https:\/\/noti-america.com\/site\/mexico\/2019\/01\/18\/canelo-oficializa-pelea-contra-daniel-jacobs-campeon-de-la-fib\/#primaryimage"},"thumbnailUrl":"https:\/\/noti-america.com\/site\/mexico\/wp-content\/uploads\/sites\/13\/2019\/01\/164908-Principal.jpg","datePublished":"2019-01-18T02:53:04+00:00","breadcrumb":{"@id":"https:\/\/noti-america.com\/site\/mexico\/2019\/01\/18\/canelo-oficializa-pelea-contra-daniel-jacobs-campeon-de-la-fib\/#breadcrumb"},"inLanguage":"es","potentialAction":[{"@type":"ReadAction","target":["https:\/\/noti-america.com\/site\/mexico\/2019\/01\/18\/canelo-oficializa-pelea-contra-daniel-jacobs-campeon-de-la-fib\/"]}]},{"@type":"ImageObject","inLanguage":"es","@id":"https:\/\/noti-america.com\/site\/mexico\/2019\/01\/18\/canelo-oficializa-pelea-contra-daniel-jacobs-campeon-de-la-fib\/#primaryimage","url":"https:\/\/noti-america.com\/site\/mexico\/wp-content\/uploads\/sites\/13\/2019\/01\/164908-Principal.jpg","contentUrl":"https:\/\/noti-america.com\/site\/mexico\/wp-content\/uploads\/sites\/13\/2019\/01\/164908-Principal.jpg","width":750,"height":450},{"@type":"BreadcrumbList","@id":"https:\/\/noti-america.com\/site\/mexico\/2019\/01\/18\/canelo-oficializa-pelea-contra-daniel-jacobs-campeon-de-la-fib\/#breadcrumb","itemListElement":[{"@type":"ListItem","position":1,"name":"Portada","item":"https:\/\/noti-america.com\/site\/mexico\/"},{"@type":"ListItem","position":2,"name":"Canelo oficializa pelea contra Daniel Jacobs, campe\u00f3n de la FIB"}]},{"@type":"WebSite","@id":"https:\/\/noti-america.com\/site\/mexico\/#website","url":"https:\/\/noti-america.com\/site\/mexico\/","name":"M\u00e9xico | Noti-America.com","description":"","publisher":{"@id":"https:\/\/noti-america.com\/site\/mexico\/#organization"},"potentialAction":[{"@type":"SearchAction","target":{"@type":"EntryPoint","urlTemplate":"https:\/\/noti-america.com\/site\/mexico\/?s={search_term_string}"},"query-input":{"@type":"PropertyValueSpecification","valueRequired":true,"valueName":"search_term_string"}}],"inLanguage":"es"},{"@type":"Organization","@id":"https:\/\/noti-america.com\/site\/mexico\/#organization","name":"Noti-America LLC | M\u00e9xico","url":"https:\/\/noti-america.com\/site\/mexico\/","logo":{"@type":"ImageObject","inLanguage":"es","@id":"https:\/\/noti-america.com\/site\/mexico\/#\/schema\/logo\/image\/","url":"https:\/\/noti-america.com\/site\/mexico\/wp-content\/uploads\/sites\/13\/2020\/07\/LogoNA-4x3-1.jpg","contentUrl":"https:\/\/noti-america.com\/site\/mexico\/wp-content\/uploads\/sites\/13\/2020\/07\/LogoNA-4x3-1.jpg","width":1236,"height":1080,"caption":"Noti-America LLC | M\u00e9xico"},"image":{"@id":"https:\/\/noti-america.com\/site\/mexico\/#\/schema\/logo\/image\/"}},{"@type":"Person","@id":"https:\/\/noti-america.com\/site\/mexico\/#\/schema\/person\/db5a6527aaddfc34b3753d557a1292f0","name":"Redacci\u00f3n NA-NY","image":{"@type":"ImageObject","inLanguage":"es","@id":"https:\/\/secure.gravatar.com\/avatar\/2bd75bb500a8deb1390f777293a9af32d934c46613d2fbac7cceb2aaa2679ae8?s=96&d=mm&r=g","url":"https:\/\/secure.gravatar.com\/avatar\/2bd75bb500a8deb1390f777293a9af32d934c46613d2fbac7cceb2aaa2679ae8?s=96&d=mm&r=g","contentUrl":"https:\/\/secure.gravatar.com\/avatar\/2bd75bb500a8deb1390f777293a9af32d934c46613d2fbac7cceb2aaa2679ae8?s=96&d=mm&r=g","caption":"Redacci\u00f3n NA-NY"},"url":"https:\/\/noti-america.com\/site\/mexico\/author\/redaccionny\/"}]}},"_links":{"self":[{"href":"https:\/\/noti-america.com\/site\/mexico\/wp-json\/wp\/v2\/posts\/2604","targetHints":{"allow":["GET"]}}],"collection":[{"href":"https:\/\/noti-america.com\/site\/mexico\/wp-json\/wp\/v2\/posts"}],"about":[{"href":"https:\/\/noti-america.com\/site\/mexico\/wp-json\/wp\/v2\/types\/post"}],"author":[{"embeddable":true,"href":"https:\/\/noti-america.com\/site\/mexico\/wp-json\/wp\/v2\/users\/28"}],"replies":[{"embeddable":true,"href":"https:\/\/noti-america.com\/site\/mexico\/wp-json\/wp\/v2\/comments?post=2604"}],"version-history":[{"count":1,"href":"https:\/\/noti-america.com\/site\/mexico\/wp-json\/wp\/v2\/posts\/2604\/revisions"}],"predecessor-version":[{"id":2606,"href":"https:\/\/noti-america.com\/site\/mexico\/wp-json\/wp\/v2\/posts\/2604\/revisions\/2606"}],"wp:featuredmedia":[{"embeddable":true,"href":"https:\/\/noti-america.com\/site\/mexico\/wp-json\/wp\/v2\/media\/2605"}],"wp:attachment":[{"href":"https:\/\/noti-america.com\/site\/mexico\/wp-json\/wp\/v2\/media?parent=2604"}],"wp:term":[{"taxonomy":"category","embeddable":true,"href":"https:\/\/noti-america.com\/site\/mexico\/wp-json\/wp\/v2\/categories?post=2604"},{"taxonomy":"post_tag","embeddable":true,"href":"https:\/\/noti-america.com\/site\/mexico\/wp-json\/wp\/v2\/tags?post=2604"}],"curies":[{"name":"wp","href":"https:\/\/api.w.org\/{rel}","templated":true}]}}