{"id":2597,"date":"2019-01-18T02:45:31","date_gmt":"2019-01-18T02:45:31","guid":{"rendered":"http:\/\/noti-america.com\/site\/mexico\/?p=2597"},"modified":"2019-01-18T02:45:31","modified_gmt":"2019-01-18T02:45:31","slug":"lo-que-se-sabe-sobre-el-autor-del-atentado-que-mato-a-10-en-colombia","status":"publish","type":"post","link":"https:\/\/noti-america.com\/site\/mexico\/2019\/01\/18\/lo-que-se-sabe-sobre-el-autor-del-atentado-que-mato-a-10-en-colombia\/","title":{"rendered":"Lo que se sabe sobre el autor del atentado que mat\u00f3 a 10 en Colombia"},"content":{"rendered":"<p><img loading=\"lazy\" decoding=\"async\" class=\" wp-image-2598 aligncenter\" src=\"http:\/\/noti-america.com\/site\/mexico\/wp-content\/uploads\/sites\/13\/2019\/01\/164906-Principal-300x180.jpg\" alt=\"\" width=\"430\" height=\"258\" srcset=\"https:\/\/noti-america.com\/site\/mexico\/wp-content\/uploads\/sites\/13\/2019\/01\/164906-Principal-300x180.jpg 300w, https:\/\/noti-america.com\/site\/mexico\/wp-content\/uploads\/sites\/13\/2019\/01\/164906-Principal.jpg 750w\" sizes=\"auto, (max-width: 430px) 100vw, 430px\" \/><\/p>\n<p>&nbsp;<\/p>\n<h3>Fuente:\u00a0\u00a0https:\/\/www.unotv.com\/noticias\/<\/h3>\n<p>&nbsp;<\/p>\n<p dir=\"ltr\">N\u00e9stor Humberto Mart\u00ednez Neira, fiscal\u00a0General de Colombia, inform\u00f3 este jueves que\u00a0Jos\u00e9 Aldemar Rojas Rodr\u00edguez\u00a0fue quien deton\u00f3 un coche con\u00a080 kilogramos de explosivo\u00a0en una academia de polic\u00eda en\u00a0Bogot\u00e1, causando\u00a010 muertos\u00a0y\u00a065 heridos.<\/p>\n<p dir=\"ltr\">\n<p dir=\"ltr\">En\u00a0conferencia de prensa, el funcionario dijo que hasta el momento no hay\u00a0vinculaci\u00f3n alguna\u00a0con\u00a0grupos armados, aunque asegur\u00f3 que \u201cen pr\u00f3ximas horas\u201d dar\u00e1 m\u00e1s informaci\u00f3n sobre los \u201cdeterminadores o\u00a0autores intelectuales\u00a0de este\u00a0acto terrorista\u201d.<\/p>\n<h3 dir=\"ltr\">\u00bfQu\u00e9 se sabe del autor del crimen?<\/h3>\n<p dir=\"ltr\">De acuerdo con informaci\u00f3n del informativo colombiano\u00a0El Tiempo, el atacante:<\/p>\n<ul dir=\"ltr\">\n<li>Naci\u00f3 el 13 de mayo de 1962, en Puerto Boyac\u00e1, Colombia.<\/li>\n<li>Ten\u00eda\u00a0amputada la mano derecha.<\/li>\n<li>Resid\u00eda en\u00a0la vereda Boja, de Cubar\u00e1, Boyac\u00e1, Colombia.<\/li>\n<li>Ten\u00eda como n\u00famero de c\u00e9dula el 14&#8217;318.507<\/li>\n<\/ul>\n<p dir=\"ltr\">Su lugar de residencia\u00a0es lim\u00edtrofe con\u00a0Arauca\u00a0y la frontera con\u00a0Venezuela, una regi\u00f3n donde la presencia del\u00a0Ej\u00e9rcito de Liberaci\u00f3n Nacional\u00a0es muy fuerte.<\/p>\n<div class=\"gallery\">\n<div class=\"item-gallery\"><img decoding=\"async\" class=\"aligncenter\" src=\"https:\/\/www.unotv.com\/portal\/unotv\/imagenes_galeria\/164897-GaleriaUno.jpg\" alt=\"La autoridad colombiana no confirma el deceso del sospechoso.\" \/>La autoridad colombiana no confirma el deceso del sospechoso.<u>Foto: AP.<\/u><\/p>\n<\/div>\n<\/div>\n<h2 dir=\"ltr\">Paso a paso<\/h2>\n<p dir=\"ltr\">Rojas Rodr\u00edguez ingres\u00f3 a las\u00a009:30 horas locales\u00a0en una camioneta gris\u00a0Nissan Patrol\u00a0modelo\u00a01993\u00a0a la\u00a0Escuela de Oficiales General Francisco de Paula Santander, en el\u00a0sur de la capital\u00a0colombiana. Un perro antiexplosivos\u00a0detect\u00f3 la carga\u00a0en el autom\u00f3vil. Al verse descubierto, el conductor\u00a0aceler\u00f3\u00a0y\u00a0atropell\u00f3 a un polic\u00eda.<\/p>\n<ul dir=\"ltr\">\n<li>Tres uniformados siguieron\u00a0detr\u00e1s del veh\u00edculo, que a los\u00a0segundos explot\u00f3.<\/li>\n<li>Aunque aliviado por la firma del pacto con las\u00a0FARC, Colombia sigue ante un\u00a0grave conflicto interno.<\/li>\n<\/ul>\n<p dir=\"ltr\">Se\u00f1al\u00f3 que el \u201c\u00faltimo acto\u201d de la camioneta ante autoridades de tr\u00e1nsito fue una revisi\u00f3n\u00a0t\u00e9cnico-mec\u00e1nica\u00a0el\u00a027 de julio 2018\u00a0en\u00a0Arauca, fronterizo con\u00a0Venezuela\u00a0y presencia del\u00a0Ej\u00e9rcito de Liberaci\u00f3n Nacional\u00a0(ELN), \u00faltima guerrilla del pa\u00eds tras el\u00a0desarme\u00a0y\u00a0transformaci\u00f3n\u00a0en partido de las\u00a0Fuerzas Armadas Revolucionarias de Colombia\u00a0(FARC) en 2017.<\/p>\n<div class=\"gallery\">\n<div class=\"item-gallery\"><img decoding=\"async\" class=\"aligncenter\" src=\"https:\/\/www.unotv.com\/portal\/unotv\/imagenes_galeria\/164898-GaleriaUno.jpg\" alt=\"Iv\u00e1n Duque M\u00e1rquez y Marta Luc\u00eda Ram\u00edrez Blanco, presidente y vicepresidenta de Colombia.\" \/>Iv\u00e1n Duque M\u00e1rquez y Marta Luc\u00eda Ram\u00edrez Blanco, presidente y vicepresidenta de Colombia.<u>Foto: AP.<\/u><\/p>\n<\/div>\n<\/div>\n<p dir=\"ltr\">Ning\u00fan grupo armado se ha\u00a0atribuido el ataque, el peor sucedido en\u00a0Bogot\u00e1desde el coche bomba activado por las FARC en\u00a0febrero\u00a02003\u00a0en\u00a0El Nogal, un\u00a0exclusivo club social\u00a0en el norte y donde murieron\u00a036 personas. Aquella bomba fue el mayor\u00a0atentado urbano\u00a0de la guerrilla en m\u00e1s de medio siglo de\u00a0alzamiento armado.<\/p>\n<div class=\"gallery\">\n<div class=\"item-gallery\"><img decoding=\"async\" class=\"aligncenter\" src=\"https:\/\/www.unotv.com\/portal\/unotv\/imagenes_galeria\/164899-GaleriaUno.jpg\" alt=\"Ning\u00fan grupo armado se ha adjudicado el ataque.\" \/><\/div>\n<\/div>\n","protected":false},"excerpt":{"rendered":"<p>&nbsp; Fuente:\u00a0\u00a0https:\/\/www.unotv.com\/noticias\/ &nbsp; N\u00e9stor Humberto Mart\u00ednez Neira, fiscal\u00a0General de Colombia, inform\u00f3 este jueves que\u00a0Jos\u00e9 Aldemar Rojas Rodr\u00edguez\u00a0fue quien deton\u00f3 un coche con\u00a080 kilogramos de explosivo\u00a0en una academia de polic\u00eda en\u00a0Bogot\u00e1, causando\u00a010 muertos\u00a0y\u00a065 heridos. En\u00a0conferencia&#46;&#46;&#46;<\/p>\n","protected":false},"author":28,"featured_media":2598,"comment_status":"open","ping_status":"open","sticky":false,"template":"","format":"standard","meta":{"_acf_changed":false,"om_disable_all_campaigns":false,"rop_custom_images_group":[],"rop_custom_messages_group":[],"rop_publish_now":"initial","rop_publish_now_accounts":{"twitter_242054905_242054905":""},"rop_publish_now_history":[],"rop_publish_now_status":"pending","_uf_show_specific_survey":0,"_uf_disable_surveys":false,"footnotes":""},"categories":[1],"tags":[270],"class_list":["post-2597","post","type-post","status-publish","format-standard","has-post-thumbnail","hentry","category-uncategorized","tag-lo-que-se-sabe-sobre-el-autor-del-atentado-que-mato-a-10-en-colombia"],"acf":[],"aioseo_notices":[],"yoast_head":"<!-- This site is optimized with the Yoast SEO Premium plugin v24.9 (Yoast SEO v27.2) - https:\/\/yoast.com\/product\/yoast-seo-premium-wordpress\/ -->\n<title>Lo que se sabe sobre el autor del atentado que mat\u00f3 a 10 en Colombia - M\u00e9xico<\/title>\n<meta name=\"robots\" content=\"index, follow, max-snippet:-1, max-image-preview:large, max-video-preview:-1\" \/>\n<link rel=\"canonical\" href=\"https:\/\/noti-america.com\/site\/mexico\/2019\/01\/18\/lo-que-se-sabe-sobre-el-autor-del-atentado-que-mato-a-10-en-colombia\/\" \/>\n<meta property=\"og:locale\" content=\"es_ES\" \/>\n<meta property=\"og:type\" content=\"article\" \/>\n<meta property=\"og:title\" content=\"Lo que se sabe sobre el autor del atentado que mat\u00f3 a 10 en Colombia\" \/>\n<meta property=\"og:description\" content=\"&nbsp; Fuente:\u00a0\u00a0https:\/\/www.unotv.com\/noticias\/ &nbsp; N\u00e9stor Humberto Mart\u00ednez Neira, fiscal\u00a0General de Colombia, inform\u00f3 este jueves que\u00a0Jos\u00e9 Aldemar Rojas Rodr\u00edguez\u00a0fue quien deton\u00f3 un coche con\u00a080 kilogramos de explosivo\u00a0en una academia de polic\u00eda en\u00a0Bogot\u00e1, causando\u00a010 muertos\u00a0y\u00a065 heridos. En\u00a0conferencia&#046;&#046;&#046;\" \/>\n<meta property=\"og:url\" content=\"https:\/\/noti-america.com\/site\/mexico\/2019\/01\/18\/lo-que-se-sabe-sobre-el-autor-del-atentado-que-mato-a-10-en-colombia\/\" \/>\n<meta property=\"og:site_name\" content=\"M\u00e9xico\" \/>\n<meta property=\"article:published_time\" content=\"2019-01-18T02:45:31+00:00\" \/>\n<meta property=\"og:image\" content=\"https:\/\/noti-america.com\/site\/mexico\/wp-content\/uploads\/sites\/13\/2019\/01\/164906-Principal.jpg\" \/>\n\t<meta property=\"og:image:width\" content=\"750\" \/>\n\t<meta property=\"og:image:height\" content=\"450\" \/>\n\t<meta property=\"og:image:type\" content=\"image\/jpeg\" \/>\n<meta name=\"author\" content=\"Redacci\u00f3n NA-NY\" \/>\n<meta name=\"twitter:card\" content=\"summary_large_image\" \/>\n<meta name=\"twitter:label1\" content=\"Escrito por\" \/>\n\t<meta name=\"twitter:data1\" content=\"Redacci\u00f3n NA-NY\" \/>\n\t<meta name=\"twitter:label2\" content=\"Tiempo estimado de lectura\" \/>\n\t<meta name=\"twitter:data2\" content=\"2 minutos\" \/>\n<script type=\"application\/ld+json\" class=\"yoast-schema-graph\">{\"@context\":\"https:\/\/schema.org\",\"@graph\":[{\"@type\":\"Article\",\"@id\":\"https:\/\/noti-america.com\/site\/mexico\/2019\/01\/18\/lo-que-se-sabe-sobre-el-autor-del-atentado-que-mato-a-10-en-colombia\/#article\",\"isPartOf\":{\"@id\":\"https:\/\/noti-america.com\/site\/mexico\/2019\/01\/18\/lo-que-se-sabe-sobre-el-autor-del-atentado-que-mato-a-10-en-colombia\/\"},\"author\":{\"name\":\"Redacci\u00f3n NA-NY\",\"@id\":\"https:\/\/noti-america.com\/site\/mexico\/#\/schema\/person\/db5a6527aaddfc34b3753d557a1292f0\"},\"headline\":\"Lo que se sabe sobre el autor del atentado que mat\u00f3 a 10 en Colombia\",\"datePublished\":\"2019-01-18T02:45:31+00:00\",\"mainEntityOfPage\":{\"@id\":\"https:\/\/noti-america.com\/site\/mexico\/2019\/01\/18\/lo-que-se-sabe-sobre-el-autor-del-atentado-que-mato-a-10-en-colombia\/\"},\"wordCount\":421,\"commentCount\":0,\"publisher\":{\"@id\":\"https:\/\/noti-america.com\/site\/mexico\/#organization\"},\"image\":{\"@id\":\"https:\/\/noti-america.com\/site\/mexico\/2019\/01\/18\/lo-que-se-sabe-sobre-el-autor-del-atentado-que-mato-a-10-en-colombia\/#primaryimage\"},\"thumbnailUrl\":\"https:\/\/noti-america.com\/site\/mexico\/wp-content\/uploads\/sites\/13\/2019\/01\/164906-Principal.jpg\",\"keywords\":[\"Lo que se sabe sobre el autor del atentado que mat\u00f3 a 10 en Colombia\"],\"articleSection\":[\"Uncategorized\"],\"inLanguage\":\"es\",\"potentialAction\":[{\"@type\":\"CommentAction\",\"name\":\"Comment\",\"target\":[\"https:\/\/noti-america.com\/site\/mexico\/2019\/01\/18\/lo-que-se-sabe-sobre-el-autor-del-atentado-que-mato-a-10-en-colombia\/#respond\"]}]},{\"@type\":\"WebPage\",\"@id\":\"https:\/\/noti-america.com\/site\/mexico\/2019\/01\/18\/lo-que-se-sabe-sobre-el-autor-del-atentado-que-mato-a-10-en-colombia\/\",\"url\":\"https:\/\/noti-america.com\/site\/mexico\/2019\/01\/18\/lo-que-se-sabe-sobre-el-autor-del-atentado-que-mato-a-10-en-colombia\/\",\"name\":\"Lo que se sabe sobre el autor del atentado que mat\u00f3 a 10 en Colombia - M\u00e9xico\",\"isPartOf\":{\"@id\":\"https:\/\/noti-america.com\/site\/mexico\/#website\"},\"primaryImageOfPage\":{\"@id\":\"https:\/\/noti-america.com\/site\/mexico\/2019\/01\/18\/lo-que-se-sabe-sobre-el-autor-del-atentado-que-mato-a-10-en-colombia\/#primaryimage\"},\"image\":{\"@id\":\"https:\/\/noti-america.com\/site\/mexico\/2019\/01\/18\/lo-que-se-sabe-sobre-el-autor-del-atentado-que-mato-a-10-en-colombia\/#primaryimage\"},\"thumbnailUrl\":\"https:\/\/noti-america.com\/site\/mexico\/wp-content\/uploads\/sites\/13\/2019\/01\/164906-Principal.jpg\",\"datePublished\":\"2019-01-18T02:45:31+00:00\",\"breadcrumb\":{\"@id\":\"https:\/\/noti-america.com\/site\/mexico\/2019\/01\/18\/lo-que-se-sabe-sobre-el-autor-del-atentado-que-mato-a-10-en-colombia\/#breadcrumb\"},\"inLanguage\":\"es\",\"potentialAction\":[{\"@type\":\"ReadAction\",\"target\":[\"https:\/\/noti-america.com\/site\/mexico\/2019\/01\/18\/lo-que-se-sabe-sobre-el-autor-del-atentado-que-mato-a-10-en-colombia\/\"]}]},{\"@type\":\"ImageObject\",\"inLanguage\":\"es\",\"@id\":\"https:\/\/noti-america.com\/site\/mexico\/2019\/01\/18\/lo-que-se-sabe-sobre-el-autor-del-atentado-que-mato-a-10-en-colombia\/#primaryimage\",\"url\":\"https:\/\/noti-america.com\/site\/mexico\/wp-content\/uploads\/sites\/13\/2019\/01\/164906-Principal.jpg\",\"contentUrl\":\"https:\/\/noti-america.com\/site\/mexico\/wp-content\/uploads\/sites\/13\/2019\/01\/164906-Principal.jpg\",\"width\":750,\"height\":450},{\"@type\":\"BreadcrumbList\",\"@id\":\"https:\/\/noti-america.com\/site\/mexico\/2019\/01\/18\/lo-que-se-sabe-sobre-el-autor-del-atentado-que-mato-a-10-en-colombia\/#breadcrumb\",\"itemListElement\":[{\"@type\":\"ListItem\",\"position\":1,\"name\":\"Portada\",\"item\":\"https:\/\/noti-america.com\/site\/mexico\/\"},{\"@type\":\"ListItem\",\"position\":2,\"name\":\"Lo que se sabe sobre el autor del atentado que mat\u00f3 a 10 en Colombia\"}]},{\"@type\":\"WebSite\",\"@id\":\"https:\/\/noti-america.com\/site\/mexico\/#website\",\"url\":\"https:\/\/noti-america.com\/site\/mexico\/\",\"name\":\"M\u00e9xico | Noti-America.com\",\"description\":\"\",\"publisher\":{\"@id\":\"https:\/\/noti-america.com\/site\/mexico\/#organization\"},\"potentialAction\":[{\"@type\":\"SearchAction\",\"target\":{\"@type\":\"EntryPoint\",\"urlTemplate\":\"https:\/\/noti-america.com\/site\/mexico\/?s={search_term_string}\"},\"query-input\":{\"@type\":\"PropertyValueSpecification\",\"valueRequired\":true,\"valueName\":\"search_term_string\"}}],\"inLanguage\":\"es\"},{\"@type\":\"Organization\",\"@id\":\"https:\/\/noti-america.com\/site\/mexico\/#organization\",\"name\":\"Noti-America LLC | M\u00e9xico\",\"url\":\"https:\/\/noti-america.com\/site\/mexico\/\",\"logo\":{\"@type\":\"ImageObject\",\"inLanguage\":\"es\",\"@id\":\"https:\/\/noti-america.com\/site\/mexico\/#\/schema\/logo\/image\/\",\"url\":\"https:\/\/noti-america.com\/site\/mexico\/wp-content\/uploads\/sites\/13\/2020\/07\/LogoNA-4x3-1.jpg\",\"contentUrl\":\"https:\/\/noti-america.com\/site\/mexico\/wp-content\/uploads\/sites\/13\/2020\/07\/LogoNA-4x3-1.jpg\",\"width\":1236,\"height\":1080,\"caption\":\"Noti-America LLC | M\u00e9xico\"},\"image\":{\"@id\":\"https:\/\/noti-america.com\/site\/mexico\/#\/schema\/logo\/image\/\"}},{\"@type\":\"Person\",\"@id\":\"https:\/\/noti-america.com\/site\/mexico\/#\/schema\/person\/db5a6527aaddfc34b3753d557a1292f0\",\"name\":\"Redacci\u00f3n NA-NY\",\"image\":{\"@type\":\"ImageObject\",\"inLanguage\":\"es\",\"@id\":\"https:\/\/secure.gravatar.com\/avatar\/2bd75bb500a8deb1390f777293a9af32d934c46613d2fbac7cceb2aaa2679ae8?s=96&d=mm&r=g\",\"url\":\"https:\/\/secure.gravatar.com\/avatar\/2bd75bb500a8deb1390f777293a9af32d934c46613d2fbac7cceb2aaa2679ae8?s=96&d=mm&r=g\",\"contentUrl\":\"https:\/\/secure.gravatar.com\/avatar\/2bd75bb500a8deb1390f777293a9af32d934c46613d2fbac7cceb2aaa2679ae8?s=96&d=mm&r=g\",\"caption\":\"Redacci\u00f3n NA-NY\"},\"url\":\"https:\/\/noti-america.com\/site\/mexico\/author\/redaccionny\/\"}]}<\/script>\n<!-- \/ Yoast SEO Premium plugin. -->","yoast_head_json":{"title":"Lo que se sabe sobre el autor del atentado que mat\u00f3 a 10 en Colombia - M\u00e9xico","robots":{"index":"index","follow":"follow","max-snippet":"max-snippet:-1","max-image-preview":"max-image-preview:large","max-video-preview":"max-video-preview:-1"},"canonical":"https:\/\/noti-america.com\/site\/mexico\/2019\/01\/18\/lo-que-se-sabe-sobre-el-autor-del-atentado-que-mato-a-10-en-colombia\/","og_locale":"es_ES","og_type":"article","og_title":"Lo que se sabe sobre el autor del atentado que mat\u00f3 a 10 en Colombia","og_description":"&nbsp; Fuente:\u00a0\u00a0https:\/\/www.unotv.com\/noticias\/ &nbsp; N\u00e9stor Humberto Mart\u00ednez Neira, fiscal\u00a0General de Colombia, inform\u00f3 este jueves que\u00a0Jos\u00e9 Aldemar Rojas Rodr\u00edguez\u00a0fue quien deton\u00f3 un coche con\u00a080 kilogramos de explosivo\u00a0en una academia de polic\u00eda en\u00a0Bogot\u00e1, causando\u00a010 muertos\u00a0y\u00a065 heridos. En\u00a0conferencia&#46;&#46;&#46;","og_url":"https:\/\/noti-america.com\/site\/mexico\/2019\/01\/18\/lo-que-se-sabe-sobre-el-autor-del-atentado-que-mato-a-10-en-colombia\/","og_site_name":"M\u00e9xico","article_published_time":"2019-01-18T02:45:31+00:00","og_image":[{"width":750,"height":450,"url":"https:\/\/noti-america.com\/site\/mexico\/wp-content\/uploads\/sites\/13\/2019\/01\/164906-Principal.jpg","type":"image\/jpeg"}],"author":"Redacci\u00f3n NA-NY","twitter_card":"summary_large_image","twitter_misc":{"Escrito por":"Redacci\u00f3n NA-NY","Tiempo estimado de lectura":"2 minutos"},"schema":{"@context":"https:\/\/schema.org","@graph":[{"@type":"Article","@id":"https:\/\/noti-america.com\/site\/mexico\/2019\/01\/18\/lo-que-se-sabe-sobre-el-autor-del-atentado-que-mato-a-10-en-colombia\/#article","isPartOf":{"@id":"https:\/\/noti-america.com\/site\/mexico\/2019\/01\/18\/lo-que-se-sabe-sobre-el-autor-del-atentado-que-mato-a-10-en-colombia\/"},"author":{"name":"Redacci\u00f3n NA-NY","@id":"https:\/\/noti-america.com\/site\/mexico\/#\/schema\/person\/db5a6527aaddfc34b3753d557a1292f0"},"headline":"Lo que se sabe sobre el autor del atentado que mat\u00f3 a 10 en Colombia","datePublished":"2019-01-18T02:45:31+00:00","mainEntityOfPage":{"@id":"https:\/\/noti-america.com\/site\/mexico\/2019\/01\/18\/lo-que-se-sabe-sobre-el-autor-del-atentado-que-mato-a-10-en-colombia\/"},"wordCount":421,"commentCount":0,"publisher":{"@id":"https:\/\/noti-america.com\/site\/mexico\/#organization"},"image":{"@id":"https:\/\/noti-america.com\/site\/mexico\/2019\/01\/18\/lo-que-se-sabe-sobre-el-autor-del-atentado-que-mato-a-10-en-colombia\/#primaryimage"},"thumbnailUrl":"https:\/\/noti-america.com\/site\/mexico\/wp-content\/uploads\/sites\/13\/2019\/01\/164906-Principal.jpg","keywords":["Lo que se sabe sobre el autor del atentado que mat\u00f3 a 10 en Colombia"],"articleSection":["Uncategorized"],"inLanguage":"es","potentialAction":[{"@type":"CommentAction","name":"Comment","target":["https:\/\/noti-america.com\/site\/mexico\/2019\/01\/18\/lo-que-se-sabe-sobre-el-autor-del-atentado-que-mato-a-10-en-colombia\/#respond"]}]},{"@type":"WebPage","@id":"https:\/\/noti-america.com\/site\/mexico\/2019\/01\/18\/lo-que-se-sabe-sobre-el-autor-del-atentado-que-mato-a-10-en-colombia\/","url":"https:\/\/noti-america.com\/site\/mexico\/2019\/01\/18\/lo-que-se-sabe-sobre-el-autor-del-atentado-que-mato-a-10-en-colombia\/","name":"Lo que se sabe sobre el autor del atentado que mat\u00f3 a 10 en Colombia - M\u00e9xico","isPartOf":{"@id":"https:\/\/noti-america.com\/site\/mexico\/#website"},"primaryImageOfPage":{"@id":"https:\/\/noti-america.com\/site\/mexico\/2019\/01\/18\/lo-que-se-sabe-sobre-el-autor-del-atentado-que-mato-a-10-en-colombia\/#primaryimage"},"image":{"@id":"https:\/\/noti-america.com\/site\/mexico\/2019\/01\/18\/lo-que-se-sabe-sobre-el-autor-del-atentado-que-mato-a-10-en-colombia\/#primaryimage"},"thumbnailUrl":"https:\/\/noti-america.com\/site\/mexico\/wp-content\/uploads\/sites\/13\/2019\/01\/164906-Principal.jpg","datePublished":"2019-01-18T02:45:31+00:00","breadcrumb":{"@id":"https:\/\/noti-america.com\/site\/mexico\/2019\/01\/18\/lo-que-se-sabe-sobre-el-autor-del-atentado-que-mato-a-10-en-colombia\/#breadcrumb"},"inLanguage":"es","potentialAction":[{"@type":"ReadAction","target":["https:\/\/noti-america.com\/site\/mexico\/2019\/01\/18\/lo-que-se-sabe-sobre-el-autor-del-atentado-que-mato-a-10-en-colombia\/"]}]},{"@type":"ImageObject","inLanguage":"es","@id":"https:\/\/noti-america.com\/site\/mexico\/2019\/01\/18\/lo-que-se-sabe-sobre-el-autor-del-atentado-que-mato-a-10-en-colombia\/#primaryimage","url":"https:\/\/noti-america.com\/site\/mexico\/wp-content\/uploads\/sites\/13\/2019\/01\/164906-Principal.jpg","contentUrl":"https:\/\/noti-america.com\/site\/mexico\/wp-content\/uploads\/sites\/13\/2019\/01\/164906-Principal.jpg","width":750,"height":450},{"@type":"BreadcrumbList","@id":"https:\/\/noti-america.com\/site\/mexico\/2019\/01\/18\/lo-que-se-sabe-sobre-el-autor-del-atentado-que-mato-a-10-en-colombia\/#breadcrumb","itemListElement":[{"@type":"ListItem","position":1,"name":"Portada","item":"https:\/\/noti-america.com\/site\/mexico\/"},{"@type":"ListItem","position":2,"name":"Lo que se sabe sobre el autor del atentado que mat\u00f3 a 10 en Colombia"}]},{"@type":"WebSite","@id":"https:\/\/noti-america.com\/site\/mexico\/#website","url":"https:\/\/noti-america.com\/site\/mexico\/","name":"M\u00e9xico | Noti-America.com","description":"","publisher":{"@id":"https:\/\/noti-america.com\/site\/mexico\/#organization"},"potentialAction":[{"@type":"SearchAction","target":{"@type":"EntryPoint","urlTemplate":"https:\/\/noti-america.com\/site\/mexico\/?s={search_term_string}"},"query-input":{"@type":"PropertyValueSpecification","valueRequired":true,"valueName":"search_term_string"}}],"inLanguage":"es"},{"@type":"Organization","@id":"https:\/\/noti-america.com\/site\/mexico\/#organization","name":"Noti-America LLC | M\u00e9xico","url":"https:\/\/noti-america.com\/site\/mexico\/","logo":{"@type":"ImageObject","inLanguage":"es","@id":"https:\/\/noti-america.com\/site\/mexico\/#\/schema\/logo\/image\/","url":"https:\/\/noti-america.com\/site\/mexico\/wp-content\/uploads\/sites\/13\/2020\/07\/LogoNA-4x3-1.jpg","contentUrl":"https:\/\/noti-america.com\/site\/mexico\/wp-content\/uploads\/sites\/13\/2020\/07\/LogoNA-4x3-1.jpg","width":1236,"height":1080,"caption":"Noti-America LLC | M\u00e9xico"},"image":{"@id":"https:\/\/noti-america.com\/site\/mexico\/#\/schema\/logo\/image\/"}},{"@type":"Person","@id":"https:\/\/noti-america.com\/site\/mexico\/#\/schema\/person\/db5a6527aaddfc34b3753d557a1292f0","name":"Redacci\u00f3n NA-NY","image":{"@type":"ImageObject","inLanguage":"es","@id":"https:\/\/secure.gravatar.com\/avatar\/2bd75bb500a8deb1390f777293a9af32d934c46613d2fbac7cceb2aaa2679ae8?s=96&d=mm&r=g","url":"https:\/\/secure.gravatar.com\/avatar\/2bd75bb500a8deb1390f777293a9af32d934c46613d2fbac7cceb2aaa2679ae8?s=96&d=mm&r=g","contentUrl":"https:\/\/secure.gravatar.com\/avatar\/2bd75bb500a8deb1390f777293a9af32d934c46613d2fbac7cceb2aaa2679ae8?s=96&d=mm&r=g","caption":"Redacci\u00f3n NA-NY"},"url":"https:\/\/noti-america.com\/site\/mexico\/author\/redaccionny\/"}]}},"_links":{"self":[{"href":"https:\/\/noti-america.com\/site\/mexico\/wp-json\/wp\/v2\/posts\/2597","targetHints":{"allow":["GET"]}}],"collection":[{"href":"https:\/\/noti-america.com\/site\/mexico\/wp-json\/wp\/v2\/posts"}],"about":[{"href":"https:\/\/noti-america.com\/site\/mexico\/wp-json\/wp\/v2\/types\/post"}],"author":[{"embeddable":true,"href":"https:\/\/noti-america.com\/site\/mexico\/wp-json\/wp\/v2\/users\/28"}],"replies":[{"embeddable":true,"href":"https:\/\/noti-america.com\/site\/mexico\/wp-json\/wp\/v2\/comments?post=2597"}],"version-history":[{"count":1,"href":"https:\/\/noti-america.com\/site\/mexico\/wp-json\/wp\/v2\/posts\/2597\/revisions"}],"predecessor-version":[{"id":2599,"href":"https:\/\/noti-america.com\/site\/mexico\/wp-json\/wp\/v2\/posts\/2597\/revisions\/2599"}],"wp:featuredmedia":[{"embeddable":true,"href":"https:\/\/noti-america.com\/site\/mexico\/wp-json\/wp\/v2\/media\/2598"}],"wp:attachment":[{"href":"https:\/\/noti-america.com\/site\/mexico\/wp-json\/wp\/v2\/media?parent=2597"}],"wp:term":[{"taxonomy":"category","embeddable":true,"href":"https:\/\/noti-america.com\/site\/mexico\/wp-json\/wp\/v2\/categories?post=2597"},{"taxonomy":"post_tag","embeddable":true,"href":"https:\/\/noti-america.com\/site\/mexico\/wp-json\/wp\/v2\/tags?post=2597"}],"curies":[{"name":"wp","href":"https:\/\/api.w.org\/{rel}","templated":true}]}}