{"id":2556,"date":"2019-01-17T04:01:35","date_gmt":"2019-01-17T04:01:35","guid":{"rendered":"http:\/\/noti-america.com\/site\/mexico\/?p=2556"},"modified":"2019-01-17T04:01:35","modified_gmt":"2019-01-17T04:01:35","slug":"como-ver-en-mexico-el-eclipse-total-de-luna-del-20-de-enero","status":"publish","type":"post","link":"https:\/\/noti-america.com\/site\/mexico\/2019\/01\/17\/como-ver-en-mexico-el-eclipse-total-de-luna-del-20-de-enero\/","title":{"rendered":"\u00bfC\u00f3mo ver en M\u00e9xico el eclipse total de Luna del 20 de enero?"},"content":{"rendered":"<h3><img loading=\"lazy\" decoding=\"async\" class=\"alignnone  wp-image-2557 aligncenter\" src=\"http:\/\/noti-america.com\/site\/mexico\/wp-content\/uploads\/sites\/13\/2019\/01\/164755-Principal-300x180.jpg\" alt=\"\" width=\"457\" height=\"274\" srcset=\"https:\/\/noti-america.com\/site\/mexico\/wp-content\/uploads\/sites\/13\/2019\/01\/164755-Principal-300x180.jpg 300w, https:\/\/noti-america.com\/site\/mexico\/wp-content\/uploads\/sites\/13\/2019\/01\/164755-Principal.jpg 750w\" sizes=\"auto, (max-width: 457px) 100vw, 457px\" \/><\/h3>\n<h3><\/h3>\n<h3>Fuente:\u00a0\u00a0https:\/\/www.unotv.com\/noticias<\/h3>\n<p>&nbsp;<\/p>\n<p dir=\"ltr\">El pr\u00f3ximo\u00a0<strong>domingo 20 de enero\u00a0<\/strong>se podr\u00e1 observar desde\u00a0<strong>M\u00e9xico\u00a0<\/strong>un\u00a0<strong>eclipse total\u00a0<\/strong>de\u00a0<strong>Luna\u00a0<\/strong>que se extender\u00e1 hasta las\u00a0<strong>primeras horas\u00a0<\/strong>del\u00a0<strong>lunes 21 de enero<\/strong>.<\/p>\n<p dir=\"ltr\"><strong>Ra\u00fal M\u00fajica Garc\u00eda<\/strong>, responsable de\u00a0<strong>Divulgaci\u00f3n y Comunicaci\u00f3n\u00a0<\/strong>del\u00a0<strong>Instituto Nacional de Astrof\u00edsica, \u00d3ptica y Electr\u00f3nica\u00a0<\/strong>(<strong>INAOE<\/strong>),\u00a0 se\u00f1al\u00f3 que \u00e9ste ser\u00e1 el\u00a0<strong>\u00fanico eclipse\u00a0<\/strong>que se podr\u00e1 observar desde\u00a0<strong>territorio nacional\u00a0<\/strong>en el\u00a0<strong>2019<\/strong>.<\/p>\n<p dir=\"ltr\">El\u00a0<strong>astrof\u00edsico\u00a0<\/strong>agreg\u00f3 que durante un\u00a0<strong>eclipse total,\u00a0<\/strong>la\u00a0<strong>Luna\u00a0<\/strong>adquiere un\u00a0<strong>color rojo\u00a0<\/strong>que va cambiando de\u00a0<strong>tonalidad<\/strong>. Algunas personas lo llaman \u201c<strong>Luna Roja<\/strong>\u201d o \u201c<strong>Luna de Sangre<\/strong>\u201d.<\/p>\n<h3 dir=\"ltr\"><strong>El eclipse total de Luna explicado paso a paso:<\/strong><\/h3>\n<ul dir=\"ltr\">\n<li><strong>Iniciar\u00e1<\/strong>\u00a0el domingo<strong>\u00a020 de enero<\/strong>\u00a0poco despu\u00e9s de las\u00a0<strong>20:30 horas<\/strong>\u00a0(hora del centro del pa\u00eds).<\/li>\n<li><strong>21:33 horas.<\/strong>\u00a0Comenzar\u00e1 el eclipse parcial. La Luna se empezar\u00e1 a poner roja.<\/li>\n<li><strong>22:41 horas<\/strong>. Iniciar\u00e1 el eclipse total. Se ver\u00e1 la Luna completamente roja.<\/li>\n<li><strong>23:12 horas.<\/strong>\u00a0Se alcanzar\u00e1 el m\u00e1ximo del eclipse, suceder\u00e1 cuando la Luna est\u00e9 centrada en la umbra.<\/li>\n<li><strong>23:43 horas.<\/strong>\u00a0Finalizar\u00e1 el eclipse total.<\/li>\n<li><strong>00:50 horas ya del lunes 21 de enero<\/strong>. Finalizar\u00e1 el eclipse parcial.<\/li>\n<li><strong>01:48 horas.\u00a0<\/strong>Finalizar\u00e1 eclipse.<\/li>\n<\/ul>\n<p dir=\"ltr\">El\u00a0<strong>fen\u00f3meno celeste<\/strong>\u00a0podr\u00e1 ser visto a simple vista sin necesidad de telescopios o binoculares.<\/p>\n<h3 dir=\"ltr\"><strong>\u00bfPor qu\u00e9 ocurre este fen\u00f3meno natural?<\/strong><\/h3>\n<p dir=\"ltr\">E<strong>l eclipse de Luna<\/strong>\u00a0ocurre cuando se encuentra en su\u00a0<strong>fase llena<\/strong>, justo cuando el\u00a0<strong>sat\u00e9lite natural<\/strong>\u00a0pasa por el cono que proyecta la<strong>\u00a0sombra\u00a0<\/strong>de la\u00a0<strong>Tierra<\/strong>\u00a0en el\u00a0<strong>espacio<\/strong>\u00a0al momento en que<strong>\u00a0nuestro planeta<\/strong>\u00a0se encuentra ubicado\u00a0<strong>geom\u00e9tricamente<\/strong>\u00a0entre la\u00a0<strong>Luna<\/strong>\u00a0y el\u00a0<strong>Sol.<\/strong><\/p>\n<div class=\"gallery\">\n<div class=\"item-gallery\"><img decoding=\"async\" src=\"https:\/\/www.unotv.com\/portal\/unotv\/imagenes_galeria\/164754-GaleriaUno.jpg\" alt=\"Foto: astro.org\" \/><u>Foto: astro.org<\/u><\/p>\n<\/div>\n<\/div>\n","protected":false},"excerpt":{"rendered":"<p>Fuente:\u00a0\u00a0https:\/\/www.unotv.com\/noticias &nbsp; El pr\u00f3ximo\u00a0domingo 20 de enero\u00a0se podr\u00e1 observar desde\u00a0M\u00e9xico\u00a0un\u00a0eclipse total\u00a0de\u00a0Luna\u00a0que se extender\u00e1 hasta las\u00a0primeras horas\u00a0del\u00a0lunes 21 de enero. Ra\u00fal M\u00fajica Garc\u00eda, responsable de\u00a0Divulgaci\u00f3n y Comunicaci\u00f3n\u00a0del\u00a0Instituto Nacional de Astrof\u00edsica, \u00d3ptica y Electr\u00f3nica\u00a0(INAOE),\u00a0 se\u00f1al\u00f3 que&#46;&#46;&#46;<\/p>\n","protected":false},"author":28,"featured_media":2557,"comment_status":"open","ping_status":"open","sticky":false,"template":"","format":"standard","meta":{"_acf_changed":false,"om_disable_all_campaigns":false,"rop_custom_images_group":[],"rop_custom_messages_group":[],"rop_publish_now":"initial","rop_publish_now_accounts":{"twitter_242054905_242054905":""},"rop_publish_now_history":[],"rop_publish_now_status":"pending","_uf_show_specific_survey":0,"_uf_disable_surveys":false,"footnotes":""},"categories":[1],"tags":[263],"class_list":["post-2556","post","type-post","status-publish","format-standard","has-post-thumbnail","hentry","category-uncategorized","tag-como-ver-en-mexico-el-eclipse-total-de-luna-del-20-de-enero"],"acf":[],"aioseo_notices":[],"yoast_head":"<!-- This site is optimized with the Yoast SEO Premium plugin v24.9 (Yoast SEO v27.2) - https:\/\/yoast.com\/product\/yoast-seo-premium-wordpress\/ -->\n<title>\u00bfC\u00f3mo ver en M\u00e9xico el eclipse total de Luna del 20 de enero? - M\u00e9xico<\/title>\n<meta name=\"robots\" content=\"index, follow, max-snippet:-1, max-image-preview:large, max-video-preview:-1\" \/>\n<link rel=\"canonical\" href=\"https:\/\/noti-america.com\/site\/mexico\/2019\/01\/17\/como-ver-en-mexico-el-eclipse-total-de-luna-del-20-de-enero\/\" \/>\n<meta property=\"og:locale\" content=\"es_ES\" \/>\n<meta property=\"og:type\" content=\"article\" \/>\n<meta property=\"og:title\" content=\"\u00bfC\u00f3mo ver en M\u00e9xico el eclipse total de Luna del 20 de enero?\" \/>\n<meta property=\"og:description\" content=\"Fuente:\u00a0\u00a0https:\/\/www.unotv.com\/noticias &nbsp; El pr\u00f3ximo\u00a0domingo 20 de enero\u00a0se podr\u00e1 observar desde\u00a0M\u00e9xico\u00a0un\u00a0eclipse total\u00a0de\u00a0Luna\u00a0que se extender\u00e1 hasta las\u00a0primeras horas\u00a0del\u00a0lunes 21 de enero. Ra\u00fal M\u00fajica Garc\u00eda, responsable de\u00a0Divulgaci\u00f3n y Comunicaci\u00f3n\u00a0del\u00a0Instituto Nacional de Astrof\u00edsica, \u00d3ptica y Electr\u00f3nica\u00a0(INAOE),\u00a0 se\u00f1al\u00f3 que&#046;&#046;&#046;\" \/>\n<meta property=\"og:url\" content=\"https:\/\/noti-america.com\/site\/mexico\/2019\/01\/17\/como-ver-en-mexico-el-eclipse-total-de-luna-del-20-de-enero\/\" \/>\n<meta property=\"og:site_name\" content=\"M\u00e9xico\" \/>\n<meta property=\"article:published_time\" content=\"2019-01-17T04:01:35+00:00\" \/>\n<meta property=\"og:image\" content=\"https:\/\/noti-america.com\/site\/mexico\/wp-content\/uploads\/sites\/13\/2019\/01\/164755-Principal.jpg\" \/>\n\t<meta property=\"og:image:width\" content=\"750\" \/>\n\t<meta property=\"og:image:height\" content=\"450\" \/>\n\t<meta property=\"og:image:type\" content=\"image\/jpeg\" \/>\n<meta name=\"author\" content=\"Redacci\u00f3n NA-NY\" \/>\n<meta name=\"twitter:card\" content=\"summary_large_image\" \/>\n<meta name=\"twitter:label1\" content=\"Escrito por\" \/>\n\t<meta name=\"twitter:data1\" content=\"Redacci\u00f3n NA-NY\" \/>\n\t<meta name=\"twitter:label2\" content=\"Tiempo estimado de lectura\" \/>\n\t<meta name=\"twitter:data2\" content=\"1 minuto\" \/>\n<script type=\"application\/ld+json\" class=\"yoast-schema-graph\">{\"@context\":\"https:\/\/schema.org\",\"@graph\":[{\"@type\":\"Article\",\"@id\":\"https:\/\/noti-america.com\/site\/mexico\/2019\/01\/17\/como-ver-en-mexico-el-eclipse-total-de-luna-del-20-de-enero\/#article\",\"isPartOf\":{\"@id\":\"https:\/\/noti-america.com\/site\/mexico\/2019\/01\/17\/como-ver-en-mexico-el-eclipse-total-de-luna-del-20-de-enero\/\"},\"author\":{\"name\":\"Redacci\u00f3n NA-NY\",\"@id\":\"https:\/\/noti-america.com\/site\/mexico\/#\/schema\/person\/db5a6527aaddfc34b3753d557a1292f0\"},\"headline\":\"\u00bfC\u00f3mo ver en M\u00e9xico el eclipse total de Luna del 20 de enero?\",\"datePublished\":\"2019-01-17T04:01:35+00:00\",\"mainEntityOfPage\":{\"@id\":\"https:\/\/noti-america.com\/site\/mexico\/2019\/01\/17\/como-ver-en-mexico-el-eclipse-total-de-luna-del-20-de-enero\/\"},\"wordCount\":279,\"commentCount\":0,\"publisher\":{\"@id\":\"https:\/\/noti-america.com\/site\/mexico\/#organization\"},\"image\":{\"@id\":\"https:\/\/noti-america.com\/site\/mexico\/2019\/01\/17\/como-ver-en-mexico-el-eclipse-total-de-luna-del-20-de-enero\/#primaryimage\"},\"thumbnailUrl\":\"https:\/\/noti-america.com\/site\/mexico\/wp-content\/uploads\/sites\/13\/2019\/01\/164755-Principal.jpg\",\"keywords\":[\"\u00bfC\u00f3mo ver en M\u00e9xico el eclipse total de Luna del 20 de enero?\"],\"articleSection\":[\"Uncategorized\"],\"inLanguage\":\"es\",\"potentialAction\":[{\"@type\":\"CommentAction\",\"name\":\"Comment\",\"target\":[\"https:\/\/noti-america.com\/site\/mexico\/2019\/01\/17\/como-ver-en-mexico-el-eclipse-total-de-luna-del-20-de-enero\/#respond\"]}]},{\"@type\":\"WebPage\",\"@id\":\"https:\/\/noti-america.com\/site\/mexico\/2019\/01\/17\/como-ver-en-mexico-el-eclipse-total-de-luna-del-20-de-enero\/\",\"url\":\"https:\/\/noti-america.com\/site\/mexico\/2019\/01\/17\/como-ver-en-mexico-el-eclipse-total-de-luna-del-20-de-enero\/\",\"name\":\"\u00bfC\u00f3mo ver en M\u00e9xico el eclipse total de Luna del 20 de enero? - M\u00e9xico\",\"isPartOf\":{\"@id\":\"https:\/\/noti-america.com\/site\/mexico\/#website\"},\"primaryImageOfPage\":{\"@id\":\"https:\/\/noti-america.com\/site\/mexico\/2019\/01\/17\/como-ver-en-mexico-el-eclipse-total-de-luna-del-20-de-enero\/#primaryimage\"},\"image\":{\"@id\":\"https:\/\/noti-america.com\/site\/mexico\/2019\/01\/17\/como-ver-en-mexico-el-eclipse-total-de-luna-del-20-de-enero\/#primaryimage\"},\"thumbnailUrl\":\"https:\/\/noti-america.com\/site\/mexico\/wp-content\/uploads\/sites\/13\/2019\/01\/164755-Principal.jpg\",\"datePublished\":\"2019-01-17T04:01:35+00:00\",\"breadcrumb\":{\"@id\":\"https:\/\/noti-america.com\/site\/mexico\/2019\/01\/17\/como-ver-en-mexico-el-eclipse-total-de-luna-del-20-de-enero\/#breadcrumb\"},\"inLanguage\":\"es\",\"potentialAction\":[{\"@type\":\"ReadAction\",\"target\":[\"https:\/\/noti-america.com\/site\/mexico\/2019\/01\/17\/como-ver-en-mexico-el-eclipse-total-de-luna-del-20-de-enero\/\"]}]},{\"@type\":\"ImageObject\",\"inLanguage\":\"es\",\"@id\":\"https:\/\/noti-america.com\/site\/mexico\/2019\/01\/17\/como-ver-en-mexico-el-eclipse-total-de-luna-del-20-de-enero\/#primaryimage\",\"url\":\"https:\/\/noti-america.com\/site\/mexico\/wp-content\/uploads\/sites\/13\/2019\/01\/164755-Principal.jpg\",\"contentUrl\":\"https:\/\/noti-america.com\/site\/mexico\/wp-content\/uploads\/sites\/13\/2019\/01\/164755-Principal.jpg\",\"width\":750,\"height\":450},{\"@type\":\"BreadcrumbList\",\"@id\":\"https:\/\/noti-america.com\/site\/mexico\/2019\/01\/17\/como-ver-en-mexico-el-eclipse-total-de-luna-del-20-de-enero\/#breadcrumb\",\"itemListElement\":[{\"@type\":\"ListItem\",\"position\":1,\"name\":\"Portada\",\"item\":\"https:\/\/noti-america.com\/site\/mexico\/\"},{\"@type\":\"ListItem\",\"position\":2,\"name\":\"\u00bfC\u00f3mo ver en M\u00e9xico el eclipse total de Luna del 20 de enero?\"}]},{\"@type\":\"WebSite\",\"@id\":\"https:\/\/noti-america.com\/site\/mexico\/#website\",\"url\":\"https:\/\/noti-america.com\/site\/mexico\/\",\"name\":\"M\u00e9xico | Noti-America.com\",\"description\":\"\",\"publisher\":{\"@id\":\"https:\/\/noti-america.com\/site\/mexico\/#organization\"},\"potentialAction\":[{\"@type\":\"SearchAction\",\"target\":{\"@type\":\"EntryPoint\",\"urlTemplate\":\"https:\/\/noti-america.com\/site\/mexico\/?s={search_term_string}\"},\"query-input\":{\"@type\":\"PropertyValueSpecification\",\"valueRequired\":true,\"valueName\":\"search_term_string\"}}],\"inLanguage\":\"es\"},{\"@type\":\"Organization\",\"@id\":\"https:\/\/noti-america.com\/site\/mexico\/#organization\",\"name\":\"Noti-America LLC | M\u00e9xico\",\"url\":\"https:\/\/noti-america.com\/site\/mexico\/\",\"logo\":{\"@type\":\"ImageObject\",\"inLanguage\":\"es\",\"@id\":\"https:\/\/noti-america.com\/site\/mexico\/#\/schema\/logo\/image\/\",\"url\":\"https:\/\/noti-america.com\/site\/mexico\/wp-content\/uploads\/sites\/13\/2020\/07\/LogoNA-4x3-1.jpg\",\"contentUrl\":\"https:\/\/noti-america.com\/site\/mexico\/wp-content\/uploads\/sites\/13\/2020\/07\/LogoNA-4x3-1.jpg\",\"width\":1236,\"height\":1080,\"caption\":\"Noti-America LLC | M\u00e9xico\"},\"image\":{\"@id\":\"https:\/\/noti-america.com\/site\/mexico\/#\/schema\/logo\/image\/\"}},{\"@type\":\"Person\",\"@id\":\"https:\/\/noti-america.com\/site\/mexico\/#\/schema\/person\/db5a6527aaddfc34b3753d557a1292f0\",\"name\":\"Redacci\u00f3n NA-NY\",\"image\":{\"@type\":\"ImageObject\",\"inLanguage\":\"es\",\"@id\":\"https:\/\/secure.gravatar.com\/avatar\/2bd75bb500a8deb1390f777293a9af32d934c46613d2fbac7cceb2aaa2679ae8?s=96&d=mm&r=g\",\"url\":\"https:\/\/secure.gravatar.com\/avatar\/2bd75bb500a8deb1390f777293a9af32d934c46613d2fbac7cceb2aaa2679ae8?s=96&d=mm&r=g\",\"contentUrl\":\"https:\/\/secure.gravatar.com\/avatar\/2bd75bb500a8deb1390f777293a9af32d934c46613d2fbac7cceb2aaa2679ae8?s=96&d=mm&r=g\",\"caption\":\"Redacci\u00f3n NA-NY\"},\"url\":\"https:\/\/noti-america.com\/site\/mexico\/author\/redaccionny\/\"}]}<\/script>\n<!-- \/ Yoast SEO Premium plugin. -->","yoast_head_json":{"title":"\u00bfC\u00f3mo ver en M\u00e9xico el eclipse total de Luna del 20 de enero? - M\u00e9xico","robots":{"index":"index","follow":"follow","max-snippet":"max-snippet:-1","max-image-preview":"max-image-preview:large","max-video-preview":"max-video-preview:-1"},"canonical":"https:\/\/noti-america.com\/site\/mexico\/2019\/01\/17\/como-ver-en-mexico-el-eclipse-total-de-luna-del-20-de-enero\/","og_locale":"es_ES","og_type":"article","og_title":"\u00bfC\u00f3mo ver en M\u00e9xico el eclipse total de Luna del 20 de enero?","og_description":"Fuente:\u00a0\u00a0https:\/\/www.unotv.com\/noticias &nbsp; El pr\u00f3ximo\u00a0domingo 20 de enero\u00a0se podr\u00e1 observar desde\u00a0M\u00e9xico\u00a0un\u00a0eclipse total\u00a0de\u00a0Luna\u00a0que se extender\u00e1 hasta las\u00a0primeras horas\u00a0del\u00a0lunes 21 de enero. Ra\u00fal M\u00fajica Garc\u00eda, responsable de\u00a0Divulgaci\u00f3n y Comunicaci\u00f3n\u00a0del\u00a0Instituto Nacional de Astrof\u00edsica, \u00d3ptica y Electr\u00f3nica\u00a0(INAOE),\u00a0 se\u00f1al\u00f3 que&#46;&#46;&#46;","og_url":"https:\/\/noti-america.com\/site\/mexico\/2019\/01\/17\/como-ver-en-mexico-el-eclipse-total-de-luna-del-20-de-enero\/","og_site_name":"M\u00e9xico","article_published_time":"2019-01-17T04:01:35+00:00","og_image":[{"width":750,"height":450,"url":"https:\/\/noti-america.com\/site\/mexico\/wp-content\/uploads\/sites\/13\/2019\/01\/164755-Principal.jpg","type":"image\/jpeg"}],"author":"Redacci\u00f3n NA-NY","twitter_card":"summary_large_image","twitter_misc":{"Escrito por":"Redacci\u00f3n NA-NY","Tiempo estimado de lectura":"1 minuto"},"schema":{"@context":"https:\/\/schema.org","@graph":[{"@type":"Article","@id":"https:\/\/noti-america.com\/site\/mexico\/2019\/01\/17\/como-ver-en-mexico-el-eclipse-total-de-luna-del-20-de-enero\/#article","isPartOf":{"@id":"https:\/\/noti-america.com\/site\/mexico\/2019\/01\/17\/como-ver-en-mexico-el-eclipse-total-de-luna-del-20-de-enero\/"},"author":{"name":"Redacci\u00f3n NA-NY","@id":"https:\/\/noti-america.com\/site\/mexico\/#\/schema\/person\/db5a6527aaddfc34b3753d557a1292f0"},"headline":"\u00bfC\u00f3mo ver en M\u00e9xico el eclipse total de Luna del 20 de enero?","datePublished":"2019-01-17T04:01:35+00:00","mainEntityOfPage":{"@id":"https:\/\/noti-america.com\/site\/mexico\/2019\/01\/17\/como-ver-en-mexico-el-eclipse-total-de-luna-del-20-de-enero\/"},"wordCount":279,"commentCount":0,"publisher":{"@id":"https:\/\/noti-america.com\/site\/mexico\/#organization"},"image":{"@id":"https:\/\/noti-america.com\/site\/mexico\/2019\/01\/17\/como-ver-en-mexico-el-eclipse-total-de-luna-del-20-de-enero\/#primaryimage"},"thumbnailUrl":"https:\/\/noti-america.com\/site\/mexico\/wp-content\/uploads\/sites\/13\/2019\/01\/164755-Principal.jpg","keywords":["\u00bfC\u00f3mo ver en M\u00e9xico el eclipse total de Luna del 20 de enero?"],"articleSection":["Uncategorized"],"inLanguage":"es","potentialAction":[{"@type":"CommentAction","name":"Comment","target":["https:\/\/noti-america.com\/site\/mexico\/2019\/01\/17\/como-ver-en-mexico-el-eclipse-total-de-luna-del-20-de-enero\/#respond"]}]},{"@type":"WebPage","@id":"https:\/\/noti-america.com\/site\/mexico\/2019\/01\/17\/como-ver-en-mexico-el-eclipse-total-de-luna-del-20-de-enero\/","url":"https:\/\/noti-america.com\/site\/mexico\/2019\/01\/17\/como-ver-en-mexico-el-eclipse-total-de-luna-del-20-de-enero\/","name":"\u00bfC\u00f3mo ver en M\u00e9xico el eclipse total de Luna del 20 de enero? - M\u00e9xico","isPartOf":{"@id":"https:\/\/noti-america.com\/site\/mexico\/#website"},"primaryImageOfPage":{"@id":"https:\/\/noti-america.com\/site\/mexico\/2019\/01\/17\/como-ver-en-mexico-el-eclipse-total-de-luna-del-20-de-enero\/#primaryimage"},"image":{"@id":"https:\/\/noti-america.com\/site\/mexico\/2019\/01\/17\/como-ver-en-mexico-el-eclipse-total-de-luna-del-20-de-enero\/#primaryimage"},"thumbnailUrl":"https:\/\/noti-america.com\/site\/mexico\/wp-content\/uploads\/sites\/13\/2019\/01\/164755-Principal.jpg","datePublished":"2019-01-17T04:01:35+00:00","breadcrumb":{"@id":"https:\/\/noti-america.com\/site\/mexico\/2019\/01\/17\/como-ver-en-mexico-el-eclipse-total-de-luna-del-20-de-enero\/#breadcrumb"},"inLanguage":"es","potentialAction":[{"@type":"ReadAction","target":["https:\/\/noti-america.com\/site\/mexico\/2019\/01\/17\/como-ver-en-mexico-el-eclipse-total-de-luna-del-20-de-enero\/"]}]},{"@type":"ImageObject","inLanguage":"es","@id":"https:\/\/noti-america.com\/site\/mexico\/2019\/01\/17\/como-ver-en-mexico-el-eclipse-total-de-luna-del-20-de-enero\/#primaryimage","url":"https:\/\/noti-america.com\/site\/mexico\/wp-content\/uploads\/sites\/13\/2019\/01\/164755-Principal.jpg","contentUrl":"https:\/\/noti-america.com\/site\/mexico\/wp-content\/uploads\/sites\/13\/2019\/01\/164755-Principal.jpg","width":750,"height":450},{"@type":"BreadcrumbList","@id":"https:\/\/noti-america.com\/site\/mexico\/2019\/01\/17\/como-ver-en-mexico-el-eclipse-total-de-luna-del-20-de-enero\/#breadcrumb","itemListElement":[{"@type":"ListItem","position":1,"name":"Portada","item":"https:\/\/noti-america.com\/site\/mexico\/"},{"@type":"ListItem","position":2,"name":"\u00bfC\u00f3mo ver en M\u00e9xico el eclipse total de Luna del 20 de enero?"}]},{"@type":"WebSite","@id":"https:\/\/noti-america.com\/site\/mexico\/#website","url":"https:\/\/noti-america.com\/site\/mexico\/","name":"M\u00e9xico | Noti-America.com","description":"","publisher":{"@id":"https:\/\/noti-america.com\/site\/mexico\/#organization"},"potentialAction":[{"@type":"SearchAction","target":{"@type":"EntryPoint","urlTemplate":"https:\/\/noti-america.com\/site\/mexico\/?s={search_term_string}"},"query-input":{"@type":"PropertyValueSpecification","valueRequired":true,"valueName":"search_term_string"}}],"inLanguage":"es"},{"@type":"Organization","@id":"https:\/\/noti-america.com\/site\/mexico\/#organization","name":"Noti-America LLC | M\u00e9xico","url":"https:\/\/noti-america.com\/site\/mexico\/","logo":{"@type":"ImageObject","inLanguage":"es","@id":"https:\/\/noti-america.com\/site\/mexico\/#\/schema\/logo\/image\/","url":"https:\/\/noti-america.com\/site\/mexico\/wp-content\/uploads\/sites\/13\/2020\/07\/LogoNA-4x3-1.jpg","contentUrl":"https:\/\/noti-america.com\/site\/mexico\/wp-content\/uploads\/sites\/13\/2020\/07\/LogoNA-4x3-1.jpg","width":1236,"height":1080,"caption":"Noti-America LLC | M\u00e9xico"},"image":{"@id":"https:\/\/noti-america.com\/site\/mexico\/#\/schema\/logo\/image\/"}},{"@type":"Person","@id":"https:\/\/noti-america.com\/site\/mexico\/#\/schema\/person\/db5a6527aaddfc34b3753d557a1292f0","name":"Redacci\u00f3n NA-NY","image":{"@type":"ImageObject","inLanguage":"es","@id":"https:\/\/secure.gravatar.com\/avatar\/2bd75bb500a8deb1390f777293a9af32d934c46613d2fbac7cceb2aaa2679ae8?s=96&d=mm&r=g","url":"https:\/\/secure.gravatar.com\/avatar\/2bd75bb500a8deb1390f777293a9af32d934c46613d2fbac7cceb2aaa2679ae8?s=96&d=mm&r=g","contentUrl":"https:\/\/secure.gravatar.com\/avatar\/2bd75bb500a8deb1390f777293a9af32d934c46613d2fbac7cceb2aaa2679ae8?s=96&d=mm&r=g","caption":"Redacci\u00f3n NA-NY"},"url":"https:\/\/noti-america.com\/site\/mexico\/author\/redaccionny\/"}]}},"_links":{"self":[{"href":"https:\/\/noti-america.com\/site\/mexico\/wp-json\/wp\/v2\/posts\/2556","targetHints":{"allow":["GET"]}}],"collection":[{"href":"https:\/\/noti-america.com\/site\/mexico\/wp-json\/wp\/v2\/posts"}],"about":[{"href":"https:\/\/noti-america.com\/site\/mexico\/wp-json\/wp\/v2\/types\/post"}],"author":[{"embeddable":true,"href":"https:\/\/noti-america.com\/site\/mexico\/wp-json\/wp\/v2\/users\/28"}],"replies":[{"embeddable":true,"href":"https:\/\/noti-america.com\/site\/mexico\/wp-json\/wp\/v2\/comments?post=2556"}],"version-history":[{"count":1,"href":"https:\/\/noti-america.com\/site\/mexico\/wp-json\/wp\/v2\/posts\/2556\/revisions"}],"predecessor-version":[{"id":2558,"href":"https:\/\/noti-america.com\/site\/mexico\/wp-json\/wp\/v2\/posts\/2556\/revisions\/2558"}],"wp:featuredmedia":[{"embeddable":true,"href":"https:\/\/noti-america.com\/site\/mexico\/wp-json\/wp\/v2\/media\/2557"}],"wp:attachment":[{"href":"https:\/\/noti-america.com\/site\/mexico\/wp-json\/wp\/v2\/media?parent=2556"}],"wp:term":[{"taxonomy":"category","embeddable":true,"href":"https:\/\/noti-america.com\/site\/mexico\/wp-json\/wp\/v2\/categories?post=2556"},{"taxonomy":"post_tag","embeddable":true,"href":"https:\/\/noti-america.com\/site\/mexico\/wp-json\/wp\/v2\/tags?post=2556"}],"curies":[{"name":"wp","href":"https:\/\/api.w.org\/{rel}","templated":true}]}}