{"id":2524,"date":"2019-01-16T03:41:52","date_gmt":"2019-01-16T03:41:52","guid":{"rendered":"http:\/\/noti-america.com\/site\/mexico\/?p=2524"},"modified":"2019-01-16T03:41:52","modified_gmt":"2019-01-16T03:41:52","slug":"rescatan-a-hombre-que-cayo-a-canal-en-xochimilco-buscan-a-uno-mas","status":"publish","type":"post","link":"https:\/\/noti-america.com\/site\/mexico\/2019\/01\/16\/rescatan-a-hombre-que-cayo-a-canal-en-xochimilco-buscan-a-uno-mas\/","title":{"rendered":"Rescatan a hombre que cay\u00f3 a canal en Xochimilco; buscan a uno m\u00e1s"},"content":{"rendered":"<p><img loading=\"lazy\" decoding=\"async\" class=\"alignnone  wp-image-2525 aligncenter\" src=\"http:\/\/noti-america.com\/site\/mexico\/wp-content\/uploads\/sites\/13\/2019\/01\/2081729-300x225.jpg\" alt=\"\" width=\"479\" height=\"359\" srcset=\"https:\/\/noti-america.com\/site\/mexico\/wp-content\/uploads\/sites\/13\/2019\/01\/2081729-300x225.jpg 300w, https:\/\/noti-america.com\/site\/mexico\/wp-content\/uploads\/sites\/13\/2019\/01\/2081729.jpg 664w\" sizes=\"auto, (max-width: 479px) 100vw, 479px\" \/><\/p>\n<p>&nbsp;<\/p>\n<h3>Fuente:\u00a0\u00a0https:\/\/www.excelsior.com.mx<\/h3>\n<p>&nbsp;<\/p>\n<p>.<\/p>\n<p class=\"letter-capitular\">Un hombre fue rescatado la noche de este martes por elementos de emergencias luego de que<strong>\u00a0cay\u00f3 al canal\u00a0<\/strong>en la zona de\u00a0<strong>Barrio 18<\/strong>\u00a0en la alcald\u00eda de Xochimilco.<\/p>\n<p>Al sitio arrib\u00f3 personal de la Polic\u00eda Ribere\u00f1a, elementos del Cuerpo de Bomberos y del Escuadr\u00f3n de Rescates y Urgencias M\u00e9dicas (ERUM) quienes contin\u00faan la b\u00fasqueda de una persona m\u00e1s que habr\u00eda tambi\u00e9n al canal.<\/p>\n<p><strong>Damnificados bloquean Calzada de Tlalpan<\/strong><\/p>\n<p>Versione se\u00f1alan que se trata de dos presuntos ladrones que intentaron escapar luego de una persecuci\u00f3n, lo que ocasion\u00f3 que cayeran al canal ubicado en Circuito Cuemanco y Canal de Tezhuilo.<\/p>\n<div class=\"media media-element-container media-default media-wysiwyg-align-center\"><img loading=\"lazy\" decoding=\"async\" class=\"media-element file-default aligncenter\" src=\"https:\/\/cdn2.excelsior.com.mx\/media\/inside-the-note\/pictures\/2019\/01\/15\/barrio-1.jpg\" alt=\"\" width=\"720\" height=\"540\" data-delta=\"1\" \/><\/div>\n<p>&nbsp;<\/p>\n<p>&nbsp;<\/p>\n<p>El hombre rescatado fue atendido por una ambulancia en el lugar en tanto que contin\u00faa la b\u00fasqueda<\/p>\n<p style=\"text-align: center;\">\n<p>&nbsp;<\/p>\n","protected":false},"excerpt":{"rendered":"<p>&nbsp; Fuente:\u00a0\u00a0https:\/\/www.excelsior.com.mx &nbsp; . Un hombre fue rescatado la noche de este martes por elementos de emergencias luego de que\u00a0cay\u00f3 al canal\u00a0en la zona de\u00a0Barrio 18\u00a0en la alcald\u00eda de Xochimilco. Al sitio arrib\u00f3 personal&#46;&#46;&#46;<\/p>\n","protected":false},"author":28,"featured_media":2525,"comment_status":"open","ping_status":"open","sticky":false,"template":"","format":"standard","meta":{"_acf_changed":false,"om_disable_all_campaigns":false,"rop_custom_images_group":[],"rop_custom_messages_group":[],"rop_publish_now":"initial","rop_publish_now_accounts":{"twitter_242054905_242054905":""},"rop_publish_now_history":[],"rop_publish_now_status":"pending","_uf_show_specific_survey":0,"_uf_disable_surveys":false,"footnotes":""},"categories":[1],"tags":[259],"class_list":["post-2524","post","type-post","status-publish","format-standard","has-post-thumbnail","hentry","category-uncategorized","tag-rescatan-a-hombre-que-cayo-a-canal-en-xochimilco-buscan-a-uno-mas"],"acf":[],"aioseo_notices":[],"yoast_head":"<!-- This site is optimized with the Yoast SEO Premium plugin v24.9 (Yoast SEO v27.2) - https:\/\/yoast.com\/product\/yoast-seo-premium-wordpress\/ -->\n<title>Rescatan a hombre que cay\u00f3 a canal en Xochimilco; buscan a uno m\u00e1s - M\u00e9xico<\/title>\n<meta name=\"robots\" content=\"index, follow, max-snippet:-1, max-image-preview:large, max-video-preview:-1\" \/>\n<link rel=\"canonical\" href=\"https:\/\/noti-america.com\/site\/mexico\/2019\/01\/16\/rescatan-a-hombre-que-cayo-a-canal-en-xochimilco-buscan-a-uno-mas\/\" \/>\n<meta property=\"og:locale\" content=\"es_ES\" \/>\n<meta property=\"og:type\" content=\"article\" \/>\n<meta property=\"og:title\" content=\"Rescatan a hombre que cay\u00f3 a canal en Xochimilco; buscan a uno m\u00e1s\" \/>\n<meta property=\"og:description\" content=\"&nbsp; Fuente:\u00a0\u00a0https:\/\/www.excelsior.com.mx &nbsp; . Un hombre fue rescatado la noche de este martes por elementos de emergencias luego de que\u00a0cay\u00f3 al canal\u00a0en la zona de\u00a0Barrio 18\u00a0en la alcald\u00eda de Xochimilco. Al sitio arrib\u00f3 personal&#046;&#046;&#046;\" \/>\n<meta property=\"og:url\" content=\"https:\/\/noti-america.com\/site\/mexico\/2019\/01\/16\/rescatan-a-hombre-que-cayo-a-canal-en-xochimilco-buscan-a-uno-mas\/\" \/>\n<meta property=\"og:site_name\" content=\"M\u00e9xico\" \/>\n<meta property=\"article:published_time\" content=\"2019-01-16T03:41:52+00:00\" \/>\n<meta property=\"og:image\" content=\"https:\/\/noti-america.com\/site\/mexico\/wp-content\/uploads\/sites\/13\/2019\/01\/2081729.jpg\" \/>\n\t<meta property=\"og:image:width\" content=\"664\" \/>\n\t<meta property=\"og:image:height\" content=\"498\" \/>\n\t<meta property=\"og:image:type\" content=\"image\/jpeg\" \/>\n<meta name=\"author\" content=\"Redacci\u00f3n NA-NY\" \/>\n<meta name=\"twitter:card\" content=\"summary_large_image\" \/>\n<meta name=\"twitter:label1\" content=\"Escrito por\" \/>\n\t<meta name=\"twitter:data1\" content=\"Redacci\u00f3n NA-NY\" \/>\n\t<meta name=\"twitter:label2\" content=\"Tiempo estimado de lectura\" \/>\n\t<meta name=\"twitter:data2\" content=\"1 minuto\" \/>\n<script type=\"application\/ld+json\" class=\"yoast-schema-graph\">{\"@context\":\"https:\/\/schema.org\",\"@graph\":[{\"@type\":\"Article\",\"@id\":\"https:\/\/noti-america.com\/site\/mexico\/2019\/01\/16\/rescatan-a-hombre-que-cayo-a-canal-en-xochimilco-buscan-a-uno-mas\/#article\",\"isPartOf\":{\"@id\":\"https:\/\/noti-america.com\/site\/mexico\/2019\/01\/16\/rescatan-a-hombre-que-cayo-a-canal-en-xochimilco-buscan-a-uno-mas\/\"},\"author\":{\"name\":\"Redacci\u00f3n NA-NY\",\"@id\":\"https:\/\/noti-america.com\/site\/mexico\/#\/schema\/person\/db5a6527aaddfc34b3753d557a1292f0\"},\"headline\":\"Rescatan a hombre que cay\u00f3 a canal en Xochimilco; buscan a uno m\u00e1s\",\"datePublished\":\"2019-01-16T03:41:52+00:00\",\"mainEntityOfPage\":{\"@id\":\"https:\/\/noti-america.com\/site\/mexico\/2019\/01\/16\/rescatan-a-hombre-que-cayo-a-canal-en-xochimilco-buscan-a-uno-mas\/\"},\"wordCount\":156,\"commentCount\":0,\"publisher\":{\"@id\":\"https:\/\/noti-america.com\/site\/mexico\/#organization\"},\"image\":{\"@id\":\"https:\/\/noti-america.com\/site\/mexico\/2019\/01\/16\/rescatan-a-hombre-que-cayo-a-canal-en-xochimilco-buscan-a-uno-mas\/#primaryimage\"},\"thumbnailUrl\":\"https:\/\/noti-america.com\/site\/mexico\/wp-content\/uploads\/sites\/13\/2019\/01\/2081729.jpg\",\"keywords\":[\"Rescatan a hombre que cay\u00f3 a canal en Xochimilco; buscan a uno m\u00e1s\"],\"articleSection\":[\"Uncategorized\"],\"inLanguage\":\"es\",\"potentialAction\":[{\"@type\":\"CommentAction\",\"name\":\"Comment\",\"target\":[\"https:\/\/noti-america.com\/site\/mexico\/2019\/01\/16\/rescatan-a-hombre-que-cayo-a-canal-en-xochimilco-buscan-a-uno-mas\/#respond\"]}]},{\"@type\":\"WebPage\",\"@id\":\"https:\/\/noti-america.com\/site\/mexico\/2019\/01\/16\/rescatan-a-hombre-que-cayo-a-canal-en-xochimilco-buscan-a-uno-mas\/\",\"url\":\"https:\/\/noti-america.com\/site\/mexico\/2019\/01\/16\/rescatan-a-hombre-que-cayo-a-canal-en-xochimilco-buscan-a-uno-mas\/\",\"name\":\"Rescatan a hombre que cay\u00f3 a canal en Xochimilco; buscan a uno m\u00e1s - M\u00e9xico\",\"isPartOf\":{\"@id\":\"https:\/\/noti-america.com\/site\/mexico\/#website\"},\"primaryImageOfPage\":{\"@id\":\"https:\/\/noti-america.com\/site\/mexico\/2019\/01\/16\/rescatan-a-hombre-que-cayo-a-canal-en-xochimilco-buscan-a-uno-mas\/#primaryimage\"},\"image\":{\"@id\":\"https:\/\/noti-america.com\/site\/mexico\/2019\/01\/16\/rescatan-a-hombre-que-cayo-a-canal-en-xochimilco-buscan-a-uno-mas\/#primaryimage\"},\"thumbnailUrl\":\"https:\/\/noti-america.com\/site\/mexico\/wp-content\/uploads\/sites\/13\/2019\/01\/2081729.jpg\",\"datePublished\":\"2019-01-16T03:41:52+00:00\",\"breadcrumb\":{\"@id\":\"https:\/\/noti-america.com\/site\/mexico\/2019\/01\/16\/rescatan-a-hombre-que-cayo-a-canal-en-xochimilco-buscan-a-uno-mas\/#breadcrumb\"},\"inLanguage\":\"es\",\"potentialAction\":[{\"@type\":\"ReadAction\",\"target\":[\"https:\/\/noti-america.com\/site\/mexico\/2019\/01\/16\/rescatan-a-hombre-que-cayo-a-canal-en-xochimilco-buscan-a-uno-mas\/\"]}]},{\"@type\":\"ImageObject\",\"inLanguage\":\"es\",\"@id\":\"https:\/\/noti-america.com\/site\/mexico\/2019\/01\/16\/rescatan-a-hombre-que-cayo-a-canal-en-xochimilco-buscan-a-uno-mas\/#primaryimage\",\"url\":\"https:\/\/noti-america.com\/site\/mexico\/wp-content\/uploads\/sites\/13\/2019\/01\/2081729.jpg\",\"contentUrl\":\"https:\/\/noti-america.com\/site\/mexico\/wp-content\/uploads\/sites\/13\/2019\/01\/2081729.jpg\",\"width\":664,\"height\":498},{\"@type\":\"BreadcrumbList\",\"@id\":\"https:\/\/noti-america.com\/site\/mexico\/2019\/01\/16\/rescatan-a-hombre-que-cayo-a-canal-en-xochimilco-buscan-a-uno-mas\/#breadcrumb\",\"itemListElement\":[{\"@type\":\"ListItem\",\"position\":1,\"name\":\"Portada\",\"item\":\"https:\/\/noti-america.com\/site\/mexico\/\"},{\"@type\":\"ListItem\",\"position\":2,\"name\":\"Rescatan a hombre que cay\u00f3 a canal en Xochimilco; buscan a uno m\u00e1s\"}]},{\"@type\":\"WebSite\",\"@id\":\"https:\/\/noti-america.com\/site\/mexico\/#website\",\"url\":\"https:\/\/noti-america.com\/site\/mexico\/\",\"name\":\"M\u00e9xico | Noti-America.com\",\"description\":\"\",\"publisher\":{\"@id\":\"https:\/\/noti-america.com\/site\/mexico\/#organization\"},\"potentialAction\":[{\"@type\":\"SearchAction\",\"target\":{\"@type\":\"EntryPoint\",\"urlTemplate\":\"https:\/\/noti-america.com\/site\/mexico\/?s={search_term_string}\"},\"query-input\":{\"@type\":\"PropertyValueSpecification\",\"valueRequired\":true,\"valueName\":\"search_term_string\"}}],\"inLanguage\":\"es\"},{\"@type\":\"Organization\",\"@id\":\"https:\/\/noti-america.com\/site\/mexico\/#organization\",\"name\":\"Noti-America LLC | M\u00e9xico\",\"url\":\"https:\/\/noti-america.com\/site\/mexico\/\",\"logo\":{\"@type\":\"ImageObject\",\"inLanguage\":\"es\",\"@id\":\"https:\/\/noti-america.com\/site\/mexico\/#\/schema\/logo\/image\/\",\"url\":\"https:\/\/noti-america.com\/site\/mexico\/wp-content\/uploads\/sites\/13\/2020\/07\/LogoNA-4x3-1.jpg\",\"contentUrl\":\"https:\/\/noti-america.com\/site\/mexico\/wp-content\/uploads\/sites\/13\/2020\/07\/LogoNA-4x3-1.jpg\",\"width\":1236,\"height\":1080,\"caption\":\"Noti-America LLC | M\u00e9xico\"},\"image\":{\"@id\":\"https:\/\/noti-america.com\/site\/mexico\/#\/schema\/logo\/image\/\"}},{\"@type\":\"Person\",\"@id\":\"https:\/\/noti-america.com\/site\/mexico\/#\/schema\/person\/db5a6527aaddfc34b3753d557a1292f0\",\"name\":\"Redacci\u00f3n NA-NY\",\"image\":{\"@type\":\"ImageObject\",\"inLanguage\":\"es\",\"@id\":\"https:\/\/secure.gravatar.com\/avatar\/2bd75bb500a8deb1390f777293a9af32d934c46613d2fbac7cceb2aaa2679ae8?s=96&d=mm&r=g\",\"url\":\"https:\/\/secure.gravatar.com\/avatar\/2bd75bb500a8deb1390f777293a9af32d934c46613d2fbac7cceb2aaa2679ae8?s=96&d=mm&r=g\",\"contentUrl\":\"https:\/\/secure.gravatar.com\/avatar\/2bd75bb500a8deb1390f777293a9af32d934c46613d2fbac7cceb2aaa2679ae8?s=96&d=mm&r=g\",\"caption\":\"Redacci\u00f3n NA-NY\"},\"url\":\"https:\/\/noti-america.com\/site\/mexico\/author\/redaccionny\/\"}]}<\/script>\n<!-- \/ Yoast SEO Premium plugin. -->","yoast_head_json":{"title":"Rescatan a hombre que cay\u00f3 a canal en Xochimilco; buscan a uno m\u00e1s - M\u00e9xico","robots":{"index":"index","follow":"follow","max-snippet":"max-snippet:-1","max-image-preview":"max-image-preview:large","max-video-preview":"max-video-preview:-1"},"canonical":"https:\/\/noti-america.com\/site\/mexico\/2019\/01\/16\/rescatan-a-hombre-que-cayo-a-canal-en-xochimilco-buscan-a-uno-mas\/","og_locale":"es_ES","og_type":"article","og_title":"Rescatan a hombre que cay\u00f3 a canal en Xochimilco; buscan a uno m\u00e1s","og_description":"&nbsp; Fuente:\u00a0\u00a0https:\/\/www.excelsior.com.mx &nbsp; . Un hombre fue rescatado la noche de este martes por elementos de emergencias luego de que\u00a0cay\u00f3 al canal\u00a0en la zona de\u00a0Barrio 18\u00a0en la alcald\u00eda de Xochimilco. Al sitio arrib\u00f3 personal&#46;&#46;&#46;","og_url":"https:\/\/noti-america.com\/site\/mexico\/2019\/01\/16\/rescatan-a-hombre-que-cayo-a-canal-en-xochimilco-buscan-a-uno-mas\/","og_site_name":"M\u00e9xico","article_published_time":"2019-01-16T03:41:52+00:00","og_image":[{"width":664,"height":498,"url":"https:\/\/noti-america.com\/site\/mexico\/wp-content\/uploads\/sites\/13\/2019\/01\/2081729.jpg","type":"image\/jpeg"}],"author":"Redacci\u00f3n NA-NY","twitter_card":"summary_large_image","twitter_misc":{"Escrito por":"Redacci\u00f3n NA-NY","Tiempo estimado de lectura":"1 minuto"},"schema":{"@context":"https:\/\/schema.org","@graph":[{"@type":"Article","@id":"https:\/\/noti-america.com\/site\/mexico\/2019\/01\/16\/rescatan-a-hombre-que-cayo-a-canal-en-xochimilco-buscan-a-uno-mas\/#article","isPartOf":{"@id":"https:\/\/noti-america.com\/site\/mexico\/2019\/01\/16\/rescatan-a-hombre-que-cayo-a-canal-en-xochimilco-buscan-a-uno-mas\/"},"author":{"name":"Redacci\u00f3n NA-NY","@id":"https:\/\/noti-america.com\/site\/mexico\/#\/schema\/person\/db5a6527aaddfc34b3753d557a1292f0"},"headline":"Rescatan a hombre que cay\u00f3 a canal en Xochimilco; buscan a uno m\u00e1s","datePublished":"2019-01-16T03:41:52+00:00","mainEntityOfPage":{"@id":"https:\/\/noti-america.com\/site\/mexico\/2019\/01\/16\/rescatan-a-hombre-que-cayo-a-canal-en-xochimilco-buscan-a-uno-mas\/"},"wordCount":156,"commentCount":0,"publisher":{"@id":"https:\/\/noti-america.com\/site\/mexico\/#organization"},"image":{"@id":"https:\/\/noti-america.com\/site\/mexico\/2019\/01\/16\/rescatan-a-hombre-que-cayo-a-canal-en-xochimilco-buscan-a-uno-mas\/#primaryimage"},"thumbnailUrl":"https:\/\/noti-america.com\/site\/mexico\/wp-content\/uploads\/sites\/13\/2019\/01\/2081729.jpg","keywords":["Rescatan a hombre que cay\u00f3 a canal en Xochimilco; buscan a uno m\u00e1s"],"articleSection":["Uncategorized"],"inLanguage":"es","potentialAction":[{"@type":"CommentAction","name":"Comment","target":["https:\/\/noti-america.com\/site\/mexico\/2019\/01\/16\/rescatan-a-hombre-que-cayo-a-canal-en-xochimilco-buscan-a-uno-mas\/#respond"]}]},{"@type":"WebPage","@id":"https:\/\/noti-america.com\/site\/mexico\/2019\/01\/16\/rescatan-a-hombre-que-cayo-a-canal-en-xochimilco-buscan-a-uno-mas\/","url":"https:\/\/noti-america.com\/site\/mexico\/2019\/01\/16\/rescatan-a-hombre-que-cayo-a-canal-en-xochimilco-buscan-a-uno-mas\/","name":"Rescatan a hombre que cay\u00f3 a canal en Xochimilco; buscan a uno m\u00e1s - M\u00e9xico","isPartOf":{"@id":"https:\/\/noti-america.com\/site\/mexico\/#website"},"primaryImageOfPage":{"@id":"https:\/\/noti-america.com\/site\/mexico\/2019\/01\/16\/rescatan-a-hombre-que-cayo-a-canal-en-xochimilco-buscan-a-uno-mas\/#primaryimage"},"image":{"@id":"https:\/\/noti-america.com\/site\/mexico\/2019\/01\/16\/rescatan-a-hombre-que-cayo-a-canal-en-xochimilco-buscan-a-uno-mas\/#primaryimage"},"thumbnailUrl":"https:\/\/noti-america.com\/site\/mexico\/wp-content\/uploads\/sites\/13\/2019\/01\/2081729.jpg","datePublished":"2019-01-16T03:41:52+00:00","breadcrumb":{"@id":"https:\/\/noti-america.com\/site\/mexico\/2019\/01\/16\/rescatan-a-hombre-que-cayo-a-canal-en-xochimilco-buscan-a-uno-mas\/#breadcrumb"},"inLanguage":"es","potentialAction":[{"@type":"ReadAction","target":["https:\/\/noti-america.com\/site\/mexico\/2019\/01\/16\/rescatan-a-hombre-que-cayo-a-canal-en-xochimilco-buscan-a-uno-mas\/"]}]},{"@type":"ImageObject","inLanguage":"es","@id":"https:\/\/noti-america.com\/site\/mexico\/2019\/01\/16\/rescatan-a-hombre-que-cayo-a-canal-en-xochimilco-buscan-a-uno-mas\/#primaryimage","url":"https:\/\/noti-america.com\/site\/mexico\/wp-content\/uploads\/sites\/13\/2019\/01\/2081729.jpg","contentUrl":"https:\/\/noti-america.com\/site\/mexico\/wp-content\/uploads\/sites\/13\/2019\/01\/2081729.jpg","width":664,"height":498},{"@type":"BreadcrumbList","@id":"https:\/\/noti-america.com\/site\/mexico\/2019\/01\/16\/rescatan-a-hombre-que-cayo-a-canal-en-xochimilco-buscan-a-uno-mas\/#breadcrumb","itemListElement":[{"@type":"ListItem","position":1,"name":"Portada","item":"https:\/\/noti-america.com\/site\/mexico\/"},{"@type":"ListItem","position":2,"name":"Rescatan a hombre que cay\u00f3 a canal en Xochimilco; buscan a uno m\u00e1s"}]},{"@type":"WebSite","@id":"https:\/\/noti-america.com\/site\/mexico\/#website","url":"https:\/\/noti-america.com\/site\/mexico\/","name":"M\u00e9xico | Noti-America.com","description":"","publisher":{"@id":"https:\/\/noti-america.com\/site\/mexico\/#organization"},"potentialAction":[{"@type":"SearchAction","target":{"@type":"EntryPoint","urlTemplate":"https:\/\/noti-america.com\/site\/mexico\/?s={search_term_string}"},"query-input":{"@type":"PropertyValueSpecification","valueRequired":true,"valueName":"search_term_string"}}],"inLanguage":"es"},{"@type":"Organization","@id":"https:\/\/noti-america.com\/site\/mexico\/#organization","name":"Noti-America LLC | M\u00e9xico","url":"https:\/\/noti-america.com\/site\/mexico\/","logo":{"@type":"ImageObject","inLanguage":"es","@id":"https:\/\/noti-america.com\/site\/mexico\/#\/schema\/logo\/image\/","url":"https:\/\/noti-america.com\/site\/mexico\/wp-content\/uploads\/sites\/13\/2020\/07\/LogoNA-4x3-1.jpg","contentUrl":"https:\/\/noti-america.com\/site\/mexico\/wp-content\/uploads\/sites\/13\/2020\/07\/LogoNA-4x3-1.jpg","width":1236,"height":1080,"caption":"Noti-America LLC | M\u00e9xico"},"image":{"@id":"https:\/\/noti-america.com\/site\/mexico\/#\/schema\/logo\/image\/"}},{"@type":"Person","@id":"https:\/\/noti-america.com\/site\/mexico\/#\/schema\/person\/db5a6527aaddfc34b3753d557a1292f0","name":"Redacci\u00f3n NA-NY","image":{"@type":"ImageObject","inLanguage":"es","@id":"https:\/\/secure.gravatar.com\/avatar\/2bd75bb500a8deb1390f777293a9af32d934c46613d2fbac7cceb2aaa2679ae8?s=96&d=mm&r=g","url":"https:\/\/secure.gravatar.com\/avatar\/2bd75bb500a8deb1390f777293a9af32d934c46613d2fbac7cceb2aaa2679ae8?s=96&d=mm&r=g","contentUrl":"https:\/\/secure.gravatar.com\/avatar\/2bd75bb500a8deb1390f777293a9af32d934c46613d2fbac7cceb2aaa2679ae8?s=96&d=mm&r=g","caption":"Redacci\u00f3n NA-NY"},"url":"https:\/\/noti-america.com\/site\/mexico\/author\/redaccionny\/"}]}},"_links":{"self":[{"href":"https:\/\/noti-america.com\/site\/mexico\/wp-json\/wp\/v2\/posts\/2524","targetHints":{"allow":["GET"]}}],"collection":[{"href":"https:\/\/noti-america.com\/site\/mexico\/wp-json\/wp\/v2\/posts"}],"about":[{"href":"https:\/\/noti-america.com\/site\/mexico\/wp-json\/wp\/v2\/types\/post"}],"author":[{"embeddable":true,"href":"https:\/\/noti-america.com\/site\/mexico\/wp-json\/wp\/v2\/users\/28"}],"replies":[{"embeddable":true,"href":"https:\/\/noti-america.com\/site\/mexico\/wp-json\/wp\/v2\/comments?post=2524"}],"version-history":[{"count":1,"href":"https:\/\/noti-america.com\/site\/mexico\/wp-json\/wp\/v2\/posts\/2524\/revisions"}],"predecessor-version":[{"id":2526,"href":"https:\/\/noti-america.com\/site\/mexico\/wp-json\/wp\/v2\/posts\/2524\/revisions\/2526"}],"wp:featuredmedia":[{"embeddable":true,"href":"https:\/\/noti-america.com\/site\/mexico\/wp-json\/wp\/v2\/media\/2525"}],"wp:attachment":[{"href":"https:\/\/noti-america.com\/site\/mexico\/wp-json\/wp\/v2\/media?parent=2524"}],"wp:term":[{"taxonomy":"category","embeddable":true,"href":"https:\/\/noti-america.com\/site\/mexico\/wp-json\/wp\/v2\/categories?post=2524"},{"taxonomy":"post_tag","embeddable":true,"href":"https:\/\/noti-america.com\/site\/mexico\/wp-json\/wp\/v2\/tags?post=2524"}],"curies":[{"name":"wp","href":"https:\/\/api.w.org\/{rel}","templated":true}]}}