{"id":2519,"date":"2019-01-16T03:38:03","date_gmt":"2019-01-16T03:38:03","guid":{"rendered":"http:\/\/noti-america.com\/site\/mexico\/?p=2519"},"modified":"2019-01-16T03:38:03","modified_gmt":"2019-01-16T03:38:03","slug":"se-preve-ambiente-frio-y-lluvias-muy-fuertes-en-varios-estados","status":"publish","type":"post","link":"https:\/\/noti-america.com\/site\/mexico\/2019\/01\/16\/se-preve-ambiente-frio-y-lluvias-muy-fuertes-en-varios-estados\/","title":{"rendered":"Se prev\u00e9 ambiente fr\u00edo y lluvias muy fuertes en varios estados"},"content":{"rendered":"<p><img loading=\"lazy\" decoding=\"async\" class=\"alignnone  wp-image-2520 aligncenter\" src=\"http:\/\/noti-america.com\/site\/mexico\/wp-content\/uploads\/sites\/13\/2019\/01\/2081727-300x225.jpg\" alt=\"\" width=\"521\" height=\"391\" srcset=\"https:\/\/noti-america.com\/site\/mexico\/wp-content\/uploads\/sites\/13\/2019\/01\/2081727-300x225.jpg 300w, https:\/\/noti-america.com\/site\/mexico\/wp-content\/uploads\/sites\/13\/2019\/01\/2081727.jpg 664w\" sizes=\"auto, (max-width: 521px) 100vw, 521px\" \/><\/p>\n<h3><\/h3>\n<h3>Fuente:\u00a0\u00a0https:\/\/www.excelsior.com.mx<\/h3>\n<p>&nbsp;<\/p>\n<p class=\"letter-capitular\">El Servicio Meteorol\u00f3gico Nacional (SMN) inform\u00f3 que en las pr\u00f3ximas horas se espera\u00a0ambiente fr\u00edo\u00a0en gran parte del pa\u00eds, as\u00ed como\u00a0lluvias muy fuertes\u00a0en el sur de Veracruz, Tabasco, Oaxaca y Chiapas.<\/p>\n<p>En comunicado, detall\u00f3 que tambi\u00e9n se pronostican\u00a0nublados densos\u00a0con intervalos de chubascos en el noroeste y occidente de la Rep\u00fablica Mexicana, as\u00ed como\u00a0lluvias persistentes con densos bancos de nieblas\u00a0en el noreste del pa\u00eds y precipitaciones fuertes en Quintana Roo.<\/p>\n<p>Asimismo, habr\u00e1\u00a0posibles nevadas o aguanieve\u00a0en las sierras de Baja California y Sonora, as\u00ed como\u00a0vientos fuertes con rachas superiores a 60 kil\u00f3metros por hora\u00a0en el Istmo y el Golfo de Tehuantepec.<\/p>\n<p>Destac\u00f3 que dichas condiciones son causadas por un sistema de baja presi\u00f3n de origen polar, el fuerte flujo de humedad proveniente del Oc\u00e9ano Pac\u00edfico, un canal de baja presi\u00f3n extendido sobre el sureste del pa\u00eds y la masa de aire que impuls\u00f3 al frente fr\u00edo n\u00famero 26.<\/p>\n<p>Ante tal pron\u00f3stico, el organismo dependiente de la\u00a0Comisi\u00f3n Nacional del Agua (Conagua)\u00a0recomend\u00f3 vestir ropa abrigadora, mantenerse hidratados y brindar especial atenci\u00f3n a ni\u00f1os, personas enfermas y adultos mayores.<\/p>\n<p>Para los lugares donde se pronostican\u00a0bancos de niebla y neblina, con lo que se podr\u00eda reducir la visibilidad e influir en el tr\u00e1nsito de veh\u00edculos, exhort\u00f3 a la poblaci\u00f3n a\u00a0usar adecuadamente las luces del autom\u00f3vil\u00a0y respetar los se\u00f1alamientos de tr\u00e1nsito.<\/p>\n","protected":false},"excerpt":{"rendered":"<p>Fuente:\u00a0\u00a0https:\/\/www.excelsior.com.mx &nbsp; El Servicio Meteorol\u00f3gico Nacional (SMN) inform\u00f3 que en las pr\u00f3ximas horas se espera\u00a0ambiente fr\u00edo\u00a0en gran parte del pa\u00eds, as\u00ed como\u00a0lluvias muy fuertes\u00a0en el sur de Veracruz, Tabasco, Oaxaca y Chiapas. En comunicado,&#46;&#46;&#46;<\/p>\n","protected":false},"author":28,"featured_media":2520,"comment_status":"open","ping_status":"open","sticky":false,"template":"","format":"standard","meta":{"_acf_changed":false,"om_disable_all_campaigns":false,"rop_custom_images_group":[],"rop_custom_messages_group":[],"rop_publish_now":"initial","rop_publish_now_accounts":{"twitter_242054905_242054905":""},"rop_publish_now_history":[],"rop_publish_now_status":"pending","_uf_show_specific_survey":0,"_uf_disable_surveys":false,"footnotes":""},"categories":[1],"tags":[258],"class_list":["post-2519","post","type-post","status-publish","format-standard","has-post-thumbnail","hentry","category-uncategorized","tag-se-preve-ambiente-frio-y-lluvias-muy-fuertes-en-varios-estados"],"acf":[],"aioseo_notices":[],"yoast_head":"<!-- This site is optimized with the Yoast SEO Premium plugin v24.9 (Yoast SEO v27.2) - https:\/\/yoast.com\/product\/yoast-seo-premium-wordpress\/ -->\n<title>Se prev\u00e9 ambiente fr\u00edo y lluvias muy fuertes en varios estados - M\u00e9xico<\/title>\n<meta name=\"robots\" content=\"index, follow, max-snippet:-1, max-image-preview:large, max-video-preview:-1\" \/>\n<link rel=\"canonical\" href=\"https:\/\/noti-america.com\/site\/mexico\/2019\/01\/16\/se-preve-ambiente-frio-y-lluvias-muy-fuertes-en-varios-estados\/\" \/>\n<meta property=\"og:locale\" content=\"es_ES\" \/>\n<meta property=\"og:type\" content=\"article\" \/>\n<meta property=\"og:title\" content=\"Se prev\u00e9 ambiente fr\u00edo y lluvias muy fuertes en varios estados\" \/>\n<meta property=\"og:description\" content=\"Fuente:\u00a0\u00a0https:\/\/www.excelsior.com.mx &nbsp; El Servicio Meteorol\u00f3gico Nacional (SMN) inform\u00f3 que en las pr\u00f3ximas horas se espera\u00a0ambiente fr\u00edo\u00a0en gran parte del pa\u00eds, as\u00ed como\u00a0lluvias muy fuertes\u00a0en el sur de Veracruz, Tabasco, Oaxaca y Chiapas. En comunicado,&#046;&#046;&#046;\" \/>\n<meta property=\"og:url\" content=\"https:\/\/noti-america.com\/site\/mexico\/2019\/01\/16\/se-preve-ambiente-frio-y-lluvias-muy-fuertes-en-varios-estados\/\" \/>\n<meta property=\"og:site_name\" content=\"M\u00e9xico\" \/>\n<meta property=\"article:published_time\" content=\"2019-01-16T03:38:03+00:00\" \/>\n<meta property=\"og:image\" content=\"https:\/\/noti-america.com\/site\/mexico\/wp-content\/uploads\/sites\/13\/2019\/01\/2081727.jpg\" \/>\n\t<meta property=\"og:image:width\" content=\"664\" \/>\n\t<meta property=\"og:image:height\" content=\"498\" \/>\n\t<meta property=\"og:image:type\" content=\"image\/jpeg\" \/>\n<meta name=\"author\" content=\"Redacci\u00f3n NA-NY\" \/>\n<meta name=\"twitter:card\" content=\"summary_large_image\" \/>\n<meta name=\"twitter:label1\" content=\"Escrito por\" \/>\n\t<meta name=\"twitter:data1\" content=\"Redacci\u00f3n NA-NY\" \/>\n\t<meta name=\"twitter:label2\" content=\"Tiempo estimado de lectura\" \/>\n\t<meta name=\"twitter:data2\" content=\"1 minuto\" \/>\n<script type=\"application\/ld+json\" class=\"yoast-schema-graph\">{\"@context\":\"https:\/\/schema.org\",\"@graph\":[{\"@type\":\"Article\",\"@id\":\"https:\/\/noti-america.com\/site\/mexico\/2019\/01\/16\/se-preve-ambiente-frio-y-lluvias-muy-fuertes-en-varios-estados\/#article\",\"isPartOf\":{\"@id\":\"https:\/\/noti-america.com\/site\/mexico\/2019\/01\/16\/se-preve-ambiente-frio-y-lluvias-muy-fuertes-en-varios-estados\/\"},\"author\":{\"name\":\"Redacci\u00f3n NA-NY\",\"@id\":\"https:\/\/noti-america.com\/site\/mexico\/#\/schema\/person\/db5a6527aaddfc34b3753d557a1292f0\"},\"headline\":\"Se prev\u00e9 ambiente fr\u00edo y lluvias muy fuertes en varios estados\",\"datePublished\":\"2019-01-16T03:38:03+00:00\",\"mainEntityOfPage\":{\"@id\":\"https:\/\/noti-america.com\/site\/mexico\/2019\/01\/16\/se-preve-ambiente-frio-y-lluvias-muy-fuertes-en-varios-estados\/\"},\"wordCount\":273,\"commentCount\":0,\"publisher\":{\"@id\":\"https:\/\/noti-america.com\/site\/mexico\/#organization\"},\"image\":{\"@id\":\"https:\/\/noti-america.com\/site\/mexico\/2019\/01\/16\/se-preve-ambiente-frio-y-lluvias-muy-fuertes-en-varios-estados\/#primaryimage\"},\"thumbnailUrl\":\"https:\/\/noti-america.com\/site\/mexico\/wp-content\/uploads\/sites\/13\/2019\/01\/2081727.jpg\",\"keywords\":[\"Se prev\u00e9 ambiente fr\u00edo y lluvias muy fuertes en varios estados\"],\"articleSection\":[\"Uncategorized\"],\"inLanguage\":\"es\",\"potentialAction\":[{\"@type\":\"CommentAction\",\"name\":\"Comment\",\"target\":[\"https:\/\/noti-america.com\/site\/mexico\/2019\/01\/16\/se-preve-ambiente-frio-y-lluvias-muy-fuertes-en-varios-estados\/#respond\"]}]},{\"@type\":\"WebPage\",\"@id\":\"https:\/\/noti-america.com\/site\/mexico\/2019\/01\/16\/se-preve-ambiente-frio-y-lluvias-muy-fuertes-en-varios-estados\/\",\"url\":\"https:\/\/noti-america.com\/site\/mexico\/2019\/01\/16\/se-preve-ambiente-frio-y-lluvias-muy-fuertes-en-varios-estados\/\",\"name\":\"Se prev\u00e9 ambiente fr\u00edo y lluvias muy fuertes en varios estados - M\u00e9xico\",\"isPartOf\":{\"@id\":\"https:\/\/noti-america.com\/site\/mexico\/#website\"},\"primaryImageOfPage\":{\"@id\":\"https:\/\/noti-america.com\/site\/mexico\/2019\/01\/16\/se-preve-ambiente-frio-y-lluvias-muy-fuertes-en-varios-estados\/#primaryimage\"},\"image\":{\"@id\":\"https:\/\/noti-america.com\/site\/mexico\/2019\/01\/16\/se-preve-ambiente-frio-y-lluvias-muy-fuertes-en-varios-estados\/#primaryimage\"},\"thumbnailUrl\":\"https:\/\/noti-america.com\/site\/mexico\/wp-content\/uploads\/sites\/13\/2019\/01\/2081727.jpg\",\"datePublished\":\"2019-01-16T03:38:03+00:00\",\"breadcrumb\":{\"@id\":\"https:\/\/noti-america.com\/site\/mexico\/2019\/01\/16\/se-preve-ambiente-frio-y-lluvias-muy-fuertes-en-varios-estados\/#breadcrumb\"},\"inLanguage\":\"es\",\"potentialAction\":[{\"@type\":\"ReadAction\",\"target\":[\"https:\/\/noti-america.com\/site\/mexico\/2019\/01\/16\/se-preve-ambiente-frio-y-lluvias-muy-fuertes-en-varios-estados\/\"]}]},{\"@type\":\"ImageObject\",\"inLanguage\":\"es\",\"@id\":\"https:\/\/noti-america.com\/site\/mexico\/2019\/01\/16\/se-preve-ambiente-frio-y-lluvias-muy-fuertes-en-varios-estados\/#primaryimage\",\"url\":\"https:\/\/noti-america.com\/site\/mexico\/wp-content\/uploads\/sites\/13\/2019\/01\/2081727.jpg\",\"contentUrl\":\"https:\/\/noti-america.com\/site\/mexico\/wp-content\/uploads\/sites\/13\/2019\/01\/2081727.jpg\",\"width\":664,\"height\":498},{\"@type\":\"BreadcrumbList\",\"@id\":\"https:\/\/noti-america.com\/site\/mexico\/2019\/01\/16\/se-preve-ambiente-frio-y-lluvias-muy-fuertes-en-varios-estados\/#breadcrumb\",\"itemListElement\":[{\"@type\":\"ListItem\",\"position\":1,\"name\":\"Portada\",\"item\":\"https:\/\/noti-america.com\/site\/mexico\/\"},{\"@type\":\"ListItem\",\"position\":2,\"name\":\"Se prev\u00e9 ambiente fr\u00edo y lluvias muy fuertes en varios estados\"}]},{\"@type\":\"WebSite\",\"@id\":\"https:\/\/noti-america.com\/site\/mexico\/#website\",\"url\":\"https:\/\/noti-america.com\/site\/mexico\/\",\"name\":\"M\u00e9xico | Noti-America.com\",\"description\":\"\",\"publisher\":{\"@id\":\"https:\/\/noti-america.com\/site\/mexico\/#organization\"},\"potentialAction\":[{\"@type\":\"SearchAction\",\"target\":{\"@type\":\"EntryPoint\",\"urlTemplate\":\"https:\/\/noti-america.com\/site\/mexico\/?s={search_term_string}\"},\"query-input\":{\"@type\":\"PropertyValueSpecification\",\"valueRequired\":true,\"valueName\":\"search_term_string\"}}],\"inLanguage\":\"es\"},{\"@type\":\"Organization\",\"@id\":\"https:\/\/noti-america.com\/site\/mexico\/#organization\",\"name\":\"Noti-America LLC | M\u00e9xico\",\"url\":\"https:\/\/noti-america.com\/site\/mexico\/\",\"logo\":{\"@type\":\"ImageObject\",\"inLanguage\":\"es\",\"@id\":\"https:\/\/noti-america.com\/site\/mexico\/#\/schema\/logo\/image\/\",\"url\":\"https:\/\/noti-america.com\/site\/mexico\/wp-content\/uploads\/sites\/13\/2020\/07\/LogoNA-4x3-1.jpg\",\"contentUrl\":\"https:\/\/noti-america.com\/site\/mexico\/wp-content\/uploads\/sites\/13\/2020\/07\/LogoNA-4x3-1.jpg\",\"width\":1236,\"height\":1080,\"caption\":\"Noti-America LLC | M\u00e9xico\"},\"image\":{\"@id\":\"https:\/\/noti-america.com\/site\/mexico\/#\/schema\/logo\/image\/\"}},{\"@type\":\"Person\",\"@id\":\"https:\/\/noti-america.com\/site\/mexico\/#\/schema\/person\/db5a6527aaddfc34b3753d557a1292f0\",\"name\":\"Redacci\u00f3n NA-NY\",\"image\":{\"@type\":\"ImageObject\",\"inLanguage\":\"es\",\"@id\":\"https:\/\/secure.gravatar.com\/avatar\/2bd75bb500a8deb1390f777293a9af32d934c46613d2fbac7cceb2aaa2679ae8?s=96&d=mm&r=g\",\"url\":\"https:\/\/secure.gravatar.com\/avatar\/2bd75bb500a8deb1390f777293a9af32d934c46613d2fbac7cceb2aaa2679ae8?s=96&d=mm&r=g\",\"contentUrl\":\"https:\/\/secure.gravatar.com\/avatar\/2bd75bb500a8deb1390f777293a9af32d934c46613d2fbac7cceb2aaa2679ae8?s=96&d=mm&r=g\",\"caption\":\"Redacci\u00f3n NA-NY\"},\"url\":\"https:\/\/noti-america.com\/site\/mexico\/author\/redaccionny\/\"}]}<\/script>\n<!-- \/ Yoast SEO Premium plugin. -->","yoast_head_json":{"title":"Se prev\u00e9 ambiente fr\u00edo y lluvias muy fuertes en varios estados - M\u00e9xico","robots":{"index":"index","follow":"follow","max-snippet":"max-snippet:-1","max-image-preview":"max-image-preview:large","max-video-preview":"max-video-preview:-1"},"canonical":"https:\/\/noti-america.com\/site\/mexico\/2019\/01\/16\/se-preve-ambiente-frio-y-lluvias-muy-fuertes-en-varios-estados\/","og_locale":"es_ES","og_type":"article","og_title":"Se prev\u00e9 ambiente fr\u00edo y lluvias muy fuertes en varios estados","og_description":"Fuente:\u00a0\u00a0https:\/\/www.excelsior.com.mx &nbsp; El Servicio Meteorol\u00f3gico Nacional (SMN) inform\u00f3 que en las pr\u00f3ximas horas se espera\u00a0ambiente fr\u00edo\u00a0en gran parte del pa\u00eds, as\u00ed como\u00a0lluvias muy fuertes\u00a0en el sur de Veracruz, Tabasco, Oaxaca y Chiapas. En comunicado,&#46;&#46;&#46;","og_url":"https:\/\/noti-america.com\/site\/mexico\/2019\/01\/16\/se-preve-ambiente-frio-y-lluvias-muy-fuertes-en-varios-estados\/","og_site_name":"M\u00e9xico","article_published_time":"2019-01-16T03:38:03+00:00","og_image":[{"width":664,"height":498,"url":"https:\/\/noti-america.com\/site\/mexico\/wp-content\/uploads\/sites\/13\/2019\/01\/2081727.jpg","type":"image\/jpeg"}],"author":"Redacci\u00f3n NA-NY","twitter_card":"summary_large_image","twitter_misc":{"Escrito por":"Redacci\u00f3n NA-NY","Tiempo estimado de lectura":"1 minuto"},"schema":{"@context":"https:\/\/schema.org","@graph":[{"@type":"Article","@id":"https:\/\/noti-america.com\/site\/mexico\/2019\/01\/16\/se-preve-ambiente-frio-y-lluvias-muy-fuertes-en-varios-estados\/#article","isPartOf":{"@id":"https:\/\/noti-america.com\/site\/mexico\/2019\/01\/16\/se-preve-ambiente-frio-y-lluvias-muy-fuertes-en-varios-estados\/"},"author":{"name":"Redacci\u00f3n NA-NY","@id":"https:\/\/noti-america.com\/site\/mexico\/#\/schema\/person\/db5a6527aaddfc34b3753d557a1292f0"},"headline":"Se prev\u00e9 ambiente fr\u00edo y lluvias muy fuertes en varios estados","datePublished":"2019-01-16T03:38:03+00:00","mainEntityOfPage":{"@id":"https:\/\/noti-america.com\/site\/mexico\/2019\/01\/16\/se-preve-ambiente-frio-y-lluvias-muy-fuertes-en-varios-estados\/"},"wordCount":273,"commentCount":0,"publisher":{"@id":"https:\/\/noti-america.com\/site\/mexico\/#organization"},"image":{"@id":"https:\/\/noti-america.com\/site\/mexico\/2019\/01\/16\/se-preve-ambiente-frio-y-lluvias-muy-fuertes-en-varios-estados\/#primaryimage"},"thumbnailUrl":"https:\/\/noti-america.com\/site\/mexico\/wp-content\/uploads\/sites\/13\/2019\/01\/2081727.jpg","keywords":["Se prev\u00e9 ambiente fr\u00edo y lluvias muy fuertes en varios estados"],"articleSection":["Uncategorized"],"inLanguage":"es","potentialAction":[{"@type":"CommentAction","name":"Comment","target":["https:\/\/noti-america.com\/site\/mexico\/2019\/01\/16\/se-preve-ambiente-frio-y-lluvias-muy-fuertes-en-varios-estados\/#respond"]}]},{"@type":"WebPage","@id":"https:\/\/noti-america.com\/site\/mexico\/2019\/01\/16\/se-preve-ambiente-frio-y-lluvias-muy-fuertes-en-varios-estados\/","url":"https:\/\/noti-america.com\/site\/mexico\/2019\/01\/16\/se-preve-ambiente-frio-y-lluvias-muy-fuertes-en-varios-estados\/","name":"Se prev\u00e9 ambiente fr\u00edo y lluvias muy fuertes en varios estados - M\u00e9xico","isPartOf":{"@id":"https:\/\/noti-america.com\/site\/mexico\/#website"},"primaryImageOfPage":{"@id":"https:\/\/noti-america.com\/site\/mexico\/2019\/01\/16\/se-preve-ambiente-frio-y-lluvias-muy-fuertes-en-varios-estados\/#primaryimage"},"image":{"@id":"https:\/\/noti-america.com\/site\/mexico\/2019\/01\/16\/se-preve-ambiente-frio-y-lluvias-muy-fuertes-en-varios-estados\/#primaryimage"},"thumbnailUrl":"https:\/\/noti-america.com\/site\/mexico\/wp-content\/uploads\/sites\/13\/2019\/01\/2081727.jpg","datePublished":"2019-01-16T03:38:03+00:00","breadcrumb":{"@id":"https:\/\/noti-america.com\/site\/mexico\/2019\/01\/16\/se-preve-ambiente-frio-y-lluvias-muy-fuertes-en-varios-estados\/#breadcrumb"},"inLanguage":"es","potentialAction":[{"@type":"ReadAction","target":["https:\/\/noti-america.com\/site\/mexico\/2019\/01\/16\/se-preve-ambiente-frio-y-lluvias-muy-fuertes-en-varios-estados\/"]}]},{"@type":"ImageObject","inLanguage":"es","@id":"https:\/\/noti-america.com\/site\/mexico\/2019\/01\/16\/se-preve-ambiente-frio-y-lluvias-muy-fuertes-en-varios-estados\/#primaryimage","url":"https:\/\/noti-america.com\/site\/mexico\/wp-content\/uploads\/sites\/13\/2019\/01\/2081727.jpg","contentUrl":"https:\/\/noti-america.com\/site\/mexico\/wp-content\/uploads\/sites\/13\/2019\/01\/2081727.jpg","width":664,"height":498},{"@type":"BreadcrumbList","@id":"https:\/\/noti-america.com\/site\/mexico\/2019\/01\/16\/se-preve-ambiente-frio-y-lluvias-muy-fuertes-en-varios-estados\/#breadcrumb","itemListElement":[{"@type":"ListItem","position":1,"name":"Portada","item":"https:\/\/noti-america.com\/site\/mexico\/"},{"@type":"ListItem","position":2,"name":"Se prev\u00e9 ambiente fr\u00edo y lluvias muy fuertes en varios estados"}]},{"@type":"WebSite","@id":"https:\/\/noti-america.com\/site\/mexico\/#website","url":"https:\/\/noti-america.com\/site\/mexico\/","name":"M\u00e9xico | Noti-America.com","description":"","publisher":{"@id":"https:\/\/noti-america.com\/site\/mexico\/#organization"},"potentialAction":[{"@type":"SearchAction","target":{"@type":"EntryPoint","urlTemplate":"https:\/\/noti-america.com\/site\/mexico\/?s={search_term_string}"},"query-input":{"@type":"PropertyValueSpecification","valueRequired":true,"valueName":"search_term_string"}}],"inLanguage":"es"},{"@type":"Organization","@id":"https:\/\/noti-america.com\/site\/mexico\/#organization","name":"Noti-America LLC | M\u00e9xico","url":"https:\/\/noti-america.com\/site\/mexico\/","logo":{"@type":"ImageObject","inLanguage":"es","@id":"https:\/\/noti-america.com\/site\/mexico\/#\/schema\/logo\/image\/","url":"https:\/\/noti-america.com\/site\/mexico\/wp-content\/uploads\/sites\/13\/2020\/07\/LogoNA-4x3-1.jpg","contentUrl":"https:\/\/noti-america.com\/site\/mexico\/wp-content\/uploads\/sites\/13\/2020\/07\/LogoNA-4x3-1.jpg","width":1236,"height":1080,"caption":"Noti-America LLC | M\u00e9xico"},"image":{"@id":"https:\/\/noti-america.com\/site\/mexico\/#\/schema\/logo\/image\/"}},{"@type":"Person","@id":"https:\/\/noti-america.com\/site\/mexico\/#\/schema\/person\/db5a6527aaddfc34b3753d557a1292f0","name":"Redacci\u00f3n NA-NY","image":{"@type":"ImageObject","inLanguage":"es","@id":"https:\/\/secure.gravatar.com\/avatar\/2bd75bb500a8deb1390f777293a9af32d934c46613d2fbac7cceb2aaa2679ae8?s=96&d=mm&r=g","url":"https:\/\/secure.gravatar.com\/avatar\/2bd75bb500a8deb1390f777293a9af32d934c46613d2fbac7cceb2aaa2679ae8?s=96&d=mm&r=g","contentUrl":"https:\/\/secure.gravatar.com\/avatar\/2bd75bb500a8deb1390f777293a9af32d934c46613d2fbac7cceb2aaa2679ae8?s=96&d=mm&r=g","caption":"Redacci\u00f3n NA-NY"},"url":"https:\/\/noti-america.com\/site\/mexico\/author\/redaccionny\/"}]}},"_links":{"self":[{"href":"https:\/\/noti-america.com\/site\/mexico\/wp-json\/wp\/v2\/posts\/2519","targetHints":{"allow":["GET"]}}],"collection":[{"href":"https:\/\/noti-america.com\/site\/mexico\/wp-json\/wp\/v2\/posts"}],"about":[{"href":"https:\/\/noti-america.com\/site\/mexico\/wp-json\/wp\/v2\/types\/post"}],"author":[{"embeddable":true,"href":"https:\/\/noti-america.com\/site\/mexico\/wp-json\/wp\/v2\/users\/28"}],"replies":[{"embeddable":true,"href":"https:\/\/noti-america.com\/site\/mexico\/wp-json\/wp\/v2\/comments?post=2519"}],"version-history":[{"count":1,"href":"https:\/\/noti-america.com\/site\/mexico\/wp-json\/wp\/v2\/posts\/2519\/revisions"}],"predecessor-version":[{"id":2521,"href":"https:\/\/noti-america.com\/site\/mexico\/wp-json\/wp\/v2\/posts\/2519\/revisions\/2521"}],"wp:featuredmedia":[{"embeddable":true,"href":"https:\/\/noti-america.com\/site\/mexico\/wp-json\/wp\/v2\/media\/2520"}],"wp:attachment":[{"href":"https:\/\/noti-america.com\/site\/mexico\/wp-json\/wp\/v2\/media?parent=2519"}],"wp:term":[{"taxonomy":"category","embeddable":true,"href":"https:\/\/noti-america.com\/site\/mexico\/wp-json\/wp\/v2\/categories?post=2519"},{"taxonomy":"post_tag","embeddable":true,"href":"https:\/\/noti-america.com\/site\/mexico\/wp-json\/wp\/v2\/tags?post=2519"}],"curies":[{"name":"wp","href":"https:\/\/api.w.org\/{rel}","templated":true}]}}