{"id":2516,"date":"2019-01-16T03:34:01","date_gmt":"2019-01-16T03:34:01","guid":{"rendered":"http:\/\/noti-america.com\/site\/mexico\/?p=2516"},"modified":"2019-01-16T03:34:01","modified_gmt":"2019-01-16T03:34:01","slug":"que-se-podria-pagar-con-las-perdidas-generadas-por-el-huachicoleo","status":"publish","type":"post","link":"https:\/\/noti-america.com\/site\/mexico\/2019\/01\/16\/que-se-podria-pagar-con-las-perdidas-generadas-por-el-huachicoleo\/","title":{"rendered":"\u00bfQu\u00e9 se podr\u00eda pagar con las p\u00e9rdidas generadas por el huachicoleo?"},"content":{"rendered":"<h3><img loading=\"lazy\" decoding=\"async\" class=\" wp-image-2517 aligncenter\" src=\"http:\/\/noti-america.com\/site\/mexico\/wp-content\/uploads\/sites\/13\/2019\/01\/descarga-1-4-300x148.jpg\" alt=\"\" width=\"491\" height=\"242\" srcset=\"https:\/\/noti-america.com\/site\/mexico\/wp-content\/uploads\/sites\/13\/2019\/01\/descarga-1-4-300x148.jpg 300w, https:\/\/noti-america.com\/site\/mexico\/wp-content\/uploads\/sites\/13\/2019\/01\/descarga-1-4.jpg 320w\" sizes=\"auto, (max-width: 491px) 100vw, 491px\" \/><\/h3>\n<h3><\/h3>\n<h3>Fuente:\u00a0\u00a0https:\/\/www.unotv.com<\/h3>\n<p>&nbsp;<\/p>\n<p dir=\"ltr\">El presidente de M\u00e9xico,\u00a0Andr\u00e9s Manuel L\u00f3pez Obrador, y el director de Petr\u00f3leos Mexicanos (Pemex), Octavio Romero,\u00a0dieron a conocer que el\u00a0robo de gasolina represent\u00f3 una p\u00e9rdida de\u00a065 mil millones de pesos\u00a0en 2018, por que el Gobierno federal instrument\u00f3 una nueva estrategia para atacar el problema.<\/p>\n<p dir=\"ltr\"><em>Pero vamos a limpiar de corrupci\u00f3n el pa\u00eds, cero corrupci\u00f3n, cero impunidad.\u201d\u00a0<u>Andr\u00e9s Manuel L\u00f3pez Obrador<\/u><\/em><\/p>\n<p dir=\"ltr\">Si se compara el dinero que se pierde por la extracci\u00f3n de huachicol con ciertos puntos del\u00a0Presupuesto de Egresos de la Federaci\u00f3n para el 2019,\u00a0el dato parece escandaloso.<\/p>\n<p dir=\"ltr\">Con los\u00a065 mil millones de pesos\u00a0se podr\u00eda cubrir\u00a0el presupuesto de las principales universidades p\u00fablicas de M\u00e9xico: Universidad Nacional Aut\u00f3noma de M\u00e9xico (UNAM) 37 mil 227 mdp,\u00a0Instituto Polit\u00e9cnico Nacional (IPN) 16 mil 181 mdp y\u00a0Universidad Aut\u00f3noma Metropolitana (UAM) 7 mil 028 mdp.<\/p>\n<h2 dir=\"ltr\">Presupuesto mayor de Secretar\u00edas<\/h2>\n<p dir=\"ltr\">Los\u00a065 mil millones de pesos que representa el robo de combustibles\u00a0podr\u00eda cubrir\u00a0el presupuesto del gasto programable que contempla el Presupuesto de Egresos\u00a0para este a\u00f1o de varias secretar\u00edas, como:<\/p>\n<ul dir=\"ltr\">\n<li>Gobernaci\u00f3n:\u00a060 mil 783 mmd<\/li>\n<li>Hacienda y Cr\u00e9dito P\u00fablico:\u00a022 mil 575 mmd<\/li>\n<li>Marina:\u00a032 mil 083 mmd<\/li>\n<li>Trabajo y Previsi\u00f3n Social:\u00a043 mil 269 mmd<\/li>\n<li>Energ\u00eda:\u00a027 mil 229 mmd<\/li>\n<li>Procuradur\u00eda General de la Rep\u00fablica\u00a015 mil 351 mmd<\/li>\n<li>Cultura:\u00a012 mil 894 mmd<\/li>\n<\/ul>\n<h2 dir=\"ltr\">Una cuarta parte de los proyectos prioritarios del Gobierno<\/h2>\n<p dir=\"ltr\">Para los llamados \u201cproyectos prioritarios\u201d para el nuevo Gobierno federal, el PEF 2019\u00a0considera recursos por cerca de 252 mil millones de pesos\u00a0distribuidos en 18 proyectos, por lo que el monto del huachicoleo podr\u00eda\u00a0financiar una cuarta parte.<\/p>\n<p dir=\"ltr\">Por ejemplo, la pensi\u00f3n para el\u00a0Bienestar de las Personas Adultas Mayores, que contempla\u00a0 un presupuesto de 100 mil millones de pesos que permitir\u00e1 duplicar los recursos que reciben a fin de tener una vida digna, por lo que el dinero obtenido por el robo de combustibles permitir\u00eda\u00a0aumentar el programa un 65%<\/p>\n<p dir=\"ltr\">Adem\u00e1s, se podr\u00eda\u00a0duplicar el programa J\u00f3venes Construyendo el Futuro, para el que se proponen 44.3 mil millones de pesos para brindar oportunidades de trabajo y estudio a 2.6 millones de j\u00f3venes.<\/p>\n","protected":false},"excerpt":{"rendered":"<p>Fuente:\u00a0\u00a0https:\/\/www.unotv.com &nbsp; El presidente de M\u00e9xico,\u00a0Andr\u00e9s Manuel L\u00f3pez Obrador, y el director de Petr\u00f3leos Mexicanos (Pemex), Octavio Romero,\u00a0dieron a conocer que el\u00a0robo de gasolina represent\u00f3 una p\u00e9rdida de\u00a065 mil millones de pesos\u00a0en 2018, por&#46;&#46;&#46;<\/p>\n","protected":false},"author":28,"featured_media":0,"comment_status":"open","ping_status":"open","sticky":false,"template":"","format":"standard","meta":{"_acf_changed":false,"om_disable_all_campaigns":false,"rop_custom_images_group":[],"rop_custom_messages_group":[],"rop_publish_now":"initial","rop_publish_now_accounts":{"twitter_242054905_242054905":""},"rop_publish_now_history":[],"rop_publish_now_status":"pending","_uf_show_specific_survey":0,"_uf_disable_surveys":false,"footnotes":""},"categories":[1],"tags":[257],"class_list":["post-2516","post","type-post","status-publish","format-standard","hentry","category-uncategorized","tag-que-se-podria-pagar-con-las-perdidas-generadas-por-el-huachicoleo"],"acf":[],"aioseo_notices":[],"yoast_head":"<!-- This site is optimized with the Yoast SEO Premium plugin v24.9 (Yoast SEO v27.2) - https:\/\/yoast.com\/product\/yoast-seo-premium-wordpress\/ -->\n<title>\u00bfQu\u00e9 se podr\u00eda pagar con las p\u00e9rdidas generadas por el huachicoleo? - M\u00e9xico<\/title>\n<meta name=\"robots\" content=\"index, follow, max-snippet:-1, max-image-preview:large, max-video-preview:-1\" \/>\n<link rel=\"canonical\" href=\"https:\/\/noti-america.com\/site\/mexico\/2019\/01\/16\/que-se-podria-pagar-con-las-perdidas-generadas-por-el-huachicoleo\/\" \/>\n<meta property=\"og:locale\" content=\"es_ES\" \/>\n<meta property=\"og:type\" content=\"article\" \/>\n<meta property=\"og:title\" content=\"\u00bfQu\u00e9 se podr\u00eda pagar con las p\u00e9rdidas generadas por el huachicoleo?\" \/>\n<meta property=\"og:description\" content=\"Fuente:\u00a0\u00a0https:\/\/www.unotv.com &nbsp; El presidente de M\u00e9xico,\u00a0Andr\u00e9s Manuel L\u00f3pez Obrador, y el director de Petr\u00f3leos Mexicanos (Pemex), Octavio Romero,\u00a0dieron a conocer que el\u00a0robo de gasolina represent\u00f3 una p\u00e9rdida de\u00a065 mil millones de pesos\u00a0en 2018, por&#046;&#046;&#046;\" \/>\n<meta property=\"og:url\" content=\"https:\/\/noti-america.com\/site\/mexico\/2019\/01\/16\/que-se-podria-pagar-con-las-perdidas-generadas-por-el-huachicoleo\/\" \/>\n<meta property=\"og:site_name\" content=\"M\u00e9xico\" \/>\n<meta property=\"article:published_time\" content=\"2019-01-16T03:34:01+00:00\" \/>\n<meta property=\"og:image\" content=\"http:\/\/noti-america.com\/site\/mexico\/wp-content\/uploads\/sites\/13\/2019\/01\/descarga-1-4-300x148.jpg\" \/>\n<meta name=\"author\" content=\"Redacci\u00f3n NA-NY\" \/>\n<meta name=\"twitter:card\" content=\"summary_large_image\" \/>\n<meta name=\"twitter:label1\" content=\"Escrito por\" \/>\n\t<meta name=\"twitter:data1\" content=\"Redacci\u00f3n NA-NY\" \/>\n\t<meta name=\"twitter:label2\" content=\"Tiempo estimado de lectura\" \/>\n\t<meta name=\"twitter:data2\" content=\"2 minutos\" \/>\n<script type=\"application\/ld+json\" class=\"yoast-schema-graph\">{\"@context\":\"https:\/\/schema.org\",\"@graph\":[{\"@type\":\"Article\",\"@id\":\"https:\/\/noti-america.com\/site\/mexico\/2019\/01\/16\/que-se-podria-pagar-con-las-perdidas-generadas-por-el-huachicoleo\/#article\",\"isPartOf\":{\"@id\":\"https:\/\/noti-america.com\/site\/mexico\/2019\/01\/16\/que-se-podria-pagar-con-las-perdidas-generadas-por-el-huachicoleo\/\"},\"author\":{\"name\":\"Redacci\u00f3n NA-NY\",\"@id\":\"https:\/\/noti-america.com\/site\/mexico\/#\/schema\/person\/db5a6527aaddfc34b3753d557a1292f0\"},\"headline\":\"\u00bfQu\u00e9 se podr\u00eda pagar con las p\u00e9rdidas generadas por el huachicoleo?\",\"datePublished\":\"2019-01-16T03:34:01+00:00\",\"mainEntityOfPage\":{\"@id\":\"https:\/\/noti-america.com\/site\/mexico\/2019\/01\/16\/que-se-podria-pagar-con-las-perdidas-generadas-por-el-huachicoleo\/\"},\"wordCount\":379,\"commentCount\":0,\"publisher\":{\"@id\":\"https:\/\/noti-america.com\/site\/mexico\/#organization\"},\"image\":{\"@id\":\"https:\/\/noti-america.com\/site\/mexico\/2019\/01\/16\/que-se-podria-pagar-con-las-perdidas-generadas-por-el-huachicoleo\/#primaryimage\"},\"thumbnailUrl\":\"http:\/\/noti-america.com\/site\/mexico\/wp-content\/uploads\/sites\/13\/2019\/01\/descarga-1-4-300x148.jpg\",\"keywords\":[\"\u00bfQu\u00e9 se podr\u00eda pagar con las p\u00e9rdidas generadas por el huachicoleo?\"],\"articleSection\":[\"Uncategorized\"],\"inLanguage\":\"es\",\"potentialAction\":[{\"@type\":\"CommentAction\",\"name\":\"Comment\",\"target\":[\"https:\/\/noti-america.com\/site\/mexico\/2019\/01\/16\/que-se-podria-pagar-con-las-perdidas-generadas-por-el-huachicoleo\/#respond\"]}]},{\"@type\":\"WebPage\",\"@id\":\"https:\/\/noti-america.com\/site\/mexico\/2019\/01\/16\/que-se-podria-pagar-con-las-perdidas-generadas-por-el-huachicoleo\/\",\"url\":\"https:\/\/noti-america.com\/site\/mexico\/2019\/01\/16\/que-se-podria-pagar-con-las-perdidas-generadas-por-el-huachicoleo\/\",\"name\":\"\u00bfQu\u00e9 se podr\u00eda pagar con las p\u00e9rdidas generadas por el huachicoleo? - M\u00e9xico\",\"isPartOf\":{\"@id\":\"https:\/\/noti-america.com\/site\/mexico\/#website\"},\"primaryImageOfPage\":{\"@id\":\"https:\/\/noti-america.com\/site\/mexico\/2019\/01\/16\/que-se-podria-pagar-con-las-perdidas-generadas-por-el-huachicoleo\/#primaryimage\"},\"image\":{\"@id\":\"https:\/\/noti-america.com\/site\/mexico\/2019\/01\/16\/que-se-podria-pagar-con-las-perdidas-generadas-por-el-huachicoleo\/#primaryimage\"},\"thumbnailUrl\":\"http:\/\/noti-america.com\/site\/mexico\/wp-content\/uploads\/sites\/13\/2019\/01\/descarga-1-4-300x148.jpg\",\"datePublished\":\"2019-01-16T03:34:01+00:00\",\"breadcrumb\":{\"@id\":\"https:\/\/noti-america.com\/site\/mexico\/2019\/01\/16\/que-se-podria-pagar-con-las-perdidas-generadas-por-el-huachicoleo\/#breadcrumb\"},\"inLanguage\":\"es\",\"potentialAction\":[{\"@type\":\"ReadAction\",\"target\":[\"https:\/\/noti-america.com\/site\/mexico\/2019\/01\/16\/que-se-podria-pagar-con-las-perdidas-generadas-por-el-huachicoleo\/\"]}]},{\"@type\":\"ImageObject\",\"inLanguage\":\"es\",\"@id\":\"https:\/\/noti-america.com\/site\/mexico\/2019\/01\/16\/que-se-podria-pagar-con-las-perdidas-generadas-por-el-huachicoleo\/#primaryimage\",\"url\":\"https:\/\/noti-america.com\/site\/mexico\/wp-content\/uploads\/sites\/13\/2019\/01\/descarga-1-4.jpg\",\"contentUrl\":\"https:\/\/noti-america.com\/site\/mexico\/wp-content\/uploads\/sites\/13\/2019\/01\/descarga-1-4.jpg\",\"width\":320,\"height\":158},{\"@type\":\"BreadcrumbList\",\"@id\":\"https:\/\/noti-america.com\/site\/mexico\/2019\/01\/16\/que-se-podria-pagar-con-las-perdidas-generadas-por-el-huachicoleo\/#breadcrumb\",\"itemListElement\":[{\"@type\":\"ListItem\",\"position\":1,\"name\":\"Portada\",\"item\":\"https:\/\/noti-america.com\/site\/mexico\/\"},{\"@type\":\"ListItem\",\"position\":2,\"name\":\"\u00bfQu\u00e9 se podr\u00eda pagar con las p\u00e9rdidas generadas por el huachicoleo?\"}]},{\"@type\":\"WebSite\",\"@id\":\"https:\/\/noti-america.com\/site\/mexico\/#website\",\"url\":\"https:\/\/noti-america.com\/site\/mexico\/\",\"name\":\"M\u00e9xico | Noti-America.com\",\"description\":\"\",\"publisher\":{\"@id\":\"https:\/\/noti-america.com\/site\/mexico\/#organization\"},\"potentialAction\":[{\"@type\":\"SearchAction\",\"target\":{\"@type\":\"EntryPoint\",\"urlTemplate\":\"https:\/\/noti-america.com\/site\/mexico\/?s={search_term_string}\"},\"query-input\":{\"@type\":\"PropertyValueSpecification\",\"valueRequired\":true,\"valueName\":\"search_term_string\"}}],\"inLanguage\":\"es\"},{\"@type\":\"Organization\",\"@id\":\"https:\/\/noti-america.com\/site\/mexico\/#organization\",\"name\":\"Noti-America LLC | M\u00e9xico\",\"url\":\"https:\/\/noti-america.com\/site\/mexico\/\",\"logo\":{\"@type\":\"ImageObject\",\"inLanguage\":\"es\",\"@id\":\"https:\/\/noti-america.com\/site\/mexico\/#\/schema\/logo\/image\/\",\"url\":\"https:\/\/noti-america.com\/site\/mexico\/wp-content\/uploads\/sites\/13\/2020\/07\/LogoNA-4x3-1.jpg\",\"contentUrl\":\"https:\/\/noti-america.com\/site\/mexico\/wp-content\/uploads\/sites\/13\/2020\/07\/LogoNA-4x3-1.jpg\",\"width\":1236,\"height\":1080,\"caption\":\"Noti-America LLC | M\u00e9xico\"},\"image\":{\"@id\":\"https:\/\/noti-america.com\/site\/mexico\/#\/schema\/logo\/image\/\"}},{\"@type\":\"Person\",\"@id\":\"https:\/\/noti-america.com\/site\/mexico\/#\/schema\/person\/db5a6527aaddfc34b3753d557a1292f0\",\"name\":\"Redacci\u00f3n NA-NY\",\"image\":{\"@type\":\"ImageObject\",\"inLanguage\":\"es\",\"@id\":\"https:\/\/secure.gravatar.com\/avatar\/2bd75bb500a8deb1390f777293a9af32d934c46613d2fbac7cceb2aaa2679ae8?s=96&d=mm&r=g\",\"url\":\"https:\/\/secure.gravatar.com\/avatar\/2bd75bb500a8deb1390f777293a9af32d934c46613d2fbac7cceb2aaa2679ae8?s=96&d=mm&r=g\",\"contentUrl\":\"https:\/\/secure.gravatar.com\/avatar\/2bd75bb500a8deb1390f777293a9af32d934c46613d2fbac7cceb2aaa2679ae8?s=96&d=mm&r=g\",\"caption\":\"Redacci\u00f3n NA-NY\"},\"url\":\"https:\/\/noti-america.com\/site\/mexico\/author\/redaccionny\/\"}]}<\/script>\n<!-- \/ Yoast SEO Premium plugin. -->","yoast_head_json":{"title":"\u00bfQu\u00e9 se podr\u00eda pagar con las p\u00e9rdidas generadas por el huachicoleo? - M\u00e9xico","robots":{"index":"index","follow":"follow","max-snippet":"max-snippet:-1","max-image-preview":"max-image-preview:large","max-video-preview":"max-video-preview:-1"},"canonical":"https:\/\/noti-america.com\/site\/mexico\/2019\/01\/16\/que-se-podria-pagar-con-las-perdidas-generadas-por-el-huachicoleo\/","og_locale":"es_ES","og_type":"article","og_title":"\u00bfQu\u00e9 se podr\u00eda pagar con las p\u00e9rdidas generadas por el huachicoleo?","og_description":"Fuente:\u00a0\u00a0https:\/\/www.unotv.com &nbsp; El presidente de M\u00e9xico,\u00a0Andr\u00e9s Manuel L\u00f3pez Obrador, y el director de Petr\u00f3leos Mexicanos (Pemex), Octavio Romero,\u00a0dieron a conocer que el\u00a0robo de gasolina represent\u00f3 una p\u00e9rdida de\u00a065 mil millones de pesos\u00a0en 2018, por&#46;&#46;&#46;","og_url":"https:\/\/noti-america.com\/site\/mexico\/2019\/01\/16\/que-se-podria-pagar-con-las-perdidas-generadas-por-el-huachicoleo\/","og_site_name":"M\u00e9xico","article_published_time":"2019-01-16T03:34:01+00:00","og_image":[{"url":"http:\/\/noti-america.com\/site\/mexico\/wp-content\/uploads\/sites\/13\/2019\/01\/descarga-1-4-300x148.jpg","type":"","width":"","height":""}],"author":"Redacci\u00f3n NA-NY","twitter_card":"summary_large_image","twitter_misc":{"Escrito por":"Redacci\u00f3n NA-NY","Tiempo estimado de lectura":"2 minutos"},"schema":{"@context":"https:\/\/schema.org","@graph":[{"@type":"Article","@id":"https:\/\/noti-america.com\/site\/mexico\/2019\/01\/16\/que-se-podria-pagar-con-las-perdidas-generadas-por-el-huachicoleo\/#article","isPartOf":{"@id":"https:\/\/noti-america.com\/site\/mexico\/2019\/01\/16\/que-se-podria-pagar-con-las-perdidas-generadas-por-el-huachicoleo\/"},"author":{"name":"Redacci\u00f3n NA-NY","@id":"https:\/\/noti-america.com\/site\/mexico\/#\/schema\/person\/db5a6527aaddfc34b3753d557a1292f0"},"headline":"\u00bfQu\u00e9 se podr\u00eda pagar con las p\u00e9rdidas generadas por el huachicoleo?","datePublished":"2019-01-16T03:34:01+00:00","mainEntityOfPage":{"@id":"https:\/\/noti-america.com\/site\/mexico\/2019\/01\/16\/que-se-podria-pagar-con-las-perdidas-generadas-por-el-huachicoleo\/"},"wordCount":379,"commentCount":0,"publisher":{"@id":"https:\/\/noti-america.com\/site\/mexico\/#organization"},"image":{"@id":"https:\/\/noti-america.com\/site\/mexico\/2019\/01\/16\/que-se-podria-pagar-con-las-perdidas-generadas-por-el-huachicoleo\/#primaryimage"},"thumbnailUrl":"http:\/\/noti-america.com\/site\/mexico\/wp-content\/uploads\/sites\/13\/2019\/01\/descarga-1-4-300x148.jpg","keywords":["\u00bfQu\u00e9 se podr\u00eda pagar con las p\u00e9rdidas generadas por el huachicoleo?"],"articleSection":["Uncategorized"],"inLanguage":"es","potentialAction":[{"@type":"CommentAction","name":"Comment","target":["https:\/\/noti-america.com\/site\/mexico\/2019\/01\/16\/que-se-podria-pagar-con-las-perdidas-generadas-por-el-huachicoleo\/#respond"]}]},{"@type":"WebPage","@id":"https:\/\/noti-america.com\/site\/mexico\/2019\/01\/16\/que-se-podria-pagar-con-las-perdidas-generadas-por-el-huachicoleo\/","url":"https:\/\/noti-america.com\/site\/mexico\/2019\/01\/16\/que-se-podria-pagar-con-las-perdidas-generadas-por-el-huachicoleo\/","name":"\u00bfQu\u00e9 se podr\u00eda pagar con las p\u00e9rdidas generadas por el huachicoleo? - M\u00e9xico","isPartOf":{"@id":"https:\/\/noti-america.com\/site\/mexico\/#website"},"primaryImageOfPage":{"@id":"https:\/\/noti-america.com\/site\/mexico\/2019\/01\/16\/que-se-podria-pagar-con-las-perdidas-generadas-por-el-huachicoleo\/#primaryimage"},"image":{"@id":"https:\/\/noti-america.com\/site\/mexico\/2019\/01\/16\/que-se-podria-pagar-con-las-perdidas-generadas-por-el-huachicoleo\/#primaryimage"},"thumbnailUrl":"http:\/\/noti-america.com\/site\/mexico\/wp-content\/uploads\/sites\/13\/2019\/01\/descarga-1-4-300x148.jpg","datePublished":"2019-01-16T03:34:01+00:00","breadcrumb":{"@id":"https:\/\/noti-america.com\/site\/mexico\/2019\/01\/16\/que-se-podria-pagar-con-las-perdidas-generadas-por-el-huachicoleo\/#breadcrumb"},"inLanguage":"es","potentialAction":[{"@type":"ReadAction","target":["https:\/\/noti-america.com\/site\/mexico\/2019\/01\/16\/que-se-podria-pagar-con-las-perdidas-generadas-por-el-huachicoleo\/"]}]},{"@type":"ImageObject","inLanguage":"es","@id":"https:\/\/noti-america.com\/site\/mexico\/2019\/01\/16\/que-se-podria-pagar-con-las-perdidas-generadas-por-el-huachicoleo\/#primaryimage","url":"https:\/\/noti-america.com\/site\/mexico\/wp-content\/uploads\/sites\/13\/2019\/01\/descarga-1-4.jpg","contentUrl":"https:\/\/noti-america.com\/site\/mexico\/wp-content\/uploads\/sites\/13\/2019\/01\/descarga-1-4.jpg","width":320,"height":158},{"@type":"BreadcrumbList","@id":"https:\/\/noti-america.com\/site\/mexico\/2019\/01\/16\/que-se-podria-pagar-con-las-perdidas-generadas-por-el-huachicoleo\/#breadcrumb","itemListElement":[{"@type":"ListItem","position":1,"name":"Portada","item":"https:\/\/noti-america.com\/site\/mexico\/"},{"@type":"ListItem","position":2,"name":"\u00bfQu\u00e9 se podr\u00eda pagar con las p\u00e9rdidas generadas por el huachicoleo?"}]},{"@type":"WebSite","@id":"https:\/\/noti-america.com\/site\/mexico\/#website","url":"https:\/\/noti-america.com\/site\/mexico\/","name":"M\u00e9xico | Noti-America.com","description":"","publisher":{"@id":"https:\/\/noti-america.com\/site\/mexico\/#organization"},"potentialAction":[{"@type":"SearchAction","target":{"@type":"EntryPoint","urlTemplate":"https:\/\/noti-america.com\/site\/mexico\/?s={search_term_string}"},"query-input":{"@type":"PropertyValueSpecification","valueRequired":true,"valueName":"search_term_string"}}],"inLanguage":"es"},{"@type":"Organization","@id":"https:\/\/noti-america.com\/site\/mexico\/#organization","name":"Noti-America LLC | M\u00e9xico","url":"https:\/\/noti-america.com\/site\/mexico\/","logo":{"@type":"ImageObject","inLanguage":"es","@id":"https:\/\/noti-america.com\/site\/mexico\/#\/schema\/logo\/image\/","url":"https:\/\/noti-america.com\/site\/mexico\/wp-content\/uploads\/sites\/13\/2020\/07\/LogoNA-4x3-1.jpg","contentUrl":"https:\/\/noti-america.com\/site\/mexico\/wp-content\/uploads\/sites\/13\/2020\/07\/LogoNA-4x3-1.jpg","width":1236,"height":1080,"caption":"Noti-America LLC | M\u00e9xico"},"image":{"@id":"https:\/\/noti-america.com\/site\/mexico\/#\/schema\/logo\/image\/"}},{"@type":"Person","@id":"https:\/\/noti-america.com\/site\/mexico\/#\/schema\/person\/db5a6527aaddfc34b3753d557a1292f0","name":"Redacci\u00f3n NA-NY","image":{"@type":"ImageObject","inLanguage":"es","@id":"https:\/\/secure.gravatar.com\/avatar\/2bd75bb500a8deb1390f777293a9af32d934c46613d2fbac7cceb2aaa2679ae8?s=96&d=mm&r=g","url":"https:\/\/secure.gravatar.com\/avatar\/2bd75bb500a8deb1390f777293a9af32d934c46613d2fbac7cceb2aaa2679ae8?s=96&d=mm&r=g","contentUrl":"https:\/\/secure.gravatar.com\/avatar\/2bd75bb500a8deb1390f777293a9af32d934c46613d2fbac7cceb2aaa2679ae8?s=96&d=mm&r=g","caption":"Redacci\u00f3n NA-NY"},"url":"https:\/\/noti-america.com\/site\/mexico\/author\/redaccionny\/"}]}},"_links":{"self":[{"href":"https:\/\/noti-america.com\/site\/mexico\/wp-json\/wp\/v2\/posts\/2516","targetHints":{"allow":["GET"]}}],"collection":[{"href":"https:\/\/noti-america.com\/site\/mexico\/wp-json\/wp\/v2\/posts"}],"about":[{"href":"https:\/\/noti-america.com\/site\/mexico\/wp-json\/wp\/v2\/types\/post"}],"author":[{"embeddable":true,"href":"https:\/\/noti-america.com\/site\/mexico\/wp-json\/wp\/v2\/users\/28"}],"replies":[{"embeddable":true,"href":"https:\/\/noti-america.com\/site\/mexico\/wp-json\/wp\/v2\/comments?post=2516"}],"version-history":[{"count":1,"href":"https:\/\/noti-america.com\/site\/mexico\/wp-json\/wp\/v2\/posts\/2516\/revisions"}],"predecessor-version":[{"id":2518,"href":"https:\/\/noti-america.com\/site\/mexico\/wp-json\/wp\/v2\/posts\/2516\/revisions\/2518"}],"wp:attachment":[{"href":"https:\/\/noti-america.com\/site\/mexico\/wp-json\/wp\/v2\/media?parent=2516"}],"wp:term":[{"taxonomy":"category","embeddable":true,"href":"https:\/\/noti-america.com\/site\/mexico\/wp-json\/wp\/v2\/categories?post=2516"},{"taxonomy":"post_tag","embeddable":true,"href":"https:\/\/noti-america.com\/site\/mexico\/wp-json\/wp\/v2\/tags?post=2516"}],"curies":[{"name":"wp","href":"https:\/\/api.w.org\/{rel}","templated":true}]}}