{"id":2510,"date":"2019-01-16T02:23:57","date_gmt":"2019-01-16T02:23:57","guid":{"rendered":"http:\/\/noti-america.com\/site\/mexico\/?p=2510"},"modified":"2019-01-16T02:23:57","modified_gmt":"2019-01-16T02:23:57","slug":"corte-niega-solicitud-de-ift-para-mantener-sueldos-arriba-del-de-amlo","status":"publish","type":"post","link":"https:\/\/noti-america.com\/site\/mexico\/2019\/01\/16\/corte-niega-solicitud-de-ift-para-mantener-sueldos-arriba-del-de-amlo\/","title":{"rendered":"Corte niega solicitud de IFT para mantener sueldos arriba del de AMLO"},"content":{"rendered":"<h3><img loading=\"lazy\" decoding=\"async\" class=\"alignnone  wp-image-2511 aligncenter\" src=\"http:\/\/noti-america.com\/site\/mexico\/wp-content\/uploads\/sites\/13\/2019\/01\/164640-Principal-300x180.jpg\" alt=\"\" width=\"478\" height=\"287\" srcset=\"https:\/\/noti-america.com\/site\/mexico\/wp-content\/uploads\/sites\/13\/2019\/01\/164640-Principal-300x180.jpg 300w, https:\/\/noti-america.com\/site\/mexico\/wp-content\/uploads\/sites\/13\/2019\/01\/164640-Principal.jpg 750w\" sizes=\"auto, (max-width: 478px) 100vw, 478px\" \/><\/h3>\n<h3><\/h3>\n<h3>Fuente:\u00a0\u00a0https:\/\/www.unotv.com\/noticias\/<\/h3>\n<p>&nbsp;<\/p>\n<p dir=\"ltr\">La Suprema Corte de Justicia de la Naci\u00f3n (SCJN) acept\u00f3 a tr\u00e1mite la controversia constitucional promovida por el Instituto Federal de Telecomunicaciones (IFT), que impugna el Presupuesto de\u00a0Egresos de la Federaci\u00f3n 2019 (PEF).<\/p>\n<p dir=\"ltr\">El ministro instructor\u00a0Alberto P\u00e9rez Day\u00e1n admiti\u00f3 a tr\u00e1mite la demanda, pero neg\u00f3 a los comisionados del\u00a0IFT la suspensi\u00f3n de las disposiciones\u00a0que proh\u00edben fijar sueldos superiores al del presidente de la Rep\u00fablica.<\/p>\n<p dir=\"ltr\">El ministro instructor estableci\u00f3 que la suspensi\u00f3n solicitada es improcedente\u00a0porque \u201c\u00e9sta es una medida provisional, cuya finalidad es preservar la materia del juicio y, debido a que el\u00a0PEF 2019\u00a0ya entr\u00f3 en vigo,r no se le pueden dar efectos restitutorios\u201d.<\/p>\n<p dir=\"ltr\">En el presupuesto se prev\u00e9 que la remuneraci\u00f3n de la m\u00e1xima del instituto la fijar\u00e1 el \u00f3rgano correspondiente, partiendo de la base de que no podr\u00e1 ser superior dicha remuneraci\u00f3n la se\u00f1alada para el\u00a0presidente de la Rep\u00fablica.<\/p>\n","protected":false},"excerpt":{"rendered":"<p>Fuente:\u00a0\u00a0https:\/\/www.unotv.com\/noticias\/ &nbsp; La Suprema Corte de Justicia de la Naci\u00f3n (SCJN) acept\u00f3 a tr\u00e1mite la controversia constitucional promovida por el Instituto Federal de Telecomunicaciones (IFT), que impugna el Presupuesto de\u00a0Egresos de la Federaci\u00f3n 2019&#46;&#46;&#46;<\/p>\n","protected":false},"author":28,"featured_media":2511,"comment_status":"open","ping_status":"open","sticky":false,"template":"","format":"standard","meta":{"_acf_changed":false,"om_disable_all_campaigns":false,"rop_custom_images_group":[],"rop_custom_messages_group":[],"rop_publish_now":"initial","rop_publish_now_accounts":{"twitter_242054905_242054905":""},"rop_publish_now_history":[],"rop_publish_now_status":"pending","_uf_show_specific_survey":0,"_uf_disable_surveys":false,"footnotes":""},"categories":[1],"tags":[255],"class_list":["post-2510","post","type-post","status-publish","format-standard","has-post-thumbnail","hentry","category-uncategorized","tag-corte-niega-solicitud-de-ift-para-mantener-sueldos-arriba-del-de-amlo"],"acf":[],"aioseo_notices":[],"yoast_head":"<!-- This site is optimized with the Yoast SEO Premium plugin v24.9 (Yoast SEO v27.2) - https:\/\/yoast.com\/product\/yoast-seo-premium-wordpress\/ -->\n<title>Corte niega solicitud de IFT para mantener sueldos arriba del de AMLO - M\u00e9xico<\/title>\n<meta name=\"robots\" content=\"index, follow, max-snippet:-1, max-image-preview:large, max-video-preview:-1\" \/>\n<link rel=\"canonical\" href=\"https:\/\/noti-america.com\/site\/mexico\/2019\/01\/16\/corte-niega-solicitud-de-ift-para-mantener-sueldos-arriba-del-de-amlo\/\" \/>\n<meta property=\"og:locale\" content=\"es_ES\" \/>\n<meta property=\"og:type\" content=\"article\" \/>\n<meta property=\"og:title\" content=\"Corte niega solicitud de IFT para mantener sueldos arriba del de AMLO\" \/>\n<meta property=\"og:description\" content=\"Fuente:\u00a0\u00a0https:\/\/www.unotv.com\/noticias\/ &nbsp; La Suprema Corte de Justicia de la Naci\u00f3n (SCJN) acept\u00f3 a tr\u00e1mite la controversia constitucional promovida por el Instituto Federal de Telecomunicaciones (IFT), que impugna el Presupuesto de\u00a0Egresos de la Federaci\u00f3n 2019&#046;&#046;&#046;\" \/>\n<meta property=\"og:url\" content=\"https:\/\/noti-america.com\/site\/mexico\/2019\/01\/16\/corte-niega-solicitud-de-ift-para-mantener-sueldos-arriba-del-de-amlo\/\" \/>\n<meta property=\"og:site_name\" content=\"M\u00e9xico\" \/>\n<meta property=\"article:published_time\" content=\"2019-01-16T02:23:57+00:00\" \/>\n<meta property=\"og:image\" content=\"https:\/\/noti-america.com\/site\/mexico\/wp-content\/uploads\/sites\/13\/2019\/01\/164640-Principal.jpg\" \/>\n\t<meta property=\"og:image:width\" content=\"750\" \/>\n\t<meta property=\"og:image:height\" content=\"450\" \/>\n\t<meta property=\"og:image:type\" content=\"image\/jpeg\" \/>\n<meta name=\"author\" content=\"Redacci\u00f3n NA-NY\" \/>\n<meta name=\"twitter:card\" content=\"summary_large_image\" \/>\n<meta name=\"twitter:label1\" content=\"Escrito por\" \/>\n\t<meta name=\"twitter:data1\" content=\"Redacci\u00f3n NA-NY\" \/>\n\t<meta name=\"twitter:label2\" content=\"Tiempo estimado de lectura\" \/>\n\t<meta name=\"twitter:data2\" content=\"1 minuto\" \/>\n<script type=\"application\/ld+json\" class=\"yoast-schema-graph\">{\"@context\":\"https:\/\/schema.org\",\"@graph\":[{\"@type\":\"Article\",\"@id\":\"https:\/\/noti-america.com\/site\/mexico\/2019\/01\/16\/corte-niega-solicitud-de-ift-para-mantener-sueldos-arriba-del-de-amlo\/#article\",\"isPartOf\":{\"@id\":\"https:\/\/noti-america.com\/site\/mexico\/2019\/01\/16\/corte-niega-solicitud-de-ift-para-mantener-sueldos-arriba-del-de-amlo\/\"},\"author\":{\"name\":\"Redacci\u00f3n NA-NY\",\"@id\":\"https:\/\/noti-america.com\/site\/mexico\/#\/schema\/person\/db5a6527aaddfc34b3753d557a1292f0\"},\"headline\":\"Corte niega solicitud de IFT para mantener sueldos arriba del de AMLO\",\"datePublished\":\"2019-01-16T02:23:57+00:00\",\"mainEntityOfPage\":{\"@id\":\"https:\/\/noti-america.com\/site\/mexico\/2019\/01\/16\/corte-niega-solicitud-de-ift-para-mantener-sueldos-arriba-del-de-amlo\/\"},\"wordCount\":181,\"commentCount\":0,\"publisher\":{\"@id\":\"https:\/\/noti-america.com\/site\/mexico\/#organization\"},\"image\":{\"@id\":\"https:\/\/noti-america.com\/site\/mexico\/2019\/01\/16\/corte-niega-solicitud-de-ift-para-mantener-sueldos-arriba-del-de-amlo\/#primaryimage\"},\"thumbnailUrl\":\"https:\/\/noti-america.com\/site\/mexico\/wp-content\/uploads\/sites\/13\/2019\/01\/164640-Principal.jpg\",\"keywords\":[\"Corte niega solicitud de IFT para mantener sueldos arriba del de AMLO\"],\"articleSection\":[\"Uncategorized\"],\"inLanguage\":\"es\",\"potentialAction\":[{\"@type\":\"CommentAction\",\"name\":\"Comment\",\"target\":[\"https:\/\/noti-america.com\/site\/mexico\/2019\/01\/16\/corte-niega-solicitud-de-ift-para-mantener-sueldos-arriba-del-de-amlo\/#respond\"]}]},{\"@type\":\"WebPage\",\"@id\":\"https:\/\/noti-america.com\/site\/mexico\/2019\/01\/16\/corte-niega-solicitud-de-ift-para-mantener-sueldos-arriba-del-de-amlo\/\",\"url\":\"https:\/\/noti-america.com\/site\/mexico\/2019\/01\/16\/corte-niega-solicitud-de-ift-para-mantener-sueldos-arriba-del-de-amlo\/\",\"name\":\"Corte niega solicitud de IFT para mantener sueldos arriba del de AMLO - M\u00e9xico\",\"isPartOf\":{\"@id\":\"https:\/\/noti-america.com\/site\/mexico\/#website\"},\"primaryImageOfPage\":{\"@id\":\"https:\/\/noti-america.com\/site\/mexico\/2019\/01\/16\/corte-niega-solicitud-de-ift-para-mantener-sueldos-arriba-del-de-amlo\/#primaryimage\"},\"image\":{\"@id\":\"https:\/\/noti-america.com\/site\/mexico\/2019\/01\/16\/corte-niega-solicitud-de-ift-para-mantener-sueldos-arriba-del-de-amlo\/#primaryimage\"},\"thumbnailUrl\":\"https:\/\/noti-america.com\/site\/mexico\/wp-content\/uploads\/sites\/13\/2019\/01\/164640-Principal.jpg\",\"datePublished\":\"2019-01-16T02:23:57+00:00\",\"breadcrumb\":{\"@id\":\"https:\/\/noti-america.com\/site\/mexico\/2019\/01\/16\/corte-niega-solicitud-de-ift-para-mantener-sueldos-arriba-del-de-amlo\/#breadcrumb\"},\"inLanguage\":\"es\",\"potentialAction\":[{\"@type\":\"ReadAction\",\"target\":[\"https:\/\/noti-america.com\/site\/mexico\/2019\/01\/16\/corte-niega-solicitud-de-ift-para-mantener-sueldos-arriba-del-de-amlo\/\"]}]},{\"@type\":\"ImageObject\",\"inLanguage\":\"es\",\"@id\":\"https:\/\/noti-america.com\/site\/mexico\/2019\/01\/16\/corte-niega-solicitud-de-ift-para-mantener-sueldos-arriba-del-de-amlo\/#primaryimage\",\"url\":\"https:\/\/noti-america.com\/site\/mexico\/wp-content\/uploads\/sites\/13\/2019\/01\/164640-Principal.jpg\",\"contentUrl\":\"https:\/\/noti-america.com\/site\/mexico\/wp-content\/uploads\/sites\/13\/2019\/01\/164640-Principal.jpg\",\"width\":750,\"height\":450},{\"@type\":\"BreadcrumbList\",\"@id\":\"https:\/\/noti-america.com\/site\/mexico\/2019\/01\/16\/corte-niega-solicitud-de-ift-para-mantener-sueldos-arriba-del-de-amlo\/#breadcrumb\",\"itemListElement\":[{\"@type\":\"ListItem\",\"position\":1,\"name\":\"Portada\",\"item\":\"https:\/\/noti-america.com\/site\/mexico\/\"},{\"@type\":\"ListItem\",\"position\":2,\"name\":\"Corte niega solicitud de IFT para mantener sueldos arriba del de AMLO\"}]},{\"@type\":\"WebSite\",\"@id\":\"https:\/\/noti-america.com\/site\/mexico\/#website\",\"url\":\"https:\/\/noti-america.com\/site\/mexico\/\",\"name\":\"M\u00e9xico | Noti-America.com\",\"description\":\"\",\"publisher\":{\"@id\":\"https:\/\/noti-america.com\/site\/mexico\/#organization\"},\"potentialAction\":[{\"@type\":\"SearchAction\",\"target\":{\"@type\":\"EntryPoint\",\"urlTemplate\":\"https:\/\/noti-america.com\/site\/mexico\/?s={search_term_string}\"},\"query-input\":{\"@type\":\"PropertyValueSpecification\",\"valueRequired\":true,\"valueName\":\"search_term_string\"}}],\"inLanguage\":\"es\"},{\"@type\":\"Organization\",\"@id\":\"https:\/\/noti-america.com\/site\/mexico\/#organization\",\"name\":\"Noti-America LLC | M\u00e9xico\",\"url\":\"https:\/\/noti-america.com\/site\/mexico\/\",\"logo\":{\"@type\":\"ImageObject\",\"inLanguage\":\"es\",\"@id\":\"https:\/\/noti-america.com\/site\/mexico\/#\/schema\/logo\/image\/\",\"url\":\"https:\/\/noti-america.com\/site\/mexico\/wp-content\/uploads\/sites\/13\/2020\/07\/LogoNA-4x3-1.jpg\",\"contentUrl\":\"https:\/\/noti-america.com\/site\/mexico\/wp-content\/uploads\/sites\/13\/2020\/07\/LogoNA-4x3-1.jpg\",\"width\":1236,\"height\":1080,\"caption\":\"Noti-America LLC | M\u00e9xico\"},\"image\":{\"@id\":\"https:\/\/noti-america.com\/site\/mexico\/#\/schema\/logo\/image\/\"}},{\"@type\":\"Person\",\"@id\":\"https:\/\/noti-america.com\/site\/mexico\/#\/schema\/person\/db5a6527aaddfc34b3753d557a1292f0\",\"name\":\"Redacci\u00f3n NA-NY\",\"image\":{\"@type\":\"ImageObject\",\"inLanguage\":\"es\",\"@id\":\"https:\/\/secure.gravatar.com\/avatar\/2bd75bb500a8deb1390f777293a9af32d934c46613d2fbac7cceb2aaa2679ae8?s=96&d=mm&r=g\",\"url\":\"https:\/\/secure.gravatar.com\/avatar\/2bd75bb500a8deb1390f777293a9af32d934c46613d2fbac7cceb2aaa2679ae8?s=96&d=mm&r=g\",\"contentUrl\":\"https:\/\/secure.gravatar.com\/avatar\/2bd75bb500a8deb1390f777293a9af32d934c46613d2fbac7cceb2aaa2679ae8?s=96&d=mm&r=g\",\"caption\":\"Redacci\u00f3n NA-NY\"},\"url\":\"https:\/\/noti-america.com\/site\/mexico\/author\/redaccionny\/\"}]}<\/script>\n<!-- \/ Yoast SEO Premium plugin. -->","yoast_head_json":{"title":"Corte niega solicitud de IFT para mantener sueldos arriba del de AMLO - M\u00e9xico","robots":{"index":"index","follow":"follow","max-snippet":"max-snippet:-1","max-image-preview":"max-image-preview:large","max-video-preview":"max-video-preview:-1"},"canonical":"https:\/\/noti-america.com\/site\/mexico\/2019\/01\/16\/corte-niega-solicitud-de-ift-para-mantener-sueldos-arriba-del-de-amlo\/","og_locale":"es_ES","og_type":"article","og_title":"Corte niega solicitud de IFT para mantener sueldos arriba del de AMLO","og_description":"Fuente:\u00a0\u00a0https:\/\/www.unotv.com\/noticias\/ &nbsp; La Suprema Corte de Justicia de la Naci\u00f3n (SCJN) acept\u00f3 a tr\u00e1mite la controversia constitucional promovida por el Instituto Federal de Telecomunicaciones (IFT), que impugna el Presupuesto de\u00a0Egresos de la Federaci\u00f3n 2019&#46;&#46;&#46;","og_url":"https:\/\/noti-america.com\/site\/mexico\/2019\/01\/16\/corte-niega-solicitud-de-ift-para-mantener-sueldos-arriba-del-de-amlo\/","og_site_name":"M\u00e9xico","article_published_time":"2019-01-16T02:23:57+00:00","og_image":[{"width":750,"height":450,"url":"https:\/\/noti-america.com\/site\/mexico\/wp-content\/uploads\/sites\/13\/2019\/01\/164640-Principal.jpg","type":"image\/jpeg"}],"author":"Redacci\u00f3n NA-NY","twitter_card":"summary_large_image","twitter_misc":{"Escrito por":"Redacci\u00f3n NA-NY","Tiempo estimado de lectura":"1 minuto"},"schema":{"@context":"https:\/\/schema.org","@graph":[{"@type":"Article","@id":"https:\/\/noti-america.com\/site\/mexico\/2019\/01\/16\/corte-niega-solicitud-de-ift-para-mantener-sueldos-arriba-del-de-amlo\/#article","isPartOf":{"@id":"https:\/\/noti-america.com\/site\/mexico\/2019\/01\/16\/corte-niega-solicitud-de-ift-para-mantener-sueldos-arriba-del-de-amlo\/"},"author":{"name":"Redacci\u00f3n NA-NY","@id":"https:\/\/noti-america.com\/site\/mexico\/#\/schema\/person\/db5a6527aaddfc34b3753d557a1292f0"},"headline":"Corte niega solicitud de IFT para mantener sueldos arriba del de AMLO","datePublished":"2019-01-16T02:23:57+00:00","mainEntityOfPage":{"@id":"https:\/\/noti-america.com\/site\/mexico\/2019\/01\/16\/corte-niega-solicitud-de-ift-para-mantener-sueldos-arriba-del-de-amlo\/"},"wordCount":181,"commentCount":0,"publisher":{"@id":"https:\/\/noti-america.com\/site\/mexico\/#organization"},"image":{"@id":"https:\/\/noti-america.com\/site\/mexico\/2019\/01\/16\/corte-niega-solicitud-de-ift-para-mantener-sueldos-arriba-del-de-amlo\/#primaryimage"},"thumbnailUrl":"https:\/\/noti-america.com\/site\/mexico\/wp-content\/uploads\/sites\/13\/2019\/01\/164640-Principal.jpg","keywords":["Corte niega solicitud de IFT para mantener sueldos arriba del de AMLO"],"articleSection":["Uncategorized"],"inLanguage":"es","potentialAction":[{"@type":"CommentAction","name":"Comment","target":["https:\/\/noti-america.com\/site\/mexico\/2019\/01\/16\/corte-niega-solicitud-de-ift-para-mantener-sueldos-arriba-del-de-amlo\/#respond"]}]},{"@type":"WebPage","@id":"https:\/\/noti-america.com\/site\/mexico\/2019\/01\/16\/corte-niega-solicitud-de-ift-para-mantener-sueldos-arriba-del-de-amlo\/","url":"https:\/\/noti-america.com\/site\/mexico\/2019\/01\/16\/corte-niega-solicitud-de-ift-para-mantener-sueldos-arriba-del-de-amlo\/","name":"Corte niega solicitud de IFT para mantener sueldos arriba del de AMLO - M\u00e9xico","isPartOf":{"@id":"https:\/\/noti-america.com\/site\/mexico\/#website"},"primaryImageOfPage":{"@id":"https:\/\/noti-america.com\/site\/mexico\/2019\/01\/16\/corte-niega-solicitud-de-ift-para-mantener-sueldos-arriba-del-de-amlo\/#primaryimage"},"image":{"@id":"https:\/\/noti-america.com\/site\/mexico\/2019\/01\/16\/corte-niega-solicitud-de-ift-para-mantener-sueldos-arriba-del-de-amlo\/#primaryimage"},"thumbnailUrl":"https:\/\/noti-america.com\/site\/mexico\/wp-content\/uploads\/sites\/13\/2019\/01\/164640-Principal.jpg","datePublished":"2019-01-16T02:23:57+00:00","breadcrumb":{"@id":"https:\/\/noti-america.com\/site\/mexico\/2019\/01\/16\/corte-niega-solicitud-de-ift-para-mantener-sueldos-arriba-del-de-amlo\/#breadcrumb"},"inLanguage":"es","potentialAction":[{"@type":"ReadAction","target":["https:\/\/noti-america.com\/site\/mexico\/2019\/01\/16\/corte-niega-solicitud-de-ift-para-mantener-sueldos-arriba-del-de-amlo\/"]}]},{"@type":"ImageObject","inLanguage":"es","@id":"https:\/\/noti-america.com\/site\/mexico\/2019\/01\/16\/corte-niega-solicitud-de-ift-para-mantener-sueldos-arriba-del-de-amlo\/#primaryimage","url":"https:\/\/noti-america.com\/site\/mexico\/wp-content\/uploads\/sites\/13\/2019\/01\/164640-Principal.jpg","contentUrl":"https:\/\/noti-america.com\/site\/mexico\/wp-content\/uploads\/sites\/13\/2019\/01\/164640-Principal.jpg","width":750,"height":450},{"@type":"BreadcrumbList","@id":"https:\/\/noti-america.com\/site\/mexico\/2019\/01\/16\/corte-niega-solicitud-de-ift-para-mantener-sueldos-arriba-del-de-amlo\/#breadcrumb","itemListElement":[{"@type":"ListItem","position":1,"name":"Portada","item":"https:\/\/noti-america.com\/site\/mexico\/"},{"@type":"ListItem","position":2,"name":"Corte niega solicitud de IFT para mantener sueldos arriba del de AMLO"}]},{"@type":"WebSite","@id":"https:\/\/noti-america.com\/site\/mexico\/#website","url":"https:\/\/noti-america.com\/site\/mexico\/","name":"M\u00e9xico | Noti-America.com","description":"","publisher":{"@id":"https:\/\/noti-america.com\/site\/mexico\/#organization"},"potentialAction":[{"@type":"SearchAction","target":{"@type":"EntryPoint","urlTemplate":"https:\/\/noti-america.com\/site\/mexico\/?s={search_term_string}"},"query-input":{"@type":"PropertyValueSpecification","valueRequired":true,"valueName":"search_term_string"}}],"inLanguage":"es"},{"@type":"Organization","@id":"https:\/\/noti-america.com\/site\/mexico\/#organization","name":"Noti-America LLC | M\u00e9xico","url":"https:\/\/noti-america.com\/site\/mexico\/","logo":{"@type":"ImageObject","inLanguage":"es","@id":"https:\/\/noti-america.com\/site\/mexico\/#\/schema\/logo\/image\/","url":"https:\/\/noti-america.com\/site\/mexico\/wp-content\/uploads\/sites\/13\/2020\/07\/LogoNA-4x3-1.jpg","contentUrl":"https:\/\/noti-america.com\/site\/mexico\/wp-content\/uploads\/sites\/13\/2020\/07\/LogoNA-4x3-1.jpg","width":1236,"height":1080,"caption":"Noti-America LLC | M\u00e9xico"},"image":{"@id":"https:\/\/noti-america.com\/site\/mexico\/#\/schema\/logo\/image\/"}},{"@type":"Person","@id":"https:\/\/noti-america.com\/site\/mexico\/#\/schema\/person\/db5a6527aaddfc34b3753d557a1292f0","name":"Redacci\u00f3n NA-NY","image":{"@type":"ImageObject","inLanguage":"es","@id":"https:\/\/secure.gravatar.com\/avatar\/2bd75bb500a8deb1390f777293a9af32d934c46613d2fbac7cceb2aaa2679ae8?s=96&d=mm&r=g","url":"https:\/\/secure.gravatar.com\/avatar\/2bd75bb500a8deb1390f777293a9af32d934c46613d2fbac7cceb2aaa2679ae8?s=96&d=mm&r=g","contentUrl":"https:\/\/secure.gravatar.com\/avatar\/2bd75bb500a8deb1390f777293a9af32d934c46613d2fbac7cceb2aaa2679ae8?s=96&d=mm&r=g","caption":"Redacci\u00f3n NA-NY"},"url":"https:\/\/noti-america.com\/site\/mexico\/author\/redaccionny\/"}]}},"_links":{"self":[{"href":"https:\/\/noti-america.com\/site\/mexico\/wp-json\/wp\/v2\/posts\/2510","targetHints":{"allow":["GET"]}}],"collection":[{"href":"https:\/\/noti-america.com\/site\/mexico\/wp-json\/wp\/v2\/posts"}],"about":[{"href":"https:\/\/noti-america.com\/site\/mexico\/wp-json\/wp\/v2\/types\/post"}],"author":[{"embeddable":true,"href":"https:\/\/noti-america.com\/site\/mexico\/wp-json\/wp\/v2\/users\/28"}],"replies":[{"embeddable":true,"href":"https:\/\/noti-america.com\/site\/mexico\/wp-json\/wp\/v2\/comments?post=2510"}],"version-history":[{"count":1,"href":"https:\/\/noti-america.com\/site\/mexico\/wp-json\/wp\/v2\/posts\/2510\/revisions"}],"predecessor-version":[{"id":2512,"href":"https:\/\/noti-america.com\/site\/mexico\/wp-json\/wp\/v2\/posts\/2510\/revisions\/2512"}],"wp:featuredmedia":[{"embeddable":true,"href":"https:\/\/noti-america.com\/site\/mexico\/wp-json\/wp\/v2\/media\/2511"}],"wp:attachment":[{"href":"https:\/\/noti-america.com\/site\/mexico\/wp-json\/wp\/v2\/media?parent=2510"}],"wp:term":[{"taxonomy":"category","embeddable":true,"href":"https:\/\/noti-america.com\/site\/mexico\/wp-json\/wp\/v2\/categories?post=2510"},{"taxonomy":"post_tag","embeddable":true,"href":"https:\/\/noti-america.com\/site\/mexico\/wp-json\/wp\/v2\/tags?post=2510"}],"curies":[{"name":"wp","href":"https:\/\/api.w.org\/{rel}","templated":true}]}}