{"id":2498,"date":"2019-01-15T04:00:21","date_gmt":"2019-01-15T04:00:21","guid":{"rendered":"http:\/\/noti-america.com\/site\/mexico\/?p=2498"},"modified":"2019-01-15T04:00:21","modified_gmt":"2019-01-15T04:00:21","slug":"la-cnte-toma-alcaldias-vias-de-tren-y-oficinas-de-rentas-en-michoacan","status":"publish","type":"post","link":"https:\/\/noti-america.com\/site\/mexico\/2019\/01\/15\/la-cnte-toma-alcaldias-vias-de-tren-y-oficinas-de-rentas-en-michoacan\/","title":{"rendered":"La CNTE \u00abtoma\u00bb alcald\u00edas, v\u00edas de tren y oficinas de rentas en Michoac\u00e1n"},"content":{"rendered":"<h3><img loading=\"lazy\" decoding=\"async\" class=\"wp-image-2499 aligncenter\" src=\"http:\/\/noti-america.com\/site\/mexico\/wp-content\/uploads\/sites\/13\/2019\/01\/cnte_michoacxn_sun_crop1547496018612.jpg_1970638775-300x189.jpg\" alt=\"\" width=\"543\" height=\"342\" srcset=\"https:\/\/noti-america.com\/site\/mexico\/wp-content\/uploads\/sites\/13\/2019\/01\/cnte_michoacxn_sun_crop1547496018612.jpg_1970638775-300x189.jpg 300w, https:\/\/noti-america.com\/site\/mexico\/wp-content\/uploads\/sites\/13\/2019\/01\/cnte_michoacxn_sun_crop1547496018612.jpg_1970638775-768x484.jpg 768w, https:\/\/noti-america.com\/site\/mexico\/wp-content\/uploads\/sites\/13\/2019\/01\/cnte_michoacxn_sun_crop1547496018612.jpg_1970638775.jpg 770w\" sizes=\"auto, (max-width: 543px) 100vw, 543px\" \/><\/h3>\n<h3><\/h3>\n<h3>Fuente:\u00a0\u00a0https:\/\/www.informador.mx\/<\/h3>\n<p>&nbsp;<\/p>\n<p>La Secci\u00f3n 18 de la\u00a0<strong>Coordinadora Nacional de Trabajadores de la Educaci\u00f3n<\/strong>\u00a0tom\u00f3 alcald\u00edas, v\u00edas del tren y oficinas de rentas de diferentes municipios de Michoac\u00e1n para exigir que le sean cubiertos los bonos, compensaciones y otros conceptos adicionales al salario que argumentaron, les adeuda el gobierno del estado.<\/p>\n<p><strong>La movilizaci\u00f3n inici\u00f3 despu\u00e9s de las 10:30 horas en diferentes regiones de la entidad<\/strong>, en la que bloquearon las v\u00edas del tren e impidieron la actividad en alcald\u00edas y oficinas de rentas.<\/p>\n<div id=\"div-pos-2\"><\/div>\n<div id=\"div-gpt-ad-1539621500235-0\" data-google-query-id=\"CPHwzMzy7t8CFQO-TwodOv4KLw\"><\/div>\n<p>La CNTE tambi\u00e9n advirti\u00f3 que este mismo lunes instalar\u00e1 un plant\u00f3n a las afueras de Palacio de Gobierno, en pleno Centro de la ciudad de Morelia, para ejercer mayor presi\u00f3n a sus demandas, adicional al paro de labores.<\/p>\n<p><strong>Entre las exigencias de la Coordinadora est\u00e1n el alto al pago diferenciado de plazas estatales y federales, pago de bonos pendientes,\u00a0interinatos, programas y el reintegro de Impuesto Sobre la Renta (ISR) de aguinaldo de los dos \u00faltimos a\u00f1o<\/strong>s.<\/p>\n<p>Asimismo, acus\u00f3 el retardo de hasta de cuatro a\u00f1os a trabajadores que cubrieron interinatos, a los agremiados eventuales en programas como alfabetizaci\u00f3n, escuelas integrales, desarrollo ling\u00fc\u00edstico y otros.<\/p>\n<p>El ala magisterial disidente inform\u00f3 que este d\u00eda acordar\u00e1n si ampl\u00edan su plan de acciones y cu\u00e1l ser\u00e1 el mecanismo que adoptar\u00e1n si no les son cubiertas sus demandas.<\/p>\n","protected":false},"excerpt":{"rendered":"<p>Fuente:\u00a0\u00a0https:\/\/www.informador.mx\/ &nbsp; La Secci\u00f3n 18 de la\u00a0Coordinadora Nacional de Trabajadores de la Educaci\u00f3n\u00a0tom\u00f3 alcald\u00edas, v\u00edas del tren y oficinas de rentas de diferentes municipios de Michoac\u00e1n para exigir que le sean cubiertos los bonos,&#46;&#46;&#46;<\/p>\n","protected":false},"author":28,"featured_media":2499,"comment_status":"open","ping_status":"open","sticky":false,"template":"","format":"standard","meta":{"_acf_changed":false,"om_disable_all_campaigns":false,"rop_custom_images_group":[],"rop_custom_messages_group":[],"rop_publish_now":"initial","rop_publish_now_accounts":{"twitter_242054905_242054905":""},"rop_publish_now_history":[],"rop_publish_now_status":"pending","_uf_show_specific_survey":0,"_uf_disable_surveys":false,"footnotes":""},"categories":[1],"tags":[252,253],"class_list":["post-2498","post","type-post","status-publish","format-standard","has-post-thumbnail","hentry","category-uncategorized","tag-la-cnte-toma-alcaldias","tag-vias-de-tren-y-oficinas-de-rentas-en-michoacan"],"acf":[],"aioseo_notices":[],"yoast_head":"<!-- This site is optimized with the Yoast SEO Premium plugin v24.9 (Yoast SEO v27.2) - https:\/\/yoast.com\/product\/yoast-seo-premium-wordpress\/ -->\n<title>La CNTE &quot;toma&quot; alcald\u00edas, v\u00edas de tren y oficinas de rentas en Michoac\u00e1n - M\u00e9xico<\/title>\n<meta name=\"robots\" content=\"index, follow, max-snippet:-1, max-image-preview:large, max-video-preview:-1\" \/>\n<link rel=\"canonical\" href=\"https:\/\/noti-america.com\/site\/mexico\/2019\/01\/15\/la-cnte-toma-alcaldias-vias-de-tren-y-oficinas-de-rentas-en-michoacan\/\" \/>\n<meta property=\"og:locale\" content=\"es_ES\" \/>\n<meta property=\"og:type\" content=\"article\" \/>\n<meta property=\"og:title\" content=\"La CNTE &quot;toma&quot; alcald\u00edas, v\u00edas de tren y oficinas de rentas en Michoac\u00e1n\" \/>\n<meta property=\"og:description\" content=\"Fuente:\u00a0\u00a0https:\/\/www.informador.mx\/ &nbsp; La Secci\u00f3n 18 de la\u00a0Coordinadora Nacional de Trabajadores de la Educaci\u00f3n\u00a0tom\u00f3 alcald\u00edas, v\u00edas del tren y oficinas de rentas de diferentes municipios de Michoac\u00e1n para exigir que le sean cubiertos los bonos,&#046;&#046;&#046;\" \/>\n<meta property=\"og:url\" content=\"https:\/\/noti-america.com\/site\/mexico\/2019\/01\/15\/la-cnte-toma-alcaldias-vias-de-tren-y-oficinas-de-rentas-en-michoacan\/\" \/>\n<meta property=\"og:site_name\" content=\"M\u00e9xico\" \/>\n<meta property=\"article:published_time\" content=\"2019-01-15T04:00:21+00:00\" \/>\n<meta property=\"og:image\" content=\"https:\/\/noti-america.com\/site\/mexico\/wp-content\/uploads\/sites\/13\/2019\/01\/cnte_michoacxn_sun_crop1547496018612.jpg_1970638775.jpg\" \/>\n\t<meta property=\"og:image:width\" content=\"770\" \/>\n\t<meta property=\"og:image:height\" content=\"485\" \/>\n\t<meta property=\"og:image:type\" content=\"image\/jpeg\" \/>\n<meta name=\"author\" content=\"Redacci\u00f3n NA-NY\" \/>\n<meta name=\"twitter:card\" content=\"summary_large_image\" \/>\n<meta name=\"twitter:label1\" content=\"Escrito por\" \/>\n\t<meta name=\"twitter:data1\" content=\"Redacci\u00f3n NA-NY\" \/>\n\t<meta name=\"twitter:label2\" content=\"Tiempo estimado de lectura\" \/>\n\t<meta name=\"twitter:data2\" content=\"1 minuto\" \/>\n<script type=\"application\/ld+json\" class=\"yoast-schema-graph\">{\"@context\":\"https:\/\/schema.org\",\"@graph\":[{\"@type\":\"Article\",\"@id\":\"https:\/\/noti-america.com\/site\/mexico\/2019\/01\/15\/la-cnte-toma-alcaldias-vias-de-tren-y-oficinas-de-rentas-en-michoacan\/#article\",\"isPartOf\":{\"@id\":\"https:\/\/noti-america.com\/site\/mexico\/2019\/01\/15\/la-cnte-toma-alcaldias-vias-de-tren-y-oficinas-de-rentas-en-michoacan\/\"},\"author\":{\"name\":\"Redacci\u00f3n NA-NY\",\"@id\":\"https:\/\/noti-america.com\/site\/mexico\/#\/schema\/person\/db5a6527aaddfc34b3753d557a1292f0\"},\"headline\":\"La CNTE \u00abtoma\u00bb alcald\u00edas, v\u00edas de tren y oficinas de rentas en Michoac\u00e1n\",\"datePublished\":\"2019-01-15T04:00:21+00:00\",\"mainEntityOfPage\":{\"@id\":\"https:\/\/noti-america.com\/site\/mexico\/2019\/01\/15\/la-cnte-toma-alcaldias-vias-de-tren-y-oficinas-de-rentas-en-michoacan\/\"},\"wordCount\":257,\"commentCount\":0,\"publisher\":{\"@id\":\"https:\/\/noti-america.com\/site\/mexico\/#organization\"},\"image\":{\"@id\":\"https:\/\/noti-america.com\/site\/mexico\/2019\/01\/15\/la-cnte-toma-alcaldias-vias-de-tren-y-oficinas-de-rentas-en-michoacan\/#primaryimage\"},\"thumbnailUrl\":\"https:\/\/noti-america.com\/site\/mexico\/wp-content\/uploads\/sites\/13\/2019\/01\/cnte_michoacxn_sun_crop1547496018612.jpg_1970638775.jpg\",\"keywords\":[\"La CNTE \\\"toma\\\" alcald\u00edas\",\"v\u00edas de tren y oficinas de rentas en Michoac\u00e1n\"],\"articleSection\":[\"Uncategorized\"],\"inLanguage\":\"es\",\"potentialAction\":[{\"@type\":\"CommentAction\",\"name\":\"Comment\",\"target\":[\"https:\/\/noti-america.com\/site\/mexico\/2019\/01\/15\/la-cnte-toma-alcaldias-vias-de-tren-y-oficinas-de-rentas-en-michoacan\/#respond\"]}]},{\"@type\":\"WebPage\",\"@id\":\"https:\/\/noti-america.com\/site\/mexico\/2019\/01\/15\/la-cnte-toma-alcaldias-vias-de-tren-y-oficinas-de-rentas-en-michoacan\/\",\"url\":\"https:\/\/noti-america.com\/site\/mexico\/2019\/01\/15\/la-cnte-toma-alcaldias-vias-de-tren-y-oficinas-de-rentas-en-michoacan\/\",\"name\":\"La CNTE \\\"toma\\\" alcald\u00edas, v\u00edas de tren y oficinas de rentas en Michoac\u00e1n - M\u00e9xico\",\"isPartOf\":{\"@id\":\"https:\/\/noti-america.com\/site\/mexico\/#website\"},\"primaryImageOfPage\":{\"@id\":\"https:\/\/noti-america.com\/site\/mexico\/2019\/01\/15\/la-cnte-toma-alcaldias-vias-de-tren-y-oficinas-de-rentas-en-michoacan\/#primaryimage\"},\"image\":{\"@id\":\"https:\/\/noti-america.com\/site\/mexico\/2019\/01\/15\/la-cnte-toma-alcaldias-vias-de-tren-y-oficinas-de-rentas-en-michoacan\/#primaryimage\"},\"thumbnailUrl\":\"https:\/\/noti-america.com\/site\/mexico\/wp-content\/uploads\/sites\/13\/2019\/01\/cnte_michoacxn_sun_crop1547496018612.jpg_1970638775.jpg\",\"datePublished\":\"2019-01-15T04:00:21+00:00\",\"breadcrumb\":{\"@id\":\"https:\/\/noti-america.com\/site\/mexico\/2019\/01\/15\/la-cnte-toma-alcaldias-vias-de-tren-y-oficinas-de-rentas-en-michoacan\/#breadcrumb\"},\"inLanguage\":\"es\",\"potentialAction\":[{\"@type\":\"ReadAction\",\"target\":[\"https:\/\/noti-america.com\/site\/mexico\/2019\/01\/15\/la-cnte-toma-alcaldias-vias-de-tren-y-oficinas-de-rentas-en-michoacan\/\"]}]},{\"@type\":\"ImageObject\",\"inLanguage\":\"es\",\"@id\":\"https:\/\/noti-america.com\/site\/mexico\/2019\/01\/15\/la-cnte-toma-alcaldias-vias-de-tren-y-oficinas-de-rentas-en-michoacan\/#primaryimage\",\"url\":\"https:\/\/noti-america.com\/site\/mexico\/wp-content\/uploads\/sites\/13\/2019\/01\/cnte_michoacxn_sun_crop1547496018612.jpg_1970638775.jpg\",\"contentUrl\":\"https:\/\/noti-america.com\/site\/mexico\/wp-content\/uploads\/sites\/13\/2019\/01\/cnte_michoacxn_sun_crop1547496018612.jpg_1970638775.jpg\",\"width\":770,\"height\":485},{\"@type\":\"BreadcrumbList\",\"@id\":\"https:\/\/noti-america.com\/site\/mexico\/2019\/01\/15\/la-cnte-toma-alcaldias-vias-de-tren-y-oficinas-de-rentas-en-michoacan\/#breadcrumb\",\"itemListElement\":[{\"@type\":\"ListItem\",\"position\":1,\"name\":\"Portada\",\"item\":\"https:\/\/noti-america.com\/site\/mexico\/\"},{\"@type\":\"ListItem\",\"position\":2,\"name\":\"La CNTE \u00abtoma\u00bb alcald\u00edas, v\u00edas de tren y oficinas de rentas en Michoac\u00e1n\"}]},{\"@type\":\"WebSite\",\"@id\":\"https:\/\/noti-america.com\/site\/mexico\/#website\",\"url\":\"https:\/\/noti-america.com\/site\/mexico\/\",\"name\":\"M\u00e9xico | Noti-America.com\",\"description\":\"\",\"publisher\":{\"@id\":\"https:\/\/noti-america.com\/site\/mexico\/#organization\"},\"potentialAction\":[{\"@type\":\"SearchAction\",\"target\":{\"@type\":\"EntryPoint\",\"urlTemplate\":\"https:\/\/noti-america.com\/site\/mexico\/?s={search_term_string}\"},\"query-input\":{\"@type\":\"PropertyValueSpecification\",\"valueRequired\":true,\"valueName\":\"search_term_string\"}}],\"inLanguage\":\"es\"},{\"@type\":\"Organization\",\"@id\":\"https:\/\/noti-america.com\/site\/mexico\/#organization\",\"name\":\"Noti-America LLC | M\u00e9xico\",\"url\":\"https:\/\/noti-america.com\/site\/mexico\/\",\"logo\":{\"@type\":\"ImageObject\",\"inLanguage\":\"es\",\"@id\":\"https:\/\/noti-america.com\/site\/mexico\/#\/schema\/logo\/image\/\",\"url\":\"https:\/\/noti-america.com\/site\/mexico\/wp-content\/uploads\/sites\/13\/2020\/07\/LogoNA-4x3-1.jpg\",\"contentUrl\":\"https:\/\/noti-america.com\/site\/mexico\/wp-content\/uploads\/sites\/13\/2020\/07\/LogoNA-4x3-1.jpg\",\"width\":1236,\"height\":1080,\"caption\":\"Noti-America LLC | M\u00e9xico\"},\"image\":{\"@id\":\"https:\/\/noti-america.com\/site\/mexico\/#\/schema\/logo\/image\/\"}},{\"@type\":\"Person\",\"@id\":\"https:\/\/noti-america.com\/site\/mexico\/#\/schema\/person\/db5a6527aaddfc34b3753d557a1292f0\",\"name\":\"Redacci\u00f3n NA-NY\",\"image\":{\"@type\":\"ImageObject\",\"inLanguage\":\"es\",\"@id\":\"https:\/\/secure.gravatar.com\/avatar\/2bd75bb500a8deb1390f777293a9af32d934c46613d2fbac7cceb2aaa2679ae8?s=96&d=mm&r=g\",\"url\":\"https:\/\/secure.gravatar.com\/avatar\/2bd75bb500a8deb1390f777293a9af32d934c46613d2fbac7cceb2aaa2679ae8?s=96&d=mm&r=g\",\"contentUrl\":\"https:\/\/secure.gravatar.com\/avatar\/2bd75bb500a8deb1390f777293a9af32d934c46613d2fbac7cceb2aaa2679ae8?s=96&d=mm&r=g\",\"caption\":\"Redacci\u00f3n NA-NY\"},\"url\":\"https:\/\/noti-america.com\/site\/mexico\/author\/redaccionny\/\"}]}<\/script>\n<!-- \/ Yoast SEO Premium plugin. -->","yoast_head_json":{"title":"La CNTE \"toma\" alcald\u00edas, v\u00edas de tren y oficinas de rentas en Michoac\u00e1n - M\u00e9xico","robots":{"index":"index","follow":"follow","max-snippet":"max-snippet:-1","max-image-preview":"max-image-preview:large","max-video-preview":"max-video-preview:-1"},"canonical":"https:\/\/noti-america.com\/site\/mexico\/2019\/01\/15\/la-cnte-toma-alcaldias-vias-de-tren-y-oficinas-de-rentas-en-michoacan\/","og_locale":"es_ES","og_type":"article","og_title":"La CNTE \"toma\" alcald\u00edas, v\u00edas de tren y oficinas de rentas en Michoac\u00e1n","og_description":"Fuente:\u00a0\u00a0https:\/\/www.informador.mx\/ &nbsp; La Secci\u00f3n 18 de la\u00a0Coordinadora Nacional de Trabajadores de la Educaci\u00f3n\u00a0tom\u00f3 alcald\u00edas, v\u00edas del tren y oficinas de rentas de diferentes municipios de Michoac\u00e1n para exigir que le sean cubiertos los bonos,&#46;&#46;&#46;","og_url":"https:\/\/noti-america.com\/site\/mexico\/2019\/01\/15\/la-cnte-toma-alcaldias-vias-de-tren-y-oficinas-de-rentas-en-michoacan\/","og_site_name":"M\u00e9xico","article_published_time":"2019-01-15T04:00:21+00:00","og_image":[{"width":770,"height":485,"url":"https:\/\/noti-america.com\/site\/mexico\/wp-content\/uploads\/sites\/13\/2019\/01\/cnte_michoacxn_sun_crop1547496018612.jpg_1970638775.jpg","type":"image\/jpeg"}],"author":"Redacci\u00f3n NA-NY","twitter_card":"summary_large_image","twitter_misc":{"Escrito por":"Redacci\u00f3n NA-NY","Tiempo estimado de lectura":"1 minuto"},"schema":{"@context":"https:\/\/schema.org","@graph":[{"@type":"Article","@id":"https:\/\/noti-america.com\/site\/mexico\/2019\/01\/15\/la-cnte-toma-alcaldias-vias-de-tren-y-oficinas-de-rentas-en-michoacan\/#article","isPartOf":{"@id":"https:\/\/noti-america.com\/site\/mexico\/2019\/01\/15\/la-cnte-toma-alcaldias-vias-de-tren-y-oficinas-de-rentas-en-michoacan\/"},"author":{"name":"Redacci\u00f3n NA-NY","@id":"https:\/\/noti-america.com\/site\/mexico\/#\/schema\/person\/db5a6527aaddfc34b3753d557a1292f0"},"headline":"La CNTE \u00abtoma\u00bb alcald\u00edas, v\u00edas de tren y oficinas de rentas en Michoac\u00e1n","datePublished":"2019-01-15T04:00:21+00:00","mainEntityOfPage":{"@id":"https:\/\/noti-america.com\/site\/mexico\/2019\/01\/15\/la-cnte-toma-alcaldias-vias-de-tren-y-oficinas-de-rentas-en-michoacan\/"},"wordCount":257,"commentCount":0,"publisher":{"@id":"https:\/\/noti-america.com\/site\/mexico\/#organization"},"image":{"@id":"https:\/\/noti-america.com\/site\/mexico\/2019\/01\/15\/la-cnte-toma-alcaldias-vias-de-tren-y-oficinas-de-rentas-en-michoacan\/#primaryimage"},"thumbnailUrl":"https:\/\/noti-america.com\/site\/mexico\/wp-content\/uploads\/sites\/13\/2019\/01\/cnte_michoacxn_sun_crop1547496018612.jpg_1970638775.jpg","keywords":["La CNTE \"toma\" alcald\u00edas","v\u00edas de tren y oficinas de rentas en Michoac\u00e1n"],"articleSection":["Uncategorized"],"inLanguage":"es","potentialAction":[{"@type":"CommentAction","name":"Comment","target":["https:\/\/noti-america.com\/site\/mexico\/2019\/01\/15\/la-cnte-toma-alcaldias-vias-de-tren-y-oficinas-de-rentas-en-michoacan\/#respond"]}]},{"@type":"WebPage","@id":"https:\/\/noti-america.com\/site\/mexico\/2019\/01\/15\/la-cnte-toma-alcaldias-vias-de-tren-y-oficinas-de-rentas-en-michoacan\/","url":"https:\/\/noti-america.com\/site\/mexico\/2019\/01\/15\/la-cnte-toma-alcaldias-vias-de-tren-y-oficinas-de-rentas-en-michoacan\/","name":"La CNTE \"toma\" alcald\u00edas, v\u00edas de tren y oficinas de rentas en Michoac\u00e1n - M\u00e9xico","isPartOf":{"@id":"https:\/\/noti-america.com\/site\/mexico\/#website"},"primaryImageOfPage":{"@id":"https:\/\/noti-america.com\/site\/mexico\/2019\/01\/15\/la-cnte-toma-alcaldias-vias-de-tren-y-oficinas-de-rentas-en-michoacan\/#primaryimage"},"image":{"@id":"https:\/\/noti-america.com\/site\/mexico\/2019\/01\/15\/la-cnte-toma-alcaldias-vias-de-tren-y-oficinas-de-rentas-en-michoacan\/#primaryimage"},"thumbnailUrl":"https:\/\/noti-america.com\/site\/mexico\/wp-content\/uploads\/sites\/13\/2019\/01\/cnte_michoacxn_sun_crop1547496018612.jpg_1970638775.jpg","datePublished":"2019-01-15T04:00:21+00:00","breadcrumb":{"@id":"https:\/\/noti-america.com\/site\/mexico\/2019\/01\/15\/la-cnte-toma-alcaldias-vias-de-tren-y-oficinas-de-rentas-en-michoacan\/#breadcrumb"},"inLanguage":"es","potentialAction":[{"@type":"ReadAction","target":["https:\/\/noti-america.com\/site\/mexico\/2019\/01\/15\/la-cnte-toma-alcaldias-vias-de-tren-y-oficinas-de-rentas-en-michoacan\/"]}]},{"@type":"ImageObject","inLanguage":"es","@id":"https:\/\/noti-america.com\/site\/mexico\/2019\/01\/15\/la-cnte-toma-alcaldias-vias-de-tren-y-oficinas-de-rentas-en-michoacan\/#primaryimage","url":"https:\/\/noti-america.com\/site\/mexico\/wp-content\/uploads\/sites\/13\/2019\/01\/cnte_michoacxn_sun_crop1547496018612.jpg_1970638775.jpg","contentUrl":"https:\/\/noti-america.com\/site\/mexico\/wp-content\/uploads\/sites\/13\/2019\/01\/cnte_michoacxn_sun_crop1547496018612.jpg_1970638775.jpg","width":770,"height":485},{"@type":"BreadcrumbList","@id":"https:\/\/noti-america.com\/site\/mexico\/2019\/01\/15\/la-cnte-toma-alcaldias-vias-de-tren-y-oficinas-de-rentas-en-michoacan\/#breadcrumb","itemListElement":[{"@type":"ListItem","position":1,"name":"Portada","item":"https:\/\/noti-america.com\/site\/mexico\/"},{"@type":"ListItem","position":2,"name":"La CNTE \u00abtoma\u00bb alcald\u00edas, v\u00edas de tren y oficinas de rentas en Michoac\u00e1n"}]},{"@type":"WebSite","@id":"https:\/\/noti-america.com\/site\/mexico\/#website","url":"https:\/\/noti-america.com\/site\/mexico\/","name":"M\u00e9xico | Noti-America.com","description":"","publisher":{"@id":"https:\/\/noti-america.com\/site\/mexico\/#organization"},"potentialAction":[{"@type":"SearchAction","target":{"@type":"EntryPoint","urlTemplate":"https:\/\/noti-america.com\/site\/mexico\/?s={search_term_string}"},"query-input":{"@type":"PropertyValueSpecification","valueRequired":true,"valueName":"search_term_string"}}],"inLanguage":"es"},{"@type":"Organization","@id":"https:\/\/noti-america.com\/site\/mexico\/#organization","name":"Noti-America LLC | M\u00e9xico","url":"https:\/\/noti-america.com\/site\/mexico\/","logo":{"@type":"ImageObject","inLanguage":"es","@id":"https:\/\/noti-america.com\/site\/mexico\/#\/schema\/logo\/image\/","url":"https:\/\/noti-america.com\/site\/mexico\/wp-content\/uploads\/sites\/13\/2020\/07\/LogoNA-4x3-1.jpg","contentUrl":"https:\/\/noti-america.com\/site\/mexico\/wp-content\/uploads\/sites\/13\/2020\/07\/LogoNA-4x3-1.jpg","width":1236,"height":1080,"caption":"Noti-America LLC | M\u00e9xico"},"image":{"@id":"https:\/\/noti-america.com\/site\/mexico\/#\/schema\/logo\/image\/"}},{"@type":"Person","@id":"https:\/\/noti-america.com\/site\/mexico\/#\/schema\/person\/db5a6527aaddfc34b3753d557a1292f0","name":"Redacci\u00f3n NA-NY","image":{"@type":"ImageObject","inLanguage":"es","@id":"https:\/\/secure.gravatar.com\/avatar\/2bd75bb500a8deb1390f777293a9af32d934c46613d2fbac7cceb2aaa2679ae8?s=96&d=mm&r=g","url":"https:\/\/secure.gravatar.com\/avatar\/2bd75bb500a8deb1390f777293a9af32d934c46613d2fbac7cceb2aaa2679ae8?s=96&d=mm&r=g","contentUrl":"https:\/\/secure.gravatar.com\/avatar\/2bd75bb500a8deb1390f777293a9af32d934c46613d2fbac7cceb2aaa2679ae8?s=96&d=mm&r=g","caption":"Redacci\u00f3n NA-NY"},"url":"https:\/\/noti-america.com\/site\/mexico\/author\/redaccionny\/"}]}},"_links":{"self":[{"href":"https:\/\/noti-america.com\/site\/mexico\/wp-json\/wp\/v2\/posts\/2498","targetHints":{"allow":["GET"]}}],"collection":[{"href":"https:\/\/noti-america.com\/site\/mexico\/wp-json\/wp\/v2\/posts"}],"about":[{"href":"https:\/\/noti-america.com\/site\/mexico\/wp-json\/wp\/v2\/types\/post"}],"author":[{"embeddable":true,"href":"https:\/\/noti-america.com\/site\/mexico\/wp-json\/wp\/v2\/users\/28"}],"replies":[{"embeddable":true,"href":"https:\/\/noti-america.com\/site\/mexico\/wp-json\/wp\/v2\/comments?post=2498"}],"version-history":[{"count":1,"href":"https:\/\/noti-america.com\/site\/mexico\/wp-json\/wp\/v2\/posts\/2498\/revisions"}],"predecessor-version":[{"id":2500,"href":"https:\/\/noti-america.com\/site\/mexico\/wp-json\/wp\/v2\/posts\/2498\/revisions\/2500"}],"wp:featuredmedia":[{"embeddable":true,"href":"https:\/\/noti-america.com\/site\/mexico\/wp-json\/wp\/v2\/media\/2499"}],"wp:attachment":[{"href":"https:\/\/noti-america.com\/site\/mexico\/wp-json\/wp\/v2\/media?parent=2498"}],"wp:term":[{"taxonomy":"category","embeddable":true,"href":"https:\/\/noti-america.com\/site\/mexico\/wp-json\/wp\/v2\/categories?post=2498"},{"taxonomy":"post_tag","embeddable":true,"href":"https:\/\/noti-america.com\/site\/mexico\/wp-json\/wp\/v2\/tags?post=2498"}],"curies":[{"name":"wp","href":"https:\/\/api.w.org\/{rel}","templated":true}]}}