{"id":2489,"date":"2019-01-15T03:53:38","date_gmt":"2019-01-15T03:53:38","guid":{"rendered":"http:\/\/noti-america.com\/site\/mexico\/?p=2489"},"modified":"2019-01-15T03:53:38","modified_gmt":"2019-01-15T03:53:38","slug":"condenado-en-mexico-a-47-anos-el-marido-de-la-espanola-pilar-garrido-por-su-asesinato","status":"publish","type":"post","link":"https:\/\/noti-america.com\/site\/mexico\/2019\/01\/15\/condenado-en-mexico-a-47-anos-el-marido-de-la-espanola-pilar-garrido-por-su-asesinato\/","title":{"rendered":"Condenado en M\u00e9xico a 47 a\u00f1os el marido de la espa\u00f1ola Pilar Garrido por su asesinato"},"content":{"rendered":"<p><img loading=\"lazy\" decoding=\"async\" class=\"wp-image-2492 aligncenter\" src=\"http:\/\/noti-america.com\/site\/mexico\/wp-content\/uploads\/sites\/13\/2019\/01\/1547492352_319173_1547492933_noticia_normal_recorte1-300x169.jpg\" alt=\"\" width=\"563\" height=\"317\" srcset=\"https:\/\/noti-america.com\/site\/mexico\/wp-content\/uploads\/sites\/13\/2019\/01\/1547492352_319173_1547492933_noticia_normal_recorte1-300x169.jpg 300w, https:\/\/noti-america.com\/site\/mexico\/wp-content\/uploads\/sites\/13\/2019\/01\/1547492352_319173_1547492933_noticia_normal_recorte1-768x433.jpg 768w, https:\/\/noti-america.com\/site\/mexico\/wp-content\/uploads\/sites\/13\/2019\/01\/1547492352_319173_1547492933_noticia_normal_recorte1-1024x577.jpg 1024w, https:\/\/noti-america.com\/site\/mexico\/wp-content\/uploads\/sites\/13\/2019\/01\/1547492352_319173_1547492933_noticia_normal_recorte1.jpg 1960w\" sizes=\"auto, (max-width: 563px) 100vw, 563px\" \/><\/p>\n<p>&nbsp;<\/p>\n<h3>Fuente:\u00a0\u00a0https:\/\/elpais.com\/sociedad<\/h3>\n<p>&nbsp;<\/p>\n<p>Un tribunal mexicano ha condenado a 47 a\u00f1os de prisi\u00f3n al marido de Pilar Garrido, Jorge Fern\u00e1ndez, por\u00a0<a href=\"https:\/\/elpais.com\/politica\/2017\/08\/05\/actualidad\/1501944572_092360.html\">el asesinato de la espa\u00f1ola<\/a>\u00a0en julio de 2017. La decisi\u00f3n del tribunal ha sido un\u00e1nime. La versi\u00f3n de la fiscal\u00eda, avalada por los magistrados, apunta a que el ahora sentenciado mat\u00f3 a su esposa tras regresar de unos d\u00edas de vacaciones en un pueblo costero en el Estado mexicano de Tamaulipas, en el noreste de M\u00e9xico. Los jueces le han quitado la patria protestad de su hijo y han fijado el pago de una indemnizaci\u00f3n para reparaci\u00f3n de da\u00f1os de unos 471.000 pesos, unos 24.804 d\u00f3lares.<\/p>\n<p>Esta condena termina por derrumbar la versi\u00f3n de Fern\u00e1ndez. El marido hab\u00eda relatado a las autoridades que dos hombres armados les hab\u00edan declarado a parar en el camino de vuelta a Ciudad Victoria para llevarse su autom\u00f3vil, donde se encontraba su beb\u00e9. Ante la negativa de la familia, los atacantes optaron por secuestrar a Pilar.<\/p>\n<section id=\"sumario_1|apoyos\" class=\"sumario_apoyos izquierda\">\n<div class=\"sumario__interior\">\n<header class=\"sumario-encabezado\">\n<p class=\"sumario-titulo\">Sin embargo, el caso dio un vuelco inesperado con el hallazgo de la osamenta de Pilar. No solo fueron huesos, tambi\u00e9n se encontraron \u00abcabellos, carne y unos jirones de ropa oscura\u00bb junto a la carretera de la playa. La fiscal\u00eda explic\u00f3 en ese entonces que las \u00abdiversas contradicciones del esposo\u00bb le llev\u00f3 a redireccionar la investigaci\u00f3n. Un mes despu\u00e9s del supuesto secuestro Fern\u00e1ndez fue\u00a0<span style=\"font-size: 16px;\">detenido bajo sospecha del homicidio de su propia mujer.<\/span><\/p>\n<\/header>\n<\/div>\n<\/section>\n<p>Fern\u00e1ndez se enfrentaba una condena de 50 a\u00f1os, pero la sentencia qued\u00f3 reducida en 47 a\u00f1os al considerar que el sentenciado no es de \u00abpeligrosidad m\u00e1xima\u00bb, ha informado el abogado defensor, Jes\u00fas Eduardo Govea. \u00abTengo la seguridad de que lo vamos a sacar adelante y vamos a librarlo. Pero esto nos llevar\u00e1 tiempo\u00bb ha reconocido Govea. El litigante ha reiterado que este fallo no es definitivo y que a\u00fan existen instancia como la apelaci\u00f3n o el juicio de amparo.<\/p>\n<p>Al sentenciado tambi\u00e9n le fue retirada la patria protestad de su hijo Dalmau, quien est\u00e1 al cuidado de su familia espa\u00f1ola desde finales de agosto de 2017. El pr\u00f3ximo 16 de enero se dar\u00e1 una audiencia de explicaci\u00f3n de la sentencia, y a partir de ese d\u00eda, su abogado defensor tendr\u00e1 un plazo de 10 d\u00edas para apelar la decisi\u00f3n del tribunal mexicano.<\/p>\n<p>El litigio no ha estado exento de pol\u00e9mica. A lo largo del proceso que arranc\u00f3 el 30 de agosto de 2018, desfilaron testigos que alegaron presenciar malos tratos hasta expertos en ciencias forenses y antrop\u00f3logos. Mientras que los abogados de Fern\u00e1ndez y los familiares de la propia Garrido\u00a0han defendido durante todo el proceso su inocencia. Adem\u00e1s de que uno de los jueces implicados en el caso fue asesinado en plena calle a finales del a\u00f1o pasado.<\/p>\n<p>Garrido era valenciana y ten\u00eda 34 a\u00f1os. Hab\u00eda conocido a Jorge en Barcelona un tiempo antes, cuando ambos estudiaban en la universidad. La mujer curs\u00f3 la carrera de periodismo, aunque no ejerc\u00eda. Fern\u00e1ndez se ganaba la vida de crimin\u00f3logo. Hab\u00eda dado clases en la escuela de la polic\u00eda estatal.<\/p>\n","protected":false},"excerpt":{"rendered":"<p>&nbsp; Fuente:\u00a0\u00a0https:\/\/elpais.com\/sociedad &nbsp; Un tribunal mexicano ha condenado a 47 a\u00f1os de prisi\u00f3n al marido de Pilar Garrido, Jorge Fern\u00e1ndez, por\u00a0el asesinato de la espa\u00f1ola\u00a0en julio de 2017. La decisi\u00f3n del tribunal ha sido&#46;&#46;&#46;<\/p>\n","protected":false},"author":28,"featured_media":2492,"comment_status":"open","ping_status":"open","sticky":false,"template":"","format":"standard","meta":{"_acf_changed":false,"om_disable_all_campaigns":false,"rop_custom_images_group":[],"rop_custom_messages_group":[],"rop_publish_now":"initial","rop_publish_now_accounts":{"twitter_242054905_242054905":""},"rop_publish_now_history":[],"rop_publish_now_status":"pending","_uf_show_specific_survey":0,"_uf_disable_surveys":false,"footnotes":""},"categories":[1],"tags":[249],"class_list":["post-2489","post","type-post","status-publish","format-standard","has-post-thumbnail","hentry","category-uncategorized","tag-condenado-en-mexico-a-47-anos-el-marido-de-la-espanola-pilar-garrido-por-su-asesinato"],"acf":[],"aioseo_notices":[],"yoast_head":"<!-- This site is optimized with the Yoast SEO Premium plugin v24.9 (Yoast SEO v27.2) - https:\/\/yoast.com\/product\/yoast-seo-premium-wordpress\/ -->\n<title>Condenado en M\u00e9xico a 47 a\u00f1os el marido de la espa\u00f1ola Pilar Garrido por su asesinato - M\u00e9xico<\/title>\n<meta name=\"robots\" content=\"index, follow, max-snippet:-1, max-image-preview:large, max-video-preview:-1\" \/>\n<link rel=\"canonical\" href=\"https:\/\/noti-america.com\/site\/mexico\/2019\/01\/15\/condenado-en-mexico-a-47-anos-el-marido-de-la-espanola-pilar-garrido-por-su-asesinato\/\" \/>\n<meta property=\"og:locale\" content=\"es_ES\" \/>\n<meta property=\"og:type\" content=\"article\" \/>\n<meta property=\"og:title\" content=\"Condenado en M\u00e9xico a 47 a\u00f1os el marido de la espa\u00f1ola Pilar Garrido por su asesinato\" \/>\n<meta property=\"og:description\" content=\"&nbsp; Fuente:\u00a0\u00a0https:\/\/elpais.com\/sociedad &nbsp; Un tribunal mexicano ha condenado a 47 a\u00f1os de prisi\u00f3n al marido de Pilar Garrido, Jorge Fern\u00e1ndez, por\u00a0el asesinato de la espa\u00f1ola\u00a0en julio de 2017. La decisi\u00f3n del tribunal ha sido&#046;&#046;&#046;\" \/>\n<meta property=\"og:url\" content=\"https:\/\/noti-america.com\/site\/mexico\/2019\/01\/15\/condenado-en-mexico-a-47-anos-el-marido-de-la-espanola-pilar-garrido-por-su-asesinato\/\" \/>\n<meta property=\"og:site_name\" content=\"M\u00e9xico\" \/>\n<meta property=\"article:published_time\" content=\"2019-01-15T03:53:38+00:00\" \/>\n<meta property=\"og:image\" content=\"https:\/\/noti-america.com\/site\/mexico\/wp-content\/uploads\/sites\/13\/2019\/01\/1547492352_319173_1547492933_noticia_normal_recorte1.jpg\" \/>\n\t<meta property=\"og:image:width\" content=\"1960\" \/>\n\t<meta property=\"og:image:height\" content=\"1104\" \/>\n\t<meta property=\"og:image:type\" content=\"image\/jpeg\" \/>\n<meta name=\"author\" content=\"Redacci\u00f3n NA-NY\" \/>\n<meta name=\"twitter:card\" content=\"summary_large_image\" \/>\n<meta name=\"twitter:label1\" content=\"Escrito por\" \/>\n\t<meta name=\"twitter:data1\" content=\"Redacci\u00f3n NA-NY\" \/>\n\t<meta name=\"twitter:label2\" content=\"Tiempo estimado de lectura\" \/>\n\t<meta name=\"twitter:data2\" content=\"3 minutos\" \/>\n<script type=\"application\/ld+json\" class=\"yoast-schema-graph\">{\"@context\":\"https:\/\/schema.org\",\"@graph\":[{\"@type\":\"Article\",\"@id\":\"https:\/\/noti-america.com\/site\/mexico\/2019\/01\/15\/condenado-en-mexico-a-47-anos-el-marido-de-la-espanola-pilar-garrido-por-su-asesinato\/#article\",\"isPartOf\":{\"@id\":\"https:\/\/noti-america.com\/site\/mexico\/2019\/01\/15\/condenado-en-mexico-a-47-anos-el-marido-de-la-espanola-pilar-garrido-por-su-asesinato\/\"},\"author\":{\"name\":\"Redacci\u00f3n NA-NY\",\"@id\":\"https:\/\/noti-america.com\/site\/mexico\/#\/schema\/person\/db5a6527aaddfc34b3753d557a1292f0\"},\"headline\":\"Condenado en M\u00e9xico a 47 a\u00f1os el marido de la espa\u00f1ola Pilar Garrido por su asesinato\",\"datePublished\":\"2019-01-15T03:53:38+00:00\",\"mainEntityOfPage\":{\"@id\":\"https:\/\/noti-america.com\/site\/mexico\/2019\/01\/15\/condenado-en-mexico-a-47-anos-el-marido-de-la-espanola-pilar-garrido-por-su-asesinato\/\"},\"wordCount\":565,\"commentCount\":0,\"publisher\":{\"@id\":\"https:\/\/noti-america.com\/site\/mexico\/#organization\"},\"image\":{\"@id\":\"https:\/\/noti-america.com\/site\/mexico\/2019\/01\/15\/condenado-en-mexico-a-47-anos-el-marido-de-la-espanola-pilar-garrido-por-su-asesinato\/#primaryimage\"},\"thumbnailUrl\":\"https:\/\/noti-america.com\/site\/mexico\/wp-content\/uploads\/sites\/13\/2019\/01\/1547492352_319173_1547492933_noticia_normal_recorte1.jpg\",\"keywords\":[\"Condenado en M\u00e9xico a 47 a\u00f1os el marido de la espa\u00f1ola Pilar Garrido por su asesinato\"],\"articleSection\":[\"Uncategorized\"],\"inLanguage\":\"es\",\"potentialAction\":[{\"@type\":\"CommentAction\",\"name\":\"Comment\",\"target\":[\"https:\/\/noti-america.com\/site\/mexico\/2019\/01\/15\/condenado-en-mexico-a-47-anos-el-marido-de-la-espanola-pilar-garrido-por-su-asesinato\/#respond\"]}]},{\"@type\":\"WebPage\",\"@id\":\"https:\/\/noti-america.com\/site\/mexico\/2019\/01\/15\/condenado-en-mexico-a-47-anos-el-marido-de-la-espanola-pilar-garrido-por-su-asesinato\/\",\"url\":\"https:\/\/noti-america.com\/site\/mexico\/2019\/01\/15\/condenado-en-mexico-a-47-anos-el-marido-de-la-espanola-pilar-garrido-por-su-asesinato\/\",\"name\":\"Condenado en M\u00e9xico a 47 a\u00f1os el marido de la espa\u00f1ola Pilar Garrido por su asesinato - M\u00e9xico\",\"isPartOf\":{\"@id\":\"https:\/\/noti-america.com\/site\/mexico\/#website\"},\"primaryImageOfPage\":{\"@id\":\"https:\/\/noti-america.com\/site\/mexico\/2019\/01\/15\/condenado-en-mexico-a-47-anos-el-marido-de-la-espanola-pilar-garrido-por-su-asesinato\/#primaryimage\"},\"image\":{\"@id\":\"https:\/\/noti-america.com\/site\/mexico\/2019\/01\/15\/condenado-en-mexico-a-47-anos-el-marido-de-la-espanola-pilar-garrido-por-su-asesinato\/#primaryimage\"},\"thumbnailUrl\":\"https:\/\/noti-america.com\/site\/mexico\/wp-content\/uploads\/sites\/13\/2019\/01\/1547492352_319173_1547492933_noticia_normal_recorte1.jpg\",\"datePublished\":\"2019-01-15T03:53:38+00:00\",\"breadcrumb\":{\"@id\":\"https:\/\/noti-america.com\/site\/mexico\/2019\/01\/15\/condenado-en-mexico-a-47-anos-el-marido-de-la-espanola-pilar-garrido-por-su-asesinato\/#breadcrumb\"},\"inLanguage\":\"es\",\"potentialAction\":[{\"@type\":\"ReadAction\",\"target\":[\"https:\/\/noti-america.com\/site\/mexico\/2019\/01\/15\/condenado-en-mexico-a-47-anos-el-marido-de-la-espanola-pilar-garrido-por-su-asesinato\/\"]}]},{\"@type\":\"ImageObject\",\"inLanguage\":\"es\",\"@id\":\"https:\/\/noti-america.com\/site\/mexico\/2019\/01\/15\/condenado-en-mexico-a-47-anos-el-marido-de-la-espanola-pilar-garrido-por-su-asesinato\/#primaryimage\",\"url\":\"https:\/\/noti-america.com\/site\/mexico\/wp-content\/uploads\/sites\/13\/2019\/01\/1547492352_319173_1547492933_noticia_normal_recorte1.jpg\",\"contentUrl\":\"https:\/\/noti-america.com\/site\/mexico\/wp-content\/uploads\/sites\/13\/2019\/01\/1547492352_319173_1547492933_noticia_normal_recorte1.jpg\",\"width\":1960,\"height\":1104},{\"@type\":\"BreadcrumbList\",\"@id\":\"https:\/\/noti-america.com\/site\/mexico\/2019\/01\/15\/condenado-en-mexico-a-47-anos-el-marido-de-la-espanola-pilar-garrido-por-su-asesinato\/#breadcrumb\",\"itemListElement\":[{\"@type\":\"ListItem\",\"position\":1,\"name\":\"Portada\",\"item\":\"https:\/\/noti-america.com\/site\/mexico\/\"},{\"@type\":\"ListItem\",\"position\":2,\"name\":\"Condenado en M\u00e9xico a 47 a\u00f1os el marido de la espa\u00f1ola Pilar Garrido por su asesinato\"}]},{\"@type\":\"WebSite\",\"@id\":\"https:\/\/noti-america.com\/site\/mexico\/#website\",\"url\":\"https:\/\/noti-america.com\/site\/mexico\/\",\"name\":\"M\u00e9xico | Noti-America.com\",\"description\":\"\",\"publisher\":{\"@id\":\"https:\/\/noti-america.com\/site\/mexico\/#organization\"},\"potentialAction\":[{\"@type\":\"SearchAction\",\"target\":{\"@type\":\"EntryPoint\",\"urlTemplate\":\"https:\/\/noti-america.com\/site\/mexico\/?s={search_term_string}\"},\"query-input\":{\"@type\":\"PropertyValueSpecification\",\"valueRequired\":true,\"valueName\":\"search_term_string\"}}],\"inLanguage\":\"es\"},{\"@type\":\"Organization\",\"@id\":\"https:\/\/noti-america.com\/site\/mexico\/#organization\",\"name\":\"Noti-America LLC | M\u00e9xico\",\"url\":\"https:\/\/noti-america.com\/site\/mexico\/\",\"logo\":{\"@type\":\"ImageObject\",\"inLanguage\":\"es\",\"@id\":\"https:\/\/noti-america.com\/site\/mexico\/#\/schema\/logo\/image\/\",\"url\":\"https:\/\/noti-america.com\/site\/mexico\/wp-content\/uploads\/sites\/13\/2020\/07\/LogoNA-4x3-1.jpg\",\"contentUrl\":\"https:\/\/noti-america.com\/site\/mexico\/wp-content\/uploads\/sites\/13\/2020\/07\/LogoNA-4x3-1.jpg\",\"width\":1236,\"height\":1080,\"caption\":\"Noti-America LLC | M\u00e9xico\"},\"image\":{\"@id\":\"https:\/\/noti-america.com\/site\/mexico\/#\/schema\/logo\/image\/\"}},{\"@type\":\"Person\",\"@id\":\"https:\/\/noti-america.com\/site\/mexico\/#\/schema\/person\/db5a6527aaddfc34b3753d557a1292f0\",\"name\":\"Redacci\u00f3n NA-NY\",\"image\":{\"@type\":\"ImageObject\",\"inLanguage\":\"es\",\"@id\":\"https:\/\/secure.gravatar.com\/avatar\/2bd75bb500a8deb1390f777293a9af32d934c46613d2fbac7cceb2aaa2679ae8?s=96&d=mm&r=g\",\"url\":\"https:\/\/secure.gravatar.com\/avatar\/2bd75bb500a8deb1390f777293a9af32d934c46613d2fbac7cceb2aaa2679ae8?s=96&d=mm&r=g\",\"contentUrl\":\"https:\/\/secure.gravatar.com\/avatar\/2bd75bb500a8deb1390f777293a9af32d934c46613d2fbac7cceb2aaa2679ae8?s=96&d=mm&r=g\",\"caption\":\"Redacci\u00f3n NA-NY\"},\"url\":\"https:\/\/noti-america.com\/site\/mexico\/author\/redaccionny\/\"}]}<\/script>\n<!-- \/ Yoast SEO Premium plugin. -->","yoast_head_json":{"title":"Condenado en M\u00e9xico a 47 a\u00f1os el marido de la espa\u00f1ola Pilar Garrido por su asesinato - M\u00e9xico","robots":{"index":"index","follow":"follow","max-snippet":"max-snippet:-1","max-image-preview":"max-image-preview:large","max-video-preview":"max-video-preview:-1"},"canonical":"https:\/\/noti-america.com\/site\/mexico\/2019\/01\/15\/condenado-en-mexico-a-47-anos-el-marido-de-la-espanola-pilar-garrido-por-su-asesinato\/","og_locale":"es_ES","og_type":"article","og_title":"Condenado en M\u00e9xico a 47 a\u00f1os el marido de la espa\u00f1ola Pilar Garrido por su asesinato","og_description":"&nbsp; Fuente:\u00a0\u00a0https:\/\/elpais.com\/sociedad &nbsp; Un tribunal mexicano ha condenado a 47 a\u00f1os de prisi\u00f3n al marido de Pilar Garrido, Jorge Fern\u00e1ndez, por\u00a0el asesinato de la espa\u00f1ola\u00a0en julio de 2017. La decisi\u00f3n del tribunal ha sido&#46;&#46;&#46;","og_url":"https:\/\/noti-america.com\/site\/mexico\/2019\/01\/15\/condenado-en-mexico-a-47-anos-el-marido-de-la-espanola-pilar-garrido-por-su-asesinato\/","og_site_name":"M\u00e9xico","article_published_time":"2019-01-15T03:53:38+00:00","og_image":[{"width":1960,"height":1104,"url":"https:\/\/noti-america.com\/site\/mexico\/wp-content\/uploads\/sites\/13\/2019\/01\/1547492352_319173_1547492933_noticia_normal_recorte1.jpg","type":"image\/jpeg"}],"author":"Redacci\u00f3n NA-NY","twitter_card":"summary_large_image","twitter_misc":{"Escrito por":"Redacci\u00f3n NA-NY","Tiempo estimado de lectura":"3 minutos"},"schema":{"@context":"https:\/\/schema.org","@graph":[{"@type":"Article","@id":"https:\/\/noti-america.com\/site\/mexico\/2019\/01\/15\/condenado-en-mexico-a-47-anos-el-marido-de-la-espanola-pilar-garrido-por-su-asesinato\/#article","isPartOf":{"@id":"https:\/\/noti-america.com\/site\/mexico\/2019\/01\/15\/condenado-en-mexico-a-47-anos-el-marido-de-la-espanola-pilar-garrido-por-su-asesinato\/"},"author":{"name":"Redacci\u00f3n NA-NY","@id":"https:\/\/noti-america.com\/site\/mexico\/#\/schema\/person\/db5a6527aaddfc34b3753d557a1292f0"},"headline":"Condenado en M\u00e9xico a 47 a\u00f1os el marido de la espa\u00f1ola Pilar Garrido por su asesinato","datePublished":"2019-01-15T03:53:38+00:00","mainEntityOfPage":{"@id":"https:\/\/noti-america.com\/site\/mexico\/2019\/01\/15\/condenado-en-mexico-a-47-anos-el-marido-de-la-espanola-pilar-garrido-por-su-asesinato\/"},"wordCount":565,"commentCount":0,"publisher":{"@id":"https:\/\/noti-america.com\/site\/mexico\/#organization"},"image":{"@id":"https:\/\/noti-america.com\/site\/mexico\/2019\/01\/15\/condenado-en-mexico-a-47-anos-el-marido-de-la-espanola-pilar-garrido-por-su-asesinato\/#primaryimage"},"thumbnailUrl":"https:\/\/noti-america.com\/site\/mexico\/wp-content\/uploads\/sites\/13\/2019\/01\/1547492352_319173_1547492933_noticia_normal_recorte1.jpg","keywords":["Condenado en M\u00e9xico a 47 a\u00f1os el marido de la espa\u00f1ola Pilar Garrido por su asesinato"],"articleSection":["Uncategorized"],"inLanguage":"es","potentialAction":[{"@type":"CommentAction","name":"Comment","target":["https:\/\/noti-america.com\/site\/mexico\/2019\/01\/15\/condenado-en-mexico-a-47-anos-el-marido-de-la-espanola-pilar-garrido-por-su-asesinato\/#respond"]}]},{"@type":"WebPage","@id":"https:\/\/noti-america.com\/site\/mexico\/2019\/01\/15\/condenado-en-mexico-a-47-anos-el-marido-de-la-espanola-pilar-garrido-por-su-asesinato\/","url":"https:\/\/noti-america.com\/site\/mexico\/2019\/01\/15\/condenado-en-mexico-a-47-anos-el-marido-de-la-espanola-pilar-garrido-por-su-asesinato\/","name":"Condenado en M\u00e9xico a 47 a\u00f1os el marido de la espa\u00f1ola Pilar Garrido por su asesinato - M\u00e9xico","isPartOf":{"@id":"https:\/\/noti-america.com\/site\/mexico\/#website"},"primaryImageOfPage":{"@id":"https:\/\/noti-america.com\/site\/mexico\/2019\/01\/15\/condenado-en-mexico-a-47-anos-el-marido-de-la-espanola-pilar-garrido-por-su-asesinato\/#primaryimage"},"image":{"@id":"https:\/\/noti-america.com\/site\/mexico\/2019\/01\/15\/condenado-en-mexico-a-47-anos-el-marido-de-la-espanola-pilar-garrido-por-su-asesinato\/#primaryimage"},"thumbnailUrl":"https:\/\/noti-america.com\/site\/mexico\/wp-content\/uploads\/sites\/13\/2019\/01\/1547492352_319173_1547492933_noticia_normal_recorte1.jpg","datePublished":"2019-01-15T03:53:38+00:00","breadcrumb":{"@id":"https:\/\/noti-america.com\/site\/mexico\/2019\/01\/15\/condenado-en-mexico-a-47-anos-el-marido-de-la-espanola-pilar-garrido-por-su-asesinato\/#breadcrumb"},"inLanguage":"es","potentialAction":[{"@type":"ReadAction","target":["https:\/\/noti-america.com\/site\/mexico\/2019\/01\/15\/condenado-en-mexico-a-47-anos-el-marido-de-la-espanola-pilar-garrido-por-su-asesinato\/"]}]},{"@type":"ImageObject","inLanguage":"es","@id":"https:\/\/noti-america.com\/site\/mexico\/2019\/01\/15\/condenado-en-mexico-a-47-anos-el-marido-de-la-espanola-pilar-garrido-por-su-asesinato\/#primaryimage","url":"https:\/\/noti-america.com\/site\/mexico\/wp-content\/uploads\/sites\/13\/2019\/01\/1547492352_319173_1547492933_noticia_normal_recorte1.jpg","contentUrl":"https:\/\/noti-america.com\/site\/mexico\/wp-content\/uploads\/sites\/13\/2019\/01\/1547492352_319173_1547492933_noticia_normal_recorte1.jpg","width":1960,"height":1104},{"@type":"BreadcrumbList","@id":"https:\/\/noti-america.com\/site\/mexico\/2019\/01\/15\/condenado-en-mexico-a-47-anos-el-marido-de-la-espanola-pilar-garrido-por-su-asesinato\/#breadcrumb","itemListElement":[{"@type":"ListItem","position":1,"name":"Portada","item":"https:\/\/noti-america.com\/site\/mexico\/"},{"@type":"ListItem","position":2,"name":"Condenado en M\u00e9xico a 47 a\u00f1os el marido de la espa\u00f1ola Pilar Garrido por su asesinato"}]},{"@type":"WebSite","@id":"https:\/\/noti-america.com\/site\/mexico\/#website","url":"https:\/\/noti-america.com\/site\/mexico\/","name":"M\u00e9xico | Noti-America.com","description":"","publisher":{"@id":"https:\/\/noti-america.com\/site\/mexico\/#organization"},"potentialAction":[{"@type":"SearchAction","target":{"@type":"EntryPoint","urlTemplate":"https:\/\/noti-america.com\/site\/mexico\/?s={search_term_string}"},"query-input":{"@type":"PropertyValueSpecification","valueRequired":true,"valueName":"search_term_string"}}],"inLanguage":"es"},{"@type":"Organization","@id":"https:\/\/noti-america.com\/site\/mexico\/#organization","name":"Noti-America LLC | M\u00e9xico","url":"https:\/\/noti-america.com\/site\/mexico\/","logo":{"@type":"ImageObject","inLanguage":"es","@id":"https:\/\/noti-america.com\/site\/mexico\/#\/schema\/logo\/image\/","url":"https:\/\/noti-america.com\/site\/mexico\/wp-content\/uploads\/sites\/13\/2020\/07\/LogoNA-4x3-1.jpg","contentUrl":"https:\/\/noti-america.com\/site\/mexico\/wp-content\/uploads\/sites\/13\/2020\/07\/LogoNA-4x3-1.jpg","width":1236,"height":1080,"caption":"Noti-America LLC | M\u00e9xico"},"image":{"@id":"https:\/\/noti-america.com\/site\/mexico\/#\/schema\/logo\/image\/"}},{"@type":"Person","@id":"https:\/\/noti-america.com\/site\/mexico\/#\/schema\/person\/db5a6527aaddfc34b3753d557a1292f0","name":"Redacci\u00f3n NA-NY","image":{"@type":"ImageObject","inLanguage":"es","@id":"https:\/\/secure.gravatar.com\/avatar\/2bd75bb500a8deb1390f777293a9af32d934c46613d2fbac7cceb2aaa2679ae8?s=96&d=mm&r=g","url":"https:\/\/secure.gravatar.com\/avatar\/2bd75bb500a8deb1390f777293a9af32d934c46613d2fbac7cceb2aaa2679ae8?s=96&d=mm&r=g","contentUrl":"https:\/\/secure.gravatar.com\/avatar\/2bd75bb500a8deb1390f777293a9af32d934c46613d2fbac7cceb2aaa2679ae8?s=96&d=mm&r=g","caption":"Redacci\u00f3n NA-NY"},"url":"https:\/\/noti-america.com\/site\/mexico\/author\/redaccionny\/"}]}},"_links":{"self":[{"href":"https:\/\/noti-america.com\/site\/mexico\/wp-json\/wp\/v2\/posts\/2489","targetHints":{"allow":["GET"]}}],"collection":[{"href":"https:\/\/noti-america.com\/site\/mexico\/wp-json\/wp\/v2\/posts"}],"about":[{"href":"https:\/\/noti-america.com\/site\/mexico\/wp-json\/wp\/v2\/types\/post"}],"author":[{"embeddable":true,"href":"https:\/\/noti-america.com\/site\/mexico\/wp-json\/wp\/v2\/users\/28"}],"replies":[{"embeddable":true,"href":"https:\/\/noti-america.com\/site\/mexico\/wp-json\/wp\/v2\/comments?post=2489"}],"version-history":[{"count":1,"href":"https:\/\/noti-america.com\/site\/mexico\/wp-json\/wp\/v2\/posts\/2489\/revisions"}],"predecessor-version":[{"id":2493,"href":"https:\/\/noti-america.com\/site\/mexico\/wp-json\/wp\/v2\/posts\/2489\/revisions\/2493"}],"wp:featuredmedia":[{"embeddable":true,"href":"https:\/\/noti-america.com\/site\/mexico\/wp-json\/wp\/v2\/media\/2492"}],"wp:attachment":[{"href":"https:\/\/noti-america.com\/site\/mexico\/wp-json\/wp\/v2\/media?parent=2489"}],"wp:term":[{"taxonomy":"category","embeddable":true,"href":"https:\/\/noti-america.com\/site\/mexico\/wp-json\/wp\/v2\/categories?post=2489"},{"taxonomy":"post_tag","embeddable":true,"href":"https:\/\/noti-america.com\/site\/mexico\/wp-json\/wp\/v2\/tags?post=2489"}],"curies":[{"name":"wp","href":"https:\/\/api.w.org\/{rel}","templated":true}]}}