{"id":2468,"date":"2019-01-15T03:38:15","date_gmt":"2019-01-15T03:38:15","guid":{"rendered":"http:\/\/noti-america.com\/site\/mexico\/?p=2468"},"modified":"2019-01-15T03:38:15","modified_gmt":"2019-01-15T03:38:15","slug":"a-inicios-de-febrero-mexico-tendria-su-primer-fiscal-general","status":"publish","type":"post","link":"https:\/\/noti-america.com\/site\/mexico\/2019\/01\/15\/a-inicios-de-febrero-mexico-tendria-su-primer-fiscal-general\/","title":{"rendered":"A inicios de febrero, M\u00e9xico tendr\u00eda su primer fiscal General"},"content":{"rendered":"<h3><img loading=\"lazy\" decoding=\"async\" class=\"alignnone  wp-image-2469 aligncenter\" src=\"http:\/\/noti-america.com\/site\/mexico\/wp-content\/uploads\/sites\/13\/2019\/01\/164492-Principal-300x180.jpg\" alt=\"\" width=\"462\" height=\"277\" srcset=\"https:\/\/noti-america.com\/site\/mexico\/wp-content\/uploads\/sites\/13\/2019\/01\/164492-Principal-300x180.jpg 300w, https:\/\/noti-america.com\/site\/mexico\/wp-content\/uploads\/sites\/13\/2019\/01\/164492-Principal.jpg 750w\" sizes=\"auto, (max-width: 462px) 100vw, 462px\" \/><\/h3>\n<h3><\/h3>\n<h3>Fuente:\u00a0\u00a0https:\/\/www.unotv.com\/noticias\/<\/h3>\n<p>&nbsp;<\/p>\n<p dir=\"ltr\"><strong>A inicios de febrero<\/strong>, el\u00a0Senado de la Rep\u00fablica\u00a0<strong>nombrar\u00eda al primer fiscal General de la Rep\u00fablica<\/strong>\u00a0(<strong>FGR<\/strong>), anot\u00f3 este lunes el legislador de\u00a0Movimiento Regeneraci\u00f3n Nacional\u00a0(<strong>Morena<\/strong>) y tambi\u00e9n presidente de la Mesa Directiva\u00a0de la\u00a0<strong>C\u00e1mara Alta<\/strong>,\u00a0<strong>Mart\u00ed Batr\u00e9s<\/strong>.<\/p>\n<p dir=\"ltr\">[Para estar informad@: Aspirantes a fiscal General comparecer\u00e1n en Senado la pr\u00f3xima semana].<\/p>\n<p dir=\"ltr\">En el marco de una junta realizada en la Comisi\u00f3n de Justicia,\u00a0en la que se recibir\u00e1 a los primeros\u00a0<strong>15<\/strong>\u00a0de\u00a0<strong>27 aspirantes<\/strong>\u00a0para la entidad que suplir\u00e1 a la\u00a0Procuradur\u00eda General de la Rep\u00fablica\u00a0(<strong>PGR<\/strong>), destac\u00f3 la\u00a0<strong>importancia<\/strong>\u00a0de este nombramiento, pues el lapso en el que M\u00e9xico no ha tenido fiscal ha sido \u201c<strong>demasiado largo<\/strong>\u201d.<\/p>\n<ul dir=\"ltr\">\n<li>Se requieren las\u00a0<strong>dos terceras partes<\/strong>\u00a0del Senado para el nombramiento, por lo que\u00a0<strong>pidi\u00f3<\/strong>\u00a0a las\u00a0<strong>fuerzas pol\u00edticas<\/strong>\u00a0su buena voluntad para\u00a0<strong>alcanzar<\/strong>los acuerdos.<\/li>\n<\/ul>\n<p dir=\"ltr\">El orden de las presentaciones, con duraci\u00f3n de\u00a0<strong>10 minutos<\/strong>\u00a0para este lunes, es el siguiente:<\/p>\n<ol dir=\"ltr\">\n<li>Eva Ver\u00f3nica De Gyv\u00e9s<\/li>\n<li>M\u00f3nica Cecilia Luna<\/li>\n<li>Jorge Alberto Rodr\u00edguez<\/li>\n<li>Estela Cadena<\/li>\n<li>Gabriel Hern\u00e1ndez<\/li>\n<li>Jorge Adalberto Cruz<\/li>\n<li>Arturo Garc\u00eda<\/li>\n<li>Lizbeth X\u00f3chitl Padilla<\/li>\n<li>Julio \u00c1ngel Sabines<\/li>\n<li>Florencio Hern\u00e1ndez.<\/li>\n<li>F\u00e9lix Manuel M\u00e9ndez<\/li>\n<li>Mauricio Moreno<\/li>\n<li>Ernesto L\u00f3pez<\/li>\n<li>Blanca Ivonne Olvera<\/li>\n<li>Roberto Valero<\/li>\n<\/ol>\n","protected":false},"excerpt":{"rendered":"<p>Fuente:\u00a0\u00a0https:\/\/www.unotv.com\/noticias\/ &nbsp; A inicios de febrero, el\u00a0Senado de la Rep\u00fablica\u00a0nombrar\u00eda al primer fiscal General de la Rep\u00fablica\u00a0(FGR), anot\u00f3 este lunes el legislador de\u00a0Movimiento Regeneraci\u00f3n Nacional\u00a0(Morena) y tambi\u00e9n presidente de la Mesa Directiva\u00a0de la\u00a0C\u00e1mara Alta,\u00a0Mart\u00ed&#46;&#46;&#46;<\/p>\n","protected":false},"author":28,"featured_media":2469,"comment_status":"open","ping_status":"open","sticky":false,"template":"","format":"standard","meta":{"_acf_changed":false,"om_disable_all_campaigns":false,"rop_custom_images_group":[],"rop_custom_messages_group":[],"rop_publish_now":"initial","rop_publish_now_accounts":{"twitter_242054905_242054905":""},"rop_publish_now_history":[],"rop_publish_now_status":"pending","_uf_show_specific_survey":0,"_uf_disable_surveys":false,"footnotes":""},"categories":[1],"tags":[243,244],"class_list":["post-2468","post","type-post","status-publish","format-standard","has-post-thumbnail","hentry","category-uncategorized","tag-a-inicios-de-febrero","tag-mexico-tendria-su-primer-fiscal-general"],"acf":[],"aioseo_notices":[],"yoast_head":"<!-- This site is optimized with the Yoast SEO Premium plugin v24.9 (Yoast SEO v27.2) - https:\/\/yoast.com\/product\/yoast-seo-premium-wordpress\/ -->\n<title>A inicios de febrero, M\u00e9xico tendr\u00eda su primer fiscal General - M\u00e9xico<\/title>\n<meta name=\"robots\" content=\"index, follow, max-snippet:-1, max-image-preview:large, max-video-preview:-1\" \/>\n<link rel=\"canonical\" href=\"https:\/\/noti-america.com\/site\/mexico\/2019\/01\/15\/a-inicios-de-febrero-mexico-tendria-su-primer-fiscal-general\/\" \/>\n<meta property=\"og:locale\" content=\"es_ES\" \/>\n<meta property=\"og:type\" content=\"article\" \/>\n<meta property=\"og:title\" content=\"A inicios de febrero, M\u00e9xico tendr\u00eda su primer fiscal General\" \/>\n<meta property=\"og:description\" content=\"Fuente:\u00a0\u00a0https:\/\/www.unotv.com\/noticias\/ &nbsp; A inicios de febrero, el\u00a0Senado de la Rep\u00fablica\u00a0nombrar\u00eda al primer fiscal General de la Rep\u00fablica\u00a0(FGR), anot\u00f3 este lunes el legislador de\u00a0Movimiento Regeneraci\u00f3n Nacional\u00a0(Morena) y tambi\u00e9n presidente de la Mesa Directiva\u00a0de la\u00a0C\u00e1mara Alta,\u00a0Mart\u00ed&#046;&#046;&#046;\" \/>\n<meta property=\"og:url\" content=\"https:\/\/noti-america.com\/site\/mexico\/2019\/01\/15\/a-inicios-de-febrero-mexico-tendria-su-primer-fiscal-general\/\" \/>\n<meta property=\"og:site_name\" content=\"M\u00e9xico\" \/>\n<meta property=\"article:published_time\" content=\"2019-01-15T03:38:15+00:00\" \/>\n<meta property=\"og:image\" content=\"https:\/\/noti-america.com\/site\/mexico\/wp-content\/uploads\/sites\/13\/2019\/01\/164492-Principal.jpg\" \/>\n\t<meta property=\"og:image:width\" content=\"750\" \/>\n\t<meta property=\"og:image:height\" content=\"450\" \/>\n\t<meta property=\"og:image:type\" content=\"image\/jpeg\" \/>\n<meta name=\"author\" content=\"Redacci\u00f3n NA-NY\" \/>\n<meta name=\"twitter:card\" content=\"summary_large_image\" \/>\n<meta name=\"twitter:label1\" content=\"Escrito por\" \/>\n\t<meta name=\"twitter:data1\" content=\"Redacci\u00f3n NA-NY\" \/>\n\t<meta name=\"twitter:label2\" content=\"Tiempo estimado de lectura\" \/>\n\t<meta name=\"twitter:data2\" content=\"1 minuto\" \/>\n<script type=\"application\/ld+json\" class=\"yoast-schema-graph\">{\"@context\":\"https:\/\/schema.org\",\"@graph\":[{\"@type\":\"Article\",\"@id\":\"https:\/\/noti-america.com\/site\/mexico\/2019\/01\/15\/a-inicios-de-febrero-mexico-tendria-su-primer-fiscal-general\/#article\",\"isPartOf\":{\"@id\":\"https:\/\/noti-america.com\/site\/mexico\/2019\/01\/15\/a-inicios-de-febrero-mexico-tendria-su-primer-fiscal-general\/\"},\"author\":{\"name\":\"Redacci\u00f3n NA-NY\",\"@id\":\"https:\/\/noti-america.com\/site\/mexico\/#\/schema\/person\/db5a6527aaddfc34b3753d557a1292f0\"},\"headline\":\"A inicios de febrero, M\u00e9xico tendr\u00eda su primer fiscal General\",\"datePublished\":\"2019-01-15T03:38:15+00:00\",\"mainEntityOfPage\":{\"@id\":\"https:\/\/noti-america.com\/site\/mexico\/2019\/01\/15\/a-inicios-de-febrero-mexico-tendria-su-primer-fiscal-general\/\"},\"wordCount\":234,\"commentCount\":0,\"publisher\":{\"@id\":\"https:\/\/noti-america.com\/site\/mexico\/#organization\"},\"image\":{\"@id\":\"https:\/\/noti-america.com\/site\/mexico\/2019\/01\/15\/a-inicios-de-febrero-mexico-tendria-su-primer-fiscal-general\/#primaryimage\"},\"thumbnailUrl\":\"https:\/\/noti-america.com\/site\/mexico\/wp-content\/uploads\/sites\/13\/2019\/01\/164492-Principal.jpg\",\"keywords\":[\"A inicios de febrero\",\"M\u00e9xico tendr\u00eda su primer fiscal General\"],\"articleSection\":[\"Uncategorized\"],\"inLanguage\":\"es\",\"potentialAction\":[{\"@type\":\"CommentAction\",\"name\":\"Comment\",\"target\":[\"https:\/\/noti-america.com\/site\/mexico\/2019\/01\/15\/a-inicios-de-febrero-mexico-tendria-su-primer-fiscal-general\/#respond\"]}]},{\"@type\":\"WebPage\",\"@id\":\"https:\/\/noti-america.com\/site\/mexico\/2019\/01\/15\/a-inicios-de-febrero-mexico-tendria-su-primer-fiscal-general\/\",\"url\":\"https:\/\/noti-america.com\/site\/mexico\/2019\/01\/15\/a-inicios-de-febrero-mexico-tendria-su-primer-fiscal-general\/\",\"name\":\"A inicios de febrero, M\u00e9xico tendr\u00eda su primer fiscal General - M\u00e9xico\",\"isPartOf\":{\"@id\":\"https:\/\/noti-america.com\/site\/mexico\/#website\"},\"primaryImageOfPage\":{\"@id\":\"https:\/\/noti-america.com\/site\/mexico\/2019\/01\/15\/a-inicios-de-febrero-mexico-tendria-su-primer-fiscal-general\/#primaryimage\"},\"image\":{\"@id\":\"https:\/\/noti-america.com\/site\/mexico\/2019\/01\/15\/a-inicios-de-febrero-mexico-tendria-su-primer-fiscal-general\/#primaryimage\"},\"thumbnailUrl\":\"https:\/\/noti-america.com\/site\/mexico\/wp-content\/uploads\/sites\/13\/2019\/01\/164492-Principal.jpg\",\"datePublished\":\"2019-01-15T03:38:15+00:00\",\"breadcrumb\":{\"@id\":\"https:\/\/noti-america.com\/site\/mexico\/2019\/01\/15\/a-inicios-de-febrero-mexico-tendria-su-primer-fiscal-general\/#breadcrumb\"},\"inLanguage\":\"es\",\"potentialAction\":[{\"@type\":\"ReadAction\",\"target\":[\"https:\/\/noti-america.com\/site\/mexico\/2019\/01\/15\/a-inicios-de-febrero-mexico-tendria-su-primer-fiscal-general\/\"]}]},{\"@type\":\"ImageObject\",\"inLanguage\":\"es\",\"@id\":\"https:\/\/noti-america.com\/site\/mexico\/2019\/01\/15\/a-inicios-de-febrero-mexico-tendria-su-primer-fiscal-general\/#primaryimage\",\"url\":\"https:\/\/noti-america.com\/site\/mexico\/wp-content\/uploads\/sites\/13\/2019\/01\/164492-Principal.jpg\",\"contentUrl\":\"https:\/\/noti-america.com\/site\/mexico\/wp-content\/uploads\/sites\/13\/2019\/01\/164492-Principal.jpg\",\"width\":750,\"height\":450},{\"@type\":\"BreadcrumbList\",\"@id\":\"https:\/\/noti-america.com\/site\/mexico\/2019\/01\/15\/a-inicios-de-febrero-mexico-tendria-su-primer-fiscal-general\/#breadcrumb\",\"itemListElement\":[{\"@type\":\"ListItem\",\"position\":1,\"name\":\"Portada\",\"item\":\"https:\/\/noti-america.com\/site\/mexico\/\"},{\"@type\":\"ListItem\",\"position\":2,\"name\":\"A inicios de febrero, M\u00e9xico tendr\u00eda su primer fiscal General\"}]},{\"@type\":\"WebSite\",\"@id\":\"https:\/\/noti-america.com\/site\/mexico\/#website\",\"url\":\"https:\/\/noti-america.com\/site\/mexico\/\",\"name\":\"M\u00e9xico | Noti-America.com\",\"description\":\"\",\"publisher\":{\"@id\":\"https:\/\/noti-america.com\/site\/mexico\/#organization\"},\"potentialAction\":[{\"@type\":\"SearchAction\",\"target\":{\"@type\":\"EntryPoint\",\"urlTemplate\":\"https:\/\/noti-america.com\/site\/mexico\/?s={search_term_string}\"},\"query-input\":{\"@type\":\"PropertyValueSpecification\",\"valueRequired\":true,\"valueName\":\"search_term_string\"}}],\"inLanguage\":\"es\"},{\"@type\":\"Organization\",\"@id\":\"https:\/\/noti-america.com\/site\/mexico\/#organization\",\"name\":\"Noti-America LLC | M\u00e9xico\",\"url\":\"https:\/\/noti-america.com\/site\/mexico\/\",\"logo\":{\"@type\":\"ImageObject\",\"inLanguage\":\"es\",\"@id\":\"https:\/\/noti-america.com\/site\/mexico\/#\/schema\/logo\/image\/\",\"url\":\"https:\/\/noti-america.com\/site\/mexico\/wp-content\/uploads\/sites\/13\/2020\/07\/LogoNA-4x3-1.jpg\",\"contentUrl\":\"https:\/\/noti-america.com\/site\/mexico\/wp-content\/uploads\/sites\/13\/2020\/07\/LogoNA-4x3-1.jpg\",\"width\":1236,\"height\":1080,\"caption\":\"Noti-America LLC | M\u00e9xico\"},\"image\":{\"@id\":\"https:\/\/noti-america.com\/site\/mexico\/#\/schema\/logo\/image\/\"}},{\"@type\":\"Person\",\"@id\":\"https:\/\/noti-america.com\/site\/mexico\/#\/schema\/person\/db5a6527aaddfc34b3753d557a1292f0\",\"name\":\"Redacci\u00f3n NA-NY\",\"image\":{\"@type\":\"ImageObject\",\"inLanguage\":\"es\",\"@id\":\"https:\/\/secure.gravatar.com\/avatar\/2bd75bb500a8deb1390f777293a9af32d934c46613d2fbac7cceb2aaa2679ae8?s=96&d=mm&r=g\",\"url\":\"https:\/\/secure.gravatar.com\/avatar\/2bd75bb500a8deb1390f777293a9af32d934c46613d2fbac7cceb2aaa2679ae8?s=96&d=mm&r=g\",\"contentUrl\":\"https:\/\/secure.gravatar.com\/avatar\/2bd75bb500a8deb1390f777293a9af32d934c46613d2fbac7cceb2aaa2679ae8?s=96&d=mm&r=g\",\"caption\":\"Redacci\u00f3n NA-NY\"},\"url\":\"https:\/\/noti-america.com\/site\/mexico\/author\/redaccionny\/\"}]}<\/script>\n<!-- \/ Yoast SEO Premium plugin. -->","yoast_head_json":{"title":"A inicios de febrero, M\u00e9xico tendr\u00eda su primer fiscal General - M\u00e9xico","robots":{"index":"index","follow":"follow","max-snippet":"max-snippet:-1","max-image-preview":"max-image-preview:large","max-video-preview":"max-video-preview:-1"},"canonical":"https:\/\/noti-america.com\/site\/mexico\/2019\/01\/15\/a-inicios-de-febrero-mexico-tendria-su-primer-fiscal-general\/","og_locale":"es_ES","og_type":"article","og_title":"A inicios de febrero, M\u00e9xico tendr\u00eda su primer fiscal General","og_description":"Fuente:\u00a0\u00a0https:\/\/www.unotv.com\/noticias\/ &nbsp; A inicios de febrero, el\u00a0Senado de la Rep\u00fablica\u00a0nombrar\u00eda al primer fiscal General de la Rep\u00fablica\u00a0(FGR), anot\u00f3 este lunes el legislador de\u00a0Movimiento Regeneraci\u00f3n Nacional\u00a0(Morena) y tambi\u00e9n presidente de la Mesa Directiva\u00a0de la\u00a0C\u00e1mara Alta,\u00a0Mart\u00ed&#46;&#46;&#46;","og_url":"https:\/\/noti-america.com\/site\/mexico\/2019\/01\/15\/a-inicios-de-febrero-mexico-tendria-su-primer-fiscal-general\/","og_site_name":"M\u00e9xico","article_published_time":"2019-01-15T03:38:15+00:00","og_image":[{"width":750,"height":450,"url":"https:\/\/noti-america.com\/site\/mexico\/wp-content\/uploads\/sites\/13\/2019\/01\/164492-Principal.jpg","type":"image\/jpeg"}],"author":"Redacci\u00f3n NA-NY","twitter_card":"summary_large_image","twitter_misc":{"Escrito por":"Redacci\u00f3n NA-NY","Tiempo estimado de lectura":"1 minuto"},"schema":{"@context":"https:\/\/schema.org","@graph":[{"@type":"Article","@id":"https:\/\/noti-america.com\/site\/mexico\/2019\/01\/15\/a-inicios-de-febrero-mexico-tendria-su-primer-fiscal-general\/#article","isPartOf":{"@id":"https:\/\/noti-america.com\/site\/mexico\/2019\/01\/15\/a-inicios-de-febrero-mexico-tendria-su-primer-fiscal-general\/"},"author":{"name":"Redacci\u00f3n NA-NY","@id":"https:\/\/noti-america.com\/site\/mexico\/#\/schema\/person\/db5a6527aaddfc34b3753d557a1292f0"},"headline":"A inicios de febrero, M\u00e9xico tendr\u00eda su primer fiscal General","datePublished":"2019-01-15T03:38:15+00:00","mainEntityOfPage":{"@id":"https:\/\/noti-america.com\/site\/mexico\/2019\/01\/15\/a-inicios-de-febrero-mexico-tendria-su-primer-fiscal-general\/"},"wordCount":234,"commentCount":0,"publisher":{"@id":"https:\/\/noti-america.com\/site\/mexico\/#organization"},"image":{"@id":"https:\/\/noti-america.com\/site\/mexico\/2019\/01\/15\/a-inicios-de-febrero-mexico-tendria-su-primer-fiscal-general\/#primaryimage"},"thumbnailUrl":"https:\/\/noti-america.com\/site\/mexico\/wp-content\/uploads\/sites\/13\/2019\/01\/164492-Principal.jpg","keywords":["A inicios de febrero","M\u00e9xico tendr\u00eda su primer fiscal General"],"articleSection":["Uncategorized"],"inLanguage":"es","potentialAction":[{"@type":"CommentAction","name":"Comment","target":["https:\/\/noti-america.com\/site\/mexico\/2019\/01\/15\/a-inicios-de-febrero-mexico-tendria-su-primer-fiscal-general\/#respond"]}]},{"@type":"WebPage","@id":"https:\/\/noti-america.com\/site\/mexico\/2019\/01\/15\/a-inicios-de-febrero-mexico-tendria-su-primer-fiscal-general\/","url":"https:\/\/noti-america.com\/site\/mexico\/2019\/01\/15\/a-inicios-de-febrero-mexico-tendria-su-primer-fiscal-general\/","name":"A inicios de febrero, M\u00e9xico tendr\u00eda su primer fiscal General - M\u00e9xico","isPartOf":{"@id":"https:\/\/noti-america.com\/site\/mexico\/#website"},"primaryImageOfPage":{"@id":"https:\/\/noti-america.com\/site\/mexico\/2019\/01\/15\/a-inicios-de-febrero-mexico-tendria-su-primer-fiscal-general\/#primaryimage"},"image":{"@id":"https:\/\/noti-america.com\/site\/mexico\/2019\/01\/15\/a-inicios-de-febrero-mexico-tendria-su-primer-fiscal-general\/#primaryimage"},"thumbnailUrl":"https:\/\/noti-america.com\/site\/mexico\/wp-content\/uploads\/sites\/13\/2019\/01\/164492-Principal.jpg","datePublished":"2019-01-15T03:38:15+00:00","breadcrumb":{"@id":"https:\/\/noti-america.com\/site\/mexico\/2019\/01\/15\/a-inicios-de-febrero-mexico-tendria-su-primer-fiscal-general\/#breadcrumb"},"inLanguage":"es","potentialAction":[{"@type":"ReadAction","target":["https:\/\/noti-america.com\/site\/mexico\/2019\/01\/15\/a-inicios-de-febrero-mexico-tendria-su-primer-fiscal-general\/"]}]},{"@type":"ImageObject","inLanguage":"es","@id":"https:\/\/noti-america.com\/site\/mexico\/2019\/01\/15\/a-inicios-de-febrero-mexico-tendria-su-primer-fiscal-general\/#primaryimage","url":"https:\/\/noti-america.com\/site\/mexico\/wp-content\/uploads\/sites\/13\/2019\/01\/164492-Principal.jpg","contentUrl":"https:\/\/noti-america.com\/site\/mexico\/wp-content\/uploads\/sites\/13\/2019\/01\/164492-Principal.jpg","width":750,"height":450},{"@type":"BreadcrumbList","@id":"https:\/\/noti-america.com\/site\/mexico\/2019\/01\/15\/a-inicios-de-febrero-mexico-tendria-su-primer-fiscal-general\/#breadcrumb","itemListElement":[{"@type":"ListItem","position":1,"name":"Portada","item":"https:\/\/noti-america.com\/site\/mexico\/"},{"@type":"ListItem","position":2,"name":"A inicios de febrero, M\u00e9xico tendr\u00eda su primer fiscal General"}]},{"@type":"WebSite","@id":"https:\/\/noti-america.com\/site\/mexico\/#website","url":"https:\/\/noti-america.com\/site\/mexico\/","name":"M\u00e9xico | Noti-America.com","description":"","publisher":{"@id":"https:\/\/noti-america.com\/site\/mexico\/#organization"},"potentialAction":[{"@type":"SearchAction","target":{"@type":"EntryPoint","urlTemplate":"https:\/\/noti-america.com\/site\/mexico\/?s={search_term_string}"},"query-input":{"@type":"PropertyValueSpecification","valueRequired":true,"valueName":"search_term_string"}}],"inLanguage":"es"},{"@type":"Organization","@id":"https:\/\/noti-america.com\/site\/mexico\/#organization","name":"Noti-America LLC | M\u00e9xico","url":"https:\/\/noti-america.com\/site\/mexico\/","logo":{"@type":"ImageObject","inLanguage":"es","@id":"https:\/\/noti-america.com\/site\/mexico\/#\/schema\/logo\/image\/","url":"https:\/\/noti-america.com\/site\/mexico\/wp-content\/uploads\/sites\/13\/2020\/07\/LogoNA-4x3-1.jpg","contentUrl":"https:\/\/noti-america.com\/site\/mexico\/wp-content\/uploads\/sites\/13\/2020\/07\/LogoNA-4x3-1.jpg","width":1236,"height":1080,"caption":"Noti-America LLC | M\u00e9xico"},"image":{"@id":"https:\/\/noti-america.com\/site\/mexico\/#\/schema\/logo\/image\/"}},{"@type":"Person","@id":"https:\/\/noti-america.com\/site\/mexico\/#\/schema\/person\/db5a6527aaddfc34b3753d557a1292f0","name":"Redacci\u00f3n NA-NY","image":{"@type":"ImageObject","inLanguage":"es","@id":"https:\/\/secure.gravatar.com\/avatar\/2bd75bb500a8deb1390f777293a9af32d934c46613d2fbac7cceb2aaa2679ae8?s=96&d=mm&r=g","url":"https:\/\/secure.gravatar.com\/avatar\/2bd75bb500a8deb1390f777293a9af32d934c46613d2fbac7cceb2aaa2679ae8?s=96&d=mm&r=g","contentUrl":"https:\/\/secure.gravatar.com\/avatar\/2bd75bb500a8deb1390f777293a9af32d934c46613d2fbac7cceb2aaa2679ae8?s=96&d=mm&r=g","caption":"Redacci\u00f3n NA-NY"},"url":"https:\/\/noti-america.com\/site\/mexico\/author\/redaccionny\/"}]}},"_links":{"self":[{"href":"https:\/\/noti-america.com\/site\/mexico\/wp-json\/wp\/v2\/posts\/2468","targetHints":{"allow":["GET"]}}],"collection":[{"href":"https:\/\/noti-america.com\/site\/mexico\/wp-json\/wp\/v2\/posts"}],"about":[{"href":"https:\/\/noti-america.com\/site\/mexico\/wp-json\/wp\/v2\/types\/post"}],"author":[{"embeddable":true,"href":"https:\/\/noti-america.com\/site\/mexico\/wp-json\/wp\/v2\/users\/28"}],"replies":[{"embeddable":true,"href":"https:\/\/noti-america.com\/site\/mexico\/wp-json\/wp\/v2\/comments?post=2468"}],"version-history":[{"count":1,"href":"https:\/\/noti-america.com\/site\/mexico\/wp-json\/wp\/v2\/posts\/2468\/revisions"}],"predecessor-version":[{"id":2470,"href":"https:\/\/noti-america.com\/site\/mexico\/wp-json\/wp\/v2\/posts\/2468\/revisions\/2470"}],"wp:featuredmedia":[{"embeddable":true,"href":"https:\/\/noti-america.com\/site\/mexico\/wp-json\/wp\/v2\/media\/2469"}],"wp:attachment":[{"href":"https:\/\/noti-america.com\/site\/mexico\/wp-json\/wp\/v2\/media?parent=2468"}],"wp:term":[{"taxonomy":"category","embeddable":true,"href":"https:\/\/noti-america.com\/site\/mexico\/wp-json\/wp\/v2\/categories?post=2468"},{"taxonomy":"post_tag","embeddable":true,"href":"https:\/\/noti-america.com\/site\/mexico\/wp-json\/wp\/v2\/tags?post=2468"}],"curies":[{"name":"wp","href":"https:\/\/api.w.org\/{rel}","templated":true}]}}