{"id":2445,"date":"2019-01-14T05:02:54","date_gmt":"2019-01-14T05:02:54","guid":{"rendered":"http:\/\/noti-america.com\/site\/mexico\/?p=2445"},"modified":"2019-01-14T05:02:54","modified_gmt":"2019-01-14T05:02:54","slug":"activan-alerta-amarilla-por-lluvia-y-granizo-en-seis-alcaldias-de-la-cdmx","status":"publish","type":"post","link":"https:\/\/noti-america.com\/site\/mexico\/2019\/01\/14\/activan-alerta-amarilla-por-lluvia-y-granizo-en-seis-alcaldias-de-la-cdmx\/","title":{"rendered":"Activan alerta amarilla por lluvia y granizo en seis alcald\u00edas de la CDMX"},"content":{"rendered":"<h3><img loading=\"lazy\" decoding=\"async\" class=\" wp-image-2446 aligncenter\" src=\"http:\/\/noti-america.com\/site\/mexico\/wp-content\/uploads\/sites\/13\/2019\/01\/2080334-300x225.jpg\" alt=\"\" width=\"527\" height=\"395\" srcset=\"https:\/\/noti-america.com\/site\/mexico\/wp-content\/uploads\/sites\/13\/2019\/01\/2080334-300x225.jpg 300w, https:\/\/noti-america.com\/site\/mexico\/wp-content\/uploads\/sites\/13\/2019\/01\/2080334.jpg 664w\" sizes=\"auto, (max-width: 527px) 100vw, 527px\" \/><\/h3>\n<h3><\/h3>\n<h3><\/h3>\n<h3><\/h3>\n<h3>Fuente:\u00a0\u00a0https:\/\/www.excelsior.com.mx\/<\/h3>\n<p>&nbsp;<\/p>\n<p class=\"letter-capitular\">Por pron\u00f3stico de lluvia y ca\u00edda de granizo en seis alcald\u00edas de la capital se activ\u00f3 la\u00a0alerta amarilla, inform\u00f3 la Secretar\u00eda de Gesti\u00f3n Integral de Riesgos y Protecci\u00f3n Civil.<\/p>\n<p>En su cuenta de Twitter @SPCCDMX, la dependencia local detall\u00f3 que dicha medida es para\u00a0Azcapotzalco, Gustavo A. Madero, Iztacalco, Iztapalapa, Tl\u00e1huac y Venustiano Carranza.<\/p>\n<p>Por ello se prev\u00e9n precipitaciones entre 10 a 29 mil\u00edmetros y ca\u00edda de granizo de las 18:00 a las 21:00 horas.<\/p>\n<p>&nbsp;<\/p>\n<h3>ENCHARCAMIENTOS EN DIFERENTES PUNTOS DE LA CDMX<\/h3>\n<p>&nbsp;<\/p>\n<p>Al menos cuatro encharcamientos se han originado hasta el momento en Iztapalapa por la\u00a0lluvia\u00a0que cae este domingo en la zona, as\u00ed como en diversos puntos de la capital.<\/p>\n<p>El Centro de Comando, Control, C\u00f3mputo, Comunicaciones y Contacto Ciudadano de la Ciudad de M\u00e9xico detall\u00f3 que hay una\u00a0anegaci\u00f3n\u00a0sobre Ermita Iztapalapa y Eje 6 Sur, colonia Segunda Ampliaci\u00f3n Santiago Acahualtepec, en Iztapalapa.<\/p>\n<p>En su cuenta de Twitter @C5_CDMX, abund\u00f3 que se registran\u00a0dos encharcamientos m\u00e1s; el primero en un carril de Avenida Texcoco y Marcos L\u00f3pez Jim\u00e9nez, colonia Santa Marta Acatitla, y el otro en la lateral de Calzada Ignacio Zaragoza y Jos\u00e9 Indelicato, colonia Pueblo de Santa Martha Acatitla, ambos en Iztapalapa.<\/p>\n<p>En la misma demarcaci\u00f3n la\u00a0lluvia\u00a0ocasion\u00f3 otra anegaci\u00f3n sobre Amador Salazar e Independencia, colonia Pueblo de Santa Martha Acatitla.<\/p>\n<p>En la red social agreg\u00f3 que\u00a0llueve\u00a0en \u00c1lvaro Obreg\u00f3n, Coyoac\u00e1n, Iztapalapa, Milpa Alta, Tl\u00e1huac y Xochimilco.<\/p>\n<p>A su vez, el Centro de Informaci\u00f3n Vial de la Secretar\u00eda de Seguridad Ciudadana capitalina report\u00f3 que hay\u00a0precipitaci\u00f3n pluvial\u00a0en Calzada Ermita Iztapalapa, Eje 6 Sur y Anillo Perif\u00e9rico, adem\u00e1s en Avenida Revoluci\u00f3n, Divisi\u00f3n del Norte, Insurgentes y Patriotismo.<\/p>\n<p>En su cuenta @OVIALCDMX pidi\u00f3 a los automovilistas respetar los l\u00edmites de velocidad establecidos y utilizar el cintur\u00f3n de seguridad.<\/p>\n<p>&nbsp;<\/p>\n<h3>MARCHA LENTA DE TRENES EN SIETE L\u00cdNEAS DEL METRO<\/h3>\n<p>&nbsp;<\/p>\n<p>En siete l\u00edneas del Sistema de Transporte Colectivo (STC)\u00a0Metro\u00a0se activ\u00f3 la marcha de seguridad debido a la\u00a0lluvia\u00a0que cae en la Ciudad de M\u00e9xico y Zona Metropolitana.<\/p>\n<p>Dicha medida se aplica en las\u00a0l\u00edneas 2, 3, 4, 5, 8, A y B,\u00a0detall\u00f3 el STC en su cuenta de Twitter @MetroCDMX.<\/p>\n<p>El Metro recomend\u00f3 a los usuarios tomar las precauciones pertinentes, ya que el avance de los trenes es lento.<\/p>\n","protected":false},"excerpt":{"rendered":"<p>Fuente:\u00a0\u00a0https:\/\/www.excelsior.com.mx\/ &nbsp; Por pron\u00f3stico de lluvia y ca\u00edda de granizo en seis alcald\u00edas de la capital se activ\u00f3 la\u00a0alerta amarilla, inform\u00f3 la Secretar\u00eda de Gesti\u00f3n Integral de Riesgos y Protecci\u00f3n Civil. En su cuenta&#46;&#46;&#46;<\/p>\n","protected":false},"author":28,"featured_media":2446,"comment_status":"open","ping_status":"open","sticky":false,"template":"","format":"standard","meta":{"_acf_changed":false,"om_disable_all_campaigns":false,"rop_custom_images_group":[],"rop_custom_messages_group":[],"rop_publish_now":"initial","rop_publish_now_accounts":{"twitter_242054905_242054905":""},"rop_publish_now_history":[],"rop_publish_now_status":"pending","_uf_show_specific_survey":0,"_uf_disable_surveys":false,"footnotes":""},"categories":[1],"tags":[238],"class_list":["post-2445","post","type-post","status-publish","format-standard","has-post-thumbnail","hentry","category-uncategorized","tag-activan-alerta-amarilla-por-lluvia-y-granizo-en-seis-alcaldias-de-la-cdmx"],"acf":[],"aioseo_notices":[],"yoast_head":"<!-- This site is optimized with the Yoast SEO Premium plugin v24.9 (Yoast SEO v27.2) - https:\/\/yoast.com\/product\/yoast-seo-premium-wordpress\/ -->\n<title>Activan alerta amarilla por lluvia y granizo en seis alcald\u00edas de la CDMX - M\u00e9xico<\/title>\n<meta name=\"robots\" content=\"index, follow, max-snippet:-1, max-image-preview:large, max-video-preview:-1\" \/>\n<link rel=\"canonical\" href=\"https:\/\/noti-america.com\/site\/mexico\/2019\/01\/14\/activan-alerta-amarilla-por-lluvia-y-granizo-en-seis-alcaldias-de-la-cdmx\/\" \/>\n<meta property=\"og:locale\" content=\"es_ES\" \/>\n<meta property=\"og:type\" content=\"article\" \/>\n<meta property=\"og:title\" content=\"Activan alerta amarilla por lluvia y granizo en seis alcald\u00edas de la CDMX\" \/>\n<meta property=\"og:description\" content=\"Fuente:\u00a0\u00a0https:\/\/www.excelsior.com.mx\/ &nbsp; Por pron\u00f3stico de lluvia y ca\u00edda de granizo en seis alcald\u00edas de la capital se activ\u00f3 la\u00a0alerta amarilla, inform\u00f3 la Secretar\u00eda de Gesti\u00f3n Integral de Riesgos y Protecci\u00f3n Civil. En su cuenta&#046;&#046;&#046;\" \/>\n<meta property=\"og:url\" content=\"https:\/\/noti-america.com\/site\/mexico\/2019\/01\/14\/activan-alerta-amarilla-por-lluvia-y-granizo-en-seis-alcaldias-de-la-cdmx\/\" \/>\n<meta property=\"og:site_name\" content=\"M\u00e9xico\" \/>\n<meta property=\"article:published_time\" content=\"2019-01-14T05:02:54+00:00\" \/>\n<meta property=\"og:image\" content=\"https:\/\/noti-america.com\/site\/mexico\/wp-content\/uploads\/sites\/13\/2019\/01\/2080334.jpg\" \/>\n\t<meta property=\"og:image:width\" content=\"664\" \/>\n\t<meta property=\"og:image:height\" content=\"498\" \/>\n\t<meta property=\"og:image:type\" content=\"image\/jpeg\" \/>\n<meta name=\"author\" content=\"Redacci\u00f3n NA-NY\" \/>\n<meta name=\"twitter:card\" content=\"summary_large_image\" \/>\n<meta name=\"twitter:label1\" content=\"Escrito por\" \/>\n\t<meta name=\"twitter:data1\" content=\"Redacci\u00f3n NA-NY\" \/>\n\t<meta name=\"twitter:label2\" content=\"Tiempo estimado de lectura\" \/>\n\t<meta name=\"twitter:data2\" content=\"2 minutos\" \/>\n<script type=\"application\/ld+json\" class=\"yoast-schema-graph\">{\"@context\":\"https:\/\/schema.org\",\"@graph\":[{\"@type\":\"Article\",\"@id\":\"https:\/\/noti-america.com\/site\/mexico\/2019\/01\/14\/activan-alerta-amarilla-por-lluvia-y-granizo-en-seis-alcaldias-de-la-cdmx\/#article\",\"isPartOf\":{\"@id\":\"https:\/\/noti-america.com\/site\/mexico\/2019\/01\/14\/activan-alerta-amarilla-por-lluvia-y-granizo-en-seis-alcaldias-de-la-cdmx\/\"},\"author\":{\"name\":\"Redacci\u00f3n NA-NY\",\"@id\":\"https:\/\/noti-america.com\/site\/mexico\/#\/schema\/person\/db5a6527aaddfc34b3753d557a1292f0\"},\"headline\":\"Activan alerta amarilla por lluvia y granizo en seis alcald\u00edas de la CDMX\",\"datePublished\":\"2019-01-14T05:02:54+00:00\",\"mainEntityOfPage\":{\"@id\":\"https:\/\/noti-america.com\/site\/mexico\/2019\/01\/14\/activan-alerta-amarilla-por-lluvia-y-granizo-en-seis-alcaldias-de-la-cdmx\/\"},\"wordCount\":427,\"commentCount\":0,\"publisher\":{\"@id\":\"https:\/\/noti-america.com\/site\/mexico\/#organization\"},\"image\":{\"@id\":\"https:\/\/noti-america.com\/site\/mexico\/2019\/01\/14\/activan-alerta-amarilla-por-lluvia-y-granizo-en-seis-alcaldias-de-la-cdmx\/#primaryimage\"},\"thumbnailUrl\":\"https:\/\/noti-america.com\/site\/mexico\/wp-content\/uploads\/sites\/13\/2019\/01\/2080334.jpg\",\"keywords\":[\"Activan alerta amarilla por lluvia y granizo en seis alcald\u00edas de la CDMX\"],\"articleSection\":[\"Uncategorized\"],\"inLanguage\":\"es\",\"potentialAction\":[{\"@type\":\"CommentAction\",\"name\":\"Comment\",\"target\":[\"https:\/\/noti-america.com\/site\/mexico\/2019\/01\/14\/activan-alerta-amarilla-por-lluvia-y-granizo-en-seis-alcaldias-de-la-cdmx\/#respond\"]}]},{\"@type\":\"WebPage\",\"@id\":\"https:\/\/noti-america.com\/site\/mexico\/2019\/01\/14\/activan-alerta-amarilla-por-lluvia-y-granizo-en-seis-alcaldias-de-la-cdmx\/\",\"url\":\"https:\/\/noti-america.com\/site\/mexico\/2019\/01\/14\/activan-alerta-amarilla-por-lluvia-y-granizo-en-seis-alcaldias-de-la-cdmx\/\",\"name\":\"Activan alerta amarilla por lluvia y granizo en seis alcald\u00edas de la CDMX - M\u00e9xico\",\"isPartOf\":{\"@id\":\"https:\/\/noti-america.com\/site\/mexico\/#website\"},\"primaryImageOfPage\":{\"@id\":\"https:\/\/noti-america.com\/site\/mexico\/2019\/01\/14\/activan-alerta-amarilla-por-lluvia-y-granizo-en-seis-alcaldias-de-la-cdmx\/#primaryimage\"},\"image\":{\"@id\":\"https:\/\/noti-america.com\/site\/mexico\/2019\/01\/14\/activan-alerta-amarilla-por-lluvia-y-granizo-en-seis-alcaldias-de-la-cdmx\/#primaryimage\"},\"thumbnailUrl\":\"https:\/\/noti-america.com\/site\/mexico\/wp-content\/uploads\/sites\/13\/2019\/01\/2080334.jpg\",\"datePublished\":\"2019-01-14T05:02:54+00:00\",\"breadcrumb\":{\"@id\":\"https:\/\/noti-america.com\/site\/mexico\/2019\/01\/14\/activan-alerta-amarilla-por-lluvia-y-granizo-en-seis-alcaldias-de-la-cdmx\/#breadcrumb\"},\"inLanguage\":\"es\",\"potentialAction\":[{\"@type\":\"ReadAction\",\"target\":[\"https:\/\/noti-america.com\/site\/mexico\/2019\/01\/14\/activan-alerta-amarilla-por-lluvia-y-granizo-en-seis-alcaldias-de-la-cdmx\/\"]}]},{\"@type\":\"ImageObject\",\"inLanguage\":\"es\",\"@id\":\"https:\/\/noti-america.com\/site\/mexico\/2019\/01\/14\/activan-alerta-amarilla-por-lluvia-y-granizo-en-seis-alcaldias-de-la-cdmx\/#primaryimage\",\"url\":\"https:\/\/noti-america.com\/site\/mexico\/wp-content\/uploads\/sites\/13\/2019\/01\/2080334.jpg\",\"contentUrl\":\"https:\/\/noti-america.com\/site\/mexico\/wp-content\/uploads\/sites\/13\/2019\/01\/2080334.jpg\",\"width\":664,\"height\":498},{\"@type\":\"BreadcrumbList\",\"@id\":\"https:\/\/noti-america.com\/site\/mexico\/2019\/01\/14\/activan-alerta-amarilla-por-lluvia-y-granizo-en-seis-alcaldias-de-la-cdmx\/#breadcrumb\",\"itemListElement\":[{\"@type\":\"ListItem\",\"position\":1,\"name\":\"Portada\",\"item\":\"https:\/\/noti-america.com\/site\/mexico\/\"},{\"@type\":\"ListItem\",\"position\":2,\"name\":\"Activan alerta amarilla por lluvia y granizo en seis alcald\u00edas de la CDMX\"}]},{\"@type\":\"WebSite\",\"@id\":\"https:\/\/noti-america.com\/site\/mexico\/#website\",\"url\":\"https:\/\/noti-america.com\/site\/mexico\/\",\"name\":\"M\u00e9xico | Noti-America.com\",\"description\":\"\",\"publisher\":{\"@id\":\"https:\/\/noti-america.com\/site\/mexico\/#organization\"},\"potentialAction\":[{\"@type\":\"SearchAction\",\"target\":{\"@type\":\"EntryPoint\",\"urlTemplate\":\"https:\/\/noti-america.com\/site\/mexico\/?s={search_term_string}\"},\"query-input\":{\"@type\":\"PropertyValueSpecification\",\"valueRequired\":true,\"valueName\":\"search_term_string\"}}],\"inLanguage\":\"es\"},{\"@type\":\"Organization\",\"@id\":\"https:\/\/noti-america.com\/site\/mexico\/#organization\",\"name\":\"Noti-America LLC | M\u00e9xico\",\"url\":\"https:\/\/noti-america.com\/site\/mexico\/\",\"logo\":{\"@type\":\"ImageObject\",\"inLanguage\":\"es\",\"@id\":\"https:\/\/noti-america.com\/site\/mexico\/#\/schema\/logo\/image\/\",\"url\":\"https:\/\/noti-america.com\/site\/mexico\/wp-content\/uploads\/sites\/13\/2020\/07\/LogoNA-4x3-1.jpg\",\"contentUrl\":\"https:\/\/noti-america.com\/site\/mexico\/wp-content\/uploads\/sites\/13\/2020\/07\/LogoNA-4x3-1.jpg\",\"width\":1236,\"height\":1080,\"caption\":\"Noti-America LLC | M\u00e9xico\"},\"image\":{\"@id\":\"https:\/\/noti-america.com\/site\/mexico\/#\/schema\/logo\/image\/\"}},{\"@type\":\"Person\",\"@id\":\"https:\/\/noti-america.com\/site\/mexico\/#\/schema\/person\/db5a6527aaddfc34b3753d557a1292f0\",\"name\":\"Redacci\u00f3n NA-NY\",\"image\":{\"@type\":\"ImageObject\",\"inLanguage\":\"es\",\"@id\":\"https:\/\/secure.gravatar.com\/avatar\/2bd75bb500a8deb1390f777293a9af32d934c46613d2fbac7cceb2aaa2679ae8?s=96&d=mm&r=g\",\"url\":\"https:\/\/secure.gravatar.com\/avatar\/2bd75bb500a8deb1390f777293a9af32d934c46613d2fbac7cceb2aaa2679ae8?s=96&d=mm&r=g\",\"contentUrl\":\"https:\/\/secure.gravatar.com\/avatar\/2bd75bb500a8deb1390f777293a9af32d934c46613d2fbac7cceb2aaa2679ae8?s=96&d=mm&r=g\",\"caption\":\"Redacci\u00f3n NA-NY\"},\"url\":\"https:\/\/noti-america.com\/site\/mexico\/author\/redaccionny\/\"}]}<\/script>\n<!-- \/ Yoast SEO Premium plugin. -->","yoast_head_json":{"title":"Activan alerta amarilla por lluvia y granizo en seis alcald\u00edas de la CDMX - M\u00e9xico","robots":{"index":"index","follow":"follow","max-snippet":"max-snippet:-1","max-image-preview":"max-image-preview:large","max-video-preview":"max-video-preview:-1"},"canonical":"https:\/\/noti-america.com\/site\/mexico\/2019\/01\/14\/activan-alerta-amarilla-por-lluvia-y-granizo-en-seis-alcaldias-de-la-cdmx\/","og_locale":"es_ES","og_type":"article","og_title":"Activan alerta amarilla por lluvia y granizo en seis alcald\u00edas de la CDMX","og_description":"Fuente:\u00a0\u00a0https:\/\/www.excelsior.com.mx\/ &nbsp; Por pron\u00f3stico de lluvia y ca\u00edda de granizo en seis alcald\u00edas de la capital se activ\u00f3 la\u00a0alerta amarilla, inform\u00f3 la Secretar\u00eda de Gesti\u00f3n Integral de Riesgos y Protecci\u00f3n Civil. En su cuenta&#46;&#46;&#46;","og_url":"https:\/\/noti-america.com\/site\/mexico\/2019\/01\/14\/activan-alerta-amarilla-por-lluvia-y-granizo-en-seis-alcaldias-de-la-cdmx\/","og_site_name":"M\u00e9xico","article_published_time":"2019-01-14T05:02:54+00:00","og_image":[{"width":664,"height":498,"url":"https:\/\/noti-america.com\/site\/mexico\/wp-content\/uploads\/sites\/13\/2019\/01\/2080334.jpg","type":"image\/jpeg"}],"author":"Redacci\u00f3n NA-NY","twitter_card":"summary_large_image","twitter_misc":{"Escrito por":"Redacci\u00f3n NA-NY","Tiempo estimado de lectura":"2 minutos"},"schema":{"@context":"https:\/\/schema.org","@graph":[{"@type":"Article","@id":"https:\/\/noti-america.com\/site\/mexico\/2019\/01\/14\/activan-alerta-amarilla-por-lluvia-y-granizo-en-seis-alcaldias-de-la-cdmx\/#article","isPartOf":{"@id":"https:\/\/noti-america.com\/site\/mexico\/2019\/01\/14\/activan-alerta-amarilla-por-lluvia-y-granizo-en-seis-alcaldias-de-la-cdmx\/"},"author":{"name":"Redacci\u00f3n NA-NY","@id":"https:\/\/noti-america.com\/site\/mexico\/#\/schema\/person\/db5a6527aaddfc34b3753d557a1292f0"},"headline":"Activan alerta amarilla por lluvia y granizo en seis alcald\u00edas de la CDMX","datePublished":"2019-01-14T05:02:54+00:00","mainEntityOfPage":{"@id":"https:\/\/noti-america.com\/site\/mexico\/2019\/01\/14\/activan-alerta-amarilla-por-lluvia-y-granizo-en-seis-alcaldias-de-la-cdmx\/"},"wordCount":427,"commentCount":0,"publisher":{"@id":"https:\/\/noti-america.com\/site\/mexico\/#organization"},"image":{"@id":"https:\/\/noti-america.com\/site\/mexico\/2019\/01\/14\/activan-alerta-amarilla-por-lluvia-y-granizo-en-seis-alcaldias-de-la-cdmx\/#primaryimage"},"thumbnailUrl":"https:\/\/noti-america.com\/site\/mexico\/wp-content\/uploads\/sites\/13\/2019\/01\/2080334.jpg","keywords":["Activan alerta amarilla por lluvia y granizo en seis alcald\u00edas de la CDMX"],"articleSection":["Uncategorized"],"inLanguage":"es","potentialAction":[{"@type":"CommentAction","name":"Comment","target":["https:\/\/noti-america.com\/site\/mexico\/2019\/01\/14\/activan-alerta-amarilla-por-lluvia-y-granizo-en-seis-alcaldias-de-la-cdmx\/#respond"]}]},{"@type":"WebPage","@id":"https:\/\/noti-america.com\/site\/mexico\/2019\/01\/14\/activan-alerta-amarilla-por-lluvia-y-granizo-en-seis-alcaldias-de-la-cdmx\/","url":"https:\/\/noti-america.com\/site\/mexico\/2019\/01\/14\/activan-alerta-amarilla-por-lluvia-y-granizo-en-seis-alcaldias-de-la-cdmx\/","name":"Activan alerta amarilla por lluvia y granizo en seis alcald\u00edas de la CDMX - M\u00e9xico","isPartOf":{"@id":"https:\/\/noti-america.com\/site\/mexico\/#website"},"primaryImageOfPage":{"@id":"https:\/\/noti-america.com\/site\/mexico\/2019\/01\/14\/activan-alerta-amarilla-por-lluvia-y-granizo-en-seis-alcaldias-de-la-cdmx\/#primaryimage"},"image":{"@id":"https:\/\/noti-america.com\/site\/mexico\/2019\/01\/14\/activan-alerta-amarilla-por-lluvia-y-granizo-en-seis-alcaldias-de-la-cdmx\/#primaryimage"},"thumbnailUrl":"https:\/\/noti-america.com\/site\/mexico\/wp-content\/uploads\/sites\/13\/2019\/01\/2080334.jpg","datePublished":"2019-01-14T05:02:54+00:00","breadcrumb":{"@id":"https:\/\/noti-america.com\/site\/mexico\/2019\/01\/14\/activan-alerta-amarilla-por-lluvia-y-granizo-en-seis-alcaldias-de-la-cdmx\/#breadcrumb"},"inLanguage":"es","potentialAction":[{"@type":"ReadAction","target":["https:\/\/noti-america.com\/site\/mexico\/2019\/01\/14\/activan-alerta-amarilla-por-lluvia-y-granizo-en-seis-alcaldias-de-la-cdmx\/"]}]},{"@type":"ImageObject","inLanguage":"es","@id":"https:\/\/noti-america.com\/site\/mexico\/2019\/01\/14\/activan-alerta-amarilla-por-lluvia-y-granizo-en-seis-alcaldias-de-la-cdmx\/#primaryimage","url":"https:\/\/noti-america.com\/site\/mexico\/wp-content\/uploads\/sites\/13\/2019\/01\/2080334.jpg","contentUrl":"https:\/\/noti-america.com\/site\/mexico\/wp-content\/uploads\/sites\/13\/2019\/01\/2080334.jpg","width":664,"height":498},{"@type":"BreadcrumbList","@id":"https:\/\/noti-america.com\/site\/mexico\/2019\/01\/14\/activan-alerta-amarilla-por-lluvia-y-granizo-en-seis-alcaldias-de-la-cdmx\/#breadcrumb","itemListElement":[{"@type":"ListItem","position":1,"name":"Portada","item":"https:\/\/noti-america.com\/site\/mexico\/"},{"@type":"ListItem","position":2,"name":"Activan alerta amarilla por lluvia y granizo en seis alcald\u00edas de la CDMX"}]},{"@type":"WebSite","@id":"https:\/\/noti-america.com\/site\/mexico\/#website","url":"https:\/\/noti-america.com\/site\/mexico\/","name":"M\u00e9xico | Noti-America.com","description":"","publisher":{"@id":"https:\/\/noti-america.com\/site\/mexico\/#organization"},"potentialAction":[{"@type":"SearchAction","target":{"@type":"EntryPoint","urlTemplate":"https:\/\/noti-america.com\/site\/mexico\/?s={search_term_string}"},"query-input":{"@type":"PropertyValueSpecification","valueRequired":true,"valueName":"search_term_string"}}],"inLanguage":"es"},{"@type":"Organization","@id":"https:\/\/noti-america.com\/site\/mexico\/#organization","name":"Noti-America LLC | M\u00e9xico","url":"https:\/\/noti-america.com\/site\/mexico\/","logo":{"@type":"ImageObject","inLanguage":"es","@id":"https:\/\/noti-america.com\/site\/mexico\/#\/schema\/logo\/image\/","url":"https:\/\/noti-america.com\/site\/mexico\/wp-content\/uploads\/sites\/13\/2020\/07\/LogoNA-4x3-1.jpg","contentUrl":"https:\/\/noti-america.com\/site\/mexico\/wp-content\/uploads\/sites\/13\/2020\/07\/LogoNA-4x3-1.jpg","width":1236,"height":1080,"caption":"Noti-America LLC | M\u00e9xico"},"image":{"@id":"https:\/\/noti-america.com\/site\/mexico\/#\/schema\/logo\/image\/"}},{"@type":"Person","@id":"https:\/\/noti-america.com\/site\/mexico\/#\/schema\/person\/db5a6527aaddfc34b3753d557a1292f0","name":"Redacci\u00f3n NA-NY","image":{"@type":"ImageObject","inLanguage":"es","@id":"https:\/\/secure.gravatar.com\/avatar\/2bd75bb500a8deb1390f777293a9af32d934c46613d2fbac7cceb2aaa2679ae8?s=96&d=mm&r=g","url":"https:\/\/secure.gravatar.com\/avatar\/2bd75bb500a8deb1390f777293a9af32d934c46613d2fbac7cceb2aaa2679ae8?s=96&d=mm&r=g","contentUrl":"https:\/\/secure.gravatar.com\/avatar\/2bd75bb500a8deb1390f777293a9af32d934c46613d2fbac7cceb2aaa2679ae8?s=96&d=mm&r=g","caption":"Redacci\u00f3n NA-NY"},"url":"https:\/\/noti-america.com\/site\/mexico\/author\/redaccionny\/"}]}},"_links":{"self":[{"href":"https:\/\/noti-america.com\/site\/mexico\/wp-json\/wp\/v2\/posts\/2445","targetHints":{"allow":["GET"]}}],"collection":[{"href":"https:\/\/noti-america.com\/site\/mexico\/wp-json\/wp\/v2\/posts"}],"about":[{"href":"https:\/\/noti-america.com\/site\/mexico\/wp-json\/wp\/v2\/types\/post"}],"author":[{"embeddable":true,"href":"https:\/\/noti-america.com\/site\/mexico\/wp-json\/wp\/v2\/users\/28"}],"replies":[{"embeddable":true,"href":"https:\/\/noti-america.com\/site\/mexico\/wp-json\/wp\/v2\/comments?post=2445"}],"version-history":[{"count":1,"href":"https:\/\/noti-america.com\/site\/mexico\/wp-json\/wp\/v2\/posts\/2445\/revisions"}],"predecessor-version":[{"id":2447,"href":"https:\/\/noti-america.com\/site\/mexico\/wp-json\/wp\/v2\/posts\/2445\/revisions\/2447"}],"wp:featuredmedia":[{"embeddable":true,"href":"https:\/\/noti-america.com\/site\/mexico\/wp-json\/wp\/v2\/media\/2446"}],"wp:attachment":[{"href":"https:\/\/noti-america.com\/site\/mexico\/wp-json\/wp\/v2\/media?parent=2445"}],"wp:term":[{"taxonomy":"category","embeddable":true,"href":"https:\/\/noti-america.com\/site\/mexico\/wp-json\/wp\/v2\/categories?post=2445"},{"taxonomy":"post_tag","embeddable":true,"href":"https:\/\/noti-america.com\/site\/mexico\/wp-json\/wp\/v2\/tags?post=2445"}],"curies":[{"name":"wp","href":"https:\/\/api.w.org\/{rel}","templated":true}]}}